{"id":112397,"date":"2026-02-01T22:00:22","date_gmt":"2026-02-01T22:00:22","guid":{"rendered":"https:\/\/jornaldasoficinas.com\/pt\/?p=112397"},"modified":"2026-02-01T22:02:22","modified_gmt":"2026-02-01T22:02:22","slug":"as-tendencias-do-aftermarket-portugues","status":"publish","type":"post","link":"https:\/\/jornaldasoficinas.com\/pt\/as-tendencias-do-aftermarket-portugues\/","title":{"rendered":"As Tend\u00eancias do Aftermarket Portugu\u00eas"},"content":{"rendered":"<p><img loading=\"lazy\" decoding=\"async\" class=\"alignnone size-full wp-image-112403\" src=\"https:\/\/jornaldasoficinas.com\/pt\/wp-content\/uploads\/2026\/01\/Tendencias-aftermarket-portugues.jpeg\" alt=\"01 - Tendencias aftermarket portugues\" width=\"1024\" height=\"581\" srcset=\"https:\/\/jornaldasoficinas.com\/pt\/wp-content\/uploads\/2026\/01\/Tendencias-aftermarket-portugues.jpeg 1024w, https:\/\/jornaldasoficinas.com\/pt\/wp-content\/uploads\/2026\/01\/Tendencias-aftermarket-portugues-300x170.jpeg 300w, https:\/\/jornaldasoficinas.com\/pt\/wp-content\/uploads\/2026\/01\/Tendencias-aftermarket-portugues-150x85.jpeg 150w, https:\/\/jornaldasoficinas.com\/pt\/wp-content\/uploads\/2026\/01\/Tendencias-aftermarket-portugues-768x436.jpeg 768w\" sizes=\"auto, (max-width: 1024px) 100vw, 1024px\" \/><\/p>\n<p><strong>O setor p\u00f3s-venda autom\u00f3vel portugu\u00eas vive uma das maiores transforma\u00e7\u00f5es da sua hist\u00f3ria. O que durante d\u00e9cadas foi um mercado relativamente est\u00e1vel e previs\u00edvel, tornou-se um ecossistema altamente tecnol\u00f3gico, digital, competitivo e exigente. Nos pr\u00f3ximos cinco a dez anos, o aftermarket portugu\u00eas ser\u00e1 inevitavelmente mais digital, mais eficiente e mais sustent\u00e1vel<\/strong><\/p>\n<p>A eletrifica\u00e7\u00e3o, a digitaliza\u00e7\u00e3o, a entrada de novos players internacionais, a evolu\u00e7\u00e3o das expectativas dos consumidores e a necessidade de operar com maior efici\u00eancia e sustentabilidade alteraram profundamente o modelo de neg\u00f3cio de distribuidores, oficinas, fabricantes e redes. Neste contexto, compreender as tend\u00eancias estruturantes do futuro n\u00e3o \u00e9 apenas um exerc\u00edcio acad\u00e9mico: \u00e9 o ponto de partida para garantir a competitividade das empresas nos pr\u00f3ximos cinco a dez anos. Este artigo identifica as for\u00e7as transformadoras que ir\u00e3o moldar o aftermarket portugu\u00eas e apresenta uma vis\u00e3o integrada sobre como o setor pode preparar-se para a pr\u00f3xima d\u00e9cada. Compreender estas for\u00e7as transformadoras j\u00e1 n\u00e3o \u00e9 uma op\u00e7\u00e3o, mas sim um requisito para garantir competitividade e relev\u00e2ncia nos pr\u00f3ximos cinco a dez anos.<\/p>\n<p><strong>Eletrifica\u00e7\u00e3o e nova estrutura do parque autom\u00f3vel<\/strong><br \/>\nEntre todas as tend\u00eancias que moldar\u00e3o o futuro do p\u00f3s-venda, a eletrifica\u00e7\u00e3o destaca-se como uma das mais determinantes. A hibridiza\u00e7\u00e3o da frota cresce rapidamente, os ve\u00edculos el\u00e9tricos ganham espa\u00e7o e a presen\u00e7a de baterias de alta tens\u00e3o, sistemas de gest\u00e3o t\u00e9rmica, software integrado e sensores ADAS tornou-se a nova norma. Esta evolu\u00e7\u00e3o redefine completamente as exig\u00eancias t\u00e9cnicas do p\u00f3s-venda. As oficinas precisam de dominar protocolos de seguran\u00e7a HV, investir em equipamentos espec\u00edficos, compreender plataformas eletr\u00f3nicas complexas e desenvolver compet\u00eancias em diagn\u00f3stico avan\u00e7ado. Embora a eletrifica\u00e7\u00e3o reduza algumas opera\u00e7\u00f5es recorrentes t\u00edpicas dos motores t\u00e9rmicos, cria novas \u00e1reas de especializa\u00e7\u00e3o com maior valor acrescentado, desde a manuten\u00e7\u00e3o de sistemas de alta tens\u00e3o at\u00e9 \u00e0 atualiza\u00e7\u00e3o de software e calibra\u00e7\u00e3o de sensores. \u00c9, por isso, uma amea\u00e7a para quem n\u00e3o se adaptar, mas uma oportunidade extraordin\u00e1ria para quem investir a tempo.<\/p>\n<p><strong>A digitaliza\u00e7\u00e3o da oficina e da cadeia de valor<\/strong><br \/>\nA digitaliza\u00e7\u00e3o \u00e9 outro pilar essencial desta mudan\u00e7a. O cliente atual \u00e9 informado, impaciente, compara pre\u00e7os em segundos e espera transpar\u00eancia total ao longo de toda a jornada de servi\u00e7o. Oficinas e distribuidores que ainda dependem de processos manuais j\u00e1 n\u00e3o conseguem acompanhar este novo ritmo. Sistemas de gest\u00e3o (DMS), cat\u00e1logos digitais, CRM preditivos, plataformas de telem\u00e1tica, processos automatizados de encomenda e ferramentas de diagn\u00f3stico remoto tornam-se indispens\u00e1veis. A digitaliza\u00e7\u00e3o deixa de ser apenas uma ferramenta operacional para se tornar numa verdadeira mudan\u00e7a cultural: o mercado passa a operar com dados, previsibilidade, m\u00e9tricas e efici\u00eancia. A transpar\u00eancia e a velocidade trazidas pelo e-commerce \u2014 tanto B2B como B2C \u2014 alteraram definitivamente o relacionamento entre fabricantes, distribuidores, oficinas e consumidores. Ganha quem consegue integrar a tecnologia na opera\u00e7\u00e3o di\u00e1ria, mas tamb\u00e9m quem combina essa tecnologia com proximidade humana, aconselhamento qualificado e servi\u00e7o especializado. O equil\u00edbrio entre digital e humano ser\u00e1 uma das chaves da fideliza\u00e7\u00e3o no futuro do p\u00f3s-venda.<\/p>\n<p><strong>Talento e novas compet\u00eancias<\/strong><br \/>\nContudo, nenhuma destas transforma\u00e7\u00f5es tecnol\u00f3gicas acontecer\u00e1 sem pessoas preparadas para as liderar. O talento tornou-se o principal fator cr\u00edtico do setor. H\u00e1 escassez de t\u00e9cnicos qualificados e o profissional do futuro precisa de dominar tr\u00eas dimens\u00f5es essenciais: compet\u00eancias t\u00e9cnicas avan\u00e7adas, como diagn\u00f3stico eletr\u00f3nico, alta tens\u00e3o, calibra\u00e7\u00e3o ADAS, telem\u00e1tica e gest\u00e3o de software; compet\u00eancias digitais, incluindo o uso pleno de DMS, CRM, plataformas t\u00e9cnicas, gest\u00e3o de ciberseguran\u00e7a e interpreta\u00e7\u00e3o de dados; e compet\u00eancias humanas, como comunica\u00e7\u00e3o clara, gest\u00e3o da rela\u00e7\u00e3o com o cliente, empatia e capacidade de explicar interven\u00e7\u00f5es complexas de forma compreens\u00edvel. Atrair jovens para o setor implica mudar a perce\u00e7\u00e3o p\u00fablica da profiss\u00e3o, mostrando que a oficina moderna \u00e9 um ambiente tecnol\u00f3gico, sustent\u00e1vel, ligado \u00e0 mobilidade do futuro e com oportunidades reais de carreira. Parcerias com escolas t\u00e9cnicas, programas de forma\u00e7\u00e3o cont\u00ednua e percursos profissionais estruturados ser\u00e3o vitais na renova\u00e7\u00e3o geracional do p\u00f3s-venda.<\/p>\n<p><strong>O impacto do autom\u00f3vel chin\u00eas<\/strong><br \/>\nOutra for\u00e7a transformadora incontorn\u00e1vel \u00e9 a entrada massiva do autom\u00f3vel chin\u00eas no mercado europeu. Estes fabricantes apresentam modelos altamente competitivos, geralmente integrados em ecossistemas fechados que combinam ve\u00edculo, software, manuten\u00e7\u00e3o e plataformas digitais. Tal integra\u00e7\u00e3o pode dificultar o acesso do p\u00f3s-venda independente a dados e pe\u00e7as, mas tamb\u00e9m abre portas a novas formas de colabora\u00e7\u00e3o e a potenciais parcerias estrat\u00e9gicas. O aftermarket portugu\u00eas ter\u00e1 de se preparar para conviver com esta realidade, garantindo autonomia, capacidade t\u00e9cnica e mecanismos de negocia\u00e7\u00e3o que permitam continuar a reparar estes ve\u00edculos em condi\u00e7\u00f5es equitativas.<\/p>\n<p><strong>Intelig\u00eancia artificial e manuten\u00e7\u00e3o preditiva<\/strong><br \/>\nA intelig\u00eancia artificial ser\u00e1 igualmente um motor decisivo de transforma\u00e7\u00e3o. A IA ir\u00e1 antecipar falhas antes que ocorram, prever necessidades de manuten\u00e7\u00e3o, identificar a avaria prov\u00e1vel antes de o ve\u00edculo chegar \u00e0 oficina, otimizar stocks, automatizar processos administrativos, personalizar a comunica\u00e7\u00e3o com o cliente e tornar toda a cadeia mais eficiente e mais lucrativa. Todas as fases do p\u00f3s-venda \u2014 sele\u00e7\u00e3o da oficina, marca\u00e7\u00e3o, transporte, diagn\u00f3stico, execu\u00e7\u00e3o, encomenda de pe\u00e7as, pagamento e acompanhamento \u2014 ser\u00e3o impactadas. As empresas que adotarem a IA mais cedo ir\u00e3o ganhar vantagem competitiva clara, enquanto as restantes poder\u00e3o enfrentar dificuldades crescentes.<\/p>\n<p><strong>O papel decisivo dos grupos de distribui\u00e7\u00e3o<\/strong><br \/>\nDada a complexidade crescente da tecnologia autom\u00f3vel, a colabora\u00e7\u00e3o tornar-se-\u00e1 essencial. O futuro do p\u00f3s-venda ser\u00e1 constru\u00eddo atrav\u00e9s de ecossistemas, redes cooperativas e alian\u00e7as estrat\u00e9gicas que combinem a for\u00e7a dos fabricantes, a experi\u00eancia dos distribuidores e a proximidade das oficinas. Os grupos de distribui\u00e7\u00e3o, em particular, assumem um papel determinante neste novo cen\u00e1rio: promovem a profissionaliza\u00e7\u00e3o do setor, implementam modelos de gest\u00e3o eficientes, centralizam compras, otimizam log\u00edstica, oferecem forma\u00e7\u00e3o t\u00e9cnica estruturada e garantem que oficinas independentes consigam competir num mercado altamente exigente. A tend\u00eancia de consolida\u00e7\u00e3o continuar\u00e1 a intensificar-se, tanto em movimentos horizontais \u2014 entre distribuidores \u2014 como verticais, envolvendo fabricantes, grupos e redes oficinais. Escala, integra\u00e7\u00e3o e capacidade tecnol\u00f3gica ser\u00e3o fatores decisivos para a sobreviv\u00eancia das empresas.<\/p>\n<p><strong>Sustentabilidade: da obriga\u00e7\u00e3o ao modelo de neg\u00f3cio<\/strong><br \/>\nA sustentabilidade, por sua vez, deixou de ser um tema secund\u00e1rio para se tornar um eixo central do modelo de neg\u00f3cio. O p\u00f3s-venda, por defini\u00e7\u00e3o, j\u00e1 contribui para a redu\u00e7\u00e3o do impacto ambiental ao prolongar a vida \u00fatil dos ve\u00edculos. Mas o futuro exigir\u00e1 muito mais do que isso: log\u00edstica otimizada com menor pegada carb\u00f3nica, utiliza\u00e7\u00e3o crescente de pe\u00e7as remanufaturadas, embalagens sustent\u00e1veis, processos de reciclagem mais eficientes, oficinas energeticamente respons\u00e1veis e m\u00e9tricas de controlo ambiental claras e comunic\u00e1veis ao cliente. A sustentabilidade ser\u00e1 simultaneamente uma exig\u00eancia dos consumidores, uma obriga\u00e7\u00e3o regulat\u00f3ria e uma fonte de diferencia\u00e7\u00e3o competitiva.<\/p>\n<p><strong>N\u00e3o h\u00e1 novos neg\u00f3cios sem novos modelos<\/strong><br \/>\nO aftermarket portugu\u00eas tem todas as condi\u00e7\u00f5es para se reinventar e assumir uma posi\u00e7\u00e3o de lideran\u00e7a em mobilidade sustent\u00e1vel e conectada. Para isso, ser\u00e1 necess\u00e1rio colaborar, digitalizar, especializar, diversificar e, sobretudo, investir em pessoas e conhecimento. N\u00e3o h\u00e1 novos neg\u00f3cios sem novos modelos. O verdadeiro desafio do setor n\u00e3o \u00e9 resistir \u00e0 mudan\u00e7a, mas sim lider\u00e1-la com vis\u00e3o, compet\u00eancia e ambi\u00e7\u00e3o. O futuro do p\u00f3s-venda n\u00e3o ser\u00e1 apenas tecnol\u00f3gico \u2014 ser\u00e1 humano, estrat\u00e9gico e profundamente transformador. E Portugal tem todas as ferramentas para ser protagonista nesta evolu\u00e7\u00e3o.<\/p>\n<p>O presente artigo est\u00e1 dispon\u00edvel na edi\u00e7\u00e3o impressa e online do Jornal das Oficinas n\u00ba226, consulte<a href=\"https:\/\/www.yumpu.com\/pt\/document\/read\/70886135\/jornal-das-oficinas-226\/6\"> aqui<\/a>.<\/p>\n<p>&nbsp;<\/p>\n","protected":false},"excerpt":{"rendered":"<p>O setor p\u00f3s-venda autom\u00f3vel portugu\u00eas vive&#8230;<\/p>\n","protected":false},"author":15,"featured_media":112403,"comment_status":"closed","ping_status":"closed","sticky":false,"template":"","format":"standard","meta":{"footnotes":""},"categories":[37],"tags":[336,4115,1100,1087,1718,3930,1767,6877,10546],"class_list":["post-112397","post","type-post","status-publish","format-standard","has-post-thumbnail","hentry","category-mercado","tag-digitalizacao","tag-eficiencia","tag-eletrificacao","tag-inteligencia-artificial","tag-manutencao-preditiva","tag-pos-venda-automovel","tag-sustentabilidade","tag-tendencias-aftermarket","tag-transformacao"],"yoast_head":"<!-- This site is optimized with the Yoast SEO plugin v27.5 - https:\/\/yoast.com\/product\/yoast-seo-wordpress\/ -->\n<title>As Tend\u00eancias do Aftermarket Portugu\u00eas - Jornal das Oficinas<\/title>\n<meta name=\"description\" content=\"Nos pr\u00f3ximos cinco a dez anos, o aftermarket portugu\u00eas ser\u00e1 inevitavelmente mais digital, mais eficiente e mais sustent\u00e1vel\" \/>\n<meta name=\"robots\" content=\"index, follow, max-snippet:-1, max-image-preview:large, max-video-preview:-1\" \/>\n<link rel=\"canonical\" href=\"https:\/\/jornaldasoficinas.com\/pt\/as-tendencias-do-aftermarket-portugues\/\" \/>\n<meta property=\"og:locale\" content=\"pt_PT\" \/>\n<meta property=\"og:type\" content=\"article\" \/>\n<meta property=\"og:title\" content=\"As Tend\u00eancias do Aftermarket Portugu\u00eas - Jornal das Oficinas\" \/>\n<meta property=\"og:description\" content=\"Nos pr\u00f3ximos cinco a dez anos, o aftermarket portugu\u00eas ser\u00e1 inevitavelmente mais digital, mais eficiente e mais sustent\u00e1vel\" \/>\n<meta property=\"og:url\" content=\"https:\/\/jornaldasoficinas.com\/pt\/as-tendencias-do-aftermarket-portugues\/\" \/>\n<meta property=\"og:site_name\" content=\"Jornal das Oficinas\" \/>\n<meta property=\"article:publisher\" content=\"https:\/\/www.facebook.com\/jornaloficinas\" \/>\n<meta property=\"article:published_time\" content=\"2026-02-01T22:00:22+00:00\" \/>\n<meta property=\"article:modified_time\" content=\"2026-02-01T22:02:22+00:00\" \/>\n<meta property=\"og:image\" content=\"https:\/\/jornaldasoficinas.com\/pt\/wp-content\/uploads\/2026\/01\/Tendencias-aftermarket-portugues.jpeg\" \/>\n\t<meta property=\"og:image:width\" content=\"1024\" \/>\n\t<meta property=\"og:image:height\" content=\"581\" \/>\n\t<meta property=\"og:image:type\" content=\"image\/jpeg\" \/>\n<meta name=\"author\" content=\"Reda\u00e7\u00e3o JO\" \/>\n<meta name=\"twitter:card\" content=\"summary_large_image\" \/>\n<meta name=\"twitter:creator\" content=\"@jornaloficinas\" \/>\n<meta name=\"twitter:site\" content=\"@jornaloficinas\" \/>\n<meta name=\"twitter:label1\" content=\"Escrito por\" \/>\n\t<meta name=\"twitter:data1\" content=\"Reda\u00e7\u00e3o JO\" \/>\n\t<meta name=\"twitter:label2\" content=\"Tempo estimado de leitura\" \/>\n\t<meta name=\"twitter:data2\" content=\"7 minutos\" \/>\n<script type=\"application\/ld+json\" class=\"yoast-schema-graph\">{\"@context\":\"https:\\\/\\\/schema.org\",\"@graph\":[{\"@type\":\"Article\",\"@id\":\"https:\\\/\\\/jornaldasoficinas.com\\\/pt\\\/as-tendencias-do-aftermarket-portugues\\\/#article\",\"isPartOf\":{\"@id\":\"https:\\\/\\\/jornaldasoficinas.com\\\/pt\\\/as-tendencias-do-aftermarket-portugues\\\/\"},\"author\":{\"name\":\"Reda\u00e7\u00e3o JO\",\"@id\":\"https:\\\/\\\/jornaldasoficinas.com\\\/pt\\\/#\\\/schema\\\/person\\\/a38eef5de2c41d9e7c9ac10141afddf3\"},\"headline\":\"As Tend\u00eancias do Aftermarket Portugu\u00eas\",\"datePublished\":\"2026-02-01T22:00:22+00:00\",\"dateModified\":\"2026-02-01T22:02:22+00:00\",\"mainEntityOfPage\":{\"@id\":\"https:\\\/\\\/jornaldasoficinas.com\\\/pt\\\/as-tendencias-do-aftermarket-portugues\\\/\"},\"wordCount\":1390,\"publisher\":{\"@id\":\"https:\\\/\\\/jornaldasoficinas.com\\\/pt\\\/#organization\"},\"image\":{\"@id\":\"https:\\\/\\\/jornaldasoficinas.com\\\/pt\\\/as-tendencias-do-aftermarket-portugues\\\/#primaryimage\"},\"thumbnailUrl\":\"https:\\\/\\\/jornaldasoficinas.com\\\/pt\\\/wp-content\\\/uploads\\\/2026\\\/01\\\/Tendencias-aftermarket-portugues.jpeg\",\"keywords\":[\"Digitaliza\u00e7\u00e3o\",\"Efici\u00eancia\",\"Eletrifica\u00e7\u00e3o\",\"Intelig\u00eancia artificial\",\"Manuten\u00e7\u00e3o preditiva\",\"p\u00f3s-venda autom\u00f3vel\",\"Sustentabilidade\",\"Tend\u00eancias Aftermarket\",\"transforma\u00e7\u00e3o\"],\"articleSection\":[\"Mercado\"],\"inLanguage\":\"pt-PT\"},{\"@type\":\"WebPage\",\"@id\":\"https:\\\/\\\/jornaldasoficinas.com\\\/pt\\\/as-tendencias-do-aftermarket-portugues\\\/\",\"url\":\"https:\\\/\\\/jornaldasoficinas.com\\\/pt\\\/as-tendencias-do-aftermarket-portugues\\\/\",\"name\":\"As Tend\u00eancias do Aftermarket Portugu\u00eas - Jornal das Oficinas\",\"isPartOf\":{\"@id\":\"https:\\\/\\\/jornaldasoficinas.com\\\/pt\\\/#website\"},\"primaryImageOfPage\":{\"@id\":\"https:\\\/\\\/jornaldasoficinas.com\\\/pt\\\/as-tendencias-do-aftermarket-portugues\\\/#primaryimage\"},\"image\":{\"@id\":\"https:\\\/\\\/jornaldasoficinas.com\\\/pt\\\/as-tendencias-do-aftermarket-portugues\\\/#primaryimage\"},\"thumbnailUrl\":\"https:\\\/\\\/jornaldasoficinas.com\\\/pt\\\/wp-content\\\/uploads\\\/2026\\\/01\\\/Tendencias-aftermarket-portugues.jpeg\",\"datePublished\":\"2026-02-01T22:00:22+00:00\",\"dateModified\":\"2026-02-01T22:02:22+00:00\",\"description\":\"Nos pr\u00f3ximos cinco a dez anos, o aftermarket portugu\u00eas ser\u00e1 inevitavelmente mais digital, mais eficiente e mais sustent\u00e1vel\",\"breadcrumb\":{\"@id\":\"https:\\\/\\\/jornaldasoficinas.com\\\/pt\\\/as-tendencias-do-aftermarket-portugues\\\/#breadcrumb\"},\"inLanguage\":\"pt-PT\",\"potentialAction\":[{\"@type\":\"ReadAction\",\"target\":[\"https:\\\/\\\/jornaldasoficinas.com\\\/pt\\\/as-tendencias-do-aftermarket-portugues\\\/\"]}]},{\"@type\":\"ImageObject\",\"inLanguage\":\"pt-PT\",\"@id\":\"https:\\\/\\\/jornaldasoficinas.com\\\/pt\\\/as-tendencias-do-aftermarket-portugues\\\/#primaryimage\",\"url\":\"https:\\\/\\\/jornaldasoficinas.com\\\/pt\\\/wp-content\\\/uploads\\\/2026\\\/01\\\/Tendencias-aftermarket-portugues.jpeg\",\"contentUrl\":\"https:\\\/\\\/jornaldasoficinas.com\\\/pt\\\/wp-content\\\/uploads\\\/2026\\\/01\\\/Tendencias-aftermarket-portugues.jpeg\",\"width\":1024,\"height\":581,\"caption\":\"01 - Tendencias aftermarket portugues\"},{\"@type\":\"BreadcrumbList\",\"@id\":\"https:\\\/\\\/jornaldasoficinas.com\\\/pt\\\/as-tendencias-do-aftermarket-portugues\\\/#breadcrumb\",\"itemListElement\":[{\"@type\":\"ListItem\",\"position\":1,\"name\":\"In\u00edcio\",\"item\":\"https:\\\/\\\/jornaldasoficinas.com\\\/pt\\\/\"},{\"@type\":\"ListItem\",\"position\":2,\"name\":\"As Tend\u00eancias do Aftermarket Portugu\u00eas\"}]},{\"@type\":\"WebSite\",\"@id\":\"https:\\\/\\\/jornaldasoficinas.com\\\/pt\\\/#website\",\"url\":\"https:\\\/\\\/jornaldasoficinas.com\\\/pt\\\/\",\"name\":\"Jornal das Oficinas\",\"description\":\"Jornal independente do Aftermarket Autom\u00f3vel em Portugal\",\"publisher\":{\"@id\":\"https:\\\/\\\/jornaldasoficinas.com\\\/pt\\\/#organization\"},\"potentialAction\":[{\"@type\":\"SearchAction\",\"target\":{\"@type\":\"EntryPoint\",\"urlTemplate\":\"https:\\\/\\\/jornaldasoficinas.com\\\/pt\\\/?s={search_term_string}\"},\"query-input\":{\"@type\":\"PropertyValueSpecification\",\"valueRequired\":true,\"valueName\":\"search_term_string\"}}],\"inLanguage\":\"pt-PT\"},{\"@type\":\"Organization\",\"@id\":\"https:\\\/\\\/jornaldasoficinas.com\\\/pt\\\/#organization\",\"name\":\"Jornal das Oficinas\",\"url\":\"https:\\\/\\\/jornaldasoficinas.com\\\/pt\\\/\",\"logo\":{\"@type\":\"ImageObject\",\"inLanguage\":\"pt-PT\",\"@id\":\"https:\\\/\\\/jornaldasoficinas.com\\\/pt\\\/#\\\/schema\\\/logo\\\/image\\\/\",\"url\":\"https:\\\/\\\/jornaldasoficinas.com\\\/pt\\\/wp-content\\\/uploads\\\/logoJO-SEO.png\",\"contentUrl\":\"https:\\\/\\\/jornaldasoficinas.com\\\/pt\\\/wp-content\\\/uploads\\\/logoJO-SEO.png\",\"width\":285,\"height\":450,\"caption\":\"Jornal das Oficinas\"},\"image\":{\"@id\":\"https:\\\/\\\/jornaldasoficinas.com\\\/pt\\\/#\\\/schema\\\/logo\\\/image\\\/\"},\"sameAs\":[\"https:\\\/\\\/www.facebook.com\\\/jornaloficinas\",\"https:\\\/\\\/x.com\\\/jornaloficinas\",\"https:\\\/\\\/www.instagram.com\\\/jornal_oficinas\\\/\",\"https:\\\/\\\/www.linkedin.com\\\/company\\\/jornal-das-oficinas\\\/\",\"https:\\\/\\\/www.youtube.com\\\/channel\\\/UCbQZBqtcvV-oSQrr7RzINGg\"]},{\"@type\":\"Person\",\"@id\":\"https:\\\/\\\/jornaldasoficinas.com\\\/pt\\\/#\\\/schema\\\/person\\\/a38eef5de2c41d9e7c9ac10141afddf3\",\"name\":\"Reda\u00e7\u00e3o JO\",\"image\":{\"@type\":\"ImageObject\",\"inLanguage\":\"pt-PT\",\"@id\":\"https:\\\/\\\/secure.gravatar.com\\\/avatar\\\/71f2fa71737ad68a84fea94bc708ddac8ea5b0c4788dc2ad202f3ccb2887742f?s=96&d=wp_user_avatar&r=g\",\"url\":\"https:\\\/\\\/secure.gravatar.com\\\/avatar\\\/71f2fa71737ad68a84fea94bc708ddac8ea5b0c4788dc2ad202f3ccb2887742f?s=96&d=wp_user_avatar&r=g\",\"contentUrl\":\"https:\\\/\\\/secure.gravatar.com\\\/avatar\\\/71f2fa71737ad68a84fea94bc708ddac8ea5b0c4788dc2ad202f3ccb2887742f?s=96&d=wp_user_avatar&r=g\",\"caption\":\"Reda\u00e7\u00e3o JO\"},\"url\":\"https:\\\/\\\/jornaldasoficinas.com\\\/pt\\\/author\\\/joredacao\\\/\"}]}<\/script>\n<!-- \/ Yoast SEO plugin. -->","yoast_head_json":{"title":"As Tend\u00eancias do Aftermarket Portugu\u00eas - Jornal das Oficinas","description":"Nos pr\u00f3ximos cinco a dez anos, o aftermarket portugu\u00eas ser\u00e1 inevitavelmente mais digital, mais eficiente e mais sustent\u00e1vel","robots":{"index":"index","follow":"follow","max-snippet":"max-snippet:-1","max-image-preview":"max-image-preview:large","max-video-preview":"max-video-preview:-1"},"canonical":"https:\/\/jornaldasoficinas.com\/pt\/as-tendencias-do-aftermarket-portugues\/","og_locale":"pt_PT","og_type":"article","og_title":"As Tend\u00eancias do Aftermarket Portugu\u00eas - Jornal das Oficinas","og_description":"Nos pr\u00f3ximos cinco a dez anos, o aftermarket portugu\u00eas ser\u00e1 inevitavelmente mais digital, mais eficiente e mais sustent\u00e1vel","og_url":"https:\/\/jornaldasoficinas.com\/pt\/as-tendencias-do-aftermarket-portugues\/","og_site_name":"Jornal das Oficinas","article_publisher":"https:\/\/www.facebook.com\/jornaloficinas","article_published_time":"2026-02-01T22:00:22+00:00","article_modified_time":"2026-02-01T22:02:22+00:00","og_image":[{"width":1024,"height":581,"url":"https:\/\/jornaldasoficinas.com\/pt\/wp-content\/uploads\/2026\/01\/Tendencias-aftermarket-portugues.jpeg","type":"image\/jpeg"}],"author":"Reda\u00e7\u00e3o JO","twitter_card":"summary_large_image","twitter_creator":"@jornaloficinas","twitter_site":"@jornaloficinas","twitter_misc":{"Escrito por":"Reda\u00e7\u00e3o JO","Tempo estimado de leitura":"7 minutos"},"schema":{"@context":"https:\/\/schema.org","@graph":[{"@type":"Article","@id":"https:\/\/jornaldasoficinas.com\/pt\/as-tendencias-do-aftermarket-portugues\/#article","isPartOf":{"@id":"https:\/\/jornaldasoficinas.com\/pt\/as-tendencias-do-aftermarket-portugues\/"},"author":{"name":"Reda\u00e7\u00e3o JO","@id":"https:\/\/jornaldasoficinas.com\/pt\/#\/schema\/person\/a38eef5de2c41d9e7c9ac10141afddf3"},"headline":"As Tend\u00eancias do Aftermarket Portugu\u00eas","datePublished":"2026-02-01T22:00:22+00:00","dateModified":"2026-02-01T22:02:22+00:00","mainEntityOfPage":{"@id":"https:\/\/jornaldasoficinas.com\/pt\/as-tendencias-do-aftermarket-portugues\/"},"wordCount":1390,"publisher":{"@id":"https:\/\/jornaldasoficinas.com\/pt\/#organization"},"image":{"@id":"https:\/\/jornaldasoficinas.com\/pt\/as-tendencias-do-aftermarket-portugues\/#primaryimage"},"thumbnailUrl":"https:\/\/jornaldasoficinas.com\/pt\/wp-content\/uploads\/2026\/01\/Tendencias-aftermarket-portugues.jpeg","keywords":["Digitaliza\u00e7\u00e3o","Efici\u00eancia","Eletrifica\u00e7\u00e3o","Intelig\u00eancia artificial","Manuten\u00e7\u00e3o preditiva","p\u00f3s-venda autom\u00f3vel","Sustentabilidade","Tend\u00eancias Aftermarket","transforma\u00e7\u00e3o"],"articleSection":["Mercado"],"inLanguage":"pt-PT"},{"@type":"WebPage","@id":"https:\/\/jornaldasoficinas.com\/pt\/as-tendencias-do-aftermarket-portugues\/","url":"https:\/\/jornaldasoficinas.com\/pt\/as-tendencias-do-aftermarket-portugues\/","name":"As Tend\u00eancias do Aftermarket Portugu\u00eas - Jornal das Oficinas","isPartOf":{"@id":"https:\/\/jornaldasoficinas.com\/pt\/#website"},"primaryImageOfPage":{"@id":"https:\/\/jornaldasoficinas.com\/pt\/as-tendencias-do-aftermarket-portugues\/#primaryimage"},"image":{"@id":"https:\/\/jornaldasoficinas.com\/pt\/as-tendencias-do-aftermarket-portugues\/#primaryimage"},"thumbnailUrl":"https:\/\/jornaldasoficinas.com\/pt\/wp-content\/uploads\/2026\/01\/Tendencias-aftermarket-portugues.jpeg","datePublished":"2026-02-01T22:00:22+00:00","dateModified":"2026-02-01T22:02:22+00:00","description":"Nos pr\u00f3ximos cinco a dez anos, o aftermarket portugu\u00eas ser\u00e1 inevitavelmente mais digital, mais eficiente e mais sustent\u00e1vel","breadcrumb":{"@id":"https:\/\/jornaldasoficinas.com\/pt\/as-tendencias-do-aftermarket-portugues\/#breadcrumb"},"inLanguage":"pt-PT","potentialAction":[{"@type":"ReadAction","target":["https:\/\/jornaldasoficinas.com\/pt\/as-tendencias-do-aftermarket-portugues\/"]}]},{"@type":"ImageObject","inLanguage":"pt-PT","@id":"https:\/\/jornaldasoficinas.com\/pt\/as-tendencias-do-aftermarket-portugues\/#primaryimage","url":"https:\/\/jornaldasoficinas.com\/pt\/wp-content\/uploads\/2026\/01\/Tendencias-aftermarket-portugues.jpeg","contentUrl":"https:\/\/jornaldasoficinas.com\/pt\/wp-content\/uploads\/2026\/01\/Tendencias-aftermarket-portugues.jpeg","width":1024,"height":581,"caption":"01 - Tendencias aftermarket portugues"},{"@type":"BreadcrumbList","@id":"https:\/\/jornaldasoficinas.com\/pt\/as-tendencias-do-aftermarket-portugues\/#breadcrumb","itemListElement":[{"@type":"ListItem","position":1,"name":"In\u00edcio","item":"https:\/\/jornaldasoficinas.com\/pt\/"},{"@type":"ListItem","position":2,"name":"As Tend\u00eancias do Aftermarket Portugu\u00eas"}]},{"@type":"WebSite","@id":"https:\/\/jornaldasoficinas.com\/pt\/#website","url":"https:\/\/jornaldasoficinas.com\/pt\/","name":"Jornal das Oficinas","description":"Jornal independente do Aftermarket Autom\u00f3vel em Portugal","publisher":{"@id":"https:\/\/jornaldasoficinas.com\/pt\/#organization"},"potentialAction":[{"@type":"SearchAction","target":{"@type":"EntryPoint","urlTemplate":"https:\/\/jornaldasoficinas.com\/pt\/?s={search_term_string}"},"query-input":{"@type":"PropertyValueSpecification","valueRequired":true,"valueName":"search_term_string"}}],"inLanguage":"pt-PT"},{"@type":"Organization","@id":"https:\/\/jornaldasoficinas.com\/pt\/#organization","name":"Jornal das Oficinas","url":"https:\/\/jornaldasoficinas.com\/pt\/","logo":{"@type":"ImageObject","inLanguage":"pt-PT","@id":"https:\/\/jornaldasoficinas.com\/pt\/#\/schema\/logo\/image\/","url":"https:\/\/jornaldasoficinas.com\/pt\/wp-content\/uploads\/logoJO-SEO.png","contentUrl":"https:\/\/jornaldasoficinas.com\/pt\/wp-content\/uploads\/logoJO-SEO.png","width":285,"height":450,"caption":"Jornal das Oficinas"},"image":{"@id":"https:\/\/jornaldasoficinas.com\/pt\/#\/schema\/logo\/image\/"},"sameAs":["https:\/\/www.facebook.com\/jornaloficinas","https:\/\/x.com\/jornaloficinas","https:\/\/www.instagram.com\/jornal_oficinas\/","https:\/\/www.linkedin.com\/company\/jornal-das-oficinas\/","https:\/\/www.youtube.com\/channel\/UCbQZBqtcvV-oSQrr7RzINGg"]},{"@type":"Person","@id":"https:\/\/jornaldasoficinas.com\/pt\/#\/schema\/person\/a38eef5de2c41d9e7c9ac10141afddf3","name":"Reda\u00e7\u00e3o JO","image":{"@type":"ImageObject","inLanguage":"pt-PT","@id":"https:\/\/secure.gravatar.com\/avatar\/71f2fa71737ad68a84fea94bc708ddac8ea5b0c4788dc2ad202f3ccb2887742f?s=96&d=wp_user_avatar&r=g","url":"https:\/\/secure.gravatar.com\/avatar\/71f2fa71737ad68a84fea94bc708ddac8ea5b0c4788dc2ad202f3ccb2887742f?s=96&d=wp_user_avatar&r=g","contentUrl":"https:\/\/secure.gravatar.com\/avatar\/71f2fa71737ad68a84fea94bc708ddac8ea5b0c4788dc2ad202f3ccb2887742f?s=96&d=wp_user_avatar&r=g","caption":"Reda\u00e7\u00e3o JO"},"url":"https:\/\/jornaldasoficinas.com\/pt\/author\/joredacao\/"}]}},"_links":{"self":[{"href":"https:\/\/jornaldasoficinas.com\/pt\/wp-json\/wp\/v2\/posts\/112397","targetHints":{"allow":["GET"]}}],"collection":[{"href":"https:\/\/jornaldasoficinas.com\/pt\/wp-json\/wp\/v2\/posts"}],"about":[{"href":"https:\/\/jornaldasoficinas.com\/pt\/wp-json\/wp\/v2\/types\/post"}],"author":[{"embeddable":true,"href":"https:\/\/jornaldasoficinas.com\/pt\/wp-json\/wp\/v2\/users\/15"}],"replies":[{"embeddable":true,"href":"https:\/\/jornaldasoficinas.com\/pt\/wp-json\/wp\/v2\/comments?post=112397"}],"version-history":[{"count":13,"href":"https:\/\/jornaldasoficinas.com\/pt\/wp-json\/wp\/v2\/posts\/112397\/revisions"}],"predecessor-version":[{"id":112435,"href":"https:\/\/jornaldasoficinas.com\/pt\/wp-json\/wp\/v2\/posts\/112397\/revisions\/112435"}],"wp:featuredmedia":[{"embeddable":true,"href":"https:\/\/jornaldasoficinas.com\/pt\/wp-json\/wp\/v2\/media\/112403"}],"wp:attachment":[{"href":"https:\/\/jornaldasoficinas.com\/pt\/wp-json\/wp\/v2\/media?parent=112397"}],"wp:term":[{"taxonomy":"category","embeddable":true,"href":"https:\/\/jornaldasoficinas.com\/pt\/wp-json\/wp\/v2\/categories?post=112397"},{"taxonomy":"post_tag","embeddable":true,"href":"https:\/\/jornaldasoficinas.com\/pt\/wp-json\/wp\/v2\/tags?post=112397"}],"curies":[{"name":"wp","href":"https:\/\/api.w.org\/{rel}","templated":true}]}}