{"id":112565,"date":"2026-02-04T12:30:37","date_gmt":"2026-02-04T12:30:37","guid":{"rendered":"https:\/\/jornaldasoficinas.com\/pt\/?p=112565"},"modified":"2026-02-04T08:06:54","modified_gmt":"2026-02-04T08:06:54","slug":"drive360-ajusta-modelo-e-reforca-distribuicao-profissional","status":"publish","type":"post","link":"https:\/\/jornaldasoficinas.com\/pt\/drive360-ajusta-modelo-e-reforca-distribuicao-profissional\/","title":{"rendered":"Drive360 ajusta modelo e refor\u00e7a distribui\u00e7\u00e3o profissional"},"content":{"rendered":"<p><strong><img loading=\"lazy\" decoding=\"async\" class=\"alignnone size-full wp-image-112584\" src=\"https:\/\/jornaldasoficinas.com\/pt\/wp-content\/uploads\/2026\/02\/Drive360-ajusta-modelo-e-reforca-distribuicao-profissional.jpg\" alt=\"02 - Drive360 ajusta modelo e reforca distribuicao profissional\" width=\"1024\" height=\"581\" srcset=\"https:\/\/jornaldasoficinas.com\/pt\/wp-content\/uploads\/2026\/02\/Drive360-ajusta-modelo-e-reforca-distribuicao-profissional.jpg 1024w, https:\/\/jornaldasoficinas.com\/pt\/wp-content\/uploads\/2026\/02\/Drive360-ajusta-modelo-e-reforca-distribuicao-profissional-300x170.jpg 300w, https:\/\/jornaldasoficinas.com\/pt\/wp-content\/uploads\/2026\/02\/Drive360-ajusta-modelo-e-reforca-distribuicao-profissional-150x85.jpg 150w, https:\/\/jornaldasoficinas.com\/pt\/wp-content\/uploads\/2026\/02\/Drive360-ajusta-modelo-e-reforca-distribuicao-profissional-768x436.jpg 768w\" sizes=\"auto, (max-width: 1024px) 100vw, 1024px\" \/><\/strong><\/p>\n<p><strong>A <a href=\"https:\/\/drive360.pt\/\" target=\"_blank\" rel=\"noopener\">Drive360 Parts &amp; Solutions<\/a>, maior parceiro do universo <a href=\"https:\/\/intranet.createbusiness.pt\/\" target=\"_blank\" rel=\"noopener\">Create Business<\/a> e um dos principais distribuidores de pe\u00e7as e servi\u00e7os para o aftermarket\u00a0independente em Portugal, lan\u00e7ou uma campanha de comunica\u00e7\u00e3o na sequ\u00eancia do encerramento de alguns balc\u00f5es de venda ao p\u00fablico<\/strong><\/p>\n<p>Segundo a empresa, fatores como oportunidades de mercado e uma certa tradi\u00e7\u00e3o do aftermarket em Portugal, levaram a que v\u00e1rios armaz\u00e9ns Create Business mantivessem atividades de distribui\u00e7\u00e3o e de venda ao retalho. No entanto, apesar da exist\u00eancia de pol\u00edticas de pre\u00e7os diferenciadas entre a venda ao balc\u00e3o e a distribui\u00e7\u00e3o a oficinas, a manuten\u00e7\u00e3o destes dois modelos em paralelo revelou-se incompat\u00edvel com a estrat\u00e9gia da ins\u00edgnia.<\/p>\n<p>&#8220;N\u00e3o faz sentido continuarmos a consumir recursos humanos e materiais num modelo de neg\u00f3cio contr\u00e1rio ao que sempre defendemos&#8221;, comentou Tiago Marques, Brand Manager da Drive360, acrescentando que &#8220;o encerramento de balc\u00f5es de venda ao p\u00fablico \u00e9 um passo dif\u00edcil mas necess\u00e1rio para sermos coerentes com a nossa pr\u00f3pria vis\u00e3o.&#8221;<\/p>\n<p>A partir de fevereiro, a Drive360 encerrar\u00e1 os seus balc\u00f5es de venda ao p\u00fablico nos armaz\u00e9ns de Albufeira, Beja, \u00c9vora, Lagos e Loul\u00e9. Uma vez que as instala\u00e7\u00f5es de Lagos eram constitu\u00eddas apenas por uma loja, o encerramento \u00e9 total. Em todos os outros locais permanecem as opera\u00e7\u00f5es de distribui\u00e7\u00e3o a profissionais \u2013 as oficinas. Os colaboradores da loja de Lagos integrar\u00e3o outras equipas da empresa, refor\u00e7ando a capacidade de apoio aos clientes profissionais, tanto na identifica\u00e7\u00e3o de pe\u00e7as como nas vendas.<\/p>\n<p>Tiago Marques referiu ainda que esta decis\u00e3o da empresa &#8220;\u00e9 tomada em consci\u00eancia, e alinhada com os objetivos da nossa miss\u00e3o: para as oficinas, com as oficinas e pelas oficinas. A nossa ins\u00edgnia &#8220;Drive360&#8243; \u00e9 uma marca de distribui\u00e7\u00e3o para profissionais, e \u00e9 muito importante para n\u00f3s comunicar estes valores.&#8221;<\/p>\n","protected":false},"excerpt":{"rendered":"<p>A Drive360 Parts &amp; Solutions, maior&#8230;<\/p>\n","protected":false},"author":15,"featured_media":112584,"comment_status":"closed","ping_status":"closed","sticky":false,"template":"","format":"standard","meta":{"footnotes":""},"categories":[29],"tags":[874,14500,12986,11269,386,14501],"class_list":["post-112565","post","type-post","status-publish","format-standard","has-post-thumbnail","hentry","category-empresas","tag-create-business","tag-distribuicao-profissional","tag-drive360-parts-solutions","tag-encerramento","tag-oficinas","tag-vendas-ao-balcao"],"yoast_head":"<!-- This site is optimized with the Yoast SEO plugin v27.5 - https:\/\/yoast.com\/product\/yoast-seo-wordpress\/ -->\n<title>Drive360 ajusta modelo e refor\u00e7a distribui\u00e7\u00e3o profissional - Jornal das Oficinas<\/title>\n<meta name=\"description\" content=\"A Drive360 Parts &amp; Solutions lan\u00e7ou uma campanha de comunica\u00e7\u00e3o na sequ\u00eancia do encerramento de alguns balc\u00f5es de venda ao p\u00fablico\" \/>\n<meta name=\"robots\" content=\"index, follow, max-snippet:-1, max-image-preview:large, max-video-preview:-1\" \/>\n<link rel=\"canonical\" href=\"https:\/\/jornaldasoficinas.com\/pt\/drive360-ajusta-modelo-e-reforca-distribuicao-profissional\/\" \/>\n<meta property=\"og:locale\" content=\"pt_PT\" \/>\n<meta property=\"og:type\" content=\"article\" \/>\n<meta property=\"og:title\" content=\"Drive360 ajusta modelo e refor\u00e7a distribui\u00e7\u00e3o profissional - Jornal das Oficinas\" \/>\n<meta property=\"og:description\" content=\"A Drive360 Parts &amp; Solutions lan\u00e7ou uma campanha de comunica\u00e7\u00e3o na sequ\u00eancia do encerramento de alguns balc\u00f5es de venda ao p\u00fablico\" \/>\n<meta property=\"og:url\" content=\"https:\/\/jornaldasoficinas.com\/pt\/drive360-ajusta-modelo-e-reforca-distribuicao-profissional\/\" \/>\n<meta property=\"og:site_name\" content=\"Jornal das Oficinas\" \/>\n<meta property=\"article:publisher\" content=\"https:\/\/www.facebook.com\/jornaloficinas\" \/>\n<meta property=\"article:published_time\" content=\"2026-02-04T12:30:37+00:00\" \/>\n<meta property=\"og:image\" content=\"https:\/\/jornaldasoficinas.com\/pt\/wp-content\/uploads\/2026\/02\/Drive360-ajusta-modelo-e-reforca-distribuicao-profissional.jpg\" \/>\n\t<meta property=\"og:image:width\" content=\"1024\" \/>\n\t<meta property=\"og:image:height\" content=\"581\" \/>\n\t<meta property=\"og:image:type\" content=\"image\/jpeg\" \/>\n<meta name=\"author\" content=\"Reda\u00e7\u00e3o JO\" \/>\n<meta name=\"twitter:card\" content=\"summary_large_image\" \/>\n<meta name=\"twitter:creator\" content=\"@jornaloficinas\" \/>\n<meta name=\"twitter:site\" content=\"@jornaloficinas\" \/>\n<meta name=\"twitter:label1\" content=\"Escrito por\" \/>\n\t<meta name=\"twitter:data1\" content=\"Reda\u00e7\u00e3o JO\" \/>\n\t<meta name=\"twitter:label2\" content=\"Tempo estimado de leitura\" \/>\n\t<meta name=\"twitter:data2\" content=\"2 minutos\" \/>\n<script type=\"application\/ld+json\" class=\"yoast-schema-graph\">{\"@context\":\"https:\\\/\\\/schema.org\",\"@graph\":[{\"@type\":\"Article\",\"@id\":\"https:\\\/\\\/jornaldasoficinas.com\\\/pt\\\/drive360-ajusta-modelo-e-reforca-distribuicao-profissional\\\/#article\",\"isPartOf\":{\"@id\":\"https:\\\/\\\/jornaldasoficinas.com\\\/pt\\\/drive360-ajusta-modelo-e-reforca-distribuicao-profissional\\\/\"},\"author\":{\"name\":\"Reda\u00e7\u00e3o JO\",\"@id\":\"https:\\\/\\\/jornaldasoficinas.com\\\/pt\\\/#\\\/schema\\\/person\\\/a38eef5de2c41d9e7c9ac10141afddf3\"},\"headline\":\"Drive360 ajusta modelo e refor\u00e7a distribui\u00e7\u00e3o profissional\",\"datePublished\":\"2026-02-04T12:30:37+00:00\",\"mainEntityOfPage\":{\"@id\":\"https:\\\/\\\/jornaldasoficinas.com\\\/pt\\\/drive360-ajusta-modelo-e-reforca-distribuicao-profissional\\\/\"},\"wordCount\":339,\"publisher\":{\"@id\":\"https:\\\/\\\/jornaldasoficinas.com\\\/pt\\\/#organization\"},\"image\":{\"@id\":\"https:\\\/\\\/jornaldasoficinas.com\\\/pt\\\/drive360-ajusta-modelo-e-reforca-distribuicao-profissional\\\/#primaryimage\"},\"thumbnailUrl\":\"https:\\\/\\\/jornaldasoficinas.com\\\/pt\\\/wp-content\\\/uploads\\\/2026\\\/02\\\/Drive360-ajusta-modelo-e-reforca-distribuicao-profissional.jpg\",\"keywords\":[\"Create Business\",\"distribui\u00e7\u00e3o profissional\",\"Drive360 Parts &amp; Solutions\",\"encerramento\",\"Oficinas\",\"vendas ao balc\u00e3o\"],\"articleSection\":[\"Empresas\"],\"inLanguage\":\"pt-PT\"},{\"@type\":\"WebPage\",\"@id\":\"https:\\\/\\\/jornaldasoficinas.com\\\/pt\\\/drive360-ajusta-modelo-e-reforca-distribuicao-profissional\\\/\",\"url\":\"https:\\\/\\\/jornaldasoficinas.com\\\/pt\\\/drive360-ajusta-modelo-e-reforca-distribuicao-profissional\\\/\",\"name\":\"Drive360 ajusta modelo e refor\u00e7a distribui\u00e7\u00e3o profissional - Jornal das Oficinas\",\"isPartOf\":{\"@id\":\"https:\\\/\\\/jornaldasoficinas.com\\\/pt\\\/#website\"},\"primaryImageOfPage\":{\"@id\":\"https:\\\/\\\/jornaldasoficinas.com\\\/pt\\\/drive360-ajusta-modelo-e-reforca-distribuicao-profissional\\\/#primaryimage\"},\"image\":{\"@id\":\"https:\\\/\\\/jornaldasoficinas.com\\\/pt\\\/drive360-ajusta-modelo-e-reforca-distribuicao-profissional\\\/#primaryimage\"},\"thumbnailUrl\":\"https:\\\/\\\/jornaldasoficinas.com\\\/pt\\\/wp-content\\\/uploads\\\/2026\\\/02\\\/Drive360-ajusta-modelo-e-reforca-distribuicao-profissional.jpg\",\"datePublished\":\"2026-02-04T12:30:37+00:00\",\"description\":\"A Drive360 Parts & Solutions lan\u00e7ou uma campanha de comunica\u00e7\u00e3o na sequ\u00eancia do encerramento de alguns balc\u00f5es de venda ao p\u00fablico\",\"breadcrumb\":{\"@id\":\"https:\\\/\\\/jornaldasoficinas.com\\\/pt\\\/drive360-ajusta-modelo-e-reforca-distribuicao-profissional\\\/#breadcrumb\"},\"inLanguage\":\"pt-PT\",\"potentialAction\":[{\"@type\":\"ReadAction\",\"target\":[\"https:\\\/\\\/jornaldasoficinas.com\\\/pt\\\/drive360-ajusta-modelo-e-reforca-distribuicao-profissional\\\/\"]}]},{\"@type\":\"ImageObject\",\"inLanguage\":\"pt-PT\",\"@id\":\"https:\\\/\\\/jornaldasoficinas.com\\\/pt\\\/drive360-ajusta-modelo-e-reforca-distribuicao-profissional\\\/#primaryimage\",\"url\":\"https:\\\/\\\/jornaldasoficinas.com\\\/pt\\\/wp-content\\\/uploads\\\/2026\\\/02\\\/Drive360-ajusta-modelo-e-reforca-distribuicao-profissional.jpg\",\"contentUrl\":\"https:\\\/\\\/jornaldasoficinas.com\\\/pt\\\/wp-content\\\/uploads\\\/2026\\\/02\\\/Drive360-ajusta-modelo-e-reforca-distribuicao-profissional.jpg\",\"width\":1024,\"height\":581,\"caption\":\"02 - Drive360 ajusta modelo e reforca distribuicao profissional\"},{\"@type\":\"BreadcrumbList\",\"@id\":\"https:\\\/\\\/jornaldasoficinas.com\\\/pt\\\/drive360-ajusta-modelo-e-reforca-distribuicao-profissional\\\/#breadcrumb\",\"itemListElement\":[{\"@type\":\"ListItem\",\"position\":1,\"name\":\"In\u00edcio\",\"item\":\"https:\\\/\\\/jornaldasoficinas.com\\\/pt\\\/\"},{\"@type\":\"ListItem\",\"position\":2,\"name\":\"Drive360 ajusta modelo e refor\u00e7a distribui\u00e7\u00e3o profissional\"}]},{\"@type\":\"WebSite\",\"@id\":\"https:\\\/\\\/jornaldasoficinas.com\\\/pt\\\/#website\",\"url\":\"https:\\\/\\\/jornaldasoficinas.com\\\/pt\\\/\",\"name\":\"Jornal das Oficinas\",\"description\":\"Jornal independente do Aftermarket Autom\u00f3vel em Portugal\",\"publisher\":{\"@id\":\"https:\\\/\\\/jornaldasoficinas.com\\\/pt\\\/#organization\"},\"potentialAction\":[{\"@type\":\"SearchAction\",\"target\":{\"@type\":\"EntryPoint\",\"urlTemplate\":\"https:\\\/\\\/jornaldasoficinas.com\\\/pt\\\/?s={search_term_string}\"},\"query-input\":{\"@type\":\"PropertyValueSpecification\",\"valueRequired\":true,\"valueName\":\"search_term_string\"}}],\"inLanguage\":\"pt-PT\"},{\"@type\":\"Organization\",\"@id\":\"https:\\\/\\\/jornaldasoficinas.com\\\/pt\\\/#organization\",\"name\":\"Jornal das Oficinas\",\"url\":\"https:\\\/\\\/jornaldasoficinas.com\\\/pt\\\/\",\"logo\":{\"@type\":\"ImageObject\",\"inLanguage\":\"pt-PT\",\"@id\":\"https:\\\/\\\/jornaldasoficinas.com\\\/pt\\\/#\\\/schema\\\/logo\\\/image\\\/\",\"url\":\"https:\\\/\\\/jornaldasoficinas.com\\\/pt\\\/wp-content\\\/uploads\\\/logoJO-SEO.png\",\"contentUrl\":\"https:\\\/\\\/jornaldasoficinas.com\\\/pt\\\/wp-content\\\/uploads\\\/logoJO-SEO.png\",\"width\":285,\"height\":450,\"caption\":\"Jornal das Oficinas\"},\"image\":{\"@id\":\"https:\\\/\\\/jornaldasoficinas.com\\\/pt\\\/#\\\/schema\\\/logo\\\/image\\\/\"},\"sameAs\":[\"https:\\\/\\\/www.facebook.com\\\/jornaloficinas\",\"https:\\\/\\\/x.com\\\/jornaloficinas\",\"https:\\\/\\\/www.instagram.com\\\/jornal_oficinas\\\/\",\"https:\\\/\\\/www.linkedin.com\\\/company\\\/jornal-das-oficinas\\\/\",\"https:\\\/\\\/www.youtube.com\\\/channel\\\/UCbQZBqtcvV-oSQrr7RzINGg\"]},{\"@type\":\"Person\",\"@id\":\"https:\\\/\\\/jornaldasoficinas.com\\\/pt\\\/#\\\/schema\\\/person\\\/a38eef5de2c41d9e7c9ac10141afddf3\",\"name\":\"Reda\u00e7\u00e3o JO\",\"image\":{\"@type\":\"ImageObject\",\"inLanguage\":\"pt-PT\",\"@id\":\"https:\\\/\\\/secure.gravatar.com\\\/avatar\\\/71f2fa71737ad68a84fea94bc708ddac8ea5b0c4788dc2ad202f3ccb2887742f?s=96&d=wp_user_avatar&r=g\",\"url\":\"https:\\\/\\\/secure.gravatar.com\\\/avatar\\\/71f2fa71737ad68a84fea94bc708ddac8ea5b0c4788dc2ad202f3ccb2887742f?s=96&d=wp_user_avatar&r=g\",\"contentUrl\":\"https:\\\/\\\/secure.gravatar.com\\\/avatar\\\/71f2fa71737ad68a84fea94bc708ddac8ea5b0c4788dc2ad202f3ccb2887742f?s=96&d=wp_user_avatar&r=g\",\"caption\":\"Reda\u00e7\u00e3o JO\"},\"url\":\"https:\\\/\\\/jornaldasoficinas.com\\\/pt\\\/author\\\/joredacao\\\/\"}]}<\/script>\n<!-- \/ Yoast SEO plugin. -->","yoast_head_json":{"title":"Drive360 ajusta modelo e refor\u00e7a distribui\u00e7\u00e3o profissional - Jornal das Oficinas","description":"A Drive360 Parts & Solutions lan\u00e7ou uma campanha de comunica\u00e7\u00e3o na sequ\u00eancia do encerramento de alguns balc\u00f5es de venda ao p\u00fablico","robots":{"index":"index","follow":"follow","max-snippet":"max-snippet:-1","max-image-preview":"max-image-preview:large","max-video-preview":"max-video-preview:-1"},"canonical":"https:\/\/jornaldasoficinas.com\/pt\/drive360-ajusta-modelo-e-reforca-distribuicao-profissional\/","og_locale":"pt_PT","og_type":"article","og_title":"Drive360 ajusta modelo e refor\u00e7a distribui\u00e7\u00e3o profissional - Jornal das Oficinas","og_description":"A Drive360 Parts & Solutions lan\u00e7ou uma campanha de comunica\u00e7\u00e3o na sequ\u00eancia do encerramento de alguns balc\u00f5es de venda ao p\u00fablico","og_url":"https:\/\/jornaldasoficinas.com\/pt\/drive360-ajusta-modelo-e-reforca-distribuicao-profissional\/","og_site_name":"Jornal das Oficinas","article_publisher":"https:\/\/www.facebook.com\/jornaloficinas","article_published_time":"2026-02-04T12:30:37+00:00","og_image":[{"width":1024,"height":581,"url":"https:\/\/jornaldasoficinas.com\/pt\/wp-content\/uploads\/2026\/02\/Drive360-ajusta-modelo-e-reforca-distribuicao-profissional.jpg","type":"image\/jpeg"}],"author":"Reda\u00e7\u00e3o JO","twitter_card":"summary_large_image","twitter_creator":"@jornaloficinas","twitter_site":"@jornaloficinas","twitter_misc":{"Escrito por":"Reda\u00e7\u00e3o JO","Tempo estimado de leitura":"2 minutos"},"schema":{"@context":"https:\/\/schema.org","@graph":[{"@type":"Article","@id":"https:\/\/jornaldasoficinas.com\/pt\/drive360-ajusta-modelo-e-reforca-distribuicao-profissional\/#article","isPartOf":{"@id":"https:\/\/jornaldasoficinas.com\/pt\/drive360-ajusta-modelo-e-reforca-distribuicao-profissional\/"},"author":{"name":"Reda\u00e7\u00e3o JO","@id":"https:\/\/jornaldasoficinas.com\/pt\/#\/schema\/person\/a38eef5de2c41d9e7c9ac10141afddf3"},"headline":"Drive360 ajusta modelo e refor\u00e7a distribui\u00e7\u00e3o profissional","datePublished":"2026-02-04T12:30:37+00:00","mainEntityOfPage":{"@id":"https:\/\/jornaldasoficinas.com\/pt\/drive360-ajusta-modelo-e-reforca-distribuicao-profissional\/"},"wordCount":339,"publisher":{"@id":"https:\/\/jornaldasoficinas.com\/pt\/#organization"},"image":{"@id":"https:\/\/jornaldasoficinas.com\/pt\/drive360-ajusta-modelo-e-reforca-distribuicao-profissional\/#primaryimage"},"thumbnailUrl":"https:\/\/jornaldasoficinas.com\/pt\/wp-content\/uploads\/2026\/02\/Drive360-ajusta-modelo-e-reforca-distribuicao-profissional.jpg","keywords":["Create Business","distribui\u00e7\u00e3o profissional","Drive360 Parts &amp; Solutions","encerramento","Oficinas","vendas ao balc\u00e3o"],"articleSection":["Empresas"],"inLanguage":"pt-PT"},{"@type":"WebPage","@id":"https:\/\/jornaldasoficinas.com\/pt\/drive360-ajusta-modelo-e-reforca-distribuicao-profissional\/","url":"https:\/\/jornaldasoficinas.com\/pt\/drive360-ajusta-modelo-e-reforca-distribuicao-profissional\/","name":"Drive360 ajusta modelo e refor\u00e7a distribui\u00e7\u00e3o profissional - Jornal das Oficinas","isPartOf":{"@id":"https:\/\/jornaldasoficinas.com\/pt\/#website"},"primaryImageOfPage":{"@id":"https:\/\/jornaldasoficinas.com\/pt\/drive360-ajusta-modelo-e-reforca-distribuicao-profissional\/#primaryimage"},"image":{"@id":"https:\/\/jornaldasoficinas.com\/pt\/drive360-ajusta-modelo-e-reforca-distribuicao-profissional\/#primaryimage"},"thumbnailUrl":"https:\/\/jornaldasoficinas.com\/pt\/wp-content\/uploads\/2026\/02\/Drive360-ajusta-modelo-e-reforca-distribuicao-profissional.jpg","datePublished":"2026-02-04T12:30:37+00:00","description":"A Drive360 Parts & Solutions lan\u00e7ou uma campanha de comunica\u00e7\u00e3o na sequ\u00eancia do encerramento de alguns balc\u00f5es de venda ao p\u00fablico","breadcrumb":{"@id":"https:\/\/jornaldasoficinas.com\/pt\/drive360-ajusta-modelo-e-reforca-distribuicao-profissional\/#breadcrumb"},"inLanguage":"pt-PT","potentialAction":[{"@type":"ReadAction","target":["https:\/\/jornaldasoficinas.com\/pt\/drive360-ajusta-modelo-e-reforca-distribuicao-profissional\/"]}]},{"@type":"ImageObject","inLanguage":"pt-PT","@id":"https:\/\/jornaldasoficinas.com\/pt\/drive360-ajusta-modelo-e-reforca-distribuicao-profissional\/#primaryimage","url":"https:\/\/jornaldasoficinas.com\/pt\/wp-content\/uploads\/2026\/02\/Drive360-ajusta-modelo-e-reforca-distribuicao-profissional.jpg","contentUrl":"https:\/\/jornaldasoficinas.com\/pt\/wp-content\/uploads\/2026\/02\/Drive360-ajusta-modelo-e-reforca-distribuicao-profissional.jpg","width":1024,"height":581,"caption":"02 - Drive360 ajusta modelo e reforca distribuicao profissional"},{"@type":"BreadcrumbList","@id":"https:\/\/jornaldasoficinas.com\/pt\/drive360-ajusta-modelo-e-reforca-distribuicao-profissional\/#breadcrumb","itemListElement":[{"@type":"ListItem","position":1,"name":"In\u00edcio","item":"https:\/\/jornaldasoficinas.com\/pt\/"},{"@type":"ListItem","position":2,"name":"Drive360 ajusta modelo e refor\u00e7a distribui\u00e7\u00e3o profissional"}]},{"@type":"WebSite","@id":"https:\/\/jornaldasoficinas.com\/pt\/#website","url":"https:\/\/jornaldasoficinas.com\/pt\/","name":"Jornal das Oficinas","description":"Jornal independente do Aftermarket Autom\u00f3vel em Portugal","publisher":{"@id":"https:\/\/jornaldasoficinas.com\/pt\/#organization"},"potentialAction":[{"@type":"SearchAction","target":{"@type":"EntryPoint","urlTemplate":"https:\/\/jornaldasoficinas.com\/pt\/?s={search_term_string}"},"query-input":{"@type":"PropertyValueSpecification","valueRequired":true,"valueName":"search_term_string"}}],"inLanguage":"pt-PT"},{"@type":"Organization","@id":"https:\/\/jornaldasoficinas.com\/pt\/#organization","name":"Jornal das Oficinas","url":"https:\/\/jornaldasoficinas.com\/pt\/","logo":{"@type":"ImageObject","inLanguage":"pt-PT","@id":"https:\/\/jornaldasoficinas.com\/pt\/#\/schema\/logo\/image\/","url":"https:\/\/jornaldasoficinas.com\/pt\/wp-content\/uploads\/logoJO-SEO.png","contentUrl":"https:\/\/jornaldasoficinas.com\/pt\/wp-content\/uploads\/logoJO-SEO.png","width":285,"height":450,"caption":"Jornal das Oficinas"},"image":{"@id":"https:\/\/jornaldasoficinas.com\/pt\/#\/schema\/logo\/image\/"},"sameAs":["https:\/\/www.facebook.com\/jornaloficinas","https:\/\/x.com\/jornaloficinas","https:\/\/www.instagram.com\/jornal_oficinas\/","https:\/\/www.linkedin.com\/company\/jornal-das-oficinas\/","https:\/\/www.youtube.com\/channel\/UCbQZBqtcvV-oSQrr7RzINGg"]},{"@type":"Person","@id":"https:\/\/jornaldasoficinas.com\/pt\/#\/schema\/person\/a38eef5de2c41d9e7c9ac10141afddf3","name":"Reda\u00e7\u00e3o JO","image":{"@type":"ImageObject","inLanguage":"pt-PT","@id":"https:\/\/secure.gravatar.com\/avatar\/71f2fa71737ad68a84fea94bc708ddac8ea5b0c4788dc2ad202f3ccb2887742f?s=96&d=wp_user_avatar&r=g","url":"https:\/\/secure.gravatar.com\/avatar\/71f2fa71737ad68a84fea94bc708ddac8ea5b0c4788dc2ad202f3ccb2887742f?s=96&d=wp_user_avatar&r=g","contentUrl":"https:\/\/secure.gravatar.com\/avatar\/71f2fa71737ad68a84fea94bc708ddac8ea5b0c4788dc2ad202f3ccb2887742f?s=96&d=wp_user_avatar&r=g","caption":"Reda\u00e7\u00e3o JO"},"url":"https:\/\/jornaldasoficinas.com\/pt\/author\/joredacao\/"}]}},"_links":{"self":[{"href":"https:\/\/jornaldasoficinas.com\/pt\/wp-json\/wp\/v2\/posts\/112565","targetHints":{"allow":["GET"]}}],"collection":[{"href":"https:\/\/jornaldasoficinas.com\/pt\/wp-json\/wp\/v2\/posts"}],"about":[{"href":"https:\/\/jornaldasoficinas.com\/pt\/wp-json\/wp\/v2\/types\/post"}],"author":[{"embeddable":true,"href":"https:\/\/jornaldasoficinas.com\/pt\/wp-json\/wp\/v2\/users\/15"}],"replies":[{"embeddable":true,"href":"https:\/\/jornaldasoficinas.com\/pt\/wp-json\/wp\/v2\/comments?post=112565"}],"version-history":[{"count":4,"href":"https:\/\/jornaldasoficinas.com\/pt\/wp-json\/wp\/v2\/posts\/112565\/revisions"}],"predecessor-version":[{"id":112585,"href":"https:\/\/jornaldasoficinas.com\/pt\/wp-json\/wp\/v2\/posts\/112565\/revisions\/112585"}],"wp:featuredmedia":[{"embeddable":true,"href":"https:\/\/jornaldasoficinas.com\/pt\/wp-json\/wp\/v2\/media\/112584"}],"wp:attachment":[{"href":"https:\/\/jornaldasoficinas.com\/pt\/wp-json\/wp\/v2\/media?parent=112565"}],"wp:term":[{"taxonomy":"category","embeddable":true,"href":"https:\/\/jornaldasoficinas.com\/pt\/wp-json\/wp\/v2\/categories?post=112565"},{"taxonomy":"post_tag","embeddable":true,"href":"https:\/\/jornaldasoficinas.com\/pt\/wp-json\/wp\/v2\/tags?post=112565"}],"curies":[{"name":"wp","href":"https:\/\/api.w.org\/{rel}","templated":true}]}}