{"id":112697,"date":"2026-02-06T18:00:59","date_gmt":"2026-02-06T18:00:59","guid":{"rendered":"https:\/\/jornaldasoficinas.com\/pt\/?p=112697"},"modified":"2026-02-06T12:38:03","modified_gmt":"2026-02-06T12:38:03","slug":"acap-dpai-apresenta-programa-gestao-pos-venda-automovel","status":"publish","type":"post","link":"https:\/\/jornaldasoficinas.com\/pt\/acap-dpai-apresenta-programa-gestao-pos-venda-automovel\/","title":{"rendered":"ACAP\/DPAI apresenta Programa de Gest\u00e3o P\u00f3s-venda Autom\u00f3vel"},"content":{"rendered":"<p><strong><img loading=\"lazy\" decoding=\"async\" class=\"alignnone size-full wp-image-112710\" src=\"https:\/\/jornaldasoficinas.com\/pt\/wp-content\/uploads\/2026\/02\/ACAPDPAI-apresenta-Programa-de-Gestao-Pos-venda-Automovel.png\" alt=\"02 - ACAPDPAI apresenta Programa de Gestao Pos venda Automovel\" width=\"1024\" height=\"581\" srcset=\"https:\/\/jornaldasoficinas.com\/pt\/wp-content\/uploads\/2026\/02\/ACAPDPAI-apresenta-Programa-de-Gestao-Pos-venda-Automovel.png 1024w, https:\/\/jornaldasoficinas.com\/pt\/wp-content\/uploads\/2026\/02\/ACAPDPAI-apresenta-Programa-de-Gestao-Pos-venda-Automovel-300x170.png 300w, https:\/\/jornaldasoficinas.com\/pt\/wp-content\/uploads\/2026\/02\/ACAPDPAI-apresenta-Programa-de-Gestao-Pos-venda-Automovel-150x85.png 150w, https:\/\/jornaldasoficinas.com\/pt\/wp-content\/uploads\/2026\/02\/ACAPDPAI-apresenta-Programa-de-Gestao-Pos-venda-Automovel-768x436.png 768w\" sizes=\"auto, (max-width: 1024px) 100vw, 1024px\" \/><\/strong><\/p>\n<p><strong>A <a href=\"https:\/\/dpai.acap.pt\/\" target=\"_blank\" rel=\"noopener\">ACAP\/DPAI<\/a>, em parceria com a <a href=\"https:\/\/catolicabs.porto.ucp.pt\/\" target=\"_blank\" rel=\"noopener\">Cat\u00f3lica Porto Business School<\/a>, lan\u00e7ou o Programa Avan\u00e7ado de Gest\u00e3o para o P\u00f3s-venda Autom\u00f3vel, que foi apresentado por Joaquim Candeias, Vice-Presidente da ACAP; Raquel Marinho, Coordenadora da Comiss\u00e3o de Servi\u00e7os de Mobilidade da Divis\u00e3o do P\u00f3s-venda Autom\u00f3vel da DPAI, Susana Costa e Silva e Manuel Mota, Diretores do Programa<\/strong><\/p>\n<p>Na sua interven\u00e7\u00e3o, Joaquim Candeias, presidente da DPAI, sublinhou que o p\u00f3s-venda deixou de ser apenas uma fun\u00e7\u00e3o operacional para assumir um papel estrat\u00e9gico na cadeia de valor autom\u00f3vel, exigindo novas compet\u00eancias e uma mentalidade aberta \u00e0 mudan\u00e7a. &#8220;Eu gostaria de falar de alguns temas, como a mobilidade, a sustentabilidade, o IAM e o OES cada vez est\u00e3o mais pr\u00f3ximos e que cada vez se tornam numa solu\u00e7\u00e3o \u00fanica no p\u00f3s-venda&#8221;, afirmou, destacando que a evolu\u00e7\u00e3o tecnol\u00f3gica e os novos modelos de utiliza\u00e7\u00e3o do autom\u00f3vel obrigam a uma adapta\u00e7\u00e3o cont\u00ednua.<\/p>\n<p>Para o respons\u00e1vel, a mobilidade mudou e &#8220;quem n\u00e3o se adapta fica parado&#8221;, sendo essencial que empresas e profissionais acompanhem este movimento permanente. A sustentabilidade foi apresentada como um eixo incontorn\u00e1vel, n\u00e3o apenas ambiental, mas tamb\u00e9m econ\u00f3mico, refor\u00e7ando que &#8220;j\u00e1 n\u00e3o \u00e9 uma op\u00e7\u00e3o, \u00e9 um crit\u00e9rio de sobreviv\u00eancia&#8221;, pois gerir bem hoje significa garantir neg\u00f3cio amanh\u00e3.<\/p>\n<p>Outro ponto central foi a converg\u00eancia entre IAM e redes oficiais, cujas fronteiras tendem a desaparecer, tornando a compet\u00eancia e o valor percebido mais relevantes do que o pre\u00e7o.<\/p>\n<p>O Programa Avan\u00e7ado de Gest\u00e3o para o P\u00f3s-venda Autom\u00f3vel surge, assim, como instrumento de capacita\u00e7\u00e3o t\u00e9cnica e, sobretudo, de gest\u00e3o e lideran\u00e7a. &#8220;Os processos bem geridos criam resultados, mas l\u00edderes bem preparados criam o futuro&#8221;, salientou, defendendo que a t\u00e9cnica mant\u00e9m o neg\u00f3cio, mas \u00e9 a gest\u00e3o que o faz crescer.<\/p>\n<p>A reten\u00e7\u00e3o de talentos foi igualmente destacada como fator cr\u00edtico de competitividade, numa l\u00f3gica em que pessoas s\u00e3o o principal investimento das organiza\u00e7\u00f5es. &#8220;Eu penso que as empresas n\u00e3o perdem talentos, perdem lideran\u00e7a&#8221;, disse, refor\u00e7ando que reter colaboradores \u00e9 t\u00e3o vital quanto reter clientes. Em conclus\u00e3o, Joaquim Candeias sintetizou a filosofia do Programa ao afirmar que &#8220;o futuro do p\u00f3s-venda constr\u00f3i-se hoje&#8221; e que esta iniciativa &#8220;n\u00e3o prepara para o presente, prepara para o que vem a seguir&#8221;, posicionando a forma\u00e7\u00e3o como motor de conhecimento, diferencia\u00e7\u00e3o e vantagem competitiva imediata para todo o setor.<\/p>\n<p><strong>Gerir para liderar<\/strong><\/p>\n<p>Raquel Marinho, Coordenadora da Comiss\u00e3o de Servi\u00e7os de Mobilidade da Divis\u00e3o do P\u00f3s-venda Autom\u00f3vel da ACAP, destacou que muitas empresas continuam presas a uma l\u00f3gica de sobreviv\u00eancia, enquanto outras optam por liderar atrav\u00e9s da antecipa\u00e7\u00e3o e do investimento em compet\u00eancias. &#8220;Gerimos para sobreviver ou gerimos para liderar num mercado cada vez mais competitivo&#8221;, afirmou, sublinhando que as organiza\u00e7\u00f5es que dizem n\u00e3o ter tempo raramente coincidem com as que apresentam maior rentabilidade.<\/p>\n<p>Raquel Marinho abordou tamb\u00e9m a quest\u00e3o do tempo como uma desculpa recorrente que impede a an\u00e1lise cr\u00edtica do neg\u00f3cio: &#8220;Muitas vezes damos uma desculpa a n\u00f3s pr\u00f3prios do tempo. \u00c9 uma desculpa muito comum que todos usamos para, no fundo, n\u00e3o vermos a realidade&#8221;. Para a respons\u00e1vel, a coragem de encarar os problemas e a humildade para reconhecer que \u00e9 poss\u00edvel melhorar s\u00e3o caracter\u00edsticas essenciais para quem pretende frequentar o Programa.<\/p>\n<p>A apresenta\u00e7\u00e3o evidenciou ainda a r\u00e1pida mudan\u00e7a do setor autom\u00f3vel, marcada pela digitaliza\u00e7\u00e3o, pela eletrifica\u00e7\u00e3o das viaturas, pela concentra\u00e7\u00e3o de clientes e pela press\u00e3o crescente sobre margens e pre\u00e7os. O modelo tradicional deixou de ser garantia de estabilidade e hoje a mobilidade e a experi\u00eancia do cliente assumem um papel central.<\/p>\n<p>Nesse contexto, a forma\u00e7\u00e3o surge como investimento estrat\u00e9gico e n\u00e3o como custo, j\u00e1 que &#8220;vai haver sempre um pre\u00e7o: ou se paga pela forma\u00e7\u00e3o ou se paga pelas consequ\u00eancias da falta de forma\u00e7\u00e3o&#8221;. Outro ponto valorizado foi o networking proporcionado pelo Programa, visto como oportunidade de aprendizagem coletiva entre fabricantes, distribuidores e oficinas.<\/p>\n<p><strong>Objetivos e destinat\u00e1rios<\/strong><\/p>\n<p>Este programa foi concebido para proporcionar uma perspetiva 360\u00ba sobre o panorama da ind\u00fastria autom\u00f3vel e disponibilizar solu\u00e7\u00f5es pr\u00e1ticas que permitam aos executivos liderar com confian\u00e7a e transformar incertezas em oportunidades.<\/p>\n<p>Este programa visa desenvolver l\u00edderes capazes de impulsionar a excel\u00eancia nas \u00e1reas de p\u00f3s-venda e de pe\u00e7as da ind\u00fastria autom\u00f3vel.<\/p>\n<p>O curso refor\u00e7a compet\u00eancias estrat\u00e9gicas e de gest\u00e3o, promovendo uma vis\u00e3o clara e integrada do sector e dotando os participantes de ferramentas para liderar equipas com confian\u00e7a, antecipar tend\u00eancias e transformar desafios em oportunidades de crescimento sustent\u00e1vel.<\/p>\n<p>Os principais destinat\u00e1rios s\u00e3o: Gestores do Setor Autom\u00f3vel; Gestores de Distribuidores de Pe\u00e7as e Respons\u00e1veis de P\u00f3s-venda.<\/p>\n<p>O Programa tem um custo de 3.500 euros. 1 inscri\u00e7\u00e3o: 10% desconto; 2 ou mais inscri\u00e7\u00f5es da mesma empresa: 15% desconto; Pronto pagamento: 5% de desconto (acumul\u00e1vel com o desconto da inscri\u00e7\u00e3o).<\/p>\n<p>Data: 16 de Abril I 17h30<br \/>\nDura\u00e7\u00e3o do curso: 84h30<br \/>\nPresencial: Cat\u00f3lica Porto Business School<br \/>\nHor\u00e1rio: Quinzenalmente<br \/>\n6\u00aaf das 9h00-17h00 e s\u00e1bado<\/p>\n","protected":false},"excerpt":{"rendered":"<p>A ACAP\/DPAI, em parceria com a&#8230;<\/p>\n","protected":false},"author":15,"featured_media":112710,"comment_status":"closed","ping_status":"closed","sticky":false,"template":"","format":"standard","meta":{"footnotes":""},"categories":[37],"tags":[157,14510,158,3930,14511],"class_list":["post-112697","post","type-post","status-publish","format-standard","has-post-thumbnail","hentry","category-mercado","tag-acap","tag-catolica-porto-business-school","tag-dpai","tag-pos-venda-automovel","tag-programa-avancado-de-gestao"],"yoast_head":"<!-- This site is optimized with the Yoast SEO plugin v27.5 - https:\/\/yoast.com\/product\/yoast-seo-wordpress\/ -->\n<title>ACAP\/DPAI apresenta Programa de Gest\u00e3o P\u00f3s-venda Autom\u00f3vel - Jornal das Oficinas<\/title>\n<meta name=\"description\" content=\"A ACAP\/DPAI, em parceria com a Cat\u00f3lica Porto Business School, lan\u00e7ou o Programa Avan\u00e7ado de Gest\u00e3o para o P\u00f3s-venda Autom\u00f3vel\" \/>\n<meta name=\"robots\" content=\"index, follow, max-snippet:-1, max-image-preview:large, max-video-preview:-1\" \/>\n<link rel=\"canonical\" href=\"https:\/\/jornaldasoficinas.com\/pt\/acap-dpai-apresenta-programa-gestao-pos-venda-automovel\/\" \/>\n<meta property=\"og:locale\" content=\"pt_PT\" \/>\n<meta property=\"og:type\" content=\"article\" \/>\n<meta property=\"og:title\" content=\"ACAP\/DPAI apresenta Programa de Gest\u00e3o P\u00f3s-venda Autom\u00f3vel - Jornal das Oficinas\" \/>\n<meta property=\"og:description\" content=\"A ACAP\/DPAI, em parceria com a Cat\u00f3lica Porto Business School, lan\u00e7ou o Programa Avan\u00e7ado de Gest\u00e3o para o P\u00f3s-venda Autom\u00f3vel\" \/>\n<meta property=\"og:url\" content=\"https:\/\/jornaldasoficinas.com\/pt\/acap-dpai-apresenta-programa-gestao-pos-venda-automovel\/\" \/>\n<meta property=\"og:site_name\" content=\"Jornal das Oficinas\" \/>\n<meta property=\"article:publisher\" content=\"https:\/\/www.facebook.com\/jornaloficinas\" \/>\n<meta property=\"article:published_time\" content=\"2026-02-06T18:00:59+00:00\" \/>\n<meta property=\"og:image\" content=\"https:\/\/jornaldasoficinas.com\/pt\/wp-content\/uploads\/2026\/02\/ACAPDPAI-apresenta-Programa-de-Gestao-Pos-venda-Automovel.png\" \/>\n\t<meta property=\"og:image:width\" content=\"1024\" \/>\n\t<meta property=\"og:image:height\" content=\"581\" \/>\n\t<meta property=\"og:image:type\" content=\"image\/png\" \/>\n<meta name=\"author\" content=\"Reda\u00e7\u00e3o JO\" \/>\n<meta name=\"twitter:card\" content=\"summary_large_image\" \/>\n<meta name=\"twitter:creator\" content=\"@jornaloficinas\" \/>\n<meta name=\"twitter:site\" content=\"@jornaloficinas\" \/>\n<meta name=\"twitter:label1\" content=\"Escrito por\" \/>\n\t<meta name=\"twitter:data1\" content=\"Reda\u00e7\u00e3o JO\" \/>\n\t<meta name=\"twitter:label2\" content=\"Tempo estimado de leitura\" \/>\n\t<meta name=\"twitter:data2\" content=\"5 minutos\" \/>\n<script type=\"application\/ld+json\" class=\"yoast-schema-graph\">{\"@context\":\"https:\\\/\\\/schema.org\",\"@graph\":[{\"@type\":\"Article\",\"@id\":\"https:\\\/\\\/jornaldasoficinas.com\\\/pt\\\/acap-dpai-apresenta-programa-gestao-pos-venda-automovel\\\/#article\",\"isPartOf\":{\"@id\":\"https:\\\/\\\/jornaldasoficinas.com\\\/pt\\\/acap-dpai-apresenta-programa-gestao-pos-venda-automovel\\\/\"},\"author\":{\"name\":\"Reda\u00e7\u00e3o JO\",\"@id\":\"https:\\\/\\\/jornaldasoficinas.com\\\/pt\\\/#\\\/schema\\\/person\\\/a38eef5de2c41d9e7c9ac10141afddf3\"},\"headline\":\"ACAP\\\/DPAI apresenta Programa de Gest\u00e3o P\u00f3s-venda Autom\u00f3vel\",\"datePublished\":\"2026-02-06T18:00:59+00:00\",\"mainEntityOfPage\":{\"@id\":\"https:\\\/\\\/jornaldasoficinas.com\\\/pt\\\/acap-dpai-apresenta-programa-gestao-pos-venda-automovel\\\/\"},\"wordCount\":932,\"publisher\":{\"@id\":\"https:\\\/\\\/jornaldasoficinas.com\\\/pt\\\/#organization\"},\"image\":{\"@id\":\"https:\\\/\\\/jornaldasoficinas.com\\\/pt\\\/acap-dpai-apresenta-programa-gestao-pos-venda-automovel\\\/#primaryimage\"},\"thumbnailUrl\":\"https:\\\/\\\/jornaldasoficinas.com\\\/pt\\\/wp-content\\\/uploads\\\/2026\\\/02\\\/ACAPDPAI-apresenta-Programa-de-Gestao-Pos-venda-Automovel.png\",\"keywords\":[\"ACAP\",\"Cat\u00f3lica Porto Business School\",\"DPAI\",\"p\u00f3s-venda autom\u00f3vel\",\"Programa Avan\u00e7ado de Gest\u00e3o\"],\"articleSection\":[\"Mercado\"],\"inLanguage\":\"pt-PT\"},{\"@type\":\"WebPage\",\"@id\":\"https:\\\/\\\/jornaldasoficinas.com\\\/pt\\\/acap-dpai-apresenta-programa-gestao-pos-venda-automovel\\\/\",\"url\":\"https:\\\/\\\/jornaldasoficinas.com\\\/pt\\\/acap-dpai-apresenta-programa-gestao-pos-venda-automovel\\\/\",\"name\":\"ACAP\\\/DPAI apresenta Programa de Gest\u00e3o P\u00f3s-venda Autom\u00f3vel - Jornal das Oficinas\",\"isPartOf\":{\"@id\":\"https:\\\/\\\/jornaldasoficinas.com\\\/pt\\\/#website\"},\"primaryImageOfPage\":{\"@id\":\"https:\\\/\\\/jornaldasoficinas.com\\\/pt\\\/acap-dpai-apresenta-programa-gestao-pos-venda-automovel\\\/#primaryimage\"},\"image\":{\"@id\":\"https:\\\/\\\/jornaldasoficinas.com\\\/pt\\\/acap-dpai-apresenta-programa-gestao-pos-venda-automovel\\\/#primaryimage\"},\"thumbnailUrl\":\"https:\\\/\\\/jornaldasoficinas.com\\\/pt\\\/wp-content\\\/uploads\\\/2026\\\/02\\\/ACAPDPAI-apresenta-Programa-de-Gestao-Pos-venda-Automovel.png\",\"datePublished\":\"2026-02-06T18:00:59+00:00\",\"description\":\"A ACAP\\\/DPAI, em parceria com a Cat\u00f3lica Porto Business School, lan\u00e7ou o Programa Avan\u00e7ado de Gest\u00e3o para o P\u00f3s-venda Autom\u00f3vel\",\"breadcrumb\":{\"@id\":\"https:\\\/\\\/jornaldasoficinas.com\\\/pt\\\/acap-dpai-apresenta-programa-gestao-pos-venda-automovel\\\/#breadcrumb\"},\"inLanguage\":\"pt-PT\",\"potentialAction\":[{\"@type\":\"ReadAction\",\"target\":[\"https:\\\/\\\/jornaldasoficinas.com\\\/pt\\\/acap-dpai-apresenta-programa-gestao-pos-venda-automovel\\\/\"]}]},{\"@type\":\"ImageObject\",\"inLanguage\":\"pt-PT\",\"@id\":\"https:\\\/\\\/jornaldasoficinas.com\\\/pt\\\/acap-dpai-apresenta-programa-gestao-pos-venda-automovel\\\/#primaryimage\",\"url\":\"https:\\\/\\\/jornaldasoficinas.com\\\/pt\\\/wp-content\\\/uploads\\\/2026\\\/02\\\/ACAPDPAI-apresenta-Programa-de-Gestao-Pos-venda-Automovel.png\",\"contentUrl\":\"https:\\\/\\\/jornaldasoficinas.com\\\/pt\\\/wp-content\\\/uploads\\\/2026\\\/02\\\/ACAPDPAI-apresenta-Programa-de-Gestao-Pos-venda-Automovel.png\",\"width\":1024,\"height\":581,\"caption\":\"02 - ACAPDPAI apresenta Programa de Gestao Pos venda Automovel\"},{\"@type\":\"BreadcrumbList\",\"@id\":\"https:\\\/\\\/jornaldasoficinas.com\\\/pt\\\/acap-dpai-apresenta-programa-gestao-pos-venda-automovel\\\/#breadcrumb\",\"itemListElement\":[{\"@type\":\"ListItem\",\"position\":1,\"name\":\"In\u00edcio\",\"item\":\"https:\\\/\\\/jornaldasoficinas.com\\\/pt\\\/\"},{\"@type\":\"ListItem\",\"position\":2,\"name\":\"ACAP\\\/DPAI apresenta Programa de Gest\u00e3o P\u00f3s-venda Autom\u00f3vel\"}]},{\"@type\":\"WebSite\",\"@id\":\"https:\\\/\\\/jornaldasoficinas.com\\\/pt\\\/#website\",\"url\":\"https:\\\/\\\/jornaldasoficinas.com\\\/pt\\\/\",\"name\":\"Jornal das Oficinas\",\"description\":\"Jornal independente do Aftermarket Autom\u00f3vel em Portugal\",\"publisher\":{\"@id\":\"https:\\\/\\\/jornaldasoficinas.com\\\/pt\\\/#organization\"},\"potentialAction\":[{\"@type\":\"SearchAction\",\"target\":{\"@type\":\"EntryPoint\",\"urlTemplate\":\"https:\\\/\\\/jornaldasoficinas.com\\\/pt\\\/?s={search_term_string}\"},\"query-input\":{\"@type\":\"PropertyValueSpecification\",\"valueRequired\":true,\"valueName\":\"search_term_string\"}}],\"inLanguage\":\"pt-PT\"},{\"@type\":\"Organization\",\"@id\":\"https:\\\/\\\/jornaldasoficinas.com\\\/pt\\\/#organization\",\"name\":\"Jornal das Oficinas\",\"url\":\"https:\\\/\\\/jornaldasoficinas.com\\\/pt\\\/\",\"logo\":{\"@type\":\"ImageObject\",\"inLanguage\":\"pt-PT\",\"@id\":\"https:\\\/\\\/jornaldasoficinas.com\\\/pt\\\/#\\\/schema\\\/logo\\\/image\\\/\",\"url\":\"https:\\\/\\\/jornaldasoficinas.com\\\/pt\\\/wp-content\\\/uploads\\\/logoJO-SEO.png\",\"contentUrl\":\"https:\\\/\\\/jornaldasoficinas.com\\\/pt\\\/wp-content\\\/uploads\\\/logoJO-SEO.png\",\"width\":285,\"height\":450,\"caption\":\"Jornal das Oficinas\"},\"image\":{\"@id\":\"https:\\\/\\\/jornaldasoficinas.com\\\/pt\\\/#\\\/schema\\\/logo\\\/image\\\/\"},\"sameAs\":[\"https:\\\/\\\/www.facebook.com\\\/jornaloficinas\",\"https:\\\/\\\/x.com\\\/jornaloficinas\",\"https:\\\/\\\/www.instagram.com\\\/jornal_oficinas\\\/\",\"https:\\\/\\\/www.linkedin.com\\\/company\\\/jornal-das-oficinas\\\/\",\"https:\\\/\\\/www.youtube.com\\\/channel\\\/UCbQZBqtcvV-oSQrr7RzINGg\"]},{\"@type\":\"Person\",\"@id\":\"https:\\\/\\\/jornaldasoficinas.com\\\/pt\\\/#\\\/schema\\\/person\\\/a38eef5de2c41d9e7c9ac10141afddf3\",\"name\":\"Reda\u00e7\u00e3o JO\",\"image\":{\"@type\":\"ImageObject\",\"inLanguage\":\"pt-PT\",\"@id\":\"https:\\\/\\\/secure.gravatar.com\\\/avatar\\\/71f2fa71737ad68a84fea94bc708ddac8ea5b0c4788dc2ad202f3ccb2887742f?s=96&d=wp_user_avatar&r=g\",\"url\":\"https:\\\/\\\/secure.gravatar.com\\\/avatar\\\/71f2fa71737ad68a84fea94bc708ddac8ea5b0c4788dc2ad202f3ccb2887742f?s=96&d=wp_user_avatar&r=g\",\"contentUrl\":\"https:\\\/\\\/secure.gravatar.com\\\/avatar\\\/71f2fa71737ad68a84fea94bc708ddac8ea5b0c4788dc2ad202f3ccb2887742f?s=96&d=wp_user_avatar&r=g\",\"caption\":\"Reda\u00e7\u00e3o JO\"},\"url\":\"https:\\\/\\\/jornaldasoficinas.com\\\/pt\\\/author\\\/joredacao\\\/\"}]}<\/script>\n<!-- \/ Yoast SEO plugin. -->","yoast_head_json":{"title":"ACAP\/DPAI apresenta Programa de Gest\u00e3o P\u00f3s-venda Autom\u00f3vel - Jornal das Oficinas","description":"A ACAP\/DPAI, em parceria com a Cat\u00f3lica Porto Business School, lan\u00e7ou o Programa Avan\u00e7ado de Gest\u00e3o para o P\u00f3s-venda Autom\u00f3vel","robots":{"index":"index","follow":"follow","max-snippet":"max-snippet:-1","max-image-preview":"max-image-preview:large","max-video-preview":"max-video-preview:-1"},"canonical":"https:\/\/jornaldasoficinas.com\/pt\/acap-dpai-apresenta-programa-gestao-pos-venda-automovel\/","og_locale":"pt_PT","og_type":"article","og_title":"ACAP\/DPAI apresenta Programa de Gest\u00e3o P\u00f3s-venda Autom\u00f3vel - Jornal das Oficinas","og_description":"A ACAP\/DPAI, em parceria com a Cat\u00f3lica Porto Business School, lan\u00e7ou o Programa Avan\u00e7ado de Gest\u00e3o para o P\u00f3s-venda Autom\u00f3vel","og_url":"https:\/\/jornaldasoficinas.com\/pt\/acap-dpai-apresenta-programa-gestao-pos-venda-automovel\/","og_site_name":"Jornal das Oficinas","article_publisher":"https:\/\/www.facebook.com\/jornaloficinas","article_published_time":"2026-02-06T18:00:59+00:00","og_image":[{"width":1024,"height":581,"url":"https:\/\/jornaldasoficinas.com\/pt\/wp-content\/uploads\/2026\/02\/ACAPDPAI-apresenta-Programa-de-Gestao-Pos-venda-Automovel.png","type":"image\/png"}],"author":"Reda\u00e7\u00e3o JO","twitter_card":"summary_large_image","twitter_creator":"@jornaloficinas","twitter_site":"@jornaloficinas","twitter_misc":{"Escrito por":"Reda\u00e7\u00e3o JO","Tempo estimado de leitura":"5 minutos"},"schema":{"@context":"https:\/\/schema.org","@graph":[{"@type":"Article","@id":"https:\/\/jornaldasoficinas.com\/pt\/acap-dpai-apresenta-programa-gestao-pos-venda-automovel\/#article","isPartOf":{"@id":"https:\/\/jornaldasoficinas.com\/pt\/acap-dpai-apresenta-programa-gestao-pos-venda-automovel\/"},"author":{"name":"Reda\u00e7\u00e3o JO","@id":"https:\/\/jornaldasoficinas.com\/pt\/#\/schema\/person\/a38eef5de2c41d9e7c9ac10141afddf3"},"headline":"ACAP\/DPAI apresenta Programa de Gest\u00e3o P\u00f3s-venda Autom\u00f3vel","datePublished":"2026-02-06T18:00:59+00:00","mainEntityOfPage":{"@id":"https:\/\/jornaldasoficinas.com\/pt\/acap-dpai-apresenta-programa-gestao-pos-venda-automovel\/"},"wordCount":932,"publisher":{"@id":"https:\/\/jornaldasoficinas.com\/pt\/#organization"},"image":{"@id":"https:\/\/jornaldasoficinas.com\/pt\/acap-dpai-apresenta-programa-gestao-pos-venda-automovel\/#primaryimage"},"thumbnailUrl":"https:\/\/jornaldasoficinas.com\/pt\/wp-content\/uploads\/2026\/02\/ACAPDPAI-apresenta-Programa-de-Gestao-Pos-venda-Automovel.png","keywords":["ACAP","Cat\u00f3lica Porto Business School","DPAI","p\u00f3s-venda autom\u00f3vel","Programa Avan\u00e7ado de Gest\u00e3o"],"articleSection":["Mercado"],"inLanguage":"pt-PT"},{"@type":"WebPage","@id":"https:\/\/jornaldasoficinas.com\/pt\/acap-dpai-apresenta-programa-gestao-pos-venda-automovel\/","url":"https:\/\/jornaldasoficinas.com\/pt\/acap-dpai-apresenta-programa-gestao-pos-venda-automovel\/","name":"ACAP\/DPAI apresenta Programa de Gest\u00e3o P\u00f3s-venda Autom\u00f3vel - Jornal das Oficinas","isPartOf":{"@id":"https:\/\/jornaldasoficinas.com\/pt\/#website"},"primaryImageOfPage":{"@id":"https:\/\/jornaldasoficinas.com\/pt\/acap-dpai-apresenta-programa-gestao-pos-venda-automovel\/#primaryimage"},"image":{"@id":"https:\/\/jornaldasoficinas.com\/pt\/acap-dpai-apresenta-programa-gestao-pos-venda-automovel\/#primaryimage"},"thumbnailUrl":"https:\/\/jornaldasoficinas.com\/pt\/wp-content\/uploads\/2026\/02\/ACAPDPAI-apresenta-Programa-de-Gestao-Pos-venda-Automovel.png","datePublished":"2026-02-06T18:00:59+00:00","description":"A ACAP\/DPAI, em parceria com a Cat\u00f3lica Porto Business School, lan\u00e7ou o Programa Avan\u00e7ado de Gest\u00e3o para o P\u00f3s-venda Autom\u00f3vel","breadcrumb":{"@id":"https:\/\/jornaldasoficinas.com\/pt\/acap-dpai-apresenta-programa-gestao-pos-venda-automovel\/#breadcrumb"},"inLanguage":"pt-PT","potentialAction":[{"@type":"ReadAction","target":["https:\/\/jornaldasoficinas.com\/pt\/acap-dpai-apresenta-programa-gestao-pos-venda-automovel\/"]}]},{"@type":"ImageObject","inLanguage":"pt-PT","@id":"https:\/\/jornaldasoficinas.com\/pt\/acap-dpai-apresenta-programa-gestao-pos-venda-automovel\/#primaryimage","url":"https:\/\/jornaldasoficinas.com\/pt\/wp-content\/uploads\/2026\/02\/ACAPDPAI-apresenta-Programa-de-Gestao-Pos-venda-Automovel.png","contentUrl":"https:\/\/jornaldasoficinas.com\/pt\/wp-content\/uploads\/2026\/02\/ACAPDPAI-apresenta-Programa-de-Gestao-Pos-venda-Automovel.png","width":1024,"height":581,"caption":"02 - ACAPDPAI apresenta Programa de Gestao Pos venda Automovel"},{"@type":"BreadcrumbList","@id":"https:\/\/jornaldasoficinas.com\/pt\/acap-dpai-apresenta-programa-gestao-pos-venda-automovel\/#breadcrumb","itemListElement":[{"@type":"ListItem","position":1,"name":"In\u00edcio","item":"https:\/\/jornaldasoficinas.com\/pt\/"},{"@type":"ListItem","position":2,"name":"ACAP\/DPAI apresenta Programa de Gest\u00e3o P\u00f3s-venda Autom\u00f3vel"}]},{"@type":"WebSite","@id":"https:\/\/jornaldasoficinas.com\/pt\/#website","url":"https:\/\/jornaldasoficinas.com\/pt\/","name":"Jornal das Oficinas","description":"Jornal independente do Aftermarket Autom\u00f3vel em Portugal","publisher":{"@id":"https:\/\/jornaldasoficinas.com\/pt\/#organization"},"potentialAction":[{"@type":"SearchAction","target":{"@type":"EntryPoint","urlTemplate":"https:\/\/jornaldasoficinas.com\/pt\/?s={search_term_string}"},"query-input":{"@type":"PropertyValueSpecification","valueRequired":true,"valueName":"search_term_string"}}],"inLanguage":"pt-PT"},{"@type":"Organization","@id":"https:\/\/jornaldasoficinas.com\/pt\/#organization","name":"Jornal das Oficinas","url":"https:\/\/jornaldasoficinas.com\/pt\/","logo":{"@type":"ImageObject","inLanguage":"pt-PT","@id":"https:\/\/jornaldasoficinas.com\/pt\/#\/schema\/logo\/image\/","url":"https:\/\/jornaldasoficinas.com\/pt\/wp-content\/uploads\/logoJO-SEO.png","contentUrl":"https:\/\/jornaldasoficinas.com\/pt\/wp-content\/uploads\/logoJO-SEO.png","width":285,"height":450,"caption":"Jornal das Oficinas"},"image":{"@id":"https:\/\/jornaldasoficinas.com\/pt\/#\/schema\/logo\/image\/"},"sameAs":["https:\/\/www.facebook.com\/jornaloficinas","https:\/\/x.com\/jornaloficinas","https:\/\/www.instagram.com\/jornal_oficinas\/","https:\/\/www.linkedin.com\/company\/jornal-das-oficinas\/","https:\/\/www.youtube.com\/channel\/UCbQZBqtcvV-oSQrr7RzINGg"]},{"@type":"Person","@id":"https:\/\/jornaldasoficinas.com\/pt\/#\/schema\/person\/a38eef5de2c41d9e7c9ac10141afddf3","name":"Reda\u00e7\u00e3o JO","image":{"@type":"ImageObject","inLanguage":"pt-PT","@id":"https:\/\/secure.gravatar.com\/avatar\/71f2fa71737ad68a84fea94bc708ddac8ea5b0c4788dc2ad202f3ccb2887742f?s=96&d=wp_user_avatar&r=g","url":"https:\/\/secure.gravatar.com\/avatar\/71f2fa71737ad68a84fea94bc708ddac8ea5b0c4788dc2ad202f3ccb2887742f?s=96&d=wp_user_avatar&r=g","contentUrl":"https:\/\/secure.gravatar.com\/avatar\/71f2fa71737ad68a84fea94bc708ddac8ea5b0c4788dc2ad202f3ccb2887742f?s=96&d=wp_user_avatar&r=g","caption":"Reda\u00e7\u00e3o JO"},"url":"https:\/\/jornaldasoficinas.com\/pt\/author\/joredacao\/"}]}},"_links":{"self":[{"href":"https:\/\/jornaldasoficinas.com\/pt\/wp-json\/wp\/v2\/posts\/112697","targetHints":{"allow":["GET"]}}],"collection":[{"href":"https:\/\/jornaldasoficinas.com\/pt\/wp-json\/wp\/v2\/posts"}],"about":[{"href":"https:\/\/jornaldasoficinas.com\/pt\/wp-json\/wp\/v2\/types\/post"}],"author":[{"embeddable":true,"href":"https:\/\/jornaldasoficinas.com\/pt\/wp-json\/wp\/v2\/users\/15"}],"replies":[{"embeddable":true,"href":"https:\/\/jornaldasoficinas.com\/pt\/wp-json\/wp\/v2\/comments?post=112697"}],"version-history":[{"count":4,"href":"https:\/\/jornaldasoficinas.com\/pt\/wp-json\/wp\/v2\/posts\/112697\/revisions"}],"predecessor-version":[{"id":112711,"href":"https:\/\/jornaldasoficinas.com\/pt\/wp-json\/wp\/v2\/posts\/112697\/revisions\/112711"}],"wp:featuredmedia":[{"embeddable":true,"href":"https:\/\/jornaldasoficinas.com\/pt\/wp-json\/wp\/v2\/media\/112710"}],"wp:attachment":[{"href":"https:\/\/jornaldasoficinas.com\/pt\/wp-json\/wp\/v2\/media?parent=112697"}],"wp:term":[{"taxonomy":"category","embeddable":true,"href":"https:\/\/jornaldasoficinas.com\/pt\/wp-json\/wp\/v2\/categories?post=112697"},{"taxonomy":"post_tag","embeddable":true,"href":"https:\/\/jornaldasoficinas.com\/pt\/wp-json\/wp\/v2\/tags?post=112697"}],"curies":[{"name":"wp","href":"https:\/\/api.w.org\/{rel}","templated":true}]}}