{"id":112952,"date":"2026-02-13T12:30:09","date_gmt":"2026-02-13T12:30:09","guid":{"rendered":"https:\/\/jornaldasoficinas.com\/pt\/?p=112952"},"modified":"2026-02-12T17:51:16","modified_gmt":"2026-02-12T17:51:16","slug":"textar-expande-gama-com-153-novos-produtos","status":"publish","type":"post","link":"https:\/\/jornaldasoficinas.com\/pt\/textar-expande-gama-com-153-novos-produtos\/","title":{"rendered":"Textar expande gama com 153 novos produtos"},"content":{"rendered":"<p><img loading=\"lazy\" decoding=\"async\" class=\"alignnone size-full wp-image-112976\" src=\"https:\/\/jornaldasoficinas.com\/pt\/wp-content\/uploads\/2026\/02\/Untitled-1-2.jpg\" alt=\"\" width=\"1024\" height=\"580\" srcset=\"https:\/\/jornaldasoficinas.com\/pt\/wp-content\/uploads\/2026\/02\/Untitled-1-2.jpg 1024w, https:\/\/jornaldasoficinas.com\/pt\/wp-content\/uploads\/2026\/02\/Untitled-1-2-300x170.jpg 300w, https:\/\/jornaldasoficinas.com\/pt\/wp-content\/uploads\/2026\/02\/Untitled-1-2-150x85.jpg 150w, https:\/\/jornaldasoficinas.com\/pt\/wp-content\/uploads\/2026\/02\/Untitled-1-2-768x435.jpg 768w\" sizes=\"auto, (max-width: 1024px) 100vw, 1024px\" \/><\/p>\n<p><strong>A <a href=\"https:\/\/textar.com\/\" target=\"_blank\" rel=\"noopener\">Textar<\/a> colocou no mercado 153 novos produtos em 2025, incluindo 43 lan\u00e7amentos in\u00e9ditos, refor\u00e7ando a cobertura do parque autom\u00f3vel europeu no segmento da travagem<\/strong><\/p>\n<p>A marca registou 43 lan\u00e7amentos in\u00e9ditos no mercado ao longo do ano, sendo, \u00e0 data do lan\u00e7amento, a \u00fanica marca premium a disponibilizar pastilhas e discos de trav\u00e3o para aplica\u00e7\u00f5es espec\u00edficas, incluindo modelos da Porsche, Audi, BMW e Mercedes-Benz, entre outros.<\/p>\n<p>No total, o portef\u00f3lio da Textar ultrapassa atualmente os 8.318 produtos destinados a autom\u00f3veis ligeiros de passageiros e ve\u00edculos comerciais.<\/p>\n<p>&#8220;Na Textar, orgulhamo-nos de ter alcan\u00e7ado mais um ano de forte expans\u00e3o do nosso portef\u00f3lio \u2013 tanto em termos de velocidade como de tamanho. Com uma velocidade excecional na chegada de novos produtos ao mercado, cobertura de mais de 99% da frota de ve\u00edculos na Europa e solu\u00e7\u00f5es para praticamente todas as aplica\u00e7\u00f5es de travagem, os nossos parceiros sabem que a Textar \u00e9 a marca de travagem preferida&#8221;, afirmou Marco Loth, vice-presidente de gest\u00e3o global de produtos, vendas e marketing comercial da TMD Friction.<\/p>\n<p><strong>Expans\u00e3o em todas as gamas de travagem<\/strong><\/p>\n<p>Entre os novos produtos lan\u00e7ados em 2025 contam-se 49 pastilhas de trav\u00e3o para autom\u00f3veis de passageiros, 5 para ve\u00edculos comerciais, 28 discos de trav\u00e3o, 35 sensores ABS, 2 tambores de trav\u00e3o, 1 lona de trav\u00e3o para tambor, 4 cal\u00e7os de trav\u00e3o, 5 indicadores de desgaste e 24 outros produtos, incluindo l\u00edquido de trav\u00f5es, lubrificantes, acess\u00f3rios e ferramentas.<\/p>\n<p>Com mais de 100 anos de experi\u00eancia em materiais de fric\u00e7\u00e3o e mais de 80 anos no fornecimento para equipamento original (OEM), a Textar integra o universo da TMD Friction, que investe anualmente cerca de 30 milh\u00f5es de euros em investiga\u00e7\u00e3o e desenvolvimento, contando com quatro centros globais de I&amp;D.<\/p>\n","protected":false},"excerpt":{"rendered":"<p>A Textar colocou no mercado 153&#8230;<\/p>\n","protected":false},"author":15,"featured_media":112976,"comment_status":"closed","ping_status":"closed","sticky":false,"template":"","format":"standard","meta":{"footnotes":""},"categories":[29],"tags":[7924,14546,7834,6929,2771,801],"class_list":["post-112952","post","type-post","status-publish","format-standard","has-post-thumbnail","hentry","category-empresas","tag-equipamento-original","tag-gamas-de-travagem","tag-lancamento","tag-novidades","tag-novos-produtos","tag-textar"],"yoast_head":"<!-- This site is optimized with the Yoast SEO plugin v27.5 - https:\/\/yoast.com\/product\/yoast-seo-wordpress\/ -->\n<title>Textar expande gama com 153 novos produtos - Jornal das Oficinas<\/title>\n<meta name=\"description\" content=\"A Textar colocou no mercado 153 novos produtos em 2025, incluindo 43 lan\u00e7amentos in\u00e9ditos, refor\u00e7ando a cobertura do parque autom\u00f3vel europeu\" \/>\n<meta name=\"robots\" content=\"index, follow, max-snippet:-1, max-image-preview:large, max-video-preview:-1\" \/>\n<link rel=\"canonical\" href=\"https:\/\/jornaldasoficinas.com\/pt\/textar-expande-gama-com-153-novos-produtos\/\" \/>\n<meta property=\"og:locale\" content=\"pt_PT\" \/>\n<meta property=\"og:type\" content=\"article\" \/>\n<meta property=\"og:title\" content=\"Textar expande gama com 153 novos produtos - Jornal das Oficinas\" \/>\n<meta property=\"og:description\" content=\"A Textar colocou no mercado 153 novos produtos em 2025, incluindo 43 lan\u00e7amentos in\u00e9ditos, refor\u00e7ando a cobertura do parque autom\u00f3vel europeu\" \/>\n<meta property=\"og:url\" content=\"https:\/\/jornaldasoficinas.com\/pt\/textar-expande-gama-com-153-novos-produtos\/\" \/>\n<meta property=\"og:site_name\" content=\"Jornal das Oficinas\" \/>\n<meta property=\"article:publisher\" content=\"https:\/\/www.facebook.com\/jornaloficinas\" \/>\n<meta property=\"article:published_time\" content=\"2026-02-13T12:30:09+00:00\" \/>\n<meta property=\"og:image\" content=\"https:\/\/jornaldasoficinas.com\/pt\/wp-content\/uploads\/2026\/02\/Untitled-1-2.jpg\" \/>\n\t<meta property=\"og:image:width\" content=\"1024\" \/>\n\t<meta property=\"og:image:height\" content=\"580\" \/>\n\t<meta property=\"og:image:type\" content=\"image\/jpeg\" \/>\n<meta name=\"author\" content=\"Reda\u00e7\u00e3o JO\" \/>\n<meta name=\"twitter:card\" content=\"summary_large_image\" \/>\n<meta name=\"twitter:creator\" content=\"@jornaloficinas\" \/>\n<meta name=\"twitter:site\" content=\"@jornaloficinas\" \/>\n<meta name=\"twitter:label1\" content=\"Escrito por\" \/>\n\t<meta name=\"twitter:data1\" content=\"Reda\u00e7\u00e3o JO\" \/>\n\t<meta name=\"twitter:label2\" content=\"Tempo estimado de leitura\" \/>\n\t<meta name=\"twitter:data2\" content=\"2 minutos\" \/>\n<script type=\"application\/ld+json\" class=\"yoast-schema-graph\">{\"@context\":\"https:\\\/\\\/schema.org\",\"@graph\":[{\"@type\":\"Article\",\"@id\":\"https:\\\/\\\/jornaldasoficinas.com\\\/pt\\\/textar-expande-gama-com-153-novos-produtos\\\/#article\",\"isPartOf\":{\"@id\":\"https:\\\/\\\/jornaldasoficinas.com\\\/pt\\\/textar-expande-gama-com-153-novos-produtos\\\/\"},\"author\":{\"name\":\"Reda\u00e7\u00e3o JO\",\"@id\":\"https:\\\/\\\/jornaldasoficinas.com\\\/pt\\\/#\\\/schema\\\/person\\\/a38eef5de2c41d9e7c9ac10141afddf3\"},\"headline\":\"Textar expande gama com 153 novos produtos\",\"datePublished\":\"2026-02-13T12:30:09+00:00\",\"mainEntityOfPage\":{\"@id\":\"https:\\\/\\\/jornaldasoficinas.com\\\/pt\\\/textar-expande-gama-com-153-novos-produtos\\\/\"},\"wordCount\":307,\"publisher\":{\"@id\":\"https:\\\/\\\/jornaldasoficinas.com\\\/pt\\\/#organization\"},\"image\":{\"@id\":\"https:\\\/\\\/jornaldasoficinas.com\\\/pt\\\/textar-expande-gama-com-153-novos-produtos\\\/#primaryimage\"},\"thumbnailUrl\":\"https:\\\/\\\/jornaldasoficinas.com\\\/pt\\\/wp-content\\\/uploads\\\/2026\\\/02\\\/Untitled-1-2.jpg\",\"keywords\":[\"equipamento original\",\"gamas de travagem\",\"lan\u00e7amento\",\"Novidades\",\"novos produtos\",\"Textar\"],\"articleSection\":[\"Empresas\"],\"inLanguage\":\"pt-PT\"},{\"@type\":\"WebPage\",\"@id\":\"https:\\\/\\\/jornaldasoficinas.com\\\/pt\\\/textar-expande-gama-com-153-novos-produtos\\\/\",\"url\":\"https:\\\/\\\/jornaldasoficinas.com\\\/pt\\\/textar-expande-gama-com-153-novos-produtos\\\/\",\"name\":\"Textar expande gama com 153 novos produtos - Jornal das Oficinas\",\"isPartOf\":{\"@id\":\"https:\\\/\\\/jornaldasoficinas.com\\\/pt\\\/#website\"},\"primaryImageOfPage\":{\"@id\":\"https:\\\/\\\/jornaldasoficinas.com\\\/pt\\\/textar-expande-gama-com-153-novos-produtos\\\/#primaryimage\"},\"image\":{\"@id\":\"https:\\\/\\\/jornaldasoficinas.com\\\/pt\\\/textar-expande-gama-com-153-novos-produtos\\\/#primaryimage\"},\"thumbnailUrl\":\"https:\\\/\\\/jornaldasoficinas.com\\\/pt\\\/wp-content\\\/uploads\\\/2026\\\/02\\\/Untitled-1-2.jpg\",\"datePublished\":\"2026-02-13T12:30:09+00:00\",\"description\":\"A Textar colocou no mercado 153 novos produtos em 2025, incluindo 43 lan\u00e7amentos in\u00e9ditos, refor\u00e7ando a cobertura do parque autom\u00f3vel europeu\",\"breadcrumb\":{\"@id\":\"https:\\\/\\\/jornaldasoficinas.com\\\/pt\\\/textar-expande-gama-com-153-novos-produtos\\\/#breadcrumb\"},\"inLanguage\":\"pt-PT\",\"potentialAction\":[{\"@type\":\"ReadAction\",\"target\":[\"https:\\\/\\\/jornaldasoficinas.com\\\/pt\\\/textar-expande-gama-com-153-novos-produtos\\\/\"]}]},{\"@type\":\"ImageObject\",\"inLanguage\":\"pt-PT\",\"@id\":\"https:\\\/\\\/jornaldasoficinas.com\\\/pt\\\/textar-expande-gama-com-153-novos-produtos\\\/#primaryimage\",\"url\":\"https:\\\/\\\/jornaldasoficinas.com\\\/pt\\\/wp-content\\\/uploads\\\/2026\\\/02\\\/Untitled-1-2.jpg\",\"contentUrl\":\"https:\\\/\\\/jornaldasoficinas.com\\\/pt\\\/wp-content\\\/uploads\\\/2026\\\/02\\\/Untitled-1-2.jpg\",\"width\":1024,\"height\":580,\"caption\":\"Textar expande gama com 153 novos produtos\"},{\"@type\":\"BreadcrumbList\",\"@id\":\"https:\\\/\\\/jornaldasoficinas.com\\\/pt\\\/textar-expande-gama-com-153-novos-produtos\\\/#breadcrumb\",\"itemListElement\":[{\"@type\":\"ListItem\",\"position\":1,\"name\":\"In\u00edcio\",\"item\":\"https:\\\/\\\/jornaldasoficinas.com\\\/pt\\\/\"},{\"@type\":\"ListItem\",\"position\":2,\"name\":\"Textar expande gama com 153 novos produtos\"}]},{\"@type\":\"WebSite\",\"@id\":\"https:\\\/\\\/jornaldasoficinas.com\\\/pt\\\/#website\",\"url\":\"https:\\\/\\\/jornaldasoficinas.com\\\/pt\\\/\",\"name\":\"Jornal das Oficinas\",\"description\":\"Jornal independente do Aftermarket Autom\u00f3vel em Portugal\",\"publisher\":{\"@id\":\"https:\\\/\\\/jornaldasoficinas.com\\\/pt\\\/#organization\"},\"potentialAction\":[{\"@type\":\"SearchAction\",\"target\":{\"@type\":\"EntryPoint\",\"urlTemplate\":\"https:\\\/\\\/jornaldasoficinas.com\\\/pt\\\/?s={search_term_string}\"},\"query-input\":{\"@type\":\"PropertyValueSpecification\",\"valueRequired\":true,\"valueName\":\"search_term_string\"}}],\"inLanguage\":\"pt-PT\"},{\"@type\":\"Organization\",\"@id\":\"https:\\\/\\\/jornaldasoficinas.com\\\/pt\\\/#organization\",\"name\":\"Jornal das Oficinas\",\"url\":\"https:\\\/\\\/jornaldasoficinas.com\\\/pt\\\/\",\"logo\":{\"@type\":\"ImageObject\",\"inLanguage\":\"pt-PT\",\"@id\":\"https:\\\/\\\/jornaldasoficinas.com\\\/pt\\\/#\\\/schema\\\/logo\\\/image\\\/\",\"url\":\"https:\\\/\\\/jornaldasoficinas.com\\\/pt\\\/wp-content\\\/uploads\\\/logoJO-SEO.png\",\"contentUrl\":\"https:\\\/\\\/jornaldasoficinas.com\\\/pt\\\/wp-content\\\/uploads\\\/logoJO-SEO.png\",\"width\":285,\"height\":450,\"caption\":\"Jornal das Oficinas\"},\"image\":{\"@id\":\"https:\\\/\\\/jornaldasoficinas.com\\\/pt\\\/#\\\/schema\\\/logo\\\/image\\\/\"},\"sameAs\":[\"https:\\\/\\\/www.facebook.com\\\/jornaloficinas\",\"https:\\\/\\\/x.com\\\/jornaloficinas\",\"https:\\\/\\\/www.instagram.com\\\/jornal_oficinas\\\/\",\"https:\\\/\\\/www.linkedin.com\\\/company\\\/jornal-das-oficinas\\\/\",\"https:\\\/\\\/www.youtube.com\\\/channel\\\/UCbQZBqtcvV-oSQrr7RzINGg\"]},{\"@type\":\"Person\",\"@id\":\"https:\\\/\\\/jornaldasoficinas.com\\\/pt\\\/#\\\/schema\\\/person\\\/a38eef5de2c41d9e7c9ac10141afddf3\",\"name\":\"Reda\u00e7\u00e3o JO\",\"image\":{\"@type\":\"ImageObject\",\"inLanguage\":\"pt-PT\",\"@id\":\"https:\\\/\\\/secure.gravatar.com\\\/avatar\\\/71f2fa71737ad68a84fea94bc708ddac8ea5b0c4788dc2ad202f3ccb2887742f?s=96&d=wp_user_avatar&r=g\",\"url\":\"https:\\\/\\\/secure.gravatar.com\\\/avatar\\\/71f2fa71737ad68a84fea94bc708ddac8ea5b0c4788dc2ad202f3ccb2887742f?s=96&d=wp_user_avatar&r=g\",\"contentUrl\":\"https:\\\/\\\/secure.gravatar.com\\\/avatar\\\/71f2fa71737ad68a84fea94bc708ddac8ea5b0c4788dc2ad202f3ccb2887742f?s=96&d=wp_user_avatar&r=g\",\"caption\":\"Reda\u00e7\u00e3o JO\"},\"url\":\"https:\\\/\\\/jornaldasoficinas.com\\\/pt\\\/author\\\/joredacao\\\/\"}]}<\/script>\n<!-- \/ Yoast SEO plugin. -->","yoast_head_json":{"title":"Textar expande gama com 153 novos produtos - Jornal das Oficinas","description":"A Textar colocou no mercado 153 novos produtos em 2025, incluindo 43 lan\u00e7amentos in\u00e9ditos, refor\u00e7ando a cobertura do parque autom\u00f3vel europeu","robots":{"index":"index","follow":"follow","max-snippet":"max-snippet:-1","max-image-preview":"max-image-preview:large","max-video-preview":"max-video-preview:-1"},"canonical":"https:\/\/jornaldasoficinas.com\/pt\/textar-expande-gama-com-153-novos-produtos\/","og_locale":"pt_PT","og_type":"article","og_title":"Textar expande gama com 153 novos produtos - Jornal das Oficinas","og_description":"A Textar colocou no mercado 153 novos produtos em 2025, incluindo 43 lan\u00e7amentos in\u00e9ditos, refor\u00e7ando a cobertura do parque autom\u00f3vel europeu","og_url":"https:\/\/jornaldasoficinas.com\/pt\/textar-expande-gama-com-153-novos-produtos\/","og_site_name":"Jornal das Oficinas","article_publisher":"https:\/\/www.facebook.com\/jornaloficinas","article_published_time":"2026-02-13T12:30:09+00:00","og_image":[{"width":1024,"height":580,"url":"https:\/\/jornaldasoficinas.com\/pt\/wp-content\/uploads\/2026\/02\/Untitled-1-2.jpg","type":"image\/jpeg"}],"author":"Reda\u00e7\u00e3o JO","twitter_card":"summary_large_image","twitter_creator":"@jornaloficinas","twitter_site":"@jornaloficinas","twitter_misc":{"Escrito por":"Reda\u00e7\u00e3o JO","Tempo estimado de leitura":"2 minutos"},"schema":{"@context":"https:\/\/schema.org","@graph":[{"@type":"Article","@id":"https:\/\/jornaldasoficinas.com\/pt\/textar-expande-gama-com-153-novos-produtos\/#article","isPartOf":{"@id":"https:\/\/jornaldasoficinas.com\/pt\/textar-expande-gama-com-153-novos-produtos\/"},"author":{"name":"Reda\u00e7\u00e3o JO","@id":"https:\/\/jornaldasoficinas.com\/pt\/#\/schema\/person\/a38eef5de2c41d9e7c9ac10141afddf3"},"headline":"Textar expande gama com 153 novos produtos","datePublished":"2026-02-13T12:30:09+00:00","mainEntityOfPage":{"@id":"https:\/\/jornaldasoficinas.com\/pt\/textar-expande-gama-com-153-novos-produtos\/"},"wordCount":307,"publisher":{"@id":"https:\/\/jornaldasoficinas.com\/pt\/#organization"},"image":{"@id":"https:\/\/jornaldasoficinas.com\/pt\/textar-expande-gama-com-153-novos-produtos\/#primaryimage"},"thumbnailUrl":"https:\/\/jornaldasoficinas.com\/pt\/wp-content\/uploads\/2026\/02\/Untitled-1-2.jpg","keywords":["equipamento original","gamas de travagem","lan\u00e7amento","Novidades","novos produtos","Textar"],"articleSection":["Empresas"],"inLanguage":"pt-PT"},{"@type":"WebPage","@id":"https:\/\/jornaldasoficinas.com\/pt\/textar-expande-gama-com-153-novos-produtos\/","url":"https:\/\/jornaldasoficinas.com\/pt\/textar-expande-gama-com-153-novos-produtos\/","name":"Textar expande gama com 153 novos produtos - Jornal das Oficinas","isPartOf":{"@id":"https:\/\/jornaldasoficinas.com\/pt\/#website"},"primaryImageOfPage":{"@id":"https:\/\/jornaldasoficinas.com\/pt\/textar-expande-gama-com-153-novos-produtos\/#primaryimage"},"image":{"@id":"https:\/\/jornaldasoficinas.com\/pt\/textar-expande-gama-com-153-novos-produtos\/#primaryimage"},"thumbnailUrl":"https:\/\/jornaldasoficinas.com\/pt\/wp-content\/uploads\/2026\/02\/Untitled-1-2.jpg","datePublished":"2026-02-13T12:30:09+00:00","description":"A Textar colocou no mercado 153 novos produtos em 2025, incluindo 43 lan\u00e7amentos in\u00e9ditos, refor\u00e7ando a cobertura do parque autom\u00f3vel europeu","breadcrumb":{"@id":"https:\/\/jornaldasoficinas.com\/pt\/textar-expande-gama-com-153-novos-produtos\/#breadcrumb"},"inLanguage":"pt-PT","potentialAction":[{"@type":"ReadAction","target":["https:\/\/jornaldasoficinas.com\/pt\/textar-expande-gama-com-153-novos-produtos\/"]}]},{"@type":"ImageObject","inLanguage":"pt-PT","@id":"https:\/\/jornaldasoficinas.com\/pt\/textar-expande-gama-com-153-novos-produtos\/#primaryimage","url":"https:\/\/jornaldasoficinas.com\/pt\/wp-content\/uploads\/2026\/02\/Untitled-1-2.jpg","contentUrl":"https:\/\/jornaldasoficinas.com\/pt\/wp-content\/uploads\/2026\/02\/Untitled-1-2.jpg","width":1024,"height":580,"caption":"Textar expande gama com 153 novos produtos"},{"@type":"BreadcrumbList","@id":"https:\/\/jornaldasoficinas.com\/pt\/textar-expande-gama-com-153-novos-produtos\/#breadcrumb","itemListElement":[{"@type":"ListItem","position":1,"name":"In\u00edcio","item":"https:\/\/jornaldasoficinas.com\/pt\/"},{"@type":"ListItem","position":2,"name":"Textar expande gama com 153 novos produtos"}]},{"@type":"WebSite","@id":"https:\/\/jornaldasoficinas.com\/pt\/#website","url":"https:\/\/jornaldasoficinas.com\/pt\/","name":"Jornal das Oficinas","description":"Jornal independente do Aftermarket Autom\u00f3vel em Portugal","publisher":{"@id":"https:\/\/jornaldasoficinas.com\/pt\/#organization"},"potentialAction":[{"@type":"SearchAction","target":{"@type":"EntryPoint","urlTemplate":"https:\/\/jornaldasoficinas.com\/pt\/?s={search_term_string}"},"query-input":{"@type":"PropertyValueSpecification","valueRequired":true,"valueName":"search_term_string"}}],"inLanguage":"pt-PT"},{"@type":"Organization","@id":"https:\/\/jornaldasoficinas.com\/pt\/#organization","name":"Jornal das Oficinas","url":"https:\/\/jornaldasoficinas.com\/pt\/","logo":{"@type":"ImageObject","inLanguage":"pt-PT","@id":"https:\/\/jornaldasoficinas.com\/pt\/#\/schema\/logo\/image\/","url":"https:\/\/jornaldasoficinas.com\/pt\/wp-content\/uploads\/logoJO-SEO.png","contentUrl":"https:\/\/jornaldasoficinas.com\/pt\/wp-content\/uploads\/logoJO-SEO.png","width":285,"height":450,"caption":"Jornal das Oficinas"},"image":{"@id":"https:\/\/jornaldasoficinas.com\/pt\/#\/schema\/logo\/image\/"},"sameAs":["https:\/\/www.facebook.com\/jornaloficinas","https:\/\/x.com\/jornaloficinas","https:\/\/www.instagram.com\/jornal_oficinas\/","https:\/\/www.linkedin.com\/company\/jornal-das-oficinas\/","https:\/\/www.youtube.com\/channel\/UCbQZBqtcvV-oSQrr7RzINGg"]},{"@type":"Person","@id":"https:\/\/jornaldasoficinas.com\/pt\/#\/schema\/person\/a38eef5de2c41d9e7c9ac10141afddf3","name":"Reda\u00e7\u00e3o JO","image":{"@type":"ImageObject","inLanguage":"pt-PT","@id":"https:\/\/secure.gravatar.com\/avatar\/71f2fa71737ad68a84fea94bc708ddac8ea5b0c4788dc2ad202f3ccb2887742f?s=96&d=wp_user_avatar&r=g","url":"https:\/\/secure.gravatar.com\/avatar\/71f2fa71737ad68a84fea94bc708ddac8ea5b0c4788dc2ad202f3ccb2887742f?s=96&d=wp_user_avatar&r=g","contentUrl":"https:\/\/secure.gravatar.com\/avatar\/71f2fa71737ad68a84fea94bc708ddac8ea5b0c4788dc2ad202f3ccb2887742f?s=96&d=wp_user_avatar&r=g","caption":"Reda\u00e7\u00e3o JO"},"url":"https:\/\/jornaldasoficinas.com\/pt\/author\/joredacao\/"}]}},"_links":{"self":[{"href":"https:\/\/jornaldasoficinas.com\/pt\/wp-json\/wp\/v2\/posts\/112952","targetHints":{"allow":["GET"]}}],"collection":[{"href":"https:\/\/jornaldasoficinas.com\/pt\/wp-json\/wp\/v2\/posts"}],"about":[{"href":"https:\/\/jornaldasoficinas.com\/pt\/wp-json\/wp\/v2\/types\/post"}],"author":[{"embeddable":true,"href":"https:\/\/jornaldasoficinas.com\/pt\/wp-json\/wp\/v2\/users\/15"}],"replies":[{"embeddable":true,"href":"https:\/\/jornaldasoficinas.com\/pt\/wp-json\/wp\/v2\/comments?post=112952"}],"version-history":[{"count":5,"href":"https:\/\/jornaldasoficinas.com\/pt\/wp-json\/wp\/v2\/posts\/112952\/revisions"}],"predecessor-version":[{"id":112977,"href":"https:\/\/jornaldasoficinas.com\/pt\/wp-json\/wp\/v2\/posts\/112952\/revisions\/112977"}],"wp:featuredmedia":[{"embeddable":true,"href":"https:\/\/jornaldasoficinas.com\/pt\/wp-json\/wp\/v2\/media\/112976"}],"wp:attachment":[{"href":"https:\/\/jornaldasoficinas.com\/pt\/wp-json\/wp\/v2\/media?parent=112952"}],"wp:term":[{"taxonomy":"category","embeddable":true,"href":"https:\/\/jornaldasoficinas.com\/pt\/wp-json\/wp\/v2\/categories?post=112952"},{"taxonomy":"post_tag","embeddable":true,"href":"https:\/\/jornaldasoficinas.com\/pt\/wp-json\/wp\/v2\/tags?post=112952"}],"curies":[{"name":"wp","href":"https:\/\/api.w.org\/{rel}","templated":true}]}}