{"id":113081,"date":"2026-02-25T08:00:23","date_gmt":"2026-02-25T08:00:23","guid":{"rendered":"https:\/\/jornaldasoficinas.com\/pt\/?p=113081"},"modified":"2026-02-25T18:21:55","modified_gmt":"2026-02-25T18:21:55","slug":"grupo-renault-investe-em-novo-centro-de-formacao","status":"publish","type":"post","link":"https:\/\/jornaldasoficinas.com\/pt\/grupo-renault-investe-em-novo-centro-de-formacao\/","title":{"rendered":"Grupo Renault investe em novo Centro de Forma\u00e7\u00e3o"},"content":{"rendered":"<p><img loading=\"lazy\" decoding=\"async\" class=\"alignnone size-full wp-image-113100\" src=\"https:\/\/jornaldasoficinas.com\/pt\/wp-content\/uploads\/2026\/02\/cvn-fvnfgdn.jpg\" alt=\"Grupo Renault investe em novo Centro de Forma\u00e7\u00e3o\" width=\"1024\" height=\"580\" srcset=\"https:\/\/jornaldasoficinas.com\/pt\/wp-content\/uploads\/2026\/02\/cvn-fvnfgdn.jpg 1024w, https:\/\/jornaldasoficinas.com\/pt\/wp-content\/uploads\/2026\/02\/cvn-fvnfgdn-300x170.jpg 300w, https:\/\/jornaldasoficinas.com\/pt\/wp-content\/uploads\/2026\/02\/cvn-fvnfgdn-150x85.jpg 150w, https:\/\/jornaldasoficinas.com\/pt\/wp-content\/uploads\/2026\/02\/cvn-fvnfgdn-768x435.jpg 768w\" sizes=\"auto, (max-width: 1024px) 100vw, 1024px\" \/><\/p>\n<p><strong>O <a href=\"https:\/\/www.renault.pt\/\" target=\"_blank\" rel=\"noopener\">Grupo Renault<\/a> inaugurou um novo Centro de Forma\u00e7\u00e3o no Seixal, num investimento de meio milh\u00e3o de euros destinado a refor\u00e7ar a qualifica\u00e7\u00e3o das equipas e a preparar a Rede de Concession\u00e1rios para a transforma\u00e7\u00e3o tecnol\u00f3gica e digital do setor autom\u00f3vel em Portugal<\/strong><\/p>\n<p>A nova infraestrutura foi concebida para acolher forma\u00e7\u00f5es multidisciplinares, desde a mec\u00e2nica avan\u00e7ada \u00e0 gest\u00e3o e vendas. O centro integra cinco salas de forma\u00e7\u00e3o, com capacidade para mais de 70 formandos em simult\u00e2neo na vertente comercial, uma oficina t\u00e9cnica equipada com quatro elevadores (com capacidade para cinco viaturas), permitindo realizar at\u00e9 tr\u00eas a\u00e7\u00f5es t\u00e9cnicas em paralelo, e um est\u00fadio de grava\u00e7\u00e3o dedicado \u00e0 produ\u00e7\u00e3o de webinars e conte\u00fados formativos digitais.<\/p>\n<p>A rede de concession\u00e1rios Renault e Dacia em Portugal conta atualmente com 4.164 colaboradores, dos quais 1.578 s\u00e3o eleg\u00edveis para forma\u00e7\u00e3o cont\u00ednua, incluindo conselheiros comerciais de viaturas novas e usadas, eletromec\u00e2nicos, conselheiros de servi\u00e7o e gestores. Anualmente, s\u00e3o realizadas em m\u00e9dia 57 sess\u00f5es de forma\u00e7\u00e3o t\u00e9cnica e 40 sess\u00f5es nas \u00e1reas comercial e de gest\u00e3o, al\u00e9m dos processos de certifica\u00e7\u00e3o dirigidos \u00e0s equipas de gest\u00e3o e de contacto direto com o cliente.<\/p>\n<p>Em 2025, passaram pelo centro mais de 1.145 formandos, n\u00famero que n\u00e3o inclui as forma\u00e7\u00f5es dedicadas a modelos estrat\u00e9gicos como o novo Renault 4 e o Dacia Bigster, que decorreram noutras localiza\u00e7\u00f5es no continente e ilhas.<\/p>\n<p>&#8220;O investimento realizado no novo Centro de Forma\u00e7\u00e3o do Grupo Renault, em Portugal, representa um passo estrat\u00e9gico fundamental para o desenvolvimento de compet\u00eancias das nossas equipas e para o refor\u00e7o da competitividade da Rede de Concession\u00e1rios Renault, Dacia e Alpine. Este espa\u00e7o permitir\u00e1 acelerar a qualifica\u00e7\u00e3o t\u00e9cnica e comercial, garantir uma resposta formativa alinhada com os desafios da mobilidade do futuro e consolidar o nosso compromisso com a inova\u00e7\u00e3o, a excel\u00eancia operacional e o crescimento sustent\u00e1vel no mercado portugu\u00eas&#8221;, concluiu Edgar Santos, diretor de Recursos Humanos e Forma\u00e7\u00e3o Rede do Grupo Renault.<\/p>\n","protected":false},"excerpt":{"rendered":"<p>O Grupo Renault inaugurou um novo&#8230;<\/p>\n","protected":false},"author":15,"featured_media":113100,"comment_status":"closed","ping_status":"closed","sticky":false,"template":"","format":"standard","meta":{"footnotes":""},"categories":[29],"tags":[6320,903,4272,14564,5479,1497],"class_list":["post-113081","post","type-post","status-publish","format-standard","has-post-thumbnail","hentry","category-empresas","tag-centro-de-formacao","tag-grupo-renault","tag-investimento","tag-qualificacao-das-equipas","tag-seixal","tag-setor-automovel"],"yoast_head":"<!-- This site is optimized with the Yoast SEO plugin v27.5 - https:\/\/yoast.com\/product\/yoast-seo-wordpress\/ -->\n<title>Grupo Renault investe em novo Centro de Forma\u00e7\u00e3o - Jornal das Oficinas<\/title>\n<meta name=\"description\" content=\"O Grupo Renault criou um novo Centro de Forma\u00e7\u00e3o no Seixal, num investimento destinado a refor\u00e7ar a qualifica\u00e7\u00e3o das equipas\" \/>\n<meta name=\"robots\" content=\"index, follow, max-snippet:-1, max-image-preview:large, max-video-preview:-1\" \/>\n<link rel=\"canonical\" href=\"https:\/\/jornaldasoficinas.com\/pt\/grupo-renault-investe-em-novo-centro-de-formacao\/\" \/>\n<meta property=\"og:locale\" content=\"pt_PT\" \/>\n<meta property=\"og:type\" content=\"article\" \/>\n<meta property=\"og:title\" content=\"Grupo Renault investe em novo Centro de Forma\u00e7\u00e3o - Jornal das Oficinas\" \/>\n<meta property=\"og:description\" content=\"O Grupo Renault criou um novo Centro de Forma\u00e7\u00e3o no Seixal, num investimento destinado a refor\u00e7ar a qualifica\u00e7\u00e3o das equipas\" \/>\n<meta property=\"og:url\" content=\"https:\/\/jornaldasoficinas.com\/pt\/grupo-renault-investe-em-novo-centro-de-formacao\/\" \/>\n<meta property=\"og:site_name\" content=\"Jornal das Oficinas\" \/>\n<meta property=\"article:publisher\" content=\"https:\/\/www.facebook.com\/jornaloficinas\" \/>\n<meta property=\"article:published_time\" content=\"2026-02-25T08:00:23+00:00\" \/>\n<meta property=\"article:modified_time\" content=\"2026-02-25T18:21:55+00:00\" \/>\n<meta property=\"og:image\" content=\"https:\/\/jornaldasoficinas.com\/pt\/wp-content\/uploads\/2026\/02\/cvn-fvnfgdn.jpg\" \/>\n\t<meta property=\"og:image:width\" content=\"1024\" \/>\n\t<meta property=\"og:image:height\" content=\"580\" \/>\n\t<meta property=\"og:image:type\" content=\"image\/jpeg\" \/>\n<meta name=\"author\" content=\"Reda\u00e7\u00e3o JO\" \/>\n<meta name=\"twitter:card\" content=\"summary_large_image\" \/>\n<meta name=\"twitter:creator\" content=\"@jornaloficinas\" \/>\n<meta name=\"twitter:site\" content=\"@jornaloficinas\" \/>\n<meta name=\"twitter:label1\" content=\"Escrito por\" \/>\n\t<meta name=\"twitter:data1\" content=\"Reda\u00e7\u00e3o JO\" \/>\n\t<meta name=\"twitter:label2\" content=\"Tempo estimado de leitura\" \/>\n\t<meta name=\"twitter:data2\" content=\"3 minutos\" \/>\n<script type=\"application\/ld+json\" class=\"yoast-schema-graph\">{\"@context\":\"https:\\\/\\\/schema.org\",\"@graph\":[{\"@type\":\"Article\",\"@id\":\"https:\\\/\\\/jornaldasoficinas.com\\\/pt\\\/grupo-renault-investe-em-novo-centro-de-formacao\\\/#article\",\"isPartOf\":{\"@id\":\"https:\\\/\\\/jornaldasoficinas.com\\\/pt\\\/grupo-renault-investe-em-novo-centro-de-formacao\\\/\"},\"author\":{\"name\":\"Reda\u00e7\u00e3o JO\",\"@id\":\"https:\\\/\\\/jornaldasoficinas.com\\\/pt\\\/#\\\/schema\\\/person\\\/a38eef5de2c41d9e7c9ac10141afddf3\"},\"headline\":\"Grupo Renault investe em novo Centro de Forma\u00e7\u00e3o\",\"datePublished\":\"2026-02-25T08:00:23+00:00\",\"dateModified\":\"2026-02-25T18:21:55+00:00\",\"mainEntityOfPage\":{\"@id\":\"https:\\\/\\\/jornaldasoficinas.com\\\/pt\\\/grupo-renault-investe-em-novo-centro-de-formacao\\\/\"},\"wordCount\":369,\"publisher\":{\"@id\":\"https:\\\/\\\/jornaldasoficinas.com\\\/pt\\\/#organization\"},\"image\":{\"@id\":\"https:\\\/\\\/jornaldasoficinas.com\\\/pt\\\/grupo-renault-investe-em-novo-centro-de-formacao\\\/#primaryimage\"},\"thumbnailUrl\":\"https:\\\/\\\/jornaldasoficinas.com\\\/pt\\\/wp-content\\\/uploads\\\/2026\\\/02\\\/cvn-fvnfgdn.jpg\",\"keywords\":[\"Centro de Forma\u00e7\u00e3o\",\"Grupo Renault\",\"Investimento\",\"qualifica\u00e7\u00e3o das equipas\",\"Seixal\",\"Setor Autom\u00f3vel\"],\"articleSection\":[\"Empresas\"],\"inLanguage\":\"pt-PT\"},{\"@type\":\"WebPage\",\"@id\":\"https:\\\/\\\/jornaldasoficinas.com\\\/pt\\\/grupo-renault-investe-em-novo-centro-de-formacao\\\/\",\"url\":\"https:\\\/\\\/jornaldasoficinas.com\\\/pt\\\/grupo-renault-investe-em-novo-centro-de-formacao\\\/\",\"name\":\"Grupo Renault investe em novo Centro de Forma\u00e7\u00e3o - Jornal das Oficinas\",\"isPartOf\":{\"@id\":\"https:\\\/\\\/jornaldasoficinas.com\\\/pt\\\/#website\"},\"primaryImageOfPage\":{\"@id\":\"https:\\\/\\\/jornaldasoficinas.com\\\/pt\\\/grupo-renault-investe-em-novo-centro-de-formacao\\\/#primaryimage\"},\"image\":{\"@id\":\"https:\\\/\\\/jornaldasoficinas.com\\\/pt\\\/grupo-renault-investe-em-novo-centro-de-formacao\\\/#primaryimage\"},\"thumbnailUrl\":\"https:\\\/\\\/jornaldasoficinas.com\\\/pt\\\/wp-content\\\/uploads\\\/2026\\\/02\\\/cvn-fvnfgdn.jpg\",\"datePublished\":\"2026-02-25T08:00:23+00:00\",\"dateModified\":\"2026-02-25T18:21:55+00:00\",\"description\":\"O Grupo Renault criou um novo Centro de Forma\u00e7\u00e3o no Seixal, num investimento destinado a refor\u00e7ar a qualifica\u00e7\u00e3o das equipas\",\"breadcrumb\":{\"@id\":\"https:\\\/\\\/jornaldasoficinas.com\\\/pt\\\/grupo-renault-investe-em-novo-centro-de-formacao\\\/#breadcrumb\"},\"inLanguage\":\"pt-PT\",\"potentialAction\":[{\"@type\":\"ReadAction\",\"target\":[\"https:\\\/\\\/jornaldasoficinas.com\\\/pt\\\/grupo-renault-investe-em-novo-centro-de-formacao\\\/\"]}]},{\"@type\":\"ImageObject\",\"inLanguage\":\"pt-PT\",\"@id\":\"https:\\\/\\\/jornaldasoficinas.com\\\/pt\\\/grupo-renault-investe-em-novo-centro-de-formacao\\\/#primaryimage\",\"url\":\"https:\\\/\\\/jornaldasoficinas.com\\\/pt\\\/wp-content\\\/uploads\\\/2026\\\/02\\\/cvn-fvnfgdn.jpg\",\"contentUrl\":\"https:\\\/\\\/jornaldasoficinas.com\\\/pt\\\/wp-content\\\/uploads\\\/2026\\\/02\\\/cvn-fvnfgdn.jpg\",\"width\":1024,\"height\":580,\"caption\":\"Grupo Renault investe em novo Centro de Forma\u00e7\u00e3o\"},{\"@type\":\"BreadcrumbList\",\"@id\":\"https:\\\/\\\/jornaldasoficinas.com\\\/pt\\\/grupo-renault-investe-em-novo-centro-de-formacao\\\/#breadcrumb\",\"itemListElement\":[{\"@type\":\"ListItem\",\"position\":1,\"name\":\"In\u00edcio\",\"item\":\"https:\\\/\\\/jornaldasoficinas.com\\\/pt\\\/\"},{\"@type\":\"ListItem\",\"position\":2,\"name\":\"Grupo Renault investe em novo Centro de Forma\u00e7\u00e3o\"}]},{\"@type\":\"WebSite\",\"@id\":\"https:\\\/\\\/jornaldasoficinas.com\\\/pt\\\/#website\",\"url\":\"https:\\\/\\\/jornaldasoficinas.com\\\/pt\\\/\",\"name\":\"Jornal das Oficinas\",\"description\":\"Jornal independente do Aftermarket Autom\u00f3vel em Portugal\",\"publisher\":{\"@id\":\"https:\\\/\\\/jornaldasoficinas.com\\\/pt\\\/#organization\"},\"potentialAction\":[{\"@type\":\"SearchAction\",\"target\":{\"@type\":\"EntryPoint\",\"urlTemplate\":\"https:\\\/\\\/jornaldasoficinas.com\\\/pt\\\/?s={search_term_string}\"},\"query-input\":{\"@type\":\"PropertyValueSpecification\",\"valueRequired\":true,\"valueName\":\"search_term_string\"}}],\"inLanguage\":\"pt-PT\"},{\"@type\":\"Organization\",\"@id\":\"https:\\\/\\\/jornaldasoficinas.com\\\/pt\\\/#organization\",\"name\":\"Jornal das Oficinas\",\"url\":\"https:\\\/\\\/jornaldasoficinas.com\\\/pt\\\/\",\"logo\":{\"@type\":\"ImageObject\",\"inLanguage\":\"pt-PT\",\"@id\":\"https:\\\/\\\/jornaldasoficinas.com\\\/pt\\\/#\\\/schema\\\/logo\\\/image\\\/\",\"url\":\"https:\\\/\\\/jornaldasoficinas.com\\\/pt\\\/wp-content\\\/uploads\\\/logoJO-SEO.png\",\"contentUrl\":\"https:\\\/\\\/jornaldasoficinas.com\\\/pt\\\/wp-content\\\/uploads\\\/logoJO-SEO.png\",\"width\":285,\"height\":450,\"caption\":\"Jornal das Oficinas\"},\"image\":{\"@id\":\"https:\\\/\\\/jornaldasoficinas.com\\\/pt\\\/#\\\/schema\\\/logo\\\/image\\\/\"},\"sameAs\":[\"https:\\\/\\\/www.facebook.com\\\/jornaloficinas\",\"https:\\\/\\\/x.com\\\/jornaloficinas\",\"https:\\\/\\\/www.instagram.com\\\/jornal_oficinas\\\/\",\"https:\\\/\\\/www.linkedin.com\\\/company\\\/jornal-das-oficinas\\\/\",\"https:\\\/\\\/www.youtube.com\\\/channel\\\/UCbQZBqtcvV-oSQrr7RzINGg\"]},{\"@type\":\"Person\",\"@id\":\"https:\\\/\\\/jornaldasoficinas.com\\\/pt\\\/#\\\/schema\\\/person\\\/a38eef5de2c41d9e7c9ac10141afddf3\",\"name\":\"Reda\u00e7\u00e3o JO\",\"image\":{\"@type\":\"ImageObject\",\"inLanguage\":\"pt-PT\",\"@id\":\"https:\\\/\\\/secure.gravatar.com\\\/avatar\\\/71f2fa71737ad68a84fea94bc708ddac8ea5b0c4788dc2ad202f3ccb2887742f?s=96&d=wp_user_avatar&r=g\",\"url\":\"https:\\\/\\\/secure.gravatar.com\\\/avatar\\\/71f2fa71737ad68a84fea94bc708ddac8ea5b0c4788dc2ad202f3ccb2887742f?s=96&d=wp_user_avatar&r=g\",\"contentUrl\":\"https:\\\/\\\/secure.gravatar.com\\\/avatar\\\/71f2fa71737ad68a84fea94bc708ddac8ea5b0c4788dc2ad202f3ccb2887742f?s=96&d=wp_user_avatar&r=g\",\"caption\":\"Reda\u00e7\u00e3o JO\"},\"url\":\"https:\\\/\\\/jornaldasoficinas.com\\\/pt\\\/author\\\/joredacao\\\/\"}]}<\/script>\n<!-- \/ Yoast SEO plugin. -->","yoast_head_json":{"title":"Grupo Renault investe em novo Centro de Forma\u00e7\u00e3o - Jornal das Oficinas","description":"O Grupo Renault criou um novo Centro de Forma\u00e7\u00e3o no Seixal, num investimento destinado a refor\u00e7ar a qualifica\u00e7\u00e3o das equipas","robots":{"index":"index","follow":"follow","max-snippet":"max-snippet:-1","max-image-preview":"max-image-preview:large","max-video-preview":"max-video-preview:-1"},"canonical":"https:\/\/jornaldasoficinas.com\/pt\/grupo-renault-investe-em-novo-centro-de-formacao\/","og_locale":"pt_PT","og_type":"article","og_title":"Grupo Renault investe em novo Centro de Forma\u00e7\u00e3o - Jornal das Oficinas","og_description":"O Grupo Renault criou um novo Centro de Forma\u00e7\u00e3o no Seixal, num investimento destinado a refor\u00e7ar a qualifica\u00e7\u00e3o das equipas","og_url":"https:\/\/jornaldasoficinas.com\/pt\/grupo-renault-investe-em-novo-centro-de-formacao\/","og_site_name":"Jornal das Oficinas","article_publisher":"https:\/\/www.facebook.com\/jornaloficinas","article_published_time":"2026-02-25T08:00:23+00:00","article_modified_time":"2026-02-25T18:21:55+00:00","og_image":[{"width":1024,"height":580,"url":"https:\/\/jornaldasoficinas.com\/pt\/wp-content\/uploads\/2026\/02\/cvn-fvnfgdn.jpg","type":"image\/jpeg"}],"author":"Reda\u00e7\u00e3o JO","twitter_card":"summary_large_image","twitter_creator":"@jornaloficinas","twitter_site":"@jornaloficinas","twitter_misc":{"Escrito por":"Reda\u00e7\u00e3o JO","Tempo estimado de leitura":"3 minutos"},"schema":{"@context":"https:\/\/schema.org","@graph":[{"@type":"Article","@id":"https:\/\/jornaldasoficinas.com\/pt\/grupo-renault-investe-em-novo-centro-de-formacao\/#article","isPartOf":{"@id":"https:\/\/jornaldasoficinas.com\/pt\/grupo-renault-investe-em-novo-centro-de-formacao\/"},"author":{"name":"Reda\u00e7\u00e3o JO","@id":"https:\/\/jornaldasoficinas.com\/pt\/#\/schema\/person\/a38eef5de2c41d9e7c9ac10141afddf3"},"headline":"Grupo Renault investe em novo Centro de Forma\u00e7\u00e3o","datePublished":"2026-02-25T08:00:23+00:00","dateModified":"2026-02-25T18:21:55+00:00","mainEntityOfPage":{"@id":"https:\/\/jornaldasoficinas.com\/pt\/grupo-renault-investe-em-novo-centro-de-formacao\/"},"wordCount":369,"publisher":{"@id":"https:\/\/jornaldasoficinas.com\/pt\/#organization"},"image":{"@id":"https:\/\/jornaldasoficinas.com\/pt\/grupo-renault-investe-em-novo-centro-de-formacao\/#primaryimage"},"thumbnailUrl":"https:\/\/jornaldasoficinas.com\/pt\/wp-content\/uploads\/2026\/02\/cvn-fvnfgdn.jpg","keywords":["Centro de Forma\u00e7\u00e3o","Grupo Renault","Investimento","qualifica\u00e7\u00e3o das equipas","Seixal","Setor Autom\u00f3vel"],"articleSection":["Empresas"],"inLanguage":"pt-PT"},{"@type":"WebPage","@id":"https:\/\/jornaldasoficinas.com\/pt\/grupo-renault-investe-em-novo-centro-de-formacao\/","url":"https:\/\/jornaldasoficinas.com\/pt\/grupo-renault-investe-em-novo-centro-de-formacao\/","name":"Grupo Renault investe em novo Centro de Forma\u00e7\u00e3o - Jornal das Oficinas","isPartOf":{"@id":"https:\/\/jornaldasoficinas.com\/pt\/#website"},"primaryImageOfPage":{"@id":"https:\/\/jornaldasoficinas.com\/pt\/grupo-renault-investe-em-novo-centro-de-formacao\/#primaryimage"},"image":{"@id":"https:\/\/jornaldasoficinas.com\/pt\/grupo-renault-investe-em-novo-centro-de-formacao\/#primaryimage"},"thumbnailUrl":"https:\/\/jornaldasoficinas.com\/pt\/wp-content\/uploads\/2026\/02\/cvn-fvnfgdn.jpg","datePublished":"2026-02-25T08:00:23+00:00","dateModified":"2026-02-25T18:21:55+00:00","description":"O Grupo Renault criou um novo Centro de Forma\u00e7\u00e3o no Seixal, num investimento destinado a refor\u00e7ar a qualifica\u00e7\u00e3o das equipas","breadcrumb":{"@id":"https:\/\/jornaldasoficinas.com\/pt\/grupo-renault-investe-em-novo-centro-de-formacao\/#breadcrumb"},"inLanguage":"pt-PT","potentialAction":[{"@type":"ReadAction","target":["https:\/\/jornaldasoficinas.com\/pt\/grupo-renault-investe-em-novo-centro-de-formacao\/"]}]},{"@type":"ImageObject","inLanguage":"pt-PT","@id":"https:\/\/jornaldasoficinas.com\/pt\/grupo-renault-investe-em-novo-centro-de-formacao\/#primaryimage","url":"https:\/\/jornaldasoficinas.com\/pt\/wp-content\/uploads\/2026\/02\/cvn-fvnfgdn.jpg","contentUrl":"https:\/\/jornaldasoficinas.com\/pt\/wp-content\/uploads\/2026\/02\/cvn-fvnfgdn.jpg","width":1024,"height":580,"caption":"Grupo Renault investe em novo Centro de Forma\u00e7\u00e3o"},{"@type":"BreadcrumbList","@id":"https:\/\/jornaldasoficinas.com\/pt\/grupo-renault-investe-em-novo-centro-de-formacao\/#breadcrumb","itemListElement":[{"@type":"ListItem","position":1,"name":"In\u00edcio","item":"https:\/\/jornaldasoficinas.com\/pt\/"},{"@type":"ListItem","position":2,"name":"Grupo Renault investe em novo Centro de Forma\u00e7\u00e3o"}]},{"@type":"WebSite","@id":"https:\/\/jornaldasoficinas.com\/pt\/#website","url":"https:\/\/jornaldasoficinas.com\/pt\/","name":"Jornal das Oficinas","description":"Jornal independente do Aftermarket Autom\u00f3vel em Portugal","publisher":{"@id":"https:\/\/jornaldasoficinas.com\/pt\/#organization"},"potentialAction":[{"@type":"SearchAction","target":{"@type":"EntryPoint","urlTemplate":"https:\/\/jornaldasoficinas.com\/pt\/?s={search_term_string}"},"query-input":{"@type":"PropertyValueSpecification","valueRequired":true,"valueName":"search_term_string"}}],"inLanguage":"pt-PT"},{"@type":"Organization","@id":"https:\/\/jornaldasoficinas.com\/pt\/#organization","name":"Jornal das Oficinas","url":"https:\/\/jornaldasoficinas.com\/pt\/","logo":{"@type":"ImageObject","inLanguage":"pt-PT","@id":"https:\/\/jornaldasoficinas.com\/pt\/#\/schema\/logo\/image\/","url":"https:\/\/jornaldasoficinas.com\/pt\/wp-content\/uploads\/logoJO-SEO.png","contentUrl":"https:\/\/jornaldasoficinas.com\/pt\/wp-content\/uploads\/logoJO-SEO.png","width":285,"height":450,"caption":"Jornal das Oficinas"},"image":{"@id":"https:\/\/jornaldasoficinas.com\/pt\/#\/schema\/logo\/image\/"},"sameAs":["https:\/\/www.facebook.com\/jornaloficinas","https:\/\/x.com\/jornaloficinas","https:\/\/www.instagram.com\/jornal_oficinas\/","https:\/\/www.linkedin.com\/company\/jornal-das-oficinas\/","https:\/\/www.youtube.com\/channel\/UCbQZBqtcvV-oSQrr7RzINGg"]},{"@type":"Person","@id":"https:\/\/jornaldasoficinas.com\/pt\/#\/schema\/person\/a38eef5de2c41d9e7c9ac10141afddf3","name":"Reda\u00e7\u00e3o JO","image":{"@type":"ImageObject","inLanguage":"pt-PT","@id":"https:\/\/secure.gravatar.com\/avatar\/71f2fa71737ad68a84fea94bc708ddac8ea5b0c4788dc2ad202f3ccb2887742f?s=96&d=wp_user_avatar&r=g","url":"https:\/\/secure.gravatar.com\/avatar\/71f2fa71737ad68a84fea94bc708ddac8ea5b0c4788dc2ad202f3ccb2887742f?s=96&d=wp_user_avatar&r=g","contentUrl":"https:\/\/secure.gravatar.com\/avatar\/71f2fa71737ad68a84fea94bc708ddac8ea5b0c4788dc2ad202f3ccb2887742f?s=96&d=wp_user_avatar&r=g","caption":"Reda\u00e7\u00e3o JO"},"url":"https:\/\/jornaldasoficinas.com\/pt\/author\/joredacao\/"}]}},"_links":{"self":[{"href":"https:\/\/jornaldasoficinas.com\/pt\/wp-json\/wp\/v2\/posts\/113081","targetHints":{"allow":["GET"]}}],"collection":[{"href":"https:\/\/jornaldasoficinas.com\/pt\/wp-json\/wp\/v2\/posts"}],"about":[{"href":"https:\/\/jornaldasoficinas.com\/pt\/wp-json\/wp\/v2\/types\/post"}],"author":[{"embeddable":true,"href":"https:\/\/jornaldasoficinas.com\/pt\/wp-json\/wp\/v2\/users\/15"}],"replies":[{"embeddable":true,"href":"https:\/\/jornaldasoficinas.com\/pt\/wp-json\/wp\/v2\/comments?post=113081"}],"version-history":[{"count":4,"href":"https:\/\/jornaldasoficinas.com\/pt\/wp-json\/wp\/v2\/posts\/113081\/revisions"}],"predecessor-version":[{"id":113101,"href":"https:\/\/jornaldasoficinas.com\/pt\/wp-json\/wp\/v2\/posts\/113081\/revisions\/113101"}],"wp:featuredmedia":[{"embeddable":true,"href":"https:\/\/jornaldasoficinas.com\/pt\/wp-json\/wp\/v2\/media\/113100"}],"wp:attachment":[{"href":"https:\/\/jornaldasoficinas.com\/pt\/wp-json\/wp\/v2\/media?parent=113081"}],"wp:term":[{"taxonomy":"category","embeddable":true,"href":"https:\/\/jornaldasoficinas.com\/pt\/wp-json\/wp\/v2\/categories?post=113081"},{"taxonomy":"post_tag","embeddable":true,"href":"https:\/\/jornaldasoficinas.com\/pt\/wp-json\/wp\/v2\/tags?post=113081"}],"curies":[{"name":"wp","href":"https:\/\/api.w.org\/{rel}","templated":true}]}}