{"id":113146,"date":"2026-02-20T14:00:46","date_gmt":"2026-02-20T14:00:46","guid":{"rendered":"https:\/\/jornaldasoficinas.com\/pt\/?p=113146"},"modified":"2026-02-18T19:04:01","modified_gmt":"2026-02-18T19:04:01","slug":"fundacao-moeve-alarga-premios-a-portugal","status":"publish","type":"post","link":"https:\/\/jornaldasoficinas.com\/pt\/fundacao-moeve-alarga-premios-a-portugal\/","title":{"rendered":"Funda\u00e7\u00e3o Moeve alarga pr\u00e9mios a Portugal"},"content":{"rendered":"<p><img loading=\"lazy\" decoding=\"async\" class=\"alignnone size-full wp-image-113184\" src=\"https:\/\/jornaldasoficinas.com\/pt\/wp-content\/uploads\/2026\/02\/fhdfd.jpg\" alt=\"\" width=\"1024\" height=\"580\" srcset=\"https:\/\/jornaldasoficinas.com\/pt\/wp-content\/uploads\/2026\/02\/fhdfd.jpg 1024w, https:\/\/jornaldasoficinas.com\/pt\/wp-content\/uploads\/2026\/02\/fhdfd-300x170.jpg 300w, https:\/\/jornaldasoficinas.com\/pt\/wp-content\/uploads\/2026\/02\/fhdfd-150x85.jpg 150w, https:\/\/jornaldasoficinas.com\/pt\/wp-content\/uploads\/2026\/02\/fhdfd-768x435.jpg 768w\" sizes=\"auto, (max-width: 1024px) 100vw, 1024px\" \/><\/p>\n<p><strong>A <a href=\"https:\/\/fundacion.moeveglobal.com\/pt\" target=\"_blank\" rel=\"noopener\">Funda\u00e7\u00e3o Moeve<\/a> anunciou a abertura da terceira edi\u00e7\u00e3o dos Pr\u00e9mios Funda\u00e7\u00e3o Moeve (anteriormente denominados Pr\u00e9mios Future for All). A edi\u00e7\u00e3o deste ano traz uma novidade: pela primeira vez, entidades sediadas em Portugal podem candidatar os seus projetos<\/strong><\/p>\n<p>Esta evolu\u00e7\u00e3o marca uma nova etapa na a\u00e7\u00e3o social da Funda\u00e7\u00e3o em solo nacional. Ap\u00f3s 17 edi\u00e7\u00f5es dos anteriores &#8220;Pr\u00e9mios ao Valor Social&#8221;, a iniciativa transforma-se agora nos Pr\u00e9mios Funda\u00e7\u00e3o Moeve, elevando a fasquia para o reconhecimento de\u00a0projetos que unam a prote\u00e7\u00e3o ambiental ao desenvolvimento das comunidades. O objetivo \u00e9 claro: catalisar uma transi\u00e7\u00e3o ecol\u00f3gica justa e inclusiva em toda a Pen\u00ednsula Ib\u00e9rica, garantindo que a inova\u00e7\u00e3o n\u00e3o deixa ningu\u00e9m para tr\u00e1s.<\/p>\n<p>Com a inclus\u00e3o de Portugal nesta edi\u00e7\u00e3o,\u00a0os Pr\u00e9mios Funda\u00e7\u00e3o Moeve pretendem catalisar o ecossistema diversificado de agentes portugueses, desde startups tecnol\u00f3gicas e PME at\u00e9 institui\u00e7\u00f5es de ensino e entidades do setor social. O objetivo \u00e9 apoiar projetos que apresentem solu\u00e7\u00f5es concretas para desafios como a economia circular, a mobilidade sustent\u00e1vel e a recupera\u00e7\u00e3o ambiental.<\/p>\n<p>Ap\u00f3s o sucesso alcan\u00e7ado em 2025, com 214 candidaturas recebidas, um crescimento de 50% em rela\u00e7\u00e3o ao ano anterior, a Funda\u00e7\u00e3o refor\u00e7a agora o seu papel como motor de mudan\u00e7a na Pen\u00ednsula Ib\u00e9rica.<\/p>\n<p>Desde a sua cria\u00e7\u00e3o, estes Pr\u00e9mios t\u00eam funcionado como uma plataforma de impulso para entidades que trabalham na converg\u00eancia entre tecnologia, conserva\u00e7\u00e3o e inclus\u00e3o. Ao assumirem agora a identidade da pr\u00f3pria Funda\u00e7\u00e3o, os pr\u00e9mios refletem a ambi\u00e7\u00e3o de consolidar a inova\u00e7\u00e3o e a sustentabilidade como eixos transversais da sua a\u00e7\u00e3o social.<\/p>\n<p>Nas palavras de Teresa Ma\u00f1ueco, diretora da Funda\u00e7\u00e3o: &#8220;O verdadeiro valor dos projetos emergentes e inovadores reside na sua capacidade de promover uma transi\u00e7\u00e3o ecol\u00f3gica justa, gerando um impacto social e ambiental real. Com esta terceira edi\u00e7\u00e3o dos pr\u00e9mios, refor\u00e7amos um modelo de colabora\u00e7\u00e3o que impulsiona solu\u00e7\u00f5es s\u00f3lidas para os desafios do presente e do futuro, integrando a prote\u00e7\u00e3o do ambiente com o desenvolvimento das comunidades.&#8221;<\/p>\n<p>A convocat\u00f3ria procura projetos em fase interm\u00e9dia ou avan\u00e7ada de desenvolvimento que possam demonstrar resultados significativos e capacidade de escalar o seu impacto. As iniciativas devem enquadrar\u2011se em \u00e1reas chave para a transi\u00e7\u00e3o ecol\u00f3gica justa, tais como:\u00a0economia circular, consumo respons\u00e1vel, mobilidade sustent\u00e1vel, acesso a energias renov\u00e1veis, recupera\u00e7\u00e3o ambiental, forma\u00e7\u00e3o para o emprego verde e inova\u00e7\u00e3o social.<\/p>\n<p>A dota\u00e7\u00e3o total dos pr\u00e9mios ascende a\u00a0120.000 euros, que ser\u00e3o distribu\u00eddos por um m\u00e1ximo de tr\u00eas projetos vencedores, selecionados por um j\u00fari de especialistas. Al\u00e9m do apoio financeiro, os galardoados receber\u00e3o um acompanhamento especializado atrav\u00e9s de sess\u00f5es de mentoria para potenciar o alcance e a consolida\u00e7\u00e3o das suas propostas.<\/p>\n<p>O prazo para a apresenta\u00e7\u00e3o de candidaturas termina a\u00a011 de mar\u00e7o de 2026. Poder\u00e3o participar\u00a0pessoas singulares ou coletivas\u00a0de pequena a m\u00e9dia dimens\u00e3o, p\u00fablicas ou privadas, com ou sem fins lucrativos, como startups, entidades sociais, pequenas empresas, institui\u00e7\u00f5es de ensino, ONGs, funda\u00e7\u00f5es e associa\u00e7\u00f5es.<\/p>\n<p>As bases legais e o formul\u00e1rio de inscri\u00e7\u00e3o est\u00e3o dispon\u00edveis no site oficial da\u00a0<a href=\"https:\/\/fundacion.moeveglobal.com\/es\/premios-future-for-all\">Funda\u00e7\u00e3o Moeve<\/a>. Al\u00e9m disso, para esclarecer d\u00favidas e facilitar a participa\u00e7\u00e3o, ser\u00e3o organizadas sess\u00f5es informativas online nos dias 27 de fevereiro e 3 de mar\u00e7o, \u00e0s quais ser\u00e1 poss\u00edvel aceder mediante registo atrav\u00e9s dos links disponibilizados na p\u00e1gina web dos pr\u00e9mios.<\/p>\n","protected":false},"excerpt":{"rendered":"<p>A Funda\u00e7\u00e3o Moeve anunciou a abertura&#8230;<\/p>\n","protected":false},"author":15,"featured_media":113184,"comment_status":"closed","ping_status":"closed","sticky":false,"template":"","format":"standard","meta":{"footnotes":""},"categories":[29],"tags":[14107,7747,4273,6893,11889],"class_list":["post-113146","post","type-post","status-publish","format-standard","has-post-thumbnail","hentry","category-empresas","tag-fundacao-moeve","tag-iniciativa","tag-peninsula-iberica","tag-premios","tag-terceira-edicao"],"yoast_head":"<!-- This site is optimized with the Yoast SEO plugin v27.5 - https:\/\/yoast.com\/product\/yoast-seo-wordpress\/ -->\n<title>Funda\u00e7\u00e3o Moeve alarga pr\u00e9mios a Portugal - Jornal das Oficinas<\/title>\n<meta name=\"description\" content=\"A Moeve anunciou uma novidade: pela primeira vez, entidades sediadas em Portugal podem candidatar os seus projetos aos Pr\u00e9mios Funda\u00e7\u00e3o Moeve\" \/>\n<meta name=\"robots\" content=\"index, follow, max-snippet:-1, max-image-preview:large, max-video-preview:-1\" \/>\n<link rel=\"canonical\" href=\"https:\/\/jornaldasoficinas.com\/pt\/fundacao-moeve-alarga-premios-a-portugal\/\" \/>\n<meta property=\"og:locale\" content=\"pt_PT\" \/>\n<meta property=\"og:type\" content=\"article\" \/>\n<meta property=\"og:title\" content=\"Funda\u00e7\u00e3o Moeve alarga pr\u00e9mios a Portugal - Jornal das Oficinas\" \/>\n<meta property=\"og:description\" content=\"A Moeve anunciou uma novidade: pela primeira vez, entidades sediadas em Portugal podem candidatar os seus projetos aos Pr\u00e9mios Funda\u00e7\u00e3o Moeve\" \/>\n<meta property=\"og:url\" content=\"https:\/\/jornaldasoficinas.com\/pt\/fundacao-moeve-alarga-premios-a-portugal\/\" \/>\n<meta property=\"og:site_name\" content=\"Jornal das Oficinas\" \/>\n<meta property=\"article:publisher\" content=\"https:\/\/www.facebook.com\/jornaloficinas\" \/>\n<meta property=\"article:published_time\" content=\"2026-02-20T14:00:46+00:00\" \/>\n<meta property=\"og:image\" content=\"https:\/\/jornaldasoficinas.com\/pt\/wp-content\/uploads\/2026\/02\/fhdfd.jpg\" \/>\n\t<meta property=\"og:image:width\" content=\"1024\" \/>\n\t<meta property=\"og:image:height\" content=\"580\" \/>\n\t<meta property=\"og:image:type\" content=\"image\/jpeg\" \/>\n<meta name=\"author\" content=\"Reda\u00e7\u00e3o JO\" \/>\n<meta name=\"twitter:card\" content=\"summary_large_image\" \/>\n<meta name=\"twitter:creator\" content=\"@jornaloficinas\" \/>\n<meta name=\"twitter:site\" content=\"@jornaloficinas\" \/>\n<meta name=\"twitter:label1\" content=\"Escrito por\" \/>\n\t<meta name=\"twitter:data1\" content=\"Reda\u00e7\u00e3o JO\" \/>\n\t<meta name=\"twitter:label2\" content=\"Tempo estimado de leitura\" \/>\n\t<meta name=\"twitter:data2\" content=\"4 minutos\" \/>\n<script type=\"application\/ld+json\" class=\"yoast-schema-graph\">{\"@context\":\"https:\\\/\\\/schema.org\",\"@graph\":[{\"@type\":\"Article\",\"@id\":\"https:\\\/\\\/jornaldasoficinas.com\\\/pt\\\/fundacao-moeve-alarga-premios-a-portugal\\\/#article\",\"isPartOf\":{\"@id\":\"https:\\\/\\\/jornaldasoficinas.com\\\/pt\\\/fundacao-moeve-alarga-premios-a-portugal\\\/\"},\"author\":{\"name\":\"Reda\u00e7\u00e3o JO\",\"@id\":\"https:\\\/\\\/jornaldasoficinas.com\\\/pt\\\/#\\\/schema\\\/person\\\/a38eef5de2c41d9e7c9ac10141afddf3\"},\"headline\":\"Funda\u00e7\u00e3o Moeve alarga pr\u00e9mios a Portugal\",\"datePublished\":\"2026-02-20T14:00:46+00:00\",\"mainEntityOfPage\":{\"@id\":\"https:\\\/\\\/jornaldasoficinas.com\\\/pt\\\/fundacao-moeve-alarga-premios-a-portugal\\\/\"},\"wordCount\":632,\"publisher\":{\"@id\":\"https:\\\/\\\/jornaldasoficinas.com\\\/pt\\\/#organization\"},\"image\":{\"@id\":\"https:\\\/\\\/jornaldasoficinas.com\\\/pt\\\/fundacao-moeve-alarga-premios-a-portugal\\\/#primaryimage\"},\"thumbnailUrl\":\"https:\\\/\\\/jornaldasoficinas.com\\\/pt\\\/wp-content\\\/uploads\\\/2026\\\/02\\\/fhdfd.jpg\",\"keywords\":[\"Funda\u00e7\u00e3o Moeve\",\"iniciativa\",\"Pen\u00ednsula Ib\u00e9rica\",\"Pr\u00e9mios\",\"terceira edi\u00e7\u00e3o\"],\"articleSection\":[\"Empresas\"],\"inLanguage\":\"pt-PT\"},{\"@type\":\"WebPage\",\"@id\":\"https:\\\/\\\/jornaldasoficinas.com\\\/pt\\\/fundacao-moeve-alarga-premios-a-portugal\\\/\",\"url\":\"https:\\\/\\\/jornaldasoficinas.com\\\/pt\\\/fundacao-moeve-alarga-premios-a-portugal\\\/\",\"name\":\"Funda\u00e7\u00e3o Moeve alarga pr\u00e9mios a Portugal - Jornal das Oficinas\",\"isPartOf\":{\"@id\":\"https:\\\/\\\/jornaldasoficinas.com\\\/pt\\\/#website\"},\"primaryImageOfPage\":{\"@id\":\"https:\\\/\\\/jornaldasoficinas.com\\\/pt\\\/fundacao-moeve-alarga-premios-a-portugal\\\/#primaryimage\"},\"image\":{\"@id\":\"https:\\\/\\\/jornaldasoficinas.com\\\/pt\\\/fundacao-moeve-alarga-premios-a-portugal\\\/#primaryimage\"},\"thumbnailUrl\":\"https:\\\/\\\/jornaldasoficinas.com\\\/pt\\\/wp-content\\\/uploads\\\/2026\\\/02\\\/fhdfd.jpg\",\"datePublished\":\"2026-02-20T14:00:46+00:00\",\"description\":\"A Moeve anunciou uma novidade: pela primeira vez, entidades sediadas em Portugal podem candidatar os seus projetos aos Pr\u00e9mios Funda\u00e7\u00e3o Moeve\",\"breadcrumb\":{\"@id\":\"https:\\\/\\\/jornaldasoficinas.com\\\/pt\\\/fundacao-moeve-alarga-premios-a-portugal\\\/#breadcrumb\"},\"inLanguage\":\"pt-PT\",\"potentialAction\":[{\"@type\":\"ReadAction\",\"target\":[\"https:\\\/\\\/jornaldasoficinas.com\\\/pt\\\/fundacao-moeve-alarga-premios-a-portugal\\\/\"]}]},{\"@type\":\"ImageObject\",\"inLanguage\":\"pt-PT\",\"@id\":\"https:\\\/\\\/jornaldasoficinas.com\\\/pt\\\/fundacao-moeve-alarga-premios-a-portugal\\\/#primaryimage\",\"url\":\"https:\\\/\\\/jornaldasoficinas.com\\\/pt\\\/wp-content\\\/uploads\\\/2026\\\/02\\\/fhdfd.jpg\",\"contentUrl\":\"https:\\\/\\\/jornaldasoficinas.com\\\/pt\\\/wp-content\\\/uploads\\\/2026\\\/02\\\/fhdfd.jpg\",\"width\":1024,\"height\":580,\"caption\":\"Funda\u00e7\u00e3o Moeve alarga pr\u00e9mios a Portugal\"},{\"@type\":\"BreadcrumbList\",\"@id\":\"https:\\\/\\\/jornaldasoficinas.com\\\/pt\\\/fundacao-moeve-alarga-premios-a-portugal\\\/#breadcrumb\",\"itemListElement\":[{\"@type\":\"ListItem\",\"position\":1,\"name\":\"In\u00edcio\",\"item\":\"https:\\\/\\\/jornaldasoficinas.com\\\/pt\\\/\"},{\"@type\":\"ListItem\",\"position\":2,\"name\":\"Funda\u00e7\u00e3o Moeve alarga pr\u00e9mios a Portugal\"}]},{\"@type\":\"WebSite\",\"@id\":\"https:\\\/\\\/jornaldasoficinas.com\\\/pt\\\/#website\",\"url\":\"https:\\\/\\\/jornaldasoficinas.com\\\/pt\\\/\",\"name\":\"Jornal das Oficinas\",\"description\":\"Jornal independente do Aftermarket Autom\u00f3vel em Portugal\",\"publisher\":{\"@id\":\"https:\\\/\\\/jornaldasoficinas.com\\\/pt\\\/#organization\"},\"potentialAction\":[{\"@type\":\"SearchAction\",\"target\":{\"@type\":\"EntryPoint\",\"urlTemplate\":\"https:\\\/\\\/jornaldasoficinas.com\\\/pt\\\/?s={search_term_string}\"},\"query-input\":{\"@type\":\"PropertyValueSpecification\",\"valueRequired\":true,\"valueName\":\"search_term_string\"}}],\"inLanguage\":\"pt-PT\"},{\"@type\":\"Organization\",\"@id\":\"https:\\\/\\\/jornaldasoficinas.com\\\/pt\\\/#organization\",\"name\":\"Jornal das Oficinas\",\"url\":\"https:\\\/\\\/jornaldasoficinas.com\\\/pt\\\/\",\"logo\":{\"@type\":\"ImageObject\",\"inLanguage\":\"pt-PT\",\"@id\":\"https:\\\/\\\/jornaldasoficinas.com\\\/pt\\\/#\\\/schema\\\/logo\\\/image\\\/\",\"url\":\"https:\\\/\\\/jornaldasoficinas.com\\\/pt\\\/wp-content\\\/uploads\\\/logoJO-SEO.png\",\"contentUrl\":\"https:\\\/\\\/jornaldasoficinas.com\\\/pt\\\/wp-content\\\/uploads\\\/logoJO-SEO.png\",\"width\":285,\"height\":450,\"caption\":\"Jornal das Oficinas\"},\"image\":{\"@id\":\"https:\\\/\\\/jornaldasoficinas.com\\\/pt\\\/#\\\/schema\\\/logo\\\/image\\\/\"},\"sameAs\":[\"https:\\\/\\\/www.facebook.com\\\/jornaloficinas\",\"https:\\\/\\\/x.com\\\/jornaloficinas\",\"https:\\\/\\\/www.instagram.com\\\/jornal_oficinas\\\/\",\"https:\\\/\\\/www.linkedin.com\\\/company\\\/jornal-das-oficinas\\\/\",\"https:\\\/\\\/www.youtube.com\\\/channel\\\/UCbQZBqtcvV-oSQrr7RzINGg\"]},{\"@type\":\"Person\",\"@id\":\"https:\\\/\\\/jornaldasoficinas.com\\\/pt\\\/#\\\/schema\\\/person\\\/a38eef5de2c41d9e7c9ac10141afddf3\",\"name\":\"Reda\u00e7\u00e3o JO\",\"image\":{\"@type\":\"ImageObject\",\"inLanguage\":\"pt-PT\",\"@id\":\"https:\\\/\\\/secure.gravatar.com\\\/avatar\\\/71f2fa71737ad68a84fea94bc708ddac8ea5b0c4788dc2ad202f3ccb2887742f?s=96&d=wp_user_avatar&r=g\",\"url\":\"https:\\\/\\\/secure.gravatar.com\\\/avatar\\\/71f2fa71737ad68a84fea94bc708ddac8ea5b0c4788dc2ad202f3ccb2887742f?s=96&d=wp_user_avatar&r=g\",\"contentUrl\":\"https:\\\/\\\/secure.gravatar.com\\\/avatar\\\/71f2fa71737ad68a84fea94bc708ddac8ea5b0c4788dc2ad202f3ccb2887742f?s=96&d=wp_user_avatar&r=g\",\"caption\":\"Reda\u00e7\u00e3o JO\"},\"url\":\"https:\\\/\\\/jornaldasoficinas.com\\\/pt\\\/author\\\/joredacao\\\/\"}]}<\/script>\n<!-- \/ Yoast SEO plugin. -->","yoast_head_json":{"title":"Funda\u00e7\u00e3o Moeve alarga pr\u00e9mios a Portugal - Jornal das Oficinas","description":"A Moeve anunciou uma novidade: pela primeira vez, entidades sediadas em Portugal podem candidatar os seus projetos aos Pr\u00e9mios Funda\u00e7\u00e3o Moeve","robots":{"index":"index","follow":"follow","max-snippet":"max-snippet:-1","max-image-preview":"max-image-preview:large","max-video-preview":"max-video-preview:-1"},"canonical":"https:\/\/jornaldasoficinas.com\/pt\/fundacao-moeve-alarga-premios-a-portugal\/","og_locale":"pt_PT","og_type":"article","og_title":"Funda\u00e7\u00e3o Moeve alarga pr\u00e9mios a Portugal - Jornal das Oficinas","og_description":"A Moeve anunciou uma novidade: pela primeira vez, entidades sediadas em Portugal podem candidatar os seus projetos aos Pr\u00e9mios Funda\u00e7\u00e3o Moeve","og_url":"https:\/\/jornaldasoficinas.com\/pt\/fundacao-moeve-alarga-premios-a-portugal\/","og_site_name":"Jornal das Oficinas","article_publisher":"https:\/\/www.facebook.com\/jornaloficinas","article_published_time":"2026-02-20T14:00:46+00:00","og_image":[{"width":1024,"height":580,"url":"https:\/\/jornaldasoficinas.com\/pt\/wp-content\/uploads\/2026\/02\/fhdfd.jpg","type":"image\/jpeg"}],"author":"Reda\u00e7\u00e3o JO","twitter_card":"summary_large_image","twitter_creator":"@jornaloficinas","twitter_site":"@jornaloficinas","twitter_misc":{"Escrito por":"Reda\u00e7\u00e3o JO","Tempo estimado de leitura":"4 minutos"},"schema":{"@context":"https:\/\/schema.org","@graph":[{"@type":"Article","@id":"https:\/\/jornaldasoficinas.com\/pt\/fundacao-moeve-alarga-premios-a-portugal\/#article","isPartOf":{"@id":"https:\/\/jornaldasoficinas.com\/pt\/fundacao-moeve-alarga-premios-a-portugal\/"},"author":{"name":"Reda\u00e7\u00e3o JO","@id":"https:\/\/jornaldasoficinas.com\/pt\/#\/schema\/person\/a38eef5de2c41d9e7c9ac10141afddf3"},"headline":"Funda\u00e7\u00e3o Moeve alarga pr\u00e9mios a Portugal","datePublished":"2026-02-20T14:00:46+00:00","mainEntityOfPage":{"@id":"https:\/\/jornaldasoficinas.com\/pt\/fundacao-moeve-alarga-premios-a-portugal\/"},"wordCount":632,"publisher":{"@id":"https:\/\/jornaldasoficinas.com\/pt\/#organization"},"image":{"@id":"https:\/\/jornaldasoficinas.com\/pt\/fundacao-moeve-alarga-premios-a-portugal\/#primaryimage"},"thumbnailUrl":"https:\/\/jornaldasoficinas.com\/pt\/wp-content\/uploads\/2026\/02\/fhdfd.jpg","keywords":["Funda\u00e7\u00e3o Moeve","iniciativa","Pen\u00ednsula Ib\u00e9rica","Pr\u00e9mios","terceira edi\u00e7\u00e3o"],"articleSection":["Empresas"],"inLanguage":"pt-PT"},{"@type":"WebPage","@id":"https:\/\/jornaldasoficinas.com\/pt\/fundacao-moeve-alarga-premios-a-portugal\/","url":"https:\/\/jornaldasoficinas.com\/pt\/fundacao-moeve-alarga-premios-a-portugal\/","name":"Funda\u00e7\u00e3o Moeve alarga pr\u00e9mios a Portugal - Jornal das Oficinas","isPartOf":{"@id":"https:\/\/jornaldasoficinas.com\/pt\/#website"},"primaryImageOfPage":{"@id":"https:\/\/jornaldasoficinas.com\/pt\/fundacao-moeve-alarga-premios-a-portugal\/#primaryimage"},"image":{"@id":"https:\/\/jornaldasoficinas.com\/pt\/fundacao-moeve-alarga-premios-a-portugal\/#primaryimage"},"thumbnailUrl":"https:\/\/jornaldasoficinas.com\/pt\/wp-content\/uploads\/2026\/02\/fhdfd.jpg","datePublished":"2026-02-20T14:00:46+00:00","description":"A Moeve anunciou uma novidade: pela primeira vez, entidades sediadas em Portugal podem candidatar os seus projetos aos Pr\u00e9mios Funda\u00e7\u00e3o Moeve","breadcrumb":{"@id":"https:\/\/jornaldasoficinas.com\/pt\/fundacao-moeve-alarga-premios-a-portugal\/#breadcrumb"},"inLanguage":"pt-PT","potentialAction":[{"@type":"ReadAction","target":["https:\/\/jornaldasoficinas.com\/pt\/fundacao-moeve-alarga-premios-a-portugal\/"]}]},{"@type":"ImageObject","inLanguage":"pt-PT","@id":"https:\/\/jornaldasoficinas.com\/pt\/fundacao-moeve-alarga-premios-a-portugal\/#primaryimage","url":"https:\/\/jornaldasoficinas.com\/pt\/wp-content\/uploads\/2026\/02\/fhdfd.jpg","contentUrl":"https:\/\/jornaldasoficinas.com\/pt\/wp-content\/uploads\/2026\/02\/fhdfd.jpg","width":1024,"height":580,"caption":"Funda\u00e7\u00e3o Moeve alarga pr\u00e9mios a Portugal"},{"@type":"BreadcrumbList","@id":"https:\/\/jornaldasoficinas.com\/pt\/fundacao-moeve-alarga-premios-a-portugal\/#breadcrumb","itemListElement":[{"@type":"ListItem","position":1,"name":"In\u00edcio","item":"https:\/\/jornaldasoficinas.com\/pt\/"},{"@type":"ListItem","position":2,"name":"Funda\u00e7\u00e3o Moeve alarga pr\u00e9mios a Portugal"}]},{"@type":"WebSite","@id":"https:\/\/jornaldasoficinas.com\/pt\/#website","url":"https:\/\/jornaldasoficinas.com\/pt\/","name":"Jornal das Oficinas","description":"Jornal independente do Aftermarket Autom\u00f3vel em Portugal","publisher":{"@id":"https:\/\/jornaldasoficinas.com\/pt\/#organization"},"potentialAction":[{"@type":"SearchAction","target":{"@type":"EntryPoint","urlTemplate":"https:\/\/jornaldasoficinas.com\/pt\/?s={search_term_string}"},"query-input":{"@type":"PropertyValueSpecification","valueRequired":true,"valueName":"search_term_string"}}],"inLanguage":"pt-PT"},{"@type":"Organization","@id":"https:\/\/jornaldasoficinas.com\/pt\/#organization","name":"Jornal das Oficinas","url":"https:\/\/jornaldasoficinas.com\/pt\/","logo":{"@type":"ImageObject","inLanguage":"pt-PT","@id":"https:\/\/jornaldasoficinas.com\/pt\/#\/schema\/logo\/image\/","url":"https:\/\/jornaldasoficinas.com\/pt\/wp-content\/uploads\/logoJO-SEO.png","contentUrl":"https:\/\/jornaldasoficinas.com\/pt\/wp-content\/uploads\/logoJO-SEO.png","width":285,"height":450,"caption":"Jornal das Oficinas"},"image":{"@id":"https:\/\/jornaldasoficinas.com\/pt\/#\/schema\/logo\/image\/"},"sameAs":["https:\/\/www.facebook.com\/jornaloficinas","https:\/\/x.com\/jornaloficinas","https:\/\/www.instagram.com\/jornal_oficinas\/","https:\/\/www.linkedin.com\/company\/jornal-das-oficinas\/","https:\/\/www.youtube.com\/channel\/UCbQZBqtcvV-oSQrr7RzINGg"]},{"@type":"Person","@id":"https:\/\/jornaldasoficinas.com\/pt\/#\/schema\/person\/a38eef5de2c41d9e7c9ac10141afddf3","name":"Reda\u00e7\u00e3o JO","image":{"@type":"ImageObject","inLanguage":"pt-PT","@id":"https:\/\/secure.gravatar.com\/avatar\/71f2fa71737ad68a84fea94bc708ddac8ea5b0c4788dc2ad202f3ccb2887742f?s=96&d=wp_user_avatar&r=g","url":"https:\/\/secure.gravatar.com\/avatar\/71f2fa71737ad68a84fea94bc708ddac8ea5b0c4788dc2ad202f3ccb2887742f?s=96&d=wp_user_avatar&r=g","contentUrl":"https:\/\/secure.gravatar.com\/avatar\/71f2fa71737ad68a84fea94bc708ddac8ea5b0c4788dc2ad202f3ccb2887742f?s=96&d=wp_user_avatar&r=g","caption":"Reda\u00e7\u00e3o JO"},"url":"https:\/\/jornaldasoficinas.com\/pt\/author\/joredacao\/"}]}},"_links":{"self":[{"href":"https:\/\/jornaldasoficinas.com\/pt\/wp-json\/wp\/v2\/posts\/113146","targetHints":{"allow":["GET"]}}],"collection":[{"href":"https:\/\/jornaldasoficinas.com\/pt\/wp-json\/wp\/v2\/posts"}],"about":[{"href":"https:\/\/jornaldasoficinas.com\/pt\/wp-json\/wp\/v2\/types\/post"}],"author":[{"embeddable":true,"href":"https:\/\/jornaldasoficinas.com\/pt\/wp-json\/wp\/v2\/users\/15"}],"replies":[{"embeddable":true,"href":"https:\/\/jornaldasoficinas.com\/pt\/wp-json\/wp\/v2\/comments?post=113146"}],"version-history":[{"count":6,"href":"https:\/\/jornaldasoficinas.com\/pt\/wp-json\/wp\/v2\/posts\/113146\/revisions"}],"predecessor-version":[{"id":113185,"href":"https:\/\/jornaldasoficinas.com\/pt\/wp-json\/wp\/v2\/posts\/113146\/revisions\/113185"}],"wp:featuredmedia":[{"embeddable":true,"href":"https:\/\/jornaldasoficinas.com\/pt\/wp-json\/wp\/v2\/media\/113184"}],"wp:attachment":[{"href":"https:\/\/jornaldasoficinas.com\/pt\/wp-json\/wp\/v2\/media?parent=113146"}],"wp:term":[{"taxonomy":"category","embeddable":true,"href":"https:\/\/jornaldasoficinas.com\/pt\/wp-json\/wp\/v2\/categories?post=113146"},{"taxonomy":"post_tag","embeddable":true,"href":"https:\/\/jornaldasoficinas.com\/pt\/wp-json\/wp\/v2\/tags?post=113146"}],"curies":[{"name":"wp","href":"https:\/\/api.w.org\/{rel}","templated":true}]}}