{"id":113157,"date":"2026-02-19T08:00:42","date_gmt":"2026-02-19T08:00:42","guid":{"rendered":"https:\/\/jornaldasoficinas.com\/pt\/?p=113157"},"modified":"2026-02-18T18:35:16","modified_gmt":"2026-02-18T18:35:16","slug":"krautli-portugal-promove-campanha-solidaria","status":"publish","type":"post","link":"https:\/\/jornaldasoficinas.com\/pt\/krautli-portugal-promove-campanha-solidaria\/","title":{"rendered":"Krautli Portugal promove campanha solid\u00e1ria"},"content":{"rendered":"<p><strong><img loading=\"lazy\" decoding=\"async\" class=\"alignnone size-full wp-image-113174\" src=\"https:\/\/jornaldasoficinas.com\/pt\/wp-content\/uploads\/2026\/02\/Campanha_solidaria_krautli_escovas_fev2026_469_x_388_px_1_656_20260215190540.jpg\" alt=\"02 - Campanha_solidaria_krautli_escovas_fev2026_469_x_388_px_1_656_20260215190540\" width=\"1024\" height=\"581\" srcset=\"https:\/\/jornaldasoficinas.com\/pt\/wp-content\/uploads\/2026\/02\/Campanha_solidaria_krautli_escovas_fev2026_469_x_388_px_1_656_20260215190540.jpg 1024w, https:\/\/jornaldasoficinas.com\/pt\/wp-content\/uploads\/2026\/02\/Campanha_solidaria_krautli_escovas_fev2026_469_x_388_px_1_656_20260215190540-300x170.jpg 300w, https:\/\/jornaldasoficinas.com\/pt\/wp-content\/uploads\/2026\/02\/Campanha_solidaria_krautli_escovas_fev2026_469_x_388_px_1_656_20260215190540-150x85.jpg 150w, https:\/\/jornaldasoficinas.com\/pt\/wp-content\/uploads\/2026\/02\/Campanha_solidaria_krautli_escovas_fev2026_469_x_388_px_1_656_20260215190540-768x436.jpg 768w\" sizes=\"auto, (max-width: 1024px) 100vw, 1024px\" \/><\/strong><\/p>\n<p><strong>A <a href=\"https:\/\/www.krautli.pt\/\" target=\"_blank\" rel=\"noopener\">Krautli Portugal<\/a> anunciou o lan\u00e7amento de uma campanha solid\u00e1ria de apoio \u00e0 <a href=\"https:\/\/www.caritasleiria.pt\/\" target=\"_blank\" rel=\"noopener\">C\u00e1ritas<\/a> (delega\u00e7\u00e3o Leiria-F\u00e1tima), destinada a apoiar as fam\u00edlias e v\u00edtimas afetadas pela recente depress\u00e3o que atingiu Portugal<\/strong><\/p>\n<p>Com o objetivo de transformar um gesto simples num contributo concreto, a iniciativa estabelece que por cada compra de um jogo de escovas limpa-vidros, a Krautli Portugal doar\u00e1 0,50\u20ac \u00e0 C\u00e1ritas Leiria-F\u00e1tima. A campanha envolve refer\u00eancias das marcas <a href=\"https:\/\/www.bosch.pt\/\" target=\"_blank\" rel=\"noopener\">BOSCH<\/a>, <a href=\"https:\/\/www.osram.pt\/\" target=\"_blank\" rel=\"noopener\">OSRAM<\/a> e <a href=\"https:\/\/www.swfkrantechnik.com\/\" target=\"_blank\" rel=\"noopener\">SWF<\/a>, refor\u00e7ando tamb\u00e9m a import\u00e2ncia da seguran\u00e7a rodovi\u00e1ria, especialmente durante per\u00edodos de condi\u00e7\u00f5es meteorol\u00f3gicas adversas.<\/p>\n<p>&#8220;Cada compra conta e pode fazer a diferen\u00e7a. Com esta campanha, queremos envolver clientes e parceiros numa a\u00e7\u00e3o de solidariedade imediata, com impacto direto na comunidade, atrav\u00e9s de uma mec\u00e2nica simples e transparente&#8221;, afirmou Carlos Silva, diretor de vendas e marketing da Krautli Portugal.<\/p>\n<p>A Krautli Portugal sublinhou que esta iniciativa reflete o compromisso cont\u00ednuo da empresa com a responsabilidade social e com o apoio a institui\u00e7\u00f5es que trabalham no terreno, respondendo \u00e0s necessidades mais urgentes das popula\u00e7\u00f5es.<\/p>\n<p>A campanha estar\u00e1 em vigor 16 a 21 de fevereiro e \u00e9 v\u00e1lida para compras efetuadas atrav\u00e9s dos canais habituais da Krautli Portugal.<\/p>\n","protected":false},"excerpt":{"rendered":"<p>A Krautli Portugal anunciou o lan\u00e7amento&#8230;<\/p>\n","protected":false},"author":15,"featured_media":113174,"comment_status":"closed","ping_status":"closed","sticky":false,"template":"","format":"standard","meta":{"footnotes":""},"categories":[29],"tags":[14574,3515,6695,7747,282],"class_list":["post-113157","post","type-post","status-publish","format-standard","has-post-thumbnail","hentry","category-empresas","tag-apoio-as-familias","tag-campanha-solidaria","tag-caritas","tag-iniciativa","tag-krautli-portugal"],"yoast_head":"<!-- This site is optimized with the Yoast SEO plugin v27.5 - https:\/\/yoast.com\/product\/yoast-seo-wordpress\/ -->\n<title>Krautli Portugal promove campanha solid\u00e1ria - Jornal das Oficinas<\/title>\n<meta name=\"description\" content=\"A Krautli Portugal anunciou o lan\u00e7amento de uma campanha solid\u00e1ria de apoio \u00e0 C\u00e1ritas (delega\u00e7\u00e3o Leiria-F\u00e1tima)\" \/>\n<meta name=\"robots\" content=\"index, follow, max-snippet:-1, max-image-preview:large, max-video-preview:-1\" \/>\n<link rel=\"canonical\" href=\"https:\/\/jornaldasoficinas.com\/pt\/krautli-portugal-promove-campanha-solidaria\/\" \/>\n<meta property=\"og:locale\" content=\"pt_PT\" \/>\n<meta property=\"og:type\" content=\"article\" \/>\n<meta property=\"og:title\" content=\"Krautli Portugal promove campanha solid\u00e1ria - Jornal das Oficinas\" \/>\n<meta property=\"og:description\" content=\"A Krautli Portugal anunciou o lan\u00e7amento de uma campanha solid\u00e1ria de apoio \u00e0 C\u00e1ritas (delega\u00e7\u00e3o Leiria-F\u00e1tima)\" \/>\n<meta property=\"og:url\" content=\"https:\/\/jornaldasoficinas.com\/pt\/krautli-portugal-promove-campanha-solidaria\/\" \/>\n<meta property=\"og:site_name\" content=\"Jornal das Oficinas\" \/>\n<meta property=\"article:publisher\" content=\"https:\/\/www.facebook.com\/jornaloficinas\" \/>\n<meta property=\"article:published_time\" content=\"2026-02-19T08:00:42+00:00\" \/>\n<meta property=\"og:image\" content=\"https:\/\/jornaldasoficinas.com\/pt\/wp-content\/uploads\/2026\/02\/Campanha_solidaria_krautli_escovas_fev2026_469_x_388_px_1_656_20260215190540.jpg\" \/>\n\t<meta property=\"og:image:width\" content=\"1024\" \/>\n\t<meta property=\"og:image:height\" content=\"581\" \/>\n\t<meta property=\"og:image:type\" content=\"image\/jpeg\" \/>\n<meta name=\"author\" content=\"Reda\u00e7\u00e3o JO\" \/>\n<meta name=\"twitter:card\" content=\"summary_large_image\" \/>\n<meta name=\"twitter:creator\" content=\"@jornaloficinas\" \/>\n<meta name=\"twitter:site\" content=\"@jornaloficinas\" \/>\n<meta name=\"twitter:label1\" content=\"Escrito por\" \/>\n\t<meta name=\"twitter:data1\" content=\"Reda\u00e7\u00e3o JO\" \/>\n\t<meta name=\"twitter:label2\" content=\"Tempo estimado de leitura\" \/>\n\t<meta name=\"twitter:data2\" content=\"2 minutos\" \/>\n<script type=\"application\/ld+json\" class=\"yoast-schema-graph\">{\"@context\":\"https:\\\/\\\/schema.org\",\"@graph\":[{\"@type\":\"Article\",\"@id\":\"https:\\\/\\\/jornaldasoficinas.com\\\/pt\\\/krautli-portugal-promove-campanha-solidaria\\\/#article\",\"isPartOf\":{\"@id\":\"https:\\\/\\\/jornaldasoficinas.com\\\/pt\\\/krautli-portugal-promove-campanha-solidaria\\\/\"},\"author\":{\"name\":\"Reda\u00e7\u00e3o JO\",\"@id\":\"https:\\\/\\\/jornaldasoficinas.com\\\/pt\\\/#\\\/schema\\\/person\\\/a38eef5de2c41d9e7c9ac10141afddf3\"},\"headline\":\"Krautli Portugal promove campanha solid\u00e1ria\",\"datePublished\":\"2026-02-19T08:00:42+00:00\",\"mainEntityOfPage\":{\"@id\":\"https:\\\/\\\/jornaldasoficinas.com\\\/pt\\\/krautli-portugal-promove-campanha-solidaria\\\/\"},\"wordCount\":215,\"publisher\":{\"@id\":\"https:\\\/\\\/jornaldasoficinas.com\\\/pt\\\/#organization\"},\"image\":{\"@id\":\"https:\\\/\\\/jornaldasoficinas.com\\\/pt\\\/krautli-portugal-promove-campanha-solidaria\\\/#primaryimage\"},\"thumbnailUrl\":\"https:\\\/\\\/jornaldasoficinas.com\\\/pt\\\/wp-content\\\/uploads\\\/2026\\\/02\\\/Campanha_solidaria_krautli_escovas_fev2026_469_x_388_px_1_656_20260215190540.jpg\",\"keywords\":[\"apoio \u00e0s fam\u00edlias\",\"Campanha solid\u00e1ria\",\"C\u00e1ritas\",\"iniciativa\",\"KRAUTLI Portugal\"],\"articleSection\":[\"Empresas\"],\"inLanguage\":\"pt-PT\"},{\"@type\":\"WebPage\",\"@id\":\"https:\\\/\\\/jornaldasoficinas.com\\\/pt\\\/krautli-portugal-promove-campanha-solidaria\\\/\",\"url\":\"https:\\\/\\\/jornaldasoficinas.com\\\/pt\\\/krautli-portugal-promove-campanha-solidaria\\\/\",\"name\":\"Krautli Portugal promove campanha solid\u00e1ria - Jornal das Oficinas\",\"isPartOf\":{\"@id\":\"https:\\\/\\\/jornaldasoficinas.com\\\/pt\\\/#website\"},\"primaryImageOfPage\":{\"@id\":\"https:\\\/\\\/jornaldasoficinas.com\\\/pt\\\/krautli-portugal-promove-campanha-solidaria\\\/#primaryimage\"},\"image\":{\"@id\":\"https:\\\/\\\/jornaldasoficinas.com\\\/pt\\\/krautli-portugal-promove-campanha-solidaria\\\/#primaryimage\"},\"thumbnailUrl\":\"https:\\\/\\\/jornaldasoficinas.com\\\/pt\\\/wp-content\\\/uploads\\\/2026\\\/02\\\/Campanha_solidaria_krautli_escovas_fev2026_469_x_388_px_1_656_20260215190540.jpg\",\"datePublished\":\"2026-02-19T08:00:42+00:00\",\"description\":\"A Krautli Portugal anunciou o lan\u00e7amento de uma campanha solid\u00e1ria de apoio \u00e0 C\u00e1ritas (delega\u00e7\u00e3o Leiria-F\u00e1tima)\",\"breadcrumb\":{\"@id\":\"https:\\\/\\\/jornaldasoficinas.com\\\/pt\\\/krautli-portugal-promove-campanha-solidaria\\\/#breadcrumb\"},\"inLanguage\":\"pt-PT\",\"potentialAction\":[{\"@type\":\"ReadAction\",\"target\":[\"https:\\\/\\\/jornaldasoficinas.com\\\/pt\\\/krautli-portugal-promove-campanha-solidaria\\\/\"]}]},{\"@type\":\"ImageObject\",\"inLanguage\":\"pt-PT\",\"@id\":\"https:\\\/\\\/jornaldasoficinas.com\\\/pt\\\/krautli-portugal-promove-campanha-solidaria\\\/#primaryimage\",\"url\":\"https:\\\/\\\/jornaldasoficinas.com\\\/pt\\\/wp-content\\\/uploads\\\/2026\\\/02\\\/Campanha_solidaria_krautli_escovas_fev2026_469_x_388_px_1_656_20260215190540.jpg\",\"contentUrl\":\"https:\\\/\\\/jornaldasoficinas.com\\\/pt\\\/wp-content\\\/uploads\\\/2026\\\/02\\\/Campanha_solidaria_krautli_escovas_fev2026_469_x_388_px_1_656_20260215190540.jpg\",\"width\":1024,\"height\":581,\"caption\":\"02 - Campanha_solidaria_krautli_escovas_fev2026_469_x_388_px_1_656_20260215190540\"},{\"@type\":\"BreadcrumbList\",\"@id\":\"https:\\\/\\\/jornaldasoficinas.com\\\/pt\\\/krautli-portugal-promove-campanha-solidaria\\\/#breadcrumb\",\"itemListElement\":[{\"@type\":\"ListItem\",\"position\":1,\"name\":\"In\u00edcio\",\"item\":\"https:\\\/\\\/jornaldasoficinas.com\\\/pt\\\/\"},{\"@type\":\"ListItem\",\"position\":2,\"name\":\"Krautli Portugal promove campanha solid\u00e1ria\"}]},{\"@type\":\"WebSite\",\"@id\":\"https:\\\/\\\/jornaldasoficinas.com\\\/pt\\\/#website\",\"url\":\"https:\\\/\\\/jornaldasoficinas.com\\\/pt\\\/\",\"name\":\"Jornal das Oficinas\",\"description\":\"Jornal independente do Aftermarket Autom\u00f3vel em Portugal\",\"publisher\":{\"@id\":\"https:\\\/\\\/jornaldasoficinas.com\\\/pt\\\/#organization\"},\"potentialAction\":[{\"@type\":\"SearchAction\",\"target\":{\"@type\":\"EntryPoint\",\"urlTemplate\":\"https:\\\/\\\/jornaldasoficinas.com\\\/pt\\\/?s={search_term_string}\"},\"query-input\":{\"@type\":\"PropertyValueSpecification\",\"valueRequired\":true,\"valueName\":\"search_term_string\"}}],\"inLanguage\":\"pt-PT\"},{\"@type\":\"Organization\",\"@id\":\"https:\\\/\\\/jornaldasoficinas.com\\\/pt\\\/#organization\",\"name\":\"Jornal das Oficinas\",\"url\":\"https:\\\/\\\/jornaldasoficinas.com\\\/pt\\\/\",\"logo\":{\"@type\":\"ImageObject\",\"inLanguage\":\"pt-PT\",\"@id\":\"https:\\\/\\\/jornaldasoficinas.com\\\/pt\\\/#\\\/schema\\\/logo\\\/image\\\/\",\"url\":\"https:\\\/\\\/jornaldasoficinas.com\\\/pt\\\/wp-content\\\/uploads\\\/logoJO-SEO.png\",\"contentUrl\":\"https:\\\/\\\/jornaldasoficinas.com\\\/pt\\\/wp-content\\\/uploads\\\/logoJO-SEO.png\",\"width\":285,\"height\":450,\"caption\":\"Jornal das Oficinas\"},\"image\":{\"@id\":\"https:\\\/\\\/jornaldasoficinas.com\\\/pt\\\/#\\\/schema\\\/logo\\\/image\\\/\"},\"sameAs\":[\"https:\\\/\\\/www.facebook.com\\\/jornaloficinas\",\"https:\\\/\\\/x.com\\\/jornaloficinas\",\"https:\\\/\\\/www.instagram.com\\\/jornal_oficinas\\\/\",\"https:\\\/\\\/www.linkedin.com\\\/company\\\/jornal-das-oficinas\\\/\",\"https:\\\/\\\/www.youtube.com\\\/channel\\\/UCbQZBqtcvV-oSQrr7RzINGg\"]},{\"@type\":\"Person\",\"@id\":\"https:\\\/\\\/jornaldasoficinas.com\\\/pt\\\/#\\\/schema\\\/person\\\/a38eef5de2c41d9e7c9ac10141afddf3\",\"name\":\"Reda\u00e7\u00e3o JO\",\"image\":{\"@type\":\"ImageObject\",\"inLanguage\":\"pt-PT\",\"@id\":\"https:\\\/\\\/secure.gravatar.com\\\/avatar\\\/71f2fa71737ad68a84fea94bc708ddac8ea5b0c4788dc2ad202f3ccb2887742f?s=96&d=wp_user_avatar&r=g\",\"url\":\"https:\\\/\\\/secure.gravatar.com\\\/avatar\\\/71f2fa71737ad68a84fea94bc708ddac8ea5b0c4788dc2ad202f3ccb2887742f?s=96&d=wp_user_avatar&r=g\",\"contentUrl\":\"https:\\\/\\\/secure.gravatar.com\\\/avatar\\\/71f2fa71737ad68a84fea94bc708ddac8ea5b0c4788dc2ad202f3ccb2887742f?s=96&d=wp_user_avatar&r=g\",\"caption\":\"Reda\u00e7\u00e3o JO\"},\"url\":\"https:\\\/\\\/jornaldasoficinas.com\\\/pt\\\/author\\\/joredacao\\\/\"}]}<\/script>\n<!-- \/ Yoast SEO plugin. -->","yoast_head_json":{"title":"Krautli Portugal promove campanha solid\u00e1ria - Jornal das Oficinas","description":"A Krautli Portugal anunciou o lan\u00e7amento de uma campanha solid\u00e1ria de apoio \u00e0 C\u00e1ritas (delega\u00e7\u00e3o Leiria-F\u00e1tima)","robots":{"index":"index","follow":"follow","max-snippet":"max-snippet:-1","max-image-preview":"max-image-preview:large","max-video-preview":"max-video-preview:-1"},"canonical":"https:\/\/jornaldasoficinas.com\/pt\/krautli-portugal-promove-campanha-solidaria\/","og_locale":"pt_PT","og_type":"article","og_title":"Krautli Portugal promove campanha solid\u00e1ria - Jornal das Oficinas","og_description":"A Krautli Portugal anunciou o lan\u00e7amento de uma campanha solid\u00e1ria de apoio \u00e0 C\u00e1ritas (delega\u00e7\u00e3o Leiria-F\u00e1tima)","og_url":"https:\/\/jornaldasoficinas.com\/pt\/krautli-portugal-promove-campanha-solidaria\/","og_site_name":"Jornal das Oficinas","article_publisher":"https:\/\/www.facebook.com\/jornaloficinas","article_published_time":"2026-02-19T08:00:42+00:00","og_image":[{"width":1024,"height":581,"url":"https:\/\/jornaldasoficinas.com\/pt\/wp-content\/uploads\/2026\/02\/Campanha_solidaria_krautli_escovas_fev2026_469_x_388_px_1_656_20260215190540.jpg","type":"image\/jpeg"}],"author":"Reda\u00e7\u00e3o JO","twitter_card":"summary_large_image","twitter_creator":"@jornaloficinas","twitter_site":"@jornaloficinas","twitter_misc":{"Escrito por":"Reda\u00e7\u00e3o JO","Tempo estimado de leitura":"2 minutos"},"schema":{"@context":"https:\/\/schema.org","@graph":[{"@type":"Article","@id":"https:\/\/jornaldasoficinas.com\/pt\/krautli-portugal-promove-campanha-solidaria\/#article","isPartOf":{"@id":"https:\/\/jornaldasoficinas.com\/pt\/krautli-portugal-promove-campanha-solidaria\/"},"author":{"name":"Reda\u00e7\u00e3o JO","@id":"https:\/\/jornaldasoficinas.com\/pt\/#\/schema\/person\/a38eef5de2c41d9e7c9ac10141afddf3"},"headline":"Krautli Portugal promove campanha solid\u00e1ria","datePublished":"2026-02-19T08:00:42+00:00","mainEntityOfPage":{"@id":"https:\/\/jornaldasoficinas.com\/pt\/krautli-portugal-promove-campanha-solidaria\/"},"wordCount":215,"publisher":{"@id":"https:\/\/jornaldasoficinas.com\/pt\/#organization"},"image":{"@id":"https:\/\/jornaldasoficinas.com\/pt\/krautli-portugal-promove-campanha-solidaria\/#primaryimage"},"thumbnailUrl":"https:\/\/jornaldasoficinas.com\/pt\/wp-content\/uploads\/2026\/02\/Campanha_solidaria_krautli_escovas_fev2026_469_x_388_px_1_656_20260215190540.jpg","keywords":["apoio \u00e0s fam\u00edlias","Campanha solid\u00e1ria","C\u00e1ritas","iniciativa","KRAUTLI Portugal"],"articleSection":["Empresas"],"inLanguage":"pt-PT"},{"@type":"WebPage","@id":"https:\/\/jornaldasoficinas.com\/pt\/krautli-portugal-promove-campanha-solidaria\/","url":"https:\/\/jornaldasoficinas.com\/pt\/krautli-portugal-promove-campanha-solidaria\/","name":"Krautli Portugal promove campanha solid\u00e1ria - Jornal das Oficinas","isPartOf":{"@id":"https:\/\/jornaldasoficinas.com\/pt\/#website"},"primaryImageOfPage":{"@id":"https:\/\/jornaldasoficinas.com\/pt\/krautli-portugal-promove-campanha-solidaria\/#primaryimage"},"image":{"@id":"https:\/\/jornaldasoficinas.com\/pt\/krautli-portugal-promove-campanha-solidaria\/#primaryimage"},"thumbnailUrl":"https:\/\/jornaldasoficinas.com\/pt\/wp-content\/uploads\/2026\/02\/Campanha_solidaria_krautli_escovas_fev2026_469_x_388_px_1_656_20260215190540.jpg","datePublished":"2026-02-19T08:00:42+00:00","description":"A Krautli Portugal anunciou o lan\u00e7amento de uma campanha solid\u00e1ria de apoio \u00e0 C\u00e1ritas (delega\u00e7\u00e3o Leiria-F\u00e1tima)","breadcrumb":{"@id":"https:\/\/jornaldasoficinas.com\/pt\/krautli-portugal-promove-campanha-solidaria\/#breadcrumb"},"inLanguage":"pt-PT","potentialAction":[{"@type":"ReadAction","target":["https:\/\/jornaldasoficinas.com\/pt\/krautli-portugal-promove-campanha-solidaria\/"]}]},{"@type":"ImageObject","inLanguage":"pt-PT","@id":"https:\/\/jornaldasoficinas.com\/pt\/krautli-portugal-promove-campanha-solidaria\/#primaryimage","url":"https:\/\/jornaldasoficinas.com\/pt\/wp-content\/uploads\/2026\/02\/Campanha_solidaria_krautli_escovas_fev2026_469_x_388_px_1_656_20260215190540.jpg","contentUrl":"https:\/\/jornaldasoficinas.com\/pt\/wp-content\/uploads\/2026\/02\/Campanha_solidaria_krautli_escovas_fev2026_469_x_388_px_1_656_20260215190540.jpg","width":1024,"height":581,"caption":"02 - Campanha_solidaria_krautli_escovas_fev2026_469_x_388_px_1_656_20260215190540"},{"@type":"BreadcrumbList","@id":"https:\/\/jornaldasoficinas.com\/pt\/krautli-portugal-promove-campanha-solidaria\/#breadcrumb","itemListElement":[{"@type":"ListItem","position":1,"name":"In\u00edcio","item":"https:\/\/jornaldasoficinas.com\/pt\/"},{"@type":"ListItem","position":2,"name":"Krautli Portugal promove campanha solid\u00e1ria"}]},{"@type":"WebSite","@id":"https:\/\/jornaldasoficinas.com\/pt\/#website","url":"https:\/\/jornaldasoficinas.com\/pt\/","name":"Jornal das Oficinas","description":"Jornal independente do Aftermarket Autom\u00f3vel em Portugal","publisher":{"@id":"https:\/\/jornaldasoficinas.com\/pt\/#organization"},"potentialAction":[{"@type":"SearchAction","target":{"@type":"EntryPoint","urlTemplate":"https:\/\/jornaldasoficinas.com\/pt\/?s={search_term_string}"},"query-input":{"@type":"PropertyValueSpecification","valueRequired":true,"valueName":"search_term_string"}}],"inLanguage":"pt-PT"},{"@type":"Organization","@id":"https:\/\/jornaldasoficinas.com\/pt\/#organization","name":"Jornal das Oficinas","url":"https:\/\/jornaldasoficinas.com\/pt\/","logo":{"@type":"ImageObject","inLanguage":"pt-PT","@id":"https:\/\/jornaldasoficinas.com\/pt\/#\/schema\/logo\/image\/","url":"https:\/\/jornaldasoficinas.com\/pt\/wp-content\/uploads\/logoJO-SEO.png","contentUrl":"https:\/\/jornaldasoficinas.com\/pt\/wp-content\/uploads\/logoJO-SEO.png","width":285,"height":450,"caption":"Jornal das Oficinas"},"image":{"@id":"https:\/\/jornaldasoficinas.com\/pt\/#\/schema\/logo\/image\/"},"sameAs":["https:\/\/www.facebook.com\/jornaloficinas","https:\/\/x.com\/jornaloficinas","https:\/\/www.instagram.com\/jornal_oficinas\/","https:\/\/www.linkedin.com\/company\/jornal-das-oficinas\/","https:\/\/www.youtube.com\/channel\/UCbQZBqtcvV-oSQrr7RzINGg"]},{"@type":"Person","@id":"https:\/\/jornaldasoficinas.com\/pt\/#\/schema\/person\/a38eef5de2c41d9e7c9ac10141afddf3","name":"Reda\u00e7\u00e3o JO","image":{"@type":"ImageObject","inLanguage":"pt-PT","@id":"https:\/\/secure.gravatar.com\/avatar\/71f2fa71737ad68a84fea94bc708ddac8ea5b0c4788dc2ad202f3ccb2887742f?s=96&d=wp_user_avatar&r=g","url":"https:\/\/secure.gravatar.com\/avatar\/71f2fa71737ad68a84fea94bc708ddac8ea5b0c4788dc2ad202f3ccb2887742f?s=96&d=wp_user_avatar&r=g","contentUrl":"https:\/\/secure.gravatar.com\/avatar\/71f2fa71737ad68a84fea94bc708ddac8ea5b0c4788dc2ad202f3ccb2887742f?s=96&d=wp_user_avatar&r=g","caption":"Reda\u00e7\u00e3o JO"},"url":"https:\/\/jornaldasoficinas.com\/pt\/author\/joredacao\/"}]}},"_links":{"self":[{"href":"https:\/\/jornaldasoficinas.com\/pt\/wp-json\/wp\/v2\/posts\/113157","targetHints":{"allow":["GET"]}}],"collection":[{"href":"https:\/\/jornaldasoficinas.com\/pt\/wp-json\/wp\/v2\/posts"}],"about":[{"href":"https:\/\/jornaldasoficinas.com\/pt\/wp-json\/wp\/v2\/types\/post"}],"author":[{"embeddable":true,"href":"https:\/\/jornaldasoficinas.com\/pt\/wp-json\/wp\/v2\/users\/15"}],"replies":[{"embeddable":true,"href":"https:\/\/jornaldasoficinas.com\/pt\/wp-json\/wp\/v2\/comments?post=113157"}],"version-history":[{"count":9,"href":"https:\/\/jornaldasoficinas.com\/pt\/wp-json\/wp\/v2\/posts\/113157\/revisions"}],"predecessor-version":[{"id":113177,"href":"https:\/\/jornaldasoficinas.com\/pt\/wp-json\/wp\/v2\/posts\/113157\/revisions\/113177"}],"wp:featuredmedia":[{"embeddable":true,"href":"https:\/\/jornaldasoficinas.com\/pt\/wp-json\/wp\/v2\/media\/113174"}],"wp:attachment":[{"href":"https:\/\/jornaldasoficinas.com\/pt\/wp-json\/wp\/v2\/media?parent=113157"}],"wp:term":[{"taxonomy":"category","embeddable":true,"href":"https:\/\/jornaldasoficinas.com\/pt\/wp-json\/wp\/v2\/categories?post=113157"},{"taxonomy":"post_tag","embeddable":true,"href":"https:\/\/jornaldasoficinas.com\/pt\/wp-json\/wp\/v2\/tags?post=113157"}],"curies":[{"name":"wp","href":"https:\/\/api.w.org\/{rel}","templated":true}]}}