{"id":113200,"date":"2026-02-20T12:30:55","date_gmt":"2026-02-20T12:30:55","guid":{"rendered":"https:\/\/jornaldasoficinas.com\/pt\/?p=113200"},"modified":"2026-02-19T12:29:23","modified_gmt":"2026-02-19T12:29:23","slug":"europecas-assume-distribuicao-exclusiva-da-areca-em-portugal","status":"publish","type":"post","link":"https:\/\/jornaldasoficinas.com\/pt\/europecas-assume-distribuicao-exclusiva-da-areca-em-portugal\/","title":{"rendered":"Europe\u00e7as assume distribui\u00e7\u00e3o exclusiva da ARECA"},"content":{"rendered":"<p><img loading=\"lazy\" decoding=\"async\" class=\"alignnone size-full wp-image-113208\" src=\"https:\/\/jornaldasoficinas.com\/pt\/wp-content\/uploads\/2026\/02\/fghjfgjf.jpg\" alt=\"Europe\u00e7as assume distribui\u00e7\u00e3o exclusiva da ARECA\" width=\"1024\" height=\"580\" srcset=\"https:\/\/jornaldasoficinas.com\/pt\/wp-content\/uploads\/2026\/02\/fghjfgjf.jpg 1024w, https:\/\/jornaldasoficinas.com\/pt\/wp-content\/uploads\/2026\/02\/fghjfgjf-300x170.jpg 300w, https:\/\/jornaldasoficinas.com\/pt\/wp-content\/uploads\/2026\/02\/fghjfgjf-150x85.jpg 150w, https:\/\/jornaldasoficinas.com\/pt\/wp-content\/uploads\/2026\/02\/fghjfgjf-768x435.jpg 768w\" sizes=\"auto, (max-width: 1024px) 100vw, 1024px\" \/><\/p>\n<p><strong>A <a href=\"https:\/\/www.europecas.pt\/\" target=\"_blank\" rel=\"noopener\">Europe\u00e7as<\/a> passa a ser o distribuidor exclusivo dos lubrificantes <a href=\"https:\/\/www.arecalubrifiants.com\/\" target=\"_blank\" rel=\"noopener\">ARECA<\/a> em Portugal, no \u00e2mbito de uma parceria estrat\u00e9gica com a <a href=\"https:\/\/www.durand-production.com\/\" target=\"_blank\" rel=\"noopener\">Durand Production<\/a>, refor\u00e7ando a presen\u00e7a da marca francesa no aftermarket nacional<\/strong><\/p>\n<p>Produzida integralmente no norte de Fran\u00e7a, nas unidades industriais da Durand Production, empresa do GRUPO CIPELIA, que foi o primeiro produtor independente franc\u00eas e o segundo maior da Europa, a ARECA beneficia de mais de 40 anos de experi\u00eancia e know-how na formula\u00e7\u00e3o e produ\u00e7\u00e3o de lubrificantes de elevada performance.<\/p>\n<p>Atualmente, a Durand Production afirma-se como um dos principais produtores europeus do setor, destacando-se pelo forte investimento em inova\u00e7\u00e3o, pelo rigoroso controlo de qualidade e pelo cont\u00ednuo desenvolvimento t\u00e9cnico.<\/p>\n<p>A marca ARECA disp\u00f5e de um portef\u00f3lio com mais de 100 refer\u00eancias e homologa\u00e7\u00f5es OEM, cumprindo as normas internacionais e contando com aprova\u00e7\u00f5es dos principais fabricantes europeus, como o Grupo VAG, PSA, Renault, BMW, Mercedes-Benz e Volvo.<\/p>\n<p>&#8220;A DURAND PRODUCTION tem o prazer e o orgulho de anunciar o in\u00edcio de uma parceria de distribui\u00e7\u00e3o exclusiva com a EUROPECAS, uma refer\u00eancia incontorn\u00e1vel no setor da distribui\u00e7\u00e3o de pe\u00e7as autom\u00f3veis em Portugal, para a nossa marca ARECA&#8221;, afirmou Katia Veret, da Durand Production.<\/p>\n<p>&#8220;Acreditamos que esta colabora\u00e7\u00e3o representa o in\u00edcio de uma rela\u00e7\u00e3o duradoura e de sucesso, assente na confian\u00e7a m\u00fatua, na ambi\u00e7\u00e3o partilhada e na vontade comum de oferecer o melhor servi\u00e7o aos nossos clientes&#8221;, acrescentou.<\/p>\n<p>A Europe\u00e7as, com rede de pontos de venda de cobertura nacional, \u00e9 reconhecida no aftermarket portugu\u00eas pela proximidade ao cliente e capacidade operacional, fatores que dever\u00e3o potenciar o crescimento da ARECA no mercado nacional.<\/p>\n<p>A gama disponibilizada inclui \u00f3leos de motor para ve\u00edculos ligeiros (combust\u00e3o interna e h\u00edbridos) e pesados, \u00f3leos de transmiss\u00e3o e diferenciais, lubrificantes hidr\u00e1ulicos e industriais, bem como massas lubrificantes, anticongelantes e fluidos de trav\u00e3o. As embalagens variam entre 1L, 4L, 5L, 20L, 20L Bag-in-Box (BIB), 60L e 210L, permitindo responder \u00e0s necessidades de oficinas, redes oficinais, distribuidores e frotistas.<\/p>\n","protected":false},"excerpt":{"rendered":"<p>A Europe\u00e7as passa a ser o&#8230;<\/p>\n","protected":false},"author":15,"featured_media":113208,"comment_status":"closed","ping_status":"closed","sticky":false,"template":"","format":"standard","meta":{"footnotes":""},"categories":[29],"tags":[14581,6251,14582,2537,155,4190],"class_list":["post-113200","post","type-post","status-publish","format-standard","has-post-thumbnail","hentry","category-empresas","tag-areca","tag-distribuidor-exclusivo","tag-durand-production","tag-europecas","tag-lubrificantes","tag-parceria-estrategica"],"yoast_head":"<!-- This site is optimized with the Yoast SEO plugin v27.5 - https:\/\/yoast.com\/product\/yoast-seo-wordpress\/ -->\n<title>Europe\u00e7as assume distribui\u00e7\u00e3o exclusiva da ARECA - Jornal das Oficinas<\/title>\n<meta name=\"description\" content=\"A Europe\u00e7as passa a ser o distribuidor exclusivo dos lubrificantes ARECA em Portugal, no \u00e2mbito de uma parceria estrat\u00e9gica\" \/>\n<meta name=\"robots\" content=\"index, follow, max-snippet:-1, max-image-preview:large, max-video-preview:-1\" \/>\n<link rel=\"canonical\" href=\"https:\/\/jornaldasoficinas.com\/pt\/europecas-assume-distribuicao-exclusiva-da-areca-em-portugal\/\" \/>\n<meta property=\"og:locale\" content=\"pt_PT\" \/>\n<meta property=\"og:type\" content=\"article\" \/>\n<meta property=\"og:title\" content=\"Europe\u00e7as assume distribui\u00e7\u00e3o exclusiva da ARECA - Jornal das Oficinas\" \/>\n<meta property=\"og:description\" content=\"A Europe\u00e7as passa a ser o distribuidor exclusivo dos lubrificantes ARECA em Portugal, no \u00e2mbito de uma parceria estrat\u00e9gica\" \/>\n<meta property=\"og:url\" content=\"https:\/\/jornaldasoficinas.com\/pt\/europecas-assume-distribuicao-exclusiva-da-areca-em-portugal\/\" \/>\n<meta property=\"og:site_name\" content=\"Jornal das Oficinas\" \/>\n<meta property=\"article:publisher\" content=\"https:\/\/www.facebook.com\/jornaloficinas\" \/>\n<meta property=\"article:published_time\" content=\"2026-02-20T12:30:55+00:00\" \/>\n<meta property=\"og:image\" content=\"https:\/\/jornaldasoficinas.com\/pt\/wp-content\/uploads\/2026\/02\/fghjfgjf.jpg\" \/>\n\t<meta property=\"og:image:width\" content=\"1024\" \/>\n\t<meta property=\"og:image:height\" content=\"580\" \/>\n\t<meta property=\"og:image:type\" content=\"image\/jpeg\" \/>\n<meta name=\"author\" content=\"Reda\u00e7\u00e3o JO\" \/>\n<meta name=\"twitter:card\" content=\"summary_large_image\" \/>\n<meta name=\"twitter:creator\" content=\"@jornaloficinas\" \/>\n<meta name=\"twitter:site\" content=\"@jornaloficinas\" \/>\n<meta name=\"twitter:label1\" content=\"Escrito por\" \/>\n\t<meta name=\"twitter:data1\" content=\"Reda\u00e7\u00e3o JO\" \/>\n\t<meta name=\"twitter:label2\" content=\"Tempo estimado de leitura\" \/>\n\t<meta name=\"twitter:data2\" content=\"3 minutos\" \/>\n<script type=\"application\/ld+json\" class=\"yoast-schema-graph\">{\"@context\":\"https:\\\/\\\/schema.org\",\"@graph\":[{\"@type\":\"Article\",\"@id\":\"https:\\\/\\\/jornaldasoficinas.com\\\/pt\\\/europecas-assume-distribuicao-exclusiva-da-areca-em-portugal\\\/#article\",\"isPartOf\":{\"@id\":\"https:\\\/\\\/jornaldasoficinas.com\\\/pt\\\/europecas-assume-distribuicao-exclusiva-da-areca-em-portugal\\\/\"},\"author\":{\"name\":\"Reda\u00e7\u00e3o JO\",\"@id\":\"https:\\\/\\\/jornaldasoficinas.com\\\/pt\\\/#\\\/schema\\\/person\\\/a38eef5de2c41d9e7c9ac10141afddf3\"},\"headline\":\"Europe\u00e7as assume distribui\u00e7\u00e3o exclusiva da ARECA\",\"datePublished\":\"2026-02-20T12:30:55+00:00\",\"mainEntityOfPage\":{\"@id\":\"https:\\\/\\\/jornaldasoficinas.com\\\/pt\\\/europecas-assume-distribuicao-exclusiva-da-areca-em-portugal\\\/\"},\"wordCount\":365,\"publisher\":{\"@id\":\"https:\\\/\\\/jornaldasoficinas.com\\\/pt\\\/#organization\"},\"image\":{\"@id\":\"https:\\\/\\\/jornaldasoficinas.com\\\/pt\\\/europecas-assume-distribuicao-exclusiva-da-areca-em-portugal\\\/#primaryimage\"},\"thumbnailUrl\":\"https:\\\/\\\/jornaldasoficinas.com\\\/pt\\\/wp-content\\\/uploads\\\/2026\\\/02\\\/fghjfgjf.jpg\",\"keywords\":[\"ARECA\",\"Distribuidor exclusivo\",\"Durand Production\",\"Europe\u00e7as\",\"Lubrificantes\",\"Parceria Estrat\u00e9gica\"],\"articleSection\":[\"Empresas\"],\"inLanguage\":\"pt-PT\"},{\"@type\":\"WebPage\",\"@id\":\"https:\\\/\\\/jornaldasoficinas.com\\\/pt\\\/europecas-assume-distribuicao-exclusiva-da-areca-em-portugal\\\/\",\"url\":\"https:\\\/\\\/jornaldasoficinas.com\\\/pt\\\/europecas-assume-distribuicao-exclusiva-da-areca-em-portugal\\\/\",\"name\":\"Europe\u00e7as assume distribui\u00e7\u00e3o exclusiva da ARECA - Jornal das Oficinas\",\"isPartOf\":{\"@id\":\"https:\\\/\\\/jornaldasoficinas.com\\\/pt\\\/#website\"},\"primaryImageOfPage\":{\"@id\":\"https:\\\/\\\/jornaldasoficinas.com\\\/pt\\\/europecas-assume-distribuicao-exclusiva-da-areca-em-portugal\\\/#primaryimage\"},\"image\":{\"@id\":\"https:\\\/\\\/jornaldasoficinas.com\\\/pt\\\/europecas-assume-distribuicao-exclusiva-da-areca-em-portugal\\\/#primaryimage\"},\"thumbnailUrl\":\"https:\\\/\\\/jornaldasoficinas.com\\\/pt\\\/wp-content\\\/uploads\\\/2026\\\/02\\\/fghjfgjf.jpg\",\"datePublished\":\"2026-02-20T12:30:55+00:00\",\"description\":\"A Europe\u00e7as passa a ser o distribuidor exclusivo dos lubrificantes ARECA em Portugal, no \u00e2mbito de uma parceria estrat\u00e9gica\",\"breadcrumb\":{\"@id\":\"https:\\\/\\\/jornaldasoficinas.com\\\/pt\\\/europecas-assume-distribuicao-exclusiva-da-areca-em-portugal\\\/#breadcrumb\"},\"inLanguage\":\"pt-PT\",\"potentialAction\":[{\"@type\":\"ReadAction\",\"target\":[\"https:\\\/\\\/jornaldasoficinas.com\\\/pt\\\/europecas-assume-distribuicao-exclusiva-da-areca-em-portugal\\\/\"]}]},{\"@type\":\"ImageObject\",\"inLanguage\":\"pt-PT\",\"@id\":\"https:\\\/\\\/jornaldasoficinas.com\\\/pt\\\/europecas-assume-distribuicao-exclusiva-da-areca-em-portugal\\\/#primaryimage\",\"url\":\"https:\\\/\\\/jornaldasoficinas.com\\\/pt\\\/wp-content\\\/uploads\\\/2026\\\/02\\\/fghjfgjf.jpg\",\"contentUrl\":\"https:\\\/\\\/jornaldasoficinas.com\\\/pt\\\/wp-content\\\/uploads\\\/2026\\\/02\\\/fghjfgjf.jpg\",\"width\":1024,\"height\":580,\"caption\":\"Europe\u00e7as assume distribui\u00e7\u00e3o exclusiva da ARECA\"},{\"@type\":\"BreadcrumbList\",\"@id\":\"https:\\\/\\\/jornaldasoficinas.com\\\/pt\\\/europecas-assume-distribuicao-exclusiva-da-areca-em-portugal\\\/#breadcrumb\",\"itemListElement\":[{\"@type\":\"ListItem\",\"position\":1,\"name\":\"In\u00edcio\",\"item\":\"https:\\\/\\\/jornaldasoficinas.com\\\/pt\\\/\"},{\"@type\":\"ListItem\",\"position\":2,\"name\":\"Europe\u00e7as assume distribui\u00e7\u00e3o exclusiva da ARECA\"}]},{\"@type\":\"WebSite\",\"@id\":\"https:\\\/\\\/jornaldasoficinas.com\\\/pt\\\/#website\",\"url\":\"https:\\\/\\\/jornaldasoficinas.com\\\/pt\\\/\",\"name\":\"Jornal das Oficinas\",\"description\":\"Jornal independente do Aftermarket Autom\u00f3vel em Portugal\",\"publisher\":{\"@id\":\"https:\\\/\\\/jornaldasoficinas.com\\\/pt\\\/#organization\"},\"potentialAction\":[{\"@type\":\"SearchAction\",\"target\":{\"@type\":\"EntryPoint\",\"urlTemplate\":\"https:\\\/\\\/jornaldasoficinas.com\\\/pt\\\/?s={search_term_string}\"},\"query-input\":{\"@type\":\"PropertyValueSpecification\",\"valueRequired\":true,\"valueName\":\"search_term_string\"}}],\"inLanguage\":\"pt-PT\"},{\"@type\":\"Organization\",\"@id\":\"https:\\\/\\\/jornaldasoficinas.com\\\/pt\\\/#organization\",\"name\":\"Jornal das Oficinas\",\"url\":\"https:\\\/\\\/jornaldasoficinas.com\\\/pt\\\/\",\"logo\":{\"@type\":\"ImageObject\",\"inLanguage\":\"pt-PT\",\"@id\":\"https:\\\/\\\/jornaldasoficinas.com\\\/pt\\\/#\\\/schema\\\/logo\\\/image\\\/\",\"url\":\"https:\\\/\\\/jornaldasoficinas.com\\\/pt\\\/wp-content\\\/uploads\\\/logoJO-SEO.png\",\"contentUrl\":\"https:\\\/\\\/jornaldasoficinas.com\\\/pt\\\/wp-content\\\/uploads\\\/logoJO-SEO.png\",\"width\":285,\"height\":450,\"caption\":\"Jornal das Oficinas\"},\"image\":{\"@id\":\"https:\\\/\\\/jornaldasoficinas.com\\\/pt\\\/#\\\/schema\\\/logo\\\/image\\\/\"},\"sameAs\":[\"https:\\\/\\\/www.facebook.com\\\/jornaloficinas\",\"https:\\\/\\\/x.com\\\/jornaloficinas\",\"https:\\\/\\\/www.instagram.com\\\/jornal_oficinas\\\/\",\"https:\\\/\\\/www.linkedin.com\\\/company\\\/jornal-das-oficinas\\\/\",\"https:\\\/\\\/www.youtube.com\\\/channel\\\/UCbQZBqtcvV-oSQrr7RzINGg\"]},{\"@type\":\"Person\",\"@id\":\"https:\\\/\\\/jornaldasoficinas.com\\\/pt\\\/#\\\/schema\\\/person\\\/a38eef5de2c41d9e7c9ac10141afddf3\",\"name\":\"Reda\u00e7\u00e3o JO\",\"image\":{\"@type\":\"ImageObject\",\"inLanguage\":\"pt-PT\",\"@id\":\"https:\\\/\\\/secure.gravatar.com\\\/avatar\\\/71f2fa71737ad68a84fea94bc708ddac8ea5b0c4788dc2ad202f3ccb2887742f?s=96&d=wp_user_avatar&r=g\",\"url\":\"https:\\\/\\\/secure.gravatar.com\\\/avatar\\\/71f2fa71737ad68a84fea94bc708ddac8ea5b0c4788dc2ad202f3ccb2887742f?s=96&d=wp_user_avatar&r=g\",\"contentUrl\":\"https:\\\/\\\/secure.gravatar.com\\\/avatar\\\/71f2fa71737ad68a84fea94bc708ddac8ea5b0c4788dc2ad202f3ccb2887742f?s=96&d=wp_user_avatar&r=g\",\"caption\":\"Reda\u00e7\u00e3o JO\"},\"url\":\"https:\\\/\\\/jornaldasoficinas.com\\\/pt\\\/author\\\/joredacao\\\/\"}]}<\/script>\n<!-- \/ Yoast SEO plugin. -->","yoast_head_json":{"title":"Europe\u00e7as assume distribui\u00e7\u00e3o exclusiva da ARECA - Jornal das Oficinas","description":"A Europe\u00e7as passa a ser o distribuidor exclusivo dos lubrificantes ARECA em Portugal, no \u00e2mbito de uma parceria estrat\u00e9gica","robots":{"index":"index","follow":"follow","max-snippet":"max-snippet:-1","max-image-preview":"max-image-preview:large","max-video-preview":"max-video-preview:-1"},"canonical":"https:\/\/jornaldasoficinas.com\/pt\/europecas-assume-distribuicao-exclusiva-da-areca-em-portugal\/","og_locale":"pt_PT","og_type":"article","og_title":"Europe\u00e7as assume distribui\u00e7\u00e3o exclusiva da ARECA - Jornal das Oficinas","og_description":"A Europe\u00e7as passa a ser o distribuidor exclusivo dos lubrificantes ARECA em Portugal, no \u00e2mbito de uma parceria estrat\u00e9gica","og_url":"https:\/\/jornaldasoficinas.com\/pt\/europecas-assume-distribuicao-exclusiva-da-areca-em-portugal\/","og_site_name":"Jornal das Oficinas","article_publisher":"https:\/\/www.facebook.com\/jornaloficinas","article_published_time":"2026-02-20T12:30:55+00:00","og_image":[{"width":1024,"height":580,"url":"https:\/\/jornaldasoficinas.com\/pt\/wp-content\/uploads\/2026\/02\/fghjfgjf.jpg","type":"image\/jpeg"}],"author":"Reda\u00e7\u00e3o JO","twitter_card":"summary_large_image","twitter_creator":"@jornaloficinas","twitter_site":"@jornaloficinas","twitter_misc":{"Escrito por":"Reda\u00e7\u00e3o JO","Tempo estimado de leitura":"3 minutos"},"schema":{"@context":"https:\/\/schema.org","@graph":[{"@type":"Article","@id":"https:\/\/jornaldasoficinas.com\/pt\/europecas-assume-distribuicao-exclusiva-da-areca-em-portugal\/#article","isPartOf":{"@id":"https:\/\/jornaldasoficinas.com\/pt\/europecas-assume-distribuicao-exclusiva-da-areca-em-portugal\/"},"author":{"name":"Reda\u00e7\u00e3o JO","@id":"https:\/\/jornaldasoficinas.com\/pt\/#\/schema\/person\/a38eef5de2c41d9e7c9ac10141afddf3"},"headline":"Europe\u00e7as assume distribui\u00e7\u00e3o exclusiva da ARECA","datePublished":"2026-02-20T12:30:55+00:00","mainEntityOfPage":{"@id":"https:\/\/jornaldasoficinas.com\/pt\/europecas-assume-distribuicao-exclusiva-da-areca-em-portugal\/"},"wordCount":365,"publisher":{"@id":"https:\/\/jornaldasoficinas.com\/pt\/#organization"},"image":{"@id":"https:\/\/jornaldasoficinas.com\/pt\/europecas-assume-distribuicao-exclusiva-da-areca-em-portugal\/#primaryimage"},"thumbnailUrl":"https:\/\/jornaldasoficinas.com\/pt\/wp-content\/uploads\/2026\/02\/fghjfgjf.jpg","keywords":["ARECA","Distribuidor exclusivo","Durand Production","Europe\u00e7as","Lubrificantes","Parceria Estrat\u00e9gica"],"articleSection":["Empresas"],"inLanguage":"pt-PT"},{"@type":"WebPage","@id":"https:\/\/jornaldasoficinas.com\/pt\/europecas-assume-distribuicao-exclusiva-da-areca-em-portugal\/","url":"https:\/\/jornaldasoficinas.com\/pt\/europecas-assume-distribuicao-exclusiva-da-areca-em-portugal\/","name":"Europe\u00e7as assume distribui\u00e7\u00e3o exclusiva da ARECA - Jornal das Oficinas","isPartOf":{"@id":"https:\/\/jornaldasoficinas.com\/pt\/#website"},"primaryImageOfPage":{"@id":"https:\/\/jornaldasoficinas.com\/pt\/europecas-assume-distribuicao-exclusiva-da-areca-em-portugal\/#primaryimage"},"image":{"@id":"https:\/\/jornaldasoficinas.com\/pt\/europecas-assume-distribuicao-exclusiva-da-areca-em-portugal\/#primaryimage"},"thumbnailUrl":"https:\/\/jornaldasoficinas.com\/pt\/wp-content\/uploads\/2026\/02\/fghjfgjf.jpg","datePublished":"2026-02-20T12:30:55+00:00","description":"A Europe\u00e7as passa a ser o distribuidor exclusivo dos lubrificantes ARECA em Portugal, no \u00e2mbito de uma parceria estrat\u00e9gica","breadcrumb":{"@id":"https:\/\/jornaldasoficinas.com\/pt\/europecas-assume-distribuicao-exclusiva-da-areca-em-portugal\/#breadcrumb"},"inLanguage":"pt-PT","potentialAction":[{"@type":"ReadAction","target":["https:\/\/jornaldasoficinas.com\/pt\/europecas-assume-distribuicao-exclusiva-da-areca-em-portugal\/"]}]},{"@type":"ImageObject","inLanguage":"pt-PT","@id":"https:\/\/jornaldasoficinas.com\/pt\/europecas-assume-distribuicao-exclusiva-da-areca-em-portugal\/#primaryimage","url":"https:\/\/jornaldasoficinas.com\/pt\/wp-content\/uploads\/2026\/02\/fghjfgjf.jpg","contentUrl":"https:\/\/jornaldasoficinas.com\/pt\/wp-content\/uploads\/2026\/02\/fghjfgjf.jpg","width":1024,"height":580,"caption":"Europe\u00e7as assume distribui\u00e7\u00e3o exclusiva da ARECA"},{"@type":"BreadcrumbList","@id":"https:\/\/jornaldasoficinas.com\/pt\/europecas-assume-distribuicao-exclusiva-da-areca-em-portugal\/#breadcrumb","itemListElement":[{"@type":"ListItem","position":1,"name":"In\u00edcio","item":"https:\/\/jornaldasoficinas.com\/pt\/"},{"@type":"ListItem","position":2,"name":"Europe\u00e7as assume distribui\u00e7\u00e3o exclusiva da ARECA"}]},{"@type":"WebSite","@id":"https:\/\/jornaldasoficinas.com\/pt\/#website","url":"https:\/\/jornaldasoficinas.com\/pt\/","name":"Jornal das Oficinas","description":"Jornal independente do Aftermarket Autom\u00f3vel em Portugal","publisher":{"@id":"https:\/\/jornaldasoficinas.com\/pt\/#organization"},"potentialAction":[{"@type":"SearchAction","target":{"@type":"EntryPoint","urlTemplate":"https:\/\/jornaldasoficinas.com\/pt\/?s={search_term_string}"},"query-input":{"@type":"PropertyValueSpecification","valueRequired":true,"valueName":"search_term_string"}}],"inLanguage":"pt-PT"},{"@type":"Organization","@id":"https:\/\/jornaldasoficinas.com\/pt\/#organization","name":"Jornal das Oficinas","url":"https:\/\/jornaldasoficinas.com\/pt\/","logo":{"@type":"ImageObject","inLanguage":"pt-PT","@id":"https:\/\/jornaldasoficinas.com\/pt\/#\/schema\/logo\/image\/","url":"https:\/\/jornaldasoficinas.com\/pt\/wp-content\/uploads\/logoJO-SEO.png","contentUrl":"https:\/\/jornaldasoficinas.com\/pt\/wp-content\/uploads\/logoJO-SEO.png","width":285,"height":450,"caption":"Jornal das Oficinas"},"image":{"@id":"https:\/\/jornaldasoficinas.com\/pt\/#\/schema\/logo\/image\/"},"sameAs":["https:\/\/www.facebook.com\/jornaloficinas","https:\/\/x.com\/jornaloficinas","https:\/\/www.instagram.com\/jornal_oficinas\/","https:\/\/www.linkedin.com\/company\/jornal-das-oficinas\/","https:\/\/www.youtube.com\/channel\/UCbQZBqtcvV-oSQrr7RzINGg"]},{"@type":"Person","@id":"https:\/\/jornaldasoficinas.com\/pt\/#\/schema\/person\/a38eef5de2c41d9e7c9ac10141afddf3","name":"Reda\u00e7\u00e3o JO","image":{"@type":"ImageObject","inLanguage":"pt-PT","@id":"https:\/\/secure.gravatar.com\/avatar\/71f2fa71737ad68a84fea94bc708ddac8ea5b0c4788dc2ad202f3ccb2887742f?s=96&d=wp_user_avatar&r=g","url":"https:\/\/secure.gravatar.com\/avatar\/71f2fa71737ad68a84fea94bc708ddac8ea5b0c4788dc2ad202f3ccb2887742f?s=96&d=wp_user_avatar&r=g","contentUrl":"https:\/\/secure.gravatar.com\/avatar\/71f2fa71737ad68a84fea94bc708ddac8ea5b0c4788dc2ad202f3ccb2887742f?s=96&d=wp_user_avatar&r=g","caption":"Reda\u00e7\u00e3o JO"},"url":"https:\/\/jornaldasoficinas.com\/pt\/author\/joredacao\/"}]}},"_links":{"self":[{"href":"https:\/\/jornaldasoficinas.com\/pt\/wp-json\/wp\/v2\/posts\/113200","targetHints":{"allow":["GET"]}}],"collection":[{"href":"https:\/\/jornaldasoficinas.com\/pt\/wp-json\/wp\/v2\/posts"}],"about":[{"href":"https:\/\/jornaldasoficinas.com\/pt\/wp-json\/wp\/v2\/types\/post"}],"author":[{"embeddable":true,"href":"https:\/\/jornaldasoficinas.com\/pt\/wp-json\/wp\/v2\/users\/15"}],"replies":[{"embeddable":true,"href":"https:\/\/jornaldasoficinas.com\/pt\/wp-json\/wp\/v2\/comments?post=113200"}],"version-history":[{"count":9,"href":"https:\/\/jornaldasoficinas.com\/pt\/wp-json\/wp\/v2\/posts\/113200\/revisions"}],"predecessor-version":[{"id":113210,"href":"https:\/\/jornaldasoficinas.com\/pt\/wp-json\/wp\/v2\/posts\/113200\/revisions\/113210"}],"wp:featuredmedia":[{"embeddable":true,"href":"https:\/\/jornaldasoficinas.com\/pt\/wp-json\/wp\/v2\/media\/113208"}],"wp:attachment":[{"href":"https:\/\/jornaldasoficinas.com\/pt\/wp-json\/wp\/v2\/media?parent=113200"}],"wp:term":[{"taxonomy":"category","embeddable":true,"href":"https:\/\/jornaldasoficinas.com\/pt\/wp-json\/wp\/v2\/categories?post=113200"},{"taxonomy":"post_tag","embeddable":true,"href":"https:\/\/jornaldasoficinas.com\/pt\/wp-json\/wp\/v2\/tags?post=113200"}],"curies":[{"name":"wp","href":"https:\/\/api.w.org\/{rel}","templated":true}]}}