{"id":113215,"date":"2026-02-20T18:00:19","date_gmt":"2026-02-20T18:00:19","guid":{"rendered":"https:\/\/jornaldasoficinas.com\/pt\/?p=113215"},"modified":"2026-02-19T12:58:47","modified_gmt":"2026-02-19T12:58:47","slug":"aran-junta-especialistas-internacionais-no-porto","status":"publish","type":"post","link":"https:\/\/jornaldasoficinas.com\/pt\/aran-junta-especialistas-internacionais-no-porto\/","title":{"rendered":"ARAN organiza confer\u00eancia internacional no Porto"},"content":{"rendered":"<p><img loading=\"lazy\" decoding=\"async\" class=\"alignnone size-full wp-image-113221\" src=\"https:\/\/jornaldasoficinas.com\/pt\/wp-content\/uploads\/2026\/02\/fgjhfgj.jpg\" alt=\"\" width=\"1024\" height=\"580\" srcset=\"https:\/\/jornaldasoficinas.com\/pt\/wp-content\/uploads\/2026\/02\/fgjhfgj.jpg 1024w, https:\/\/jornaldasoficinas.com\/pt\/wp-content\/uploads\/2026\/02\/fgjhfgj-300x170.jpg 300w, https:\/\/jornaldasoficinas.com\/pt\/wp-content\/uploads\/2026\/02\/fgjhfgj-150x85.jpg 150w, https:\/\/jornaldasoficinas.com\/pt\/wp-content\/uploads\/2026\/02\/fgjhfgj-768x435.jpg 768w\" sizes=\"auto, (max-width: 1024px) 100vw, 1024px\" \/><\/p>\n<p><strong>&#8220;Juntos criamos futuro \u2013 Together, Leading the way&#8221; \u00e9 o mote da confer\u00eancia internacional promovida pela <a href=\"https:\/\/aran.pt\/\" target=\"_blank\" rel=\"noopener\">Associa\u00e7\u00e3o Nacional do Ramo Autom\u00f3vel<\/a> (ARAN), que ter\u00e1 lugar no pr\u00f3ximo dia 12 de mar\u00e7o, no Hilton Porto Gaia<\/strong><\/p>\n<p>A iniciativa ir\u00e1 reunir especialistas, executivos e l\u00edderes de cerca de 20 nacionalidades, num debate alargado sobre os grandes desafios e oportunidades do setor autom\u00f3vel, setor que atravessa uma transforma\u00e7\u00e3o global profunda.<\/p>\n<p>Para Rodrigo Ferreira da Silva, presidente da ARAN, esta iniciativa assume um papel essencial no atual momento da ind\u00fastria: &#8220;Esta confer\u00eancia foi constru\u00edda \u00e0 volta dos temas que realmente est\u00e3o a moldar o futuro do setor autom\u00f3vel. Com um programa desenhado com rigor e ambi\u00e7\u00e3o, o encontro pretende afirmar\u2010se como um relevante f\u00f3rum de discuss\u00e3o em Portugal, combinando conhecimento, vis\u00e3o estrat\u00e9gica e uma forte liga\u00e7\u00e3o \u00e0s din\u00e2micas internacionais da ind\u00fastria. Este \u00e9 um momento para unir o setor, alinhar prioridades e preparar um futuro que ser\u00e1 t\u00e3o desafiante quanto repleto de oportunidades.&#8221;<\/p>\n<p>A ascens\u00e3o da China como nova superpot\u00eancia da ind\u00fastria autom\u00f3vel \u00e9 o tema central deste encontro. A forma como o pa\u00eds alterou o equil\u00edbrio global do setor, impondo novos ritmos de inova\u00e7\u00e3o, competitividade e capacidade produtiva, torna este debate incontorn\u00e1vel. A abordagem ganha especial relev\u00e2ncia para Portugal, que mant\u00e9m com a China uma rela\u00e7\u00e3o hist\u00f3rica de mais de quatro s\u00e9culos e cujo setor autom\u00f3vel enfrenta hoje uma concorr\u00eancia internacional cada vez mais intensa e estruturante.<\/p>\n<p>As inscri\u00e7\u00f5es para o evento est\u00e3o abertas at\u00e9 ao dia 6 de mar\u00e7o no site. Neste momento, a confer\u00eancia j\u00e1 conta com duas centenas de inscri\u00e7\u00f5es confirmadas, um sinal claro da pertin\u00eancia do tema e da elevada expectativa gerada em torno deste encontro internacional.<\/p>\n<p>A Associa\u00e7\u00e3o apelou \u00e0 participa\u00e7\u00e3o de todos os profissionais do setor, refor\u00e7ando tratar\u2010se de uma oportunidade \u00fanica para aceder a conhecimento especializado e compreender as tend\u00eancias globais que est\u00e3o a redefinir a ind\u00fastria.<\/p>\n","protected":false},"excerpt":{"rendered":"<p>&#8220;Juntos criamos futuro \u2013 Together, Leading&#8230;<\/p>\n","protected":false},"author":15,"featured_media":113221,"comment_status":"closed","ping_status":"closed","sticky":false,"template":"","format":"standard","meta":{"footnotes":""},"categories":[37],"tags":[14585,136,14584,14583,1497],"class_list":["post-113215","post","type-post","status-publish","format-standard","has-post-thumbnail","hentry","category-mercado","tag-20-nacionalidades","tag-aran","tag-ascensao-da-china","tag-conferencia-internacional","tag-setor-automovel"],"yoast_head":"<!-- This site is optimized with the Yoast SEO plugin v27.5 - https:\/\/yoast.com\/product\/yoast-seo-wordpress\/ -->\n<title>ARAN organiza confer\u00eancia internacional no Porto - Jornal das Oficinas<\/title>\n<meta name=\"description\" content=\"&quot;Juntos criamos futuro \u2013 Together, Leading the way&quot; \u00e9 o mote da confer\u00eancia internacional promovida pela ARAN\" \/>\n<meta name=\"robots\" content=\"index, follow, max-snippet:-1, max-image-preview:large, max-video-preview:-1\" \/>\n<link rel=\"canonical\" href=\"https:\/\/jornaldasoficinas.com\/pt\/aran-junta-especialistas-internacionais-no-porto\/\" \/>\n<meta property=\"og:locale\" content=\"pt_PT\" \/>\n<meta property=\"og:type\" content=\"article\" \/>\n<meta property=\"og:title\" content=\"ARAN organiza confer\u00eancia internacional no Porto - Jornal das Oficinas\" \/>\n<meta property=\"og:description\" content=\"&quot;Juntos criamos futuro \u2013 Together, Leading the way&quot; \u00e9 o mote da confer\u00eancia internacional promovida pela ARAN\" \/>\n<meta property=\"og:url\" content=\"https:\/\/jornaldasoficinas.com\/pt\/aran-junta-especialistas-internacionais-no-porto\/\" \/>\n<meta property=\"og:site_name\" content=\"Jornal das Oficinas\" \/>\n<meta property=\"article:publisher\" content=\"https:\/\/www.facebook.com\/jornaloficinas\" \/>\n<meta property=\"article:published_time\" content=\"2026-02-20T18:00:19+00:00\" \/>\n<meta property=\"og:image\" content=\"https:\/\/jornaldasoficinas.com\/pt\/wp-content\/uploads\/2026\/02\/fgjhfgj.jpg\" \/>\n\t<meta property=\"og:image:width\" content=\"1024\" \/>\n\t<meta property=\"og:image:height\" content=\"580\" \/>\n\t<meta property=\"og:image:type\" content=\"image\/jpeg\" \/>\n<meta name=\"author\" content=\"Reda\u00e7\u00e3o JO\" \/>\n<meta name=\"twitter:card\" content=\"summary_large_image\" \/>\n<meta name=\"twitter:creator\" content=\"@jornaloficinas\" \/>\n<meta name=\"twitter:site\" content=\"@jornaloficinas\" \/>\n<meta name=\"twitter:label1\" content=\"Escrito por\" \/>\n\t<meta name=\"twitter:data1\" content=\"Reda\u00e7\u00e3o JO\" \/>\n\t<meta name=\"twitter:label2\" content=\"Tempo estimado de leitura\" \/>\n\t<meta name=\"twitter:data2\" content=\"3 minutos\" \/>\n<script type=\"application\/ld+json\" class=\"yoast-schema-graph\">{\"@context\":\"https:\\\/\\\/schema.org\",\"@graph\":[{\"@type\":\"Article\",\"@id\":\"https:\\\/\\\/jornaldasoficinas.com\\\/pt\\\/aran-junta-especialistas-internacionais-no-porto\\\/#article\",\"isPartOf\":{\"@id\":\"https:\\\/\\\/jornaldasoficinas.com\\\/pt\\\/aran-junta-especialistas-internacionais-no-porto\\\/\"},\"author\":{\"name\":\"Reda\u00e7\u00e3o JO\",\"@id\":\"https:\\\/\\\/jornaldasoficinas.com\\\/pt\\\/#\\\/schema\\\/person\\\/a38eef5de2c41d9e7c9ac10141afddf3\"},\"headline\":\"ARAN organiza confer\u00eancia internacional no Porto\",\"datePublished\":\"2026-02-20T18:00:19+00:00\",\"mainEntityOfPage\":{\"@id\":\"https:\\\/\\\/jornaldasoficinas.com\\\/pt\\\/aran-junta-especialistas-internacionais-no-porto\\\/\"},\"wordCount\":360,\"publisher\":{\"@id\":\"https:\\\/\\\/jornaldasoficinas.com\\\/pt\\\/#organization\"},\"image\":{\"@id\":\"https:\\\/\\\/jornaldasoficinas.com\\\/pt\\\/aran-junta-especialistas-internacionais-no-porto\\\/#primaryimage\"},\"thumbnailUrl\":\"https:\\\/\\\/jornaldasoficinas.com\\\/pt\\\/wp-content\\\/uploads\\\/2026\\\/02\\\/fgjhfgj.jpg\",\"keywords\":[\"20 nacionalidades\",\"ARAN\",\"ascens\u00e3o da China\",\"confer\u00eancia internacional\",\"Setor Autom\u00f3vel\"],\"articleSection\":[\"Mercado\"],\"inLanguage\":\"pt-PT\"},{\"@type\":\"WebPage\",\"@id\":\"https:\\\/\\\/jornaldasoficinas.com\\\/pt\\\/aran-junta-especialistas-internacionais-no-porto\\\/\",\"url\":\"https:\\\/\\\/jornaldasoficinas.com\\\/pt\\\/aran-junta-especialistas-internacionais-no-porto\\\/\",\"name\":\"ARAN organiza confer\u00eancia internacional no Porto - Jornal das Oficinas\",\"isPartOf\":{\"@id\":\"https:\\\/\\\/jornaldasoficinas.com\\\/pt\\\/#website\"},\"primaryImageOfPage\":{\"@id\":\"https:\\\/\\\/jornaldasoficinas.com\\\/pt\\\/aran-junta-especialistas-internacionais-no-porto\\\/#primaryimage\"},\"image\":{\"@id\":\"https:\\\/\\\/jornaldasoficinas.com\\\/pt\\\/aran-junta-especialistas-internacionais-no-porto\\\/#primaryimage\"},\"thumbnailUrl\":\"https:\\\/\\\/jornaldasoficinas.com\\\/pt\\\/wp-content\\\/uploads\\\/2026\\\/02\\\/fgjhfgj.jpg\",\"datePublished\":\"2026-02-20T18:00:19+00:00\",\"description\":\"\\\"Juntos criamos futuro \u2013 Together, Leading the way\\\" \u00e9 o mote da confer\u00eancia internacional promovida pela ARAN\",\"breadcrumb\":{\"@id\":\"https:\\\/\\\/jornaldasoficinas.com\\\/pt\\\/aran-junta-especialistas-internacionais-no-porto\\\/#breadcrumb\"},\"inLanguage\":\"pt-PT\",\"potentialAction\":[{\"@type\":\"ReadAction\",\"target\":[\"https:\\\/\\\/jornaldasoficinas.com\\\/pt\\\/aran-junta-especialistas-internacionais-no-porto\\\/\"]}]},{\"@type\":\"ImageObject\",\"inLanguage\":\"pt-PT\",\"@id\":\"https:\\\/\\\/jornaldasoficinas.com\\\/pt\\\/aran-junta-especialistas-internacionais-no-porto\\\/#primaryimage\",\"url\":\"https:\\\/\\\/jornaldasoficinas.com\\\/pt\\\/wp-content\\\/uploads\\\/2026\\\/02\\\/fgjhfgj.jpg\",\"contentUrl\":\"https:\\\/\\\/jornaldasoficinas.com\\\/pt\\\/wp-content\\\/uploads\\\/2026\\\/02\\\/fgjhfgj.jpg\",\"width\":1024,\"height\":580,\"caption\":\"ARAN organiza confer\u00eancia internacional no Porto\"},{\"@type\":\"BreadcrumbList\",\"@id\":\"https:\\\/\\\/jornaldasoficinas.com\\\/pt\\\/aran-junta-especialistas-internacionais-no-porto\\\/#breadcrumb\",\"itemListElement\":[{\"@type\":\"ListItem\",\"position\":1,\"name\":\"In\u00edcio\",\"item\":\"https:\\\/\\\/jornaldasoficinas.com\\\/pt\\\/\"},{\"@type\":\"ListItem\",\"position\":2,\"name\":\"ARAN organiza confer\u00eancia internacional no Porto\"}]},{\"@type\":\"WebSite\",\"@id\":\"https:\\\/\\\/jornaldasoficinas.com\\\/pt\\\/#website\",\"url\":\"https:\\\/\\\/jornaldasoficinas.com\\\/pt\\\/\",\"name\":\"Jornal das Oficinas\",\"description\":\"Jornal independente do Aftermarket Autom\u00f3vel em Portugal\",\"publisher\":{\"@id\":\"https:\\\/\\\/jornaldasoficinas.com\\\/pt\\\/#organization\"},\"potentialAction\":[{\"@type\":\"SearchAction\",\"target\":{\"@type\":\"EntryPoint\",\"urlTemplate\":\"https:\\\/\\\/jornaldasoficinas.com\\\/pt\\\/?s={search_term_string}\"},\"query-input\":{\"@type\":\"PropertyValueSpecification\",\"valueRequired\":true,\"valueName\":\"search_term_string\"}}],\"inLanguage\":\"pt-PT\"},{\"@type\":\"Organization\",\"@id\":\"https:\\\/\\\/jornaldasoficinas.com\\\/pt\\\/#organization\",\"name\":\"Jornal das Oficinas\",\"url\":\"https:\\\/\\\/jornaldasoficinas.com\\\/pt\\\/\",\"logo\":{\"@type\":\"ImageObject\",\"inLanguage\":\"pt-PT\",\"@id\":\"https:\\\/\\\/jornaldasoficinas.com\\\/pt\\\/#\\\/schema\\\/logo\\\/image\\\/\",\"url\":\"https:\\\/\\\/jornaldasoficinas.com\\\/pt\\\/wp-content\\\/uploads\\\/logoJO-SEO.png\",\"contentUrl\":\"https:\\\/\\\/jornaldasoficinas.com\\\/pt\\\/wp-content\\\/uploads\\\/logoJO-SEO.png\",\"width\":285,\"height\":450,\"caption\":\"Jornal das Oficinas\"},\"image\":{\"@id\":\"https:\\\/\\\/jornaldasoficinas.com\\\/pt\\\/#\\\/schema\\\/logo\\\/image\\\/\"},\"sameAs\":[\"https:\\\/\\\/www.facebook.com\\\/jornaloficinas\",\"https:\\\/\\\/x.com\\\/jornaloficinas\",\"https:\\\/\\\/www.instagram.com\\\/jornal_oficinas\\\/\",\"https:\\\/\\\/www.linkedin.com\\\/company\\\/jornal-das-oficinas\\\/\",\"https:\\\/\\\/www.youtube.com\\\/channel\\\/UCbQZBqtcvV-oSQrr7RzINGg\"]},{\"@type\":\"Person\",\"@id\":\"https:\\\/\\\/jornaldasoficinas.com\\\/pt\\\/#\\\/schema\\\/person\\\/a38eef5de2c41d9e7c9ac10141afddf3\",\"name\":\"Reda\u00e7\u00e3o JO\",\"image\":{\"@type\":\"ImageObject\",\"inLanguage\":\"pt-PT\",\"@id\":\"https:\\\/\\\/secure.gravatar.com\\\/avatar\\\/71f2fa71737ad68a84fea94bc708ddac8ea5b0c4788dc2ad202f3ccb2887742f?s=96&d=wp_user_avatar&r=g\",\"url\":\"https:\\\/\\\/secure.gravatar.com\\\/avatar\\\/71f2fa71737ad68a84fea94bc708ddac8ea5b0c4788dc2ad202f3ccb2887742f?s=96&d=wp_user_avatar&r=g\",\"contentUrl\":\"https:\\\/\\\/secure.gravatar.com\\\/avatar\\\/71f2fa71737ad68a84fea94bc708ddac8ea5b0c4788dc2ad202f3ccb2887742f?s=96&d=wp_user_avatar&r=g\",\"caption\":\"Reda\u00e7\u00e3o JO\"},\"url\":\"https:\\\/\\\/jornaldasoficinas.com\\\/pt\\\/author\\\/joredacao\\\/\"}]}<\/script>\n<!-- \/ Yoast SEO plugin. -->","yoast_head_json":{"title":"ARAN organiza confer\u00eancia internacional no Porto - Jornal das Oficinas","description":"\"Juntos criamos futuro \u2013 Together, Leading the way\" \u00e9 o mote da confer\u00eancia internacional promovida pela ARAN","robots":{"index":"index","follow":"follow","max-snippet":"max-snippet:-1","max-image-preview":"max-image-preview:large","max-video-preview":"max-video-preview:-1"},"canonical":"https:\/\/jornaldasoficinas.com\/pt\/aran-junta-especialistas-internacionais-no-porto\/","og_locale":"pt_PT","og_type":"article","og_title":"ARAN organiza confer\u00eancia internacional no Porto - Jornal das Oficinas","og_description":"\"Juntos criamos futuro \u2013 Together, Leading the way\" \u00e9 o mote da confer\u00eancia internacional promovida pela ARAN","og_url":"https:\/\/jornaldasoficinas.com\/pt\/aran-junta-especialistas-internacionais-no-porto\/","og_site_name":"Jornal das Oficinas","article_publisher":"https:\/\/www.facebook.com\/jornaloficinas","article_published_time":"2026-02-20T18:00:19+00:00","og_image":[{"width":1024,"height":580,"url":"https:\/\/jornaldasoficinas.com\/pt\/wp-content\/uploads\/2026\/02\/fgjhfgj.jpg","type":"image\/jpeg"}],"author":"Reda\u00e7\u00e3o JO","twitter_card":"summary_large_image","twitter_creator":"@jornaloficinas","twitter_site":"@jornaloficinas","twitter_misc":{"Escrito por":"Reda\u00e7\u00e3o JO","Tempo estimado de leitura":"3 minutos"},"schema":{"@context":"https:\/\/schema.org","@graph":[{"@type":"Article","@id":"https:\/\/jornaldasoficinas.com\/pt\/aran-junta-especialistas-internacionais-no-porto\/#article","isPartOf":{"@id":"https:\/\/jornaldasoficinas.com\/pt\/aran-junta-especialistas-internacionais-no-porto\/"},"author":{"name":"Reda\u00e7\u00e3o JO","@id":"https:\/\/jornaldasoficinas.com\/pt\/#\/schema\/person\/a38eef5de2c41d9e7c9ac10141afddf3"},"headline":"ARAN organiza confer\u00eancia internacional no Porto","datePublished":"2026-02-20T18:00:19+00:00","mainEntityOfPage":{"@id":"https:\/\/jornaldasoficinas.com\/pt\/aran-junta-especialistas-internacionais-no-porto\/"},"wordCount":360,"publisher":{"@id":"https:\/\/jornaldasoficinas.com\/pt\/#organization"},"image":{"@id":"https:\/\/jornaldasoficinas.com\/pt\/aran-junta-especialistas-internacionais-no-porto\/#primaryimage"},"thumbnailUrl":"https:\/\/jornaldasoficinas.com\/pt\/wp-content\/uploads\/2026\/02\/fgjhfgj.jpg","keywords":["20 nacionalidades","ARAN","ascens\u00e3o da China","confer\u00eancia internacional","Setor Autom\u00f3vel"],"articleSection":["Mercado"],"inLanguage":"pt-PT"},{"@type":"WebPage","@id":"https:\/\/jornaldasoficinas.com\/pt\/aran-junta-especialistas-internacionais-no-porto\/","url":"https:\/\/jornaldasoficinas.com\/pt\/aran-junta-especialistas-internacionais-no-porto\/","name":"ARAN organiza confer\u00eancia internacional no Porto - Jornal das Oficinas","isPartOf":{"@id":"https:\/\/jornaldasoficinas.com\/pt\/#website"},"primaryImageOfPage":{"@id":"https:\/\/jornaldasoficinas.com\/pt\/aran-junta-especialistas-internacionais-no-porto\/#primaryimage"},"image":{"@id":"https:\/\/jornaldasoficinas.com\/pt\/aran-junta-especialistas-internacionais-no-porto\/#primaryimage"},"thumbnailUrl":"https:\/\/jornaldasoficinas.com\/pt\/wp-content\/uploads\/2026\/02\/fgjhfgj.jpg","datePublished":"2026-02-20T18:00:19+00:00","description":"\"Juntos criamos futuro \u2013 Together, Leading the way\" \u00e9 o mote da confer\u00eancia internacional promovida pela ARAN","breadcrumb":{"@id":"https:\/\/jornaldasoficinas.com\/pt\/aran-junta-especialistas-internacionais-no-porto\/#breadcrumb"},"inLanguage":"pt-PT","potentialAction":[{"@type":"ReadAction","target":["https:\/\/jornaldasoficinas.com\/pt\/aran-junta-especialistas-internacionais-no-porto\/"]}]},{"@type":"ImageObject","inLanguage":"pt-PT","@id":"https:\/\/jornaldasoficinas.com\/pt\/aran-junta-especialistas-internacionais-no-porto\/#primaryimage","url":"https:\/\/jornaldasoficinas.com\/pt\/wp-content\/uploads\/2026\/02\/fgjhfgj.jpg","contentUrl":"https:\/\/jornaldasoficinas.com\/pt\/wp-content\/uploads\/2026\/02\/fgjhfgj.jpg","width":1024,"height":580,"caption":"ARAN organiza confer\u00eancia internacional no Porto"},{"@type":"BreadcrumbList","@id":"https:\/\/jornaldasoficinas.com\/pt\/aran-junta-especialistas-internacionais-no-porto\/#breadcrumb","itemListElement":[{"@type":"ListItem","position":1,"name":"In\u00edcio","item":"https:\/\/jornaldasoficinas.com\/pt\/"},{"@type":"ListItem","position":2,"name":"ARAN organiza confer\u00eancia internacional no Porto"}]},{"@type":"WebSite","@id":"https:\/\/jornaldasoficinas.com\/pt\/#website","url":"https:\/\/jornaldasoficinas.com\/pt\/","name":"Jornal das Oficinas","description":"Jornal independente do Aftermarket Autom\u00f3vel em Portugal","publisher":{"@id":"https:\/\/jornaldasoficinas.com\/pt\/#organization"},"potentialAction":[{"@type":"SearchAction","target":{"@type":"EntryPoint","urlTemplate":"https:\/\/jornaldasoficinas.com\/pt\/?s={search_term_string}"},"query-input":{"@type":"PropertyValueSpecification","valueRequired":true,"valueName":"search_term_string"}}],"inLanguage":"pt-PT"},{"@type":"Organization","@id":"https:\/\/jornaldasoficinas.com\/pt\/#organization","name":"Jornal das Oficinas","url":"https:\/\/jornaldasoficinas.com\/pt\/","logo":{"@type":"ImageObject","inLanguage":"pt-PT","@id":"https:\/\/jornaldasoficinas.com\/pt\/#\/schema\/logo\/image\/","url":"https:\/\/jornaldasoficinas.com\/pt\/wp-content\/uploads\/logoJO-SEO.png","contentUrl":"https:\/\/jornaldasoficinas.com\/pt\/wp-content\/uploads\/logoJO-SEO.png","width":285,"height":450,"caption":"Jornal das Oficinas"},"image":{"@id":"https:\/\/jornaldasoficinas.com\/pt\/#\/schema\/logo\/image\/"},"sameAs":["https:\/\/www.facebook.com\/jornaloficinas","https:\/\/x.com\/jornaloficinas","https:\/\/www.instagram.com\/jornal_oficinas\/","https:\/\/www.linkedin.com\/company\/jornal-das-oficinas\/","https:\/\/www.youtube.com\/channel\/UCbQZBqtcvV-oSQrr7RzINGg"]},{"@type":"Person","@id":"https:\/\/jornaldasoficinas.com\/pt\/#\/schema\/person\/a38eef5de2c41d9e7c9ac10141afddf3","name":"Reda\u00e7\u00e3o JO","image":{"@type":"ImageObject","inLanguage":"pt-PT","@id":"https:\/\/secure.gravatar.com\/avatar\/71f2fa71737ad68a84fea94bc708ddac8ea5b0c4788dc2ad202f3ccb2887742f?s=96&d=wp_user_avatar&r=g","url":"https:\/\/secure.gravatar.com\/avatar\/71f2fa71737ad68a84fea94bc708ddac8ea5b0c4788dc2ad202f3ccb2887742f?s=96&d=wp_user_avatar&r=g","contentUrl":"https:\/\/secure.gravatar.com\/avatar\/71f2fa71737ad68a84fea94bc708ddac8ea5b0c4788dc2ad202f3ccb2887742f?s=96&d=wp_user_avatar&r=g","caption":"Reda\u00e7\u00e3o JO"},"url":"https:\/\/jornaldasoficinas.com\/pt\/author\/joredacao\/"}]}},"_links":{"self":[{"href":"https:\/\/jornaldasoficinas.com\/pt\/wp-json\/wp\/v2\/posts\/113215","targetHints":{"allow":["GET"]}}],"collection":[{"href":"https:\/\/jornaldasoficinas.com\/pt\/wp-json\/wp\/v2\/posts"}],"about":[{"href":"https:\/\/jornaldasoficinas.com\/pt\/wp-json\/wp\/v2\/types\/post"}],"author":[{"embeddable":true,"href":"https:\/\/jornaldasoficinas.com\/pt\/wp-json\/wp\/v2\/users\/15"}],"replies":[{"embeddable":true,"href":"https:\/\/jornaldasoficinas.com\/pt\/wp-json\/wp\/v2\/comments?post=113215"}],"version-history":[{"count":6,"href":"https:\/\/jornaldasoficinas.com\/pt\/wp-json\/wp\/v2\/posts\/113215\/revisions"}],"predecessor-version":[{"id":113222,"href":"https:\/\/jornaldasoficinas.com\/pt\/wp-json\/wp\/v2\/posts\/113215\/revisions\/113222"}],"wp:featuredmedia":[{"embeddable":true,"href":"https:\/\/jornaldasoficinas.com\/pt\/wp-json\/wp\/v2\/media\/113221"}],"wp:attachment":[{"href":"https:\/\/jornaldasoficinas.com\/pt\/wp-json\/wp\/v2\/media?parent=113215"}],"wp:term":[{"taxonomy":"category","embeddable":true,"href":"https:\/\/jornaldasoficinas.com\/pt\/wp-json\/wp\/v2\/categories?post=113215"},{"taxonomy":"post_tag","embeddable":true,"href":"https:\/\/jornaldasoficinas.com\/pt\/wp-json\/wp\/v2\/tags?post=113215"}],"curies":[{"name":"wp","href":"https:\/\/api.w.org\/{rel}","templated":true}]}}