{"id":113270,"date":"2026-02-22T09:30:13","date_gmt":"2026-02-22T09:30:13","guid":{"rendered":"https:\/\/jornaldasoficinas.com\/pt\/?p=113270"},"modified":"2026-02-23T10:35:54","modified_gmt":"2026-02-23T10:35:54","slug":"phaarmpecas-inaugura-academia-de-formacao","status":"publish","type":"post","link":"https:\/\/jornaldasoficinas.com\/pt\/phaarmpecas-inaugura-academia-de-formacao\/","title":{"rendered":"Phaarmpe\u00e7as inaugura Academia de Forma\u00e7\u00e3o"},"content":{"rendered":"<p><strong><img loading=\"lazy\" decoding=\"async\" class=\"alignnone size-full wp-image-113291\" src=\"https:\/\/jornaldasoficinas.com\/pt\/wp-content\/uploads\/2026\/02\/Phaarmpecas-inaugura-Academia-de-Formacao.jpeg\" alt=\"02 - Phaarmpecas inaugura Academia de Formacao\" width=\"1024\" height=\"581\" srcset=\"https:\/\/jornaldasoficinas.com\/pt\/wp-content\/uploads\/2026\/02\/Phaarmpecas-inaugura-Academia-de-Formacao.jpeg 1024w, https:\/\/jornaldasoficinas.com\/pt\/wp-content\/uploads\/2026\/02\/Phaarmpecas-inaugura-Academia-de-Formacao-300x170.jpeg 300w, https:\/\/jornaldasoficinas.com\/pt\/wp-content\/uploads\/2026\/02\/Phaarmpecas-inaugura-Academia-de-Formacao-150x85.jpeg 150w, https:\/\/jornaldasoficinas.com\/pt\/wp-content\/uploads\/2026\/02\/Phaarmpecas-inaugura-Academia-de-Formacao-768x436.jpeg 768w\" sizes=\"auto, (max-width: 1024px) 100vw, 1024px\" \/><\/strong><\/p>\n<p><strong>O <a href=\"https:\/\/jornaldasoficinas.com\/\" target=\"_blank\" rel=\"noopener\">JO<\/a> esteve em Viseu para acompanhar a inaugura\u00e7\u00e3o da nova Academia de Forma\u00e7\u00e3o da <a href=\"https:\/\/phaarmpecas.pt\/\" target=\"_blank\" rel=\"noopener\">Phaarmpe\u00e7as<\/a>, um espa\u00e7o criado de raiz para refor\u00e7ar a aposta da empresa na qualifica\u00e7\u00e3o t\u00e9cnica e na resposta \u00e0s novas exig\u00eancias do setor autom\u00f3vel<\/strong><\/p>\n<p>A Academia foi inaugurada este s\u00e1bado, 21 de fevereiro, no Bairro da Barrosa, em Abraveses, Viseu, num momento que reuniu clientes, parceiros e colaboradores e que marca um novo cap\u00edtulo na hist\u00f3ria da empresa.<\/p>\n<p>O projeto, j\u00e1 anunciado como um dos grandes objetivos estrat\u00e9gicos para 2025, concretiza o investimento na cria\u00e7\u00e3o de uma unidade pr\u00f3pria dedicada ao desenvolvimento de compet\u00eancias para profissionais do setor da repara\u00e7\u00e3o autom\u00f3vel.<\/p>\n<p>O objetivo passa por refor\u00e7ar a qualifica\u00e7\u00e3o dos profissionais da \u00e1rea, disponibilizando a\u00e7\u00f5es especializadas, apoiando oficinas e t\u00e9cnicos da regi\u00e3o e promovendo a atualiza\u00e7\u00e3o constante face \u00e0s novas tecnologias, nomeadamente nas \u00e1reas de diagn\u00f3stico, eletr\u00f3nica autom\u00f3vel e novas motoriza\u00e7\u00f5es.<\/p>\n<p>Mas a oferta n\u00e3o se limita \u00e0 vertente t\u00e9cnica. A Academia ir\u00e1 tamb\u00e9m dinamizar forma\u00e7\u00f5es nas \u00e1reas da contabilidade, gest\u00e3o oficinal e gest\u00e3o de conflitos, reconhecendo que o sucesso das oficinas depende, cada vez mais, de compet\u00eancias que v\u00e3o al\u00e9m do trabalho t\u00e9cnico.<\/p>\n<p>Carlos Coelho, gerente e fundador da Phaarmpe\u00e7as, sublinhou que esta inaugura\u00e7\u00e3o &#8220;\u00e9 uma consequ\u00eancia do trabalho que temos vindo a desenvolver ao longo destes anos. J\u00e1 organizamos forma\u00e7\u00f5es h\u00e1 mais de 20 anos. Isto \u00e9 um sonho\u2026 nunca pensei ter uma Academia de Forma\u00e7\u00e3o. Com o crescimento da empresa compreendi que tinha condi\u00e7\u00f5es para ter algo diferenciado, dando condi\u00e7\u00f5es aos formandos e aos formadores. Espero que seja mais um passo para a empresa continuar a crescer, como tem feito nos \u00faltimos anos.&#8221;<\/p>\n<p>Durante o evento, D\u00e1rio Afonso, um dos formadores da Academia e apoiante do projeto, foi chamado ao palco, referindo: &#8220;Andamos nisto h\u00e1 20 anos, nunca nos passou pela cabe\u00e7a ter isto. \u00c9 um sonho concretizado dele (Carlos Coelho), mas tamb\u00e9m um bocadinho meu. Come\u00e7\u00e1mos pela forma\u00e7\u00e3o interna h\u00e1 muitos anos, e isso diz muito sobre como o gerente a v\u00ea.&#8221;<\/p>\n<p>E, acrescentou: &#8220;Temos de mostrar o nosso setor de uma forma em que as pessoas queiram vir para aqui trabalhar. Precisamos de cativar os mais jovens. Com apostas como esta, acho que vamos conseguir.&#8221;<\/p>\n<p><strong>30 anos de sucesso<\/strong><\/p>\n<p>A inaugura\u00e7\u00e3o acontece num ano simb\u00f3lico, em que a Phaarmpe\u00e7as celebra 30 anos de atividade, assinalando tr\u00eas d\u00e9cadas de crescimento e consolida\u00e7\u00e3o no setor da distribui\u00e7\u00e3o de pe\u00e7as autom\u00f3veis.<\/p>\n<p>Perante este marco na hist\u00f3ria da empresa, o fundador confessou: &#8220;\u00c9 muita emo\u00e7\u00e3o. \u00c9 muito orgulho. Se eu come\u00e7asse a refletir sobre todo este trajeto\u2026 parece inacredit\u00e1vel ter conseguido chegar at\u00e9 aqui, a este patamar em que somos reconhecidos como uma boa empresa no setor. E o conjunto de pessoas de que me tenho rodeado, com funcion\u00e1rios fant\u00e1sticos que me t\u00eam motivado a seguir em frente. Cheg\u00e1mos todos juntos at\u00e9 aqui.&#8221;<\/p>\n<p>Com instala\u00e7\u00f5es preparadas para acolher a\u00e7\u00f5es especializadas, equipamentos modernos de diversas marcas e a colabora\u00e7\u00e3o de parceiros como a <a href=\"https:\/\/www.adparts.com\/\" target=\"_blank\" rel=\"noopener\">AD Parts<\/a>, <a href=\"https:\/\/grupeina.com\/\" target=\"_blank\" rel=\"noopener\">Grupo Eina<\/a>, <a href=\"https:\/\/www.gys.fr\/\" target=\"_blank\" rel=\"noopener\">GYS<\/a>, <a href=\"https:\/\/www.leao.es\/\" target=\"_blank\" rel=\"noopener\">Pneus Le\u00e3o<\/a>, <a href=\"https:\/\/www.kraftwerktools.com\/\" target=\"_blank\" rel=\"noopener\">Kraftwerk<\/a>, <a href=\"https:\/\/www.bosch.pt\/\" target=\"_blank\" rel=\"noopener\">Bosch<\/a>, <a href=\"https:\/\/aftermarket.zf.com\/\" target=\"_blank\" rel=\"noopener\">ZF Aftermarket<\/a> e <a href=\"https:\/\/www.schaeffler.com\/\" target=\"_blank\" rel=\"noopener\">Schaeffler<\/a>, al\u00e9m de formadores experientes em parceria com entidades externas, o novo espa\u00e7o foi concebido para proporcionar um ambiente onde a aprendizagem pr\u00e1tica e a inova\u00e7\u00e3o caminham lado a lado.<\/p>\n<p>Uma aposta que refor\u00e7a o posicionamento da empresa, que costuma afirmar: &#8220;Somos muito mais do que pe\u00e7as para autom\u00f3veis.&#8221;<\/p>\n<p>Assista \u00e0 entrevista completa com Carlos Coelho, <a href=\"https:\/\/www.facebook.com\/reel\/1556186915610711?locale=pt_PT\" target=\"_blank\" rel=\"noopener\">aqui<\/a>.<\/p>\n<div class=\"wonderplugingallery-container\" id=\"wonderplugingallery-container-285\" style=\"max-width:960px;margin:0 auto;\"><div class=\"wonderplugingallery\" id=\"wonderplugingallery-285\" data-galleryid=\"285\" data-width=\"960\" data-height=\"540\" data-skin=\"gallery\" data-playsinline=\"false\" data-mutevideo=\"false\" data-random=\"false\" data-autoslide=\"false\" data-autoplayvideo=\"false\" data-schemamarkup=\"false\" data-stopallplaying=\"false\" data-reloadonvideoend=\"false\" data-donotuseposter=\"false\" data-enabletabindex=\"false\" data-loadnextonvideoend=\"false\" data-hidetitlewhenvideoisplaying=\"false\" data-disablehovereventontouch=\"false\" data-ratioresponsive=\"false\" data-autoslideandplayafterfirstplayed=\"false\" data-html5player=\"true\" data-responsive=\"true\" data-fullwidth=\"false\" data-showtitle=\"false\" data-showdescription=\"true\" data-showplaybutton=\"true\" data-showfullscreenbutton=\"true\" data-showtimer=\"true\" data-showcarousel=\"true\" data-galleryshadow=\"false\" data-slideshadow=\"true\" data-thumbshowtitle=\"false\" data-thumbshowimage=\"true\" data-thumbshadow=\"true\" data-lightboxshowtitle=\"true\" data-lightboxshowdescription=\"true\" data-specifyid=\"true\" data-donotinit=\"false\" data-addinitscript=\"false\" data-triggerresize=\"false\" data-thumbcolumnsresponsive=\"false\" data-thumbverticalmiddle=\"true\" data-removeinlinecss=\"true\" data-switchonmouseover=\"false\" data-showcategory=\"true\" data-carouselpagination=\"false\" data-showimgtitle=\"false\" data-titlesmallscreen=\"false\" data-initsocial=\"true\" data-showsocial=\"false\" data-showemail=\"false\" data-showfacebook=\"true\" data-showtwitter=\"true\" data-showpinterest=\"true\" data-socialrotateeffect=\"true\" data-doshortcodeontext=\"false\" data-loop=\"0\" data-duration=\"1500\" data-slideduration=\"1000\" data-slideshowinterval=\"6000\" data-googleanalyticsaccount=\"\" data-ga4account=\"\" data-resizemode=\"fill\" data-imagetoolboxmode=\"mouseover\" data-effect=\"fade\" data-padding=\"12\" data-bgcolor=\"\" data-bgimage=\"\" data-thumbwidth=\"120\" data-thumbheight=\"60\" data-thumbgap=\"8\" data-thumbrowgap=\"16\" data-lightboxtextheight=\"72\" data-lightboxtitlecss=\"{color:#333333; font:bold 12px Arial,Helvetica,sans-serif; overflow:hidden; white-space:normal; line-height:18px;}\" data-lightboxdescriptioncss=\"{color:#333333; font:normal 12px Arial,Helvetica,sans-serif; overflow:hidden; white-space:normal; line-height:14px;}\" data-titlecss=\"{color:#ffffff; font-size:14px; font-family:Armata, sans-serif, Arial; overflow:hidden; text-align:left; padding:10px 0px 10px 10px; background:rgb(102, 102, 102) transparent; background:rgba(102, 102, 102, 0.6);}\" data-descriptioncss=\"{color:#ffffff; font-size:13px; font-family:Armata, sans-serif, Arial; overflow:hidden; text-align:left; padding:0px 0px 10px 10px; background:rgb(102, 102, 102) transparent; background:rgba(102, 102, 102, 0.6);}\" data-titleheight=\"72\" data-titlesmallscreenwidth=\"640\" data-titleheightsmallscreen=\"148\" data-socialmode=\"mouseover\" data-socialposition=\"position:absolute;top:8px;right:8px;\" data-socialpositionlightbox=\"position:absolute;top:8px;right:8px;\" data-socialdirection=\"horizontal\" data-socialbuttonsize=\"32\" data-socialbuttonfontsize=\"18\" data-defaultvideovolume=\"1\" data-ratiomediumscreen=\"1024\" data-ratiomediumheight=\"1.6\" data-ratiosmallscreen=\"767\" data-ratiosmallheight=\"2.4\" data-thumbtitleheight=\"24\" data-thumbmediumtitleheight=\"48\" data-thumbsmalltitleheight=\"72\" data-categoryheight=\"48\" data-categorydefault=\"all\" data-triggerresizedelay=\"100\" data-thumbmediumsize=\"800\" data-thumbsmallsize=\"480\" data-thumbmediumwidth=\"64\" data-thumbmediumheight=\"64\" data-thumbsmallwidth=\"48\" data-thumbsmallheight=\"48\" data-imgtitle=\"title\" data-carouselpaginationrow=\"3\" data-categorystyle=\"dropdown\" data-categorylist=\"[{&quot;slug&quot;:&quot;all&quot;,&quot;caption&quot;:&quot;Show All&quot;}]\" data-jsfolder=\"https:\/\/jornaldasoficinas.com\/pt\/wp-content\/plugins\/wonderplugin-gallery\/engine\/\" style=\"display:none;\" ><a class=\"html5galleryimglink\" href=\"https:\/\/jornaldasoficinas.com\/pt\/wp-content\/uploads\/WhatsApp-Image-2026-02-21-at-16.48.59-1.jpeg\" data-mediatype=1><img decoding=\"async\" class=\"html5galleryimg html5gallery-tn-image\" src=\"https:\/\/jornaldasoficinas.com\/pt\/wp-content\/uploads\/WhatsApp-Image-2026-02-21-at-16.48.59-1-150x85.jpeg\" alt=\"WhatsApp Image 2026-02-21 at 16.48.59 (1)\"><\/a><div class=\"html5gallery-info\"><div class=\"html5gallery-title\">WhatsApp Image 2026-02-21 at 16.48.59 (1)<\/div><\/div><a class=\"html5galleryimglink\" href=\"https:\/\/jornaldasoficinas.com\/pt\/wp-content\/uploads\/WhatsApp-Image-2026-02-21-at-16.48.59-13.jpeg\" data-mediatype=1><img decoding=\"async\" class=\"html5galleryimg html5gallery-tn-image\" src=\"https:\/\/jornaldasoficinas.com\/pt\/wp-content\/uploads\/WhatsApp-Image-2026-02-21-at-16.48.59-13-150x85.jpeg\" alt=\"WhatsApp Image 2026-02-21 at 16.48.59 (13)\"><\/a><div class=\"html5gallery-info\"><div class=\"html5gallery-title\">WhatsApp Image 2026-02-21 at 16.48.59 (13)<\/div><\/div><a class=\"html5galleryimglink\" href=\"https:\/\/jornaldasoficinas.com\/pt\/wp-content\/uploads\/WhatsApp-Image-2026-02-21-at-16.49.56.jpeg\" data-mediatype=1><img decoding=\"async\" class=\"html5galleryimg html5gallery-tn-image\" src=\"https:\/\/jornaldasoficinas.com\/pt\/wp-content\/uploads\/WhatsApp-Image-2026-02-21-at-16.49.56-150x85.jpeg\" alt=\"WhatsApp Image 2026-02-21 at 16.49.56\"><\/a><div class=\"html5gallery-info\"><div class=\"html5gallery-title\">WhatsApp Image 2026-02-21 at 16.49.56<\/div><\/div><a class=\"html5galleryimglink\" href=\"https:\/\/jornaldasoficinas.com\/pt\/wp-content\/uploads\/WhatsApp-Image-2026-02-21-at-16.50.06.jpeg\" data-mediatype=1><img decoding=\"async\" class=\"html5galleryimg html5gallery-tn-image\" src=\"https:\/\/jornaldasoficinas.com\/pt\/wp-content\/uploads\/WhatsApp-Image-2026-02-21-at-16.50.06-150x85.jpeg\" alt=\"WhatsApp Image 2026-02-21 at 16.50.06\"><\/a><div class=\"html5gallery-info\"><div class=\"html5gallery-title\">WhatsApp Image 2026-02-21 at 16.50.06<\/div><\/div><a class=\"html5galleryimglink\" href=\"https:\/\/jornaldasoficinas.com\/pt\/wp-content\/uploads\/WhatsApp-Image-2026-02-21-at-16.50.07-2.jpeg\" data-mediatype=1><img decoding=\"async\" class=\"html5galleryimg html5gallery-tn-image\" src=\"https:\/\/jornaldasoficinas.com\/pt\/wp-content\/uploads\/WhatsApp-Image-2026-02-21-at-16.50.07-2-150x85.jpeg\" alt=\"WhatsApp Image 2026-02-21 at 16.50.07 (2)\"><\/a><div class=\"html5gallery-info\"><div class=\"html5gallery-title\">WhatsApp Image 2026-02-21 at 16.50.07 (2)<\/div><\/div><a class=\"html5galleryimglink\" href=\"https:\/\/jornaldasoficinas.com\/pt\/wp-content\/uploads\/WhatsApp-Image-2026-02-21-at-16.50.07-3.jpeg\" data-mediatype=1><img decoding=\"async\" class=\"html5galleryimg html5gallery-tn-image\" src=\"https:\/\/jornaldasoficinas.com\/pt\/wp-content\/uploads\/WhatsApp-Image-2026-02-21-at-16.50.07-3-150x85.jpeg\" alt=\"WhatsApp Image 2026-02-21 at 16.50.07 (3)\"><\/a><div class=\"html5gallery-info\"><div class=\"html5gallery-title\">WhatsApp Image 2026-02-21 at 16.50.07 (3)<\/div><\/div><a class=\"html5galleryimglink\" href=\"https:\/\/jornaldasoficinas.com\/pt\/wp-content\/uploads\/WhatsApp-Image-2026-02-21-at-16.50.07-6.jpeg\" data-mediatype=1><img decoding=\"async\" class=\"html5galleryimg html5gallery-tn-image\" src=\"https:\/\/jornaldasoficinas.com\/pt\/wp-content\/uploads\/WhatsApp-Image-2026-02-21-at-16.50.07-6-150x85.jpeg\" alt=\"WhatsApp Image 2026-02-21 at 16.50.07 (6)\"><\/a><div class=\"html5gallery-info\"><div class=\"html5gallery-title\">WhatsApp Image 2026-02-21 at 16.50.07 (6)<\/div><\/div><a class=\"html5galleryimglink\" href=\"https:\/\/jornaldasoficinas.com\/pt\/wp-content\/uploads\/WhatsApp-Image-2026-02-21-at-16.50.07-11.jpeg\" data-mediatype=1><img decoding=\"async\" class=\"html5galleryimg html5gallery-tn-image\" src=\"https:\/\/jornaldasoficinas.com\/pt\/wp-content\/uploads\/WhatsApp-Image-2026-02-21-at-16.50.07-11-150x85.jpeg\" alt=\"WhatsApp Image 2026-02-21 at 16.50.07 (11)\"><\/a><div class=\"html5gallery-info\"><div class=\"html5gallery-title\">WhatsApp Image 2026-02-21 at 16.50.07 (11)<\/div><\/div><a class=\"html5galleryimglink\" href=\"https:\/\/jornaldasoficinas.com\/pt\/wp-content\/uploads\/WhatsApp-Image-2026-02-21-at-16.50.07-12.jpeg\" data-mediatype=1><img decoding=\"async\" class=\"html5galleryimg html5gallery-tn-image\" src=\"https:\/\/jornaldasoficinas.com\/pt\/wp-content\/uploads\/WhatsApp-Image-2026-02-21-at-16.50.07-12-150x85.jpeg\" alt=\"WhatsApp Image 2026-02-21 at 16.50.07 (12)\"><\/a><div class=\"html5gallery-info\"><div class=\"html5gallery-title\">WhatsApp Image 2026-02-21 at 16.50.07 (12)<\/div><\/div><a class=\"html5galleryimglink\" href=\"https:\/\/jornaldasoficinas.com\/pt\/wp-content\/uploads\/WhatsApp-Image-2026-02-21-at-16.50.07-13.jpeg\" data-mediatype=1><img decoding=\"async\" class=\"html5galleryimg html5gallery-tn-image\" src=\"https:\/\/jornaldasoficinas.com\/pt\/wp-content\/uploads\/WhatsApp-Image-2026-02-21-at-16.50.07-13-150x85.jpeg\" alt=\"WhatsApp Image 2026-02-21 at 16.50.07 (13)\"><\/a><div class=\"html5gallery-info\"><div class=\"html5gallery-title\">WhatsApp Image 2026-02-21 at 16.50.07 (13)<\/div><\/div><a class=\"html5galleryimglink\" href=\"https:\/\/jornaldasoficinas.com\/pt\/wp-content\/uploads\/WhatsApp-Image-2026-02-21-at-16.50.07-17.jpeg\" data-mediatype=1><img decoding=\"async\" class=\"html5galleryimg html5gallery-tn-image\" src=\"https:\/\/jornaldasoficinas.com\/pt\/wp-content\/uploads\/WhatsApp-Image-2026-02-21-at-16.50.07-17-150x85.jpeg\" alt=\"WhatsApp Image 2026-02-21 at 16.50.07 (17)\"><\/a><div class=\"html5gallery-info\"><div class=\"html5gallery-title\">WhatsApp Image 2026-02-21 at 16.50.07 (17)<\/div><\/div><a class=\"html5galleryimglink\" href=\"https:\/\/jornaldasoficinas.com\/pt\/wp-content\/uploads\/WhatsApp-Image-2026-02-21-at-16.50.07-21.jpeg\" data-mediatype=1><img decoding=\"async\" class=\"html5galleryimg html5gallery-tn-image\" src=\"https:\/\/jornaldasoficinas.com\/pt\/wp-content\/uploads\/WhatsApp-Image-2026-02-21-at-16.50.07-21-150x85.jpeg\" alt=\"WhatsApp Image 2026-02-21 at 16.50.07 (21)\"><\/a><div class=\"html5gallery-info\"><div class=\"html5gallery-title\">WhatsApp Image 2026-02-21 at 16.50.07 (21)<\/div><\/div><a class=\"html5galleryimglink\" href=\"https:\/\/jornaldasoficinas.com\/pt\/wp-content\/uploads\/WhatsApp-Image-2026-02-21-at-16.50.07-22.jpeg\" data-mediatype=1><img decoding=\"async\" class=\"html5galleryimg html5gallery-tn-image\" src=\"https:\/\/jornaldasoficinas.com\/pt\/wp-content\/uploads\/WhatsApp-Image-2026-02-21-at-16.50.07-22-150x85.jpeg\" alt=\"WhatsApp Image 2026-02-21 at 16.50.07 (22)\"><\/a><div class=\"html5gallery-info\"><div class=\"html5gallery-title\">WhatsApp Image 2026-02-21 at 16.50.07 (22)<\/div><\/div><a class=\"html5galleryimglink\" href=\"https:\/\/jornaldasoficinas.com\/pt\/wp-content\/uploads\/WhatsApp-Image-2026-02-21-at-16.50.07-24.jpeg\" data-mediatype=1><img decoding=\"async\" class=\"html5galleryimg html5gallery-tn-image\" src=\"https:\/\/jornaldasoficinas.com\/pt\/wp-content\/uploads\/WhatsApp-Image-2026-02-21-at-16.50.07-24-150x85.jpeg\" alt=\"WhatsApp Image 2026-02-21 at 16.50.07 (24)\"><\/a><div class=\"html5gallery-info\"><div class=\"html5gallery-title\">WhatsApp Image 2026-02-21 at 16.50.07 (24)<\/div><\/div><a class=\"html5galleryimglink\" href=\"https:\/\/jornaldasoficinas.com\/pt\/wp-content\/uploads\/WhatsApp-Image-2026-02-21-at-16.50.07-28.jpeg\" data-mediatype=1><img decoding=\"async\" class=\"html5galleryimg html5gallery-tn-image\" src=\"https:\/\/jornaldasoficinas.com\/pt\/wp-content\/uploads\/WhatsApp-Image-2026-02-21-at-16.50.07-28-150x85.jpeg\" alt=\"WhatsApp Image 2026-02-21 at 16.50.07 (28)\"><\/a><div class=\"html5gallery-info\"><div class=\"html5gallery-title\">WhatsApp Image 2026-02-21 at 16.50.07 (28)<\/div><\/div><a class=\"html5galleryimglink\" href=\"https:\/\/jornaldasoficinas.com\/pt\/wp-content\/uploads\/WhatsApp-Image-2026-02-21-at-16.50.19-1.jpeg\" data-mediatype=1><img decoding=\"async\" class=\"html5galleryimg html5gallery-tn-image\" src=\"https:\/\/jornaldasoficinas.com\/pt\/wp-content\/uploads\/WhatsApp-Image-2026-02-21-at-16.50.19-1-150x85.jpeg\" alt=\"WhatsApp Image 2026-02-21 at 16.50.19 (1)\"><\/a><div class=\"html5gallery-info\"><div class=\"html5gallery-title\">WhatsApp Image 2026-02-21 at 16.50.19 (1)<\/div><\/div><a class=\"html5galleryimglink\" href=\"https:\/\/jornaldasoficinas.com\/pt\/wp-content\/uploads\/WhatsApp-Image-2026-02-21-at-16.50.19-7.jpeg\" data-mediatype=1><img decoding=\"async\" class=\"html5galleryimg html5gallery-tn-image\" src=\"https:\/\/jornaldasoficinas.com\/pt\/wp-content\/uploads\/WhatsApp-Image-2026-02-21-at-16.50.19-7-150x85.jpeg\" alt=\"WhatsApp Image 2026-02-21 at 16.50.19 (7)\"><\/a><div class=\"html5gallery-info\"><div class=\"html5gallery-title\">WhatsApp Image 2026-02-21 at 16.50.19 (7)<\/div><\/div><\/div><\/div><script>function wondergallery_285_appendcss(csscode) {var head=document.head || document.getElementsByTagName(\"head\")[0];var style=document.createElement(\"style\");head.appendChild(style);style.type=\"text\/css\";if (style.styleSheet){style.styleSheet.cssText=csscode;} else {style.appendChild(document.createTextNode(csscode));}};wondergallery_285_appendcss(\"#wonderplugingallery-285 .html5gallery-cat-selection-285 { \tbox-sizing: border-box; \ttext-align: center; }  #wonderplugingallery-285 .html5gallery-cat-selection-285 select { \tbox-sizing: border-box; \tmargin: 4px auto; }\");<\/script>\n","protected":false},"excerpt":{"rendered":"<p>O JO esteve em Viseu para&#8230;<\/p>\n","protected":false},"author":15,"featured_media":113291,"comment_status":"closed","ping_status":"closed","sticky":false,"template":"","format":"standard","meta":{"footnotes":""},"categories":[29],"tags":[14592,7223,3501,386,2677,13508],"class_list":["post-113270","post","type-post","status-publish","format-standard","has-post-thumbnail","hentry","category-empresas","tag-academia-de-formacao","tag-carlos-coelho","tag-inauguracao","tag-oficinas","tag-phaarmpecas","tag-qualificacao-tecnica"],"yoast_head":"<!-- This site is optimized with the Yoast SEO plugin v27.5 - https:\/\/yoast.com\/product\/yoast-seo-wordpress\/ -->\n<title>Phaarmpe\u00e7as inaugura Academia de Forma\u00e7\u00e3o - Jornal das Oficinas<\/title>\n<meta name=\"description\" content=\"O Jornal das Oficinas esteve em Viseu para acompanhar a inaugura\u00e7\u00e3o da nova Academia de Forma\u00e7\u00e3o da Phaarmpe\u00e7as\" \/>\n<meta name=\"robots\" content=\"index, follow, max-snippet:-1, max-image-preview:large, max-video-preview:-1\" \/>\n<link rel=\"canonical\" href=\"https:\/\/jornaldasoficinas.com\/pt\/phaarmpecas-inaugura-academia-de-formacao\/\" \/>\n<meta property=\"og:locale\" content=\"pt_PT\" \/>\n<meta property=\"og:type\" content=\"article\" \/>\n<meta property=\"og:title\" content=\"Phaarmpe\u00e7as inaugura Academia de Forma\u00e7\u00e3o - Jornal das Oficinas\" \/>\n<meta property=\"og:description\" content=\"O Jornal das Oficinas esteve em Viseu para acompanhar a inaugura\u00e7\u00e3o da nova Academia de Forma\u00e7\u00e3o da Phaarmpe\u00e7as\" \/>\n<meta property=\"og:url\" content=\"https:\/\/jornaldasoficinas.com\/pt\/phaarmpecas-inaugura-academia-de-formacao\/\" \/>\n<meta property=\"og:site_name\" content=\"Jornal das Oficinas\" \/>\n<meta property=\"article:publisher\" content=\"https:\/\/www.facebook.com\/jornaloficinas\" \/>\n<meta property=\"article:published_time\" content=\"2026-02-22T09:30:13+00:00\" \/>\n<meta property=\"article:modified_time\" content=\"2026-02-23T10:35:54+00:00\" \/>\n<meta property=\"og:image\" content=\"https:\/\/jornaldasoficinas.com\/pt\/wp-content\/uploads\/2026\/02\/Phaarmpecas-inaugura-Academia-de-Formacao.jpeg\" \/>\n\t<meta property=\"og:image:width\" content=\"1024\" \/>\n\t<meta property=\"og:image:height\" content=\"581\" \/>\n\t<meta property=\"og:image:type\" content=\"image\/jpeg\" \/>\n<meta name=\"author\" content=\"Reda\u00e7\u00e3o JO\" \/>\n<meta name=\"twitter:card\" content=\"summary_large_image\" \/>\n<meta name=\"twitter:creator\" content=\"@jornaloficinas\" \/>\n<meta name=\"twitter:site\" content=\"@jornaloficinas\" \/>\n<meta name=\"twitter:label1\" content=\"Escrito por\" \/>\n\t<meta name=\"twitter:data1\" content=\"Reda\u00e7\u00e3o JO\" \/>\n\t<meta name=\"twitter:label2\" content=\"Tempo estimado de leitura\" \/>\n\t<meta name=\"twitter:data2\" content=\"4 minutos\" \/>\n<script type=\"application\/ld+json\" class=\"yoast-schema-graph\">{\"@context\":\"https:\\\/\\\/schema.org\",\"@graph\":[{\"@type\":\"Article\",\"@id\":\"https:\\\/\\\/jornaldasoficinas.com\\\/pt\\\/phaarmpecas-inaugura-academia-de-formacao\\\/#article\",\"isPartOf\":{\"@id\":\"https:\\\/\\\/jornaldasoficinas.com\\\/pt\\\/phaarmpecas-inaugura-academia-de-formacao\\\/\"},\"author\":{\"name\":\"Reda\u00e7\u00e3o JO\",\"@id\":\"https:\\\/\\\/jornaldasoficinas.com\\\/pt\\\/#\\\/schema\\\/person\\\/a38eef5de2c41d9e7c9ac10141afddf3\"},\"headline\":\"Phaarmpe\u00e7as inaugura Academia de Forma\u00e7\u00e3o\",\"datePublished\":\"2026-02-22T09:30:13+00:00\",\"dateModified\":\"2026-02-23T10:35:54+00:00\",\"mainEntityOfPage\":{\"@id\":\"https:\\\/\\\/jornaldasoficinas.com\\\/pt\\\/phaarmpecas-inaugura-academia-de-formacao\\\/\"},\"wordCount\":631,\"publisher\":{\"@id\":\"https:\\\/\\\/jornaldasoficinas.com\\\/pt\\\/#organization\"},\"image\":{\"@id\":\"https:\\\/\\\/jornaldasoficinas.com\\\/pt\\\/phaarmpecas-inaugura-academia-de-formacao\\\/#primaryimage\"},\"thumbnailUrl\":\"https:\\\/\\\/jornaldasoficinas.com\\\/pt\\\/wp-content\\\/uploads\\\/2026\\\/02\\\/Phaarmpecas-inaugura-Academia-de-Formacao.jpeg\",\"keywords\":[\"Academia de Forma\u00e7\u00e3o\",\"Carlos Coelho\",\"Inaugura\u00e7\u00e3o\",\"Oficinas\",\"Phaarmpe\u00e7as\",\"qualifica\u00e7\u00e3o t\u00e9cnica\"],\"articleSection\":[\"Empresas\"],\"inLanguage\":\"pt-PT\"},{\"@type\":\"WebPage\",\"@id\":\"https:\\\/\\\/jornaldasoficinas.com\\\/pt\\\/phaarmpecas-inaugura-academia-de-formacao\\\/\",\"url\":\"https:\\\/\\\/jornaldasoficinas.com\\\/pt\\\/phaarmpecas-inaugura-academia-de-formacao\\\/\",\"name\":\"Phaarmpe\u00e7as inaugura Academia de Forma\u00e7\u00e3o - Jornal das Oficinas\",\"isPartOf\":{\"@id\":\"https:\\\/\\\/jornaldasoficinas.com\\\/pt\\\/#website\"},\"primaryImageOfPage\":{\"@id\":\"https:\\\/\\\/jornaldasoficinas.com\\\/pt\\\/phaarmpecas-inaugura-academia-de-formacao\\\/#primaryimage\"},\"image\":{\"@id\":\"https:\\\/\\\/jornaldasoficinas.com\\\/pt\\\/phaarmpecas-inaugura-academia-de-formacao\\\/#primaryimage\"},\"thumbnailUrl\":\"https:\\\/\\\/jornaldasoficinas.com\\\/pt\\\/wp-content\\\/uploads\\\/2026\\\/02\\\/Phaarmpecas-inaugura-Academia-de-Formacao.jpeg\",\"datePublished\":\"2026-02-22T09:30:13+00:00\",\"dateModified\":\"2026-02-23T10:35:54+00:00\",\"description\":\"O Jornal das Oficinas esteve em Viseu para acompanhar a inaugura\u00e7\u00e3o da nova Academia de Forma\u00e7\u00e3o da Phaarmpe\u00e7as\",\"breadcrumb\":{\"@id\":\"https:\\\/\\\/jornaldasoficinas.com\\\/pt\\\/phaarmpecas-inaugura-academia-de-formacao\\\/#breadcrumb\"},\"inLanguage\":\"pt-PT\",\"potentialAction\":[{\"@type\":\"ReadAction\",\"target\":[\"https:\\\/\\\/jornaldasoficinas.com\\\/pt\\\/phaarmpecas-inaugura-academia-de-formacao\\\/\"]}]},{\"@type\":\"ImageObject\",\"inLanguage\":\"pt-PT\",\"@id\":\"https:\\\/\\\/jornaldasoficinas.com\\\/pt\\\/phaarmpecas-inaugura-academia-de-formacao\\\/#primaryimage\",\"url\":\"https:\\\/\\\/jornaldasoficinas.com\\\/pt\\\/wp-content\\\/uploads\\\/2026\\\/02\\\/Phaarmpecas-inaugura-Academia-de-Formacao.jpeg\",\"contentUrl\":\"https:\\\/\\\/jornaldasoficinas.com\\\/pt\\\/wp-content\\\/uploads\\\/2026\\\/02\\\/Phaarmpecas-inaugura-Academia-de-Formacao.jpeg\",\"width\":1024,\"height\":581,\"caption\":\"02 - Phaarmpecas inaugura Academia de Formacao\"},{\"@type\":\"BreadcrumbList\",\"@id\":\"https:\\\/\\\/jornaldasoficinas.com\\\/pt\\\/phaarmpecas-inaugura-academia-de-formacao\\\/#breadcrumb\",\"itemListElement\":[{\"@type\":\"ListItem\",\"position\":1,\"name\":\"In\u00edcio\",\"item\":\"https:\\\/\\\/jornaldasoficinas.com\\\/pt\\\/\"},{\"@type\":\"ListItem\",\"position\":2,\"name\":\"Phaarmpe\u00e7as inaugura Academia de Forma\u00e7\u00e3o\"}]},{\"@type\":\"WebSite\",\"@id\":\"https:\\\/\\\/jornaldasoficinas.com\\\/pt\\\/#website\",\"url\":\"https:\\\/\\\/jornaldasoficinas.com\\\/pt\\\/\",\"name\":\"Jornal das Oficinas\",\"description\":\"Jornal independente do Aftermarket Autom\u00f3vel em Portugal\",\"publisher\":{\"@id\":\"https:\\\/\\\/jornaldasoficinas.com\\\/pt\\\/#organization\"},\"potentialAction\":[{\"@type\":\"SearchAction\",\"target\":{\"@type\":\"EntryPoint\",\"urlTemplate\":\"https:\\\/\\\/jornaldasoficinas.com\\\/pt\\\/?s={search_term_string}\"},\"query-input\":{\"@type\":\"PropertyValueSpecification\",\"valueRequired\":true,\"valueName\":\"search_term_string\"}}],\"inLanguage\":\"pt-PT\"},{\"@type\":\"Organization\",\"@id\":\"https:\\\/\\\/jornaldasoficinas.com\\\/pt\\\/#organization\",\"name\":\"Jornal das Oficinas\",\"url\":\"https:\\\/\\\/jornaldasoficinas.com\\\/pt\\\/\",\"logo\":{\"@type\":\"ImageObject\",\"inLanguage\":\"pt-PT\",\"@id\":\"https:\\\/\\\/jornaldasoficinas.com\\\/pt\\\/#\\\/schema\\\/logo\\\/image\\\/\",\"url\":\"https:\\\/\\\/jornaldasoficinas.com\\\/pt\\\/wp-content\\\/uploads\\\/logoJO-SEO.png\",\"contentUrl\":\"https:\\\/\\\/jornaldasoficinas.com\\\/pt\\\/wp-content\\\/uploads\\\/logoJO-SEO.png\",\"width\":285,\"height\":450,\"caption\":\"Jornal das Oficinas\"},\"image\":{\"@id\":\"https:\\\/\\\/jornaldasoficinas.com\\\/pt\\\/#\\\/schema\\\/logo\\\/image\\\/\"},\"sameAs\":[\"https:\\\/\\\/www.facebook.com\\\/jornaloficinas\",\"https:\\\/\\\/x.com\\\/jornaloficinas\",\"https:\\\/\\\/www.instagram.com\\\/jornal_oficinas\\\/\",\"https:\\\/\\\/www.linkedin.com\\\/company\\\/jornal-das-oficinas\\\/\",\"https:\\\/\\\/www.youtube.com\\\/channel\\\/UCbQZBqtcvV-oSQrr7RzINGg\"]},{\"@type\":\"Person\",\"@id\":\"https:\\\/\\\/jornaldasoficinas.com\\\/pt\\\/#\\\/schema\\\/person\\\/a38eef5de2c41d9e7c9ac10141afddf3\",\"name\":\"Reda\u00e7\u00e3o JO\",\"image\":{\"@type\":\"ImageObject\",\"inLanguage\":\"pt-PT\",\"@id\":\"https:\\\/\\\/secure.gravatar.com\\\/avatar\\\/71f2fa71737ad68a84fea94bc708ddac8ea5b0c4788dc2ad202f3ccb2887742f?s=96&d=wp_user_avatar&r=g\",\"url\":\"https:\\\/\\\/secure.gravatar.com\\\/avatar\\\/71f2fa71737ad68a84fea94bc708ddac8ea5b0c4788dc2ad202f3ccb2887742f?s=96&d=wp_user_avatar&r=g\",\"contentUrl\":\"https:\\\/\\\/secure.gravatar.com\\\/avatar\\\/71f2fa71737ad68a84fea94bc708ddac8ea5b0c4788dc2ad202f3ccb2887742f?s=96&d=wp_user_avatar&r=g\",\"caption\":\"Reda\u00e7\u00e3o JO\"},\"url\":\"https:\\\/\\\/jornaldasoficinas.com\\\/pt\\\/author\\\/joredacao\\\/\"}]}<\/script>\n<!-- \/ Yoast SEO plugin. -->","yoast_head_json":{"title":"Phaarmpe\u00e7as inaugura Academia de Forma\u00e7\u00e3o - Jornal das Oficinas","description":"O Jornal das Oficinas esteve em Viseu para acompanhar a inaugura\u00e7\u00e3o da nova Academia de Forma\u00e7\u00e3o da Phaarmpe\u00e7as","robots":{"index":"index","follow":"follow","max-snippet":"max-snippet:-1","max-image-preview":"max-image-preview:large","max-video-preview":"max-video-preview:-1"},"canonical":"https:\/\/jornaldasoficinas.com\/pt\/phaarmpecas-inaugura-academia-de-formacao\/","og_locale":"pt_PT","og_type":"article","og_title":"Phaarmpe\u00e7as inaugura Academia de Forma\u00e7\u00e3o - Jornal das Oficinas","og_description":"O Jornal das Oficinas esteve em Viseu para acompanhar a inaugura\u00e7\u00e3o da nova Academia de Forma\u00e7\u00e3o da Phaarmpe\u00e7as","og_url":"https:\/\/jornaldasoficinas.com\/pt\/phaarmpecas-inaugura-academia-de-formacao\/","og_site_name":"Jornal das Oficinas","article_publisher":"https:\/\/www.facebook.com\/jornaloficinas","article_published_time":"2026-02-22T09:30:13+00:00","article_modified_time":"2026-02-23T10:35:54+00:00","og_image":[{"width":1024,"height":581,"url":"https:\/\/jornaldasoficinas.com\/pt\/wp-content\/uploads\/2026\/02\/Phaarmpecas-inaugura-Academia-de-Formacao.jpeg","type":"image\/jpeg"}],"author":"Reda\u00e7\u00e3o JO","twitter_card":"summary_large_image","twitter_creator":"@jornaloficinas","twitter_site":"@jornaloficinas","twitter_misc":{"Escrito por":"Reda\u00e7\u00e3o JO","Tempo estimado de leitura":"4 minutos"},"schema":{"@context":"https:\/\/schema.org","@graph":[{"@type":"Article","@id":"https:\/\/jornaldasoficinas.com\/pt\/phaarmpecas-inaugura-academia-de-formacao\/#article","isPartOf":{"@id":"https:\/\/jornaldasoficinas.com\/pt\/phaarmpecas-inaugura-academia-de-formacao\/"},"author":{"name":"Reda\u00e7\u00e3o JO","@id":"https:\/\/jornaldasoficinas.com\/pt\/#\/schema\/person\/a38eef5de2c41d9e7c9ac10141afddf3"},"headline":"Phaarmpe\u00e7as inaugura Academia de Forma\u00e7\u00e3o","datePublished":"2026-02-22T09:30:13+00:00","dateModified":"2026-02-23T10:35:54+00:00","mainEntityOfPage":{"@id":"https:\/\/jornaldasoficinas.com\/pt\/phaarmpecas-inaugura-academia-de-formacao\/"},"wordCount":631,"publisher":{"@id":"https:\/\/jornaldasoficinas.com\/pt\/#organization"},"image":{"@id":"https:\/\/jornaldasoficinas.com\/pt\/phaarmpecas-inaugura-academia-de-formacao\/#primaryimage"},"thumbnailUrl":"https:\/\/jornaldasoficinas.com\/pt\/wp-content\/uploads\/2026\/02\/Phaarmpecas-inaugura-Academia-de-Formacao.jpeg","keywords":["Academia de Forma\u00e7\u00e3o","Carlos Coelho","Inaugura\u00e7\u00e3o","Oficinas","Phaarmpe\u00e7as","qualifica\u00e7\u00e3o t\u00e9cnica"],"articleSection":["Empresas"],"inLanguage":"pt-PT"},{"@type":"WebPage","@id":"https:\/\/jornaldasoficinas.com\/pt\/phaarmpecas-inaugura-academia-de-formacao\/","url":"https:\/\/jornaldasoficinas.com\/pt\/phaarmpecas-inaugura-academia-de-formacao\/","name":"Phaarmpe\u00e7as inaugura Academia de Forma\u00e7\u00e3o - Jornal das Oficinas","isPartOf":{"@id":"https:\/\/jornaldasoficinas.com\/pt\/#website"},"primaryImageOfPage":{"@id":"https:\/\/jornaldasoficinas.com\/pt\/phaarmpecas-inaugura-academia-de-formacao\/#primaryimage"},"image":{"@id":"https:\/\/jornaldasoficinas.com\/pt\/phaarmpecas-inaugura-academia-de-formacao\/#primaryimage"},"thumbnailUrl":"https:\/\/jornaldasoficinas.com\/pt\/wp-content\/uploads\/2026\/02\/Phaarmpecas-inaugura-Academia-de-Formacao.jpeg","datePublished":"2026-02-22T09:30:13+00:00","dateModified":"2026-02-23T10:35:54+00:00","description":"O Jornal das Oficinas esteve em Viseu para acompanhar a inaugura\u00e7\u00e3o da nova Academia de Forma\u00e7\u00e3o da Phaarmpe\u00e7as","breadcrumb":{"@id":"https:\/\/jornaldasoficinas.com\/pt\/phaarmpecas-inaugura-academia-de-formacao\/#breadcrumb"},"inLanguage":"pt-PT","potentialAction":[{"@type":"ReadAction","target":["https:\/\/jornaldasoficinas.com\/pt\/phaarmpecas-inaugura-academia-de-formacao\/"]}]},{"@type":"ImageObject","inLanguage":"pt-PT","@id":"https:\/\/jornaldasoficinas.com\/pt\/phaarmpecas-inaugura-academia-de-formacao\/#primaryimage","url":"https:\/\/jornaldasoficinas.com\/pt\/wp-content\/uploads\/2026\/02\/Phaarmpecas-inaugura-Academia-de-Formacao.jpeg","contentUrl":"https:\/\/jornaldasoficinas.com\/pt\/wp-content\/uploads\/2026\/02\/Phaarmpecas-inaugura-Academia-de-Formacao.jpeg","width":1024,"height":581,"caption":"02 - Phaarmpecas inaugura Academia de Formacao"},{"@type":"BreadcrumbList","@id":"https:\/\/jornaldasoficinas.com\/pt\/phaarmpecas-inaugura-academia-de-formacao\/#breadcrumb","itemListElement":[{"@type":"ListItem","position":1,"name":"In\u00edcio","item":"https:\/\/jornaldasoficinas.com\/pt\/"},{"@type":"ListItem","position":2,"name":"Phaarmpe\u00e7as inaugura Academia de Forma\u00e7\u00e3o"}]},{"@type":"WebSite","@id":"https:\/\/jornaldasoficinas.com\/pt\/#website","url":"https:\/\/jornaldasoficinas.com\/pt\/","name":"Jornal das Oficinas","description":"Jornal independente do Aftermarket Autom\u00f3vel em Portugal","publisher":{"@id":"https:\/\/jornaldasoficinas.com\/pt\/#organization"},"potentialAction":[{"@type":"SearchAction","target":{"@type":"EntryPoint","urlTemplate":"https:\/\/jornaldasoficinas.com\/pt\/?s={search_term_string}"},"query-input":{"@type":"PropertyValueSpecification","valueRequired":true,"valueName":"search_term_string"}}],"inLanguage":"pt-PT"},{"@type":"Organization","@id":"https:\/\/jornaldasoficinas.com\/pt\/#organization","name":"Jornal das Oficinas","url":"https:\/\/jornaldasoficinas.com\/pt\/","logo":{"@type":"ImageObject","inLanguage":"pt-PT","@id":"https:\/\/jornaldasoficinas.com\/pt\/#\/schema\/logo\/image\/","url":"https:\/\/jornaldasoficinas.com\/pt\/wp-content\/uploads\/logoJO-SEO.png","contentUrl":"https:\/\/jornaldasoficinas.com\/pt\/wp-content\/uploads\/logoJO-SEO.png","width":285,"height":450,"caption":"Jornal das Oficinas"},"image":{"@id":"https:\/\/jornaldasoficinas.com\/pt\/#\/schema\/logo\/image\/"},"sameAs":["https:\/\/www.facebook.com\/jornaloficinas","https:\/\/x.com\/jornaloficinas","https:\/\/www.instagram.com\/jornal_oficinas\/","https:\/\/www.linkedin.com\/company\/jornal-das-oficinas\/","https:\/\/www.youtube.com\/channel\/UCbQZBqtcvV-oSQrr7RzINGg"]},{"@type":"Person","@id":"https:\/\/jornaldasoficinas.com\/pt\/#\/schema\/person\/a38eef5de2c41d9e7c9ac10141afddf3","name":"Reda\u00e7\u00e3o JO","image":{"@type":"ImageObject","inLanguage":"pt-PT","@id":"https:\/\/secure.gravatar.com\/avatar\/71f2fa71737ad68a84fea94bc708ddac8ea5b0c4788dc2ad202f3ccb2887742f?s=96&d=wp_user_avatar&r=g","url":"https:\/\/secure.gravatar.com\/avatar\/71f2fa71737ad68a84fea94bc708ddac8ea5b0c4788dc2ad202f3ccb2887742f?s=96&d=wp_user_avatar&r=g","contentUrl":"https:\/\/secure.gravatar.com\/avatar\/71f2fa71737ad68a84fea94bc708ddac8ea5b0c4788dc2ad202f3ccb2887742f?s=96&d=wp_user_avatar&r=g","caption":"Reda\u00e7\u00e3o JO"},"url":"https:\/\/jornaldasoficinas.com\/pt\/author\/joredacao\/"}]}},"_links":{"self":[{"href":"https:\/\/jornaldasoficinas.com\/pt\/wp-json\/wp\/v2\/posts\/113270","targetHints":{"allow":["GET"]}}],"collection":[{"href":"https:\/\/jornaldasoficinas.com\/pt\/wp-json\/wp\/v2\/posts"}],"about":[{"href":"https:\/\/jornaldasoficinas.com\/pt\/wp-json\/wp\/v2\/types\/post"}],"author":[{"embeddable":true,"href":"https:\/\/jornaldasoficinas.com\/pt\/wp-json\/wp\/v2\/users\/15"}],"replies":[{"embeddable":true,"href":"https:\/\/jornaldasoficinas.com\/pt\/wp-json\/wp\/v2\/comments?post=113270"}],"version-history":[{"count":13,"href":"https:\/\/jornaldasoficinas.com\/pt\/wp-json\/wp\/v2\/posts\/113270\/revisions"}],"predecessor-version":[{"id":113331,"href":"https:\/\/jornaldasoficinas.com\/pt\/wp-json\/wp\/v2\/posts\/113270\/revisions\/113331"}],"wp:featuredmedia":[{"embeddable":true,"href":"https:\/\/jornaldasoficinas.com\/pt\/wp-json\/wp\/v2\/media\/113291"}],"wp:attachment":[{"href":"https:\/\/jornaldasoficinas.com\/pt\/wp-json\/wp\/v2\/media?parent=113270"}],"wp:term":[{"taxonomy":"category","embeddable":true,"href":"https:\/\/jornaldasoficinas.com\/pt\/wp-json\/wp\/v2\/categories?post=113270"},{"taxonomy":"post_tag","embeddable":true,"href":"https:\/\/jornaldasoficinas.com\/pt\/wp-json\/wp\/v2\/tags?post=113270"}],"curies":[{"name":"wp","href":"https:\/\/api.w.org\/{rel}","templated":true}]}}