{"id":113483,"date":"2026-02-26T14:00:08","date_gmt":"2026-02-26T14:00:08","guid":{"rendered":"https:\/\/jornaldasoficinas.com\/pt\/?p=113483"},"modified":"2026-02-25T19:07:45","modified_gmt":"2026-02-25T19:07:45","slug":"afia-apoia-apelo-da-clepa","status":"publish","type":"post","link":"https:\/\/jornaldasoficinas.com\/pt\/afia-apoia-apelo-da-clepa\/","title":{"rendered":"AFIA apoia apelo da CLEPA"},"content":{"rendered":"<p><img loading=\"lazy\" decoding=\"async\" class=\"size-full wp-image-113519\" src=\"https:\/\/jornaldasoficinas.com\/pt\/wp-content\/uploads\/2026\/02\/AFIA-apoia-apelo-da-CLEPA.jpg\" alt=\"02 - AFIA apoia apelo da CLEPA\" width=\"1024\" height=\"581\" srcset=\"https:\/\/jornaldasoficinas.com\/pt\/wp-content\/uploads\/2026\/02\/AFIA-apoia-apelo-da-CLEPA.jpg 1024w, https:\/\/jornaldasoficinas.com\/pt\/wp-content\/uploads\/2026\/02\/AFIA-apoia-apelo-da-CLEPA-300x170.jpg 300w, https:\/\/jornaldasoficinas.com\/pt\/wp-content\/uploads\/2026\/02\/AFIA-apoia-apelo-da-CLEPA-150x85.jpg 150w, https:\/\/jornaldasoficinas.com\/pt\/wp-content\/uploads\/2026\/02\/AFIA-apoia-apelo-da-CLEPA-768x436.jpg 768w\" sizes=\"auto, (max-width: 1024px) 100vw, 1024px\" \/><\/p>\n<p><strong>A <a href=\"https:\/\/afia.pt\/\" target=\"_blank\" rel=\"noopener\">AFIA<\/a> associou-se \u00e0 carta aberta da <a href=\"https:\/\/www.clepa.eu\/\" target=\"_blank\" rel=\"noopener\">CLEPA<\/a> dirigida \u00e0 <a href=\"https:\/\/commission.europa.eu\/\" target=\"_blank\" rel=\"noopener\">Comiss\u00e3o Europeia<\/a>, defendendo medidas urgentes para assegurar concorr\u00eancia justa, proteger as cadeias de valor e preservar a capacidade de inova\u00e7\u00e3o da ind\u00fastria autom\u00f3vel europeia<\/strong><\/p>\n<p>De acordo com a CLEPA, os fornecedores autom\u00f3veis (respons\u00e1veis por 75% do valor total de um ve\u00edculo) s\u00e3o um pilar estrat\u00e9gico da prosperidade industrial europeia, impulsionando o investimento em I&amp;D e o emprego qualificado, sendo mesmo a base de sustento de milh\u00f5es de fam\u00edlias em todo o continente.<\/p>\n<p>Contudo, a associa\u00e7\u00e3o europeia alerta que o setor enfrenta &#8220;fric\u00e7\u00f5es sem precedentes, num contexto global marcado por subsidia\u00e7\u00e3o distorciva, dumping de pre\u00e7os, sobrecapacidades apoiadas pelo Estado e tarifas unilaterais que levam os produtores europeus a ficarem em desvantagem estrutural e a enfrentarem concorr\u00eancia desleal.&#8221;<\/p>\n<p>A AFIA sublinha ainda que a Europa deve manter-se aberta ao com\u00e9rcio e \u00e0 coopera\u00e7\u00e3o internacional, mas recorda que o com\u00e9rcio s\u00f3 \u00e9 sustent\u00e1vel quando assenta em regras equivalentes para todos e numa concorr\u00eancia efetivamente leal.<\/p>\n<p>A carta da CLEPA aponta ainda sinais evidentes no com\u00e9rcio de 2025, referindo que as importa\u00e7\u00f5es de componentes autom\u00f3veis provenientes da China atingiram 8,2 mil milh\u00f5es de euros e que o saldo comercial passou de um excedente h\u00e1 cinco anos de quase 7 mil milh\u00f5es de euros para um d\u00e9fice de 0,7 mil milh\u00f5es de euros. A mesma carta menciona um estudo recente da Roland Berger que alerta para o risco de perda de emprego na Europa at\u00e9 2030 caso n\u00e3o sejam adotadas medidas atempadas.<\/p>\n<p>&#8220;Importar hoje a tecnologia mais barata esvazia amanh\u00e3 a nossa capacidade de inova\u00e7\u00e3o. Se permitirmos que as nossas cadeias de valor se desagastem, perderemos f\u00e1bricas, mas tamb\u00e9m a nossa autonomia estrat\u00e9gica. Arriscamo-nos a trocar a soberania tecnol\u00f3gica europeia por uma depend\u00eancia permanente de regi\u00f5es de menor custo e com menor regula\u00e7\u00e3o&#8221;, alertou a CLEPA.<\/p>\n<p>No \u00e2mbito dos trabalhos em torno do Industrial Accelerator Act, a AFIA acompanha a posi\u00e7\u00e3o da CLEPA de que cada vez mais a contrata\u00e7\u00e3o p\u00fablica, os subs\u00eddios p\u00fablicos e outros incentivos devem estar ligados \u00e0 cria\u00e7\u00e3o de valor europeia. Em particular, a defini\u00e7\u00e3o de um &#8220;ve\u00edculo europeu&#8221; \u00e9 apresentada como um fator decisivo: a CLEPA defende que os incentivos devem privilegiar ve\u00edculos com 75% (ou mais) de conte\u00fado local ao n\u00edvel do ve\u00edculo, excluindo baterias, garantindo que a maior parte do valor \u00e9 gerada dentro das fronteiras europeias.<\/p>\n<p>Para Jos\u00e9 Couto, presidente da AFIA e membro da dire\u00e7\u00e3o da CLEPA, &#8220;a transi\u00e7\u00e3o para a mobilidade de baixas emiss\u00f5es e a digitaliza\u00e7\u00e3o exigem investimento, escala e previsibilidade. Se a Europa quer liderar a transforma\u00e7\u00e3o, tem de garantir condi\u00e7\u00f5es de concorr\u00eancia justas e enquadramentos que mantenham o valor, a inova\u00e7\u00e3o e o emprego ancorados no espa\u00e7o europeu. Apoiar a proposta da CLEPA \u00e9 escolher soberania industrial, refor\u00e7ar a resili\u00eancia das cadeias de valor e proteger a capacidade tecnol\u00f3gica da Europa.&#8221;<\/p>\n","protected":false},"excerpt":{"rendered":"<p>A AFIA associou-se \u00e0 carta aberta&#8230;<\/p>\n","protected":false},"author":15,"featured_media":113519,"comment_status":"closed","ping_status":"closed","sticky":false,"template":"","format":"standard","meta":{"footnotes":""},"categories":[37],"tags":[100,9926,1969,1655,14622,3194,14124],"class_list":["post-113483","post","type-post","status-publish","format-standard","has-post-thumbnail","hentry","category-mercado","tag-afia","tag-capacidade-de-inovacao","tag-clepa","tag-comissao-europeia","tag-concorrencia-justa","tag-industria-automovel","tag-medidas"],"yoast_head":"<!-- This site is optimized with the Yoast SEO plugin v27.5 - https:\/\/yoast.com\/product\/yoast-seo-wordpress\/ -->\n<title>AFIA apoia apelo da CLEPA - Jornal das Oficinas<\/title>\n<meta name=\"description\" content=\"A AFIA associou-se \u00e0 carta aberta da CLEPA dirigida \u00e0 Comiss\u00e3o Europeia, defendendo medidas urgentes para assegurar concorr\u00eancia justa\" \/>\n<meta name=\"robots\" content=\"index, follow, max-snippet:-1, max-image-preview:large, max-video-preview:-1\" \/>\n<link rel=\"canonical\" href=\"https:\/\/jornaldasoficinas.com\/pt\/afia-apoia-apelo-da-clepa\/\" \/>\n<meta property=\"og:locale\" content=\"pt_PT\" \/>\n<meta property=\"og:type\" content=\"article\" \/>\n<meta property=\"og:title\" content=\"AFIA apoia apelo da CLEPA - Jornal das Oficinas\" \/>\n<meta property=\"og:description\" content=\"A AFIA associou-se \u00e0 carta aberta da CLEPA dirigida \u00e0 Comiss\u00e3o Europeia, defendendo medidas urgentes para assegurar concorr\u00eancia justa\" \/>\n<meta property=\"og:url\" content=\"https:\/\/jornaldasoficinas.com\/pt\/afia-apoia-apelo-da-clepa\/\" \/>\n<meta property=\"og:site_name\" content=\"Jornal das Oficinas\" \/>\n<meta property=\"article:publisher\" content=\"https:\/\/www.facebook.com\/jornaloficinas\" \/>\n<meta property=\"article:published_time\" content=\"2026-02-26T14:00:08+00:00\" \/>\n<meta property=\"og:image\" content=\"https:\/\/jornaldasoficinas.com\/pt\/wp-content\/uploads\/2026\/02\/AFIA-apoia-apelo-da-CLEPA.jpg\" \/>\n\t<meta property=\"og:image:width\" content=\"1024\" \/>\n\t<meta property=\"og:image:height\" content=\"581\" \/>\n\t<meta property=\"og:image:type\" content=\"image\/jpeg\" \/>\n<meta name=\"author\" content=\"Reda\u00e7\u00e3o JO\" \/>\n<meta name=\"twitter:card\" content=\"summary_large_image\" \/>\n<meta name=\"twitter:creator\" content=\"@jornaloficinas\" \/>\n<meta name=\"twitter:site\" content=\"@jornaloficinas\" \/>\n<meta name=\"twitter:label1\" content=\"Escrito por\" \/>\n\t<meta name=\"twitter:data1\" content=\"Reda\u00e7\u00e3o JO\" \/>\n\t<meta name=\"twitter:label2\" content=\"Tempo estimado de leitura\" \/>\n\t<meta name=\"twitter:data2\" content=\"3 minutos\" \/>\n<script type=\"application\/ld+json\" class=\"yoast-schema-graph\">{\"@context\":\"https:\\\/\\\/schema.org\",\"@graph\":[{\"@type\":\"Article\",\"@id\":\"https:\\\/\\\/jornaldasoficinas.com\\\/pt\\\/afia-apoia-apelo-da-clepa\\\/#article\",\"isPartOf\":{\"@id\":\"https:\\\/\\\/jornaldasoficinas.com\\\/pt\\\/afia-apoia-apelo-da-clepa\\\/\"},\"author\":{\"name\":\"Reda\u00e7\u00e3o JO\",\"@id\":\"https:\\\/\\\/jornaldasoficinas.com\\\/pt\\\/#\\\/schema\\\/person\\\/a38eef5de2c41d9e7c9ac10141afddf3\"},\"headline\":\"AFIA apoia apelo da CLEPA\",\"datePublished\":\"2026-02-26T14:00:08+00:00\",\"mainEntityOfPage\":{\"@id\":\"https:\\\/\\\/jornaldasoficinas.com\\\/pt\\\/afia-apoia-apelo-da-clepa\\\/\"},\"wordCount\":523,\"publisher\":{\"@id\":\"https:\\\/\\\/jornaldasoficinas.com\\\/pt\\\/#organization\"},\"image\":{\"@id\":\"https:\\\/\\\/jornaldasoficinas.com\\\/pt\\\/afia-apoia-apelo-da-clepa\\\/#primaryimage\"},\"thumbnailUrl\":\"https:\\\/\\\/jornaldasoficinas.com\\\/pt\\\/wp-content\\\/uploads\\\/2026\\\/02\\\/AFIA-apoia-apelo-da-CLEPA.jpg\",\"keywords\":[\"AFIA\",\"capacidade de inova\u00e7\u00e3o\",\"CLEPA\",\"Comiss\u00e3o Europeia\",\"concorr\u00eancia justa\",\"Ind\u00fastria autom\u00f3vel\",\"medidas\"],\"articleSection\":[\"Mercado\"],\"inLanguage\":\"pt-PT\"},{\"@type\":\"WebPage\",\"@id\":\"https:\\\/\\\/jornaldasoficinas.com\\\/pt\\\/afia-apoia-apelo-da-clepa\\\/\",\"url\":\"https:\\\/\\\/jornaldasoficinas.com\\\/pt\\\/afia-apoia-apelo-da-clepa\\\/\",\"name\":\"AFIA apoia apelo da CLEPA - Jornal das Oficinas\",\"isPartOf\":{\"@id\":\"https:\\\/\\\/jornaldasoficinas.com\\\/pt\\\/#website\"},\"primaryImageOfPage\":{\"@id\":\"https:\\\/\\\/jornaldasoficinas.com\\\/pt\\\/afia-apoia-apelo-da-clepa\\\/#primaryimage\"},\"image\":{\"@id\":\"https:\\\/\\\/jornaldasoficinas.com\\\/pt\\\/afia-apoia-apelo-da-clepa\\\/#primaryimage\"},\"thumbnailUrl\":\"https:\\\/\\\/jornaldasoficinas.com\\\/pt\\\/wp-content\\\/uploads\\\/2026\\\/02\\\/AFIA-apoia-apelo-da-CLEPA.jpg\",\"datePublished\":\"2026-02-26T14:00:08+00:00\",\"description\":\"A AFIA associou-se \u00e0 carta aberta da CLEPA dirigida \u00e0 Comiss\u00e3o Europeia, defendendo medidas urgentes para assegurar concorr\u00eancia justa\",\"breadcrumb\":{\"@id\":\"https:\\\/\\\/jornaldasoficinas.com\\\/pt\\\/afia-apoia-apelo-da-clepa\\\/#breadcrumb\"},\"inLanguage\":\"pt-PT\",\"potentialAction\":[{\"@type\":\"ReadAction\",\"target\":[\"https:\\\/\\\/jornaldasoficinas.com\\\/pt\\\/afia-apoia-apelo-da-clepa\\\/\"]}]},{\"@type\":\"ImageObject\",\"inLanguage\":\"pt-PT\",\"@id\":\"https:\\\/\\\/jornaldasoficinas.com\\\/pt\\\/afia-apoia-apelo-da-clepa\\\/#primaryimage\",\"url\":\"https:\\\/\\\/jornaldasoficinas.com\\\/pt\\\/wp-content\\\/uploads\\\/2026\\\/02\\\/AFIA-apoia-apelo-da-CLEPA.jpg\",\"contentUrl\":\"https:\\\/\\\/jornaldasoficinas.com\\\/pt\\\/wp-content\\\/uploads\\\/2026\\\/02\\\/AFIA-apoia-apelo-da-CLEPA.jpg\",\"width\":1024,\"height\":581,\"caption\":\"Car bodies are on assembly line. Factory for production of cars. Modern automotive industry. A car being checked before being painted in a high-tech enterprise.\"},{\"@type\":\"BreadcrumbList\",\"@id\":\"https:\\\/\\\/jornaldasoficinas.com\\\/pt\\\/afia-apoia-apelo-da-clepa\\\/#breadcrumb\",\"itemListElement\":[{\"@type\":\"ListItem\",\"position\":1,\"name\":\"In\u00edcio\",\"item\":\"https:\\\/\\\/jornaldasoficinas.com\\\/pt\\\/\"},{\"@type\":\"ListItem\",\"position\":2,\"name\":\"AFIA apoia apelo da CLEPA\"}]},{\"@type\":\"WebSite\",\"@id\":\"https:\\\/\\\/jornaldasoficinas.com\\\/pt\\\/#website\",\"url\":\"https:\\\/\\\/jornaldasoficinas.com\\\/pt\\\/\",\"name\":\"Jornal das Oficinas\",\"description\":\"Jornal independente do Aftermarket Autom\u00f3vel em Portugal\",\"publisher\":{\"@id\":\"https:\\\/\\\/jornaldasoficinas.com\\\/pt\\\/#organization\"},\"potentialAction\":[{\"@type\":\"SearchAction\",\"target\":{\"@type\":\"EntryPoint\",\"urlTemplate\":\"https:\\\/\\\/jornaldasoficinas.com\\\/pt\\\/?s={search_term_string}\"},\"query-input\":{\"@type\":\"PropertyValueSpecification\",\"valueRequired\":true,\"valueName\":\"search_term_string\"}}],\"inLanguage\":\"pt-PT\"},{\"@type\":\"Organization\",\"@id\":\"https:\\\/\\\/jornaldasoficinas.com\\\/pt\\\/#organization\",\"name\":\"Jornal das Oficinas\",\"url\":\"https:\\\/\\\/jornaldasoficinas.com\\\/pt\\\/\",\"logo\":{\"@type\":\"ImageObject\",\"inLanguage\":\"pt-PT\",\"@id\":\"https:\\\/\\\/jornaldasoficinas.com\\\/pt\\\/#\\\/schema\\\/logo\\\/image\\\/\",\"url\":\"https:\\\/\\\/jornaldasoficinas.com\\\/pt\\\/wp-content\\\/uploads\\\/logoJO-SEO.png\",\"contentUrl\":\"https:\\\/\\\/jornaldasoficinas.com\\\/pt\\\/wp-content\\\/uploads\\\/logoJO-SEO.png\",\"width\":285,\"height\":450,\"caption\":\"Jornal das Oficinas\"},\"image\":{\"@id\":\"https:\\\/\\\/jornaldasoficinas.com\\\/pt\\\/#\\\/schema\\\/logo\\\/image\\\/\"},\"sameAs\":[\"https:\\\/\\\/www.facebook.com\\\/jornaloficinas\",\"https:\\\/\\\/x.com\\\/jornaloficinas\",\"https:\\\/\\\/www.instagram.com\\\/jornal_oficinas\\\/\",\"https:\\\/\\\/www.linkedin.com\\\/company\\\/jornal-das-oficinas\\\/\",\"https:\\\/\\\/www.youtube.com\\\/channel\\\/UCbQZBqtcvV-oSQrr7RzINGg\"]},{\"@type\":\"Person\",\"@id\":\"https:\\\/\\\/jornaldasoficinas.com\\\/pt\\\/#\\\/schema\\\/person\\\/a38eef5de2c41d9e7c9ac10141afddf3\",\"name\":\"Reda\u00e7\u00e3o JO\",\"image\":{\"@type\":\"ImageObject\",\"inLanguage\":\"pt-PT\",\"@id\":\"https:\\\/\\\/secure.gravatar.com\\\/avatar\\\/71f2fa71737ad68a84fea94bc708ddac8ea5b0c4788dc2ad202f3ccb2887742f?s=96&d=wp_user_avatar&r=g\",\"url\":\"https:\\\/\\\/secure.gravatar.com\\\/avatar\\\/71f2fa71737ad68a84fea94bc708ddac8ea5b0c4788dc2ad202f3ccb2887742f?s=96&d=wp_user_avatar&r=g\",\"contentUrl\":\"https:\\\/\\\/secure.gravatar.com\\\/avatar\\\/71f2fa71737ad68a84fea94bc708ddac8ea5b0c4788dc2ad202f3ccb2887742f?s=96&d=wp_user_avatar&r=g\",\"caption\":\"Reda\u00e7\u00e3o JO\"},\"url\":\"https:\\\/\\\/jornaldasoficinas.com\\\/pt\\\/author\\\/joredacao\\\/\"}]}<\/script>\n<!-- \/ Yoast SEO plugin. -->","yoast_head_json":{"title":"AFIA apoia apelo da CLEPA - Jornal das Oficinas","description":"A AFIA associou-se \u00e0 carta aberta da CLEPA dirigida \u00e0 Comiss\u00e3o Europeia, defendendo medidas urgentes para assegurar concorr\u00eancia justa","robots":{"index":"index","follow":"follow","max-snippet":"max-snippet:-1","max-image-preview":"max-image-preview:large","max-video-preview":"max-video-preview:-1"},"canonical":"https:\/\/jornaldasoficinas.com\/pt\/afia-apoia-apelo-da-clepa\/","og_locale":"pt_PT","og_type":"article","og_title":"AFIA apoia apelo da CLEPA - Jornal das Oficinas","og_description":"A AFIA associou-se \u00e0 carta aberta da CLEPA dirigida \u00e0 Comiss\u00e3o Europeia, defendendo medidas urgentes para assegurar concorr\u00eancia justa","og_url":"https:\/\/jornaldasoficinas.com\/pt\/afia-apoia-apelo-da-clepa\/","og_site_name":"Jornal das Oficinas","article_publisher":"https:\/\/www.facebook.com\/jornaloficinas","article_published_time":"2026-02-26T14:00:08+00:00","og_image":[{"width":1024,"height":581,"url":"https:\/\/jornaldasoficinas.com\/pt\/wp-content\/uploads\/2026\/02\/AFIA-apoia-apelo-da-CLEPA.jpg","type":"image\/jpeg"}],"author":"Reda\u00e7\u00e3o JO","twitter_card":"summary_large_image","twitter_creator":"@jornaloficinas","twitter_site":"@jornaloficinas","twitter_misc":{"Escrito por":"Reda\u00e7\u00e3o JO","Tempo estimado de leitura":"3 minutos"},"schema":{"@context":"https:\/\/schema.org","@graph":[{"@type":"Article","@id":"https:\/\/jornaldasoficinas.com\/pt\/afia-apoia-apelo-da-clepa\/#article","isPartOf":{"@id":"https:\/\/jornaldasoficinas.com\/pt\/afia-apoia-apelo-da-clepa\/"},"author":{"name":"Reda\u00e7\u00e3o JO","@id":"https:\/\/jornaldasoficinas.com\/pt\/#\/schema\/person\/a38eef5de2c41d9e7c9ac10141afddf3"},"headline":"AFIA apoia apelo da CLEPA","datePublished":"2026-02-26T14:00:08+00:00","mainEntityOfPage":{"@id":"https:\/\/jornaldasoficinas.com\/pt\/afia-apoia-apelo-da-clepa\/"},"wordCount":523,"publisher":{"@id":"https:\/\/jornaldasoficinas.com\/pt\/#organization"},"image":{"@id":"https:\/\/jornaldasoficinas.com\/pt\/afia-apoia-apelo-da-clepa\/#primaryimage"},"thumbnailUrl":"https:\/\/jornaldasoficinas.com\/pt\/wp-content\/uploads\/2026\/02\/AFIA-apoia-apelo-da-CLEPA.jpg","keywords":["AFIA","capacidade de inova\u00e7\u00e3o","CLEPA","Comiss\u00e3o Europeia","concorr\u00eancia justa","Ind\u00fastria autom\u00f3vel","medidas"],"articleSection":["Mercado"],"inLanguage":"pt-PT"},{"@type":"WebPage","@id":"https:\/\/jornaldasoficinas.com\/pt\/afia-apoia-apelo-da-clepa\/","url":"https:\/\/jornaldasoficinas.com\/pt\/afia-apoia-apelo-da-clepa\/","name":"AFIA apoia apelo da CLEPA - Jornal das Oficinas","isPartOf":{"@id":"https:\/\/jornaldasoficinas.com\/pt\/#website"},"primaryImageOfPage":{"@id":"https:\/\/jornaldasoficinas.com\/pt\/afia-apoia-apelo-da-clepa\/#primaryimage"},"image":{"@id":"https:\/\/jornaldasoficinas.com\/pt\/afia-apoia-apelo-da-clepa\/#primaryimage"},"thumbnailUrl":"https:\/\/jornaldasoficinas.com\/pt\/wp-content\/uploads\/2026\/02\/AFIA-apoia-apelo-da-CLEPA.jpg","datePublished":"2026-02-26T14:00:08+00:00","description":"A AFIA associou-se \u00e0 carta aberta da CLEPA dirigida \u00e0 Comiss\u00e3o Europeia, defendendo medidas urgentes para assegurar concorr\u00eancia justa","breadcrumb":{"@id":"https:\/\/jornaldasoficinas.com\/pt\/afia-apoia-apelo-da-clepa\/#breadcrumb"},"inLanguage":"pt-PT","potentialAction":[{"@type":"ReadAction","target":["https:\/\/jornaldasoficinas.com\/pt\/afia-apoia-apelo-da-clepa\/"]}]},{"@type":"ImageObject","inLanguage":"pt-PT","@id":"https:\/\/jornaldasoficinas.com\/pt\/afia-apoia-apelo-da-clepa\/#primaryimage","url":"https:\/\/jornaldasoficinas.com\/pt\/wp-content\/uploads\/2026\/02\/AFIA-apoia-apelo-da-CLEPA.jpg","contentUrl":"https:\/\/jornaldasoficinas.com\/pt\/wp-content\/uploads\/2026\/02\/AFIA-apoia-apelo-da-CLEPA.jpg","width":1024,"height":581,"caption":"Car bodies are on assembly line. Factory for production of cars. Modern automotive industry. A car being checked before being painted in a high-tech enterprise."},{"@type":"BreadcrumbList","@id":"https:\/\/jornaldasoficinas.com\/pt\/afia-apoia-apelo-da-clepa\/#breadcrumb","itemListElement":[{"@type":"ListItem","position":1,"name":"In\u00edcio","item":"https:\/\/jornaldasoficinas.com\/pt\/"},{"@type":"ListItem","position":2,"name":"AFIA apoia apelo da CLEPA"}]},{"@type":"WebSite","@id":"https:\/\/jornaldasoficinas.com\/pt\/#website","url":"https:\/\/jornaldasoficinas.com\/pt\/","name":"Jornal das Oficinas","description":"Jornal independente do Aftermarket Autom\u00f3vel em Portugal","publisher":{"@id":"https:\/\/jornaldasoficinas.com\/pt\/#organization"},"potentialAction":[{"@type":"SearchAction","target":{"@type":"EntryPoint","urlTemplate":"https:\/\/jornaldasoficinas.com\/pt\/?s={search_term_string}"},"query-input":{"@type":"PropertyValueSpecification","valueRequired":true,"valueName":"search_term_string"}}],"inLanguage":"pt-PT"},{"@type":"Organization","@id":"https:\/\/jornaldasoficinas.com\/pt\/#organization","name":"Jornal das Oficinas","url":"https:\/\/jornaldasoficinas.com\/pt\/","logo":{"@type":"ImageObject","inLanguage":"pt-PT","@id":"https:\/\/jornaldasoficinas.com\/pt\/#\/schema\/logo\/image\/","url":"https:\/\/jornaldasoficinas.com\/pt\/wp-content\/uploads\/logoJO-SEO.png","contentUrl":"https:\/\/jornaldasoficinas.com\/pt\/wp-content\/uploads\/logoJO-SEO.png","width":285,"height":450,"caption":"Jornal das Oficinas"},"image":{"@id":"https:\/\/jornaldasoficinas.com\/pt\/#\/schema\/logo\/image\/"},"sameAs":["https:\/\/www.facebook.com\/jornaloficinas","https:\/\/x.com\/jornaloficinas","https:\/\/www.instagram.com\/jornal_oficinas\/","https:\/\/www.linkedin.com\/company\/jornal-das-oficinas\/","https:\/\/www.youtube.com\/channel\/UCbQZBqtcvV-oSQrr7RzINGg"]},{"@type":"Person","@id":"https:\/\/jornaldasoficinas.com\/pt\/#\/schema\/person\/a38eef5de2c41d9e7c9ac10141afddf3","name":"Reda\u00e7\u00e3o JO","image":{"@type":"ImageObject","inLanguage":"pt-PT","@id":"https:\/\/secure.gravatar.com\/avatar\/71f2fa71737ad68a84fea94bc708ddac8ea5b0c4788dc2ad202f3ccb2887742f?s=96&d=wp_user_avatar&r=g","url":"https:\/\/secure.gravatar.com\/avatar\/71f2fa71737ad68a84fea94bc708ddac8ea5b0c4788dc2ad202f3ccb2887742f?s=96&d=wp_user_avatar&r=g","contentUrl":"https:\/\/secure.gravatar.com\/avatar\/71f2fa71737ad68a84fea94bc708ddac8ea5b0c4788dc2ad202f3ccb2887742f?s=96&d=wp_user_avatar&r=g","caption":"Reda\u00e7\u00e3o JO"},"url":"https:\/\/jornaldasoficinas.com\/pt\/author\/joredacao\/"}]}},"_links":{"self":[{"href":"https:\/\/jornaldasoficinas.com\/pt\/wp-json\/wp\/v2\/posts\/113483","targetHints":{"allow":["GET"]}}],"collection":[{"href":"https:\/\/jornaldasoficinas.com\/pt\/wp-json\/wp\/v2\/posts"}],"about":[{"href":"https:\/\/jornaldasoficinas.com\/pt\/wp-json\/wp\/v2\/types\/post"}],"author":[{"embeddable":true,"href":"https:\/\/jornaldasoficinas.com\/pt\/wp-json\/wp\/v2\/users\/15"}],"replies":[{"embeddable":true,"href":"https:\/\/jornaldasoficinas.com\/pt\/wp-json\/wp\/v2\/comments?post=113483"}],"version-history":[{"count":5,"href":"https:\/\/jornaldasoficinas.com\/pt\/wp-json\/wp\/v2\/posts\/113483\/revisions"}],"predecessor-version":[{"id":113522,"href":"https:\/\/jornaldasoficinas.com\/pt\/wp-json\/wp\/v2\/posts\/113483\/revisions\/113522"}],"wp:featuredmedia":[{"embeddable":true,"href":"https:\/\/jornaldasoficinas.com\/pt\/wp-json\/wp\/v2\/media\/113519"}],"wp:attachment":[{"href":"https:\/\/jornaldasoficinas.com\/pt\/wp-json\/wp\/v2\/media?parent=113483"}],"wp:term":[{"taxonomy":"category","embeddable":true,"href":"https:\/\/jornaldasoficinas.com\/pt\/wp-json\/wp\/v2\/categories?post=113483"},{"taxonomy":"post_tag","embeddable":true,"href":"https:\/\/jornaldasoficinas.com\/pt\/wp-json\/wp\/v2\/tags?post=113483"}],"curies":[{"name":"wp","href":"https:\/\/api.w.org\/{rel}","templated":true}]}}