{"id":113488,"date":"2026-02-27T08:00:04","date_gmt":"2026-02-27T08:00:04","guid":{"rendered":"https:\/\/jornaldasoficinas.com\/pt\/?p=113488"},"modified":"2026-02-25T19:08:59","modified_gmt":"2026-02-25T19:08:59","slug":"b-parts-atinge-15-milhoes-de-pecas-em-stock","status":"publish","type":"post","link":"https:\/\/jornaldasoficinas.com\/pt\/b-parts-atinge-15-milhoes-de-pecas-em-stock\/","title":{"rendered":"B-Parts atinge 15 milh\u00f5es de pe\u00e7as em stock"},"content":{"rendered":"<p><strong><img loading=\"lazy\" decoding=\"async\" class=\"alignnone size-full wp-image-113516\" src=\"https:\/\/jornaldasoficinas.com\/pt\/wp-content\/uploads\/2026\/02\/B-Parts-atinge-15-milhoes-de-pecas-em-stock.jpg\" alt=\"02 - B Parts atinge 15 milhoes de pecas em stock\" width=\"1024\" height=\"581\" srcset=\"https:\/\/jornaldasoficinas.com\/pt\/wp-content\/uploads\/2026\/02\/B-Parts-atinge-15-milhoes-de-pecas-em-stock.jpg 1024w, https:\/\/jornaldasoficinas.com\/pt\/wp-content\/uploads\/2026\/02\/B-Parts-atinge-15-milhoes-de-pecas-em-stock-300x170.jpg 300w, https:\/\/jornaldasoficinas.com\/pt\/wp-content\/uploads\/2026\/02\/B-Parts-atinge-15-milhoes-de-pecas-em-stock-150x85.jpg 150w, https:\/\/jornaldasoficinas.com\/pt\/wp-content\/uploads\/2026\/02\/B-Parts-atinge-15-milhoes-de-pecas-em-stock-768x436.jpg 768w\" sizes=\"auto, (max-width: 1024px) 100vw, 1024px\" \/><\/strong><\/p>\n<p><strong>A <a href=\"https:\/\/www.b-parts.com\/\" target=\"_blank\" rel=\"noopener\">B-Parts<\/a> superou a marca das 15 milh\u00f5es de pe\u00e7as autom\u00f3vel usadas, originais e certificadas em stock, refor\u00e7ando a sua posi\u00e7\u00e3o como uma das principais plataformas europeias de com\u00e9rcio eletr\u00f3nico no mercado p\u00f3s-venda<\/strong><\/p>\n<p>O crescimento resulta de um desempenho positivo em v\u00e1rios indicadores, impulsionado pela maior procura por solu\u00e7\u00f5es sustent\u00e1veis, pela expans\u00e3o da base de clientes profissionais e pelo refor\u00e7o da presen\u00e7a internacional, com destaque para o Reino Unido. Desde o ano passado, em parceria com a <a href=\"https:\/\/www.stellantis.com\/\" target=\"_blank\" rel=\"noopener\">Stellantis<\/a>, a empresa passou a disponibilizar pe\u00e7as usadas \u00e0 rede de repara\u00e7\u00e3o daquele mercado. O n\u00famero de fornecedores ultrapassa atualmente os 200.<\/p>\n<p>Para Manuel Ara\u00fajo Monteiro, fundador e administrador da B-Parts, &#8220;trata-se de um desenvolvimento muito positivo, mas tamb\u00e9m expect\u00e1vel, uma vez que a B-Parts registou um forte crescimento em 2025, muito acima do inicialmente previsto, e para o qual contribuiu significativamente a entrada no Reino Unido, um mercado em que os profissionais de repara\u00e7\u00e3o autom\u00f3vel integrados na rede Stellantis come\u00e7aram a ter acesso \u00e0 nossa oferta de pe\u00e7as em segunda m\u00e3o.&#8221;<\/p>\n<p>Por seu turno, Lu\u00eds Vieira, tamb\u00e9m fundador e administrador da empresa, destacou ainda o facto de o neg\u00f3cio da B-Parts ter atingido um elevado n\u00edvel de maturidade &#8220;atrav\u00e9s de um investimento cont\u00ednuo em tecnologia, da forma\u00e7\u00e3o dos nossos colaboradores e da melhoria dos processos log\u00edsticos que, em conjunto com a expans\u00e3o internacional, permitiram refor\u00e7ar o posicionamento da empresa enquanto parceira estrat\u00e9gica no mercado p\u00f3s-venda autom\u00f3vel, em especial na Europa.&#8221;<\/p>\n<p>Do total de stock, em que cerca de 80% \u00e9 destinada ao mercado europeu e os restantes 20% aos EUA, incluem-se 340 tipologias de pe\u00e7as, compat\u00edveis com mais de 60 marcas de autom\u00f3veis. Al\u00e9m disso, neste stock global tamb\u00e9m constam pe\u00e7as espec\u00edficas para ve\u00edculos el\u00e9tricos e h\u00edbridos (EVs e HEVs), que t\u00eam vindo gradualmente a integrar o cat\u00e1logo de pe\u00e7as das B-Parts, no seguimento do refor\u00e7o da aposta que a empresa tem feito no segmento el\u00e9trico face \u00e0 procura crescente que vai registando por este tipo de produtos no canal do p\u00f3s-venda autom\u00f3vel.<\/p>\n<p>Com a sustentabilidade cada vez mais no centro das decis\u00f5es de compra, as pe\u00e7as usadas, originais e certificadas da B-Parts apresentam-se como uma solu\u00e7\u00e3o alternativa econ\u00f3mica, segura e de qualidade, e representam uma poupan\u00e7a, em m\u00e9dia, de cerca de 50%, em rela\u00e7\u00e3o \u00e0s pe\u00e7as novas \u2013 um aspeto atualmente tamb\u00e9m muito valorizado pelos consumidores, tendo em conta o recente aumento dos custos de manuten\u00e7\u00e3o dos ve\u00edculos.<\/p>\n<p>Provenientes de dez pa\u00edses europeus e dos EUA, as pe\u00e7as autom\u00f3veis comercializadas pela B-Parts chegam, em m\u00e9dia, em quatro dias e de acordo com os mais elevados padr\u00f5es de qualidade de servi\u00e7o, a oficinas e clientes finais de todo o mundo que precisam delas para a repara\u00e7\u00e3o dos seus ve\u00edculos. De futuro, os planos da empresa passam por fortalecer a rede de fornecedores j\u00e1 existente e alarg\u00e1-la a novas geografias europeias nos pr\u00f3ximos 12 meses.<\/p>\n<p>Com base no Trustpilot, plataforma digital independente, os consumidores avaliaram o n\u00edvel servi\u00e7o da B-Parts em 4,7 (excelente), numa escala de 1 a 5, um sinal de que a oferta da empresa \u00e9 valorizada e reconhecida como cred\u00edvel, em especial pelas redes de repara\u00e7\u00e3o.<\/p>\n","protected":false},"excerpt":{"rendered":"<p>A B-Parts superou a marca das&#8230;<\/p>\n","protected":false},"author":15,"featured_media":113516,"comment_status":"closed","ping_status":"closed","sticky":false,"template":"","format":"standard","meta":{"footnotes":""},"categories":[29],"tags":[14623,2750,2992,2781,13072],"class_list":["post-113488","post","type-post","status-publish","format-standard","has-post-thumbnail","hentry","category-empresas","tag-15-milhoes-de-pecas","tag-b-parts","tag-comercio-eletronico","tag-crescimento","tag-desempenho-positivo"],"yoast_head":"<!-- This site is optimized with the Yoast SEO plugin v27.5 - https:\/\/yoast.com\/product\/yoast-seo-wordpress\/ -->\n<title>B-Parts atinge 15 milh\u00f5es de pe\u00e7as em stock - Jornal das Oficinas<\/title>\n<meta name=\"description\" content=\"A B-Parts conseguiu superar a marca das 15 milh\u00f5es de pe\u00e7as autom\u00f3vel usadas, originais e certificadas em stock\" \/>\n<meta name=\"robots\" content=\"index, follow, max-snippet:-1, max-image-preview:large, max-video-preview:-1\" \/>\n<link rel=\"canonical\" href=\"https:\/\/jornaldasoficinas.com\/pt\/b-parts-atinge-15-milhoes-de-pecas-em-stock\/\" \/>\n<meta property=\"og:locale\" content=\"pt_PT\" \/>\n<meta property=\"og:type\" content=\"article\" \/>\n<meta property=\"og:title\" content=\"B-Parts atinge 15 milh\u00f5es de pe\u00e7as em stock - Jornal das Oficinas\" \/>\n<meta property=\"og:description\" content=\"A B-Parts conseguiu superar a marca das 15 milh\u00f5es de pe\u00e7as autom\u00f3vel usadas, originais e certificadas em stock\" \/>\n<meta property=\"og:url\" content=\"https:\/\/jornaldasoficinas.com\/pt\/b-parts-atinge-15-milhoes-de-pecas-em-stock\/\" \/>\n<meta property=\"og:site_name\" content=\"Jornal das Oficinas\" \/>\n<meta property=\"article:publisher\" content=\"https:\/\/www.facebook.com\/jornaloficinas\" \/>\n<meta property=\"article:published_time\" content=\"2026-02-27T08:00:04+00:00\" \/>\n<meta property=\"og:image\" content=\"https:\/\/jornaldasoficinas.com\/pt\/wp-content\/uploads\/2026\/02\/B-Parts-atinge-15-milhoes-de-pecas-em-stock.jpg\" \/>\n\t<meta property=\"og:image:width\" content=\"1024\" \/>\n\t<meta property=\"og:image:height\" content=\"581\" \/>\n\t<meta property=\"og:image:type\" content=\"image\/jpeg\" \/>\n<meta name=\"author\" content=\"Reda\u00e7\u00e3o JO\" \/>\n<meta name=\"twitter:card\" content=\"summary_large_image\" \/>\n<meta name=\"twitter:creator\" content=\"@jornaloficinas\" \/>\n<meta name=\"twitter:site\" content=\"@jornaloficinas\" \/>\n<meta name=\"twitter:label1\" content=\"Escrito por\" \/>\n\t<meta name=\"twitter:data1\" content=\"Reda\u00e7\u00e3o JO\" \/>\n\t<meta name=\"twitter:label2\" content=\"Tempo estimado de leitura\" \/>\n\t<meta name=\"twitter:data2\" content=\"3 minutos\" \/>\n<script type=\"application\/ld+json\" class=\"yoast-schema-graph\">{\"@context\":\"https:\\\/\\\/schema.org\",\"@graph\":[{\"@type\":\"Article\",\"@id\":\"https:\\\/\\\/jornaldasoficinas.com\\\/pt\\\/b-parts-atinge-15-milhoes-de-pecas-em-stock\\\/#article\",\"isPartOf\":{\"@id\":\"https:\\\/\\\/jornaldasoficinas.com\\\/pt\\\/b-parts-atinge-15-milhoes-de-pecas-em-stock\\\/\"},\"author\":{\"name\":\"Reda\u00e7\u00e3o JO\",\"@id\":\"https:\\\/\\\/jornaldasoficinas.com\\\/pt\\\/#\\\/schema\\\/person\\\/a38eef5de2c41d9e7c9ac10141afddf3\"},\"headline\":\"B-Parts atinge 15 milh\u00f5es de pe\u00e7as em stock\",\"datePublished\":\"2026-02-27T08:00:04+00:00\",\"mainEntityOfPage\":{\"@id\":\"https:\\\/\\\/jornaldasoficinas.com\\\/pt\\\/b-parts-atinge-15-milhoes-de-pecas-em-stock\\\/\"},\"wordCount\":587,\"publisher\":{\"@id\":\"https:\\\/\\\/jornaldasoficinas.com\\\/pt\\\/#organization\"},\"image\":{\"@id\":\"https:\\\/\\\/jornaldasoficinas.com\\\/pt\\\/b-parts-atinge-15-milhoes-de-pecas-em-stock\\\/#primaryimage\"},\"thumbnailUrl\":\"https:\\\/\\\/jornaldasoficinas.com\\\/pt\\\/wp-content\\\/uploads\\\/2026\\\/02\\\/B-Parts-atinge-15-milhoes-de-pecas-em-stock.jpg\",\"keywords\":[\"15 milh\u00f5es de pe\u00e7as\",\"B-Parts\",\"Com\u00e9rcio Eletr\u00f3nico\",\"Crescimento\",\"desempenho positivo\"],\"articleSection\":[\"Empresas\"],\"inLanguage\":\"pt-PT\"},{\"@type\":\"WebPage\",\"@id\":\"https:\\\/\\\/jornaldasoficinas.com\\\/pt\\\/b-parts-atinge-15-milhoes-de-pecas-em-stock\\\/\",\"url\":\"https:\\\/\\\/jornaldasoficinas.com\\\/pt\\\/b-parts-atinge-15-milhoes-de-pecas-em-stock\\\/\",\"name\":\"B-Parts atinge 15 milh\u00f5es de pe\u00e7as em stock - Jornal das Oficinas\",\"isPartOf\":{\"@id\":\"https:\\\/\\\/jornaldasoficinas.com\\\/pt\\\/#website\"},\"primaryImageOfPage\":{\"@id\":\"https:\\\/\\\/jornaldasoficinas.com\\\/pt\\\/b-parts-atinge-15-milhoes-de-pecas-em-stock\\\/#primaryimage\"},\"image\":{\"@id\":\"https:\\\/\\\/jornaldasoficinas.com\\\/pt\\\/b-parts-atinge-15-milhoes-de-pecas-em-stock\\\/#primaryimage\"},\"thumbnailUrl\":\"https:\\\/\\\/jornaldasoficinas.com\\\/pt\\\/wp-content\\\/uploads\\\/2026\\\/02\\\/B-Parts-atinge-15-milhoes-de-pecas-em-stock.jpg\",\"datePublished\":\"2026-02-27T08:00:04+00:00\",\"description\":\"A B-Parts conseguiu superar a marca das 15 milh\u00f5es de pe\u00e7as autom\u00f3vel usadas, originais e certificadas em stock\",\"breadcrumb\":{\"@id\":\"https:\\\/\\\/jornaldasoficinas.com\\\/pt\\\/b-parts-atinge-15-milhoes-de-pecas-em-stock\\\/#breadcrumb\"},\"inLanguage\":\"pt-PT\",\"potentialAction\":[{\"@type\":\"ReadAction\",\"target\":[\"https:\\\/\\\/jornaldasoficinas.com\\\/pt\\\/b-parts-atinge-15-milhoes-de-pecas-em-stock\\\/\"]}]},{\"@type\":\"ImageObject\",\"inLanguage\":\"pt-PT\",\"@id\":\"https:\\\/\\\/jornaldasoficinas.com\\\/pt\\\/b-parts-atinge-15-milhoes-de-pecas-em-stock\\\/#primaryimage\",\"url\":\"https:\\\/\\\/jornaldasoficinas.com\\\/pt\\\/wp-content\\\/uploads\\\/2026\\\/02\\\/B-Parts-atinge-15-milhoes-de-pecas-em-stock.jpg\",\"contentUrl\":\"https:\\\/\\\/jornaldasoficinas.com\\\/pt\\\/wp-content\\\/uploads\\\/2026\\\/02\\\/B-Parts-atinge-15-milhoes-de-pecas-em-stock.jpg\",\"width\":1024,\"height\":581,\"caption\":\"02 - B Parts atinge 15 milhoes de pecas em stock\"},{\"@type\":\"BreadcrumbList\",\"@id\":\"https:\\\/\\\/jornaldasoficinas.com\\\/pt\\\/b-parts-atinge-15-milhoes-de-pecas-em-stock\\\/#breadcrumb\",\"itemListElement\":[{\"@type\":\"ListItem\",\"position\":1,\"name\":\"In\u00edcio\",\"item\":\"https:\\\/\\\/jornaldasoficinas.com\\\/pt\\\/\"},{\"@type\":\"ListItem\",\"position\":2,\"name\":\"B-Parts atinge 15 milh\u00f5es de pe\u00e7as em stock\"}]},{\"@type\":\"WebSite\",\"@id\":\"https:\\\/\\\/jornaldasoficinas.com\\\/pt\\\/#website\",\"url\":\"https:\\\/\\\/jornaldasoficinas.com\\\/pt\\\/\",\"name\":\"Jornal das Oficinas\",\"description\":\"Jornal independente do Aftermarket Autom\u00f3vel em Portugal\",\"publisher\":{\"@id\":\"https:\\\/\\\/jornaldasoficinas.com\\\/pt\\\/#organization\"},\"potentialAction\":[{\"@type\":\"SearchAction\",\"target\":{\"@type\":\"EntryPoint\",\"urlTemplate\":\"https:\\\/\\\/jornaldasoficinas.com\\\/pt\\\/?s={search_term_string}\"},\"query-input\":{\"@type\":\"PropertyValueSpecification\",\"valueRequired\":true,\"valueName\":\"search_term_string\"}}],\"inLanguage\":\"pt-PT\"},{\"@type\":\"Organization\",\"@id\":\"https:\\\/\\\/jornaldasoficinas.com\\\/pt\\\/#organization\",\"name\":\"Jornal das Oficinas\",\"url\":\"https:\\\/\\\/jornaldasoficinas.com\\\/pt\\\/\",\"logo\":{\"@type\":\"ImageObject\",\"inLanguage\":\"pt-PT\",\"@id\":\"https:\\\/\\\/jornaldasoficinas.com\\\/pt\\\/#\\\/schema\\\/logo\\\/image\\\/\",\"url\":\"https:\\\/\\\/jornaldasoficinas.com\\\/pt\\\/wp-content\\\/uploads\\\/logoJO-SEO.png\",\"contentUrl\":\"https:\\\/\\\/jornaldasoficinas.com\\\/pt\\\/wp-content\\\/uploads\\\/logoJO-SEO.png\",\"width\":285,\"height\":450,\"caption\":\"Jornal das Oficinas\"},\"image\":{\"@id\":\"https:\\\/\\\/jornaldasoficinas.com\\\/pt\\\/#\\\/schema\\\/logo\\\/image\\\/\"},\"sameAs\":[\"https:\\\/\\\/www.facebook.com\\\/jornaloficinas\",\"https:\\\/\\\/x.com\\\/jornaloficinas\",\"https:\\\/\\\/www.instagram.com\\\/jornal_oficinas\\\/\",\"https:\\\/\\\/www.linkedin.com\\\/company\\\/jornal-das-oficinas\\\/\",\"https:\\\/\\\/www.youtube.com\\\/channel\\\/UCbQZBqtcvV-oSQrr7RzINGg\"]},{\"@type\":\"Person\",\"@id\":\"https:\\\/\\\/jornaldasoficinas.com\\\/pt\\\/#\\\/schema\\\/person\\\/a38eef5de2c41d9e7c9ac10141afddf3\",\"name\":\"Reda\u00e7\u00e3o JO\",\"image\":{\"@type\":\"ImageObject\",\"inLanguage\":\"pt-PT\",\"@id\":\"https:\\\/\\\/secure.gravatar.com\\\/avatar\\\/71f2fa71737ad68a84fea94bc708ddac8ea5b0c4788dc2ad202f3ccb2887742f?s=96&d=wp_user_avatar&r=g\",\"url\":\"https:\\\/\\\/secure.gravatar.com\\\/avatar\\\/71f2fa71737ad68a84fea94bc708ddac8ea5b0c4788dc2ad202f3ccb2887742f?s=96&d=wp_user_avatar&r=g\",\"contentUrl\":\"https:\\\/\\\/secure.gravatar.com\\\/avatar\\\/71f2fa71737ad68a84fea94bc708ddac8ea5b0c4788dc2ad202f3ccb2887742f?s=96&d=wp_user_avatar&r=g\",\"caption\":\"Reda\u00e7\u00e3o JO\"},\"url\":\"https:\\\/\\\/jornaldasoficinas.com\\\/pt\\\/author\\\/joredacao\\\/\"}]}<\/script>\n<!-- \/ Yoast SEO plugin. -->","yoast_head_json":{"title":"B-Parts atinge 15 milh\u00f5es de pe\u00e7as em stock - Jornal das Oficinas","description":"A B-Parts conseguiu superar a marca das 15 milh\u00f5es de pe\u00e7as autom\u00f3vel usadas, originais e certificadas em stock","robots":{"index":"index","follow":"follow","max-snippet":"max-snippet:-1","max-image-preview":"max-image-preview:large","max-video-preview":"max-video-preview:-1"},"canonical":"https:\/\/jornaldasoficinas.com\/pt\/b-parts-atinge-15-milhoes-de-pecas-em-stock\/","og_locale":"pt_PT","og_type":"article","og_title":"B-Parts atinge 15 milh\u00f5es de pe\u00e7as em stock - Jornal das Oficinas","og_description":"A B-Parts conseguiu superar a marca das 15 milh\u00f5es de pe\u00e7as autom\u00f3vel usadas, originais e certificadas em stock","og_url":"https:\/\/jornaldasoficinas.com\/pt\/b-parts-atinge-15-milhoes-de-pecas-em-stock\/","og_site_name":"Jornal das Oficinas","article_publisher":"https:\/\/www.facebook.com\/jornaloficinas","article_published_time":"2026-02-27T08:00:04+00:00","og_image":[{"width":1024,"height":581,"url":"https:\/\/jornaldasoficinas.com\/pt\/wp-content\/uploads\/2026\/02\/B-Parts-atinge-15-milhoes-de-pecas-em-stock.jpg","type":"image\/jpeg"}],"author":"Reda\u00e7\u00e3o JO","twitter_card":"summary_large_image","twitter_creator":"@jornaloficinas","twitter_site":"@jornaloficinas","twitter_misc":{"Escrito por":"Reda\u00e7\u00e3o JO","Tempo estimado de leitura":"3 minutos"},"schema":{"@context":"https:\/\/schema.org","@graph":[{"@type":"Article","@id":"https:\/\/jornaldasoficinas.com\/pt\/b-parts-atinge-15-milhoes-de-pecas-em-stock\/#article","isPartOf":{"@id":"https:\/\/jornaldasoficinas.com\/pt\/b-parts-atinge-15-milhoes-de-pecas-em-stock\/"},"author":{"name":"Reda\u00e7\u00e3o JO","@id":"https:\/\/jornaldasoficinas.com\/pt\/#\/schema\/person\/a38eef5de2c41d9e7c9ac10141afddf3"},"headline":"B-Parts atinge 15 milh\u00f5es de pe\u00e7as em stock","datePublished":"2026-02-27T08:00:04+00:00","mainEntityOfPage":{"@id":"https:\/\/jornaldasoficinas.com\/pt\/b-parts-atinge-15-milhoes-de-pecas-em-stock\/"},"wordCount":587,"publisher":{"@id":"https:\/\/jornaldasoficinas.com\/pt\/#organization"},"image":{"@id":"https:\/\/jornaldasoficinas.com\/pt\/b-parts-atinge-15-milhoes-de-pecas-em-stock\/#primaryimage"},"thumbnailUrl":"https:\/\/jornaldasoficinas.com\/pt\/wp-content\/uploads\/2026\/02\/B-Parts-atinge-15-milhoes-de-pecas-em-stock.jpg","keywords":["15 milh\u00f5es de pe\u00e7as","B-Parts","Com\u00e9rcio Eletr\u00f3nico","Crescimento","desempenho positivo"],"articleSection":["Empresas"],"inLanguage":"pt-PT"},{"@type":"WebPage","@id":"https:\/\/jornaldasoficinas.com\/pt\/b-parts-atinge-15-milhoes-de-pecas-em-stock\/","url":"https:\/\/jornaldasoficinas.com\/pt\/b-parts-atinge-15-milhoes-de-pecas-em-stock\/","name":"B-Parts atinge 15 milh\u00f5es de pe\u00e7as em stock - Jornal das Oficinas","isPartOf":{"@id":"https:\/\/jornaldasoficinas.com\/pt\/#website"},"primaryImageOfPage":{"@id":"https:\/\/jornaldasoficinas.com\/pt\/b-parts-atinge-15-milhoes-de-pecas-em-stock\/#primaryimage"},"image":{"@id":"https:\/\/jornaldasoficinas.com\/pt\/b-parts-atinge-15-milhoes-de-pecas-em-stock\/#primaryimage"},"thumbnailUrl":"https:\/\/jornaldasoficinas.com\/pt\/wp-content\/uploads\/2026\/02\/B-Parts-atinge-15-milhoes-de-pecas-em-stock.jpg","datePublished":"2026-02-27T08:00:04+00:00","description":"A B-Parts conseguiu superar a marca das 15 milh\u00f5es de pe\u00e7as autom\u00f3vel usadas, originais e certificadas em stock","breadcrumb":{"@id":"https:\/\/jornaldasoficinas.com\/pt\/b-parts-atinge-15-milhoes-de-pecas-em-stock\/#breadcrumb"},"inLanguage":"pt-PT","potentialAction":[{"@type":"ReadAction","target":["https:\/\/jornaldasoficinas.com\/pt\/b-parts-atinge-15-milhoes-de-pecas-em-stock\/"]}]},{"@type":"ImageObject","inLanguage":"pt-PT","@id":"https:\/\/jornaldasoficinas.com\/pt\/b-parts-atinge-15-milhoes-de-pecas-em-stock\/#primaryimage","url":"https:\/\/jornaldasoficinas.com\/pt\/wp-content\/uploads\/2026\/02\/B-Parts-atinge-15-milhoes-de-pecas-em-stock.jpg","contentUrl":"https:\/\/jornaldasoficinas.com\/pt\/wp-content\/uploads\/2026\/02\/B-Parts-atinge-15-milhoes-de-pecas-em-stock.jpg","width":1024,"height":581,"caption":"02 - B Parts atinge 15 milhoes de pecas em stock"},{"@type":"BreadcrumbList","@id":"https:\/\/jornaldasoficinas.com\/pt\/b-parts-atinge-15-milhoes-de-pecas-em-stock\/#breadcrumb","itemListElement":[{"@type":"ListItem","position":1,"name":"In\u00edcio","item":"https:\/\/jornaldasoficinas.com\/pt\/"},{"@type":"ListItem","position":2,"name":"B-Parts atinge 15 milh\u00f5es de pe\u00e7as em stock"}]},{"@type":"WebSite","@id":"https:\/\/jornaldasoficinas.com\/pt\/#website","url":"https:\/\/jornaldasoficinas.com\/pt\/","name":"Jornal das Oficinas","description":"Jornal independente do Aftermarket Autom\u00f3vel em Portugal","publisher":{"@id":"https:\/\/jornaldasoficinas.com\/pt\/#organization"},"potentialAction":[{"@type":"SearchAction","target":{"@type":"EntryPoint","urlTemplate":"https:\/\/jornaldasoficinas.com\/pt\/?s={search_term_string}"},"query-input":{"@type":"PropertyValueSpecification","valueRequired":true,"valueName":"search_term_string"}}],"inLanguage":"pt-PT"},{"@type":"Organization","@id":"https:\/\/jornaldasoficinas.com\/pt\/#organization","name":"Jornal das Oficinas","url":"https:\/\/jornaldasoficinas.com\/pt\/","logo":{"@type":"ImageObject","inLanguage":"pt-PT","@id":"https:\/\/jornaldasoficinas.com\/pt\/#\/schema\/logo\/image\/","url":"https:\/\/jornaldasoficinas.com\/pt\/wp-content\/uploads\/logoJO-SEO.png","contentUrl":"https:\/\/jornaldasoficinas.com\/pt\/wp-content\/uploads\/logoJO-SEO.png","width":285,"height":450,"caption":"Jornal das Oficinas"},"image":{"@id":"https:\/\/jornaldasoficinas.com\/pt\/#\/schema\/logo\/image\/"},"sameAs":["https:\/\/www.facebook.com\/jornaloficinas","https:\/\/x.com\/jornaloficinas","https:\/\/www.instagram.com\/jornal_oficinas\/","https:\/\/www.linkedin.com\/company\/jornal-das-oficinas\/","https:\/\/www.youtube.com\/channel\/UCbQZBqtcvV-oSQrr7RzINGg"]},{"@type":"Person","@id":"https:\/\/jornaldasoficinas.com\/pt\/#\/schema\/person\/a38eef5de2c41d9e7c9ac10141afddf3","name":"Reda\u00e7\u00e3o JO","image":{"@type":"ImageObject","inLanguage":"pt-PT","@id":"https:\/\/secure.gravatar.com\/avatar\/71f2fa71737ad68a84fea94bc708ddac8ea5b0c4788dc2ad202f3ccb2887742f?s=96&d=wp_user_avatar&r=g","url":"https:\/\/secure.gravatar.com\/avatar\/71f2fa71737ad68a84fea94bc708ddac8ea5b0c4788dc2ad202f3ccb2887742f?s=96&d=wp_user_avatar&r=g","contentUrl":"https:\/\/secure.gravatar.com\/avatar\/71f2fa71737ad68a84fea94bc708ddac8ea5b0c4788dc2ad202f3ccb2887742f?s=96&d=wp_user_avatar&r=g","caption":"Reda\u00e7\u00e3o JO"},"url":"https:\/\/jornaldasoficinas.com\/pt\/author\/joredacao\/"}]}},"_links":{"self":[{"href":"https:\/\/jornaldasoficinas.com\/pt\/wp-json\/wp\/v2\/posts\/113488","targetHints":{"allow":["GET"]}}],"collection":[{"href":"https:\/\/jornaldasoficinas.com\/pt\/wp-json\/wp\/v2\/posts"}],"about":[{"href":"https:\/\/jornaldasoficinas.com\/pt\/wp-json\/wp\/v2\/types\/post"}],"author":[{"embeddable":true,"href":"https:\/\/jornaldasoficinas.com\/pt\/wp-json\/wp\/v2\/users\/15"}],"replies":[{"embeddable":true,"href":"https:\/\/jornaldasoficinas.com\/pt\/wp-json\/wp\/v2\/comments?post=113488"}],"version-history":[{"count":5,"href":"https:\/\/jornaldasoficinas.com\/pt\/wp-json\/wp\/v2\/posts\/113488\/revisions"}],"predecessor-version":[{"id":113524,"href":"https:\/\/jornaldasoficinas.com\/pt\/wp-json\/wp\/v2\/posts\/113488\/revisions\/113524"}],"wp:featuredmedia":[{"embeddable":true,"href":"https:\/\/jornaldasoficinas.com\/pt\/wp-json\/wp\/v2\/media\/113516"}],"wp:attachment":[{"href":"https:\/\/jornaldasoficinas.com\/pt\/wp-json\/wp\/v2\/media?parent=113488"}],"wp:term":[{"taxonomy":"category","embeddable":true,"href":"https:\/\/jornaldasoficinas.com\/pt\/wp-json\/wp\/v2\/categories?post=113488"},{"taxonomy":"post_tag","embeddable":true,"href":"https:\/\/jornaldasoficinas.com\/pt\/wp-json\/wp\/v2\/tags?post=113488"}],"curies":[{"name":"wp","href":"https:\/\/api.w.org\/{rel}","templated":true}]}}