{"id":113501,"date":"2026-02-27T14:00:33","date_gmt":"2026-02-27T14:00:33","guid":{"rendered":"https:\/\/jornaldasoficinas.com\/pt\/?p=113501"},"modified":"2026-02-25T19:10:28","modified_gmt":"2026-02-25T19:10:28","slug":"mann-filter-assinala-dia-do-mecanico-com-campanha","status":"publish","type":"post","link":"https:\/\/jornaldasoficinas.com\/pt\/mann-filter-assinala-dia-do-mecanico-com-campanha\/","title":{"rendered":"MANN-FILTER assinala Dia do Mec\u00e2nico com campanha"},"content":{"rendered":"<p><strong><img loading=\"lazy\" decoding=\"async\" class=\"alignnone size-full wp-image-113514\" src=\"https:\/\/jornaldasoficinas.com\/pt\/wp-content\/uploads\/2026\/02\/MANN-FILTER-assinala-Dia-do-Mecanico-com-campanha.png\" alt=\"02 - MANN FILTER assinala Dia do Mecanico com campanha\" width=\"1024\" height=\"581\" srcset=\"https:\/\/jornaldasoficinas.com\/pt\/wp-content\/uploads\/2026\/02\/MANN-FILTER-assinala-Dia-do-Mecanico-com-campanha.png 1024w, https:\/\/jornaldasoficinas.com\/pt\/wp-content\/uploads\/2026\/02\/MANN-FILTER-assinala-Dia-do-Mecanico-com-campanha-300x170.png 300w, https:\/\/jornaldasoficinas.com\/pt\/wp-content\/uploads\/2026\/02\/MANN-FILTER-assinala-Dia-do-Mecanico-com-campanha-150x85.png 150w, https:\/\/jornaldasoficinas.com\/pt\/wp-content\/uploads\/2026\/02\/MANN-FILTER-assinala-Dia-do-Mecanico-com-campanha-768x436.png 768w\" sizes=\"auto, (max-width: 1024px) 100vw, 1024px\" \/><\/strong><\/p>\n<p><strong>No Dia do Mec\u00e2nico, celebrado em Espanha a 24 de fevereiro, a <a href=\"https:\/\/www.mann-filter.com\" target=\"_blank\" rel=\"noopener\">MANN-FILTER<\/a> centra a mensagem na responsabilidade assumida diariamente pelos profissionais das oficinas<\/strong><\/p>\n<p>Para marcar a data, a marca chamou a aten\u00e7\u00e3o para uma realidade que considera pouco reconhecida: quando algo corre mal numa repara\u00e7\u00e3o, \u00e9 o mec\u00e2nico quem d\u00e1 a cara perante o cliente. &#8220;Diversos fatores est\u00e3o envolvidos no processo de repara\u00e7\u00e3o. No entanto, quando algo corre mal, \u00e9 o mec\u00e2nico que responde ao cliente&#8221;, sublinhou a empresa.<\/p>\n<p>Sob o mote &#8220;Quando respondes, a MANN-FILTER responde contigo&#8221;, a campanha posiciona a marca ao lado dos profissionais, privilegiando, segundo a empresa, &#8220;apoio real&#8221; em vez de felicita\u00e7\u00f5es simb\u00f3licas. A iniciativa inclui um v\u00eddeo principal, conte\u00fados para redes sociais e a\u00e7\u00f5es com mec\u00e2nicos do setor.<\/p>\n<p>&#8220;Sempre que um ve\u00edculo entra numa oficina, o mec\u00e2nico n\u00e3o est\u00e1 apenas a reparar uma pe\u00e7a. \u00c9 respons\u00e1vel pela seguran\u00e7a, confian\u00e7a e tranquilidade do condutor&#8221;, afirmou. &#8220;Na MANN-FILTER, compreendemos esta exig\u00eancia e trabalhamos para a servir com produtos que oferecem precis\u00e3o, fiabilidade e qualidade de equipamento original. Quando o mec\u00e2nico assume a responsabilidade, n\u00f3s assumimos a responsabilidade juntamente com ele.&#8221;<\/p>\n<p>Com mais de 70 anos de experi\u00eancia na \u00e1rea da filtragem e presen\u00e7a internacional, a marca fabrica os seus produtos de acordo com normas de equipamento original, garantindo desempenho, prote\u00e7\u00e3o e seguran\u00e7a.<\/p>\n","protected":false},"excerpt":{"rendered":"<p>No Dia do Mec\u00e2nico, celebrado em&#8230;<\/p>\n","protected":false},"author":15,"featured_media":113514,"comment_status":"closed","ping_status":"closed","sticky":false,"template":"","format":"standard","meta":{"footnotes":""},"categories":[29],"tags":[3131,4308,266,386,3317],"class_list":["post-113501","post","type-post","status-publish","format-standard","has-post-thumbnail","hentry","category-empresas","tag-campanha","tag-dia-do-mecanico","tag-mann-filter","tag-oficinas","tag-reparacao-automovel"],"yoast_head":"<!-- This site is optimized with the Yoast SEO plugin v27.5 - https:\/\/yoast.com\/product\/yoast-seo-wordpress\/ -->\n<title>MANN-FILTER assinala Dia do Mec\u00e2nico com campanha - Jornal das Oficinas<\/title>\n<meta name=\"description\" content=\"No Dia do Mec\u00e2nico, a MANN-FILTER centra a mensagem na responsabilidade assumida diariamente pelos profissionais das oficinas\" \/>\n<meta name=\"robots\" content=\"index, follow, max-snippet:-1, max-image-preview:large, max-video-preview:-1\" \/>\n<link rel=\"canonical\" href=\"https:\/\/jornaldasoficinas.com\/pt\/mann-filter-assinala-dia-do-mecanico-com-campanha\/\" \/>\n<meta property=\"og:locale\" content=\"pt_PT\" \/>\n<meta property=\"og:type\" content=\"article\" \/>\n<meta property=\"og:title\" content=\"MANN-FILTER assinala Dia do Mec\u00e2nico com campanha - Jornal das Oficinas\" \/>\n<meta property=\"og:description\" content=\"No Dia do Mec\u00e2nico, a MANN-FILTER centra a mensagem na responsabilidade assumida diariamente pelos profissionais das oficinas\" \/>\n<meta property=\"og:url\" content=\"https:\/\/jornaldasoficinas.com\/pt\/mann-filter-assinala-dia-do-mecanico-com-campanha\/\" \/>\n<meta property=\"og:site_name\" content=\"Jornal das Oficinas\" \/>\n<meta property=\"article:publisher\" content=\"https:\/\/www.facebook.com\/jornaloficinas\" \/>\n<meta property=\"article:published_time\" content=\"2026-02-27T14:00:33+00:00\" \/>\n<meta property=\"og:image\" content=\"https:\/\/jornaldasoficinas.com\/pt\/wp-content\/uploads\/2026\/02\/MANN-FILTER-assinala-Dia-do-Mecanico-com-campanha.png\" \/>\n\t<meta property=\"og:image:width\" content=\"1024\" \/>\n\t<meta property=\"og:image:height\" content=\"581\" \/>\n\t<meta property=\"og:image:type\" content=\"image\/png\" \/>\n<meta name=\"author\" content=\"Reda\u00e7\u00e3o JO\" \/>\n<meta name=\"twitter:card\" content=\"summary_large_image\" \/>\n<meta name=\"twitter:creator\" content=\"@jornaloficinas\" \/>\n<meta name=\"twitter:site\" content=\"@jornaloficinas\" \/>\n<meta name=\"twitter:label1\" content=\"Escrito por\" \/>\n\t<meta name=\"twitter:data1\" content=\"Reda\u00e7\u00e3o JO\" \/>\n\t<meta name=\"twitter:label2\" content=\"Tempo estimado de leitura\" \/>\n\t<meta name=\"twitter:data2\" content=\"2 minutos\" \/>\n<script type=\"application\/ld+json\" class=\"yoast-schema-graph\">{\"@context\":\"https:\\\/\\\/schema.org\",\"@graph\":[{\"@type\":\"Article\",\"@id\":\"https:\\\/\\\/jornaldasoficinas.com\\\/pt\\\/mann-filter-assinala-dia-do-mecanico-com-campanha\\\/#article\",\"isPartOf\":{\"@id\":\"https:\\\/\\\/jornaldasoficinas.com\\\/pt\\\/mann-filter-assinala-dia-do-mecanico-com-campanha\\\/\"},\"author\":{\"name\":\"Reda\u00e7\u00e3o JO\",\"@id\":\"https:\\\/\\\/jornaldasoficinas.com\\\/pt\\\/#\\\/schema\\\/person\\\/a38eef5de2c41d9e7c9ac10141afddf3\"},\"headline\":\"MANN-FILTER assinala Dia do Mec\u00e2nico com campanha\",\"datePublished\":\"2026-02-27T14:00:33+00:00\",\"mainEntityOfPage\":{\"@id\":\"https:\\\/\\\/jornaldasoficinas.com\\\/pt\\\/mann-filter-assinala-dia-do-mecanico-com-campanha\\\/\"},\"wordCount\":248,\"publisher\":{\"@id\":\"https:\\\/\\\/jornaldasoficinas.com\\\/pt\\\/#organization\"},\"image\":{\"@id\":\"https:\\\/\\\/jornaldasoficinas.com\\\/pt\\\/mann-filter-assinala-dia-do-mecanico-com-campanha\\\/#primaryimage\"},\"thumbnailUrl\":\"https:\\\/\\\/jornaldasoficinas.com\\\/pt\\\/wp-content\\\/uploads\\\/2026\\\/02\\\/MANN-FILTER-assinala-Dia-do-Mecanico-com-campanha.png\",\"keywords\":[\"Campanha\",\"Dia do Mec\u00e2nico\",\"MANN-FILTER\",\"Oficinas\",\"Repara\u00e7\u00e3o autom\u00f3vel\"],\"articleSection\":[\"Empresas\"],\"inLanguage\":\"pt-PT\"},{\"@type\":\"WebPage\",\"@id\":\"https:\\\/\\\/jornaldasoficinas.com\\\/pt\\\/mann-filter-assinala-dia-do-mecanico-com-campanha\\\/\",\"url\":\"https:\\\/\\\/jornaldasoficinas.com\\\/pt\\\/mann-filter-assinala-dia-do-mecanico-com-campanha\\\/\",\"name\":\"MANN-FILTER assinala Dia do Mec\u00e2nico com campanha - Jornal das Oficinas\",\"isPartOf\":{\"@id\":\"https:\\\/\\\/jornaldasoficinas.com\\\/pt\\\/#website\"},\"primaryImageOfPage\":{\"@id\":\"https:\\\/\\\/jornaldasoficinas.com\\\/pt\\\/mann-filter-assinala-dia-do-mecanico-com-campanha\\\/#primaryimage\"},\"image\":{\"@id\":\"https:\\\/\\\/jornaldasoficinas.com\\\/pt\\\/mann-filter-assinala-dia-do-mecanico-com-campanha\\\/#primaryimage\"},\"thumbnailUrl\":\"https:\\\/\\\/jornaldasoficinas.com\\\/pt\\\/wp-content\\\/uploads\\\/2026\\\/02\\\/MANN-FILTER-assinala-Dia-do-Mecanico-com-campanha.png\",\"datePublished\":\"2026-02-27T14:00:33+00:00\",\"description\":\"No Dia do Mec\u00e2nico, a MANN-FILTER centra a mensagem na responsabilidade assumida diariamente pelos profissionais das oficinas\",\"breadcrumb\":{\"@id\":\"https:\\\/\\\/jornaldasoficinas.com\\\/pt\\\/mann-filter-assinala-dia-do-mecanico-com-campanha\\\/#breadcrumb\"},\"inLanguage\":\"pt-PT\",\"potentialAction\":[{\"@type\":\"ReadAction\",\"target\":[\"https:\\\/\\\/jornaldasoficinas.com\\\/pt\\\/mann-filter-assinala-dia-do-mecanico-com-campanha\\\/\"]}]},{\"@type\":\"ImageObject\",\"inLanguage\":\"pt-PT\",\"@id\":\"https:\\\/\\\/jornaldasoficinas.com\\\/pt\\\/mann-filter-assinala-dia-do-mecanico-com-campanha\\\/#primaryimage\",\"url\":\"https:\\\/\\\/jornaldasoficinas.com\\\/pt\\\/wp-content\\\/uploads\\\/2026\\\/02\\\/MANN-FILTER-assinala-Dia-do-Mecanico-com-campanha.png\",\"contentUrl\":\"https:\\\/\\\/jornaldasoficinas.com\\\/pt\\\/wp-content\\\/uploads\\\/2026\\\/02\\\/MANN-FILTER-assinala-Dia-do-Mecanico-com-campanha.png\",\"width\":1024,\"height\":581,\"caption\":\"02 - MANN FILTER assinala Dia do Mecanico com campanha\"},{\"@type\":\"BreadcrumbList\",\"@id\":\"https:\\\/\\\/jornaldasoficinas.com\\\/pt\\\/mann-filter-assinala-dia-do-mecanico-com-campanha\\\/#breadcrumb\",\"itemListElement\":[{\"@type\":\"ListItem\",\"position\":1,\"name\":\"In\u00edcio\",\"item\":\"https:\\\/\\\/jornaldasoficinas.com\\\/pt\\\/\"},{\"@type\":\"ListItem\",\"position\":2,\"name\":\"MANN-FILTER assinala Dia do Mec\u00e2nico com campanha\"}]},{\"@type\":\"WebSite\",\"@id\":\"https:\\\/\\\/jornaldasoficinas.com\\\/pt\\\/#website\",\"url\":\"https:\\\/\\\/jornaldasoficinas.com\\\/pt\\\/\",\"name\":\"Jornal das Oficinas\",\"description\":\"Jornal independente do Aftermarket Autom\u00f3vel em Portugal\",\"publisher\":{\"@id\":\"https:\\\/\\\/jornaldasoficinas.com\\\/pt\\\/#organization\"},\"potentialAction\":[{\"@type\":\"SearchAction\",\"target\":{\"@type\":\"EntryPoint\",\"urlTemplate\":\"https:\\\/\\\/jornaldasoficinas.com\\\/pt\\\/?s={search_term_string}\"},\"query-input\":{\"@type\":\"PropertyValueSpecification\",\"valueRequired\":true,\"valueName\":\"search_term_string\"}}],\"inLanguage\":\"pt-PT\"},{\"@type\":\"Organization\",\"@id\":\"https:\\\/\\\/jornaldasoficinas.com\\\/pt\\\/#organization\",\"name\":\"Jornal das Oficinas\",\"url\":\"https:\\\/\\\/jornaldasoficinas.com\\\/pt\\\/\",\"logo\":{\"@type\":\"ImageObject\",\"inLanguage\":\"pt-PT\",\"@id\":\"https:\\\/\\\/jornaldasoficinas.com\\\/pt\\\/#\\\/schema\\\/logo\\\/image\\\/\",\"url\":\"https:\\\/\\\/jornaldasoficinas.com\\\/pt\\\/wp-content\\\/uploads\\\/logoJO-SEO.png\",\"contentUrl\":\"https:\\\/\\\/jornaldasoficinas.com\\\/pt\\\/wp-content\\\/uploads\\\/logoJO-SEO.png\",\"width\":285,\"height\":450,\"caption\":\"Jornal das Oficinas\"},\"image\":{\"@id\":\"https:\\\/\\\/jornaldasoficinas.com\\\/pt\\\/#\\\/schema\\\/logo\\\/image\\\/\"},\"sameAs\":[\"https:\\\/\\\/www.facebook.com\\\/jornaloficinas\",\"https:\\\/\\\/x.com\\\/jornaloficinas\",\"https:\\\/\\\/www.instagram.com\\\/jornal_oficinas\\\/\",\"https:\\\/\\\/www.linkedin.com\\\/company\\\/jornal-das-oficinas\\\/\",\"https:\\\/\\\/www.youtube.com\\\/channel\\\/UCbQZBqtcvV-oSQrr7RzINGg\"]},{\"@type\":\"Person\",\"@id\":\"https:\\\/\\\/jornaldasoficinas.com\\\/pt\\\/#\\\/schema\\\/person\\\/a38eef5de2c41d9e7c9ac10141afddf3\",\"name\":\"Reda\u00e7\u00e3o JO\",\"image\":{\"@type\":\"ImageObject\",\"inLanguage\":\"pt-PT\",\"@id\":\"https:\\\/\\\/secure.gravatar.com\\\/avatar\\\/71f2fa71737ad68a84fea94bc708ddac8ea5b0c4788dc2ad202f3ccb2887742f?s=96&d=wp_user_avatar&r=g\",\"url\":\"https:\\\/\\\/secure.gravatar.com\\\/avatar\\\/71f2fa71737ad68a84fea94bc708ddac8ea5b0c4788dc2ad202f3ccb2887742f?s=96&d=wp_user_avatar&r=g\",\"contentUrl\":\"https:\\\/\\\/secure.gravatar.com\\\/avatar\\\/71f2fa71737ad68a84fea94bc708ddac8ea5b0c4788dc2ad202f3ccb2887742f?s=96&d=wp_user_avatar&r=g\",\"caption\":\"Reda\u00e7\u00e3o JO\"},\"url\":\"https:\\\/\\\/jornaldasoficinas.com\\\/pt\\\/author\\\/joredacao\\\/\"}]}<\/script>\n<!-- \/ Yoast SEO plugin. -->","yoast_head_json":{"title":"MANN-FILTER assinala Dia do Mec\u00e2nico com campanha - Jornal das Oficinas","description":"No Dia do Mec\u00e2nico, a MANN-FILTER centra a mensagem na responsabilidade assumida diariamente pelos profissionais das oficinas","robots":{"index":"index","follow":"follow","max-snippet":"max-snippet:-1","max-image-preview":"max-image-preview:large","max-video-preview":"max-video-preview:-1"},"canonical":"https:\/\/jornaldasoficinas.com\/pt\/mann-filter-assinala-dia-do-mecanico-com-campanha\/","og_locale":"pt_PT","og_type":"article","og_title":"MANN-FILTER assinala Dia do Mec\u00e2nico com campanha - Jornal das Oficinas","og_description":"No Dia do Mec\u00e2nico, a MANN-FILTER centra a mensagem na responsabilidade assumida diariamente pelos profissionais das oficinas","og_url":"https:\/\/jornaldasoficinas.com\/pt\/mann-filter-assinala-dia-do-mecanico-com-campanha\/","og_site_name":"Jornal das Oficinas","article_publisher":"https:\/\/www.facebook.com\/jornaloficinas","article_published_time":"2026-02-27T14:00:33+00:00","og_image":[{"width":1024,"height":581,"url":"https:\/\/jornaldasoficinas.com\/pt\/wp-content\/uploads\/2026\/02\/MANN-FILTER-assinala-Dia-do-Mecanico-com-campanha.png","type":"image\/png"}],"author":"Reda\u00e7\u00e3o JO","twitter_card":"summary_large_image","twitter_creator":"@jornaloficinas","twitter_site":"@jornaloficinas","twitter_misc":{"Escrito por":"Reda\u00e7\u00e3o JO","Tempo estimado de leitura":"2 minutos"},"schema":{"@context":"https:\/\/schema.org","@graph":[{"@type":"Article","@id":"https:\/\/jornaldasoficinas.com\/pt\/mann-filter-assinala-dia-do-mecanico-com-campanha\/#article","isPartOf":{"@id":"https:\/\/jornaldasoficinas.com\/pt\/mann-filter-assinala-dia-do-mecanico-com-campanha\/"},"author":{"name":"Reda\u00e7\u00e3o JO","@id":"https:\/\/jornaldasoficinas.com\/pt\/#\/schema\/person\/a38eef5de2c41d9e7c9ac10141afddf3"},"headline":"MANN-FILTER assinala Dia do Mec\u00e2nico com campanha","datePublished":"2026-02-27T14:00:33+00:00","mainEntityOfPage":{"@id":"https:\/\/jornaldasoficinas.com\/pt\/mann-filter-assinala-dia-do-mecanico-com-campanha\/"},"wordCount":248,"publisher":{"@id":"https:\/\/jornaldasoficinas.com\/pt\/#organization"},"image":{"@id":"https:\/\/jornaldasoficinas.com\/pt\/mann-filter-assinala-dia-do-mecanico-com-campanha\/#primaryimage"},"thumbnailUrl":"https:\/\/jornaldasoficinas.com\/pt\/wp-content\/uploads\/2026\/02\/MANN-FILTER-assinala-Dia-do-Mecanico-com-campanha.png","keywords":["Campanha","Dia do Mec\u00e2nico","MANN-FILTER","Oficinas","Repara\u00e7\u00e3o autom\u00f3vel"],"articleSection":["Empresas"],"inLanguage":"pt-PT"},{"@type":"WebPage","@id":"https:\/\/jornaldasoficinas.com\/pt\/mann-filter-assinala-dia-do-mecanico-com-campanha\/","url":"https:\/\/jornaldasoficinas.com\/pt\/mann-filter-assinala-dia-do-mecanico-com-campanha\/","name":"MANN-FILTER assinala Dia do Mec\u00e2nico com campanha - Jornal das Oficinas","isPartOf":{"@id":"https:\/\/jornaldasoficinas.com\/pt\/#website"},"primaryImageOfPage":{"@id":"https:\/\/jornaldasoficinas.com\/pt\/mann-filter-assinala-dia-do-mecanico-com-campanha\/#primaryimage"},"image":{"@id":"https:\/\/jornaldasoficinas.com\/pt\/mann-filter-assinala-dia-do-mecanico-com-campanha\/#primaryimage"},"thumbnailUrl":"https:\/\/jornaldasoficinas.com\/pt\/wp-content\/uploads\/2026\/02\/MANN-FILTER-assinala-Dia-do-Mecanico-com-campanha.png","datePublished":"2026-02-27T14:00:33+00:00","description":"No Dia do Mec\u00e2nico, a MANN-FILTER centra a mensagem na responsabilidade assumida diariamente pelos profissionais das oficinas","breadcrumb":{"@id":"https:\/\/jornaldasoficinas.com\/pt\/mann-filter-assinala-dia-do-mecanico-com-campanha\/#breadcrumb"},"inLanguage":"pt-PT","potentialAction":[{"@type":"ReadAction","target":["https:\/\/jornaldasoficinas.com\/pt\/mann-filter-assinala-dia-do-mecanico-com-campanha\/"]}]},{"@type":"ImageObject","inLanguage":"pt-PT","@id":"https:\/\/jornaldasoficinas.com\/pt\/mann-filter-assinala-dia-do-mecanico-com-campanha\/#primaryimage","url":"https:\/\/jornaldasoficinas.com\/pt\/wp-content\/uploads\/2026\/02\/MANN-FILTER-assinala-Dia-do-Mecanico-com-campanha.png","contentUrl":"https:\/\/jornaldasoficinas.com\/pt\/wp-content\/uploads\/2026\/02\/MANN-FILTER-assinala-Dia-do-Mecanico-com-campanha.png","width":1024,"height":581,"caption":"02 - MANN FILTER assinala Dia do Mecanico com campanha"},{"@type":"BreadcrumbList","@id":"https:\/\/jornaldasoficinas.com\/pt\/mann-filter-assinala-dia-do-mecanico-com-campanha\/#breadcrumb","itemListElement":[{"@type":"ListItem","position":1,"name":"In\u00edcio","item":"https:\/\/jornaldasoficinas.com\/pt\/"},{"@type":"ListItem","position":2,"name":"MANN-FILTER assinala Dia do Mec\u00e2nico com campanha"}]},{"@type":"WebSite","@id":"https:\/\/jornaldasoficinas.com\/pt\/#website","url":"https:\/\/jornaldasoficinas.com\/pt\/","name":"Jornal das Oficinas","description":"Jornal independente do Aftermarket Autom\u00f3vel em Portugal","publisher":{"@id":"https:\/\/jornaldasoficinas.com\/pt\/#organization"},"potentialAction":[{"@type":"SearchAction","target":{"@type":"EntryPoint","urlTemplate":"https:\/\/jornaldasoficinas.com\/pt\/?s={search_term_string}"},"query-input":{"@type":"PropertyValueSpecification","valueRequired":true,"valueName":"search_term_string"}}],"inLanguage":"pt-PT"},{"@type":"Organization","@id":"https:\/\/jornaldasoficinas.com\/pt\/#organization","name":"Jornal das Oficinas","url":"https:\/\/jornaldasoficinas.com\/pt\/","logo":{"@type":"ImageObject","inLanguage":"pt-PT","@id":"https:\/\/jornaldasoficinas.com\/pt\/#\/schema\/logo\/image\/","url":"https:\/\/jornaldasoficinas.com\/pt\/wp-content\/uploads\/logoJO-SEO.png","contentUrl":"https:\/\/jornaldasoficinas.com\/pt\/wp-content\/uploads\/logoJO-SEO.png","width":285,"height":450,"caption":"Jornal das Oficinas"},"image":{"@id":"https:\/\/jornaldasoficinas.com\/pt\/#\/schema\/logo\/image\/"},"sameAs":["https:\/\/www.facebook.com\/jornaloficinas","https:\/\/x.com\/jornaloficinas","https:\/\/www.instagram.com\/jornal_oficinas\/","https:\/\/www.linkedin.com\/company\/jornal-das-oficinas\/","https:\/\/www.youtube.com\/channel\/UCbQZBqtcvV-oSQrr7RzINGg"]},{"@type":"Person","@id":"https:\/\/jornaldasoficinas.com\/pt\/#\/schema\/person\/a38eef5de2c41d9e7c9ac10141afddf3","name":"Reda\u00e7\u00e3o JO","image":{"@type":"ImageObject","inLanguage":"pt-PT","@id":"https:\/\/secure.gravatar.com\/avatar\/71f2fa71737ad68a84fea94bc708ddac8ea5b0c4788dc2ad202f3ccb2887742f?s=96&d=wp_user_avatar&r=g","url":"https:\/\/secure.gravatar.com\/avatar\/71f2fa71737ad68a84fea94bc708ddac8ea5b0c4788dc2ad202f3ccb2887742f?s=96&d=wp_user_avatar&r=g","contentUrl":"https:\/\/secure.gravatar.com\/avatar\/71f2fa71737ad68a84fea94bc708ddac8ea5b0c4788dc2ad202f3ccb2887742f?s=96&d=wp_user_avatar&r=g","caption":"Reda\u00e7\u00e3o JO"},"url":"https:\/\/jornaldasoficinas.com\/pt\/author\/joredacao\/"}]}},"_links":{"self":[{"href":"https:\/\/jornaldasoficinas.com\/pt\/wp-json\/wp\/v2\/posts\/113501","targetHints":{"allow":["GET"]}}],"collection":[{"href":"https:\/\/jornaldasoficinas.com\/pt\/wp-json\/wp\/v2\/posts"}],"about":[{"href":"https:\/\/jornaldasoficinas.com\/pt\/wp-json\/wp\/v2\/types\/post"}],"author":[{"embeddable":true,"href":"https:\/\/jornaldasoficinas.com\/pt\/wp-json\/wp\/v2\/users\/15"}],"replies":[{"embeddable":true,"href":"https:\/\/jornaldasoficinas.com\/pt\/wp-json\/wp\/v2\/comments?post=113501"}],"version-history":[{"count":4,"href":"https:\/\/jornaldasoficinas.com\/pt\/wp-json\/wp\/v2\/posts\/113501\/revisions"}],"predecessor-version":[{"id":113526,"href":"https:\/\/jornaldasoficinas.com\/pt\/wp-json\/wp\/v2\/posts\/113501\/revisions\/113526"}],"wp:featuredmedia":[{"embeddable":true,"href":"https:\/\/jornaldasoficinas.com\/pt\/wp-json\/wp\/v2\/media\/113514"}],"wp:attachment":[{"href":"https:\/\/jornaldasoficinas.com\/pt\/wp-json\/wp\/v2\/media?parent=113501"}],"wp:term":[{"taxonomy":"category","embeddable":true,"href":"https:\/\/jornaldasoficinas.com\/pt\/wp-json\/wp\/v2\/categories?post=113501"},{"taxonomy":"post_tag","embeddable":true,"href":"https:\/\/jornaldasoficinas.com\/pt\/wp-json\/wp\/v2\/tags?post=113501"}],"curies":[{"name":"wp","href":"https:\/\/api.w.org\/{rel}","templated":true}]}}