{"id":113540,"date":"2026-03-01T21:00:39","date_gmt":"2026-03-01T21:00:39","guid":{"rendered":"https:\/\/jornaldasoficinas.com\/pt\/?p=113540"},"modified":"2026-03-01T21:05:37","modified_gmt":"2026-03-01T21:05:37","slug":"atrair-para-as-oficinas-a-geracao-millennial","status":"publish","type":"post","link":"https:\/\/jornaldasoficinas.com\/pt\/atrair-para-as-oficinas-a-geracao-millennial\/","title":{"rendered":"Atrair para as oficinas a gera\u00e7\u00e3o millennial"},"content":{"rendered":"<p><img loading=\"lazy\" decoding=\"async\" class=\"size-full wp-image-113534\" src=\"https:\/\/jornaldasoficinas.com\/pt\/wp-content\/uploads\/2026\/02\/geracao_millennials_nas_oficinas_auto.jpeg\" alt=\"02 - geracao_millennials_nas_oficinas_auto\" width=\"1280\" height=\"726\" srcset=\"https:\/\/jornaldasoficinas.com\/pt\/wp-content\/uploads\/2026\/02\/geracao_millennials_nas_oficinas_auto.jpeg 1280w, https:\/\/jornaldasoficinas.com\/pt\/wp-content\/uploads\/2026\/02\/geracao_millennials_nas_oficinas_auto-300x170.jpeg 300w, https:\/\/jornaldasoficinas.com\/pt\/wp-content\/uploads\/2026\/02\/geracao_millennials_nas_oficinas_auto-1024x581.jpeg 1024w, https:\/\/jornaldasoficinas.com\/pt\/wp-content\/uploads\/2026\/02\/geracao_millennials_nas_oficinas_auto-150x85.jpeg 150w, https:\/\/jornaldasoficinas.com\/pt\/wp-content\/uploads\/2026\/02\/geracao_millennials_nas_oficinas_auto-768x436.jpeg 768w\" sizes=\"auto, (max-width: 1280px) 100vw, 1280px\" \/><\/p>\n<p><strong>Em 2026, os \u201cmillennials\u201d (pessoas nascidas entre 1980 e 1996) representar\u00e3o 50% dos clientes das oficinas. Criar uma liga\u00e7\u00e3o pessoal com eles e ganhar a sua confian\u00e7a \u00e9 fundamental. Os millennials s\u00e3o dos consumidores mais influentes e continuar\u00e3o a levar o autom\u00f3vel \u00e0 oficina<\/strong><\/p>\n<p>A gera\u00e7\u00e3o millennial caracteriza-se por ter crescido rodeada pelas \u00faltimas tecnologias e por utilizar com facilidade a Internet e as redes sociais. Simultaneamente, tal como todas as gera\u00e7\u00f5es, estas pessoas t\u00eam valores pr\u00f3prios que a distinguem das precedentes. Para a oficina, isto implica uma adapta\u00e7\u00e3o aos seus gostos e interesses para conseguir que invistam na manuten\u00e7\u00e3o dos seus ve\u00edculos e se tornem clientes habituais. A melhor forma de conquistar os millennials \u00e9 criar uma liga\u00e7\u00e3o pessoal com eles e ganhar a sua confian\u00e7a. Para o efeito, \u00e9 preciso:<\/p>\n<p><strong>Chegar a eles<br \/>\n<\/strong>As formas de procurar informa\u00e7\u00f5es e comunicar dos millennials t\u00eam caracter\u00edsticas pr\u00f3prias; utilizam diferentes canais online, como pesquisas na Internet ou f\u00f3runs, e d\u00e3o grande import\u00e2ncia \u00e0s recomenda\u00e7\u00f5es de outros utilizadores no momento de escolher uma oficina de confian\u00e7a.<\/p>\n<p><strong>Gerir o pre\u00e7o<br \/>\n<\/strong>Muitos membros desta gera\u00e7\u00e3o conclu\u00edram os seus estudos em plena crise econ\u00f3mica e est\u00e3o acostumados a ajustar os seus or\u00e7amentos. Por conseguinte, v\u00e3o procurar sempre or\u00e7amentos ajustados e ofertas para a manuten\u00e7\u00e3o dos seus ve\u00edculos.<\/p>\n<p><strong>Oferecer valores imateriais<br \/>\n<\/strong>As coisas que os millennials consideram valiosas e necess\u00e1rias para a sua vida s\u00e3o menos tang\u00edveis que as dos condutores mais veteranos.<\/p>\n<p><strong>Focar a aten\u00e7\u00e3o na experi\u00eancia do cliente<br \/>\n<\/strong>Na sequ\u00eancia do que foi referido anteriormente, a oficina deve colocar as suas ferramentas e tecnologias ao servi\u00e7o de uma experi\u00eancia personalizada para os seus clientes. N\u00e3o basta conhecer o nome do cliente quando este se dirige \u00e0 oficina, \u00e9 necess\u00e1rio assegurar que a visita e o servi\u00e7o oferecido constituem uma experi\u00eancia agrad\u00e1vel e especial.<\/p>\n<p><strong>Fazer um acompanhamento personalizado<br \/>\n<\/strong>Por exemplo, enviando um lembrete com um cup\u00e3o de desconto quando o cliente tiver de fazer a manuten\u00e7\u00e3o seguinte. Isto permite que saiba que a oficina se preocupa com ele e que o v\u00e3o ajudar a solucionar os seus problemas, algo muito importante para os millennials. Mencionar o ve\u00edculo que o cliente conduz ou a fun\u00e7\u00e3o \u00e0 qual o mesmo se destina proporciona uma abordagem mais focada numa experi\u00eancia personalizada que se revela mais eficaz.<\/p>\n<p><strong>Ter em conta a sua influ\u00eancia<br \/>\n<\/strong>Os millennials encontram-se entre os consumidores mais influentes. Costumam partilhar as suas experi\u00eancias em redes sociais e plataformas de avalia\u00e7\u00e3o de neg\u00f3cios, chegando a muitas mais pessoas. Para uma oficina, ganhar a confian\u00e7a destes clientes \u00e9 sin\u00f3nimo de conseguir uma difus\u00e3o positiva para o neg\u00f3cio.<\/p>\n","protected":false},"excerpt":{"rendered":"<p>Em 2026, os \u201cmillennials\u201d (pessoas nascidas&#8230;<\/p>\n","protected":false},"author":15,"featured_media":113534,"comment_status":"closed","ping_status":"closed","sticky":false,"template":"","format":"standard","meta":{"footnotes":""},"categories":[37],"tags":[14635,14658,6549,4481,14634,34,14657,3290],"class_list":["post-113540","post","type-post","status-publish","format-standard","has-post-thumbnail","hentry","category-mercado","tag-canais-online","tag-clientes-oficinais","tag-confianca","tag-futuro-oficinal","tag-gerir-o-preco","tag-manutencao","tag-millennials","tag-recrutamento"],"yoast_head":"<!-- This site is optimized with the Yoast SEO plugin v27.5 - https:\/\/yoast.com\/product\/yoast-seo-wordpress\/ -->\n<title>Atrair para as oficinas a gera\u00e7\u00e3o millennial - Jornal das Oficinas<\/title>\n<meta name=\"description\" content=\"Em 2026, os \u201cmillennials\u201d representar\u00e3o 50% dos clientes das oficinas, ser\u00e3o dos consumidores mais influentes\" \/>\n<meta name=\"robots\" content=\"index, follow, max-snippet:-1, max-image-preview:large, max-video-preview:-1\" \/>\n<link rel=\"canonical\" href=\"https:\/\/jornaldasoficinas.com\/pt\/atrair-para-as-oficinas-a-geracao-millennial\/\" \/>\n<meta property=\"og:locale\" content=\"pt_PT\" \/>\n<meta property=\"og:type\" content=\"article\" \/>\n<meta property=\"og:title\" content=\"Atrair para as oficinas a gera\u00e7\u00e3o millennial - Jornal das Oficinas\" \/>\n<meta property=\"og:description\" content=\"Em 2026, os \u201cmillennials\u201d representar\u00e3o 50% dos clientes das oficinas, ser\u00e3o dos consumidores mais influentes\" \/>\n<meta property=\"og:url\" content=\"https:\/\/jornaldasoficinas.com\/pt\/atrair-para-as-oficinas-a-geracao-millennial\/\" \/>\n<meta property=\"og:site_name\" content=\"Jornal das Oficinas\" \/>\n<meta property=\"article:publisher\" content=\"https:\/\/www.facebook.com\/jornaloficinas\" \/>\n<meta property=\"article:published_time\" content=\"2026-03-01T21:00:39+00:00\" \/>\n<meta property=\"article:modified_time\" content=\"2026-03-01T21:05:37+00:00\" \/>\n<meta property=\"og:image\" content=\"https:\/\/jornaldasoficinas.com\/pt\/wp-content\/uploads\/2026\/02\/geracao_millennials_nas_oficinas_auto.jpeg\" \/>\n\t<meta property=\"og:image:width\" content=\"1280\" \/>\n\t<meta property=\"og:image:height\" content=\"726\" \/>\n\t<meta property=\"og:image:type\" content=\"image\/jpeg\" \/>\n<meta name=\"author\" content=\"Reda\u00e7\u00e3o JO\" \/>\n<meta name=\"twitter:card\" content=\"summary_large_image\" \/>\n<meta name=\"twitter:creator\" content=\"@jornaloficinas\" \/>\n<meta name=\"twitter:site\" content=\"@jornaloficinas\" \/>\n<meta name=\"twitter:label1\" content=\"Escrito por\" \/>\n\t<meta name=\"twitter:data1\" content=\"Reda\u00e7\u00e3o JO\" \/>\n\t<meta name=\"twitter:label2\" content=\"Tempo estimado de leitura\" \/>\n\t<meta name=\"twitter:data2\" content=\"3 minutos\" \/>\n<script type=\"application\/ld+json\" class=\"yoast-schema-graph\">{\"@context\":\"https:\\\/\\\/schema.org\",\"@graph\":[{\"@type\":\"Article\",\"@id\":\"https:\\\/\\\/jornaldasoficinas.com\\\/pt\\\/atrair-para-as-oficinas-a-geracao-millennial\\\/#article\",\"isPartOf\":{\"@id\":\"https:\\\/\\\/jornaldasoficinas.com\\\/pt\\\/atrair-para-as-oficinas-a-geracao-millennial\\\/\"},\"author\":{\"name\":\"Reda\u00e7\u00e3o JO\",\"@id\":\"https:\\\/\\\/jornaldasoficinas.com\\\/pt\\\/#\\\/schema\\\/person\\\/a38eef5de2c41d9e7c9ac10141afddf3\"},\"headline\":\"Atrair para as oficinas a gera\u00e7\u00e3o millennial\",\"datePublished\":\"2026-03-01T21:00:39+00:00\",\"dateModified\":\"2026-03-01T21:05:37+00:00\",\"mainEntityOfPage\":{\"@id\":\"https:\\\/\\\/jornaldasoficinas.com\\\/pt\\\/atrair-para-as-oficinas-a-geracao-millennial\\\/\"},\"wordCount\":486,\"publisher\":{\"@id\":\"https:\\\/\\\/jornaldasoficinas.com\\\/pt\\\/#organization\"},\"image\":{\"@id\":\"https:\\\/\\\/jornaldasoficinas.com\\\/pt\\\/atrair-para-as-oficinas-a-geracao-millennial\\\/#primaryimage\"},\"thumbnailUrl\":\"https:\\\/\\\/jornaldasoficinas.com\\\/pt\\\/wp-content\\\/uploads\\\/2026\\\/02\\\/geracao_millennials_nas_oficinas_auto.jpeg\",\"keywords\":[\"canais online\",\"clientes oficinais\",\"Confian\u00e7a\",\"futuro oficinal\",\"Gerir o pre\u00e7o\",\"Manuten\u00e7\u00e3o\",\"millennials\",\"Recrutamento\"],\"articleSection\":[\"Mercado\"],\"inLanguage\":\"pt-PT\"},{\"@type\":\"WebPage\",\"@id\":\"https:\\\/\\\/jornaldasoficinas.com\\\/pt\\\/atrair-para-as-oficinas-a-geracao-millennial\\\/\",\"url\":\"https:\\\/\\\/jornaldasoficinas.com\\\/pt\\\/atrair-para-as-oficinas-a-geracao-millennial\\\/\",\"name\":\"Atrair para as oficinas a gera\u00e7\u00e3o millennial - Jornal das Oficinas\",\"isPartOf\":{\"@id\":\"https:\\\/\\\/jornaldasoficinas.com\\\/pt\\\/#website\"},\"primaryImageOfPage\":{\"@id\":\"https:\\\/\\\/jornaldasoficinas.com\\\/pt\\\/atrair-para-as-oficinas-a-geracao-millennial\\\/#primaryimage\"},\"image\":{\"@id\":\"https:\\\/\\\/jornaldasoficinas.com\\\/pt\\\/atrair-para-as-oficinas-a-geracao-millennial\\\/#primaryimage\"},\"thumbnailUrl\":\"https:\\\/\\\/jornaldasoficinas.com\\\/pt\\\/wp-content\\\/uploads\\\/2026\\\/02\\\/geracao_millennials_nas_oficinas_auto.jpeg\",\"datePublished\":\"2026-03-01T21:00:39+00:00\",\"dateModified\":\"2026-03-01T21:05:37+00:00\",\"description\":\"Em 2026, os \u201cmillennials\u201d representar\u00e3o 50% dos clientes das oficinas, ser\u00e3o dos consumidores mais influentes\",\"breadcrumb\":{\"@id\":\"https:\\\/\\\/jornaldasoficinas.com\\\/pt\\\/atrair-para-as-oficinas-a-geracao-millennial\\\/#breadcrumb\"},\"inLanguage\":\"pt-PT\",\"potentialAction\":[{\"@type\":\"ReadAction\",\"target\":[\"https:\\\/\\\/jornaldasoficinas.com\\\/pt\\\/atrair-para-as-oficinas-a-geracao-millennial\\\/\"]}]},{\"@type\":\"ImageObject\",\"inLanguage\":\"pt-PT\",\"@id\":\"https:\\\/\\\/jornaldasoficinas.com\\\/pt\\\/atrair-para-as-oficinas-a-geracao-millennial\\\/#primaryimage\",\"url\":\"https:\\\/\\\/jornaldasoficinas.com\\\/pt\\\/wp-content\\\/uploads\\\/2026\\\/02\\\/geracao_millennials_nas_oficinas_auto.jpeg\",\"contentUrl\":\"https:\\\/\\\/jornaldasoficinas.com\\\/pt\\\/wp-content\\\/uploads\\\/2026\\\/02\\\/geracao_millennials_nas_oficinas_auto.jpeg\",\"width\":1280,\"height\":726,\"caption\":\"Mechanic man shows the car report on a digital tablet to the Middle East customer at the garage, A mechanic and a customer discussing repairs problems to his vehicle.\"},{\"@type\":\"BreadcrumbList\",\"@id\":\"https:\\\/\\\/jornaldasoficinas.com\\\/pt\\\/atrair-para-as-oficinas-a-geracao-millennial\\\/#breadcrumb\",\"itemListElement\":[{\"@type\":\"ListItem\",\"position\":1,\"name\":\"In\u00edcio\",\"item\":\"https:\\\/\\\/jornaldasoficinas.com\\\/pt\\\/\"},{\"@type\":\"ListItem\",\"position\":2,\"name\":\"Atrair para as oficinas a gera\u00e7\u00e3o millennial\"}]},{\"@type\":\"WebSite\",\"@id\":\"https:\\\/\\\/jornaldasoficinas.com\\\/pt\\\/#website\",\"url\":\"https:\\\/\\\/jornaldasoficinas.com\\\/pt\\\/\",\"name\":\"Jornal das Oficinas\",\"description\":\"Jornal independente do Aftermarket Autom\u00f3vel em Portugal\",\"publisher\":{\"@id\":\"https:\\\/\\\/jornaldasoficinas.com\\\/pt\\\/#organization\"},\"potentialAction\":[{\"@type\":\"SearchAction\",\"target\":{\"@type\":\"EntryPoint\",\"urlTemplate\":\"https:\\\/\\\/jornaldasoficinas.com\\\/pt\\\/?s={search_term_string}\"},\"query-input\":{\"@type\":\"PropertyValueSpecification\",\"valueRequired\":true,\"valueName\":\"search_term_string\"}}],\"inLanguage\":\"pt-PT\"},{\"@type\":\"Organization\",\"@id\":\"https:\\\/\\\/jornaldasoficinas.com\\\/pt\\\/#organization\",\"name\":\"Jornal das Oficinas\",\"url\":\"https:\\\/\\\/jornaldasoficinas.com\\\/pt\\\/\",\"logo\":{\"@type\":\"ImageObject\",\"inLanguage\":\"pt-PT\",\"@id\":\"https:\\\/\\\/jornaldasoficinas.com\\\/pt\\\/#\\\/schema\\\/logo\\\/image\\\/\",\"url\":\"https:\\\/\\\/jornaldasoficinas.com\\\/pt\\\/wp-content\\\/uploads\\\/logoJO-SEO.png\",\"contentUrl\":\"https:\\\/\\\/jornaldasoficinas.com\\\/pt\\\/wp-content\\\/uploads\\\/logoJO-SEO.png\",\"width\":285,\"height\":450,\"caption\":\"Jornal das Oficinas\"},\"image\":{\"@id\":\"https:\\\/\\\/jornaldasoficinas.com\\\/pt\\\/#\\\/schema\\\/logo\\\/image\\\/\"},\"sameAs\":[\"https:\\\/\\\/www.facebook.com\\\/jornaloficinas\",\"https:\\\/\\\/x.com\\\/jornaloficinas\",\"https:\\\/\\\/www.instagram.com\\\/jornal_oficinas\\\/\",\"https:\\\/\\\/www.linkedin.com\\\/company\\\/jornal-das-oficinas\\\/\",\"https:\\\/\\\/www.youtube.com\\\/channel\\\/UCbQZBqtcvV-oSQrr7RzINGg\"]},{\"@type\":\"Person\",\"@id\":\"https:\\\/\\\/jornaldasoficinas.com\\\/pt\\\/#\\\/schema\\\/person\\\/a38eef5de2c41d9e7c9ac10141afddf3\",\"name\":\"Reda\u00e7\u00e3o JO\",\"image\":{\"@type\":\"ImageObject\",\"inLanguage\":\"pt-PT\",\"@id\":\"https:\\\/\\\/secure.gravatar.com\\\/avatar\\\/71f2fa71737ad68a84fea94bc708ddac8ea5b0c4788dc2ad202f3ccb2887742f?s=96&d=wp_user_avatar&r=g\",\"url\":\"https:\\\/\\\/secure.gravatar.com\\\/avatar\\\/71f2fa71737ad68a84fea94bc708ddac8ea5b0c4788dc2ad202f3ccb2887742f?s=96&d=wp_user_avatar&r=g\",\"contentUrl\":\"https:\\\/\\\/secure.gravatar.com\\\/avatar\\\/71f2fa71737ad68a84fea94bc708ddac8ea5b0c4788dc2ad202f3ccb2887742f?s=96&d=wp_user_avatar&r=g\",\"caption\":\"Reda\u00e7\u00e3o JO\"},\"url\":\"https:\\\/\\\/jornaldasoficinas.com\\\/pt\\\/author\\\/joredacao\\\/\"}]}<\/script>\n<!-- \/ Yoast SEO plugin. -->","yoast_head_json":{"title":"Atrair para as oficinas a gera\u00e7\u00e3o millennial - Jornal das Oficinas","description":"Em 2026, os \u201cmillennials\u201d representar\u00e3o 50% dos clientes das oficinas, ser\u00e3o dos consumidores mais influentes","robots":{"index":"index","follow":"follow","max-snippet":"max-snippet:-1","max-image-preview":"max-image-preview:large","max-video-preview":"max-video-preview:-1"},"canonical":"https:\/\/jornaldasoficinas.com\/pt\/atrair-para-as-oficinas-a-geracao-millennial\/","og_locale":"pt_PT","og_type":"article","og_title":"Atrair para as oficinas a gera\u00e7\u00e3o millennial - Jornal das Oficinas","og_description":"Em 2026, os \u201cmillennials\u201d representar\u00e3o 50% dos clientes das oficinas, ser\u00e3o dos consumidores mais influentes","og_url":"https:\/\/jornaldasoficinas.com\/pt\/atrair-para-as-oficinas-a-geracao-millennial\/","og_site_name":"Jornal das Oficinas","article_publisher":"https:\/\/www.facebook.com\/jornaloficinas","article_published_time":"2026-03-01T21:00:39+00:00","article_modified_time":"2026-03-01T21:05:37+00:00","og_image":[{"width":1280,"height":726,"url":"https:\/\/jornaldasoficinas.com\/pt\/wp-content\/uploads\/2026\/02\/geracao_millennials_nas_oficinas_auto.jpeg","type":"image\/jpeg"}],"author":"Reda\u00e7\u00e3o JO","twitter_card":"summary_large_image","twitter_creator":"@jornaloficinas","twitter_site":"@jornaloficinas","twitter_misc":{"Escrito por":"Reda\u00e7\u00e3o JO","Tempo estimado de leitura":"3 minutos"},"schema":{"@context":"https:\/\/schema.org","@graph":[{"@type":"Article","@id":"https:\/\/jornaldasoficinas.com\/pt\/atrair-para-as-oficinas-a-geracao-millennial\/#article","isPartOf":{"@id":"https:\/\/jornaldasoficinas.com\/pt\/atrair-para-as-oficinas-a-geracao-millennial\/"},"author":{"name":"Reda\u00e7\u00e3o JO","@id":"https:\/\/jornaldasoficinas.com\/pt\/#\/schema\/person\/a38eef5de2c41d9e7c9ac10141afddf3"},"headline":"Atrair para as oficinas a gera\u00e7\u00e3o millennial","datePublished":"2026-03-01T21:00:39+00:00","dateModified":"2026-03-01T21:05:37+00:00","mainEntityOfPage":{"@id":"https:\/\/jornaldasoficinas.com\/pt\/atrair-para-as-oficinas-a-geracao-millennial\/"},"wordCount":486,"publisher":{"@id":"https:\/\/jornaldasoficinas.com\/pt\/#organization"},"image":{"@id":"https:\/\/jornaldasoficinas.com\/pt\/atrair-para-as-oficinas-a-geracao-millennial\/#primaryimage"},"thumbnailUrl":"https:\/\/jornaldasoficinas.com\/pt\/wp-content\/uploads\/2026\/02\/geracao_millennials_nas_oficinas_auto.jpeg","keywords":["canais online","clientes oficinais","Confian\u00e7a","futuro oficinal","Gerir o pre\u00e7o","Manuten\u00e7\u00e3o","millennials","Recrutamento"],"articleSection":["Mercado"],"inLanguage":"pt-PT"},{"@type":"WebPage","@id":"https:\/\/jornaldasoficinas.com\/pt\/atrair-para-as-oficinas-a-geracao-millennial\/","url":"https:\/\/jornaldasoficinas.com\/pt\/atrair-para-as-oficinas-a-geracao-millennial\/","name":"Atrair para as oficinas a gera\u00e7\u00e3o millennial - Jornal das Oficinas","isPartOf":{"@id":"https:\/\/jornaldasoficinas.com\/pt\/#website"},"primaryImageOfPage":{"@id":"https:\/\/jornaldasoficinas.com\/pt\/atrair-para-as-oficinas-a-geracao-millennial\/#primaryimage"},"image":{"@id":"https:\/\/jornaldasoficinas.com\/pt\/atrair-para-as-oficinas-a-geracao-millennial\/#primaryimage"},"thumbnailUrl":"https:\/\/jornaldasoficinas.com\/pt\/wp-content\/uploads\/2026\/02\/geracao_millennials_nas_oficinas_auto.jpeg","datePublished":"2026-03-01T21:00:39+00:00","dateModified":"2026-03-01T21:05:37+00:00","description":"Em 2026, os \u201cmillennials\u201d representar\u00e3o 50% dos clientes das oficinas, ser\u00e3o dos consumidores mais influentes","breadcrumb":{"@id":"https:\/\/jornaldasoficinas.com\/pt\/atrair-para-as-oficinas-a-geracao-millennial\/#breadcrumb"},"inLanguage":"pt-PT","potentialAction":[{"@type":"ReadAction","target":["https:\/\/jornaldasoficinas.com\/pt\/atrair-para-as-oficinas-a-geracao-millennial\/"]}]},{"@type":"ImageObject","inLanguage":"pt-PT","@id":"https:\/\/jornaldasoficinas.com\/pt\/atrair-para-as-oficinas-a-geracao-millennial\/#primaryimage","url":"https:\/\/jornaldasoficinas.com\/pt\/wp-content\/uploads\/2026\/02\/geracao_millennials_nas_oficinas_auto.jpeg","contentUrl":"https:\/\/jornaldasoficinas.com\/pt\/wp-content\/uploads\/2026\/02\/geracao_millennials_nas_oficinas_auto.jpeg","width":1280,"height":726,"caption":"Mechanic man shows the car report on a digital tablet to the Middle East customer at the garage, A mechanic and a customer discussing repairs problems to his vehicle."},{"@type":"BreadcrumbList","@id":"https:\/\/jornaldasoficinas.com\/pt\/atrair-para-as-oficinas-a-geracao-millennial\/#breadcrumb","itemListElement":[{"@type":"ListItem","position":1,"name":"In\u00edcio","item":"https:\/\/jornaldasoficinas.com\/pt\/"},{"@type":"ListItem","position":2,"name":"Atrair para as oficinas a gera\u00e7\u00e3o millennial"}]},{"@type":"WebSite","@id":"https:\/\/jornaldasoficinas.com\/pt\/#website","url":"https:\/\/jornaldasoficinas.com\/pt\/","name":"Jornal das Oficinas","description":"Jornal independente do Aftermarket Autom\u00f3vel em Portugal","publisher":{"@id":"https:\/\/jornaldasoficinas.com\/pt\/#organization"},"potentialAction":[{"@type":"SearchAction","target":{"@type":"EntryPoint","urlTemplate":"https:\/\/jornaldasoficinas.com\/pt\/?s={search_term_string}"},"query-input":{"@type":"PropertyValueSpecification","valueRequired":true,"valueName":"search_term_string"}}],"inLanguage":"pt-PT"},{"@type":"Organization","@id":"https:\/\/jornaldasoficinas.com\/pt\/#organization","name":"Jornal das Oficinas","url":"https:\/\/jornaldasoficinas.com\/pt\/","logo":{"@type":"ImageObject","inLanguage":"pt-PT","@id":"https:\/\/jornaldasoficinas.com\/pt\/#\/schema\/logo\/image\/","url":"https:\/\/jornaldasoficinas.com\/pt\/wp-content\/uploads\/logoJO-SEO.png","contentUrl":"https:\/\/jornaldasoficinas.com\/pt\/wp-content\/uploads\/logoJO-SEO.png","width":285,"height":450,"caption":"Jornal das Oficinas"},"image":{"@id":"https:\/\/jornaldasoficinas.com\/pt\/#\/schema\/logo\/image\/"},"sameAs":["https:\/\/www.facebook.com\/jornaloficinas","https:\/\/x.com\/jornaloficinas","https:\/\/www.instagram.com\/jornal_oficinas\/","https:\/\/www.linkedin.com\/company\/jornal-das-oficinas\/","https:\/\/www.youtube.com\/channel\/UCbQZBqtcvV-oSQrr7RzINGg"]},{"@type":"Person","@id":"https:\/\/jornaldasoficinas.com\/pt\/#\/schema\/person\/a38eef5de2c41d9e7c9ac10141afddf3","name":"Reda\u00e7\u00e3o JO","image":{"@type":"ImageObject","inLanguage":"pt-PT","@id":"https:\/\/secure.gravatar.com\/avatar\/71f2fa71737ad68a84fea94bc708ddac8ea5b0c4788dc2ad202f3ccb2887742f?s=96&d=wp_user_avatar&r=g","url":"https:\/\/secure.gravatar.com\/avatar\/71f2fa71737ad68a84fea94bc708ddac8ea5b0c4788dc2ad202f3ccb2887742f?s=96&d=wp_user_avatar&r=g","contentUrl":"https:\/\/secure.gravatar.com\/avatar\/71f2fa71737ad68a84fea94bc708ddac8ea5b0c4788dc2ad202f3ccb2887742f?s=96&d=wp_user_avatar&r=g","caption":"Reda\u00e7\u00e3o JO"},"url":"https:\/\/jornaldasoficinas.com\/pt\/author\/joredacao\/"}]}},"_links":{"self":[{"href":"https:\/\/jornaldasoficinas.com\/pt\/wp-json\/wp\/v2\/posts\/113540","targetHints":{"allow":["GET"]}}],"collection":[{"href":"https:\/\/jornaldasoficinas.com\/pt\/wp-json\/wp\/v2\/posts"}],"about":[{"href":"https:\/\/jornaldasoficinas.com\/pt\/wp-json\/wp\/v2\/types\/post"}],"author":[{"embeddable":true,"href":"https:\/\/jornaldasoficinas.com\/pt\/wp-json\/wp\/v2\/users\/15"}],"replies":[{"embeddable":true,"href":"https:\/\/jornaldasoficinas.com\/pt\/wp-json\/wp\/v2\/comments?post=113540"}],"version-history":[{"count":10,"href":"https:\/\/jornaldasoficinas.com\/pt\/wp-json\/wp\/v2\/posts\/113540\/revisions"}],"predecessor-version":[{"id":113686,"href":"https:\/\/jornaldasoficinas.com\/pt\/wp-json\/wp\/v2\/posts\/113540\/revisions\/113686"}],"wp:featuredmedia":[{"embeddable":true,"href":"https:\/\/jornaldasoficinas.com\/pt\/wp-json\/wp\/v2\/media\/113534"}],"wp:attachment":[{"href":"https:\/\/jornaldasoficinas.com\/pt\/wp-json\/wp\/v2\/media?parent=113540"}],"wp:term":[{"taxonomy":"category","embeddable":true,"href":"https:\/\/jornaldasoficinas.com\/pt\/wp-json\/wp\/v2\/categories?post=113540"},{"taxonomy":"post_tag","embeddable":true,"href":"https:\/\/jornaldasoficinas.com\/pt\/wp-json\/wp\/v2\/tags?post=113540"}],"curies":[{"name":"wp","href":"https:\/\/api.w.org\/{rel}","templated":true}]}}