{"id":113769,"date":"2026-03-05T12:30:44","date_gmt":"2026-03-05T12:30:44","guid":{"rendered":"https:\/\/jornaldasoficinas.com\/pt\/?p=113769"},"modified":"2026-03-03T16:25:16","modified_gmt":"2026-03-03T16:25:16","slug":"novas-regras-na-inspecao-obrigam-a-verificar-recalls","status":"publish","type":"post","link":"https:\/\/jornaldasoficinas.com\/pt\/novas-regras-na-inspecao-obrigam-a-verificar-recalls\/","title":{"rendered":"Novas regras na inspe\u00e7\u00e3o obrigam a verificar recalls"},"content":{"rendered":"<p><strong><img loading=\"lazy\" decoding=\"async\" class=\"alignnone size-full wp-image-113773\" src=\"https:\/\/jornaldasoficinas.com\/pt\/wp-content\/uploads\/2026\/03\/Novas-regras-na-inspecao-obrigam-a-verificar-recalls.jpeg\" alt=\"03 - Novas regras na inspecao obrigam a verificar recalls\" width=\"1024\" height=\"581\" srcset=\"https:\/\/jornaldasoficinas.com\/pt\/wp-content\/uploads\/2026\/03\/Novas-regras-na-inspecao-obrigam-a-verificar-recalls.jpeg 1024w, https:\/\/jornaldasoficinas.com\/pt\/wp-content\/uploads\/2026\/03\/Novas-regras-na-inspecao-obrigam-a-verificar-recalls-300x170.jpeg 300w, https:\/\/jornaldasoficinas.com\/pt\/wp-content\/uploads\/2026\/03\/Novas-regras-na-inspecao-obrigam-a-verificar-recalls-150x85.jpeg 150w, https:\/\/jornaldasoficinas.com\/pt\/wp-content\/uploads\/2026\/03\/Novas-regras-na-inspecao-obrigam-a-verificar-recalls-768x436.jpeg 768w\" sizes=\"auto, (max-width: 1024px) 100vw, 1024px\" \/><\/strong><\/p>\n<p><strong>Desde 1 de mar\u00e7o, os ve\u00edculos com recalls ativos passam a reprovar automaticamente na inspe\u00e7\u00e3o peri\u00f3dica obrigat\u00f3ria, mesmo antes do in\u00edcio da verifica\u00e7\u00e3o t\u00e9cnica<\/strong><\/p>\n<p>A altera\u00e7\u00e3o introduz uma verifica\u00e7\u00e3o pr\u00e9via obrigat\u00f3ria: antes de qualquer teste, os centros de inspe\u00e7\u00e3o confirmam se o ve\u00edculo tem pendente alguma chamada \u00e0 oficina para repara\u00e7\u00e3o gratuita solicitada pelo fabricante. Caso exista um recall ativo por realizar, o ve\u00edculo \u00e9 automaticamente chumbado.<\/p>\n<p><strong>Consulta p\u00fablica dispon\u00edvel<\/strong><\/p>\n<p>Com esta mudan\u00e7a, todos os recalls ativos podem agora ser consultados atrav\u00e9s da <a href=\"https:\/\/recall.motordata.pt\/\" target=\"_blank\" rel=\"noopener\">plataforma online<\/a> criada pela <a href=\"https:\/\/www.acap.pt\/\" target=\"_blank\" rel=\"noopener\">Associa\u00e7\u00e3o Autom\u00f3vel de Portugal<\/a> (ACAP), em colabora\u00e7\u00e3o com o Instituto da <a href=\"https:\/\/www.imt-ip.pt\/\" target=\"_blank\" rel=\"noopener\">Mobilidade e dos Transportes<\/a> (IMT) e com o apoio da <a href=\"https:\/\/www.consumidor.gov.pt\/\" target=\"_blank\" rel=\"noopener\">Dire\u00e7\u00e3o-Geral do Consumidor<\/a>.<\/p>\n<p>Basta introduzir a matr\u00edcula ou o n\u00famero de identifica\u00e7\u00e3o do ve\u00edculo (VIN) para verificar se existe alguma a\u00e7\u00e3o pendente. Caso n\u00e3o exista qualquer recall, a plataforma permite emitir uma declara\u00e7\u00e3o comprovativa.<\/p>\n<p><strong>Uma quest\u00e3o de seguran\u00e7a<\/strong><\/p>\n<p>A medida aproxima Portugal de pr\u00e1ticas j\u00e1 adotadas noutros pa\u00edses, onde os recalls t\u00eam maior visibilidade p\u00fablica. Defeitos de fabrico, inconformidades de materiais, falhas de montagem ou problemas associados a componentes, incluindo sistemas de seguran\u00e7a, podem representar riscos s\u00e9rios, como acidentes ou inc\u00eandios.<\/p>\n<p>Segundo dados referidos pela ACAP, existem atualmente cerca de 87 mil ve\u00edculos em circula\u00e7\u00e3o em Portugal com recalls gratuitos por realizar.<\/p>\n<p>Para quem tem inspe\u00e7\u00e3o marcada, a recomenda\u00e7\u00e3o \u00e9 clara: antes de se dirigir ao centro de inspe\u00e7\u00e3o, verifique online se o ve\u00edculo tem alguma campanha ativa. Caso contr\u00e1rio, arrisca-se a uma reprova\u00e7\u00e3o autom\u00e1tica.<\/p>\n","protected":false},"excerpt":{"rendered":"<p>Desde 1 de mar\u00e7o, os ve\u00edculos&#8230;<\/p>\n","protected":false},"author":15,"featured_media":113773,"comment_status":"closed","ping_status":"closed","sticky":false,"template":"","format":"standard","meta":{"footnotes":""},"categories":[37],"tags":[157,14676,2001,1711,14674,14677],"class_list":["post-113769","post","type-post","status-publish","format-standard","has-post-thumbnail","hentry","category-mercado","tag-acap","tag-direcao-geral-do-consumidor","tag-imt","tag-inspecao-periodica","tag-novas-regras","tag-recalls"],"yoast_head":"<!-- This site is optimized with the Yoast SEO plugin v27.5 - https:\/\/yoast.com\/product\/yoast-seo-wordpress\/ -->\n<title>Novas regras na inspe\u00e7\u00e3o obrigam a verificar recalls - Jornal das Oficinas<\/title>\n<meta name=\"description\" content=\"Desde 1 de mar\u00e7o, os ve\u00edculos com recalls ativos passam a reprovar automaticamente na inspe\u00e7\u00e3o peri\u00f3dica obrigat\u00f3ria\" \/>\n<meta name=\"robots\" content=\"index, follow, max-snippet:-1, max-image-preview:large, max-video-preview:-1\" \/>\n<link rel=\"canonical\" href=\"https:\/\/jornaldasoficinas.com\/pt\/novas-regras-na-inspecao-obrigam-a-verificar-recalls\/\" \/>\n<meta property=\"og:locale\" content=\"pt_PT\" \/>\n<meta property=\"og:type\" content=\"article\" \/>\n<meta property=\"og:title\" content=\"Novas regras na inspe\u00e7\u00e3o obrigam a verificar recalls - Jornal das Oficinas\" \/>\n<meta property=\"og:description\" content=\"Desde 1 de mar\u00e7o, os ve\u00edculos com recalls ativos passam a reprovar automaticamente na inspe\u00e7\u00e3o peri\u00f3dica obrigat\u00f3ria\" \/>\n<meta property=\"og:url\" content=\"https:\/\/jornaldasoficinas.com\/pt\/novas-regras-na-inspecao-obrigam-a-verificar-recalls\/\" \/>\n<meta property=\"og:site_name\" content=\"Jornal das Oficinas\" \/>\n<meta property=\"article:publisher\" content=\"https:\/\/www.facebook.com\/jornaloficinas\" \/>\n<meta property=\"article:published_time\" content=\"2026-03-05T12:30:44+00:00\" \/>\n<meta property=\"og:image\" content=\"https:\/\/jornaldasoficinas.com\/pt\/wp-content\/uploads\/2026\/03\/Novas-regras-na-inspecao-obrigam-a-verificar-recalls.jpeg\" \/>\n\t<meta property=\"og:image:width\" content=\"1024\" \/>\n\t<meta property=\"og:image:height\" content=\"581\" \/>\n\t<meta property=\"og:image:type\" content=\"image\/jpeg\" \/>\n<meta name=\"author\" content=\"Reda\u00e7\u00e3o JO\" \/>\n<meta name=\"twitter:card\" content=\"summary_large_image\" \/>\n<meta name=\"twitter:creator\" content=\"@jornaloficinas\" \/>\n<meta name=\"twitter:site\" content=\"@jornaloficinas\" \/>\n<meta name=\"twitter:label1\" content=\"Escrito por\" \/>\n\t<meta name=\"twitter:data1\" content=\"Reda\u00e7\u00e3o JO\" \/>\n\t<meta name=\"twitter:label2\" content=\"Tempo estimado de leitura\" \/>\n\t<meta name=\"twitter:data2\" content=\"2 minutos\" \/>\n<script type=\"application\/ld+json\" class=\"yoast-schema-graph\">{\"@context\":\"https:\\\/\\\/schema.org\",\"@graph\":[{\"@type\":\"Article\",\"@id\":\"https:\\\/\\\/jornaldasoficinas.com\\\/pt\\\/novas-regras-na-inspecao-obrigam-a-verificar-recalls\\\/#article\",\"isPartOf\":{\"@id\":\"https:\\\/\\\/jornaldasoficinas.com\\\/pt\\\/novas-regras-na-inspecao-obrigam-a-verificar-recalls\\\/\"},\"author\":{\"name\":\"Reda\u00e7\u00e3o JO\",\"@id\":\"https:\\\/\\\/jornaldasoficinas.com\\\/pt\\\/#\\\/schema\\\/person\\\/a38eef5de2c41d9e7c9ac10141afddf3\"},\"headline\":\"Novas regras na inspe\u00e7\u00e3o obrigam a verificar recalls\",\"datePublished\":\"2026-03-05T12:30:44+00:00\",\"mainEntityOfPage\":{\"@id\":\"https:\\\/\\\/jornaldasoficinas.com\\\/pt\\\/novas-regras-na-inspecao-obrigam-a-verificar-recalls\\\/\"},\"wordCount\":296,\"publisher\":{\"@id\":\"https:\\\/\\\/jornaldasoficinas.com\\\/pt\\\/#organization\"},\"image\":{\"@id\":\"https:\\\/\\\/jornaldasoficinas.com\\\/pt\\\/novas-regras-na-inspecao-obrigam-a-verificar-recalls\\\/#primaryimage\"},\"thumbnailUrl\":\"https:\\\/\\\/jornaldasoficinas.com\\\/pt\\\/wp-content\\\/uploads\\\/2026\\\/03\\\/Novas-regras-na-inspecao-obrigam-a-verificar-recalls.jpeg\",\"keywords\":[\"ACAP\",\"Dire\u00e7\u00e3o-Geral do Consumidor\",\"IMT\",\"Inspe\u00e7\u00e3o peri\u00f5dica\",\"Novas regras\",\"recalls\"],\"articleSection\":[\"Mercado\"],\"inLanguage\":\"pt-PT\"},{\"@type\":\"WebPage\",\"@id\":\"https:\\\/\\\/jornaldasoficinas.com\\\/pt\\\/novas-regras-na-inspecao-obrigam-a-verificar-recalls\\\/\",\"url\":\"https:\\\/\\\/jornaldasoficinas.com\\\/pt\\\/novas-regras-na-inspecao-obrigam-a-verificar-recalls\\\/\",\"name\":\"Novas regras na inspe\u00e7\u00e3o obrigam a verificar recalls - Jornal das Oficinas\",\"isPartOf\":{\"@id\":\"https:\\\/\\\/jornaldasoficinas.com\\\/pt\\\/#website\"},\"primaryImageOfPage\":{\"@id\":\"https:\\\/\\\/jornaldasoficinas.com\\\/pt\\\/novas-regras-na-inspecao-obrigam-a-verificar-recalls\\\/#primaryimage\"},\"image\":{\"@id\":\"https:\\\/\\\/jornaldasoficinas.com\\\/pt\\\/novas-regras-na-inspecao-obrigam-a-verificar-recalls\\\/#primaryimage\"},\"thumbnailUrl\":\"https:\\\/\\\/jornaldasoficinas.com\\\/pt\\\/wp-content\\\/uploads\\\/2026\\\/03\\\/Novas-regras-na-inspecao-obrigam-a-verificar-recalls.jpeg\",\"datePublished\":\"2026-03-05T12:30:44+00:00\",\"description\":\"Desde 1 de mar\u00e7o, os ve\u00edculos com recalls ativos passam a reprovar automaticamente na inspe\u00e7\u00e3o peri\u00f3dica obrigat\u00f3ria\",\"breadcrumb\":{\"@id\":\"https:\\\/\\\/jornaldasoficinas.com\\\/pt\\\/novas-regras-na-inspecao-obrigam-a-verificar-recalls\\\/#breadcrumb\"},\"inLanguage\":\"pt-PT\",\"potentialAction\":[{\"@type\":\"ReadAction\",\"target\":[\"https:\\\/\\\/jornaldasoficinas.com\\\/pt\\\/novas-regras-na-inspecao-obrigam-a-verificar-recalls\\\/\"]}]},{\"@type\":\"ImageObject\",\"inLanguage\":\"pt-PT\",\"@id\":\"https:\\\/\\\/jornaldasoficinas.com\\\/pt\\\/novas-regras-na-inspecao-obrigam-a-verificar-recalls\\\/#primaryimage\",\"url\":\"https:\\\/\\\/jornaldasoficinas.com\\\/pt\\\/wp-content\\\/uploads\\\/2026\\\/03\\\/Novas-regras-na-inspecao-obrigam-a-verificar-recalls.jpeg\",\"contentUrl\":\"https:\\\/\\\/jornaldasoficinas.com\\\/pt\\\/wp-content\\\/uploads\\\/2026\\\/03\\\/Novas-regras-na-inspecao-obrigam-a-verificar-recalls.jpeg\",\"width\":1024,\"height\":581,\"caption\":\"03 - Novas regras na inspecao obrigam a verificar recalls\"},{\"@type\":\"BreadcrumbList\",\"@id\":\"https:\\\/\\\/jornaldasoficinas.com\\\/pt\\\/novas-regras-na-inspecao-obrigam-a-verificar-recalls\\\/#breadcrumb\",\"itemListElement\":[{\"@type\":\"ListItem\",\"position\":1,\"name\":\"In\u00edcio\",\"item\":\"https:\\\/\\\/jornaldasoficinas.com\\\/pt\\\/\"},{\"@type\":\"ListItem\",\"position\":2,\"name\":\"Novas regras na inspe\u00e7\u00e3o obrigam a verificar recalls\"}]},{\"@type\":\"WebSite\",\"@id\":\"https:\\\/\\\/jornaldasoficinas.com\\\/pt\\\/#website\",\"url\":\"https:\\\/\\\/jornaldasoficinas.com\\\/pt\\\/\",\"name\":\"Jornal das Oficinas\",\"description\":\"Jornal independente do Aftermarket Autom\u00f3vel em Portugal\",\"publisher\":{\"@id\":\"https:\\\/\\\/jornaldasoficinas.com\\\/pt\\\/#organization\"},\"potentialAction\":[{\"@type\":\"SearchAction\",\"target\":{\"@type\":\"EntryPoint\",\"urlTemplate\":\"https:\\\/\\\/jornaldasoficinas.com\\\/pt\\\/?s={search_term_string}\"},\"query-input\":{\"@type\":\"PropertyValueSpecification\",\"valueRequired\":true,\"valueName\":\"search_term_string\"}}],\"inLanguage\":\"pt-PT\"},{\"@type\":\"Organization\",\"@id\":\"https:\\\/\\\/jornaldasoficinas.com\\\/pt\\\/#organization\",\"name\":\"Jornal das Oficinas\",\"url\":\"https:\\\/\\\/jornaldasoficinas.com\\\/pt\\\/\",\"logo\":{\"@type\":\"ImageObject\",\"inLanguage\":\"pt-PT\",\"@id\":\"https:\\\/\\\/jornaldasoficinas.com\\\/pt\\\/#\\\/schema\\\/logo\\\/image\\\/\",\"url\":\"https:\\\/\\\/jornaldasoficinas.com\\\/pt\\\/wp-content\\\/uploads\\\/logoJO-SEO.png\",\"contentUrl\":\"https:\\\/\\\/jornaldasoficinas.com\\\/pt\\\/wp-content\\\/uploads\\\/logoJO-SEO.png\",\"width\":285,\"height\":450,\"caption\":\"Jornal das Oficinas\"},\"image\":{\"@id\":\"https:\\\/\\\/jornaldasoficinas.com\\\/pt\\\/#\\\/schema\\\/logo\\\/image\\\/\"},\"sameAs\":[\"https:\\\/\\\/www.facebook.com\\\/jornaloficinas\",\"https:\\\/\\\/x.com\\\/jornaloficinas\",\"https:\\\/\\\/www.instagram.com\\\/jornal_oficinas\\\/\",\"https:\\\/\\\/www.linkedin.com\\\/company\\\/jornal-das-oficinas\\\/\",\"https:\\\/\\\/www.youtube.com\\\/channel\\\/UCbQZBqtcvV-oSQrr7RzINGg\"]},{\"@type\":\"Person\",\"@id\":\"https:\\\/\\\/jornaldasoficinas.com\\\/pt\\\/#\\\/schema\\\/person\\\/a38eef5de2c41d9e7c9ac10141afddf3\",\"name\":\"Reda\u00e7\u00e3o JO\",\"image\":{\"@type\":\"ImageObject\",\"inLanguage\":\"pt-PT\",\"@id\":\"https:\\\/\\\/secure.gravatar.com\\\/avatar\\\/71f2fa71737ad68a84fea94bc708ddac8ea5b0c4788dc2ad202f3ccb2887742f?s=96&d=wp_user_avatar&r=g\",\"url\":\"https:\\\/\\\/secure.gravatar.com\\\/avatar\\\/71f2fa71737ad68a84fea94bc708ddac8ea5b0c4788dc2ad202f3ccb2887742f?s=96&d=wp_user_avatar&r=g\",\"contentUrl\":\"https:\\\/\\\/secure.gravatar.com\\\/avatar\\\/71f2fa71737ad68a84fea94bc708ddac8ea5b0c4788dc2ad202f3ccb2887742f?s=96&d=wp_user_avatar&r=g\",\"caption\":\"Reda\u00e7\u00e3o JO\"},\"url\":\"https:\\\/\\\/jornaldasoficinas.com\\\/pt\\\/author\\\/joredacao\\\/\"}]}<\/script>\n<!-- \/ Yoast SEO plugin. -->","yoast_head_json":{"title":"Novas regras na inspe\u00e7\u00e3o obrigam a verificar recalls - Jornal das Oficinas","description":"Desde 1 de mar\u00e7o, os ve\u00edculos com recalls ativos passam a reprovar automaticamente na inspe\u00e7\u00e3o peri\u00f3dica obrigat\u00f3ria","robots":{"index":"index","follow":"follow","max-snippet":"max-snippet:-1","max-image-preview":"max-image-preview:large","max-video-preview":"max-video-preview:-1"},"canonical":"https:\/\/jornaldasoficinas.com\/pt\/novas-regras-na-inspecao-obrigam-a-verificar-recalls\/","og_locale":"pt_PT","og_type":"article","og_title":"Novas regras na inspe\u00e7\u00e3o obrigam a verificar recalls - Jornal das Oficinas","og_description":"Desde 1 de mar\u00e7o, os ve\u00edculos com recalls ativos passam a reprovar automaticamente na inspe\u00e7\u00e3o peri\u00f3dica obrigat\u00f3ria","og_url":"https:\/\/jornaldasoficinas.com\/pt\/novas-regras-na-inspecao-obrigam-a-verificar-recalls\/","og_site_name":"Jornal das Oficinas","article_publisher":"https:\/\/www.facebook.com\/jornaloficinas","article_published_time":"2026-03-05T12:30:44+00:00","og_image":[{"width":1024,"height":581,"url":"https:\/\/jornaldasoficinas.com\/pt\/wp-content\/uploads\/2026\/03\/Novas-regras-na-inspecao-obrigam-a-verificar-recalls.jpeg","type":"image\/jpeg"}],"author":"Reda\u00e7\u00e3o JO","twitter_card":"summary_large_image","twitter_creator":"@jornaloficinas","twitter_site":"@jornaloficinas","twitter_misc":{"Escrito por":"Reda\u00e7\u00e3o JO","Tempo estimado de leitura":"2 minutos"},"schema":{"@context":"https:\/\/schema.org","@graph":[{"@type":"Article","@id":"https:\/\/jornaldasoficinas.com\/pt\/novas-regras-na-inspecao-obrigam-a-verificar-recalls\/#article","isPartOf":{"@id":"https:\/\/jornaldasoficinas.com\/pt\/novas-regras-na-inspecao-obrigam-a-verificar-recalls\/"},"author":{"name":"Reda\u00e7\u00e3o JO","@id":"https:\/\/jornaldasoficinas.com\/pt\/#\/schema\/person\/a38eef5de2c41d9e7c9ac10141afddf3"},"headline":"Novas regras na inspe\u00e7\u00e3o obrigam a verificar recalls","datePublished":"2026-03-05T12:30:44+00:00","mainEntityOfPage":{"@id":"https:\/\/jornaldasoficinas.com\/pt\/novas-regras-na-inspecao-obrigam-a-verificar-recalls\/"},"wordCount":296,"publisher":{"@id":"https:\/\/jornaldasoficinas.com\/pt\/#organization"},"image":{"@id":"https:\/\/jornaldasoficinas.com\/pt\/novas-regras-na-inspecao-obrigam-a-verificar-recalls\/#primaryimage"},"thumbnailUrl":"https:\/\/jornaldasoficinas.com\/pt\/wp-content\/uploads\/2026\/03\/Novas-regras-na-inspecao-obrigam-a-verificar-recalls.jpeg","keywords":["ACAP","Dire\u00e7\u00e3o-Geral do Consumidor","IMT","Inspe\u00e7\u00e3o peri\u00f5dica","Novas regras","recalls"],"articleSection":["Mercado"],"inLanguage":"pt-PT"},{"@type":"WebPage","@id":"https:\/\/jornaldasoficinas.com\/pt\/novas-regras-na-inspecao-obrigam-a-verificar-recalls\/","url":"https:\/\/jornaldasoficinas.com\/pt\/novas-regras-na-inspecao-obrigam-a-verificar-recalls\/","name":"Novas regras na inspe\u00e7\u00e3o obrigam a verificar recalls - Jornal das Oficinas","isPartOf":{"@id":"https:\/\/jornaldasoficinas.com\/pt\/#website"},"primaryImageOfPage":{"@id":"https:\/\/jornaldasoficinas.com\/pt\/novas-regras-na-inspecao-obrigam-a-verificar-recalls\/#primaryimage"},"image":{"@id":"https:\/\/jornaldasoficinas.com\/pt\/novas-regras-na-inspecao-obrigam-a-verificar-recalls\/#primaryimage"},"thumbnailUrl":"https:\/\/jornaldasoficinas.com\/pt\/wp-content\/uploads\/2026\/03\/Novas-regras-na-inspecao-obrigam-a-verificar-recalls.jpeg","datePublished":"2026-03-05T12:30:44+00:00","description":"Desde 1 de mar\u00e7o, os ve\u00edculos com recalls ativos passam a reprovar automaticamente na inspe\u00e7\u00e3o peri\u00f3dica obrigat\u00f3ria","breadcrumb":{"@id":"https:\/\/jornaldasoficinas.com\/pt\/novas-regras-na-inspecao-obrigam-a-verificar-recalls\/#breadcrumb"},"inLanguage":"pt-PT","potentialAction":[{"@type":"ReadAction","target":["https:\/\/jornaldasoficinas.com\/pt\/novas-regras-na-inspecao-obrigam-a-verificar-recalls\/"]}]},{"@type":"ImageObject","inLanguage":"pt-PT","@id":"https:\/\/jornaldasoficinas.com\/pt\/novas-regras-na-inspecao-obrigam-a-verificar-recalls\/#primaryimage","url":"https:\/\/jornaldasoficinas.com\/pt\/wp-content\/uploads\/2026\/03\/Novas-regras-na-inspecao-obrigam-a-verificar-recalls.jpeg","contentUrl":"https:\/\/jornaldasoficinas.com\/pt\/wp-content\/uploads\/2026\/03\/Novas-regras-na-inspecao-obrigam-a-verificar-recalls.jpeg","width":1024,"height":581,"caption":"03 - Novas regras na inspecao obrigam a verificar recalls"},{"@type":"BreadcrumbList","@id":"https:\/\/jornaldasoficinas.com\/pt\/novas-regras-na-inspecao-obrigam-a-verificar-recalls\/#breadcrumb","itemListElement":[{"@type":"ListItem","position":1,"name":"In\u00edcio","item":"https:\/\/jornaldasoficinas.com\/pt\/"},{"@type":"ListItem","position":2,"name":"Novas regras na inspe\u00e7\u00e3o obrigam a verificar recalls"}]},{"@type":"WebSite","@id":"https:\/\/jornaldasoficinas.com\/pt\/#website","url":"https:\/\/jornaldasoficinas.com\/pt\/","name":"Jornal das Oficinas","description":"Jornal independente do Aftermarket Autom\u00f3vel em Portugal","publisher":{"@id":"https:\/\/jornaldasoficinas.com\/pt\/#organization"},"potentialAction":[{"@type":"SearchAction","target":{"@type":"EntryPoint","urlTemplate":"https:\/\/jornaldasoficinas.com\/pt\/?s={search_term_string}"},"query-input":{"@type":"PropertyValueSpecification","valueRequired":true,"valueName":"search_term_string"}}],"inLanguage":"pt-PT"},{"@type":"Organization","@id":"https:\/\/jornaldasoficinas.com\/pt\/#organization","name":"Jornal das Oficinas","url":"https:\/\/jornaldasoficinas.com\/pt\/","logo":{"@type":"ImageObject","inLanguage":"pt-PT","@id":"https:\/\/jornaldasoficinas.com\/pt\/#\/schema\/logo\/image\/","url":"https:\/\/jornaldasoficinas.com\/pt\/wp-content\/uploads\/logoJO-SEO.png","contentUrl":"https:\/\/jornaldasoficinas.com\/pt\/wp-content\/uploads\/logoJO-SEO.png","width":285,"height":450,"caption":"Jornal das Oficinas"},"image":{"@id":"https:\/\/jornaldasoficinas.com\/pt\/#\/schema\/logo\/image\/"},"sameAs":["https:\/\/www.facebook.com\/jornaloficinas","https:\/\/x.com\/jornaloficinas","https:\/\/www.instagram.com\/jornal_oficinas\/","https:\/\/www.linkedin.com\/company\/jornal-das-oficinas\/","https:\/\/www.youtube.com\/channel\/UCbQZBqtcvV-oSQrr7RzINGg"]},{"@type":"Person","@id":"https:\/\/jornaldasoficinas.com\/pt\/#\/schema\/person\/a38eef5de2c41d9e7c9ac10141afddf3","name":"Reda\u00e7\u00e3o JO","image":{"@type":"ImageObject","inLanguage":"pt-PT","@id":"https:\/\/secure.gravatar.com\/avatar\/71f2fa71737ad68a84fea94bc708ddac8ea5b0c4788dc2ad202f3ccb2887742f?s=96&d=wp_user_avatar&r=g","url":"https:\/\/secure.gravatar.com\/avatar\/71f2fa71737ad68a84fea94bc708ddac8ea5b0c4788dc2ad202f3ccb2887742f?s=96&d=wp_user_avatar&r=g","contentUrl":"https:\/\/secure.gravatar.com\/avatar\/71f2fa71737ad68a84fea94bc708ddac8ea5b0c4788dc2ad202f3ccb2887742f?s=96&d=wp_user_avatar&r=g","caption":"Reda\u00e7\u00e3o JO"},"url":"https:\/\/jornaldasoficinas.com\/pt\/author\/joredacao\/"}]}},"_links":{"self":[{"href":"https:\/\/jornaldasoficinas.com\/pt\/wp-json\/wp\/v2\/posts\/113769","targetHints":{"allow":["GET"]}}],"collection":[{"href":"https:\/\/jornaldasoficinas.com\/pt\/wp-json\/wp\/v2\/posts"}],"about":[{"href":"https:\/\/jornaldasoficinas.com\/pt\/wp-json\/wp\/v2\/types\/post"}],"author":[{"embeddable":true,"href":"https:\/\/jornaldasoficinas.com\/pt\/wp-json\/wp\/v2\/users\/15"}],"replies":[{"embeddable":true,"href":"https:\/\/jornaldasoficinas.com\/pt\/wp-json\/wp\/v2\/comments?post=113769"}],"version-history":[{"count":4,"href":"https:\/\/jornaldasoficinas.com\/pt\/wp-json\/wp\/v2\/posts\/113769\/revisions"}],"predecessor-version":[{"id":113774,"href":"https:\/\/jornaldasoficinas.com\/pt\/wp-json\/wp\/v2\/posts\/113769\/revisions\/113774"}],"wp:featuredmedia":[{"embeddable":true,"href":"https:\/\/jornaldasoficinas.com\/pt\/wp-json\/wp\/v2\/media\/113773"}],"wp:attachment":[{"href":"https:\/\/jornaldasoficinas.com\/pt\/wp-json\/wp\/v2\/media?parent=113769"}],"wp:term":[{"taxonomy":"category","embeddable":true,"href":"https:\/\/jornaldasoficinas.com\/pt\/wp-json\/wp\/v2\/categories?post=113769"},{"taxonomy":"post_tag","embeddable":true,"href":"https:\/\/jornaldasoficinas.com\/pt\/wp-json\/wp\/v2\/tags?post=113769"}],"curies":[{"name":"wp","href":"https:\/\/api.w.org\/{rel}","templated":true}]}}