{"id":113800,"date":"2026-03-06T12:30:24","date_gmt":"2026-03-06T12:30:24","guid":{"rendered":"https:\/\/jornaldasoficinas.com\/pt\/?p=113800"},"modified":"2026-03-04T15:29:41","modified_gmt":"2026-03-04T15:29:41","slug":"mercado-automovel-cresceu-18-em-fevereiro","status":"publish","type":"post","link":"https:\/\/jornaldasoficinas.com\/pt\/mercado-automovel-cresceu-18-em-fevereiro\/","title":{"rendered":"Mercado autom\u00f3vel cresceu 1,8% em fevereiro"},"content":{"rendered":"<p><img loading=\"lazy\" decoding=\"async\" class=\"size-full wp-image-113805\" src=\"https:\/\/jornaldasoficinas.com\/pt\/wp-content\/uploads\/2026\/Mercado-automovel-cresceu-18-em-fevereiro.jpg\" alt=\"2026 - Mercado automovel cresceu 18 em fevereiro\" width=\"1024\" height=\"581\" srcset=\"https:\/\/jornaldasoficinas.com\/pt\/wp-content\/uploads\/2026\/Mercado-automovel-cresceu-18-em-fevereiro.jpg 1024w, https:\/\/jornaldasoficinas.com\/pt\/wp-content\/uploads\/2026\/Mercado-automovel-cresceu-18-em-fevereiro-300x170.jpg 300w, https:\/\/jornaldasoficinas.com\/pt\/wp-content\/uploads\/2026\/Mercado-automovel-cresceu-18-em-fevereiro-150x85.jpg 150w, https:\/\/jornaldasoficinas.com\/pt\/wp-content\/uploads\/2026\/Mercado-automovel-cresceu-18-em-fevereiro-768x436.jpg 768w\" sizes=\"auto, (max-width: 1024px) 100vw, 1024px\" \/><\/p>\n<p><strong>O mercado autom\u00f3vel portugu\u00eas registou um crescimento de 1,8% em fevereiro de 2026, com 23.408 ve\u00edculos matriculados, segundo dados divulgados pela <a href=\"https:\/\/www.acap.pt\/\" target=\"_blank\" rel=\"noopener\">Associa\u00e7\u00e3o Autom\u00f3vel de Portugal<\/a> (ACAP)<\/strong><\/p>\n<p>No acumulado dos dois primeiros meses do ano, foram colocados em circula\u00e7\u00e3o 43.450 ve\u00edculos novos em Portugal, o que representa um aumento de 8,6% face ao mesmo per\u00edodo de 2025.<\/p>\n<p><strong>Ligeiros de passageiros continuam a crescer<\/strong><\/p>\n<p>O segmento de autom\u00f3veis ligeiros de passageiros voltou a liderar o crescimento do mercado. Em fevereiro foram matriculados 20.541 ve\u00edculos, mais 5,5% do que no mesmo m\u00eas do ano anterior.<\/p>\n<p>No acumulado de janeiro e fevereiro, as matr\u00edculas desta categoria totalizaram 37.380 unidades, refletindo uma subida de 10,0% face ao per\u00edodo hom\u00f3logo.<\/p>\n<p>Os ve\u00edculos movidos a energias alternativas continuam a ganhar peso no mercado. Nos dois primeiros meses do ano, 76,1% dos ligeiros de passageiros matriculados novos eram deste tipo de motoriza\u00e7\u00e3o, com destaque para os el\u00e9tricos e h\u00edbridos. Os el\u00e9tricos representaram 24,3% das matr\u00edculas acumuladas, enquanto em fevereiro o seu peso foi de 23,0%.<\/p>\n<p><strong>Ligeiros de mercadorias em queda<\/strong><\/p>\n<p>Em sentido contr\u00e1rio, o mercado de ve\u00edculos ligeiros de mercadorias registou uma evolu\u00e7\u00e3o negativa em fevereiro, com 2.223 unidades matriculadas, menos 25,3% face ao mesmo m\u00eas de 2025.<\/p>\n<p>No acumulado dos dois primeiros meses do ano, este segmento somou 4.411 matr\u00edculas, o que corresponde a uma diminui\u00e7\u00e3o de 12,6% em compara\u00e7\u00e3o com igual per\u00edodo do ano passado.<\/p>\n<p><strong>Pesados com forte subida<\/strong><\/p>\n<p>J\u00e1 o mercado de ve\u00edculos pesados, que inclui passageiros e mercadorias, apresentou uma evolu\u00e7\u00e3o positiva. Em fevereiro foram matriculadas 644 unidades, mais 16,7% do que no mesmo m\u00eas de 2025.<\/p>\n<p>No conjunto dos dois primeiros meses de 2026, este segmento totalizou 1.659 ve\u00edculos, registando um crescimento expressivo de 67,9% face ao per\u00edodo hom\u00f3logo.<\/p>\n<p>&nbsp;<\/p>\n<p>&nbsp;<\/p>\n","protected":false},"excerpt":{"rendered":"<p>O mercado autom\u00f3vel portugu\u00eas registou um&#8230;<\/p>\n","protected":false},"author":15,"featured_media":113805,"comment_status":"closed","ping_status":"closed","sticky":false,"template":"","format":"standard","meta":{"footnotes":""},"categories":[37],"tags":[157,2781,14679,7957,1497],"class_list":["post-113800","post","type-post","status-publish","format-standard","has-post-thumbnail","hentry","category-mercado","tag-acap","tag-crescimento","tag-fevereiro-de-2026","tag-mercado-nacional","tag-setor-automovel"],"yoast_head":"<!-- This site is optimized with the Yoast SEO plugin v27.5 - https:\/\/yoast.com\/product\/yoast-seo-wordpress\/ -->\n<title>Mercado autom\u00f3vel cresceu 1,8% em fevereiro - Jornal das Oficinas<\/title>\n<meta name=\"description\" content=\"O mercado autom\u00f3vel portugu\u00eas registou um crescimento de 1,8% em fevereiro de 2026, com 23.408 ve\u00edculos matriculados\" \/>\n<meta name=\"robots\" content=\"index, follow, max-snippet:-1, max-image-preview:large, max-video-preview:-1\" \/>\n<link rel=\"canonical\" href=\"https:\/\/jornaldasoficinas.com\/pt\/mercado-automovel-cresceu-18-em-fevereiro\/\" \/>\n<meta property=\"og:locale\" content=\"pt_PT\" \/>\n<meta property=\"og:type\" content=\"article\" \/>\n<meta property=\"og:title\" content=\"Mercado autom\u00f3vel cresceu 1,8% em fevereiro - Jornal das Oficinas\" \/>\n<meta property=\"og:description\" content=\"O mercado autom\u00f3vel portugu\u00eas registou um crescimento de 1,8% em fevereiro de 2026, com 23.408 ve\u00edculos matriculados\" \/>\n<meta property=\"og:url\" content=\"https:\/\/jornaldasoficinas.com\/pt\/mercado-automovel-cresceu-18-em-fevereiro\/\" \/>\n<meta property=\"og:site_name\" content=\"Jornal das Oficinas\" \/>\n<meta property=\"article:publisher\" content=\"https:\/\/www.facebook.com\/jornaloficinas\" \/>\n<meta property=\"article:published_time\" content=\"2026-03-06T12:30:24+00:00\" \/>\n<meta property=\"og:image\" content=\"https:\/\/jornaldasoficinas.com\/pt\/wp-content\/uploads\/2026\/Mercado-automovel-cresceu-18-em-fevereiro.jpg\" \/>\n\t<meta property=\"og:image:width\" content=\"1024\" \/>\n\t<meta property=\"og:image:height\" content=\"581\" \/>\n\t<meta property=\"og:image:type\" content=\"image\/jpeg\" \/>\n<meta name=\"author\" content=\"Reda\u00e7\u00e3o JO\" \/>\n<meta name=\"twitter:card\" content=\"summary_large_image\" \/>\n<meta name=\"twitter:creator\" content=\"@jornaloficinas\" \/>\n<meta name=\"twitter:site\" content=\"@jornaloficinas\" \/>\n<meta name=\"twitter:label1\" content=\"Escrito por\" \/>\n\t<meta name=\"twitter:data1\" content=\"Reda\u00e7\u00e3o JO\" \/>\n\t<meta name=\"twitter:label2\" content=\"Tempo estimado de leitura\" \/>\n\t<meta name=\"twitter:data2\" content=\"3 minutos\" \/>\n<script type=\"application\/ld+json\" class=\"yoast-schema-graph\">{\"@context\":\"https:\\\/\\\/schema.org\",\"@graph\":[{\"@type\":\"Article\",\"@id\":\"https:\\\/\\\/jornaldasoficinas.com\\\/pt\\\/mercado-automovel-cresceu-18-em-fevereiro\\\/#article\",\"isPartOf\":{\"@id\":\"https:\\\/\\\/jornaldasoficinas.com\\\/pt\\\/mercado-automovel-cresceu-18-em-fevereiro\\\/\"},\"author\":{\"name\":\"Reda\u00e7\u00e3o JO\",\"@id\":\"https:\\\/\\\/jornaldasoficinas.com\\\/pt\\\/#\\\/schema\\\/person\\\/a38eef5de2c41d9e7c9ac10141afddf3\"},\"headline\":\"Mercado autom\u00f3vel cresceu 1,8% em fevereiro\",\"datePublished\":\"2026-03-06T12:30:24+00:00\",\"mainEntityOfPage\":{\"@id\":\"https:\\\/\\\/jornaldasoficinas.com\\\/pt\\\/mercado-automovel-cresceu-18-em-fevereiro\\\/\"},\"wordCount\":304,\"publisher\":{\"@id\":\"https:\\\/\\\/jornaldasoficinas.com\\\/pt\\\/#organization\"},\"image\":{\"@id\":\"https:\\\/\\\/jornaldasoficinas.com\\\/pt\\\/mercado-automovel-cresceu-18-em-fevereiro\\\/#primaryimage\"},\"thumbnailUrl\":\"https:\\\/\\\/jornaldasoficinas.com\\\/pt\\\/wp-content\\\/uploads\\\/2026\\\/Mercado-automovel-cresceu-18-em-fevereiro.jpg\",\"keywords\":[\"ACAP\",\"Crescimento\",\"fevereiro de 2026\",\"mercado nacional\",\"Setor Autom\u00f3vel\"],\"articleSection\":[\"Mercado\"],\"inLanguage\":\"pt-PT\"},{\"@type\":\"WebPage\",\"@id\":\"https:\\\/\\\/jornaldasoficinas.com\\\/pt\\\/mercado-automovel-cresceu-18-em-fevereiro\\\/\",\"url\":\"https:\\\/\\\/jornaldasoficinas.com\\\/pt\\\/mercado-automovel-cresceu-18-em-fevereiro\\\/\",\"name\":\"Mercado autom\u00f3vel cresceu 1,8% em fevereiro - Jornal das Oficinas\",\"isPartOf\":{\"@id\":\"https:\\\/\\\/jornaldasoficinas.com\\\/pt\\\/#website\"},\"primaryImageOfPage\":{\"@id\":\"https:\\\/\\\/jornaldasoficinas.com\\\/pt\\\/mercado-automovel-cresceu-18-em-fevereiro\\\/#primaryimage\"},\"image\":{\"@id\":\"https:\\\/\\\/jornaldasoficinas.com\\\/pt\\\/mercado-automovel-cresceu-18-em-fevereiro\\\/#primaryimage\"},\"thumbnailUrl\":\"https:\\\/\\\/jornaldasoficinas.com\\\/pt\\\/wp-content\\\/uploads\\\/2026\\\/Mercado-automovel-cresceu-18-em-fevereiro.jpg\",\"datePublished\":\"2026-03-06T12:30:24+00:00\",\"description\":\"O mercado autom\u00f3vel portugu\u00eas registou um crescimento de 1,8% em fevereiro de 2026, com 23.408 ve\u00edculos matriculados\",\"breadcrumb\":{\"@id\":\"https:\\\/\\\/jornaldasoficinas.com\\\/pt\\\/mercado-automovel-cresceu-18-em-fevereiro\\\/#breadcrumb\"},\"inLanguage\":\"pt-PT\",\"potentialAction\":[{\"@type\":\"ReadAction\",\"target\":[\"https:\\\/\\\/jornaldasoficinas.com\\\/pt\\\/mercado-automovel-cresceu-18-em-fevereiro\\\/\"]}]},{\"@type\":\"ImageObject\",\"inLanguage\":\"pt-PT\",\"@id\":\"https:\\\/\\\/jornaldasoficinas.com\\\/pt\\\/mercado-automovel-cresceu-18-em-fevereiro\\\/#primaryimage\",\"url\":\"https:\\\/\\\/jornaldasoficinas.com\\\/pt\\\/wp-content\\\/uploads\\\/2026\\\/Mercado-automovel-cresceu-18-em-fevereiro.jpg\",\"contentUrl\":\"https:\\\/\\\/jornaldasoficinas.com\\\/pt\\\/wp-content\\\/uploads\\\/2026\\\/Mercado-automovel-cresceu-18-em-fevereiro.jpg\",\"width\":1024,\"height\":581,\"caption\":\"Trabalhadores da f\u00e1brica Autoeuropa do grupo alem\u00e3o Volkswagen operam a linha de montagem automovel numa altura em que se celebram os 20 anos do in\u00edcio da produ\u00e7\u00e3o da Autoeuropa em Portugal, em Palmela, concelho de Set\u00fabal, 24 de abril de 2015. M\u00c1RIO CRUZ\\\/LUSA\"},{\"@type\":\"BreadcrumbList\",\"@id\":\"https:\\\/\\\/jornaldasoficinas.com\\\/pt\\\/mercado-automovel-cresceu-18-em-fevereiro\\\/#breadcrumb\",\"itemListElement\":[{\"@type\":\"ListItem\",\"position\":1,\"name\":\"In\u00edcio\",\"item\":\"https:\\\/\\\/jornaldasoficinas.com\\\/pt\\\/\"},{\"@type\":\"ListItem\",\"position\":2,\"name\":\"Mercado autom\u00f3vel cresceu 1,8% em fevereiro\"}]},{\"@type\":\"WebSite\",\"@id\":\"https:\\\/\\\/jornaldasoficinas.com\\\/pt\\\/#website\",\"url\":\"https:\\\/\\\/jornaldasoficinas.com\\\/pt\\\/\",\"name\":\"Jornal das Oficinas\",\"description\":\"Jornal independente do Aftermarket Autom\u00f3vel em Portugal\",\"publisher\":{\"@id\":\"https:\\\/\\\/jornaldasoficinas.com\\\/pt\\\/#organization\"},\"potentialAction\":[{\"@type\":\"SearchAction\",\"target\":{\"@type\":\"EntryPoint\",\"urlTemplate\":\"https:\\\/\\\/jornaldasoficinas.com\\\/pt\\\/?s={search_term_string}\"},\"query-input\":{\"@type\":\"PropertyValueSpecification\",\"valueRequired\":true,\"valueName\":\"search_term_string\"}}],\"inLanguage\":\"pt-PT\"},{\"@type\":\"Organization\",\"@id\":\"https:\\\/\\\/jornaldasoficinas.com\\\/pt\\\/#organization\",\"name\":\"Jornal das Oficinas\",\"url\":\"https:\\\/\\\/jornaldasoficinas.com\\\/pt\\\/\",\"logo\":{\"@type\":\"ImageObject\",\"inLanguage\":\"pt-PT\",\"@id\":\"https:\\\/\\\/jornaldasoficinas.com\\\/pt\\\/#\\\/schema\\\/logo\\\/image\\\/\",\"url\":\"https:\\\/\\\/jornaldasoficinas.com\\\/pt\\\/wp-content\\\/uploads\\\/logoJO-SEO.png\",\"contentUrl\":\"https:\\\/\\\/jornaldasoficinas.com\\\/pt\\\/wp-content\\\/uploads\\\/logoJO-SEO.png\",\"width\":285,\"height\":450,\"caption\":\"Jornal das Oficinas\"},\"image\":{\"@id\":\"https:\\\/\\\/jornaldasoficinas.com\\\/pt\\\/#\\\/schema\\\/logo\\\/image\\\/\"},\"sameAs\":[\"https:\\\/\\\/www.facebook.com\\\/jornaloficinas\",\"https:\\\/\\\/x.com\\\/jornaloficinas\",\"https:\\\/\\\/www.instagram.com\\\/jornal_oficinas\\\/\",\"https:\\\/\\\/www.linkedin.com\\\/company\\\/jornal-das-oficinas\\\/\",\"https:\\\/\\\/www.youtube.com\\\/channel\\\/UCbQZBqtcvV-oSQrr7RzINGg\"]},{\"@type\":\"Person\",\"@id\":\"https:\\\/\\\/jornaldasoficinas.com\\\/pt\\\/#\\\/schema\\\/person\\\/a38eef5de2c41d9e7c9ac10141afddf3\",\"name\":\"Reda\u00e7\u00e3o JO\",\"image\":{\"@type\":\"ImageObject\",\"inLanguage\":\"pt-PT\",\"@id\":\"https:\\\/\\\/secure.gravatar.com\\\/avatar\\\/71f2fa71737ad68a84fea94bc708ddac8ea5b0c4788dc2ad202f3ccb2887742f?s=96&d=wp_user_avatar&r=g\",\"url\":\"https:\\\/\\\/secure.gravatar.com\\\/avatar\\\/71f2fa71737ad68a84fea94bc708ddac8ea5b0c4788dc2ad202f3ccb2887742f?s=96&d=wp_user_avatar&r=g\",\"contentUrl\":\"https:\\\/\\\/secure.gravatar.com\\\/avatar\\\/71f2fa71737ad68a84fea94bc708ddac8ea5b0c4788dc2ad202f3ccb2887742f?s=96&d=wp_user_avatar&r=g\",\"caption\":\"Reda\u00e7\u00e3o JO\"},\"url\":\"https:\\\/\\\/jornaldasoficinas.com\\\/pt\\\/author\\\/joredacao\\\/\"}]}<\/script>\n<!-- \/ Yoast SEO plugin. -->","yoast_head_json":{"title":"Mercado autom\u00f3vel cresceu 1,8% em fevereiro - Jornal das Oficinas","description":"O mercado autom\u00f3vel portugu\u00eas registou um crescimento de 1,8% em fevereiro de 2026, com 23.408 ve\u00edculos matriculados","robots":{"index":"index","follow":"follow","max-snippet":"max-snippet:-1","max-image-preview":"max-image-preview:large","max-video-preview":"max-video-preview:-1"},"canonical":"https:\/\/jornaldasoficinas.com\/pt\/mercado-automovel-cresceu-18-em-fevereiro\/","og_locale":"pt_PT","og_type":"article","og_title":"Mercado autom\u00f3vel cresceu 1,8% em fevereiro - Jornal das Oficinas","og_description":"O mercado autom\u00f3vel portugu\u00eas registou um crescimento de 1,8% em fevereiro de 2026, com 23.408 ve\u00edculos matriculados","og_url":"https:\/\/jornaldasoficinas.com\/pt\/mercado-automovel-cresceu-18-em-fevereiro\/","og_site_name":"Jornal das Oficinas","article_publisher":"https:\/\/www.facebook.com\/jornaloficinas","article_published_time":"2026-03-06T12:30:24+00:00","og_image":[{"width":1024,"height":581,"url":"https:\/\/jornaldasoficinas.com\/pt\/wp-content\/uploads\/2026\/Mercado-automovel-cresceu-18-em-fevereiro.jpg","type":"image\/jpeg"}],"author":"Reda\u00e7\u00e3o JO","twitter_card":"summary_large_image","twitter_creator":"@jornaloficinas","twitter_site":"@jornaloficinas","twitter_misc":{"Escrito por":"Reda\u00e7\u00e3o JO","Tempo estimado de leitura":"3 minutos"},"schema":{"@context":"https:\/\/schema.org","@graph":[{"@type":"Article","@id":"https:\/\/jornaldasoficinas.com\/pt\/mercado-automovel-cresceu-18-em-fevereiro\/#article","isPartOf":{"@id":"https:\/\/jornaldasoficinas.com\/pt\/mercado-automovel-cresceu-18-em-fevereiro\/"},"author":{"name":"Reda\u00e7\u00e3o JO","@id":"https:\/\/jornaldasoficinas.com\/pt\/#\/schema\/person\/a38eef5de2c41d9e7c9ac10141afddf3"},"headline":"Mercado autom\u00f3vel cresceu 1,8% em fevereiro","datePublished":"2026-03-06T12:30:24+00:00","mainEntityOfPage":{"@id":"https:\/\/jornaldasoficinas.com\/pt\/mercado-automovel-cresceu-18-em-fevereiro\/"},"wordCount":304,"publisher":{"@id":"https:\/\/jornaldasoficinas.com\/pt\/#organization"},"image":{"@id":"https:\/\/jornaldasoficinas.com\/pt\/mercado-automovel-cresceu-18-em-fevereiro\/#primaryimage"},"thumbnailUrl":"https:\/\/jornaldasoficinas.com\/pt\/wp-content\/uploads\/2026\/Mercado-automovel-cresceu-18-em-fevereiro.jpg","keywords":["ACAP","Crescimento","fevereiro de 2026","mercado nacional","Setor Autom\u00f3vel"],"articleSection":["Mercado"],"inLanguage":"pt-PT"},{"@type":"WebPage","@id":"https:\/\/jornaldasoficinas.com\/pt\/mercado-automovel-cresceu-18-em-fevereiro\/","url":"https:\/\/jornaldasoficinas.com\/pt\/mercado-automovel-cresceu-18-em-fevereiro\/","name":"Mercado autom\u00f3vel cresceu 1,8% em fevereiro - Jornal das Oficinas","isPartOf":{"@id":"https:\/\/jornaldasoficinas.com\/pt\/#website"},"primaryImageOfPage":{"@id":"https:\/\/jornaldasoficinas.com\/pt\/mercado-automovel-cresceu-18-em-fevereiro\/#primaryimage"},"image":{"@id":"https:\/\/jornaldasoficinas.com\/pt\/mercado-automovel-cresceu-18-em-fevereiro\/#primaryimage"},"thumbnailUrl":"https:\/\/jornaldasoficinas.com\/pt\/wp-content\/uploads\/2026\/Mercado-automovel-cresceu-18-em-fevereiro.jpg","datePublished":"2026-03-06T12:30:24+00:00","description":"O mercado autom\u00f3vel portugu\u00eas registou um crescimento de 1,8% em fevereiro de 2026, com 23.408 ve\u00edculos matriculados","breadcrumb":{"@id":"https:\/\/jornaldasoficinas.com\/pt\/mercado-automovel-cresceu-18-em-fevereiro\/#breadcrumb"},"inLanguage":"pt-PT","potentialAction":[{"@type":"ReadAction","target":["https:\/\/jornaldasoficinas.com\/pt\/mercado-automovel-cresceu-18-em-fevereiro\/"]}]},{"@type":"ImageObject","inLanguage":"pt-PT","@id":"https:\/\/jornaldasoficinas.com\/pt\/mercado-automovel-cresceu-18-em-fevereiro\/#primaryimage","url":"https:\/\/jornaldasoficinas.com\/pt\/wp-content\/uploads\/2026\/Mercado-automovel-cresceu-18-em-fevereiro.jpg","contentUrl":"https:\/\/jornaldasoficinas.com\/pt\/wp-content\/uploads\/2026\/Mercado-automovel-cresceu-18-em-fevereiro.jpg","width":1024,"height":581,"caption":"Trabalhadores da f\u00e1brica Autoeuropa do grupo alem\u00e3o Volkswagen operam a linha de montagem automovel numa altura em que se celebram os 20 anos do in\u00edcio da produ\u00e7\u00e3o da Autoeuropa em Portugal, em Palmela, concelho de Set\u00fabal, 24 de abril de 2015. M\u00c1RIO CRUZ\/LUSA"},{"@type":"BreadcrumbList","@id":"https:\/\/jornaldasoficinas.com\/pt\/mercado-automovel-cresceu-18-em-fevereiro\/#breadcrumb","itemListElement":[{"@type":"ListItem","position":1,"name":"In\u00edcio","item":"https:\/\/jornaldasoficinas.com\/pt\/"},{"@type":"ListItem","position":2,"name":"Mercado autom\u00f3vel cresceu 1,8% em fevereiro"}]},{"@type":"WebSite","@id":"https:\/\/jornaldasoficinas.com\/pt\/#website","url":"https:\/\/jornaldasoficinas.com\/pt\/","name":"Jornal das Oficinas","description":"Jornal independente do Aftermarket Autom\u00f3vel em Portugal","publisher":{"@id":"https:\/\/jornaldasoficinas.com\/pt\/#organization"},"potentialAction":[{"@type":"SearchAction","target":{"@type":"EntryPoint","urlTemplate":"https:\/\/jornaldasoficinas.com\/pt\/?s={search_term_string}"},"query-input":{"@type":"PropertyValueSpecification","valueRequired":true,"valueName":"search_term_string"}}],"inLanguage":"pt-PT"},{"@type":"Organization","@id":"https:\/\/jornaldasoficinas.com\/pt\/#organization","name":"Jornal das Oficinas","url":"https:\/\/jornaldasoficinas.com\/pt\/","logo":{"@type":"ImageObject","inLanguage":"pt-PT","@id":"https:\/\/jornaldasoficinas.com\/pt\/#\/schema\/logo\/image\/","url":"https:\/\/jornaldasoficinas.com\/pt\/wp-content\/uploads\/logoJO-SEO.png","contentUrl":"https:\/\/jornaldasoficinas.com\/pt\/wp-content\/uploads\/logoJO-SEO.png","width":285,"height":450,"caption":"Jornal das Oficinas"},"image":{"@id":"https:\/\/jornaldasoficinas.com\/pt\/#\/schema\/logo\/image\/"},"sameAs":["https:\/\/www.facebook.com\/jornaloficinas","https:\/\/x.com\/jornaloficinas","https:\/\/www.instagram.com\/jornal_oficinas\/","https:\/\/www.linkedin.com\/company\/jornal-das-oficinas\/","https:\/\/www.youtube.com\/channel\/UCbQZBqtcvV-oSQrr7RzINGg"]},{"@type":"Person","@id":"https:\/\/jornaldasoficinas.com\/pt\/#\/schema\/person\/a38eef5de2c41d9e7c9ac10141afddf3","name":"Reda\u00e7\u00e3o JO","image":{"@type":"ImageObject","inLanguage":"pt-PT","@id":"https:\/\/secure.gravatar.com\/avatar\/71f2fa71737ad68a84fea94bc708ddac8ea5b0c4788dc2ad202f3ccb2887742f?s=96&d=wp_user_avatar&r=g","url":"https:\/\/secure.gravatar.com\/avatar\/71f2fa71737ad68a84fea94bc708ddac8ea5b0c4788dc2ad202f3ccb2887742f?s=96&d=wp_user_avatar&r=g","contentUrl":"https:\/\/secure.gravatar.com\/avatar\/71f2fa71737ad68a84fea94bc708ddac8ea5b0c4788dc2ad202f3ccb2887742f?s=96&d=wp_user_avatar&r=g","caption":"Reda\u00e7\u00e3o JO"},"url":"https:\/\/jornaldasoficinas.com\/pt\/author\/joredacao\/"}]}},"_links":{"self":[{"href":"https:\/\/jornaldasoficinas.com\/pt\/wp-json\/wp\/v2\/posts\/113800","targetHints":{"allow":["GET"]}}],"collection":[{"href":"https:\/\/jornaldasoficinas.com\/pt\/wp-json\/wp\/v2\/posts"}],"about":[{"href":"https:\/\/jornaldasoficinas.com\/pt\/wp-json\/wp\/v2\/types\/post"}],"author":[{"embeddable":true,"href":"https:\/\/jornaldasoficinas.com\/pt\/wp-json\/wp\/v2\/users\/15"}],"replies":[{"embeddable":true,"href":"https:\/\/jornaldasoficinas.com\/pt\/wp-json\/wp\/v2\/comments?post=113800"}],"version-history":[{"count":4,"href":"https:\/\/jornaldasoficinas.com\/pt\/wp-json\/wp\/v2\/posts\/113800\/revisions"}],"predecessor-version":[{"id":113806,"href":"https:\/\/jornaldasoficinas.com\/pt\/wp-json\/wp\/v2\/posts\/113800\/revisions\/113806"}],"wp:featuredmedia":[{"embeddable":true,"href":"https:\/\/jornaldasoficinas.com\/pt\/wp-json\/wp\/v2\/media\/113805"}],"wp:attachment":[{"href":"https:\/\/jornaldasoficinas.com\/pt\/wp-json\/wp\/v2\/media?parent=113800"}],"wp:term":[{"taxonomy":"category","embeddable":true,"href":"https:\/\/jornaldasoficinas.com\/pt\/wp-json\/wp\/v2\/categories?post=113800"},{"taxonomy":"post_tag","embeddable":true,"href":"https:\/\/jornaldasoficinas.com\/pt\/wp-json\/wp\/v2\/tags?post=113800"}],"curies":[{"name":"wp","href":"https:\/\/api.w.org\/{rel}","templated":true}]}}