{"id":113820,"date":"2026-03-06T18:00:46","date_gmt":"2026-03-06T18:00:46","guid":{"rendered":"https:\/\/jornaldasoficinas.com\/pt\/?p=113820"},"modified":"2026-03-04T17:50:38","modified_gmt":"2026-03-04T17:50:38","slug":"fare-alerta-para-verificacao-da-tampa-do-termostato-no-inverno","status":"publish","type":"post","link":"https:\/\/jornaldasoficinas.com\/pt\/fare-alerta-para-verificacao-da-tampa-do-termostato-no-inverno\/","title":{"rendered":"FARE alerta para verifica\u00e7\u00e3o da tampa do term\u00f3stato no inverno"},"content":{"rendered":"<p><strong><img loading=\"lazy\" decoding=\"async\" class=\"alignnone size-full wp-image-113829\" src=\"https:\/\/jornaldasoficinas.com\/pt\/wp-content\/uploads\/2026\/03\/FARE-alerta-para-verificacao-da-tampa-do-termostato-no-inverno.jpg\" alt=\"03 - FARE alerta para verificacao da tampa do termostato no inverno\" width=\"1024\" height=\"581\" srcset=\"https:\/\/jornaldasoficinas.com\/pt\/wp-content\/uploads\/2026\/03\/FARE-alerta-para-verificacao-da-tampa-do-termostato-no-inverno.jpg 1024w, https:\/\/jornaldasoficinas.com\/pt\/wp-content\/uploads\/2026\/03\/FARE-alerta-para-verificacao-da-tampa-do-termostato-no-inverno-300x170.jpg 300w, https:\/\/jornaldasoficinas.com\/pt\/wp-content\/uploads\/2026\/03\/FARE-alerta-para-verificacao-da-tampa-do-termostato-no-inverno-150x85.jpg 150w, https:\/\/jornaldasoficinas.com\/pt\/wp-content\/uploads\/2026\/03\/FARE-alerta-para-verificacao-da-tampa-do-termostato-no-inverno-768x436.jpg 768w\" sizes=\"auto, (max-width: 1024px) 100vw, 1024px\" \/><\/strong><\/p>\n<p><strong>Com a chegada do inverno, a <a href=\"https:\/\/www.fare-auto.com\/\" target=\"_blank\" rel=\"noopener\">FARE<\/a> recomenda \u00e0s oficinas a verifica\u00e7\u00e3o da tampa do term\u00f3stato como medida preventiva para evitar fugas, falhas de estanquidade e problemas no sistema de refrigera\u00e7\u00e3o do motor<\/strong><\/p>\n<p>Segundo a empresa, durante os meses mais frios o sistema de refrigera\u00e7\u00e3o trabalha em condi\u00e7\u00f5es mais exigentes, o que torna essencial garantir que todos os componentes se encontram em bom estado. &#8220;Uma tampa de term\u00f3stato em mau estado pode comprometer a estanquidade do circuito, alterar a temperatura de funcionamento e provocar avarias dispendiosas&#8221;, alertou a FARE.<\/p>\n<p><strong>Inspe\u00e7\u00e3o visual e controlo de desgaste<\/strong><\/p>\n<p>As tampas do term\u00f3stato est\u00e3o sujeitas a constantes varia\u00e7\u00f5es t\u00e9rmicas. Por isso, \u00e9 recomendada uma inspe\u00e7\u00e3o visual para identificar fissuras, deforma\u00e7\u00f5es ou desgaste nos pontos de fixa\u00e7\u00e3o. Mesmo danos aparentemente ligeiros podem originar fugas progressivas de l\u00edquido de refrigera\u00e7\u00e3o.<\/p>\n<p><strong>Verifica\u00e7\u00e3o das juntas e estanquidade<\/strong><\/p>\n<p>De acordo com a FARE, muitas falhas est\u00e3o associadas a juntas endurecidas, esmagadas ou mal posicionadas. &#8220;Recomenda-se substituir as juntas sempre que a tampa seja removida e limpar cuidadosamente as superf\u00edcies de contacto para garantir uma veda\u00e7\u00e3o adequada&#8221;, refere a empresa.<\/p>\n<p><strong>Teste de press\u00e3o do sistema<\/strong><\/p>\n<p>Antes de concluir uma interven\u00e7\u00e3o, \u00e9 aconselh\u00e1vel realizar um teste de press\u00e3o do circuito e verificar a exist\u00eancia de res\u00edduos de l\u00edquido de refrigera\u00e7\u00e3o cristalizado. A FARE recomenda tamb\u00e9m confirmar se o term\u00f3stato abre e fecha corretamente, uma vez que um funcionamento incorreto pode provocar sobreaquecimentos mesmo em condi\u00e7\u00f5es de inverno.<\/p>\n<p><strong>Riscos espec\u00edficos no inverno<\/strong><\/p>\n<p>As baixas temperaturas podem favorecer a contra\u00e7\u00e3o dos materiais e aumentar o risco de fissuras ou falhas nas juntas, originando fugas no sistema. Uma perda de press\u00e3o pode ainda alterar a temperatura de servi\u00e7o e comprometer o desempenho do motor.<\/p>\n<p><strong>Gama ampla e materiais resistentes<\/strong><\/p>\n<p>A FARE sublinha que trabalha para oferecer &#8220;uma gama de tampas de term\u00f3stato que combine fiabilidade, durabilidade e uma cobertura capaz de responder \u00e0s necessidades reais do mercado.&#8221; O cat\u00e1logo da empresa inclui mais de 500 refer\u00eancias, compat\u00edveis com mais de 43.000 aplica\u00e7\u00f5es e mais de 40 marcas de ve\u00edculos.<\/p>\n<p>A empresa destaca tamb\u00e9m a import\u00e2ncia das mat\u00e9rias-primas utilizadas. &#8220;Selecionamos materiais resistentes \u00e0 temperatura, press\u00e3o e fadiga t\u00e9rmica, garantindo que cada tampa mant\u00e9m a sua integridade mesmo em condi\u00e7\u00f5es exigentes de funcionamento&#8221;, explica.<\/p>\n<p><strong>Controlo de qualidade<\/strong><\/p>\n<p>Segundo a FARE, o departamento de qualidade realiza controlos peri\u00f3dicos para garantir que cada pe\u00e7a cumpre os padr\u00f5es estabelecidos, assegurando um produto final fi\u00e1vel e preparado para uma longa vida \u00fatil.<\/p>\n<p>Al\u00e9m disso, muitas refer\u00eancias da gama incluem sensores e juntas, permitindo uma substitui\u00e7\u00e3o completa e segura do componente e simplificando o processo de montagem em oficina.<\/p>\n","protected":false},"excerpt":{"rendered":"<p>Com a chegada do inverno, a&#8230;<\/p>\n","protected":false},"author":15,"featured_media":113829,"comment_status":"closed","ping_status":"closed","sticky":false,"template":"","format":"standard","meta":{"footnotes":""},"categories":[37],"tags":[14685,2938,14686,386,9156,14684],"class_list":["post-113820","post","type-post","status-publish","format-standard","has-post-thumbnail","hentry","category-mercado","tag-controlo-de-desgaste","tag-fare","tag-inspecao-visual","tag-oficinas","tag-recomendacoes","tag-tampa-do-termostato"],"yoast_head":"<!-- This site is optimized with the Yoast SEO plugin v27.5 - https:\/\/yoast.com\/product\/yoast-seo-wordpress\/ -->\n<title>FARE alerta para verifica\u00e7\u00e3o da tampa do term\u00f3stato no inverno - Jornal das Oficinas<\/title>\n<meta name=\"description\" content=\"Com a chegada do inverno, a FARE recomenda \u00e0s oficinas a verifica\u00e7\u00e3o da tampa do term\u00f3stato como medida preventiva\" \/>\n<meta name=\"robots\" content=\"index, follow, max-snippet:-1, max-image-preview:large, max-video-preview:-1\" \/>\n<link rel=\"canonical\" href=\"https:\/\/jornaldasoficinas.com\/pt\/fare-alerta-para-verificacao-da-tampa-do-termostato-no-inverno\/\" \/>\n<meta property=\"og:locale\" content=\"pt_PT\" \/>\n<meta property=\"og:type\" content=\"article\" \/>\n<meta property=\"og:title\" content=\"FARE alerta para verifica\u00e7\u00e3o da tampa do term\u00f3stato no inverno - Jornal das Oficinas\" \/>\n<meta property=\"og:description\" content=\"Com a chegada do inverno, a FARE recomenda \u00e0s oficinas a verifica\u00e7\u00e3o da tampa do term\u00f3stato como medida preventiva\" \/>\n<meta property=\"og:url\" content=\"https:\/\/jornaldasoficinas.com\/pt\/fare-alerta-para-verificacao-da-tampa-do-termostato-no-inverno\/\" \/>\n<meta property=\"og:site_name\" content=\"Jornal das Oficinas\" \/>\n<meta property=\"article:publisher\" content=\"https:\/\/www.facebook.com\/jornaloficinas\" \/>\n<meta property=\"article:published_time\" content=\"2026-03-06T18:00:46+00:00\" \/>\n<meta property=\"og:image\" content=\"https:\/\/jornaldasoficinas.com\/pt\/wp-content\/uploads\/2026\/03\/FARE-alerta-para-verificacao-da-tampa-do-termostato-no-inverno.jpg\" \/>\n\t<meta property=\"og:image:width\" content=\"1024\" \/>\n\t<meta property=\"og:image:height\" content=\"581\" \/>\n\t<meta property=\"og:image:type\" content=\"image\/jpeg\" \/>\n<meta name=\"author\" content=\"Reda\u00e7\u00e3o JO\" \/>\n<meta name=\"twitter:card\" content=\"summary_large_image\" \/>\n<meta name=\"twitter:creator\" content=\"@jornaloficinas\" \/>\n<meta name=\"twitter:site\" content=\"@jornaloficinas\" \/>\n<meta name=\"twitter:label1\" content=\"Escrito por\" \/>\n\t<meta name=\"twitter:data1\" content=\"Reda\u00e7\u00e3o JO\" \/>\n\t<meta name=\"twitter:label2\" content=\"Tempo estimado de leitura\" \/>\n\t<meta name=\"twitter:data2\" content=\"3 minutos\" \/>\n<script type=\"application\/ld+json\" class=\"yoast-schema-graph\">{\"@context\":\"https:\\\/\\\/schema.org\",\"@graph\":[{\"@type\":\"Article\",\"@id\":\"https:\\\/\\\/jornaldasoficinas.com\\\/pt\\\/fare-alerta-para-verificacao-da-tampa-do-termostato-no-inverno\\\/#article\",\"isPartOf\":{\"@id\":\"https:\\\/\\\/jornaldasoficinas.com\\\/pt\\\/fare-alerta-para-verificacao-da-tampa-do-termostato-no-inverno\\\/\"},\"author\":{\"name\":\"Reda\u00e7\u00e3o JO\",\"@id\":\"https:\\\/\\\/jornaldasoficinas.com\\\/pt\\\/#\\\/schema\\\/person\\\/a38eef5de2c41d9e7c9ac10141afddf3\"},\"headline\":\"FARE alerta para verifica\u00e7\u00e3o da tampa do term\u00f3stato no inverno\",\"datePublished\":\"2026-03-06T18:00:46+00:00\",\"mainEntityOfPage\":{\"@id\":\"https:\\\/\\\/jornaldasoficinas.com\\\/pt\\\/fare-alerta-para-verificacao-da-tampa-do-termostato-no-inverno\\\/\"},\"wordCount\":489,\"publisher\":{\"@id\":\"https:\\\/\\\/jornaldasoficinas.com\\\/pt\\\/#organization\"},\"image\":{\"@id\":\"https:\\\/\\\/jornaldasoficinas.com\\\/pt\\\/fare-alerta-para-verificacao-da-tampa-do-termostato-no-inverno\\\/#primaryimage\"},\"thumbnailUrl\":\"https:\\\/\\\/jornaldasoficinas.com\\\/pt\\\/wp-content\\\/uploads\\\/2026\\\/03\\\/FARE-alerta-para-verificacao-da-tampa-do-termostato-no-inverno.jpg\",\"keywords\":[\"controlo de desgaste\",\"Fare\",\"inspe\u00e7\u00e3o visual\",\"Oficinas\",\"recomenda\u00e7\u00f5es\",\"tampa do term\u00f3stato\"],\"articleSection\":[\"Mercado\"],\"inLanguage\":\"pt-PT\"},{\"@type\":\"WebPage\",\"@id\":\"https:\\\/\\\/jornaldasoficinas.com\\\/pt\\\/fare-alerta-para-verificacao-da-tampa-do-termostato-no-inverno\\\/\",\"url\":\"https:\\\/\\\/jornaldasoficinas.com\\\/pt\\\/fare-alerta-para-verificacao-da-tampa-do-termostato-no-inverno\\\/\",\"name\":\"FARE alerta para verifica\u00e7\u00e3o da tampa do term\u00f3stato no inverno - Jornal das Oficinas\",\"isPartOf\":{\"@id\":\"https:\\\/\\\/jornaldasoficinas.com\\\/pt\\\/#website\"},\"primaryImageOfPage\":{\"@id\":\"https:\\\/\\\/jornaldasoficinas.com\\\/pt\\\/fare-alerta-para-verificacao-da-tampa-do-termostato-no-inverno\\\/#primaryimage\"},\"image\":{\"@id\":\"https:\\\/\\\/jornaldasoficinas.com\\\/pt\\\/fare-alerta-para-verificacao-da-tampa-do-termostato-no-inverno\\\/#primaryimage\"},\"thumbnailUrl\":\"https:\\\/\\\/jornaldasoficinas.com\\\/pt\\\/wp-content\\\/uploads\\\/2026\\\/03\\\/FARE-alerta-para-verificacao-da-tampa-do-termostato-no-inverno.jpg\",\"datePublished\":\"2026-03-06T18:00:46+00:00\",\"description\":\"Com a chegada do inverno, a FARE recomenda \u00e0s oficinas a verifica\u00e7\u00e3o da tampa do term\u00f3stato como medida preventiva\",\"breadcrumb\":{\"@id\":\"https:\\\/\\\/jornaldasoficinas.com\\\/pt\\\/fare-alerta-para-verificacao-da-tampa-do-termostato-no-inverno\\\/#breadcrumb\"},\"inLanguage\":\"pt-PT\",\"potentialAction\":[{\"@type\":\"ReadAction\",\"target\":[\"https:\\\/\\\/jornaldasoficinas.com\\\/pt\\\/fare-alerta-para-verificacao-da-tampa-do-termostato-no-inverno\\\/\"]}]},{\"@type\":\"ImageObject\",\"inLanguage\":\"pt-PT\",\"@id\":\"https:\\\/\\\/jornaldasoficinas.com\\\/pt\\\/fare-alerta-para-verificacao-da-tampa-do-termostato-no-inverno\\\/#primaryimage\",\"url\":\"https:\\\/\\\/jornaldasoficinas.com\\\/pt\\\/wp-content\\\/uploads\\\/2026\\\/03\\\/FARE-alerta-para-verificacao-da-tampa-do-termostato-no-inverno.jpg\",\"contentUrl\":\"https:\\\/\\\/jornaldasoficinas.com\\\/pt\\\/wp-content\\\/uploads\\\/2026\\\/03\\\/FARE-alerta-para-verificacao-da-tampa-do-termostato-no-inverno.jpg\",\"width\":1024,\"height\":581,\"caption\":\"03 - FARE alerta para verificacao da tampa do termostato no inverno\"},{\"@type\":\"BreadcrumbList\",\"@id\":\"https:\\\/\\\/jornaldasoficinas.com\\\/pt\\\/fare-alerta-para-verificacao-da-tampa-do-termostato-no-inverno\\\/#breadcrumb\",\"itemListElement\":[{\"@type\":\"ListItem\",\"position\":1,\"name\":\"In\u00edcio\",\"item\":\"https:\\\/\\\/jornaldasoficinas.com\\\/pt\\\/\"},{\"@type\":\"ListItem\",\"position\":2,\"name\":\"FARE alerta para verifica\u00e7\u00e3o da tampa do term\u00f3stato no inverno\"}]},{\"@type\":\"WebSite\",\"@id\":\"https:\\\/\\\/jornaldasoficinas.com\\\/pt\\\/#website\",\"url\":\"https:\\\/\\\/jornaldasoficinas.com\\\/pt\\\/\",\"name\":\"Jornal das Oficinas\",\"description\":\"Jornal independente do Aftermarket Autom\u00f3vel em Portugal\",\"publisher\":{\"@id\":\"https:\\\/\\\/jornaldasoficinas.com\\\/pt\\\/#organization\"},\"potentialAction\":[{\"@type\":\"SearchAction\",\"target\":{\"@type\":\"EntryPoint\",\"urlTemplate\":\"https:\\\/\\\/jornaldasoficinas.com\\\/pt\\\/?s={search_term_string}\"},\"query-input\":{\"@type\":\"PropertyValueSpecification\",\"valueRequired\":true,\"valueName\":\"search_term_string\"}}],\"inLanguage\":\"pt-PT\"},{\"@type\":\"Organization\",\"@id\":\"https:\\\/\\\/jornaldasoficinas.com\\\/pt\\\/#organization\",\"name\":\"Jornal das Oficinas\",\"url\":\"https:\\\/\\\/jornaldasoficinas.com\\\/pt\\\/\",\"logo\":{\"@type\":\"ImageObject\",\"inLanguage\":\"pt-PT\",\"@id\":\"https:\\\/\\\/jornaldasoficinas.com\\\/pt\\\/#\\\/schema\\\/logo\\\/image\\\/\",\"url\":\"https:\\\/\\\/jornaldasoficinas.com\\\/pt\\\/wp-content\\\/uploads\\\/logoJO-SEO.png\",\"contentUrl\":\"https:\\\/\\\/jornaldasoficinas.com\\\/pt\\\/wp-content\\\/uploads\\\/logoJO-SEO.png\",\"width\":285,\"height\":450,\"caption\":\"Jornal das Oficinas\"},\"image\":{\"@id\":\"https:\\\/\\\/jornaldasoficinas.com\\\/pt\\\/#\\\/schema\\\/logo\\\/image\\\/\"},\"sameAs\":[\"https:\\\/\\\/www.facebook.com\\\/jornaloficinas\",\"https:\\\/\\\/x.com\\\/jornaloficinas\",\"https:\\\/\\\/www.instagram.com\\\/jornal_oficinas\\\/\",\"https:\\\/\\\/www.linkedin.com\\\/company\\\/jornal-das-oficinas\\\/\",\"https:\\\/\\\/www.youtube.com\\\/channel\\\/UCbQZBqtcvV-oSQrr7RzINGg\"]},{\"@type\":\"Person\",\"@id\":\"https:\\\/\\\/jornaldasoficinas.com\\\/pt\\\/#\\\/schema\\\/person\\\/a38eef5de2c41d9e7c9ac10141afddf3\",\"name\":\"Reda\u00e7\u00e3o JO\",\"image\":{\"@type\":\"ImageObject\",\"inLanguage\":\"pt-PT\",\"@id\":\"https:\\\/\\\/secure.gravatar.com\\\/avatar\\\/71f2fa71737ad68a84fea94bc708ddac8ea5b0c4788dc2ad202f3ccb2887742f?s=96&d=wp_user_avatar&r=g\",\"url\":\"https:\\\/\\\/secure.gravatar.com\\\/avatar\\\/71f2fa71737ad68a84fea94bc708ddac8ea5b0c4788dc2ad202f3ccb2887742f?s=96&d=wp_user_avatar&r=g\",\"contentUrl\":\"https:\\\/\\\/secure.gravatar.com\\\/avatar\\\/71f2fa71737ad68a84fea94bc708ddac8ea5b0c4788dc2ad202f3ccb2887742f?s=96&d=wp_user_avatar&r=g\",\"caption\":\"Reda\u00e7\u00e3o JO\"},\"url\":\"https:\\\/\\\/jornaldasoficinas.com\\\/pt\\\/author\\\/joredacao\\\/\"}]}<\/script>\n<!-- \/ Yoast SEO plugin. -->","yoast_head_json":{"title":"FARE alerta para verifica\u00e7\u00e3o da tampa do term\u00f3stato no inverno - Jornal das Oficinas","description":"Com a chegada do inverno, a FARE recomenda \u00e0s oficinas a verifica\u00e7\u00e3o da tampa do term\u00f3stato como medida preventiva","robots":{"index":"index","follow":"follow","max-snippet":"max-snippet:-1","max-image-preview":"max-image-preview:large","max-video-preview":"max-video-preview:-1"},"canonical":"https:\/\/jornaldasoficinas.com\/pt\/fare-alerta-para-verificacao-da-tampa-do-termostato-no-inverno\/","og_locale":"pt_PT","og_type":"article","og_title":"FARE alerta para verifica\u00e7\u00e3o da tampa do term\u00f3stato no inverno - Jornal das Oficinas","og_description":"Com a chegada do inverno, a FARE recomenda \u00e0s oficinas a verifica\u00e7\u00e3o da tampa do term\u00f3stato como medida preventiva","og_url":"https:\/\/jornaldasoficinas.com\/pt\/fare-alerta-para-verificacao-da-tampa-do-termostato-no-inverno\/","og_site_name":"Jornal das Oficinas","article_publisher":"https:\/\/www.facebook.com\/jornaloficinas","article_published_time":"2026-03-06T18:00:46+00:00","og_image":[{"width":1024,"height":581,"url":"https:\/\/jornaldasoficinas.com\/pt\/wp-content\/uploads\/2026\/03\/FARE-alerta-para-verificacao-da-tampa-do-termostato-no-inverno.jpg","type":"image\/jpeg"}],"author":"Reda\u00e7\u00e3o JO","twitter_card":"summary_large_image","twitter_creator":"@jornaloficinas","twitter_site":"@jornaloficinas","twitter_misc":{"Escrito por":"Reda\u00e7\u00e3o JO","Tempo estimado de leitura":"3 minutos"},"schema":{"@context":"https:\/\/schema.org","@graph":[{"@type":"Article","@id":"https:\/\/jornaldasoficinas.com\/pt\/fare-alerta-para-verificacao-da-tampa-do-termostato-no-inverno\/#article","isPartOf":{"@id":"https:\/\/jornaldasoficinas.com\/pt\/fare-alerta-para-verificacao-da-tampa-do-termostato-no-inverno\/"},"author":{"name":"Reda\u00e7\u00e3o JO","@id":"https:\/\/jornaldasoficinas.com\/pt\/#\/schema\/person\/a38eef5de2c41d9e7c9ac10141afddf3"},"headline":"FARE alerta para verifica\u00e7\u00e3o da tampa do term\u00f3stato no inverno","datePublished":"2026-03-06T18:00:46+00:00","mainEntityOfPage":{"@id":"https:\/\/jornaldasoficinas.com\/pt\/fare-alerta-para-verificacao-da-tampa-do-termostato-no-inverno\/"},"wordCount":489,"publisher":{"@id":"https:\/\/jornaldasoficinas.com\/pt\/#organization"},"image":{"@id":"https:\/\/jornaldasoficinas.com\/pt\/fare-alerta-para-verificacao-da-tampa-do-termostato-no-inverno\/#primaryimage"},"thumbnailUrl":"https:\/\/jornaldasoficinas.com\/pt\/wp-content\/uploads\/2026\/03\/FARE-alerta-para-verificacao-da-tampa-do-termostato-no-inverno.jpg","keywords":["controlo de desgaste","Fare","inspe\u00e7\u00e3o visual","Oficinas","recomenda\u00e7\u00f5es","tampa do term\u00f3stato"],"articleSection":["Mercado"],"inLanguage":"pt-PT"},{"@type":"WebPage","@id":"https:\/\/jornaldasoficinas.com\/pt\/fare-alerta-para-verificacao-da-tampa-do-termostato-no-inverno\/","url":"https:\/\/jornaldasoficinas.com\/pt\/fare-alerta-para-verificacao-da-tampa-do-termostato-no-inverno\/","name":"FARE alerta para verifica\u00e7\u00e3o da tampa do term\u00f3stato no inverno - Jornal das Oficinas","isPartOf":{"@id":"https:\/\/jornaldasoficinas.com\/pt\/#website"},"primaryImageOfPage":{"@id":"https:\/\/jornaldasoficinas.com\/pt\/fare-alerta-para-verificacao-da-tampa-do-termostato-no-inverno\/#primaryimage"},"image":{"@id":"https:\/\/jornaldasoficinas.com\/pt\/fare-alerta-para-verificacao-da-tampa-do-termostato-no-inverno\/#primaryimage"},"thumbnailUrl":"https:\/\/jornaldasoficinas.com\/pt\/wp-content\/uploads\/2026\/03\/FARE-alerta-para-verificacao-da-tampa-do-termostato-no-inverno.jpg","datePublished":"2026-03-06T18:00:46+00:00","description":"Com a chegada do inverno, a FARE recomenda \u00e0s oficinas a verifica\u00e7\u00e3o da tampa do term\u00f3stato como medida preventiva","breadcrumb":{"@id":"https:\/\/jornaldasoficinas.com\/pt\/fare-alerta-para-verificacao-da-tampa-do-termostato-no-inverno\/#breadcrumb"},"inLanguage":"pt-PT","potentialAction":[{"@type":"ReadAction","target":["https:\/\/jornaldasoficinas.com\/pt\/fare-alerta-para-verificacao-da-tampa-do-termostato-no-inverno\/"]}]},{"@type":"ImageObject","inLanguage":"pt-PT","@id":"https:\/\/jornaldasoficinas.com\/pt\/fare-alerta-para-verificacao-da-tampa-do-termostato-no-inverno\/#primaryimage","url":"https:\/\/jornaldasoficinas.com\/pt\/wp-content\/uploads\/2026\/03\/FARE-alerta-para-verificacao-da-tampa-do-termostato-no-inverno.jpg","contentUrl":"https:\/\/jornaldasoficinas.com\/pt\/wp-content\/uploads\/2026\/03\/FARE-alerta-para-verificacao-da-tampa-do-termostato-no-inverno.jpg","width":1024,"height":581,"caption":"03 - FARE alerta para verificacao da tampa do termostato no inverno"},{"@type":"BreadcrumbList","@id":"https:\/\/jornaldasoficinas.com\/pt\/fare-alerta-para-verificacao-da-tampa-do-termostato-no-inverno\/#breadcrumb","itemListElement":[{"@type":"ListItem","position":1,"name":"In\u00edcio","item":"https:\/\/jornaldasoficinas.com\/pt\/"},{"@type":"ListItem","position":2,"name":"FARE alerta para verifica\u00e7\u00e3o da tampa do term\u00f3stato no inverno"}]},{"@type":"WebSite","@id":"https:\/\/jornaldasoficinas.com\/pt\/#website","url":"https:\/\/jornaldasoficinas.com\/pt\/","name":"Jornal das Oficinas","description":"Jornal independente do Aftermarket Autom\u00f3vel em Portugal","publisher":{"@id":"https:\/\/jornaldasoficinas.com\/pt\/#organization"},"potentialAction":[{"@type":"SearchAction","target":{"@type":"EntryPoint","urlTemplate":"https:\/\/jornaldasoficinas.com\/pt\/?s={search_term_string}"},"query-input":{"@type":"PropertyValueSpecification","valueRequired":true,"valueName":"search_term_string"}}],"inLanguage":"pt-PT"},{"@type":"Organization","@id":"https:\/\/jornaldasoficinas.com\/pt\/#organization","name":"Jornal das Oficinas","url":"https:\/\/jornaldasoficinas.com\/pt\/","logo":{"@type":"ImageObject","inLanguage":"pt-PT","@id":"https:\/\/jornaldasoficinas.com\/pt\/#\/schema\/logo\/image\/","url":"https:\/\/jornaldasoficinas.com\/pt\/wp-content\/uploads\/logoJO-SEO.png","contentUrl":"https:\/\/jornaldasoficinas.com\/pt\/wp-content\/uploads\/logoJO-SEO.png","width":285,"height":450,"caption":"Jornal das Oficinas"},"image":{"@id":"https:\/\/jornaldasoficinas.com\/pt\/#\/schema\/logo\/image\/"},"sameAs":["https:\/\/www.facebook.com\/jornaloficinas","https:\/\/x.com\/jornaloficinas","https:\/\/www.instagram.com\/jornal_oficinas\/","https:\/\/www.linkedin.com\/company\/jornal-das-oficinas\/","https:\/\/www.youtube.com\/channel\/UCbQZBqtcvV-oSQrr7RzINGg"]},{"@type":"Person","@id":"https:\/\/jornaldasoficinas.com\/pt\/#\/schema\/person\/a38eef5de2c41d9e7c9ac10141afddf3","name":"Reda\u00e7\u00e3o JO","image":{"@type":"ImageObject","inLanguage":"pt-PT","@id":"https:\/\/secure.gravatar.com\/avatar\/71f2fa71737ad68a84fea94bc708ddac8ea5b0c4788dc2ad202f3ccb2887742f?s=96&d=wp_user_avatar&r=g","url":"https:\/\/secure.gravatar.com\/avatar\/71f2fa71737ad68a84fea94bc708ddac8ea5b0c4788dc2ad202f3ccb2887742f?s=96&d=wp_user_avatar&r=g","contentUrl":"https:\/\/secure.gravatar.com\/avatar\/71f2fa71737ad68a84fea94bc708ddac8ea5b0c4788dc2ad202f3ccb2887742f?s=96&d=wp_user_avatar&r=g","caption":"Reda\u00e7\u00e3o JO"},"url":"https:\/\/jornaldasoficinas.com\/pt\/author\/joredacao\/"}]}},"_links":{"self":[{"href":"https:\/\/jornaldasoficinas.com\/pt\/wp-json\/wp\/v2\/posts\/113820","targetHints":{"allow":["GET"]}}],"collection":[{"href":"https:\/\/jornaldasoficinas.com\/pt\/wp-json\/wp\/v2\/posts"}],"about":[{"href":"https:\/\/jornaldasoficinas.com\/pt\/wp-json\/wp\/v2\/types\/post"}],"author":[{"embeddable":true,"href":"https:\/\/jornaldasoficinas.com\/pt\/wp-json\/wp\/v2\/users\/15"}],"replies":[{"embeddable":true,"href":"https:\/\/jornaldasoficinas.com\/pt\/wp-json\/wp\/v2\/comments?post=113820"}],"version-history":[{"count":7,"href":"https:\/\/jornaldasoficinas.com\/pt\/wp-json\/wp\/v2\/posts\/113820\/revisions"}],"predecessor-version":[{"id":113830,"href":"https:\/\/jornaldasoficinas.com\/pt\/wp-json\/wp\/v2\/posts\/113820\/revisions\/113830"}],"wp:featuredmedia":[{"embeddable":true,"href":"https:\/\/jornaldasoficinas.com\/pt\/wp-json\/wp\/v2\/media\/113829"}],"wp:attachment":[{"href":"https:\/\/jornaldasoficinas.com\/pt\/wp-json\/wp\/v2\/media?parent=113820"}],"wp:term":[{"taxonomy":"category","embeddable":true,"href":"https:\/\/jornaldasoficinas.com\/pt\/wp-json\/wp\/v2\/categories?post=113820"},{"taxonomy":"post_tag","embeddable":true,"href":"https:\/\/jornaldasoficinas.com\/pt\/wp-json\/wp\/v2\/tags?post=113820"}],"curies":[{"name":"wp","href":"https:\/\/api.w.org\/{rel}","templated":true}]}}