{"id":113886,"date":"2026-03-10T14:00:09","date_gmt":"2026-03-10T14:00:09","guid":{"rendered":"https:\/\/jornaldasoficinas.com\/pt\/?p=113886"},"modified":"2026-03-05T15:54:25","modified_gmt":"2026-03-05T15:54:25","slug":"auto-reparadora-vale-milhacos-e-novamente-oficina-de-confianca-acap","status":"publish","type":"post","link":"https:\/\/jornaldasoficinas.com\/pt\/auto-reparadora-vale-milhacos-e-novamente-oficina-de-confianca-acap\/","title":{"rendered":"Auto Reparadora Vale Milha\u00e7os \u00e9 novamente \u201cOficina de Confian\u00e7a ACAP\u201d"},"content":{"rendered":"<p><strong><img loading=\"lazy\" decoding=\"async\" class=\"alignnone size-full wp-image-113895\" src=\"https:\/\/jornaldasoficinas.com\/pt\/wp-content\/uploads\/2026\/03\/Auto-Reparadora-Vale-Milhacos-e-novamente-Oficina-de-Confianca-ACAP.jpeg\" alt=\"03 - Auto Reparadora Vale Milhacos e novamente Oficina de Confianca ACAP\" width=\"1024\" height=\"581\" srcset=\"https:\/\/jornaldasoficinas.com\/pt\/wp-content\/uploads\/2026\/03\/Auto-Reparadora-Vale-Milhacos-e-novamente-Oficina-de-Confianca-ACAP.jpeg 1024w, https:\/\/jornaldasoficinas.com\/pt\/wp-content\/uploads\/2026\/03\/Auto-Reparadora-Vale-Milhacos-e-novamente-Oficina-de-Confianca-ACAP-300x170.jpeg 300w, https:\/\/jornaldasoficinas.com\/pt\/wp-content\/uploads\/2026\/03\/Auto-Reparadora-Vale-Milhacos-e-novamente-Oficina-de-Confianca-ACAP-150x85.jpeg 150w, https:\/\/jornaldasoficinas.com\/pt\/wp-content\/uploads\/2026\/03\/Auto-Reparadora-Vale-Milhacos-e-novamente-Oficina-de-Confianca-ACAP-768x436.jpeg 768w\" sizes=\"auto, (max-width: 1024px) 100vw, 1024px\" \/><\/strong><\/p>\n<p><strong>A <a href=\"https:\/\/arvm.com.pt\/\" target=\"_blank\" rel=\"noopener\">Auto Reparadora Vale de Milha\u00e7os<\/a> realizou a auditoria de renova\u00e7\u00e3o dos selos atribu\u00eddos no \u00e2mbito do programa &#8220;Oficina de Confian\u00e7a da ACAP&#8221;, refor\u00e7ando o seu compromisso com a qualidade, transpar\u00eancia e seguran\u00e7a em cada servi\u00e7o prestado<\/strong><\/p>\n<p>Esta renova\u00e7\u00e3o confirma que continua a cumprir os crit\u00e9rios avaliados em auditoria, garantindo boas pr\u00e1ticas em \u00e1reas como: Atendimento e confian\u00e7a no servi\u00e7o; Organiza\u00e7\u00e3o e processos de trabalho; Requisitos t\u00e9cnicos e equipamentos; Seguran\u00e7a, higiene e boas pr\u00e1ticas no sector.<\/p>\n<p>Esta renova\u00e7\u00e3o abrange os selos: Manuten\u00e7\u00e3o; Repara\u00e7\u00e3o e Colis\u00e3o. Este reconhecimento destaca o cumprimento dos requisitos e boas pr\u00e1ticas avaliadas no \u00e2mbito do Programa, promovendo a confian\u00e7a e a credibilidade no sector autom\u00f3vel.<\/p>\n<p>&#8220;Na Auto Reparadora de Vale Milha\u00e7os, o nosso nome carrega 40 anos de hist\u00f3ria e a confian\u00e7a de uma comunidade. Ser uma &#8220;Oficina de Confian\u00e7a&#8221; \u00e9 o reconhecimento de um caminho que tra\u00e7amos desde 2011, quando decidimos que a qualidade certificada seria o nosso maior diferencial. Como empresa familiar e rede Bosch Car Service, este selo valida o nosso compromisso em oferecer aos nossos clientes um servi\u00e7o que alia a proximidade de sempre ao rigor t\u00e9cnico do futuro. Este reconhecimento \u00e9 fruto da dedica\u00e7\u00e3o da nossa equipa&#8221;, refere a administra\u00e7\u00e3o da Auto Reparadora Vale de Milha\u00e7os.<\/p>\n","protected":false},"excerpt":{"rendered":"<p>A Auto Reparadora Vale de Milha\u00e7os&#8230;<\/p>\n","protected":false},"author":15,"featured_media":113895,"comment_status":"closed","ping_status":"closed","sticky":false,"template":"","format":"standard","meta":{"footnotes":""},"categories":[29],"tags":[157,14700,14698,14699,7811],"class_list":["post-113886","post","type-post","status-publish","format-standard","has-post-thumbnail","hentry","category-empresas","tag-acap","tag-auditoria-de-renovacao","tag-auto-reparadora-vale-milhacos","tag-oficina-de-confianca","tag-selo"],"yoast_head":"<!-- This site is optimized with the Yoast SEO plugin v27.5 - https:\/\/yoast.com\/product\/yoast-seo-wordpress\/ -->\n<title>Auto Reparadora Vale Milha\u00e7os \u00e9 novamente \u201cOficina de Confian\u00e7a ACAP\u201d - Jornal das Oficinas<\/title>\n<meta name=\"description\" content=\"A Auto Reparadora Vale de Milha\u00e7os realizou a auditoria de renova\u00e7\u00e3o dos selos atribu\u00eddos no programa &quot;Oficina de Confian\u00e7a da ACAP&quot;\" \/>\n<meta name=\"robots\" content=\"index, follow, max-snippet:-1, max-image-preview:large, max-video-preview:-1\" \/>\n<link rel=\"canonical\" href=\"https:\/\/jornaldasoficinas.com\/pt\/auto-reparadora-vale-milhacos-e-novamente-oficina-de-confianca-acap\/\" \/>\n<meta property=\"og:locale\" content=\"pt_PT\" \/>\n<meta property=\"og:type\" content=\"article\" \/>\n<meta property=\"og:title\" content=\"Auto Reparadora Vale Milha\u00e7os \u00e9 novamente \u201cOficina de Confian\u00e7a ACAP\u201d - Jornal das Oficinas\" \/>\n<meta property=\"og:description\" content=\"A Auto Reparadora Vale de Milha\u00e7os realizou a auditoria de renova\u00e7\u00e3o dos selos atribu\u00eddos no programa &quot;Oficina de Confian\u00e7a da ACAP&quot;\" \/>\n<meta property=\"og:url\" content=\"https:\/\/jornaldasoficinas.com\/pt\/auto-reparadora-vale-milhacos-e-novamente-oficina-de-confianca-acap\/\" \/>\n<meta property=\"og:site_name\" content=\"Jornal das Oficinas\" \/>\n<meta property=\"article:publisher\" content=\"https:\/\/www.facebook.com\/jornaloficinas\" \/>\n<meta property=\"article:published_time\" content=\"2026-03-10T14:00:09+00:00\" \/>\n<meta property=\"og:image\" content=\"https:\/\/jornaldasoficinas.com\/pt\/wp-content\/uploads\/2026\/03\/Auto-Reparadora-Vale-Milhacos-e-novamente-Oficina-de-Confianca-ACAP.jpeg\" \/>\n\t<meta property=\"og:image:width\" content=\"1024\" \/>\n\t<meta property=\"og:image:height\" content=\"581\" \/>\n\t<meta property=\"og:image:type\" content=\"image\/jpeg\" \/>\n<meta name=\"author\" content=\"Reda\u00e7\u00e3o JO\" \/>\n<meta name=\"twitter:card\" content=\"summary_large_image\" \/>\n<meta name=\"twitter:creator\" content=\"@jornaloficinas\" \/>\n<meta name=\"twitter:site\" content=\"@jornaloficinas\" \/>\n<meta name=\"twitter:label1\" content=\"Escrito por\" \/>\n\t<meta name=\"twitter:data1\" content=\"Reda\u00e7\u00e3o JO\" \/>\n\t<meta name=\"twitter:label2\" content=\"Tempo estimado de leitura\" \/>\n\t<meta name=\"twitter:data2\" content=\"2 minutos\" \/>\n<script type=\"application\/ld+json\" class=\"yoast-schema-graph\">{\"@context\":\"https:\\\/\\\/schema.org\",\"@graph\":[{\"@type\":\"Article\",\"@id\":\"https:\\\/\\\/jornaldasoficinas.com\\\/pt\\\/auto-reparadora-vale-milhacos-e-novamente-oficina-de-confianca-acap\\\/#article\",\"isPartOf\":{\"@id\":\"https:\\\/\\\/jornaldasoficinas.com\\\/pt\\\/auto-reparadora-vale-milhacos-e-novamente-oficina-de-confianca-acap\\\/\"},\"author\":{\"name\":\"Reda\u00e7\u00e3o JO\",\"@id\":\"https:\\\/\\\/jornaldasoficinas.com\\\/pt\\\/#\\\/schema\\\/person\\\/a38eef5de2c41d9e7c9ac10141afddf3\"},\"headline\":\"Auto Reparadora Vale Milha\u00e7os \u00e9 novamente \u201cOficina de Confian\u00e7a ACAP\u201d\",\"datePublished\":\"2026-03-10T14:00:09+00:00\",\"mainEntityOfPage\":{\"@id\":\"https:\\\/\\\/jornaldasoficinas.com\\\/pt\\\/auto-reparadora-vale-milhacos-e-novamente-oficina-de-confianca-acap\\\/\"},\"wordCount\":246,\"publisher\":{\"@id\":\"https:\\\/\\\/jornaldasoficinas.com\\\/pt\\\/#organization\"},\"image\":{\"@id\":\"https:\\\/\\\/jornaldasoficinas.com\\\/pt\\\/auto-reparadora-vale-milhacos-e-novamente-oficina-de-confianca-acap\\\/#primaryimage\"},\"thumbnailUrl\":\"https:\\\/\\\/jornaldasoficinas.com\\\/pt\\\/wp-content\\\/uploads\\\/2026\\\/03\\\/Auto-Reparadora-Vale-Milhacos-e-novamente-Oficina-de-Confianca-ACAP.jpeg\",\"keywords\":[\"ACAP\",\"auditoria de renova\u00e7\u00e3o\",\"Auto Reparadora Vale Milha\u00e7os\",\"Oficina de Confian\u00e7a\",\"selo\"],\"articleSection\":[\"Empresas\"],\"inLanguage\":\"pt-PT\"},{\"@type\":\"WebPage\",\"@id\":\"https:\\\/\\\/jornaldasoficinas.com\\\/pt\\\/auto-reparadora-vale-milhacos-e-novamente-oficina-de-confianca-acap\\\/\",\"url\":\"https:\\\/\\\/jornaldasoficinas.com\\\/pt\\\/auto-reparadora-vale-milhacos-e-novamente-oficina-de-confianca-acap\\\/\",\"name\":\"Auto Reparadora Vale Milha\u00e7os \u00e9 novamente \u201cOficina de Confian\u00e7a ACAP\u201d - Jornal das Oficinas\",\"isPartOf\":{\"@id\":\"https:\\\/\\\/jornaldasoficinas.com\\\/pt\\\/#website\"},\"primaryImageOfPage\":{\"@id\":\"https:\\\/\\\/jornaldasoficinas.com\\\/pt\\\/auto-reparadora-vale-milhacos-e-novamente-oficina-de-confianca-acap\\\/#primaryimage\"},\"image\":{\"@id\":\"https:\\\/\\\/jornaldasoficinas.com\\\/pt\\\/auto-reparadora-vale-milhacos-e-novamente-oficina-de-confianca-acap\\\/#primaryimage\"},\"thumbnailUrl\":\"https:\\\/\\\/jornaldasoficinas.com\\\/pt\\\/wp-content\\\/uploads\\\/2026\\\/03\\\/Auto-Reparadora-Vale-Milhacos-e-novamente-Oficina-de-Confianca-ACAP.jpeg\",\"datePublished\":\"2026-03-10T14:00:09+00:00\",\"description\":\"A Auto Reparadora Vale de Milha\u00e7os realizou a auditoria de renova\u00e7\u00e3o dos selos atribu\u00eddos no programa \\\"Oficina de Confian\u00e7a da ACAP\\\"\",\"breadcrumb\":{\"@id\":\"https:\\\/\\\/jornaldasoficinas.com\\\/pt\\\/auto-reparadora-vale-milhacos-e-novamente-oficina-de-confianca-acap\\\/#breadcrumb\"},\"inLanguage\":\"pt-PT\",\"potentialAction\":[{\"@type\":\"ReadAction\",\"target\":[\"https:\\\/\\\/jornaldasoficinas.com\\\/pt\\\/auto-reparadora-vale-milhacos-e-novamente-oficina-de-confianca-acap\\\/\"]}]},{\"@type\":\"ImageObject\",\"inLanguage\":\"pt-PT\",\"@id\":\"https:\\\/\\\/jornaldasoficinas.com\\\/pt\\\/auto-reparadora-vale-milhacos-e-novamente-oficina-de-confianca-acap\\\/#primaryimage\",\"url\":\"https:\\\/\\\/jornaldasoficinas.com\\\/pt\\\/wp-content\\\/uploads\\\/2026\\\/03\\\/Auto-Reparadora-Vale-Milhacos-e-novamente-Oficina-de-Confianca-ACAP.jpeg\",\"contentUrl\":\"https:\\\/\\\/jornaldasoficinas.com\\\/pt\\\/wp-content\\\/uploads\\\/2026\\\/03\\\/Auto-Reparadora-Vale-Milhacos-e-novamente-Oficina-de-Confianca-ACAP.jpeg\",\"width\":1024,\"height\":581,\"caption\":\"03 - Auto Reparadora Vale Milhacos e novamente Oficina de Confianca ACAP\"},{\"@type\":\"BreadcrumbList\",\"@id\":\"https:\\\/\\\/jornaldasoficinas.com\\\/pt\\\/auto-reparadora-vale-milhacos-e-novamente-oficina-de-confianca-acap\\\/#breadcrumb\",\"itemListElement\":[{\"@type\":\"ListItem\",\"position\":1,\"name\":\"In\u00edcio\",\"item\":\"https:\\\/\\\/jornaldasoficinas.com\\\/pt\\\/\"},{\"@type\":\"ListItem\",\"position\":2,\"name\":\"Auto Reparadora Vale Milha\u00e7os \u00e9 novamente \u201cOficina de Confian\u00e7a ACAP\u201d\"}]},{\"@type\":\"WebSite\",\"@id\":\"https:\\\/\\\/jornaldasoficinas.com\\\/pt\\\/#website\",\"url\":\"https:\\\/\\\/jornaldasoficinas.com\\\/pt\\\/\",\"name\":\"Jornal das Oficinas\",\"description\":\"Jornal independente do Aftermarket Autom\u00f3vel em Portugal\",\"publisher\":{\"@id\":\"https:\\\/\\\/jornaldasoficinas.com\\\/pt\\\/#organization\"},\"potentialAction\":[{\"@type\":\"SearchAction\",\"target\":{\"@type\":\"EntryPoint\",\"urlTemplate\":\"https:\\\/\\\/jornaldasoficinas.com\\\/pt\\\/?s={search_term_string}\"},\"query-input\":{\"@type\":\"PropertyValueSpecification\",\"valueRequired\":true,\"valueName\":\"search_term_string\"}}],\"inLanguage\":\"pt-PT\"},{\"@type\":\"Organization\",\"@id\":\"https:\\\/\\\/jornaldasoficinas.com\\\/pt\\\/#organization\",\"name\":\"Jornal das Oficinas\",\"url\":\"https:\\\/\\\/jornaldasoficinas.com\\\/pt\\\/\",\"logo\":{\"@type\":\"ImageObject\",\"inLanguage\":\"pt-PT\",\"@id\":\"https:\\\/\\\/jornaldasoficinas.com\\\/pt\\\/#\\\/schema\\\/logo\\\/image\\\/\",\"url\":\"https:\\\/\\\/jornaldasoficinas.com\\\/pt\\\/wp-content\\\/uploads\\\/logoJO-SEO.png\",\"contentUrl\":\"https:\\\/\\\/jornaldasoficinas.com\\\/pt\\\/wp-content\\\/uploads\\\/logoJO-SEO.png\",\"width\":285,\"height\":450,\"caption\":\"Jornal das Oficinas\"},\"image\":{\"@id\":\"https:\\\/\\\/jornaldasoficinas.com\\\/pt\\\/#\\\/schema\\\/logo\\\/image\\\/\"},\"sameAs\":[\"https:\\\/\\\/www.facebook.com\\\/jornaloficinas\",\"https:\\\/\\\/x.com\\\/jornaloficinas\",\"https:\\\/\\\/www.instagram.com\\\/jornal_oficinas\\\/\",\"https:\\\/\\\/www.linkedin.com\\\/company\\\/jornal-das-oficinas\\\/\",\"https:\\\/\\\/www.youtube.com\\\/channel\\\/UCbQZBqtcvV-oSQrr7RzINGg\"]},{\"@type\":\"Person\",\"@id\":\"https:\\\/\\\/jornaldasoficinas.com\\\/pt\\\/#\\\/schema\\\/person\\\/a38eef5de2c41d9e7c9ac10141afddf3\",\"name\":\"Reda\u00e7\u00e3o JO\",\"image\":{\"@type\":\"ImageObject\",\"inLanguage\":\"pt-PT\",\"@id\":\"https:\\\/\\\/secure.gravatar.com\\\/avatar\\\/71f2fa71737ad68a84fea94bc708ddac8ea5b0c4788dc2ad202f3ccb2887742f?s=96&d=wp_user_avatar&r=g\",\"url\":\"https:\\\/\\\/secure.gravatar.com\\\/avatar\\\/71f2fa71737ad68a84fea94bc708ddac8ea5b0c4788dc2ad202f3ccb2887742f?s=96&d=wp_user_avatar&r=g\",\"contentUrl\":\"https:\\\/\\\/secure.gravatar.com\\\/avatar\\\/71f2fa71737ad68a84fea94bc708ddac8ea5b0c4788dc2ad202f3ccb2887742f?s=96&d=wp_user_avatar&r=g\",\"caption\":\"Reda\u00e7\u00e3o JO\"},\"url\":\"https:\\\/\\\/jornaldasoficinas.com\\\/pt\\\/author\\\/joredacao\\\/\"}]}<\/script>\n<!-- \/ Yoast SEO plugin. -->","yoast_head_json":{"title":"Auto Reparadora Vale Milha\u00e7os \u00e9 novamente \u201cOficina de Confian\u00e7a ACAP\u201d - Jornal das Oficinas","description":"A Auto Reparadora Vale de Milha\u00e7os realizou a auditoria de renova\u00e7\u00e3o dos selos atribu\u00eddos no programa \"Oficina de Confian\u00e7a da ACAP\"","robots":{"index":"index","follow":"follow","max-snippet":"max-snippet:-1","max-image-preview":"max-image-preview:large","max-video-preview":"max-video-preview:-1"},"canonical":"https:\/\/jornaldasoficinas.com\/pt\/auto-reparadora-vale-milhacos-e-novamente-oficina-de-confianca-acap\/","og_locale":"pt_PT","og_type":"article","og_title":"Auto Reparadora Vale Milha\u00e7os \u00e9 novamente \u201cOficina de Confian\u00e7a ACAP\u201d - Jornal das Oficinas","og_description":"A Auto Reparadora Vale de Milha\u00e7os realizou a auditoria de renova\u00e7\u00e3o dos selos atribu\u00eddos no programa \"Oficina de Confian\u00e7a da ACAP\"","og_url":"https:\/\/jornaldasoficinas.com\/pt\/auto-reparadora-vale-milhacos-e-novamente-oficina-de-confianca-acap\/","og_site_name":"Jornal das Oficinas","article_publisher":"https:\/\/www.facebook.com\/jornaloficinas","article_published_time":"2026-03-10T14:00:09+00:00","og_image":[{"width":1024,"height":581,"url":"https:\/\/jornaldasoficinas.com\/pt\/wp-content\/uploads\/2026\/03\/Auto-Reparadora-Vale-Milhacos-e-novamente-Oficina-de-Confianca-ACAP.jpeg","type":"image\/jpeg"}],"author":"Reda\u00e7\u00e3o JO","twitter_card":"summary_large_image","twitter_creator":"@jornaloficinas","twitter_site":"@jornaloficinas","twitter_misc":{"Escrito por":"Reda\u00e7\u00e3o JO","Tempo estimado de leitura":"2 minutos"},"schema":{"@context":"https:\/\/schema.org","@graph":[{"@type":"Article","@id":"https:\/\/jornaldasoficinas.com\/pt\/auto-reparadora-vale-milhacos-e-novamente-oficina-de-confianca-acap\/#article","isPartOf":{"@id":"https:\/\/jornaldasoficinas.com\/pt\/auto-reparadora-vale-milhacos-e-novamente-oficina-de-confianca-acap\/"},"author":{"name":"Reda\u00e7\u00e3o JO","@id":"https:\/\/jornaldasoficinas.com\/pt\/#\/schema\/person\/a38eef5de2c41d9e7c9ac10141afddf3"},"headline":"Auto Reparadora Vale Milha\u00e7os \u00e9 novamente \u201cOficina de Confian\u00e7a ACAP\u201d","datePublished":"2026-03-10T14:00:09+00:00","mainEntityOfPage":{"@id":"https:\/\/jornaldasoficinas.com\/pt\/auto-reparadora-vale-milhacos-e-novamente-oficina-de-confianca-acap\/"},"wordCount":246,"publisher":{"@id":"https:\/\/jornaldasoficinas.com\/pt\/#organization"},"image":{"@id":"https:\/\/jornaldasoficinas.com\/pt\/auto-reparadora-vale-milhacos-e-novamente-oficina-de-confianca-acap\/#primaryimage"},"thumbnailUrl":"https:\/\/jornaldasoficinas.com\/pt\/wp-content\/uploads\/2026\/03\/Auto-Reparadora-Vale-Milhacos-e-novamente-Oficina-de-Confianca-ACAP.jpeg","keywords":["ACAP","auditoria de renova\u00e7\u00e3o","Auto Reparadora Vale Milha\u00e7os","Oficina de Confian\u00e7a","selo"],"articleSection":["Empresas"],"inLanguage":"pt-PT"},{"@type":"WebPage","@id":"https:\/\/jornaldasoficinas.com\/pt\/auto-reparadora-vale-milhacos-e-novamente-oficina-de-confianca-acap\/","url":"https:\/\/jornaldasoficinas.com\/pt\/auto-reparadora-vale-milhacos-e-novamente-oficina-de-confianca-acap\/","name":"Auto Reparadora Vale Milha\u00e7os \u00e9 novamente \u201cOficina de Confian\u00e7a ACAP\u201d - Jornal das Oficinas","isPartOf":{"@id":"https:\/\/jornaldasoficinas.com\/pt\/#website"},"primaryImageOfPage":{"@id":"https:\/\/jornaldasoficinas.com\/pt\/auto-reparadora-vale-milhacos-e-novamente-oficina-de-confianca-acap\/#primaryimage"},"image":{"@id":"https:\/\/jornaldasoficinas.com\/pt\/auto-reparadora-vale-milhacos-e-novamente-oficina-de-confianca-acap\/#primaryimage"},"thumbnailUrl":"https:\/\/jornaldasoficinas.com\/pt\/wp-content\/uploads\/2026\/03\/Auto-Reparadora-Vale-Milhacos-e-novamente-Oficina-de-Confianca-ACAP.jpeg","datePublished":"2026-03-10T14:00:09+00:00","description":"A Auto Reparadora Vale de Milha\u00e7os realizou a auditoria de renova\u00e7\u00e3o dos selos atribu\u00eddos no programa \"Oficina de Confian\u00e7a da ACAP\"","breadcrumb":{"@id":"https:\/\/jornaldasoficinas.com\/pt\/auto-reparadora-vale-milhacos-e-novamente-oficina-de-confianca-acap\/#breadcrumb"},"inLanguage":"pt-PT","potentialAction":[{"@type":"ReadAction","target":["https:\/\/jornaldasoficinas.com\/pt\/auto-reparadora-vale-milhacos-e-novamente-oficina-de-confianca-acap\/"]}]},{"@type":"ImageObject","inLanguage":"pt-PT","@id":"https:\/\/jornaldasoficinas.com\/pt\/auto-reparadora-vale-milhacos-e-novamente-oficina-de-confianca-acap\/#primaryimage","url":"https:\/\/jornaldasoficinas.com\/pt\/wp-content\/uploads\/2026\/03\/Auto-Reparadora-Vale-Milhacos-e-novamente-Oficina-de-Confianca-ACAP.jpeg","contentUrl":"https:\/\/jornaldasoficinas.com\/pt\/wp-content\/uploads\/2026\/03\/Auto-Reparadora-Vale-Milhacos-e-novamente-Oficina-de-Confianca-ACAP.jpeg","width":1024,"height":581,"caption":"03 - Auto Reparadora Vale Milhacos e novamente Oficina de Confianca ACAP"},{"@type":"BreadcrumbList","@id":"https:\/\/jornaldasoficinas.com\/pt\/auto-reparadora-vale-milhacos-e-novamente-oficina-de-confianca-acap\/#breadcrumb","itemListElement":[{"@type":"ListItem","position":1,"name":"In\u00edcio","item":"https:\/\/jornaldasoficinas.com\/pt\/"},{"@type":"ListItem","position":2,"name":"Auto Reparadora Vale Milha\u00e7os \u00e9 novamente \u201cOficina de Confian\u00e7a ACAP\u201d"}]},{"@type":"WebSite","@id":"https:\/\/jornaldasoficinas.com\/pt\/#website","url":"https:\/\/jornaldasoficinas.com\/pt\/","name":"Jornal das Oficinas","description":"Jornal independente do Aftermarket Autom\u00f3vel em Portugal","publisher":{"@id":"https:\/\/jornaldasoficinas.com\/pt\/#organization"},"potentialAction":[{"@type":"SearchAction","target":{"@type":"EntryPoint","urlTemplate":"https:\/\/jornaldasoficinas.com\/pt\/?s={search_term_string}"},"query-input":{"@type":"PropertyValueSpecification","valueRequired":true,"valueName":"search_term_string"}}],"inLanguage":"pt-PT"},{"@type":"Organization","@id":"https:\/\/jornaldasoficinas.com\/pt\/#organization","name":"Jornal das Oficinas","url":"https:\/\/jornaldasoficinas.com\/pt\/","logo":{"@type":"ImageObject","inLanguage":"pt-PT","@id":"https:\/\/jornaldasoficinas.com\/pt\/#\/schema\/logo\/image\/","url":"https:\/\/jornaldasoficinas.com\/pt\/wp-content\/uploads\/logoJO-SEO.png","contentUrl":"https:\/\/jornaldasoficinas.com\/pt\/wp-content\/uploads\/logoJO-SEO.png","width":285,"height":450,"caption":"Jornal das Oficinas"},"image":{"@id":"https:\/\/jornaldasoficinas.com\/pt\/#\/schema\/logo\/image\/"},"sameAs":["https:\/\/www.facebook.com\/jornaloficinas","https:\/\/x.com\/jornaloficinas","https:\/\/www.instagram.com\/jornal_oficinas\/","https:\/\/www.linkedin.com\/company\/jornal-das-oficinas\/","https:\/\/www.youtube.com\/channel\/UCbQZBqtcvV-oSQrr7RzINGg"]},{"@type":"Person","@id":"https:\/\/jornaldasoficinas.com\/pt\/#\/schema\/person\/a38eef5de2c41d9e7c9ac10141afddf3","name":"Reda\u00e7\u00e3o JO","image":{"@type":"ImageObject","inLanguage":"pt-PT","@id":"https:\/\/secure.gravatar.com\/avatar\/71f2fa71737ad68a84fea94bc708ddac8ea5b0c4788dc2ad202f3ccb2887742f?s=96&d=wp_user_avatar&r=g","url":"https:\/\/secure.gravatar.com\/avatar\/71f2fa71737ad68a84fea94bc708ddac8ea5b0c4788dc2ad202f3ccb2887742f?s=96&d=wp_user_avatar&r=g","contentUrl":"https:\/\/secure.gravatar.com\/avatar\/71f2fa71737ad68a84fea94bc708ddac8ea5b0c4788dc2ad202f3ccb2887742f?s=96&d=wp_user_avatar&r=g","caption":"Reda\u00e7\u00e3o JO"},"url":"https:\/\/jornaldasoficinas.com\/pt\/author\/joredacao\/"}]}},"_links":{"self":[{"href":"https:\/\/jornaldasoficinas.com\/pt\/wp-json\/wp\/v2\/posts\/113886","targetHints":{"allow":["GET"]}}],"collection":[{"href":"https:\/\/jornaldasoficinas.com\/pt\/wp-json\/wp\/v2\/posts"}],"about":[{"href":"https:\/\/jornaldasoficinas.com\/pt\/wp-json\/wp\/v2\/types\/post"}],"author":[{"embeddable":true,"href":"https:\/\/jornaldasoficinas.com\/pt\/wp-json\/wp\/v2\/users\/15"}],"replies":[{"embeddable":true,"href":"https:\/\/jornaldasoficinas.com\/pt\/wp-json\/wp\/v2\/comments?post=113886"}],"version-history":[{"count":4,"href":"https:\/\/jornaldasoficinas.com\/pt\/wp-json\/wp\/v2\/posts\/113886\/revisions"}],"predecessor-version":[{"id":113896,"href":"https:\/\/jornaldasoficinas.com\/pt\/wp-json\/wp\/v2\/posts\/113886\/revisions\/113896"}],"wp:featuredmedia":[{"embeddable":true,"href":"https:\/\/jornaldasoficinas.com\/pt\/wp-json\/wp\/v2\/media\/113895"}],"wp:attachment":[{"href":"https:\/\/jornaldasoficinas.com\/pt\/wp-json\/wp\/v2\/media?parent=113886"}],"wp:term":[{"taxonomy":"category","embeddable":true,"href":"https:\/\/jornaldasoficinas.com\/pt\/wp-json\/wp\/v2\/categories?post=113886"},{"taxonomy":"post_tag","embeddable":true,"href":"https:\/\/jornaldasoficinas.com\/pt\/wp-json\/wp\/v2\/tags?post=113886"}],"curies":[{"name":"wp","href":"https:\/\/api.w.org\/{rel}","templated":true}]}}