{"id":113905,"date":"2026-03-11T08:00:55","date_gmt":"2026-03-11T08:00:55","guid":{"rendered":"https:\/\/jornaldasoficinas.com\/pt\/?p=113905"},"modified":"2026-03-11T08:30:24","modified_gmt":"2026-03-11T08:30:24","slug":"carplus-abre-centro-de-recondicionamento-no-montijo","status":"publish","type":"post","link":"https:\/\/jornaldasoficinas.com\/pt\/carplus-abre-centro-de-recondicionamento-no-montijo\/","title":{"rendered":"Carplus abre centro de recondicionamento no Montijo"},"content":{"rendered":"<p><strong><img loading=\"lazy\" decoding=\"async\" class=\"alignnone size-full wp-image-114110\" src=\"https:\/\/jornaldasoficinas.com\/pt\/wp-content\/uploads\/2026\/03\/Carplus-abre-centro-de-recondicionamento-no-Montijo-1.jpg\" alt=\"03 - Carplus abre centro de recondicionamento no Montijo 1\" width=\"1024\" height=\"581\" srcset=\"https:\/\/jornaldasoficinas.com\/pt\/wp-content\/uploads\/2026\/03\/Carplus-abre-centro-de-recondicionamento-no-Montijo-1.jpg 1024w, https:\/\/jornaldasoficinas.com\/pt\/wp-content\/uploads\/2026\/03\/Carplus-abre-centro-de-recondicionamento-no-Montijo-1-300x170.jpg 300w, https:\/\/jornaldasoficinas.com\/pt\/wp-content\/uploads\/2026\/03\/Carplus-abre-centro-de-recondicionamento-no-Montijo-1-150x85.jpg 150w, https:\/\/jornaldasoficinas.com\/pt\/wp-content\/uploads\/2026\/03\/Carplus-abre-centro-de-recondicionamento-no-Montijo-1-768x436.jpg 768w\" sizes=\"auto, (max-width: 1024px) 100vw, 1024px\" \/><\/strong><\/p>\n<p><strong>A <a href=\"https:\/\/www.carplus.pt\/\" target=\"_blank\" rel=\"noopener\">Carplus<\/a>, empresa do grupo <a href=\"https:\/\/salvadorcaetano.pt\/\" target=\"_blank\" rel=\"noopener\">Salvador Caetano<\/a> dedicada \u00e0 comercializa\u00e7\u00e3o de viaturas usadas e semiusadas multimarca, vai inaugurar em maio um novo centro de recondicionamento no Montijo, criando mais de 30 postos de trabalho na regi\u00e3o<\/strong><\/p>\n<p>A nova unidade ir\u00e1 apoiar a prepara\u00e7\u00e3o e recondicionamento de ve\u00edculos destinados \u00e0 rede de vendas da marca, refor\u00e7ando a presen\u00e7a nacional da Carplus e a sua capacidade operacional. O projeto integra diferentes \u00e1reas de atividade ligadas ao setor autom\u00f3vel, incluindo manuten\u00e7\u00e3o e prepara\u00e7\u00e3o de ve\u00edculos, pintura, mec\u00e2nica, fotografia, log\u00edstica e controlo de qualidade.<\/p>\n<p>Segundo a empresa, as novas oportunidades destinam-se a profissionais com diferentes n\u00edveis de experi\u00eancia, desde fun\u00e7\u00f5es t\u00e9cnicas a operacionais, todos com interesse pelo setor autom\u00f3vel e foco na qualidade do servi\u00e7o.<\/p>\n<p>Sob o conceito &#8220;Carplus, uma carreira no mundo autom\u00f3vel, \u00e0 tua medida&#8221;, a empresa apresenta esta expans\u00e3o como uma oportunidade de desenvolvimento profissional dentro do grupo Salvador Caetano.<\/p>\n<p>Os colaboradores ter\u00e3o acesso a um pacote de benef\u00edcios que inclui remunera\u00e7\u00e3o ajustada \u00e0 fun\u00e7\u00e3o e experi\u00eancia, subs\u00eddio de alimenta\u00e7\u00e3o, seguro de sa\u00fade extens\u00edvel ao agregado familiar, seguro de vida, fundo de pens\u00f5es, forma\u00e7\u00e3o cont\u00ednua e descontos na compra de viaturas e servi\u00e7os de manuten\u00e7\u00e3o.<\/p>\n<p>A empresa disponibiliza tamb\u00e9m um programa de referencia\u00e7\u00e3o interna, que prev\u00ea recompensas monet\u00e1rias para colaboradores que indiquem novos candidatos.<\/p>\n<p>Com este investimento, a Carplus refor\u00e7a a sua estrat\u00e9gia de crescimento na Pen\u00ednsula Ib\u00e9rica e contribui para a dinamiza\u00e7\u00e3o da economia local e para a cria\u00e7\u00e3o de emprego na regi\u00e3o do Montijo.<\/p>\n<p>As candidaturas j\u00e1 se encontram abertas e podem ser efetuadas atrav\u00e9s do <a href=\"https:\/\/empregosalvadorcaetano.pt\/\" target=\"_blank\" rel=\"noopener\">portal de recrutamento<\/a> do grupo Salvador Caetano.<\/p>\n","protected":false},"excerpt":{"rendered":"<p>A Carplus, empresa do grupo Salvador&#8230;<\/p>\n","protected":false},"author":15,"featured_media":114110,"comment_status":"closed","ping_status":"closed","sticky":false,"template":"","format":"standard","meta":{"footnotes":""},"categories":[29],"tags":[4215,2550,14707,1173,14708,3290],"class_list":["post-113905","post","type-post","status-publish","format-standard","has-post-thumbnail","hentry","category-empresas","tag-abertura","tag-carplus","tag-centro-de-recondicionamento","tag-grupo-salvador-caetano","tag-montijo","tag-recrutamento"],"yoast_head":"<!-- This site is optimized with the Yoast SEO plugin v27.5 - https:\/\/yoast.com\/product\/yoast-seo-wordpress\/ -->\n<title>Carplus abre centro de recondicionamento no Montijo - Jornal das Oficinas<\/title>\n<meta name=\"description\" content=\"A Carplus, empresa do grupo Salvador Caetano, vai inaugurar em maio um novo centro de recondicionamento no Montijo\" \/>\n<meta name=\"robots\" content=\"index, follow, max-snippet:-1, max-image-preview:large, max-video-preview:-1\" \/>\n<link rel=\"canonical\" href=\"https:\/\/jornaldasoficinas.com\/pt\/carplus-abre-centro-de-recondicionamento-no-montijo\/\" \/>\n<meta property=\"og:locale\" content=\"pt_PT\" \/>\n<meta property=\"og:type\" content=\"article\" \/>\n<meta property=\"og:title\" content=\"Carplus abre centro de recondicionamento no Montijo - Jornal das Oficinas\" \/>\n<meta property=\"og:description\" content=\"A Carplus, empresa do grupo Salvador Caetano, vai inaugurar em maio um novo centro de recondicionamento no Montijo\" \/>\n<meta property=\"og:url\" content=\"https:\/\/jornaldasoficinas.com\/pt\/carplus-abre-centro-de-recondicionamento-no-montijo\/\" \/>\n<meta property=\"og:site_name\" content=\"Jornal das Oficinas\" \/>\n<meta property=\"article:publisher\" content=\"https:\/\/www.facebook.com\/jornaloficinas\" \/>\n<meta property=\"article:published_time\" content=\"2026-03-11T08:00:55+00:00\" \/>\n<meta property=\"article:modified_time\" content=\"2026-03-11T08:30:24+00:00\" \/>\n<meta property=\"og:image\" content=\"https:\/\/jornaldasoficinas.com\/pt\/wp-content\/uploads\/2026\/03\/Carplus-abre-centro-de-recondicionamento-no-Montijo-1.jpg\" \/>\n\t<meta property=\"og:image:width\" content=\"1024\" \/>\n\t<meta property=\"og:image:height\" content=\"581\" \/>\n\t<meta property=\"og:image:type\" content=\"image\/jpeg\" \/>\n<meta name=\"author\" content=\"Reda\u00e7\u00e3o JO\" \/>\n<meta name=\"twitter:card\" content=\"summary_large_image\" \/>\n<meta name=\"twitter:creator\" content=\"@jornaloficinas\" \/>\n<meta name=\"twitter:site\" content=\"@jornaloficinas\" \/>\n<meta name=\"twitter:label1\" content=\"Escrito por\" \/>\n\t<meta name=\"twitter:data1\" content=\"Reda\u00e7\u00e3o JO\" \/>\n\t<meta name=\"twitter:label2\" content=\"Tempo estimado de leitura\" \/>\n\t<meta name=\"twitter:data2\" content=\"2 minutos\" \/>\n<script type=\"application\/ld+json\" class=\"yoast-schema-graph\">{\"@context\":\"https:\\\/\\\/schema.org\",\"@graph\":[{\"@type\":\"Article\",\"@id\":\"https:\\\/\\\/jornaldasoficinas.com\\\/pt\\\/carplus-abre-centro-de-recondicionamento-no-montijo\\\/#article\",\"isPartOf\":{\"@id\":\"https:\\\/\\\/jornaldasoficinas.com\\\/pt\\\/carplus-abre-centro-de-recondicionamento-no-montijo\\\/\"},\"author\":{\"name\":\"Reda\u00e7\u00e3o JO\",\"@id\":\"https:\\\/\\\/jornaldasoficinas.com\\\/pt\\\/#\\\/schema\\\/person\\\/a38eef5de2c41d9e7c9ac10141afddf3\"},\"headline\":\"Carplus abre centro de recondicionamento no Montijo\",\"datePublished\":\"2026-03-11T08:00:55+00:00\",\"dateModified\":\"2026-03-11T08:30:24+00:00\",\"mainEntityOfPage\":{\"@id\":\"https:\\\/\\\/jornaldasoficinas.com\\\/pt\\\/carplus-abre-centro-de-recondicionamento-no-montijo\\\/\"},\"wordCount\":311,\"publisher\":{\"@id\":\"https:\\\/\\\/jornaldasoficinas.com\\\/pt\\\/#organization\"},\"image\":{\"@id\":\"https:\\\/\\\/jornaldasoficinas.com\\\/pt\\\/carplus-abre-centro-de-recondicionamento-no-montijo\\\/#primaryimage\"},\"thumbnailUrl\":\"https:\\\/\\\/jornaldasoficinas.com\\\/pt\\\/wp-content\\\/uploads\\\/2026\\\/03\\\/Carplus-abre-centro-de-recondicionamento-no-Montijo-1.jpg\",\"keywords\":[\"abertura\",\"Carplus\",\"centro de recondicionamento\",\"Grupo Salvador Caetano\",\"Montijo\",\"Recrutamento\"],\"articleSection\":[\"Empresas\"],\"inLanguage\":\"pt-PT\"},{\"@type\":\"WebPage\",\"@id\":\"https:\\\/\\\/jornaldasoficinas.com\\\/pt\\\/carplus-abre-centro-de-recondicionamento-no-montijo\\\/\",\"url\":\"https:\\\/\\\/jornaldasoficinas.com\\\/pt\\\/carplus-abre-centro-de-recondicionamento-no-montijo\\\/\",\"name\":\"Carplus abre centro de recondicionamento no Montijo - Jornal das Oficinas\",\"isPartOf\":{\"@id\":\"https:\\\/\\\/jornaldasoficinas.com\\\/pt\\\/#website\"},\"primaryImageOfPage\":{\"@id\":\"https:\\\/\\\/jornaldasoficinas.com\\\/pt\\\/carplus-abre-centro-de-recondicionamento-no-montijo\\\/#primaryimage\"},\"image\":{\"@id\":\"https:\\\/\\\/jornaldasoficinas.com\\\/pt\\\/carplus-abre-centro-de-recondicionamento-no-montijo\\\/#primaryimage\"},\"thumbnailUrl\":\"https:\\\/\\\/jornaldasoficinas.com\\\/pt\\\/wp-content\\\/uploads\\\/2026\\\/03\\\/Carplus-abre-centro-de-recondicionamento-no-Montijo-1.jpg\",\"datePublished\":\"2026-03-11T08:00:55+00:00\",\"dateModified\":\"2026-03-11T08:30:24+00:00\",\"description\":\"A Carplus, empresa do grupo Salvador Caetano, vai inaugurar em maio um novo centro de recondicionamento no Montijo\",\"breadcrumb\":{\"@id\":\"https:\\\/\\\/jornaldasoficinas.com\\\/pt\\\/carplus-abre-centro-de-recondicionamento-no-montijo\\\/#breadcrumb\"},\"inLanguage\":\"pt-PT\",\"potentialAction\":[{\"@type\":\"ReadAction\",\"target\":[\"https:\\\/\\\/jornaldasoficinas.com\\\/pt\\\/carplus-abre-centro-de-recondicionamento-no-montijo\\\/\"]}]},{\"@type\":\"ImageObject\",\"inLanguage\":\"pt-PT\",\"@id\":\"https:\\\/\\\/jornaldasoficinas.com\\\/pt\\\/carplus-abre-centro-de-recondicionamento-no-montijo\\\/#primaryimage\",\"url\":\"https:\\\/\\\/jornaldasoficinas.com\\\/pt\\\/wp-content\\\/uploads\\\/2026\\\/03\\\/Carplus-abre-centro-de-recondicionamento-no-Montijo-1.jpg\",\"contentUrl\":\"https:\\\/\\\/jornaldasoficinas.com\\\/pt\\\/wp-content\\\/uploads\\\/2026\\\/03\\\/Carplus-abre-centro-de-recondicionamento-no-Montijo-1.jpg\",\"width\":1024,\"height\":581,\"caption\":\"03 - Carplus abre centro de recondicionamento no Montijo 1\"},{\"@type\":\"BreadcrumbList\",\"@id\":\"https:\\\/\\\/jornaldasoficinas.com\\\/pt\\\/carplus-abre-centro-de-recondicionamento-no-montijo\\\/#breadcrumb\",\"itemListElement\":[{\"@type\":\"ListItem\",\"position\":1,\"name\":\"In\u00edcio\",\"item\":\"https:\\\/\\\/jornaldasoficinas.com\\\/pt\\\/\"},{\"@type\":\"ListItem\",\"position\":2,\"name\":\"Carplus abre centro de recondicionamento no Montijo\"}]},{\"@type\":\"WebSite\",\"@id\":\"https:\\\/\\\/jornaldasoficinas.com\\\/pt\\\/#website\",\"url\":\"https:\\\/\\\/jornaldasoficinas.com\\\/pt\\\/\",\"name\":\"Jornal das Oficinas\",\"description\":\"Jornal independente do Aftermarket Autom\u00f3vel em Portugal\",\"publisher\":{\"@id\":\"https:\\\/\\\/jornaldasoficinas.com\\\/pt\\\/#organization\"},\"potentialAction\":[{\"@type\":\"SearchAction\",\"target\":{\"@type\":\"EntryPoint\",\"urlTemplate\":\"https:\\\/\\\/jornaldasoficinas.com\\\/pt\\\/?s={search_term_string}\"},\"query-input\":{\"@type\":\"PropertyValueSpecification\",\"valueRequired\":true,\"valueName\":\"search_term_string\"}}],\"inLanguage\":\"pt-PT\"},{\"@type\":\"Organization\",\"@id\":\"https:\\\/\\\/jornaldasoficinas.com\\\/pt\\\/#organization\",\"name\":\"Jornal das Oficinas\",\"url\":\"https:\\\/\\\/jornaldasoficinas.com\\\/pt\\\/\",\"logo\":{\"@type\":\"ImageObject\",\"inLanguage\":\"pt-PT\",\"@id\":\"https:\\\/\\\/jornaldasoficinas.com\\\/pt\\\/#\\\/schema\\\/logo\\\/image\\\/\",\"url\":\"https:\\\/\\\/jornaldasoficinas.com\\\/pt\\\/wp-content\\\/uploads\\\/logoJO-SEO.png\",\"contentUrl\":\"https:\\\/\\\/jornaldasoficinas.com\\\/pt\\\/wp-content\\\/uploads\\\/logoJO-SEO.png\",\"width\":285,\"height\":450,\"caption\":\"Jornal das Oficinas\"},\"image\":{\"@id\":\"https:\\\/\\\/jornaldasoficinas.com\\\/pt\\\/#\\\/schema\\\/logo\\\/image\\\/\"},\"sameAs\":[\"https:\\\/\\\/www.facebook.com\\\/jornaloficinas\",\"https:\\\/\\\/x.com\\\/jornaloficinas\",\"https:\\\/\\\/www.instagram.com\\\/jornal_oficinas\\\/\",\"https:\\\/\\\/www.linkedin.com\\\/company\\\/jornal-das-oficinas\\\/\",\"https:\\\/\\\/www.youtube.com\\\/channel\\\/UCbQZBqtcvV-oSQrr7RzINGg\"]},{\"@type\":\"Person\",\"@id\":\"https:\\\/\\\/jornaldasoficinas.com\\\/pt\\\/#\\\/schema\\\/person\\\/a38eef5de2c41d9e7c9ac10141afddf3\",\"name\":\"Reda\u00e7\u00e3o JO\",\"image\":{\"@type\":\"ImageObject\",\"inLanguage\":\"pt-PT\",\"@id\":\"https:\\\/\\\/secure.gravatar.com\\\/avatar\\\/71f2fa71737ad68a84fea94bc708ddac8ea5b0c4788dc2ad202f3ccb2887742f?s=96&d=wp_user_avatar&r=g\",\"url\":\"https:\\\/\\\/secure.gravatar.com\\\/avatar\\\/71f2fa71737ad68a84fea94bc708ddac8ea5b0c4788dc2ad202f3ccb2887742f?s=96&d=wp_user_avatar&r=g\",\"contentUrl\":\"https:\\\/\\\/secure.gravatar.com\\\/avatar\\\/71f2fa71737ad68a84fea94bc708ddac8ea5b0c4788dc2ad202f3ccb2887742f?s=96&d=wp_user_avatar&r=g\",\"caption\":\"Reda\u00e7\u00e3o JO\"},\"url\":\"https:\\\/\\\/jornaldasoficinas.com\\\/pt\\\/author\\\/joredacao\\\/\"}]}<\/script>\n<!-- \/ Yoast SEO plugin. -->","yoast_head_json":{"title":"Carplus abre centro de recondicionamento no Montijo - Jornal das Oficinas","description":"A Carplus, empresa do grupo Salvador Caetano, vai inaugurar em maio um novo centro de recondicionamento no Montijo","robots":{"index":"index","follow":"follow","max-snippet":"max-snippet:-1","max-image-preview":"max-image-preview:large","max-video-preview":"max-video-preview:-1"},"canonical":"https:\/\/jornaldasoficinas.com\/pt\/carplus-abre-centro-de-recondicionamento-no-montijo\/","og_locale":"pt_PT","og_type":"article","og_title":"Carplus abre centro de recondicionamento no Montijo - Jornal das Oficinas","og_description":"A Carplus, empresa do grupo Salvador Caetano, vai inaugurar em maio um novo centro de recondicionamento no Montijo","og_url":"https:\/\/jornaldasoficinas.com\/pt\/carplus-abre-centro-de-recondicionamento-no-montijo\/","og_site_name":"Jornal das Oficinas","article_publisher":"https:\/\/www.facebook.com\/jornaloficinas","article_published_time":"2026-03-11T08:00:55+00:00","article_modified_time":"2026-03-11T08:30:24+00:00","og_image":[{"width":1024,"height":581,"url":"https:\/\/jornaldasoficinas.com\/pt\/wp-content\/uploads\/2026\/03\/Carplus-abre-centro-de-recondicionamento-no-Montijo-1.jpg","type":"image\/jpeg"}],"author":"Reda\u00e7\u00e3o JO","twitter_card":"summary_large_image","twitter_creator":"@jornaloficinas","twitter_site":"@jornaloficinas","twitter_misc":{"Escrito por":"Reda\u00e7\u00e3o JO","Tempo estimado de leitura":"2 minutos"},"schema":{"@context":"https:\/\/schema.org","@graph":[{"@type":"Article","@id":"https:\/\/jornaldasoficinas.com\/pt\/carplus-abre-centro-de-recondicionamento-no-montijo\/#article","isPartOf":{"@id":"https:\/\/jornaldasoficinas.com\/pt\/carplus-abre-centro-de-recondicionamento-no-montijo\/"},"author":{"name":"Reda\u00e7\u00e3o JO","@id":"https:\/\/jornaldasoficinas.com\/pt\/#\/schema\/person\/a38eef5de2c41d9e7c9ac10141afddf3"},"headline":"Carplus abre centro de recondicionamento no Montijo","datePublished":"2026-03-11T08:00:55+00:00","dateModified":"2026-03-11T08:30:24+00:00","mainEntityOfPage":{"@id":"https:\/\/jornaldasoficinas.com\/pt\/carplus-abre-centro-de-recondicionamento-no-montijo\/"},"wordCount":311,"publisher":{"@id":"https:\/\/jornaldasoficinas.com\/pt\/#organization"},"image":{"@id":"https:\/\/jornaldasoficinas.com\/pt\/carplus-abre-centro-de-recondicionamento-no-montijo\/#primaryimage"},"thumbnailUrl":"https:\/\/jornaldasoficinas.com\/pt\/wp-content\/uploads\/2026\/03\/Carplus-abre-centro-de-recondicionamento-no-Montijo-1.jpg","keywords":["abertura","Carplus","centro de recondicionamento","Grupo Salvador Caetano","Montijo","Recrutamento"],"articleSection":["Empresas"],"inLanguage":"pt-PT"},{"@type":"WebPage","@id":"https:\/\/jornaldasoficinas.com\/pt\/carplus-abre-centro-de-recondicionamento-no-montijo\/","url":"https:\/\/jornaldasoficinas.com\/pt\/carplus-abre-centro-de-recondicionamento-no-montijo\/","name":"Carplus abre centro de recondicionamento no Montijo - Jornal das Oficinas","isPartOf":{"@id":"https:\/\/jornaldasoficinas.com\/pt\/#website"},"primaryImageOfPage":{"@id":"https:\/\/jornaldasoficinas.com\/pt\/carplus-abre-centro-de-recondicionamento-no-montijo\/#primaryimage"},"image":{"@id":"https:\/\/jornaldasoficinas.com\/pt\/carplus-abre-centro-de-recondicionamento-no-montijo\/#primaryimage"},"thumbnailUrl":"https:\/\/jornaldasoficinas.com\/pt\/wp-content\/uploads\/2026\/03\/Carplus-abre-centro-de-recondicionamento-no-Montijo-1.jpg","datePublished":"2026-03-11T08:00:55+00:00","dateModified":"2026-03-11T08:30:24+00:00","description":"A Carplus, empresa do grupo Salvador Caetano, vai inaugurar em maio um novo centro de recondicionamento no Montijo","breadcrumb":{"@id":"https:\/\/jornaldasoficinas.com\/pt\/carplus-abre-centro-de-recondicionamento-no-montijo\/#breadcrumb"},"inLanguage":"pt-PT","potentialAction":[{"@type":"ReadAction","target":["https:\/\/jornaldasoficinas.com\/pt\/carplus-abre-centro-de-recondicionamento-no-montijo\/"]}]},{"@type":"ImageObject","inLanguage":"pt-PT","@id":"https:\/\/jornaldasoficinas.com\/pt\/carplus-abre-centro-de-recondicionamento-no-montijo\/#primaryimage","url":"https:\/\/jornaldasoficinas.com\/pt\/wp-content\/uploads\/2026\/03\/Carplus-abre-centro-de-recondicionamento-no-Montijo-1.jpg","contentUrl":"https:\/\/jornaldasoficinas.com\/pt\/wp-content\/uploads\/2026\/03\/Carplus-abre-centro-de-recondicionamento-no-Montijo-1.jpg","width":1024,"height":581,"caption":"03 - Carplus abre centro de recondicionamento no Montijo 1"},{"@type":"BreadcrumbList","@id":"https:\/\/jornaldasoficinas.com\/pt\/carplus-abre-centro-de-recondicionamento-no-montijo\/#breadcrumb","itemListElement":[{"@type":"ListItem","position":1,"name":"In\u00edcio","item":"https:\/\/jornaldasoficinas.com\/pt\/"},{"@type":"ListItem","position":2,"name":"Carplus abre centro de recondicionamento no Montijo"}]},{"@type":"WebSite","@id":"https:\/\/jornaldasoficinas.com\/pt\/#website","url":"https:\/\/jornaldasoficinas.com\/pt\/","name":"Jornal das Oficinas","description":"Jornal independente do Aftermarket Autom\u00f3vel em Portugal","publisher":{"@id":"https:\/\/jornaldasoficinas.com\/pt\/#organization"},"potentialAction":[{"@type":"SearchAction","target":{"@type":"EntryPoint","urlTemplate":"https:\/\/jornaldasoficinas.com\/pt\/?s={search_term_string}"},"query-input":{"@type":"PropertyValueSpecification","valueRequired":true,"valueName":"search_term_string"}}],"inLanguage":"pt-PT"},{"@type":"Organization","@id":"https:\/\/jornaldasoficinas.com\/pt\/#organization","name":"Jornal das Oficinas","url":"https:\/\/jornaldasoficinas.com\/pt\/","logo":{"@type":"ImageObject","inLanguage":"pt-PT","@id":"https:\/\/jornaldasoficinas.com\/pt\/#\/schema\/logo\/image\/","url":"https:\/\/jornaldasoficinas.com\/pt\/wp-content\/uploads\/logoJO-SEO.png","contentUrl":"https:\/\/jornaldasoficinas.com\/pt\/wp-content\/uploads\/logoJO-SEO.png","width":285,"height":450,"caption":"Jornal das Oficinas"},"image":{"@id":"https:\/\/jornaldasoficinas.com\/pt\/#\/schema\/logo\/image\/"},"sameAs":["https:\/\/www.facebook.com\/jornaloficinas","https:\/\/x.com\/jornaloficinas","https:\/\/www.instagram.com\/jornal_oficinas\/","https:\/\/www.linkedin.com\/company\/jornal-das-oficinas\/","https:\/\/www.youtube.com\/channel\/UCbQZBqtcvV-oSQrr7RzINGg"]},{"@type":"Person","@id":"https:\/\/jornaldasoficinas.com\/pt\/#\/schema\/person\/a38eef5de2c41d9e7c9ac10141afddf3","name":"Reda\u00e7\u00e3o JO","image":{"@type":"ImageObject","inLanguage":"pt-PT","@id":"https:\/\/secure.gravatar.com\/avatar\/71f2fa71737ad68a84fea94bc708ddac8ea5b0c4788dc2ad202f3ccb2887742f?s=96&d=wp_user_avatar&r=g","url":"https:\/\/secure.gravatar.com\/avatar\/71f2fa71737ad68a84fea94bc708ddac8ea5b0c4788dc2ad202f3ccb2887742f?s=96&d=wp_user_avatar&r=g","contentUrl":"https:\/\/secure.gravatar.com\/avatar\/71f2fa71737ad68a84fea94bc708ddac8ea5b0c4788dc2ad202f3ccb2887742f?s=96&d=wp_user_avatar&r=g","caption":"Reda\u00e7\u00e3o JO"},"url":"https:\/\/jornaldasoficinas.com\/pt\/author\/joredacao\/"}]}},"_links":{"self":[{"href":"https:\/\/jornaldasoficinas.com\/pt\/wp-json\/wp\/v2\/posts\/113905","targetHints":{"allow":["GET"]}}],"collection":[{"href":"https:\/\/jornaldasoficinas.com\/pt\/wp-json\/wp\/v2\/posts"}],"about":[{"href":"https:\/\/jornaldasoficinas.com\/pt\/wp-json\/wp\/v2\/types\/post"}],"author":[{"embeddable":true,"href":"https:\/\/jornaldasoficinas.com\/pt\/wp-json\/wp\/v2\/users\/15"}],"replies":[{"embeddable":true,"href":"https:\/\/jornaldasoficinas.com\/pt\/wp-json\/wp\/v2\/comments?post=113905"}],"version-history":[{"count":8,"href":"https:\/\/jornaldasoficinas.com\/pt\/wp-json\/wp\/v2\/posts\/113905\/revisions"}],"predecessor-version":[{"id":114111,"href":"https:\/\/jornaldasoficinas.com\/pt\/wp-json\/wp\/v2\/posts\/113905\/revisions\/114111"}],"wp:featuredmedia":[{"embeddable":true,"href":"https:\/\/jornaldasoficinas.com\/pt\/wp-json\/wp\/v2\/media\/114110"}],"wp:attachment":[{"href":"https:\/\/jornaldasoficinas.com\/pt\/wp-json\/wp\/v2\/media?parent=113905"}],"wp:term":[{"taxonomy":"category","embeddable":true,"href":"https:\/\/jornaldasoficinas.com\/pt\/wp-json\/wp\/v2\/categories?post=113905"},{"taxonomy":"post_tag","embeddable":true,"href":"https:\/\/jornaldasoficinas.com\/pt\/wp-json\/wp\/v2\/tags?post=113905"}],"curies":[{"name":"wp","href":"https:\/\/api.w.org\/{rel}","templated":true}]}}