{"id":113962,"date":"2026-03-11T18:00:12","date_gmt":"2026-03-11T18:00:12","guid":{"rendered":"https:\/\/jornaldasoficinas.com\/pt\/?p=113962"},"modified":"2026-03-06T11:58:14","modified_gmt":"2026-03-06T11:58:14","slug":"clarios-iberia-tem-novo-country-manager","status":"publish","type":"post","link":"https:\/\/jornaldasoficinas.com\/pt\/clarios-iberia-tem-novo-country-manager\/","title":{"rendered":"Clarios Iberia tem novo country manager"},"content":{"rendered":"<p><strong><img loading=\"lazy\" decoding=\"async\" class=\"alignnone size-full wp-image-113972\" src=\"https:\/\/jornaldasoficinas.com\/pt\/wp-content\/uploads\/2026\/03\/Clarios-Iberia-tem-novo-country-manager.jpg\" alt=\"03 - Clarios Iberia tem novo country manager\" width=\"1024\" height=\"581\" srcset=\"https:\/\/jornaldasoficinas.com\/pt\/wp-content\/uploads\/2026\/03\/Clarios-Iberia-tem-novo-country-manager.jpg 1024w, https:\/\/jornaldasoficinas.com\/pt\/wp-content\/uploads\/2026\/03\/Clarios-Iberia-tem-novo-country-manager-300x170.jpg 300w, https:\/\/jornaldasoficinas.com\/pt\/wp-content\/uploads\/2026\/03\/Clarios-Iberia-tem-novo-country-manager-150x85.jpg 150w, https:\/\/jornaldasoficinas.com\/pt\/wp-content\/uploads\/2026\/03\/Clarios-Iberia-tem-novo-country-manager-768x436.jpg 768w\" sizes=\"auto, (max-width: 1024px) 100vw, 1024px\" \/><\/strong><\/p>\n<p><strong>A <a href=\"https:\/\/www.clarios.com\/\" target=\"_blank\" rel=\"noopener\">Clarios<\/a> nomeou H\u00e9ctor L\u00f3pez-Brea como country manager para a Pen\u00ednsula Ib\u00e9rica, fun\u00e7\u00e3o que assumiu a 25 de fevereiro de 2026 com responsabilidade pela lideran\u00e7a do neg\u00f3cio de aftermarket em Espanha e Portugal<\/strong><\/p>\n<p>Na nova posi\u00e7\u00e3o, H\u00e9ctor L\u00f3pez-Brea ter\u00e1 como miss\u00e3o refor\u00e7ar a rela\u00e7\u00e3o com clientes e parceiros estrat\u00e9gicos e impulsionar o crescimento da empresa na regi\u00e3o. A nomea\u00e7\u00e3o integra a estrat\u00e9gia da Clarios de fortalecer a sua presen\u00e7a nos mercados ib\u00e9ricos e acelerar o crescimento sustent\u00e1vel numa regi\u00e3o considerada estrat\u00e9gica para o grupo.<\/p>\n<p>Com experi\u00eancia em lideran\u00e7a de vendas e desenvolvimento de mercado no setor autom\u00f3vel, L\u00f3pez-Brea traz um conhecimento aprofundado do mercado de p\u00f3s-venda na Pen\u00ednsula Ib\u00e9rica, aliado a uma abordagem centrada no cliente.<\/p>\n<p>Riccardo Borzoni, diretor regional da Clarios para o Sul da Europa, destacou a import\u00e2ncia desta nomea\u00e7\u00e3o para a organiza\u00e7\u00e3o. &#8220;A nomea\u00e7\u00e3o de H\u00e9ctor representa um passo importante para refor\u00e7ar ainda mais a nossa organiza\u00e7\u00e3o na Pen\u00ednsula Ib\u00e9rica. Estou confiante de que, sob a sua lideran\u00e7a, continuaremos a acelerar o crescimento e a consolidar a posi\u00e7\u00e3o das nossas marcas em Espanha e Portugal.&#8221;<\/p>\n<p>Por sua vez, H\u00e9ctor L\u00f3pez-Brea, sublinhou: &#8220;\u00c9 uma honra juntar-me \u00e0 Clarios e liderar o neg\u00f3cio de aftermarket na Pen\u00ednsula Ib\u00e9rica. Nos pr\u00f3ximos anos, a minha prioridade ser\u00e1 refor\u00e7ar a nossa posi\u00e7\u00e3o no mercado e consolidar parcerias de longo prazo com clientes e distribuidores, bem como aumentar a relev\u00e2ncia das nossas marcas premium, como a VARTA.&#8221;<\/p>\n<p>A Clarios fornece na regi\u00e3o uma gama completa de solu\u00e7\u00f5es de baterias autom\u00f3veis, incluindo tecnologias SLI, EFB e AGM, concebidas para responder \u00e0s crescentes exig\u00eancias el\u00e9tricas dos ve\u00edculos modernos, especialmente em modelos equipados com sistemas Start-Stop. As solu\u00e7\u00f5es da empresa integram ainda a tecnologia patenteada PowerFrame, desenvolvida para melhorar a efici\u00eancia energ\u00e9tica e a durabilidade das baterias.<\/p>\n","protected":false},"excerpt":{"rendered":"<p>A Clarios nomeou H\u00e9ctor L\u00f3pez-Brea como&#8230;<\/p>\n","protected":false},"author":15,"featured_media":113972,"comment_status":"closed","ping_status":"closed","sticky":false,"template":"","format":"standard","meta":{"footnotes":""},"categories":[29],"tags":[13892,514,4488,14723,6131],"class_list":["post-113962","post","type-post","status-publish","format-standard","has-post-thumbnail","hentry","category-empresas","tag-aftermarket-iberico","tag-clarios","tag-country-manager","tag-hector-lopez-brea","tag-nomeacao"],"yoast_head":"<!-- This site is optimized with the Yoast SEO plugin v27.5 - https:\/\/yoast.com\/product\/yoast-seo-wordpress\/ -->\n<title>Clarios Iberia tem novo country manager - Jornal das Oficinas<\/title>\n<meta name=\"description\" content=\"A Clarios nomeou H\u00e9ctor L\u00f3pez-Brea como country manager para a Pen\u00ednsula Ib\u00e9rica, fun\u00e7\u00e3o que assumiu a 25 de fevereiro de 2026\" \/>\n<meta name=\"robots\" content=\"index, follow, max-snippet:-1, max-image-preview:large, max-video-preview:-1\" \/>\n<link rel=\"canonical\" href=\"https:\/\/jornaldasoficinas.com\/pt\/clarios-iberia-tem-novo-country-manager\/\" \/>\n<meta property=\"og:locale\" content=\"pt_PT\" \/>\n<meta property=\"og:type\" content=\"article\" \/>\n<meta property=\"og:title\" content=\"Clarios Iberia tem novo country manager - Jornal das Oficinas\" \/>\n<meta property=\"og:description\" content=\"A Clarios nomeou H\u00e9ctor L\u00f3pez-Brea como country manager para a Pen\u00ednsula Ib\u00e9rica, fun\u00e7\u00e3o que assumiu a 25 de fevereiro de 2026\" \/>\n<meta property=\"og:url\" content=\"https:\/\/jornaldasoficinas.com\/pt\/clarios-iberia-tem-novo-country-manager\/\" \/>\n<meta property=\"og:site_name\" content=\"Jornal das Oficinas\" \/>\n<meta property=\"article:publisher\" content=\"https:\/\/www.facebook.com\/jornaloficinas\" \/>\n<meta property=\"article:published_time\" content=\"2026-03-11T18:00:12+00:00\" \/>\n<meta property=\"og:image\" content=\"https:\/\/jornaldasoficinas.com\/pt\/wp-content\/uploads\/2026\/03\/Clarios-Iberia-tem-novo-country-manager.jpg\" \/>\n\t<meta property=\"og:image:width\" content=\"1024\" \/>\n\t<meta property=\"og:image:height\" content=\"581\" \/>\n\t<meta property=\"og:image:type\" content=\"image\/jpeg\" \/>\n<meta name=\"author\" content=\"Reda\u00e7\u00e3o JO\" \/>\n<meta name=\"twitter:card\" content=\"summary_large_image\" \/>\n<meta name=\"twitter:creator\" content=\"@jornaloficinas\" \/>\n<meta name=\"twitter:site\" content=\"@jornaloficinas\" \/>\n<meta name=\"twitter:label1\" content=\"Escrito por\" \/>\n\t<meta name=\"twitter:data1\" content=\"Reda\u00e7\u00e3o JO\" \/>\n\t<meta name=\"twitter:label2\" content=\"Tempo estimado de leitura\" \/>\n\t<meta name=\"twitter:data2\" content=\"3 minutos\" \/>\n<script type=\"application\/ld+json\" class=\"yoast-schema-graph\">{\"@context\":\"https:\\\/\\\/schema.org\",\"@graph\":[{\"@type\":\"Article\",\"@id\":\"https:\\\/\\\/jornaldasoficinas.com\\\/pt\\\/clarios-iberia-tem-novo-country-manager\\\/#article\",\"isPartOf\":{\"@id\":\"https:\\\/\\\/jornaldasoficinas.com\\\/pt\\\/clarios-iberia-tem-novo-country-manager\\\/\"},\"author\":{\"name\":\"Reda\u00e7\u00e3o JO\",\"@id\":\"https:\\\/\\\/jornaldasoficinas.com\\\/pt\\\/#\\\/schema\\\/person\\\/a38eef5de2c41d9e7c9ac10141afddf3\"},\"headline\":\"Clarios Iberia tem novo country manager\",\"datePublished\":\"2026-03-11T18:00:12+00:00\",\"mainEntityOfPage\":{\"@id\":\"https:\\\/\\\/jornaldasoficinas.com\\\/pt\\\/clarios-iberia-tem-novo-country-manager\\\/\"},\"wordCount\":351,\"publisher\":{\"@id\":\"https:\\\/\\\/jornaldasoficinas.com\\\/pt\\\/#organization\"},\"image\":{\"@id\":\"https:\\\/\\\/jornaldasoficinas.com\\\/pt\\\/clarios-iberia-tem-novo-country-manager\\\/#primaryimage\"},\"thumbnailUrl\":\"https:\\\/\\\/jornaldasoficinas.com\\\/pt\\\/wp-content\\\/uploads\\\/2026\\\/03\\\/Clarios-Iberia-tem-novo-country-manager.jpg\",\"keywords\":[\"aftermarket ib\u00e9rico\",\"Clarios\",\"Country Manager\",\"H\u00e9ctor L\u00f3pez-Brea\",\"Nomea\u00e7\u00e3o\"],\"articleSection\":[\"Empresas\"],\"inLanguage\":\"pt-PT\"},{\"@type\":\"WebPage\",\"@id\":\"https:\\\/\\\/jornaldasoficinas.com\\\/pt\\\/clarios-iberia-tem-novo-country-manager\\\/\",\"url\":\"https:\\\/\\\/jornaldasoficinas.com\\\/pt\\\/clarios-iberia-tem-novo-country-manager\\\/\",\"name\":\"Clarios Iberia tem novo country manager - Jornal das Oficinas\",\"isPartOf\":{\"@id\":\"https:\\\/\\\/jornaldasoficinas.com\\\/pt\\\/#website\"},\"primaryImageOfPage\":{\"@id\":\"https:\\\/\\\/jornaldasoficinas.com\\\/pt\\\/clarios-iberia-tem-novo-country-manager\\\/#primaryimage\"},\"image\":{\"@id\":\"https:\\\/\\\/jornaldasoficinas.com\\\/pt\\\/clarios-iberia-tem-novo-country-manager\\\/#primaryimage\"},\"thumbnailUrl\":\"https:\\\/\\\/jornaldasoficinas.com\\\/pt\\\/wp-content\\\/uploads\\\/2026\\\/03\\\/Clarios-Iberia-tem-novo-country-manager.jpg\",\"datePublished\":\"2026-03-11T18:00:12+00:00\",\"description\":\"A Clarios nomeou H\u00e9ctor L\u00f3pez-Brea como country manager para a Pen\u00ednsula Ib\u00e9rica, fun\u00e7\u00e3o que assumiu a 25 de fevereiro de 2026\",\"breadcrumb\":{\"@id\":\"https:\\\/\\\/jornaldasoficinas.com\\\/pt\\\/clarios-iberia-tem-novo-country-manager\\\/#breadcrumb\"},\"inLanguage\":\"pt-PT\",\"potentialAction\":[{\"@type\":\"ReadAction\",\"target\":[\"https:\\\/\\\/jornaldasoficinas.com\\\/pt\\\/clarios-iberia-tem-novo-country-manager\\\/\"]}]},{\"@type\":\"ImageObject\",\"inLanguage\":\"pt-PT\",\"@id\":\"https:\\\/\\\/jornaldasoficinas.com\\\/pt\\\/clarios-iberia-tem-novo-country-manager\\\/#primaryimage\",\"url\":\"https:\\\/\\\/jornaldasoficinas.com\\\/pt\\\/wp-content\\\/uploads\\\/2026\\\/03\\\/Clarios-Iberia-tem-novo-country-manager.jpg\",\"contentUrl\":\"https:\\\/\\\/jornaldasoficinas.com\\\/pt\\\/wp-content\\\/uploads\\\/2026\\\/03\\\/Clarios-Iberia-tem-novo-country-manager.jpg\",\"width\":1024,\"height\":581,\"caption\":\"03 - Clarios Iberia tem novo country manager\"},{\"@type\":\"BreadcrumbList\",\"@id\":\"https:\\\/\\\/jornaldasoficinas.com\\\/pt\\\/clarios-iberia-tem-novo-country-manager\\\/#breadcrumb\",\"itemListElement\":[{\"@type\":\"ListItem\",\"position\":1,\"name\":\"In\u00edcio\",\"item\":\"https:\\\/\\\/jornaldasoficinas.com\\\/pt\\\/\"},{\"@type\":\"ListItem\",\"position\":2,\"name\":\"Clarios Iberia tem novo country manager\"}]},{\"@type\":\"WebSite\",\"@id\":\"https:\\\/\\\/jornaldasoficinas.com\\\/pt\\\/#website\",\"url\":\"https:\\\/\\\/jornaldasoficinas.com\\\/pt\\\/\",\"name\":\"Jornal das Oficinas\",\"description\":\"Jornal independente do Aftermarket Autom\u00f3vel em Portugal\",\"publisher\":{\"@id\":\"https:\\\/\\\/jornaldasoficinas.com\\\/pt\\\/#organization\"},\"potentialAction\":[{\"@type\":\"SearchAction\",\"target\":{\"@type\":\"EntryPoint\",\"urlTemplate\":\"https:\\\/\\\/jornaldasoficinas.com\\\/pt\\\/?s={search_term_string}\"},\"query-input\":{\"@type\":\"PropertyValueSpecification\",\"valueRequired\":true,\"valueName\":\"search_term_string\"}}],\"inLanguage\":\"pt-PT\"},{\"@type\":\"Organization\",\"@id\":\"https:\\\/\\\/jornaldasoficinas.com\\\/pt\\\/#organization\",\"name\":\"Jornal das Oficinas\",\"url\":\"https:\\\/\\\/jornaldasoficinas.com\\\/pt\\\/\",\"logo\":{\"@type\":\"ImageObject\",\"inLanguage\":\"pt-PT\",\"@id\":\"https:\\\/\\\/jornaldasoficinas.com\\\/pt\\\/#\\\/schema\\\/logo\\\/image\\\/\",\"url\":\"https:\\\/\\\/jornaldasoficinas.com\\\/pt\\\/wp-content\\\/uploads\\\/logoJO-SEO.png\",\"contentUrl\":\"https:\\\/\\\/jornaldasoficinas.com\\\/pt\\\/wp-content\\\/uploads\\\/logoJO-SEO.png\",\"width\":285,\"height\":450,\"caption\":\"Jornal das Oficinas\"},\"image\":{\"@id\":\"https:\\\/\\\/jornaldasoficinas.com\\\/pt\\\/#\\\/schema\\\/logo\\\/image\\\/\"},\"sameAs\":[\"https:\\\/\\\/www.facebook.com\\\/jornaloficinas\",\"https:\\\/\\\/x.com\\\/jornaloficinas\",\"https:\\\/\\\/www.instagram.com\\\/jornal_oficinas\\\/\",\"https:\\\/\\\/www.linkedin.com\\\/company\\\/jornal-das-oficinas\\\/\",\"https:\\\/\\\/www.youtube.com\\\/channel\\\/UCbQZBqtcvV-oSQrr7RzINGg\"]},{\"@type\":\"Person\",\"@id\":\"https:\\\/\\\/jornaldasoficinas.com\\\/pt\\\/#\\\/schema\\\/person\\\/a38eef5de2c41d9e7c9ac10141afddf3\",\"name\":\"Reda\u00e7\u00e3o JO\",\"image\":{\"@type\":\"ImageObject\",\"inLanguage\":\"pt-PT\",\"@id\":\"https:\\\/\\\/secure.gravatar.com\\\/avatar\\\/71f2fa71737ad68a84fea94bc708ddac8ea5b0c4788dc2ad202f3ccb2887742f?s=96&d=wp_user_avatar&r=g\",\"url\":\"https:\\\/\\\/secure.gravatar.com\\\/avatar\\\/71f2fa71737ad68a84fea94bc708ddac8ea5b0c4788dc2ad202f3ccb2887742f?s=96&d=wp_user_avatar&r=g\",\"contentUrl\":\"https:\\\/\\\/secure.gravatar.com\\\/avatar\\\/71f2fa71737ad68a84fea94bc708ddac8ea5b0c4788dc2ad202f3ccb2887742f?s=96&d=wp_user_avatar&r=g\",\"caption\":\"Reda\u00e7\u00e3o JO\"},\"url\":\"https:\\\/\\\/jornaldasoficinas.com\\\/pt\\\/author\\\/joredacao\\\/\"}]}<\/script>\n<!-- \/ Yoast SEO plugin. -->","yoast_head_json":{"title":"Clarios Iberia tem novo country manager - Jornal das Oficinas","description":"A Clarios nomeou H\u00e9ctor L\u00f3pez-Brea como country manager para a Pen\u00ednsula Ib\u00e9rica, fun\u00e7\u00e3o que assumiu a 25 de fevereiro de 2026","robots":{"index":"index","follow":"follow","max-snippet":"max-snippet:-1","max-image-preview":"max-image-preview:large","max-video-preview":"max-video-preview:-1"},"canonical":"https:\/\/jornaldasoficinas.com\/pt\/clarios-iberia-tem-novo-country-manager\/","og_locale":"pt_PT","og_type":"article","og_title":"Clarios Iberia tem novo country manager - Jornal das Oficinas","og_description":"A Clarios nomeou H\u00e9ctor L\u00f3pez-Brea como country manager para a Pen\u00ednsula Ib\u00e9rica, fun\u00e7\u00e3o que assumiu a 25 de fevereiro de 2026","og_url":"https:\/\/jornaldasoficinas.com\/pt\/clarios-iberia-tem-novo-country-manager\/","og_site_name":"Jornal das Oficinas","article_publisher":"https:\/\/www.facebook.com\/jornaloficinas","article_published_time":"2026-03-11T18:00:12+00:00","og_image":[{"width":1024,"height":581,"url":"https:\/\/jornaldasoficinas.com\/pt\/wp-content\/uploads\/2026\/03\/Clarios-Iberia-tem-novo-country-manager.jpg","type":"image\/jpeg"}],"author":"Reda\u00e7\u00e3o JO","twitter_card":"summary_large_image","twitter_creator":"@jornaloficinas","twitter_site":"@jornaloficinas","twitter_misc":{"Escrito por":"Reda\u00e7\u00e3o JO","Tempo estimado de leitura":"3 minutos"},"schema":{"@context":"https:\/\/schema.org","@graph":[{"@type":"Article","@id":"https:\/\/jornaldasoficinas.com\/pt\/clarios-iberia-tem-novo-country-manager\/#article","isPartOf":{"@id":"https:\/\/jornaldasoficinas.com\/pt\/clarios-iberia-tem-novo-country-manager\/"},"author":{"name":"Reda\u00e7\u00e3o JO","@id":"https:\/\/jornaldasoficinas.com\/pt\/#\/schema\/person\/a38eef5de2c41d9e7c9ac10141afddf3"},"headline":"Clarios Iberia tem novo country manager","datePublished":"2026-03-11T18:00:12+00:00","mainEntityOfPage":{"@id":"https:\/\/jornaldasoficinas.com\/pt\/clarios-iberia-tem-novo-country-manager\/"},"wordCount":351,"publisher":{"@id":"https:\/\/jornaldasoficinas.com\/pt\/#organization"},"image":{"@id":"https:\/\/jornaldasoficinas.com\/pt\/clarios-iberia-tem-novo-country-manager\/#primaryimage"},"thumbnailUrl":"https:\/\/jornaldasoficinas.com\/pt\/wp-content\/uploads\/2026\/03\/Clarios-Iberia-tem-novo-country-manager.jpg","keywords":["aftermarket ib\u00e9rico","Clarios","Country Manager","H\u00e9ctor L\u00f3pez-Brea","Nomea\u00e7\u00e3o"],"articleSection":["Empresas"],"inLanguage":"pt-PT"},{"@type":"WebPage","@id":"https:\/\/jornaldasoficinas.com\/pt\/clarios-iberia-tem-novo-country-manager\/","url":"https:\/\/jornaldasoficinas.com\/pt\/clarios-iberia-tem-novo-country-manager\/","name":"Clarios Iberia tem novo country manager - Jornal das Oficinas","isPartOf":{"@id":"https:\/\/jornaldasoficinas.com\/pt\/#website"},"primaryImageOfPage":{"@id":"https:\/\/jornaldasoficinas.com\/pt\/clarios-iberia-tem-novo-country-manager\/#primaryimage"},"image":{"@id":"https:\/\/jornaldasoficinas.com\/pt\/clarios-iberia-tem-novo-country-manager\/#primaryimage"},"thumbnailUrl":"https:\/\/jornaldasoficinas.com\/pt\/wp-content\/uploads\/2026\/03\/Clarios-Iberia-tem-novo-country-manager.jpg","datePublished":"2026-03-11T18:00:12+00:00","description":"A Clarios nomeou H\u00e9ctor L\u00f3pez-Brea como country manager para a Pen\u00ednsula Ib\u00e9rica, fun\u00e7\u00e3o que assumiu a 25 de fevereiro de 2026","breadcrumb":{"@id":"https:\/\/jornaldasoficinas.com\/pt\/clarios-iberia-tem-novo-country-manager\/#breadcrumb"},"inLanguage":"pt-PT","potentialAction":[{"@type":"ReadAction","target":["https:\/\/jornaldasoficinas.com\/pt\/clarios-iberia-tem-novo-country-manager\/"]}]},{"@type":"ImageObject","inLanguage":"pt-PT","@id":"https:\/\/jornaldasoficinas.com\/pt\/clarios-iberia-tem-novo-country-manager\/#primaryimage","url":"https:\/\/jornaldasoficinas.com\/pt\/wp-content\/uploads\/2026\/03\/Clarios-Iberia-tem-novo-country-manager.jpg","contentUrl":"https:\/\/jornaldasoficinas.com\/pt\/wp-content\/uploads\/2026\/03\/Clarios-Iberia-tem-novo-country-manager.jpg","width":1024,"height":581,"caption":"03 - Clarios Iberia tem novo country manager"},{"@type":"BreadcrumbList","@id":"https:\/\/jornaldasoficinas.com\/pt\/clarios-iberia-tem-novo-country-manager\/#breadcrumb","itemListElement":[{"@type":"ListItem","position":1,"name":"In\u00edcio","item":"https:\/\/jornaldasoficinas.com\/pt\/"},{"@type":"ListItem","position":2,"name":"Clarios Iberia tem novo country manager"}]},{"@type":"WebSite","@id":"https:\/\/jornaldasoficinas.com\/pt\/#website","url":"https:\/\/jornaldasoficinas.com\/pt\/","name":"Jornal das Oficinas","description":"Jornal independente do Aftermarket Autom\u00f3vel em Portugal","publisher":{"@id":"https:\/\/jornaldasoficinas.com\/pt\/#organization"},"potentialAction":[{"@type":"SearchAction","target":{"@type":"EntryPoint","urlTemplate":"https:\/\/jornaldasoficinas.com\/pt\/?s={search_term_string}"},"query-input":{"@type":"PropertyValueSpecification","valueRequired":true,"valueName":"search_term_string"}}],"inLanguage":"pt-PT"},{"@type":"Organization","@id":"https:\/\/jornaldasoficinas.com\/pt\/#organization","name":"Jornal das Oficinas","url":"https:\/\/jornaldasoficinas.com\/pt\/","logo":{"@type":"ImageObject","inLanguage":"pt-PT","@id":"https:\/\/jornaldasoficinas.com\/pt\/#\/schema\/logo\/image\/","url":"https:\/\/jornaldasoficinas.com\/pt\/wp-content\/uploads\/logoJO-SEO.png","contentUrl":"https:\/\/jornaldasoficinas.com\/pt\/wp-content\/uploads\/logoJO-SEO.png","width":285,"height":450,"caption":"Jornal das Oficinas"},"image":{"@id":"https:\/\/jornaldasoficinas.com\/pt\/#\/schema\/logo\/image\/"},"sameAs":["https:\/\/www.facebook.com\/jornaloficinas","https:\/\/x.com\/jornaloficinas","https:\/\/www.instagram.com\/jornal_oficinas\/","https:\/\/www.linkedin.com\/company\/jornal-das-oficinas\/","https:\/\/www.youtube.com\/channel\/UCbQZBqtcvV-oSQrr7RzINGg"]},{"@type":"Person","@id":"https:\/\/jornaldasoficinas.com\/pt\/#\/schema\/person\/a38eef5de2c41d9e7c9ac10141afddf3","name":"Reda\u00e7\u00e3o JO","image":{"@type":"ImageObject","inLanguage":"pt-PT","@id":"https:\/\/secure.gravatar.com\/avatar\/71f2fa71737ad68a84fea94bc708ddac8ea5b0c4788dc2ad202f3ccb2887742f?s=96&d=wp_user_avatar&r=g","url":"https:\/\/secure.gravatar.com\/avatar\/71f2fa71737ad68a84fea94bc708ddac8ea5b0c4788dc2ad202f3ccb2887742f?s=96&d=wp_user_avatar&r=g","contentUrl":"https:\/\/secure.gravatar.com\/avatar\/71f2fa71737ad68a84fea94bc708ddac8ea5b0c4788dc2ad202f3ccb2887742f?s=96&d=wp_user_avatar&r=g","caption":"Reda\u00e7\u00e3o JO"},"url":"https:\/\/jornaldasoficinas.com\/pt\/author\/joredacao\/"}]}},"_links":{"self":[{"href":"https:\/\/jornaldasoficinas.com\/pt\/wp-json\/wp\/v2\/posts\/113962","targetHints":{"allow":["GET"]}}],"collection":[{"href":"https:\/\/jornaldasoficinas.com\/pt\/wp-json\/wp\/v2\/posts"}],"about":[{"href":"https:\/\/jornaldasoficinas.com\/pt\/wp-json\/wp\/v2\/types\/post"}],"author":[{"embeddable":true,"href":"https:\/\/jornaldasoficinas.com\/pt\/wp-json\/wp\/v2\/users\/15"}],"replies":[{"embeddable":true,"href":"https:\/\/jornaldasoficinas.com\/pt\/wp-json\/wp\/v2\/comments?post=113962"}],"version-history":[{"count":7,"href":"https:\/\/jornaldasoficinas.com\/pt\/wp-json\/wp\/v2\/posts\/113962\/revisions"}],"predecessor-version":[{"id":113973,"href":"https:\/\/jornaldasoficinas.com\/pt\/wp-json\/wp\/v2\/posts\/113962\/revisions\/113973"}],"wp:featuredmedia":[{"embeddable":true,"href":"https:\/\/jornaldasoficinas.com\/pt\/wp-json\/wp\/v2\/media\/113972"}],"wp:attachment":[{"href":"https:\/\/jornaldasoficinas.com\/pt\/wp-json\/wp\/v2\/media?parent=113962"}],"wp:term":[{"taxonomy":"category","embeddable":true,"href":"https:\/\/jornaldasoficinas.com\/pt\/wp-json\/wp\/v2\/categories?post=113962"},{"taxonomy":"post_tag","embeddable":true,"href":"https:\/\/jornaldasoficinas.com\/pt\/wp-json\/wp\/v2\/tags?post=113962"}],"curies":[{"name":"wp","href":"https:\/\/api.w.org\/{rel}","templated":true}]}}