{"id":113999,"date":"2026-03-11T12:30:53","date_gmt":"2026-03-11T12:30:53","guid":{"rendered":"https:\/\/jornaldasoficinas.com\/pt\/?p=113999"},"modified":"2026-03-11T13:05:08","modified_gmt":"2026-03-11T13:05:08","slug":"40-das-frotas-empresariais-em-portugal-ja-sao-eletrificadas","status":"publish","type":"post","link":"https:\/\/jornaldasoficinas.com\/pt\/40-das-frotas-empresariais-em-portugal-ja-sao-eletrificadas\/","title":{"rendered":"40% das frotas empresariais em Portugal j\u00e1 s\u00e3o eletrificadas"},"content":{"rendered":"<p><strong><img loading=\"lazy\" decoding=\"async\" class=\"alignnone size-full wp-image-114138\" src=\"https:\/\/jornaldasoficinas.com\/pt\/wp-content\/uploads\/2026\/03\/40-das-frotas-empresariais-em-Portugal-ja-sao-eletrificadas-1.jpg\" alt=\"03 - 40 das frotas empresariais em Portugal ja sao eletrificadas 1\" width=\"1200\" height=\"630\" srcset=\"https:\/\/jornaldasoficinas.com\/pt\/wp-content\/uploads\/2026\/03\/40-das-frotas-empresariais-em-Portugal-ja-sao-eletrificadas-1.jpg 1200w, https:\/\/jornaldasoficinas.com\/pt\/wp-content\/uploads\/2026\/03\/40-das-frotas-empresariais-em-Portugal-ja-sao-eletrificadas-1-300x158.jpg 300w, https:\/\/jornaldasoficinas.com\/pt\/wp-content\/uploads\/2026\/03\/40-das-frotas-empresariais-em-Portugal-ja-sao-eletrificadas-1-1024x538.jpg 1024w, https:\/\/jornaldasoficinas.com\/pt\/wp-content\/uploads\/2026\/03\/40-das-frotas-empresariais-em-Portugal-ja-sao-eletrificadas-1-768x403.jpg 768w, https:\/\/jornaldasoficinas.com\/pt\/wp-content\/uploads\/2026\/03\/40-das-frotas-empresariais-em-Portugal-ja-sao-eletrificadas-1-390x205.jpg 390w\" sizes=\"auto, (max-width: 1200px) 100vw, 1200px\" \/><\/strong><\/p>\n<p><strong>Um estudo da <a href=\"https:\/\/www.ayvens.com\/\" target=\"_blank\" rel=\"noopener\">Ayvens<\/a> revelou que 4 em cada 10 ve\u00edculos de passageiros das frotas empresariais em Portugal j\u00e1 s\u00e3o eletrificados, refletindo uma evolu\u00e7\u00e3o significativa na gest\u00e3o de frotas e na ado\u00e7\u00e3o da mobilidade el\u00e9trica pelas empresas<\/strong><\/p>\n<p>O Car Policy Benchmark 2025, promovido pela Ayvens, mostra que a percentagem de ve\u00edculos de passageiros eletrificados \u2014 100% el\u00e9tricos e h\u00edbridos plug-in \u2014 triplicou em tr\u00eas anos, passando de 13% em 2022 para 40% em 2025. Dos cerca de 10 mil ve\u00edculos de passageiros analisados no estudo, num universo total de 12 mil ve\u00edculos, aproximadamente 4 mil j\u00e1 s\u00e3o eletrificados.<\/p>\n<p>Nos ve\u00edculos de mercadorias, a evolu\u00e7\u00e3o tamb\u00e9m \u00e9 expressiva: a eletrifica\u00e7\u00e3o passou de 1% em 2022 para 10% em 2025. Os resultados evidenciam igualmente uma maior maturidade das pol\u00edticas de frota, com maior foco em m\u00e9tricas econ\u00f3micas como o custo total de utiliza\u00e7\u00e3o (TCO) e uma crescente padroniza\u00e7\u00e3o das pr\u00e1ticas de gest\u00e3o.<\/p>\n<p>O estudo analisou as pol\u00edticas e pr\u00e1ticas de cerca de 400 empresas de 11 setores de atividade, representando uma frota aproximada de 12 mil ve\u00edculos respons\u00e1veis por mais de 425 milh\u00f5es de quil\u00f3metros percorridos anualmente. Entre as novidades desta edi\u00e7\u00e3o est\u00e1 a inclus\u00e3o de um cap\u00edtulo dedicado \u00e0 experi\u00eancia da transi\u00e7\u00e3o el\u00e9trica.<\/p>\n<p>Os dados mostram ainda que mais de 96% das empresas disp\u00f5em atualmente de pol\u00edticas de frota formalizadas, com um grau m\u00e9dio de integralidade e abrang\u00eancia de 75%.<\/p>\n<p>Entre 2022 e 2025 registou-se tamb\u00e9m um aumento significativo na utiliza\u00e7\u00e3o do TCO como crit\u00e9rio de decis\u00e3o, passando de 73% para 83% das empresas. Esta metodologia \u00e9 mais comum em frotas de maior dimens\u00e3o, embora j\u00e1 seja utilizada por cerca de 80% das frotas mais pequenas.<\/p>\n<p>No que diz respeito aos procedimentos internos, verifica-se uma tend\u00eancia crescente de corresponsabiliza\u00e7\u00e3o dos colaboradores nos custos com seguros, com o \u00edndice a subir de 29% em 2022 para 33% em 2025.<\/p>\n<p>Outra altera\u00e7\u00e3o relevante diz respeito \u00e0 defini\u00e7\u00e3o dos plafonds: em 2025, 82% das empresas utilizam plafonds de renda, substituindo progressivamente os plafonds de aquisi\u00e7\u00e3o, que em 2022 coexistiam de forma equilibrada. Nos \u00faltimos tr\u00eas anos, os plafonds de renda aumentaram em m\u00e9dia 11%, com maior impacto nas equipas comerciais (+16%) e nas chefias interm\u00e9dias (+13%).<\/p>\n<p>&#8220;Num contexto empresarial cada vez mais orientado para a sustentabilidade e para a efici\u00eancia, o Car Policy Benchmark 2025 refor\u00e7a a import\u00e2ncia estrat\u00e9gica da gest\u00e3o da frota. Este estudo mostra um mercado em clara evolu\u00e7\u00e3o, mais profissional, mais estruturado e mais preparado para a transi\u00e7\u00e3o el\u00e9trica. A Ayvens continuar\u00e1 empenhada em apoiar as empresas com solu\u00e7\u00f5es que aceleram esta transforma\u00e7\u00e3o e contribuem para uma mobilidade mais inteligente e respons\u00e1vel&#8221;, afirmou Ant\u00f3nio Oliveira Martins, diretor-geral da Ayvens Portugal.<\/p>\n<p>Ao n\u00edvel da utiliza\u00e7\u00e3o dos ve\u00edculos, a dura\u00e7\u00e3o m\u00e9dia dos contratos aumentou para 51 meses, face aos 47 meses registados em 2022. A contrata\u00e7\u00e3o de prazos mais longos permite \u00e0s empresas aceder a rendas mais competitivas: atualmente, 31% das organiza\u00e7\u00f5es contratam por cinco anos ou mais, quando em 2022 esse valor era de apenas 9%.<\/p>\n<p>O renting continua tamb\u00e9m a alargar o conjunto de servi\u00e7os inclu\u00eddos. Desde 2022, a concentra\u00e7\u00e3o m\u00e9dia de servi\u00e7os aumentou de 78% para 81%, com destaque para a subscri\u00e7\u00e3o de ve\u00edculos de substitui\u00e7\u00e3o, seguros e seguros de recondicionamento.<\/p>\n<p>A eletrifica\u00e7\u00e3o das frotas mant\u00e9m uma trajet\u00f3ria consistente de crescimento. O \u00edndice de eletrifica\u00e7\u00e3o subiu de 45% em 2022 para 52% em 2025, refletindo uma maior prepara\u00e7\u00e3o das empresas para a transi\u00e7\u00e3o energ\u00e9tica.<\/p>\n<p>Entre os fatores mais valorizados pelas empresas destacam-se as considera\u00e7\u00f5es de custos (74%), enquanto o impacto da transi\u00e7\u00e3o nos condutores continua a ser o aspeto menos valorizado (32%).<\/p>\n<p>O inqu\u00e9rito a condutores contou com a participa\u00e7\u00e3o de mais de 3 mil colaboradores, que percorrem em m\u00e9dia menos de 28 mil quil\u00f3metros por ano. Atualmente, 38% j\u00e1 conduzem ve\u00edculos eletrificados (17% em 2022), dos quais 25% s\u00e3o totalmente el\u00e9tricos e 13% h\u00edbridos plug-in.<\/p>\n<p>Entre os principais obst\u00e1culos \u00e0 ado\u00e7\u00e3o da mobilidade el\u00e9trica, os condutores apontam a autonomia dos ve\u00edculos el\u00e9tricos (31%), a insufici\u00eancia da rede p\u00fablica de carregamento (26%), a necessidade de maior planeamento em viagens longas (23%) e o investimento inicial mais elevado (14%).<\/p>\n<p>Apesar destes desafios, 50% dos condutores afirmam estar dispon\u00edveis para transitar j\u00e1 para ve\u00edculos 100% el\u00e9tricos, enquanto 25% indicam prefer\u00eancia por h\u00edbridos plug-in, o que representa um potencial adicional de eletrifica\u00e7\u00e3o pr\u00f3ximo dos 40%.<\/p>\n<p>A edi\u00e7\u00e3o de 2025 do estudo confirma assim uma evolu\u00e7\u00e3o clara da gest\u00e3o de frotas em Portugal, com a pol\u00edtica de frota a afirmar-se como uma ferramenta estrat\u00e9gica que integra objetivos econ\u00f3micos, ambientais e de valoriza\u00e7\u00e3o das pessoas.<\/p>\n","protected":false},"excerpt":{"rendered":"<p>Um estudo da Ayvens revelou que&#8230;<\/p>\n","protected":false},"author":15,"featured_media":114138,"comment_status":"closed","ping_status":"closed","sticky":false,"template":"","format":"standard","meta":{"footnotes":""},"categories":[37],"tags":[6438,7508,3960,3119,1421],"class_list":["post-113999","post","type-post","status-publish","format-standard","has-post-thumbnail","hentry","category-mercado","tag-ayvens","tag-empresas-portuguesas","tag-estudo","tag-frotas","tag-mobilidade-eletrica"],"yoast_head":"<!-- This site is optimized with the Yoast SEO plugin v27.5 - https:\/\/yoast.com\/product\/yoast-seo-wordpress\/ -->\n<title>40% das frotas empresariais em Portugal j\u00e1 s\u00e3o eletrificadas - Jornal das Oficinas<\/title>\n<meta name=\"description\" content=\"Um estudo da Ayvens revelou que 4 em cada 10 ve\u00edculos de passageiros das frotas empresariais em Portugal j\u00e1 s\u00e3o eletrificados\" \/>\n<meta name=\"robots\" content=\"index, follow, max-snippet:-1, max-image-preview:large, max-video-preview:-1\" \/>\n<link rel=\"canonical\" href=\"https:\/\/jornaldasoficinas.com\/pt\/40-das-frotas-empresariais-em-portugal-ja-sao-eletrificadas\/\" \/>\n<meta property=\"og:locale\" content=\"pt_PT\" \/>\n<meta property=\"og:type\" content=\"article\" \/>\n<meta property=\"og:title\" content=\"40% das frotas empresariais em Portugal j\u00e1 s\u00e3o eletrificadas - Jornal das Oficinas\" \/>\n<meta property=\"og:description\" content=\"Um estudo da Ayvens revelou que 4 em cada 10 ve\u00edculos de passageiros das frotas empresariais em Portugal j\u00e1 s\u00e3o eletrificados\" \/>\n<meta property=\"og:url\" content=\"https:\/\/jornaldasoficinas.com\/pt\/40-das-frotas-empresariais-em-portugal-ja-sao-eletrificadas\/\" \/>\n<meta property=\"og:site_name\" content=\"Jornal das Oficinas\" \/>\n<meta property=\"article:publisher\" content=\"https:\/\/www.facebook.com\/jornaloficinas\" \/>\n<meta property=\"article:published_time\" content=\"2026-03-11T12:30:53+00:00\" \/>\n<meta property=\"article:modified_time\" content=\"2026-03-11T13:05:08+00:00\" \/>\n<meta property=\"og:image\" content=\"https:\/\/jornaldasoficinas.com\/pt\/wp-content\/uploads\/2026\/03\/40-das-frotas-empresariais-em-Portugal-ja-sao-eletrificadas-1.jpg\" \/>\n\t<meta property=\"og:image:width\" content=\"1200\" \/>\n\t<meta property=\"og:image:height\" content=\"630\" \/>\n\t<meta property=\"og:image:type\" content=\"image\/jpeg\" \/>\n<meta name=\"author\" content=\"Reda\u00e7\u00e3o JO\" \/>\n<meta name=\"twitter:card\" content=\"summary_large_image\" \/>\n<meta name=\"twitter:creator\" content=\"@jornaloficinas\" \/>\n<meta name=\"twitter:site\" content=\"@jornaloficinas\" \/>\n<meta name=\"twitter:label1\" content=\"Escrito por\" \/>\n\t<meta name=\"twitter:data1\" content=\"Reda\u00e7\u00e3o JO\" \/>\n\t<meta name=\"twitter:label2\" content=\"Tempo estimado de leitura\" \/>\n\t<meta name=\"twitter:data2\" content=\"5 minutos\" \/>\n<script type=\"application\/ld+json\" class=\"yoast-schema-graph\">{\"@context\":\"https:\\\/\\\/schema.org\",\"@graph\":[{\"@type\":\"Article\",\"@id\":\"https:\\\/\\\/jornaldasoficinas.com\\\/pt\\\/40-das-frotas-empresariais-em-portugal-ja-sao-eletrificadas\\\/#article\",\"isPartOf\":{\"@id\":\"https:\\\/\\\/jornaldasoficinas.com\\\/pt\\\/40-das-frotas-empresariais-em-portugal-ja-sao-eletrificadas\\\/\"},\"author\":{\"name\":\"Reda\u00e7\u00e3o JO\",\"@id\":\"https:\\\/\\\/jornaldasoficinas.com\\\/pt\\\/#\\\/schema\\\/person\\\/a38eef5de2c41d9e7c9ac10141afddf3\"},\"headline\":\"40% das frotas empresariais em Portugal j\u00e1 s\u00e3o eletrificadas\",\"datePublished\":\"2026-03-11T12:30:53+00:00\",\"dateModified\":\"2026-03-11T13:05:08+00:00\",\"mainEntityOfPage\":{\"@id\":\"https:\\\/\\\/jornaldasoficinas.com\\\/pt\\\/40-das-frotas-empresariais-em-portugal-ja-sao-eletrificadas\\\/\"},\"wordCount\":803,\"publisher\":{\"@id\":\"https:\\\/\\\/jornaldasoficinas.com\\\/pt\\\/#organization\"},\"image\":{\"@id\":\"https:\\\/\\\/jornaldasoficinas.com\\\/pt\\\/40-das-frotas-empresariais-em-portugal-ja-sao-eletrificadas\\\/#primaryimage\"},\"thumbnailUrl\":\"https:\\\/\\\/jornaldasoficinas.com\\\/pt\\\/wp-content\\\/uploads\\\/2026\\\/03\\\/40-das-frotas-empresariais-em-Portugal-ja-sao-eletrificadas-1.jpg\",\"keywords\":[\"Ayvens\",\"empresas portuguesas\",\"Estudo\",\"Frotas\",\"Mobilidade el\u00e9trica\"],\"articleSection\":[\"Mercado\"],\"inLanguage\":\"pt-PT\"},{\"@type\":\"WebPage\",\"@id\":\"https:\\\/\\\/jornaldasoficinas.com\\\/pt\\\/40-das-frotas-empresariais-em-portugal-ja-sao-eletrificadas\\\/\",\"url\":\"https:\\\/\\\/jornaldasoficinas.com\\\/pt\\\/40-das-frotas-empresariais-em-portugal-ja-sao-eletrificadas\\\/\",\"name\":\"40% das frotas empresariais em Portugal j\u00e1 s\u00e3o eletrificadas - Jornal das Oficinas\",\"isPartOf\":{\"@id\":\"https:\\\/\\\/jornaldasoficinas.com\\\/pt\\\/#website\"},\"primaryImageOfPage\":{\"@id\":\"https:\\\/\\\/jornaldasoficinas.com\\\/pt\\\/40-das-frotas-empresariais-em-portugal-ja-sao-eletrificadas\\\/#primaryimage\"},\"image\":{\"@id\":\"https:\\\/\\\/jornaldasoficinas.com\\\/pt\\\/40-das-frotas-empresariais-em-portugal-ja-sao-eletrificadas\\\/#primaryimage\"},\"thumbnailUrl\":\"https:\\\/\\\/jornaldasoficinas.com\\\/pt\\\/wp-content\\\/uploads\\\/2026\\\/03\\\/40-das-frotas-empresariais-em-Portugal-ja-sao-eletrificadas-1.jpg\",\"datePublished\":\"2026-03-11T12:30:53+00:00\",\"dateModified\":\"2026-03-11T13:05:08+00:00\",\"description\":\"Um estudo da Ayvens revelou que 4 em cada 10 ve\u00edculos de passageiros das frotas empresariais em Portugal j\u00e1 s\u00e3o eletrificados\",\"breadcrumb\":{\"@id\":\"https:\\\/\\\/jornaldasoficinas.com\\\/pt\\\/40-das-frotas-empresariais-em-portugal-ja-sao-eletrificadas\\\/#breadcrumb\"},\"inLanguage\":\"pt-PT\",\"potentialAction\":[{\"@type\":\"ReadAction\",\"target\":[\"https:\\\/\\\/jornaldasoficinas.com\\\/pt\\\/40-das-frotas-empresariais-em-portugal-ja-sao-eletrificadas\\\/\"]}]},{\"@type\":\"ImageObject\",\"inLanguage\":\"pt-PT\",\"@id\":\"https:\\\/\\\/jornaldasoficinas.com\\\/pt\\\/40-das-frotas-empresariais-em-portugal-ja-sao-eletrificadas\\\/#primaryimage\",\"url\":\"https:\\\/\\\/jornaldasoficinas.com\\\/pt\\\/wp-content\\\/uploads\\\/2026\\\/03\\\/40-das-frotas-empresariais-em-Portugal-ja-sao-eletrificadas-1.jpg\",\"contentUrl\":\"https:\\\/\\\/jornaldasoficinas.com\\\/pt\\\/wp-content\\\/uploads\\\/2026\\\/03\\\/40-das-frotas-empresariais-em-Portugal-ja-sao-eletrificadas-1.jpg\",\"width\":1200,\"height\":630,\"caption\":\"03 - 40 das frotas empresariais em Portugal ja sao eletrificadas 1\"},{\"@type\":\"BreadcrumbList\",\"@id\":\"https:\\\/\\\/jornaldasoficinas.com\\\/pt\\\/40-das-frotas-empresariais-em-portugal-ja-sao-eletrificadas\\\/#breadcrumb\",\"itemListElement\":[{\"@type\":\"ListItem\",\"position\":1,\"name\":\"In\u00edcio\",\"item\":\"https:\\\/\\\/jornaldasoficinas.com\\\/pt\\\/\"},{\"@type\":\"ListItem\",\"position\":2,\"name\":\"40% das frotas empresariais em Portugal j\u00e1 s\u00e3o eletrificadas\"}]},{\"@type\":\"WebSite\",\"@id\":\"https:\\\/\\\/jornaldasoficinas.com\\\/pt\\\/#website\",\"url\":\"https:\\\/\\\/jornaldasoficinas.com\\\/pt\\\/\",\"name\":\"Jornal das Oficinas\",\"description\":\"Jornal independente do Aftermarket Autom\u00f3vel em Portugal\",\"publisher\":{\"@id\":\"https:\\\/\\\/jornaldasoficinas.com\\\/pt\\\/#organization\"},\"potentialAction\":[{\"@type\":\"SearchAction\",\"target\":{\"@type\":\"EntryPoint\",\"urlTemplate\":\"https:\\\/\\\/jornaldasoficinas.com\\\/pt\\\/?s={search_term_string}\"},\"query-input\":{\"@type\":\"PropertyValueSpecification\",\"valueRequired\":true,\"valueName\":\"search_term_string\"}}],\"inLanguage\":\"pt-PT\"},{\"@type\":\"Organization\",\"@id\":\"https:\\\/\\\/jornaldasoficinas.com\\\/pt\\\/#organization\",\"name\":\"Jornal das Oficinas\",\"url\":\"https:\\\/\\\/jornaldasoficinas.com\\\/pt\\\/\",\"logo\":{\"@type\":\"ImageObject\",\"inLanguage\":\"pt-PT\",\"@id\":\"https:\\\/\\\/jornaldasoficinas.com\\\/pt\\\/#\\\/schema\\\/logo\\\/image\\\/\",\"url\":\"https:\\\/\\\/jornaldasoficinas.com\\\/pt\\\/wp-content\\\/uploads\\\/logoJO-SEO.png\",\"contentUrl\":\"https:\\\/\\\/jornaldasoficinas.com\\\/pt\\\/wp-content\\\/uploads\\\/logoJO-SEO.png\",\"width\":285,\"height\":450,\"caption\":\"Jornal das Oficinas\"},\"image\":{\"@id\":\"https:\\\/\\\/jornaldasoficinas.com\\\/pt\\\/#\\\/schema\\\/logo\\\/image\\\/\"},\"sameAs\":[\"https:\\\/\\\/www.facebook.com\\\/jornaloficinas\",\"https:\\\/\\\/x.com\\\/jornaloficinas\",\"https:\\\/\\\/www.instagram.com\\\/jornal_oficinas\\\/\",\"https:\\\/\\\/www.linkedin.com\\\/company\\\/jornal-das-oficinas\\\/\",\"https:\\\/\\\/www.youtube.com\\\/channel\\\/UCbQZBqtcvV-oSQrr7RzINGg\"]},{\"@type\":\"Person\",\"@id\":\"https:\\\/\\\/jornaldasoficinas.com\\\/pt\\\/#\\\/schema\\\/person\\\/a38eef5de2c41d9e7c9ac10141afddf3\",\"name\":\"Reda\u00e7\u00e3o JO\",\"image\":{\"@type\":\"ImageObject\",\"inLanguage\":\"pt-PT\",\"@id\":\"https:\\\/\\\/secure.gravatar.com\\\/avatar\\\/71f2fa71737ad68a84fea94bc708ddac8ea5b0c4788dc2ad202f3ccb2887742f?s=96&d=wp_user_avatar&r=g\",\"url\":\"https:\\\/\\\/secure.gravatar.com\\\/avatar\\\/71f2fa71737ad68a84fea94bc708ddac8ea5b0c4788dc2ad202f3ccb2887742f?s=96&d=wp_user_avatar&r=g\",\"contentUrl\":\"https:\\\/\\\/secure.gravatar.com\\\/avatar\\\/71f2fa71737ad68a84fea94bc708ddac8ea5b0c4788dc2ad202f3ccb2887742f?s=96&d=wp_user_avatar&r=g\",\"caption\":\"Reda\u00e7\u00e3o JO\"},\"url\":\"https:\\\/\\\/jornaldasoficinas.com\\\/pt\\\/author\\\/joredacao\\\/\"}]}<\/script>\n<!-- \/ Yoast SEO plugin. -->","yoast_head_json":{"title":"40% das frotas empresariais em Portugal j\u00e1 s\u00e3o eletrificadas - Jornal das Oficinas","description":"Um estudo da Ayvens revelou que 4 em cada 10 ve\u00edculos de passageiros das frotas empresariais em Portugal j\u00e1 s\u00e3o eletrificados","robots":{"index":"index","follow":"follow","max-snippet":"max-snippet:-1","max-image-preview":"max-image-preview:large","max-video-preview":"max-video-preview:-1"},"canonical":"https:\/\/jornaldasoficinas.com\/pt\/40-das-frotas-empresariais-em-portugal-ja-sao-eletrificadas\/","og_locale":"pt_PT","og_type":"article","og_title":"40% das frotas empresariais em Portugal j\u00e1 s\u00e3o eletrificadas - Jornal das Oficinas","og_description":"Um estudo da Ayvens revelou que 4 em cada 10 ve\u00edculos de passageiros das frotas empresariais em Portugal j\u00e1 s\u00e3o eletrificados","og_url":"https:\/\/jornaldasoficinas.com\/pt\/40-das-frotas-empresariais-em-portugal-ja-sao-eletrificadas\/","og_site_name":"Jornal das Oficinas","article_publisher":"https:\/\/www.facebook.com\/jornaloficinas","article_published_time":"2026-03-11T12:30:53+00:00","article_modified_time":"2026-03-11T13:05:08+00:00","og_image":[{"width":1200,"height":630,"url":"https:\/\/jornaldasoficinas.com\/pt\/wp-content\/uploads\/2026\/03\/40-das-frotas-empresariais-em-Portugal-ja-sao-eletrificadas-1.jpg","type":"image\/jpeg"}],"author":"Reda\u00e7\u00e3o JO","twitter_card":"summary_large_image","twitter_creator":"@jornaloficinas","twitter_site":"@jornaloficinas","twitter_misc":{"Escrito por":"Reda\u00e7\u00e3o JO","Tempo estimado de leitura":"5 minutos"},"schema":{"@context":"https:\/\/schema.org","@graph":[{"@type":"Article","@id":"https:\/\/jornaldasoficinas.com\/pt\/40-das-frotas-empresariais-em-portugal-ja-sao-eletrificadas\/#article","isPartOf":{"@id":"https:\/\/jornaldasoficinas.com\/pt\/40-das-frotas-empresariais-em-portugal-ja-sao-eletrificadas\/"},"author":{"name":"Reda\u00e7\u00e3o JO","@id":"https:\/\/jornaldasoficinas.com\/pt\/#\/schema\/person\/a38eef5de2c41d9e7c9ac10141afddf3"},"headline":"40% das frotas empresariais em Portugal j\u00e1 s\u00e3o eletrificadas","datePublished":"2026-03-11T12:30:53+00:00","dateModified":"2026-03-11T13:05:08+00:00","mainEntityOfPage":{"@id":"https:\/\/jornaldasoficinas.com\/pt\/40-das-frotas-empresariais-em-portugal-ja-sao-eletrificadas\/"},"wordCount":803,"publisher":{"@id":"https:\/\/jornaldasoficinas.com\/pt\/#organization"},"image":{"@id":"https:\/\/jornaldasoficinas.com\/pt\/40-das-frotas-empresariais-em-portugal-ja-sao-eletrificadas\/#primaryimage"},"thumbnailUrl":"https:\/\/jornaldasoficinas.com\/pt\/wp-content\/uploads\/2026\/03\/40-das-frotas-empresariais-em-Portugal-ja-sao-eletrificadas-1.jpg","keywords":["Ayvens","empresas portuguesas","Estudo","Frotas","Mobilidade el\u00e9trica"],"articleSection":["Mercado"],"inLanguage":"pt-PT"},{"@type":"WebPage","@id":"https:\/\/jornaldasoficinas.com\/pt\/40-das-frotas-empresariais-em-portugal-ja-sao-eletrificadas\/","url":"https:\/\/jornaldasoficinas.com\/pt\/40-das-frotas-empresariais-em-portugal-ja-sao-eletrificadas\/","name":"40% das frotas empresariais em Portugal j\u00e1 s\u00e3o eletrificadas - Jornal das Oficinas","isPartOf":{"@id":"https:\/\/jornaldasoficinas.com\/pt\/#website"},"primaryImageOfPage":{"@id":"https:\/\/jornaldasoficinas.com\/pt\/40-das-frotas-empresariais-em-portugal-ja-sao-eletrificadas\/#primaryimage"},"image":{"@id":"https:\/\/jornaldasoficinas.com\/pt\/40-das-frotas-empresariais-em-portugal-ja-sao-eletrificadas\/#primaryimage"},"thumbnailUrl":"https:\/\/jornaldasoficinas.com\/pt\/wp-content\/uploads\/2026\/03\/40-das-frotas-empresariais-em-Portugal-ja-sao-eletrificadas-1.jpg","datePublished":"2026-03-11T12:30:53+00:00","dateModified":"2026-03-11T13:05:08+00:00","description":"Um estudo da Ayvens revelou que 4 em cada 10 ve\u00edculos de passageiros das frotas empresariais em Portugal j\u00e1 s\u00e3o eletrificados","breadcrumb":{"@id":"https:\/\/jornaldasoficinas.com\/pt\/40-das-frotas-empresariais-em-portugal-ja-sao-eletrificadas\/#breadcrumb"},"inLanguage":"pt-PT","potentialAction":[{"@type":"ReadAction","target":["https:\/\/jornaldasoficinas.com\/pt\/40-das-frotas-empresariais-em-portugal-ja-sao-eletrificadas\/"]}]},{"@type":"ImageObject","inLanguage":"pt-PT","@id":"https:\/\/jornaldasoficinas.com\/pt\/40-das-frotas-empresariais-em-portugal-ja-sao-eletrificadas\/#primaryimage","url":"https:\/\/jornaldasoficinas.com\/pt\/wp-content\/uploads\/2026\/03\/40-das-frotas-empresariais-em-Portugal-ja-sao-eletrificadas-1.jpg","contentUrl":"https:\/\/jornaldasoficinas.com\/pt\/wp-content\/uploads\/2026\/03\/40-das-frotas-empresariais-em-Portugal-ja-sao-eletrificadas-1.jpg","width":1200,"height":630,"caption":"03 - 40 das frotas empresariais em Portugal ja sao eletrificadas 1"},{"@type":"BreadcrumbList","@id":"https:\/\/jornaldasoficinas.com\/pt\/40-das-frotas-empresariais-em-portugal-ja-sao-eletrificadas\/#breadcrumb","itemListElement":[{"@type":"ListItem","position":1,"name":"In\u00edcio","item":"https:\/\/jornaldasoficinas.com\/pt\/"},{"@type":"ListItem","position":2,"name":"40% das frotas empresariais em Portugal j\u00e1 s\u00e3o eletrificadas"}]},{"@type":"WebSite","@id":"https:\/\/jornaldasoficinas.com\/pt\/#website","url":"https:\/\/jornaldasoficinas.com\/pt\/","name":"Jornal das Oficinas","description":"Jornal independente do Aftermarket Autom\u00f3vel em Portugal","publisher":{"@id":"https:\/\/jornaldasoficinas.com\/pt\/#organization"},"potentialAction":[{"@type":"SearchAction","target":{"@type":"EntryPoint","urlTemplate":"https:\/\/jornaldasoficinas.com\/pt\/?s={search_term_string}"},"query-input":{"@type":"PropertyValueSpecification","valueRequired":true,"valueName":"search_term_string"}}],"inLanguage":"pt-PT"},{"@type":"Organization","@id":"https:\/\/jornaldasoficinas.com\/pt\/#organization","name":"Jornal das Oficinas","url":"https:\/\/jornaldasoficinas.com\/pt\/","logo":{"@type":"ImageObject","inLanguage":"pt-PT","@id":"https:\/\/jornaldasoficinas.com\/pt\/#\/schema\/logo\/image\/","url":"https:\/\/jornaldasoficinas.com\/pt\/wp-content\/uploads\/logoJO-SEO.png","contentUrl":"https:\/\/jornaldasoficinas.com\/pt\/wp-content\/uploads\/logoJO-SEO.png","width":285,"height":450,"caption":"Jornal das Oficinas"},"image":{"@id":"https:\/\/jornaldasoficinas.com\/pt\/#\/schema\/logo\/image\/"},"sameAs":["https:\/\/www.facebook.com\/jornaloficinas","https:\/\/x.com\/jornaloficinas","https:\/\/www.instagram.com\/jornal_oficinas\/","https:\/\/www.linkedin.com\/company\/jornal-das-oficinas\/","https:\/\/www.youtube.com\/channel\/UCbQZBqtcvV-oSQrr7RzINGg"]},{"@type":"Person","@id":"https:\/\/jornaldasoficinas.com\/pt\/#\/schema\/person\/a38eef5de2c41d9e7c9ac10141afddf3","name":"Reda\u00e7\u00e3o JO","image":{"@type":"ImageObject","inLanguage":"pt-PT","@id":"https:\/\/secure.gravatar.com\/avatar\/71f2fa71737ad68a84fea94bc708ddac8ea5b0c4788dc2ad202f3ccb2887742f?s=96&d=wp_user_avatar&r=g","url":"https:\/\/secure.gravatar.com\/avatar\/71f2fa71737ad68a84fea94bc708ddac8ea5b0c4788dc2ad202f3ccb2887742f?s=96&d=wp_user_avatar&r=g","contentUrl":"https:\/\/secure.gravatar.com\/avatar\/71f2fa71737ad68a84fea94bc708ddac8ea5b0c4788dc2ad202f3ccb2887742f?s=96&d=wp_user_avatar&r=g","caption":"Reda\u00e7\u00e3o JO"},"url":"https:\/\/jornaldasoficinas.com\/pt\/author\/joredacao\/"}]}},"_links":{"self":[{"href":"https:\/\/jornaldasoficinas.com\/pt\/wp-json\/wp\/v2\/posts\/113999","targetHints":{"allow":["GET"]}}],"collection":[{"href":"https:\/\/jornaldasoficinas.com\/pt\/wp-json\/wp\/v2\/posts"}],"about":[{"href":"https:\/\/jornaldasoficinas.com\/pt\/wp-json\/wp\/v2\/types\/post"}],"author":[{"embeddable":true,"href":"https:\/\/jornaldasoficinas.com\/pt\/wp-json\/wp\/v2\/users\/15"}],"replies":[{"embeddable":true,"href":"https:\/\/jornaldasoficinas.com\/pt\/wp-json\/wp\/v2\/comments?post=113999"}],"version-history":[{"count":13,"href":"https:\/\/jornaldasoficinas.com\/pt\/wp-json\/wp\/v2\/posts\/113999\/revisions"}],"predecessor-version":[{"id":114140,"href":"https:\/\/jornaldasoficinas.com\/pt\/wp-json\/wp\/v2\/posts\/113999\/revisions\/114140"}],"wp:featuredmedia":[{"embeddable":true,"href":"https:\/\/jornaldasoficinas.com\/pt\/wp-json\/wp\/v2\/media\/114138"}],"wp:attachment":[{"href":"https:\/\/jornaldasoficinas.com\/pt\/wp-json\/wp\/v2\/media?parent=113999"}],"wp:term":[{"taxonomy":"category","embeddable":true,"href":"https:\/\/jornaldasoficinas.com\/pt\/wp-json\/wp\/v2\/categories?post=113999"},{"taxonomy":"post_tag","embeddable":true,"href":"https:\/\/jornaldasoficinas.com\/pt\/wp-json\/wp\/v2\/tags?post=113999"}],"curies":[{"name":"wp","href":"https:\/\/api.w.org\/{rel}","templated":true}]}}