{"id":114034,"date":"2026-03-07T22:00:49","date_gmt":"2026-03-07T22:00:49","guid":{"rendered":"https:\/\/jornaldasoficinas.com\/pt\/?p=114034"},"modified":"2026-03-07T13:46:26","modified_gmt":"2026-03-07T13:46:26","slug":"especial-dia-da-mulher-com-alcemira-silva-oficina-bonrodar","status":"publish","type":"post","link":"https:\/\/jornaldasoficinas.com\/pt\/especial-dia-da-mulher-com-alcemira-silva-oficina-bonrodar\/","title":{"rendered":"Especial Dia da Mulher com Alcemira Silva, Oficina Bonrodar"},"content":{"rendered":"<p><img loading=\"lazy\" decoding=\"async\" class=\"alignnone size-full wp-image-114035\" src=\"https:\/\/jornaldasoficinas.com\/pt\/wp-content\/uploads\/2026\/03\/Especial-Dia-da-Mulher-com-Alcemira-Silva-Oficina-Bonrodar.jpg\" alt=\"03 - Especial Dia da Mulher com Alcemira Silva Oficina Bonrodar\" width=\"1024\" height=\"581\" srcset=\"https:\/\/jornaldasoficinas.com\/pt\/wp-content\/uploads\/2026\/03\/Especial-Dia-da-Mulher-com-Alcemira-Silva-Oficina-Bonrodar.jpg 1024w, https:\/\/jornaldasoficinas.com\/pt\/wp-content\/uploads\/2026\/03\/Especial-Dia-da-Mulher-com-Alcemira-Silva-Oficina-Bonrodar-300x170.jpg 300w, https:\/\/jornaldasoficinas.com\/pt\/wp-content\/uploads\/2026\/03\/Especial-Dia-da-Mulher-com-Alcemira-Silva-Oficina-Bonrodar-150x85.jpg 150w, https:\/\/jornaldasoficinas.com\/pt\/wp-content\/uploads\/2026\/03\/Especial-Dia-da-Mulher-com-Alcemira-Silva-Oficina-Bonrodar-768x436.jpg 768w\" sizes=\"auto, (max-width: 1024px) 100vw, 1024px\" \/><\/p>\n<p><strong>O epis\u00f3dio de hoje do Podcast do &#8220;Dar Voz ao Aftermarket&#8221; volta a dar \u00eanfase a mais uma mulher inspiradora, desta vez, fal\u00e1mos com algu\u00e9m que tem nos pneus e no diagn\u00f3stico, uma paix\u00e3o. Ela chama-se Alcemira Silva, \u00e9 brasileira e tudo dentro da oficina a fascina. Uma conversa a n\u00e3o perder, conhe\u00e7a-a <a href=\"https:\/\/open.spotify.com\/episode\/77uvDyQYAdOV1HEZrdYAcb?si=d4dd9fe15e704f57\" target=\"_blank\" rel=\"noopener\">aqui<\/a>!<\/strong><\/p>\n<p><iframe loading=\"lazy\" style=\"border-radius: 12px;\" src=\"https:\/\/open.spotify.com\/embed\/episode\/77uvDyQYAdOV1HEZrdYAcb?utm_source=generator&amp;theme=0\" width=\"100%\" height=\"152\" frameborder=\"0\" allowfullscreen=\"allowfullscreen\"><\/iframe><\/p>\n","protected":false},"excerpt":{"rendered":"<p>O epis\u00f3dio de hoje do Podcast&#8230;<\/p>\n","protected":false},"author":15,"featured_media":114035,"comment_status":"closed","ping_status":"closed","sticky":false,"template":"","format":"standard","meta":{"footnotes":""},"categories":[2803],"tags":[14726,3161,14668,4298,14727],"class_list":["post-114034","post","type-post","status-publish","format-standard","has-post-thumbnail","hentry","category-podcasts","tag-alcemira-silva","tag-dar-voz-ao-aftermarket","tag-dia-da-mulher","tag-jo-podcast","tag-oficina-bonrodar"],"yoast_head":"<!-- This site is optimized with the Yoast SEO plugin v27.5 - https:\/\/yoast.com\/product\/yoast-seo-wordpress\/ -->\n<title>Especial Dia da Mulher com Alcemira Silva, Oficina Bonrodar - Jornal das Oficinas<\/title>\n<meta name=\"description\" content=\"O epis\u00f3dio de hoje do Podcast do &quot;Dar Voz ao Aftermarket&quot; volta a dar \u00eanfase a uma mulher inspiradora, que tem nos pneus e no diagn\u00f3stico\" \/>\n<meta name=\"robots\" content=\"index, follow, max-snippet:-1, max-image-preview:large, max-video-preview:-1\" \/>\n<link rel=\"canonical\" href=\"https:\/\/jornaldasoficinas.com\/pt\/especial-dia-da-mulher-com-alcemira-silva-oficina-bonrodar\/\" \/>\n<meta property=\"og:locale\" content=\"pt_PT\" \/>\n<meta property=\"og:type\" content=\"article\" \/>\n<meta property=\"og:title\" content=\"Especial Dia da Mulher com Alcemira Silva, Oficina Bonrodar - Jornal das Oficinas\" \/>\n<meta property=\"og:description\" content=\"O epis\u00f3dio de hoje do Podcast do &quot;Dar Voz ao Aftermarket&quot; volta a dar \u00eanfase a uma mulher inspiradora, que tem nos pneus e no diagn\u00f3stico\" \/>\n<meta property=\"og:url\" content=\"https:\/\/jornaldasoficinas.com\/pt\/especial-dia-da-mulher-com-alcemira-silva-oficina-bonrodar\/\" \/>\n<meta property=\"og:site_name\" content=\"Jornal das Oficinas\" \/>\n<meta property=\"article:publisher\" content=\"https:\/\/www.facebook.com\/jornaloficinas\" \/>\n<meta property=\"article:published_time\" content=\"2026-03-07T22:00:49+00:00\" \/>\n<meta property=\"og:image\" content=\"https:\/\/jornaldasoficinas.com\/pt\/wp-content\/uploads\/2026\/03\/Especial-Dia-da-Mulher-com-Alcemira-Silva-Oficina-Bonrodar.jpg\" \/>\n\t<meta property=\"og:image:width\" content=\"1024\" \/>\n\t<meta property=\"og:image:height\" content=\"581\" \/>\n\t<meta property=\"og:image:type\" content=\"image\/jpeg\" \/>\n<meta name=\"author\" content=\"Reda\u00e7\u00e3o JO\" \/>\n<meta name=\"twitter:card\" content=\"summary_large_image\" \/>\n<meta name=\"twitter:creator\" content=\"@jornaloficinas\" \/>\n<meta name=\"twitter:site\" content=\"@jornaloficinas\" \/>\n<meta name=\"twitter:label1\" content=\"Escrito por\" \/>\n\t<meta name=\"twitter:data1\" content=\"Reda\u00e7\u00e3o JO\" \/>\n\t<meta name=\"twitter:label2\" content=\"Tempo estimado de leitura\" \/>\n\t<meta name=\"twitter:data2\" content=\"1 minuto\" \/>\n<script type=\"application\/ld+json\" class=\"yoast-schema-graph\">{\"@context\":\"https:\\\/\\\/schema.org\",\"@graph\":[{\"@type\":\"Article\",\"@id\":\"https:\\\/\\\/jornaldasoficinas.com\\\/pt\\\/especial-dia-da-mulher-com-alcemira-silva-oficina-bonrodar\\\/#article\",\"isPartOf\":{\"@id\":\"https:\\\/\\\/jornaldasoficinas.com\\\/pt\\\/especial-dia-da-mulher-com-alcemira-silva-oficina-bonrodar\\\/\"},\"author\":{\"name\":\"Reda\u00e7\u00e3o JO\",\"@id\":\"https:\\\/\\\/jornaldasoficinas.com\\\/pt\\\/#\\\/schema\\\/person\\\/a38eef5de2c41d9e7c9ac10141afddf3\"},\"headline\":\"Especial Dia da Mulher com Alcemira Silva, Oficina Bonrodar\",\"datePublished\":\"2026-03-07T22:00:49+00:00\",\"mainEntityOfPage\":{\"@id\":\"https:\\\/\\\/jornaldasoficinas.com\\\/pt\\\/especial-dia-da-mulher-com-alcemira-silva-oficina-bonrodar\\\/\"},\"wordCount\":69,\"publisher\":{\"@id\":\"https:\\\/\\\/jornaldasoficinas.com\\\/pt\\\/#organization\"},\"image\":{\"@id\":\"https:\\\/\\\/jornaldasoficinas.com\\\/pt\\\/especial-dia-da-mulher-com-alcemira-silva-oficina-bonrodar\\\/#primaryimage\"},\"thumbnailUrl\":\"https:\\\/\\\/jornaldasoficinas.com\\\/pt\\\/wp-content\\\/uploads\\\/2026\\\/03\\\/Especial-Dia-da-Mulher-com-Alcemira-Silva-Oficina-Bonrodar.jpg\",\"keywords\":[\"Alcemira Silva\",\"Dar Voz ao Aftermarket\",\"Dia da Mulher\",\"JO Podcast\",\"Oficina Bonrodar\"],\"articleSection\":[\"Podcasts\"],\"inLanguage\":\"pt-PT\"},{\"@type\":\"WebPage\",\"@id\":\"https:\\\/\\\/jornaldasoficinas.com\\\/pt\\\/especial-dia-da-mulher-com-alcemira-silva-oficina-bonrodar\\\/\",\"url\":\"https:\\\/\\\/jornaldasoficinas.com\\\/pt\\\/especial-dia-da-mulher-com-alcemira-silva-oficina-bonrodar\\\/\",\"name\":\"Especial Dia da Mulher com Alcemira Silva, Oficina Bonrodar - Jornal das Oficinas\",\"isPartOf\":{\"@id\":\"https:\\\/\\\/jornaldasoficinas.com\\\/pt\\\/#website\"},\"primaryImageOfPage\":{\"@id\":\"https:\\\/\\\/jornaldasoficinas.com\\\/pt\\\/especial-dia-da-mulher-com-alcemira-silva-oficina-bonrodar\\\/#primaryimage\"},\"image\":{\"@id\":\"https:\\\/\\\/jornaldasoficinas.com\\\/pt\\\/especial-dia-da-mulher-com-alcemira-silva-oficina-bonrodar\\\/#primaryimage\"},\"thumbnailUrl\":\"https:\\\/\\\/jornaldasoficinas.com\\\/pt\\\/wp-content\\\/uploads\\\/2026\\\/03\\\/Especial-Dia-da-Mulher-com-Alcemira-Silva-Oficina-Bonrodar.jpg\",\"datePublished\":\"2026-03-07T22:00:49+00:00\",\"description\":\"O epis\u00f3dio de hoje do Podcast do \\\"Dar Voz ao Aftermarket\\\" volta a dar \u00eanfase a uma mulher inspiradora, que tem nos pneus e no diagn\u00f3stico\",\"breadcrumb\":{\"@id\":\"https:\\\/\\\/jornaldasoficinas.com\\\/pt\\\/especial-dia-da-mulher-com-alcemira-silva-oficina-bonrodar\\\/#breadcrumb\"},\"inLanguage\":\"pt-PT\",\"potentialAction\":[{\"@type\":\"ReadAction\",\"target\":[\"https:\\\/\\\/jornaldasoficinas.com\\\/pt\\\/especial-dia-da-mulher-com-alcemira-silva-oficina-bonrodar\\\/\"]}]},{\"@type\":\"ImageObject\",\"inLanguage\":\"pt-PT\",\"@id\":\"https:\\\/\\\/jornaldasoficinas.com\\\/pt\\\/especial-dia-da-mulher-com-alcemira-silva-oficina-bonrodar\\\/#primaryimage\",\"url\":\"https:\\\/\\\/jornaldasoficinas.com\\\/pt\\\/wp-content\\\/uploads\\\/2026\\\/03\\\/Especial-Dia-da-Mulher-com-Alcemira-Silva-Oficina-Bonrodar.jpg\",\"contentUrl\":\"https:\\\/\\\/jornaldasoficinas.com\\\/pt\\\/wp-content\\\/uploads\\\/2026\\\/03\\\/Especial-Dia-da-Mulher-com-Alcemira-Silva-Oficina-Bonrodar.jpg\",\"width\":1024,\"height\":581,\"caption\":\"03 - Especial Dia da Mulher com Alcemira Silva Oficina Bonrodar\"},{\"@type\":\"BreadcrumbList\",\"@id\":\"https:\\\/\\\/jornaldasoficinas.com\\\/pt\\\/especial-dia-da-mulher-com-alcemira-silva-oficina-bonrodar\\\/#breadcrumb\",\"itemListElement\":[{\"@type\":\"ListItem\",\"position\":1,\"name\":\"In\u00edcio\",\"item\":\"https:\\\/\\\/jornaldasoficinas.com\\\/pt\\\/\"},{\"@type\":\"ListItem\",\"position\":2,\"name\":\"Especial Dia da Mulher com Alcemira Silva, Oficina Bonrodar\"}]},{\"@type\":\"WebSite\",\"@id\":\"https:\\\/\\\/jornaldasoficinas.com\\\/pt\\\/#website\",\"url\":\"https:\\\/\\\/jornaldasoficinas.com\\\/pt\\\/\",\"name\":\"Jornal das Oficinas\",\"description\":\"Jornal independente do Aftermarket Autom\u00f3vel em Portugal\",\"publisher\":{\"@id\":\"https:\\\/\\\/jornaldasoficinas.com\\\/pt\\\/#organization\"},\"potentialAction\":[{\"@type\":\"SearchAction\",\"target\":{\"@type\":\"EntryPoint\",\"urlTemplate\":\"https:\\\/\\\/jornaldasoficinas.com\\\/pt\\\/?s={search_term_string}\"},\"query-input\":{\"@type\":\"PropertyValueSpecification\",\"valueRequired\":true,\"valueName\":\"search_term_string\"}}],\"inLanguage\":\"pt-PT\"},{\"@type\":\"Organization\",\"@id\":\"https:\\\/\\\/jornaldasoficinas.com\\\/pt\\\/#organization\",\"name\":\"Jornal das Oficinas\",\"url\":\"https:\\\/\\\/jornaldasoficinas.com\\\/pt\\\/\",\"logo\":{\"@type\":\"ImageObject\",\"inLanguage\":\"pt-PT\",\"@id\":\"https:\\\/\\\/jornaldasoficinas.com\\\/pt\\\/#\\\/schema\\\/logo\\\/image\\\/\",\"url\":\"https:\\\/\\\/jornaldasoficinas.com\\\/pt\\\/wp-content\\\/uploads\\\/logoJO-SEO.png\",\"contentUrl\":\"https:\\\/\\\/jornaldasoficinas.com\\\/pt\\\/wp-content\\\/uploads\\\/logoJO-SEO.png\",\"width\":285,\"height\":450,\"caption\":\"Jornal das Oficinas\"},\"image\":{\"@id\":\"https:\\\/\\\/jornaldasoficinas.com\\\/pt\\\/#\\\/schema\\\/logo\\\/image\\\/\"},\"sameAs\":[\"https:\\\/\\\/www.facebook.com\\\/jornaloficinas\",\"https:\\\/\\\/x.com\\\/jornaloficinas\",\"https:\\\/\\\/www.instagram.com\\\/jornal_oficinas\\\/\",\"https:\\\/\\\/www.linkedin.com\\\/company\\\/jornal-das-oficinas\\\/\",\"https:\\\/\\\/www.youtube.com\\\/channel\\\/UCbQZBqtcvV-oSQrr7RzINGg\"]},{\"@type\":\"Person\",\"@id\":\"https:\\\/\\\/jornaldasoficinas.com\\\/pt\\\/#\\\/schema\\\/person\\\/a38eef5de2c41d9e7c9ac10141afddf3\",\"name\":\"Reda\u00e7\u00e3o JO\",\"image\":{\"@type\":\"ImageObject\",\"inLanguage\":\"pt-PT\",\"@id\":\"https:\\\/\\\/secure.gravatar.com\\\/avatar\\\/71f2fa71737ad68a84fea94bc708ddac8ea5b0c4788dc2ad202f3ccb2887742f?s=96&d=wp_user_avatar&r=g\",\"url\":\"https:\\\/\\\/secure.gravatar.com\\\/avatar\\\/71f2fa71737ad68a84fea94bc708ddac8ea5b0c4788dc2ad202f3ccb2887742f?s=96&d=wp_user_avatar&r=g\",\"contentUrl\":\"https:\\\/\\\/secure.gravatar.com\\\/avatar\\\/71f2fa71737ad68a84fea94bc708ddac8ea5b0c4788dc2ad202f3ccb2887742f?s=96&d=wp_user_avatar&r=g\",\"caption\":\"Reda\u00e7\u00e3o JO\"},\"url\":\"https:\\\/\\\/jornaldasoficinas.com\\\/pt\\\/author\\\/joredacao\\\/\"}]}<\/script>\n<!-- \/ Yoast SEO plugin. -->","yoast_head_json":{"title":"Especial Dia da Mulher com Alcemira Silva, Oficina Bonrodar - Jornal das Oficinas","description":"O epis\u00f3dio de hoje do Podcast do \"Dar Voz ao Aftermarket\" volta a dar \u00eanfase a uma mulher inspiradora, que tem nos pneus e no diagn\u00f3stico","robots":{"index":"index","follow":"follow","max-snippet":"max-snippet:-1","max-image-preview":"max-image-preview:large","max-video-preview":"max-video-preview:-1"},"canonical":"https:\/\/jornaldasoficinas.com\/pt\/especial-dia-da-mulher-com-alcemira-silva-oficina-bonrodar\/","og_locale":"pt_PT","og_type":"article","og_title":"Especial Dia da Mulher com Alcemira Silva, Oficina Bonrodar - Jornal das Oficinas","og_description":"O epis\u00f3dio de hoje do Podcast do \"Dar Voz ao Aftermarket\" volta a dar \u00eanfase a uma mulher inspiradora, que tem nos pneus e no diagn\u00f3stico","og_url":"https:\/\/jornaldasoficinas.com\/pt\/especial-dia-da-mulher-com-alcemira-silva-oficina-bonrodar\/","og_site_name":"Jornal das Oficinas","article_publisher":"https:\/\/www.facebook.com\/jornaloficinas","article_published_time":"2026-03-07T22:00:49+00:00","og_image":[{"width":1024,"height":581,"url":"https:\/\/jornaldasoficinas.com\/pt\/wp-content\/uploads\/2026\/03\/Especial-Dia-da-Mulher-com-Alcemira-Silva-Oficina-Bonrodar.jpg","type":"image\/jpeg"}],"author":"Reda\u00e7\u00e3o JO","twitter_card":"summary_large_image","twitter_creator":"@jornaloficinas","twitter_site":"@jornaloficinas","twitter_misc":{"Escrito por":"Reda\u00e7\u00e3o JO","Tempo estimado de leitura":"1 minuto"},"schema":{"@context":"https:\/\/schema.org","@graph":[{"@type":"Article","@id":"https:\/\/jornaldasoficinas.com\/pt\/especial-dia-da-mulher-com-alcemira-silva-oficina-bonrodar\/#article","isPartOf":{"@id":"https:\/\/jornaldasoficinas.com\/pt\/especial-dia-da-mulher-com-alcemira-silva-oficina-bonrodar\/"},"author":{"name":"Reda\u00e7\u00e3o JO","@id":"https:\/\/jornaldasoficinas.com\/pt\/#\/schema\/person\/a38eef5de2c41d9e7c9ac10141afddf3"},"headline":"Especial Dia da Mulher com Alcemira Silva, Oficina Bonrodar","datePublished":"2026-03-07T22:00:49+00:00","mainEntityOfPage":{"@id":"https:\/\/jornaldasoficinas.com\/pt\/especial-dia-da-mulher-com-alcemira-silva-oficina-bonrodar\/"},"wordCount":69,"publisher":{"@id":"https:\/\/jornaldasoficinas.com\/pt\/#organization"},"image":{"@id":"https:\/\/jornaldasoficinas.com\/pt\/especial-dia-da-mulher-com-alcemira-silva-oficina-bonrodar\/#primaryimage"},"thumbnailUrl":"https:\/\/jornaldasoficinas.com\/pt\/wp-content\/uploads\/2026\/03\/Especial-Dia-da-Mulher-com-Alcemira-Silva-Oficina-Bonrodar.jpg","keywords":["Alcemira Silva","Dar Voz ao Aftermarket","Dia da Mulher","JO Podcast","Oficina Bonrodar"],"articleSection":["Podcasts"],"inLanguage":"pt-PT"},{"@type":"WebPage","@id":"https:\/\/jornaldasoficinas.com\/pt\/especial-dia-da-mulher-com-alcemira-silva-oficina-bonrodar\/","url":"https:\/\/jornaldasoficinas.com\/pt\/especial-dia-da-mulher-com-alcemira-silva-oficina-bonrodar\/","name":"Especial Dia da Mulher com Alcemira Silva, Oficina Bonrodar - Jornal das Oficinas","isPartOf":{"@id":"https:\/\/jornaldasoficinas.com\/pt\/#website"},"primaryImageOfPage":{"@id":"https:\/\/jornaldasoficinas.com\/pt\/especial-dia-da-mulher-com-alcemira-silva-oficina-bonrodar\/#primaryimage"},"image":{"@id":"https:\/\/jornaldasoficinas.com\/pt\/especial-dia-da-mulher-com-alcemira-silva-oficina-bonrodar\/#primaryimage"},"thumbnailUrl":"https:\/\/jornaldasoficinas.com\/pt\/wp-content\/uploads\/2026\/03\/Especial-Dia-da-Mulher-com-Alcemira-Silva-Oficina-Bonrodar.jpg","datePublished":"2026-03-07T22:00:49+00:00","description":"O epis\u00f3dio de hoje do Podcast do \"Dar Voz ao Aftermarket\" volta a dar \u00eanfase a uma mulher inspiradora, que tem nos pneus e no diagn\u00f3stico","breadcrumb":{"@id":"https:\/\/jornaldasoficinas.com\/pt\/especial-dia-da-mulher-com-alcemira-silva-oficina-bonrodar\/#breadcrumb"},"inLanguage":"pt-PT","potentialAction":[{"@type":"ReadAction","target":["https:\/\/jornaldasoficinas.com\/pt\/especial-dia-da-mulher-com-alcemira-silva-oficina-bonrodar\/"]}]},{"@type":"ImageObject","inLanguage":"pt-PT","@id":"https:\/\/jornaldasoficinas.com\/pt\/especial-dia-da-mulher-com-alcemira-silva-oficina-bonrodar\/#primaryimage","url":"https:\/\/jornaldasoficinas.com\/pt\/wp-content\/uploads\/2026\/03\/Especial-Dia-da-Mulher-com-Alcemira-Silva-Oficina-Bonrodar.jpg","contentUrl":"https:\/\/jornaldasoficinas.com\/pt\/wp-content\/uploads\/2026\/03\/Especial-Dia-da-Mulher-com-Alcemira-Silva-Oficina-Bonrodar.jpg","width":1024,"height":581,"caption":"03 - Especial Dia da Mulher com Alcemira Silva Oficina Bonrodar"},{"@type":"BreadcrumbList","@id":"https:\/\/jornaldasoficinas.com\/pt\/especial-dia-da-mulher-com-alcemira-silva-oficina-bonrodar\/#breadcrumb","itemListElement":[{"@type":"ListItem","position":1,"name":"In\u00edcio","item":"https:\/\/jornaldasoficinas.com\/pt\/"},{"@type":"ListItem","position":2,"name":"Especial Dia da Mulher com Alcemira Silva, Oficina Bonrodar"}]},{"@type":"WebSite","@id":"https:\/\/jornaldasoficinas.com\/pt\/#website","url":"https:\/\/jornaldasoficinas.com\/pt\/","name":"Jornal das Oficinas","description":"Jornal independente do Aftermarket Autom\u00f3vel em Portugal","publisher":{"@id":"https:\/\/jornaldasoficinas.com\/pt\/#organization"},"potentialAction":[{"@type":"SearchAction","target":{"@type":"EntryPoint","urlTemplate":"https:\/\/jornaldasoficinas.com\/pt\/?s={search_term_string}"},"query-input":{"@type":"PropertyValueSpecification","valueRequired":true,"valueName":"search_term_string"}}],"inLanguage":"pt-PT"},{"@type":"Organization","@id":"https:\/\/jornaldasoficinas.com\/pt\/#organization","name":"Jornal das Oficinas","url":"https:\/\/jornaldasoficinas.com\/pt\/","logo":{"@type":"ImageObject","inLanguage":"pt-PT","@id":"https:\/\/jornaldasoficinas.com\/pt\/#\/schema\/logo\/image\/","url":"https:\/\/jornaldasoficinas.com\/pt\/wp-content\/uploads\/logoJO-SEO.png","contentUrl":"https:\/\/jornaldasoficinas.com\/pt\/wp-content\/uploads\/logoJO-SEO.png","width":285,"height":450,"caption":"Jornal das Oficinas"},"image":{"@id":"https:\/\/jornaldasoficinas.com\/pt\/#\/schema\/logo\/image\/"},"sameAs":["https:\/\/www.facebook.com\/jornaloficinas","https:\/\/x.com\/jornaloficinas","https:\/\/www.instagram.com\/jornal_oficinas\/","https:\/\/www.linkedin.com\/company\/jornal-das-oficinas\/","https:\/\/www.youtube.com\/channel\/UCbQZBqtcvV-oSQrr7RzINGg"]},{"@type":"Person","@id":"https:\/\/jornaldasoficinas.com\/pt\/#\/schema\/person\/a38eef5de2c41d9e7c9ac10141afddf3","name":"Reda\u00e7\u00e3o JO","image":{"@type":"ImageObject","inLanguage":"pt-PT","@id":"https:\/\/secure.gravatar.com\/avatar\/71f2fa71737ad68a84fea94bc708ddac8ea5b0c4788dc2ad202f3ccb2887742f?s=96&d=wp_user_avatar&r=g","url":"https:\/\/secure.gravatar.com\/avatar\/71f2fa71737ad68a84fea94bc708ddac8ea5b0c4788dc2ad202f3ccb2887742f?s=96&d=wp_user_avatar&r=g","contentUrl":"https:\/\/secure.gravatar.com\/avatar\/71f2fa71737ad68a84fea94bc708ddac8ea5b0c4788dc2ad202f3ccb2887742f?s=96&d=wp_user_avatar&r=g","caption":"Reda\u00e7\u00e3o JO"},"url":"https:\/\/jornaldasoficinas.com\/pt\/author\/joredacao\/"}]}},"_links":{"self":[{"href":"https:\/\/jornaldasoficinas.com\/pt\/wp-json\/wp\/v2\/posts\/114034","targetHints":{"allow":["GET"]}}],"collection":[{"href":"https:\/\/jornaldasoficinas.com\/pt\/wp-json\/wp\/v2\/posts"}],"about":[{"href":"https:\/\/jornaldasoficinas.com\/pt\/wp-json\/wp\/v2\/types\/post"}],"author":[{"embeddable":true,"href":"https:\/\/jornaldasoficinas.com\/pt\/wp-json\/wp\/v2\/users\/15"}],"replies":[{"embeddable":true,"href":"https:\/\/jornaldasoficinas.com\/pt\/wp-json\/wp\/v2\/comments?post=114034"}],"version-history":[{"count":5,"href":"https:\/\/jornaldasoficinas.com\/pt\/wp-json\/wp\/v2\/posts\/114034\/revisions"}],"predecessor-version":[{"id":114040,"href":"https:\/\/jornaldasoficinas.com\/pt\/wp-json\/wp\/v2\/posts\/114034\/revisions\/114040"}],"wp:featuredmedia":[{"embeddable":true,"href":"https:\/\/jornaldasoficinas.com\/pt\/wp-json\/wp\/v2\/media\/114035"}],"wp:attachment":[{"href":"https:\/\/jornaldasoficinas.com\/pt\/wp-json\/wp\/v2\/media?parent=114034"}],"wp:term":[{"taxonomy":"category","embeddable":true,"href":"https:\/\/jornaldasoficinas.com\/pt\/wp-json\/wp\/v2\/categories?post=114034"},{"taxonomy":"post_tag","embeddable":true,"href":"https:\/\/jornaldasoficinas.com\/pt\/wp-json\/wp\/v2\/tags?post=114034"}],"curies":[{"name":"wp","href":"https:\/\/api.w.org\/{rel}","templated":true}]}}