{"id":114179,"date":"2026-03-12T11:30:28","date_gmt":"2026-03-12T11:30:28","guid":{"rendered":"https:\/\/jornaldasoficinas.com\/pt\/?p=114179"},"modified":"2026-03-12T16:12:54","modified_gmt":"2026-03-12T16:12:54","slug":"aran-junta-setor-automovel-para-debater-o-futuro","status":"publish","type":"post","link":"https:\/\/jornaldasoficinas.com\/pt\/aran-junta-setor-automovel-para-debater-o-futuro\/","title":{"rendered":"ARAN junta setor autom\u00f3vel para debater o futuro"},"content":{"rendered":"<p style=\"font-weight: 400;\"><strong><img loading=\"lazy\" decoding=\"async\" class=\"alignnone size-full wp-image-114183\" src=\"https:\/\/jornaldasoficinas.com\/pt\/wp-content\/uploads\/2026\/03\/ARAN-junta-setor-automovel-para-debater-o-futuro.jpg\" alt=\"03 - ARAN junta setor automovel para debater o futuro\" width=\"1024\" height=\"581\" srcset=\"https:\/\/jornaldasoficinas.com\/pt\/wp-content\/uploads\/2026\/03\/ARAN-junta-setor-automovel-para-debater-o-futuro.jpg 1024w, https:\/\/jornaldasoficinas.com\/pt\/wp-content\/uploads\/2026\/03\/ARAN-junta-setor-automovel-para-debater-o-futuro-300x170.jpg 300w, https:\/\/jornaldasoficinas.com\/pt\/wp-content\/uploads\/2026\/03\/ARAN-junta-setor-automovel-para-debater-o-futuro-150x85.jpg 150w, https:\/\/jornaldasoficinas.com\/pt\/wp-content\/uploads\/2026\/03\/ARAN-junta-setor-automovel-para-debater-o-futuro-768x436.jpg 768w\" sizes=\"auto, (max-width: 1024px) 100vw, 1024px\" \/><\/strong><\/p>\n<p><strong>\u201cJuntos Criamos o Futuro\u201d \u00e9 este o mote da Confer\u00eancia dos 85 anos da <a style=\"font-weight: 400;\" href=\"https:\/\/www.google.com\/url?sa=t&amp;source=web&amp;rct=j&amp;opi=89978449&amp;url=https:\/\/aran.pt\/pt\/&amp;ved=2ahUKEwjPiIG4nZqTAxXZNPsDHRFxCjkQFnoECBwQAQ&amp;usg=AOvVaw1qRIwNjc-P9fC4iUVX76zN\">ARAN<\/a>, que se realizou hoje, em Vila Nova de Gaia. O Jornal das Oficinas esteve presente e acompanhou<\/strong><span style=\"font-weight: 400;\"><strong> de perto os temas mais relevantes, nacionais e internacionais, do ramo autom\u00f3vel<\/strong><\/span><\/p>\n<p style=\"font-weight: 400;\">Rodrigo Ferreira da Silva, Presidente da ARAN, fez as honras de boas vindas a todos os presentes e n\u00e3o quis perder a oportunidade de saudar o trabalho da associa\u00e7\u00e3o ao longo dos \u00faltimos anos: \u201cO futuro n\u00e3o se observa \u00e0 dist\u00e2ncia, ao longo destes 85 anos, nunca deix\u00e1mos de cumprir a nossa miss\u00e3o, garantir a mobilidade\u201d. De ressalvar que Rodrigo Ferreira da Silva, assumiu a dire\u00e7\u00e3o da ARAN em 2019.<\/p>\n<p style=\"font-weight: 400;\">De seguida, foi a vez de Yang Yirui, Embaixador da Rep\u00fablica Popular da China, fazer o balan\u00e7o do mercado de ve\u00edculos el\u00e9tricos (VE) chineses na Europa. Segundo o mesmo, \u201cem 2025 as marcas chinesas de VE venderam cerca de 230 mil ve\u00edculos na Europa, o que se traduz num crescimento de cerca de 60% \u201d. J\u00e1 em Portugal, \u201cforam vendidas 11 900 unidades\u201d. Para Yang Yirui, estes n\u00fameros, s\u00e3o o reflexo da confian\u00e7a que os utilizadores t\u00eam nos ve\u00edculos chineses. O Embaixador acredita que os VE \u201cconquistaram o mercado portugu\u00eas pela inova\u00e7\u00e3o tecnol\u00f3gica\u201d.<\/p>\n<p style=\"font-weight: 400;\">\u201cChina: A nova superport\u00eancia do setor autom\u00f3vel\u201d foi o painel seguinte que contou com a presen\u00e7a de Charlotte Brix Andersen, Diretora da Phileas, que residiu nos \u00faltimos anos na China e deu o seu parecer, com base na experi\u00eancia vivida, sobre a expans\u00e3o dos ve\u00edculos chineses em todo o mundo. Para Charlotte, os n\u00fameros relevados acima, s\u00e3o o reflexo do \u201cbaixo pre\u00e7o; boa qualidade; software projetado; dispositivos especiais e enorme capacidade de produ\u00e7\u00e3o\u201d, dos carros chineses.<\/p>\n<p style=\"font-weight: 400;\">Geert Brummelhuis, Manager Automotive Retail na BOVAG, confirmou estas qualidades mas alertou para a import\u00e2ncia da reputa\u00e7\u00e3o das marcas, afirmando que a China tem vindo a conquistar o seu lugar pelo pre\u00e7o e pela qualidade mas tamb\u00e9m pela reputa\u00e7\u00e3o. Na sua perspetiva, se o crescimento das marcas chinesas continuar acentuado, prev\u00ea-se que em 2030 \u201c10% das vendas na Europa ser\u00e3o chinesas\u201d.<\/p>\n<p style=\"font-weight: 400;\">Irina Palh\u00e3o, Costumer Relationship Manager Jato Dynamics, liderou de seguida uma mesa redonda baseada nesta tem\u00e1tica que contou com a presen\u00e7a de Ricardo Manuel Lotra, Sales Manager &amp; Network Development MG Motor Portugal; Jan Oehmicke, Administrador do Grupo Jap e Rui Gon\u00e7alves, Administrador do Grupo Gocial.<\/p>\n<p style=\"font-weight: 400;\">Na perspetiva de Jan Oehmicke para as marcas europeias conseguirem competir com as marcas chinesas, temos que ser \u201cmais r\u00e1pidos e menos pragm\u00e1ticos. As marcas chinesas querem atingir os objetivos muito r\u00e1pido, n\u00e3o perdem tempo, quando h\u00e1 um problema, resolvem-no na hora.\u201d<\/p>\n<p style=\"font-weight: 400;\">J\u00e1 Rui Gon\u00e7alves, concorda com o colega de mesa mas acrescenta a \u2018lentid\u00e3o dos europeus: \u201cOs chineses demoram oito meses a desenvolver um carro, a Europa demora oito anos, isto quer dizer muito\u201d. Para Rui Gon\u00e7alves, \u201cA Europa tem que se adaptar mais rapidamente e tem que ser mais flex\u00edvel\u201d.<\/p>\n<p style=\"font-weight: 400;\">Ricardo Manuel Lotra, muito direto, afirma: \u201cEnquanto estivermos a estrangular o neg\u00f3cio com normativas, estamos a matar os fabricantes europeus\u201d.<\/p>\n<p style=\"font-weight: 400;\">A \u00faltima parte da conven\u00e7\u00e3o contou com uma vis\u00e3o 360\u00ba do setor autom\u00f3vel, moderada por Nalina Kar\u00e1, Diretora Geral da VERA Intelligence for Business, debatida por Franscisco Coutinho, Diretor Geral da MCoutinho Usados; Jo\u00e3o Laranjeiro, Used Car &amp; Manager BYD Europe; Luc\u00eda Bonilla Martinez, Presidente da Motormind e Paul de Vries, Dutch Automotive Expert &amp; founder of #DCDW.<\/p>\n<p>Na vis\u00e3o de Francisco Coutinho, &#8220;a digitaliza\u00e7\u00e3o do processo de compra e a import\u00e2ncia crescente da gest\u00e3o de dados&#8221; foram dois dos elementos que mais alteraram o setor autom\u00f3vel aos dias de hoje. Mas n\u00e3o os \u00fanicos, o Diretor Geral de Usados, destaca os recursos humanos como o elemento essencial para fazer a diferen\u00e7a dentro do seu neg\u00f3cio &#8220;apesar da tecnologia ser importante \u00e9 o talento das pessoas que nos faz ser diferente&#8221;, garantiu.<\/p>\n<p>Jo\u00e3o Laranjeiro, representante da BYD Europe, destacou a viragem dos ve\u00edculos el\u00e9tricos como a grande mudan\u00e7a do setor autom\u00f3vel. A BYD est\u00e1 presente em 34 pa\u00edses e prepara-se para chegar \u00e0 Europa, com a constru\u00e7\u00e3o de uma f\u00e1brica, perto de Budapeste. O representante, aproveitou a apresenta\u00e7\u00e3o, para revelar que a marca vai inaugurar na China, postos de carregamento ultra r\u00e1pidos que far\u00e3o carregamentos dos 10% ao 70% em apenas 5 minutos.<\/p>\n<p>Tamb\u00e9m a Intelig\u00eancia Artificial (IA) tem sido uma das &#8216;culpadas&#8217; pelas v\u00e1rias mudan\u00e7as que t\u00eam existido dentro do setor autom\u00f3vel. Lucia Bonilla Martinez criou h\u00e1 cerca de dois anos, uma plataforma de Motormind, trata-se de uma solu\u00e7\u00e3o de pr\u00e9-peritagem com avalia\u00e7\u00e3o de danos de carro\u00e7arias mediante IA. Esta solu\u00e7\u00e3o, permite \u00e0 equipa de suporte do OEM ficar livre para se concentrar em 20% de casos que realmente requerem interven\u00e7\u00e3o especializada.<\/p>\n<p>Paul de Vries, terminou esta sess\u00e3o, explicando como tem acompanhado os seus clientes a converter leads em vendas. Num mundo cada vez mais digital, uma das maiores mudan\u00e7as no setor autom\u00f3vel, t\u00eam sido os consumidores. Hoje em dia, \u00e9 dif\u00edcil vender um carro sem que esse mesmo consumidor n\u00e3o tenha feito pesquisas online. Por isso, na perspetiva do orador, \u00e9 necess\u00e1rio ser r\u00e1pido e fazer um bom acompanhamento de leads, segundo o fundador da #DCDW um &#8220;concession\u00e1rio autom\u00f3vel n\u00e3o pode ganhar no offline, sem ganhar no online&#8221;, garantiu, deixando uma ressalva &#8220;as pessoas v\u00e3o sempre querer comprar a pessoas, desde que os pre\u00e7os sejam aceit\u00e1veis&#8221;.<\/p>\n<p>O Jornal das Oficinas esteve \u00e0 conversa com Rodrigo Ferreira da Silva, Presidente da ARAN, aceda a esta entrevista exclusiva, <a href=\"https:\/\/fb.watch\/FODQHlkImP\/\">aqui<\/a>.<\/p>\n<p>Galeria de fotografias do evento, descubra<a href=\"http:\/\/&lt;iframe src=&quot;https:\/\/www.facebook.com\/plugins\/post.php?href=https%3A%2F%2Fwww.facebook.com%2Fjornaloficinas%2Fposts%2Fpfbid0q1HAFpEaX4QJau5h2MK1rUNmXT3YWcPyJsH8pqzFVtzvxafKQqfWy7hkw489WFPKl&amp;show_text=true&amp;width=500&quot; width=&quot;500&quot; height=&quot;771&quot; style=&quot;border:none;overflow:hidden&quot; scrolling=&quot;no&quot; frameborder=&quot;0&quot; allowfullscreen=&quot;true&quot; allow=&quot;autoplay; clipboard-write; encrypted-media; picture-in-picture; web-share&quot;&gt;&lt;\/iframe&gt;\"> aqui<\/a>.<\/p>\n","protected":false},"excerpt":{"rendered":"<p>\u201cJuntos Criamos o Futuro\u201d \u00e9 este&#8230;<\/p>\n","protected":false},"author":15,"featured_media":114183,"comment_status":"closed","ping_status":"closed","sticky":false,"template":"","format":"standard","meta":{"footnotes":""},"categories":[37],"tags":[136,14745,14743,14752,2770,14746,14747,14749,14753,14742,14754,14751,14755,14748,12062,14750,14744],"class_list":["post-114179","post","type-post","status-publish","format-standard","has-post-thumbnail","hentry","category-mercado","tag-aran","tag-charlotte-brix-andersen","tag-diretor-aran","tag-franscisco-coutinho","tag-futuro-automovel","tag-geert-brummelhuis","tag-irina-palhao","tag-jan-oehmicke","tag-joao-laranjeiro","tag-juntos-criamos-o-futuro","tag-lucia-bonilla-martinez","tag-nalina-kara","tag-paul-de-vries","tag-ricardo-manuel-lotra","tag-rodrigo-ferreira-da-silva","tag-rui-goncalves","tag-yang-yirui"],"yoast_head":"<!-- This site is optimized with the Yoast SEO plugin v27.5 - https:\/\/yoast.com\/product\/yoast-seo-wordpress\/ -->\n<title>ARAN junta setor autom\u00f3vel para debater o futuro - Jornal das Oficinas<\/title>\n<meta name=\"description\" content=\"\u201cJuntos Criamos o Futuro\u201d \u00e9 este o mote da Confer\u00eancia dos 85 anos da ARAN, que se realiza hoje, em Vila Nova de Gaia\" \/>\n<meta name=\"robots\" content=\"index, follow, max-snippet:-1, max-image-preview:large, max-video-preview:-1\" \/>\n<link rel=\"canonical\" href=\"https:\/\/jornaldasoficinas.com\/pt\/aran-junta-setor-automovel-para-debater-o-futuro\/\" \/>\n<meta property=\"og:locale\" content=\"pt_PT\" \/>\n<meta property=\"og:type\" content=\"article\" \/>\n<meta property=\"og:title\" content=\"ARAN junta setor autom\u00f3vel para debater o futuro - Jornal das Oficinas\" \/>\n<meta property=\"og:description\" content=\"\u201cJuntos Criamos o Futuro\u201d \u00e9 este o mote da Confer\u00eancia dos 85 anos da ARAN, que se realiza hoje, em Vila Nova de Gaia\" \/>\n<meta property=\"og:url\" content=\"https:\/\/jornaldasoficinas.com\/pt\/aran-junta-setor-automovel-para-debater-o-futuro\/\" \/>\n<meta property=\"og:site_name\" content=\"Jornal das Oficinas\" \/>\n<meta property=\"article:publisher\" content=\"https:\/\/www.facebook.com\/jornaloficinas\" \/>\n<meta property=\"article:published_time\" content=\"2026-03-12T11:30:28+00:00\" \/>\n<meta property=\"article:modified_time\" content=\"2026-03-12T16:12:54+00:00\" \/>\n<meta property=\"og:image\" content=\"https:\/\/jornaldasoficinas.com\/pt\/wp-content\/uploads\/2026\/03\/ARAN-junta-setor-automovel-para-debater-o-futuro.jpg\" \/>\n\t<meta property=\"og:image:width\" content=\"1024\" \/>\n\t<meta property=\"og:image:height\" content=\"581\" \/>\n\t<meta property=\"og:image:type\" content=\"image\/jpeg\" \/>\n<meta name=\"author\" content=\"Reda\u00e7\u00e3o JO\" \/>\n<meta name=\"twitter:card\" content=\"summary_large_image\" \/>\n<meta name=\"twitter:creator\" content=\"@jornaloficinas\" \/>\n<meta name=\"twitter:site\" content=\"@jornaloficinas\" \/>\n<meta name=\"twitter:label1\" content=\"Escrito por\" \/>\n\t<meta name=\"twitter:data1\" content=\"Reda\u00e7\u00e3o JO\" \/>\n\t<meta name=\"twitter:label2\" content=\"Tempo estimado de leitura\" \/>\n\t<meta name=\"twitter:data2\" content=\"6 minutos\" \/>\n<script type=\"application\/ld+json\" class=\"yoast-schema-graph\">{\"@context\":\"https:\\\/\\\/schema.org\",\"@graph\":[{\"@type\":\"Article\",\"@id\":\"https:\\\/\\\/jornaldasoficinas.com\\\/pt\\\/aran-junta-setor-automovel-para-debater-o-futuro\\\/#article\",\"isPartOf\":{\"@id\":\"https:\\\/\\\/jornaldasoficinas.com\\\/pt\\\/aran-junta-setor-automovel-para-debater-o-futuro\\\/\"},\"author\":{\"name\":\"Reda\u00e7\u00e3o JO\",\"@id\":\"https:\\\/\\\/jornaldasoficinas.com\\\/pt\\\/#\\\/schema\\\/person\\\/a38eef5de2c41d9e7c9ac10141afddf3\"},\"headline\":\"ARAN junta setor autom\u00f3vel para debater o futuro\",\"datePublished\":\"2026-03-12T11:30:28+00:00\",\"dateModified\":\"2026-03-12T16:12:54+00:00\",\"mainEntityOfPage\":{\"@id\":\"https:\\\/\\\/jornaldasoficinas.com\\\/pt\\\/aran-junta-setor-automovel-para-debater-o-futuro\\\/\"},\"wordCount\":994,\"publisher\":{\"@id\":\"https:\\\/\\\/jornaldasoficinas.com\\\/pt\\\/#organization\"},\"image\":{\"@id\":\"https:\\\/\\\/jornaldasoficinas.com\\\/pt\\\/aran-junta-setor-automovel-para-debater-o-futuro\\\/#primaryimage\"},\"thumbnailUrl\":\"https:\\\/\\\/jornaldasoficinas.com\\\/pt\\\/wp-content\\\/uploads\\\/2026\\\/03\\\/ARAN-junta-setor-automovel-para-debater-o-futuro.jpg\",\"keywords\":[\"ARAN\",\"Charlotte Brix Andersen\",\"Diretor ARAN\",\"Franscisco Coutinho\",\"futuro autom\u00f3vel\",\"Geert Brummelhuis\",\"Irina Palh\u00e3o\",\"Jan Oehmicke\",\"Jo\u00e3o Laranjeiro\",\"Juntos Criamos o Futuro\",\"Luc\u00eda Bonilla Martinez\",\"Nalina Kar\u00e1\",\"Paul de Vries\",\"Ricardo Manuel Lotra\",\"Rodrigo Ferreira da Silva\",\"Rui Gon\u00e7alves\",\"Yang Yirui\"],\"articleSection\":[\"Mercado\"],\"inLanguage\":\"pt-PT\"},{\"@type\":\"WebPage\",\"@id\":\"https:\\\/\\\/jornaldasoficinas.com\\\/pt\\\/aran-junta-setor-automovel-para-debater-o-futuro\\\/\",\"url\":\"https:\\\/\\\/jornaldasoficinas.com\\\/pt\\\/aran-junta-setor-automovel-para-debater-o-futuro\\\/\",\"name\":\"ARAN junta setor autom\u00f3vel para debater o futuro - Jornal das Oficinas\",\"isPartOf\":{\"@id\":\"https:\\\/\\\/jornaldasoficinas.com\\\/pt\\\/#website\"},\"primaryImageOfPage\":{\"@id\":\"https:\\\/\\\/jornaldasoficinas.com\\\/pt\\\/aran-junta-setor-automovel-para-debater-o-futuro\\\/#primaryimage\"},\"image\":{\"@id\":\"https:\\\/\\\/jornaldasoficinas.com\\\/pt\\\/aran-junta-setor-automovel-para-debater-o-futuro\\\/#primaryimage\"},\"thumbnailUrl\":\"https:\\\/\\\/jornaldasoficinas.com\\\/pt\\\/wp-content\\\/uploads\\\/2026\\\/03\\\/ARAN-junta-setor-automovel-para-debater-o-futuro.jpg\",\"datePublished\":\"2026-03-12T11:30:28+00:00\",\"dateModified\":\"2026-03-12T16:12:54+00:00\",\"description\":\"\u201cJuntos Criamos o Futuro\u201d \u00e9 este o mote da Confer\u00eancia dos 85 anos da ARAN, que se realiza hoje, em Vila Nova de Gaia\",\"breadcrumb\":{\"@id\":\"https:\\\/\\\/jornaldasoficinas.com\\\/pt\\\/aran-junta-setor-automovel-para-debater-o-futuro\\\/#breadcrumb\"},\"inLanguage\":\"pt-PT\",\"potentialAction\":[{\"@type\":\"ReadAction\",\"target\":[\"https:\\\/\\\/jornaldasoficinas.com\\\/pt\\\/aran-junta-setor-automovel-para-debater-o-futuro\\\/\"]}]},{\"@type\":\"ImageObject\",\"inLanguage\":\"pt-PT\",\"@id\":\"https:\\\/\\\/jornaldasoficinas.com\\\/pt\\\/aran-junta-setor-automovel-para-debater-o-futuro\\\/#primaryimage\",\"url\":\"https:\\\/\\\/jornaldasoficinas.com\\\/pt\\\/wp-content\\\/uploads\\\/2026\\\/03\\\/ARAN-junta-setor-automovel-para-debater-o-futuro.jpg\",\"contentUrl\":\"https:\\\/\\\/jornaldasoficinas.com\\\/pt\\\/wp-content\\\/uploads\\\/2026\\\/03\\\/ARAN-junta-setor-automovel-para-debater-o-futuro.jpg\",\"width\":1024,\"height\":581,\"caption\":\"03 - ARAN junta setor automovel para debater o futuro\"},{\"@type\":\"BreadcrumbList\",\"@id\":\"https:\\\/\\\/jornaldasoficinas.com\\\/pt\\\/aran-junta-setor-automovel-para-debater-o-futuro\\\/#breadcrumb\",\"itemListElement\":[{\"@type\":\"ListItem\",\"position\":1,\"name\":\"In\u00edcio\",\"item\":\"https:\\\/\\\/jornaldasoficinas.com\\\/pt\\\/\"},{\"@type\":\"ListItem\",\"position\":2,\"name\":\"ARAN junta setor autom\u00f3vel para debater o futuro\"}]},{\"@type\":\"WebSite\",\"@id\":\"https:\\\/\\\/jornaldasoficinas.com\\\/pt\\\/#website\",\"url\":\"https:\\\/\\\/jornaldasoficinas.com\\\/pt\\\/\",\"name\":\"Jornal das Oficinas\",\"description\":\"Jornal independente do Aftermarket Autom\u00f3vel em Portugal\",\"publisher\":{\"@id\":\"https:\\\/\\\/jornaldasoficinas.com\\\/pt\\\/#organization\"},\"potentialAction\":[{\"@type\":\"SearchAction\",\"target\":{\"@type\":\"EntryPoint\",\"urlTemplate\":\"https:\\\/\\\/jornaldasoficinas.com\\\/pt\\\/?s={search_term_string}\"},\"query-input\":{\"@type\":\"PropertyValueSpecification\",\"valueRequired\":true,\"valueName\":\"search_term_string\"}}],\"inLanguage\":\"pt-PT\"},{\"@type\":\"Organization\",\"@id\":\"https:\\\/\\\/jornaldasoficinas.com\\\/pt\\\/#organization\",\"name\":\"Jornal das Oficinas\",\"url\":\"https:\\\/\\\/jornaldasoficinas.com\\\/pt\\\/\",\"logo\":{\"@type\":\"ImageObject\",\"inLanguage\":\"pt-PT\",\"@id\":\"https:\\\/\\\/jornaldasoficinas.com\\\/pt\\\/#\\\/schema\\\/logo\\\/image\\\/\",\"url\":\"https:\\\/\\\/jornaldasoficinas.com\\\/pt\\\/wp-content\\\/uploads\\\/logoJO-SEO.png\",\"contentUrl\":\"https:\\\/\\\/jornaldasoficinas.com\\\/pt\\\/wp-content\\\/uploads\\\/logoJO-SEO.png\",\"width\":285,\"height\":450,\"caption\":\"Jornal das Oficinas\"},\"image\":{\"@id\":\"https:\\\/\\\/jornaldasoficinas.com\\\/pt\\\/#\\\/schema\\\/logo\\\/image\\\/\"},\"sameAs\":[\"https:\\\/\\\/www.facebook.com\\\/jornaloficinas\",\"https:\\\/\\\/x.com\\\/jornaloficinas\",\"https:\\\/\\\/www.instagram.com\\\/jornal_oficinas\\\/\",\"https:\\\/\\\/www.linkedin.com\\\/company\\\/jornal-das-oficinas\\\/\",\"https:\\\/\\\/www.youtube.com\\\/channel\\\/UCbQZBqtcvV-oSQrr7RzINGg\"]},{\"@type\":\"Person\",\"@id\":\"https:\\\/\\\/jornaldasoficinas.com\\\/pt\\\/#\\\/schema\\\/person\\\/a38eef5de2c41d9e7c9ac10141afddf3\",\"name\":\"Reda\u00e7\u00e3o JO\",\"image\":{\"@type\":\"ImageObject\",\"inLanguage\":\"pt-PT\",\"@id\":\"https:\\\/\\\/secure.gravatar.com\\\/avatar\\\/71f2fa71737ad68a84fea94bc708ddac8ea5b0c4788dc2ad202f3ccb2887742f?s=96&d=wp_user_avatar&r=g\",\"url\":\"https:\\\/\\\/secure.gravatar.com\\\/avatar\\\/71f2fa71737ad68a84fea94bc708ddac8ea5b0c4788dc2ad202f3ccb2887742f?s=96&d=wp_user_avatar&r=g\",\"contentUrl\":\"https:\\\/\\\/secure.gravatar.com\\\/avatar\\\/71f2fa71737ad68a84fea94bc708ddac8ea5b0c4788dc2ad202f3ccb2887742f?s=96&d=wp_user_avatar&r=g\",\"caption\":\"Reda\u00e7\u00e3o JO\"},\"url\":\"https:\\\/\\\/jornaldasoficinas.com\\\/pt\\\/author\\\/joredacao\\\/\"}]}<\/script>\n<!-- \/ Yoast SEO plugin. -->","yoast_head_json":{"title":"ARAN junta setor autom\u00f3vel para debater o futuro - Jornal das Oficinas","description":"\u201cJuntos Criamos o Futuro\u201d \u00e9 este o mote da Confer\u00eancia dos 85 anos da ARAN, que se realiza hoje, em Vila Nova de Gaia","robots":{"index":"index","follow":"follow","max-snippet":"max-snippet:-1","max-image-preview":"max-image-preview:large","max-video-preview":"max-video-preview:-1"},"canonical":"https:\/\/jornaldasoficinas.com\/pt\/aran-junta-setor-automovel-para-debater-o-futuro\/","og_locale":"pt_PT","og_type":"article","og_title":"ARAN junta setor autom\u00f3vel para debater o futuro - Jornal das Oficinas","og_description":"\u201cJuntos Criamos o Futuro\u201d \u00e9 este o mote da Confer\u00eancia dos 85 anos da ARAN, que se realiza hoje, em Vila Nova de Gaia","og_url":"https:\/\/jornaldasoficinas.com\/pt\/aran-junta-setor-automovel-para-debater-o-futuro\/","og_site_name":"Jornal das Oficinas","article_publisher":"https:\/\/www.facebook.com\/jornaloficinas","article_published_time":"2026-03-12T11:30:28+00:00","article_modified_time":"2026-03-12T16:12:54+00:00","og_image":[{"width":1024,"height":581,"url":"https:\/\/jornaldasoficinas.com\/pt\/wp-content\/uploads\/2026\/03\/ARAN-junta-setor-automovel-para-debater-o-futuro.jpg","type":"image\/jpeg"}],"author":"Reda\u00e7\u00e3o JO","twitter_card":"summary_large_image","twitter_creator":"@jornaloficinas","twitter_site":"@jornaloficinas","twitter_misc":{"Escrito por":"Reda\u00e7\u00e3o JO","Tempo estimado de leitura":"6 minutos"},"schema":{"@context":"https:\/\/schema.org","@graph":[{"@type":"Article","@id":"https:\/\/jornaldasoficinas.com\/pt\/aran-junta-setor-automovel-para-debater-o-futuro\/#article","isPartOf":{"@id":"https:\/\/jornaldasoficinas.com\/pt\/aran-junta-setor-automovel-para-debater-o-futuro\/"},"author":{"name":"Reda\u00e7\u00e3o JO","@id":"https:\/\/jornaldasoficinas.com\/pt\/#\/schema\/person\/a38eef5de2c41d9e7c9ac10141afddf3"},"headline":"ARAN junta setor autom\u00f3vel para debater o futuro","datePublished":"2026-03-12T11:30:28+00:00","dateModified":"2026-03-12T16:12:54+00:00","mainEntityOfPage":{"@id":"https:\/\/jornaldasoficinas.com\/pt\/aran-junta-setor-automovel-para-debater-o-futuro\/"},"wordCount":994,"publisher":{"@id":"https:\/\/jornaldasoficinas.com\/pt\/#organization"},"image":{"@id":"https:\/\/jornaldasoficinas.com\/pt\/aran-junta-setor-automovel-para-debater-o-futuro\/#primaryimage"},"thumbnailUrl":"https:\/\/jornaldasoficinas.com\/pt\/wp-content\/uploads\/2026\/03\/ARAN-junta-setor-automovel-para-debater-o-futuro.jpg","keywords":["ARAN","Charlotte Brix Andersen","Diretor ARAN","Franscisco Coutinho","futuro autom\u00f3vel","Geert Brummelhuis","Irina Palh\u00e3o","Jan Oehmicke","Jo\u00e3o Laranjeiro","Juntos Criamos o Futuro","Luc\u00eda Bonilla Martinez","Nalina Kar\u00e1","Paul de Vries","Ricardo Manuel Lotra","Rodrigo Ferreira da Silva","Rui Gon\u00e7alves","Yang Yirui"],"articleSection":["Mercado"],"inLanguage":"pt-PT"},{"@type":"WebPage","@id":"https:\/\/jornaldasoficinas.com\/pt\/aran-junta-setor-automovel-para-debater-o-futuro\/","url":"https:\/\/jornaldasoficinas.com\/pt\/aran-junta-setor-automovel-para-debater-o-futuro\/","name":"ARAN junta setor autom\u00f3vel para debater o futuro - Jornal das Oficinas","isPartOf":{"@id":"https:\/\/jornaldasoficinas.com\/pt\/#website"},"primaryImageOfPage":{"@id":"https:\/\/jornaldasoficinas.com\/pt\/aran-junta-setor-automovel-para-debater-o-futuro\/#primaryimage"},"image":{"@id":"https:\/\/jornaldasoficinas.com\/pt\/aran-junta-setor-automovel-para-debater-o-futuro\/#primaryimage"},"thumbnailUrl":"https:\/\/jornaldasoficinas.com\/pt\/wp-content\/uploads\/2026\/03\/ARAN-junta-setor-automovel-para-debater-o-futuro.jpg","datePublished":"2026-03-12T11:30:28+00:00","dateModified":"2026-03-12T16:12:54+00:00","description":"\u201cJuntos Criamos o Futuro\u201d \u00e9 este o mote da Confer\u00eancia dos 85 anos da ARAN, que se realiza hoje, em Vila Nova de Gaia","breadcrumb":{"@id":"https:\/\/jornaldasoficinas.com\/pt\/aran-junta-setor-automovel-para-debater-o-futuro\/#breadcrumb"},"inLanguage":"pt-PT","potentialAction":[{"@type":"ReadAction","target":["https:\/\/jornaldasoficinas.com\/pt\/aran-junta-setor-automovel-para-debater-o-futuro\/"]}]},{"@type":"ImageObject","inLanguage":"pt-PT","@id":"https:\/\/jornaldasoficinas.com\/pt\/aran-junta-setor-automovel-para-debater-o-futuro\/#primaryimage","url":"https:\/\/jornaldasoficinas.com\/pt\/wp-content\/uploads\/2026\/03\/ARAN-junta-setor-automovel-para-debater-o-futuro.jpg","contentUrl":"https:\/\/jornaldasoficinas.com\/pt\/wp-content\/uploads\/2026\/03\/ARAN-junta-setor-automovel-para-debater-o-futuro.jpg","width":1024,"height":581,"caption":"03 - ARAN junta setor automovel para debater o futuro"},{"@type":"BreadcrumbList","@id":"https:\/\/jornaldasoficinas.com\/pt\/aran-junta-setor-automovel-para-debater-o-futuro\/#breadcrumb","itemListElement":[{"@type":"ListItem","position":1,"name":"In\u00edcio","item":"https:\/\/jornaldasoficinas.com\/pt\/"},{"@type":"ListItem","position":2,"name":"ARAN junta setor autom\u00f3vel para debater o futuro"}]},{"@type":"WebSite","@id":"https:\/\/jornaldasoficinas.com\/pt\/#website","url":"https:\/\/jornaldasoficinas.com\/pt\/","name":"Jornal das Oficinas","description":"Jornal independente do Aftermarket Autom\u00f3vel em Portugal","publisher":{"@id":"https:\/\/jornaldasoficinas.com\/pt\/#organization"},"potentialAction":[{"@type":"SearchAction","target":{"@type":"EntryPoint","urlTemplate":"https:\/\/jornaldasoficinas.com\/pt\/?s={search_term_string}"},"query-input":{"@type":"PropertyValueSpecification","valueRequired":true,"valueName":"search_term_string"}}],"inLanguage":"pt-PT"},{"@type":"Organization","@id":"https:\/\/jornaldasoficinas.com\/pt\/#organization","name":"Jornal das Oficinas","url":"https:\/\/jornaldasoficinas.com\/pt\/","logo":{"@type":"ImageObject","inLanguage":"pt-PT","@id":"https:\/\/jornaldasoficinas.com\/pt\/#\/schema\/logo\/image\/","url":"https:\/\/jornaldasoficinas.com\/pt\/wp-content\/uploads\/logoJO-SEO.png","contentUrl":"https:\/\/jornaldasoficinas.com\/pt\/wp-content\/uploads\/logoJO-SEO.png","width":285,"height":450,"caption":"Jornal das Oficinas"},"image":{"@id":"https:\/\/jornaldasoficinas.com\/pt\/#\/schema\/logo\/image\/"},"sameAs":["https:\/\/www.facebook.com\/jornaloficinas","https:\/\/x.com\/jornaloficinas","https:\/\/www.instagram.com\/jornal_oficinas\/","https:\/\/www.linkedin.com\/company\/jornal-das-oficinas\/","https:\/\/www.youtube.com\/channel\/UCbQZBqtcvV-oSQrr7RzINGg"]},{"@type":"Person","@id":"https:\/\/jornaldasoficinas.com\/pt\/#\/schema\/person\/a38eef5de2c41d9e7c9ac10141afddf3","name":"Reda\u00e7\u00e3o JO","image":{"@type":"ImageObject","inLanguage":"pt-PT","@id":"https:\/\/secure.gravatar.com\/avatar\/71f2fa71737ad68a84fea94bc708ddac8ea5b0c4788dc2ad202f3ccb2887742f?s=96&d=wp_user_avatar&r=g","url":"https:\/\/secure.gravatar.com\/avatar\/71f2fa71737ad68a84fea94bc708ddac8ea5b0c4788dc2ad202f3ccb2887742f?s=96&d=wp_user_avatar&r=g","contentUrl":"https:\/\/secure.gravatar.com\/avatar\/71f2fa71737ad68a84fea94bc708ddac8ea5b0c4788dc2ad202f3ccb2887742f?s=96&d=wp_user_avatar&r=g","caption":"Reda\u00e7\u00e3o JO"},"url":"https:\/\/jornaldasoficinas.com\/pt\/author\/joredacao\/"}]}},"_links":{"self":[{"href":"https:\/\/jornaldasoficinas.com\/pt\/wp-json\/wp\/v2\/posts\/114179","targetHints":{"allow":["GET"]}}],"collection":[{"href":"https:\/\/jornaldasoficinas.com\/pt\/wp-json\/wp\/v2\/posts"}],"about":[{"href":"https:\/\/jornaldasoficinas.com\/pt\/wp-json\/wp\/v2\/types\/post"}],"author":[{"embeddable":true,"href":"https:\/\/jornaldasoficinas.com\/pt\/wp-json\/wp\/v2\/users\/15"}],"replies":[{"embeddable":true,"href":"https:\/\/jornaldasoficinas.com\/pt\/wp-json\/wp\/v2\/comments?post=114179"}],"version-history":[{"count":16,"href":"https:\/\/jornaldasoficinas.com\/pt\/wp-json\/wp\/v2\/posts\/114179\/revisions"}],"predecessor-version":[{"id":114241,"href":"https:\/\/jornaldasoficinas.com\/pt\/wp-json\/wp\/v2\/posts\/114179\/revisions\/114241"}],"wp:featuredmedia":[{"embeddable":true,"href":"https:\/\/jornaldasoficinas.com\/pt\/wp-json\/wp\/v2\/media\/114183"}],"wp:attachment":[{"href":"https:\/\/jornaldasoficinas.com\/pt\/wp-json\/wp\/v2\/media?parent=114179"}],"wp:term":[{"taxonomy":"category","embeddable":true,"href":"https:\/\/jornaldasoficinas.com\/pt\/wp-json\/wp\/v2\/categories?post=114179"},{"taxonomy":"post_tag","embeddable":true,"href":"https:\/\/jornaldasoficinas.com\/pt\/wp-json\/wp\/v2\/tags?post=114179"}],"curies":[{"name":"wp","href":"https:\/\/api.w.org\/{rel}","templated":true}]}}