{"id":114216,"date":"2026-03-16T14:00:48","date_gmt":"2026-03-16T14:00:48","guid":{"rendered":"https:\/\/jornaldasoficinas.com\/pt\/?p=114216"},"modified":"2026-03-12T16:18:17","modified_gmt":"2026-03-12T16:18:17","slug":"liqui-moly-da-nome-ao-campeonato-de-portugal-de-drift","status":"publish","type":"post","link":"https:\/\/jornaldasoficinas.com\/pt\/liqui-moly-da-nome-ao-campeonato-de-portugal-de-drift\/","title":{"rendered":"LIQUI MOLY d\u00e1 nome ao Campeonato de Portugal de Drift"},"content":{"rendered":"<p><strong><img loading=\"lazy\" decoding=\"async\" class=\"alignnone size-full wp-image-114231\" src=\"https:\/\/jornaldasoficinas.com\/pt\/wp-content\/uploads\/2026\/03\/LIQUI-MOLY-da-nome-ao-Campeonato-de-Portugal-de-Drift.jpg\" alt=\"03 - LIQUI MOLY da nome ao Campeonato de Portugal de Drift\" width=\"1024\" height=\"581\" srcset=\"https:\/\/jornaldasoficinas.com\/pt\/wp-content\/uploads\/2026\/03\/LIQUI-MOLY-da-nome-ao-Campeonato-de-Portugal-de-Drift.jpg 1024w, https:\/\/jornaldasoficinas.com\/pt\/wp-content\/uploads\/2026\/03\/LIQUI-MOLY-da-nome-ao-Campeonato-de-Portugal-de-Drift-300x170.jpg 300w, https:\/\/jornaldasoficinas.com\/pt\/wp-content\/uploads\/2026\/03\/LIQUI-MOLY-da-nome-ao-Campeonato-de-Portugal-de-Drift-150x85.jpg 150w, https:\/\/jornaldasoficinas.com\/pt\/wp-content\/uploads\/2026\/03\/LIQUI-MOLY-da-nome-ao-Campeonato-de-Portugal-de-Drift-768x436.jpg 768w\" sizes=\"auto, (max-width: 1024px) 100vw, 1024px\" \/><\/strong><\/p>\n<p><strong>A <a href=\"https:\/\/www.liqui-moly.com\/\" target=\"_blank\" rel=\"noopener\">LIQUI MOLY<\/a> refor\u00e7ou a sua presen\u00e7a no desporto autom\u00f3vel nacional ao tornar-se &#8220;naming partner&#8221; do <a href=\"https:\/\/www.facebook.com\/campeonatoportugaldedrift\/?locale=pt_PT\" target=\"_blank\" rel=\"noopener\">Campeonato de Portugal de Drift<\/a>, passando a dar nome oficial \u00e0 competi\u00e7\u00e3o a partir da temporada de 2026<\/strong><\/p>\n<p>O ano de 2026 inicia-se com o refor\u00e7o da aposta da LIQUI MOLY no Campeonato de Portugal de Drift. Ap\u00f3s duas \u00e9pocas bem-sucedidas com o estatuto de &#8220;main sponsor&#8221;, a marca premium alem\u00e3 de lubrificantes, aditivos e produtos qu\u00edmicos intensifica o seu compromisso com uma das modalidades mais entusiasmantes do desporto autom\u00f3vel nacional ao tornar-se &#8220;naming partner&#8221; da competi\u00e7\u00e3o.<\/p>\n<p>O novo &#8220;CP Drift LIQUI MOLY&#8221; tra\u00e7a uma nova era no leque de ativa\u00e7\u00f5es da LIQUI MOLY Iberia em Portugal e da competi\u00e7\u00e3o promovida por Daniel Azevedo, que ser\u00e1 aproveitada pela LIQUI MOLY para continuar a promover o seu leque de produtos e solu\u00e7\u00f5es entre consumidores finais e profissionais.<\/p>\n<p><strong>Comunica\u00e7\u00e3o refor\u00e7ada<\/strong><\/p>\n<p>Al\u00e9m de estrear novos materiais de comunica\u00e7\u00e3o no paddock de cada evento, a LIQUI MOLY ocupar\u00e1 um lugar de destaque no p\u00f3dio e em todos os materiais promocionais de todas as rondas da competi\u00e7\u00e3o, incluindo o programa, o hor\u00e1rio e o cartaz oficiais.<br \/>\nA marca refor\u00e7ar\u00e1 ainda um v\u00ednculo muito especial com os pilotos e equipas nos bastidores e durante as cerim\u00f3nias de p\u00f3dio, bem como com os aficionados que se deslocarem a cada circuito.<\/p>\n<p>&#8220;A LIQUI MOLY aposta muito no contacto direto com o seu p\u00fablico e o CP Drift \u00e9 absolutamente uma das melhores plataformas para o fazermos&#8221;, referiu Sadhna Monteiro, Sales &amp; Marketing Director da LIQUI MOLY Iberia.<\/p>\n<p>&#8220;Os pilotos s\u00e3o assistidos por equipas de mec\u00e2nicos ou oficinas que lidam diariamente com o nosso neg\u00f3cio, e h\u00e1 casos fant\u00e1sticos em que acumulam os tr\u00eas pap\u00e9is: preparam o carro e colocam a m\u00e3o na massa antes de irem para a pista. Depois, o espet\u00e1culo \u00e9 realmente fascinante, atraindo um p\u00fablico apaixonado pela mec\u00e2nica e pela prepara\u00e7\u00e3o autom\u00f3vel, \u00e1reas nas quais a completa gama de produtos da LIQUI MOLY acrescenta valor&#8221;, afirmou.<\/p>\n<p>&#8220;Tudo acaba por se alinhar perfeitamente com os nossos objetivos, com o adicional de todas as provas terem transmiss\u00e3o via streaming&#8221;, acrescentou.<\/p>\n<p><strong>Calend\u00e1rio da temporada<\/strong><\/p>\n<p>J\u00e1 Daniel Azevedo, promotor do campeonato, acredita que esta not\u00edcia gerar\u00e1 ainda mais entusiasmo entre os pilotos, equipas e adeptos do CP Drift. &#8220;Desde o primeiro momento em que inici\u00e1mos a nossa liga\u00e7\u00e3o, em 2022, senti que a LIQUI MOLY \u00e9 uma marca acarinhada pela comunidade do Drift. Estou certo de que o refor\u00e7o da parceria que j\u00e1 hav\u00edamos estabelecido trar\u00e1 mais oportunidades para a marca e para todos os stakeholders, n\u00e3o s\u00f3 pela qualidade dos seus produtos, mas tamb\u00e9m pela forma como a LIQUI MOLY se envolve na ativa\u00e7\u00e3o dos seus projetos.&#8221;<\/p>\n<p>O respons\u00e1vel pelo &#8220;CP Drift LIQUI MOLY&#8221; acredita ainda que todos poder\u00e3o &#8220;beneficiar da tecnologia, fiabilidade, desempenho e dinamismo reconhecidos \u00e0 LIQUI MOLY&#8221;, num momento em que o Campeonato de Portugal de Drift j\u00e1 \u00e9 &#8220;uma marca consolidada&#8221; e conta com um p\u00fablico fidelizado.<\/p>\n<p>&#8220;Este novo acordo e o interesse revigorado s\u00e3o tamb\u00e9m a prova da evolu\u00e7\u00e3o que o campeonato tem registado \u2014 um m\u00e9rito repartido inteiramente pelos pilotos, equipas e staff, a quem n\u00e3o posso deixar de agradecer publicamente&#8221;, destacou.<\/p>\n<p>Com seis provas oficiais e uma Ta\u00e7a de Portugal, a temporada de 2026 do CP Drift LIQUI MOLY arranca no fim de semana de 28 e 29 de mar\u00e7o em Montemor. Seguem-se, depois, as passagens por Campia, Sever do Vouga, Viseu e Pinhel antes da final em Lousada, no \u00faltimo fim de semana de setembro. A visita a Sever do Vouga para a Ta\u00e7a de Portugal decorrer\u00e1 entre 17 e 18 de outubro.<\/p>\n","protected":false},"excerpt":{"rendered":"<p>A LIQUI MOLY refor\u00e7ou a sua&#8230;<\/p>\n","protected":false},"author":15,"featured_media":114231,"comment_status":"closed","ping_status":"closed","sticky":false,"template":"","format":"standard","meta":{"footnotes":""},"categories":[29],"tags":[14756,11392,272,14757,14550],"class_list":["post-114216","post","type-post","status-publish","format-standard","has-post-thumbnail","hentry","category-empresas","tag-campeonato-de-portugal-de-drift","tag-desporto-automovel","tag-liqui-moly","tag-naming-partner","tag-temporada-de-2026"],"yoast_head":"<!-- This site is optimized with the Yoast SEO plugin v27.5 - https:\/\/yoast.com\/product\/yoast-seo-wordpress\/ -->\n<title>LIQUI MOLY d\u00e1 nome ao Campeonato de Portugal de Drift - Jornal das Oficinas<\/title>\n<meta name=\"description\" content=\"A LIQUI MOLY refor\u00e7ou a sua presen\u00e7a no desporto autom\u00f3vel nacional ao tornar-se \u201cnaming partner\u201d do Campeonato de Portugal de Drift\" \/>\n<meta name=\"robots\" content=\"index, follow, max-snippet:-1, max-image-preview:large, max-video-preview:-1\" \/>\n<link rel=\"canonical\" href=\"https:\/\/jornaldasoficinas.com\/pt\/liqui-moly-da-nome-ao-campeonato-de-portugal-de-drift\/\" \/>\n<meta property=\"og:locale\" content=\"pt_PT\" \/>\n<meta property=\"og:type\" content=\"article\" \/>\n<meta property=\"og:title\" content=\"LIQUI MOLY d\u00e1 nome ao Campeonato de Portugal de Drift - Jornal das Oficinas\" \/>\n<meta property=\"og:description\" content=\"A LIQUI MOLY refor\u00e7ou a sua presen\u00e7a no desporto autom\u00f3vel nacional ao tornar-se \u201cnaming partner\u201d do Campeonato de Portugal de Drift\" \/>\n<meta property=\"og:url\" content=\"https:\/\/jornaldasoficinas.com\/pt\/liqui-moly-da-nome-ao-campeonato-de-portugal-de-drift\/\" \/>\n<meta property=\"og:site_name\" content=\"Jornal das Oficinas\" \/>\n<meta property=\"article:publisher\" content=\"https:\/\/www.facebook.com\/jornaloficinas\" \/>\n<meta property=\"article:published_time\" content=\"2026-03-16T14:00:48+00:00\" \/>\n<meta property=\"og:image\" content=\"https:\/\/jornaldasoficinas.com\/pt\/wp-content\/uploads\/2026\/03\/LIQUI-MOLY-da-nome-ao-Campeonato-de-Portugal-de-Drift.jpg\" \/>\n\t<meta property=\"og:image:width\" content=\"1024\" \/>\n\t<meta property=\"og:image:height\" content=\"581\" \/>\n\t<meta property=\"og:image:type\" content=\"image\/jpeg\" \/>\n<meta name=\"author\" content=\"Reda\u00e7\u00e3o JO\" \/>\n<meta name=\"twitter:card\" content=\"summary_large_image\" \/>\n<meta name=\"twitter:creator\" content=\"@jornaloficinas\" \/>\n<meta name=\"twitter:site\" content=\"@jornaloficinas\" \/>\n<meta name=\"twitter:label1\" content=\"Escrito por\" \/>\n\t<meta name=\"twitter:data1\" content=\"Reda\u00e7\u00e3o JO\" \/>\n\t<meta name=\"twitter:label2\" content=\"Tempo estimado de leitura\" \/>\n\t<meta name=\"twitter:data2\" content=\"4 minutos\" \/>\n<script type=\"application\/ld+json\" class=\"yoast-schema-graph\">{\"@context\":\"https:\\\/\\\/schema.org\",\"@graph\":[{\"@type\":\"Article\",\"@id\":\"https:\\\/\\\/jornaldasoficinas.com\\\/pt\\\/liqui-moly-da-nome-ao-campeonato-de-portugal-de-drift\\\/#article\",\"isPartOf\":{\"@id\":\"https:\\\/\\\/jornaldasoficinas.com\\\/pt\\\/liqui-moly-da-nome-ao-campeonato-de-portugal-de-drift\\\/\"},\"author\":{\"name\":\"Reda\u00e7\u00e3o JO\",\"@id\":\"https:\\\/\\\/jornaldasoficinas.com\\\/pt\\\/#\\\/schema\\\/person\\\/a38eef5de2c41d9e7c9ac10141afddf3\"},\"headline\":\"LIQUI MOLY d\u00e1 nome ao Campeonato de Portugal de Drift\",\"datePublished\":\"2026-03-16T14:00:48+00:00\",\"mainEntityOfPage\":{\"@id\":\"https:\\\/\\\/jornaldasoficinas.com\\\/pt\\\/liqui-moly-da-nome-ao-campeonato-de-portugal-de-drift\\\/\"},\"wordCount\":652,\"publisher\":{\"@id\":\"https:\\\/\\\/jornaldasoficinas.com\\\/pt\\\/#organization\"},\"image\":{\"@id\":\"https:\\\/\\\/jornaldasoficinas.com\\\/pt\\\/liqui-moly-da-nome-ao-campeonato-de-portugal-de-drift\\\/#primaryimage\"},\"thumbnailUrl\":\"https:\\\/\\\/jornaldasoficinas.com\\\/pt\\\/wp-content\\\/uploads\\\/2026\\\/03\\\/LIQUI-MOLY-da-nome-ao-Campeonato-de-Portugal-de-Drift.jpg\",\"keywords\":[\"Campeonato de Portugal de Drift\",\"desporto autom\u00f3vel\",\"LIQUI MOLY\",\"naming partner\",\"temporada de 2026\"],\"articleSection\":[\"Empresas\"],\"inLanguage\":\"pt-PT\"},{\"@type\":\"WebPage\",\"@id\":\"https:\\\/\\\/jornaldasoficinas.com\\\/pt\\\/liqui-moly-da-nome-ao-campeonato-de-portugal-de-drift\\\/\",\"url\":\"https:\\\/\\\/jornaldasoficinas.com\\\/pt\\\/liqui-moly-da-nome-ao-campeonato-de-portugal-de-drift\\\/\",\"name\":\"LIQUI MOLY d\u00e1 nome ao Campeonato de Portugal de Drift - Jornal das Oficinas\",\"isPartOf\":{\"@id\":\"https:\\\/\\\/jornaldasoficinas.com\\\/pt\\\/#website\"},\"primaryImageOfPage\":{\"@id\":\"https:\\\/\\\/jornaldasoficinas.com\\\/pt\\\/liqui-moly-da-nome-ao-campeonato-de-portugal-de-drift\\\/#primaryimage\"},\"image\":{\"@id\":\"https:\\\/\\\/jornaldasoficinas.com\\\/pt\\\/liqui-moly-da-nome-ao-campeonato-de-portugal-de-drift\\\/#primaryimage\"},\"thumbnailUrl\":\"https:\\\/\\\/jornaldasoficinas.com\\\/pt\\\/wp-content\\\/uploads\\\/2026\\\/03\\\/LIQUI-MOLY-da-nome-ao-Campeonato-de-Portugal-de-Drift.jpg\",\"datePublished\":\"2026-03-16T14:00:48+00:00\",\"description\":\"A LIQUI MOLY refor\u00e7ou a sua presen\u00e7a no desporto autom\u00f3vel nacional ao tornar-se \u201cnaming partner\u201d do Campeonato de Portugal de Drift\",\"breadcrumb\":{\"@id\":\"https:\\\/\\\/jornaldasoficinas.com\\\/pt\\\/liqui-moly-da-nome-ao-campeonato-de-portugal-de-drift\\\/#breadcrumb\"},\"inLanguage\":\"pt-PT\",\"potentialAction\":[{\"@type\":\"ReadAction\",\"target\":[\"https:\\\/\\\/jornaldasoficinas.com\\\/pt\\\/liqui-moly-da-nome-ao-campeonato-de-portugal-de-drift\\\/\"]}]},{\"@type\":\"ImageObject\",\"inLanguage\":\"pt-PT\",\"@id\":\"https:\\\/\\\/jornaldasoficinas.com\\\/pt\\\/liqui-moly-da-nome-ao-campeonato-de-portugal-de-drift\\\/#primaryimage\",\"url\":\"https:\\\/\\\/jornaldasoficinas.com\\\/pt\\\/wp-content\\\/uploads\\\/2026\\\/03\\\/LIQUI-MOLY-da-nome-ao-Campeonato-de-Portugal-de-Drift.jpg\",\"contentUrl\":\"https:\\\/\\\/jornaldasoficinas.com\\\/pt\\\/wp-content\\\/uploads\\\/2026\\\/03\\\/LIQUI-MOLY-da-nome-ao-Campeonato-de-Portugal-de-Drift.jpg\",\"width\":1024,\"height\":581,\"caption\":\"03 - LIQUI MOLY da nome ao Campeonato de Portugal de Drift\"},{\"@type\":\"BreadcrumbList\",\"@id\":\"https:\\\/\\\/jornaldasoficinas.com\\\/pt\\\/liqui-moly-da-nome-ao-campeonato-de-portugal-de-drift\\\/#breadcrumb\",\"itemListElement\":[{\"@type\":\"ListItem\",\"position\":1,\"name\":\"In\u00edcio\",\"item\":\"https:\\\/\\\/jornaldasoficinas.com\\\/pt\\\/\"},{\"@type\":\"ListItem\",\"position\":2,\"name\":\"LIQUI MOLY d\u00e1 nome ao Campeonato de Portugal de Drift\"}]},{\"@type\":\"WebSite\",\"@id\":\"https:\\\/\\\/jornaldasoficinas.com\\\/pt\\\/#website\",\"url\":\"https:\\\/\\\/jornaldasoficinas.com\\\/pt\\\/\",\"name\":\"Jornal das Oficinas\",\"description\":\"Jornal independente do Aftermarket Autom\u00f3vel em Portugal\",\"publisher\":{\"@id\":\"https:\\\/\\\/jornaldasoficinas.com\\\/pt\\\/#organization\"},\"potentialAction\":[{\"@type\":\"SearchAction\",\"target\":{\"@type\":\"EntryPoint\",\"urlTemplate\":\"https:\\\/\\\/jornaldasoficinas.com\\\/pt\\\/?s={search_term_string}\"},\"query-input\":{\"@type\":\"PropertyValueSpecification\",\"valueRequired\":true,\"valueName\":\"search_term_string\"}}],\"inLanguage\":\"pt-PT\"},{\"@type\":\"Organization\",\"@id\":\"https:\\\/\\\/jornaldasoficinas.com\\\/pt\\\/#organization\",\"name\":\"Jornal das Oficinas\",\"url\":\"https:\\\/\\\/jornaldasoficinas.com\\\/pt\\\/\",\"logo\":{\"@type\":\"ImageObject\",\"inLanguage\":\"pt-PT\",\"@id\":\"https:\\\/\\\/jornaldasoficinas.com\\\/pt\\\/#\\\/schema\\\/logo\\\/image\\\/\",\"url\":\"https:\\\/\\\/jornaldasoficinas.com\\\/pt\\\/wp-content\\\/uploads\\\/logoJO-SEO.png\",\"contentUrl\":\"https:\\\/\\\/jornaldasoficinas.com\\\/pt\\\/wp-content\\\/uploads\\\/logoJO-SEO.png\",\"width\":285,\"height\":450,\"caption\":\"Jornal das Oficinas\"},\"image\":{\"@id\":\"https:\\\/\\\/jornaldasoficinas.com\\\/pt\\\/#\\\/schema\\\/logo\\\/image\\\/\"},\"sameAs\":[\"https:\\\/\\\/www.facebook.com\\\/jornaloficinas\",\"https:\\\/\\\/x.com\\\/jornaloficinas\",\"https:\\\/\\\/www.instagram.com\\\/jornal_oficinas\\\/\",\"https:\\\/\\\/www.linkedin.com\\\/company\\\/jornal-das-oficinas\\\/\",\"https:\\\/\\\/www.youtube.com\\\/channel\\\/UCbQZBqtcvV-oSQrr7RzINGg\"]},{\"@type\":\"Person\",\"@id\":\"https:\\\/\\\/jornaldasoficinas.com\\\/pt\\\/#\\\/schema\\\/person\\\/a38eef5de2c41d9e7c9ac10141afddf3\",\"name\":\"Reda\u00e7\u00e3o JO\",\"image\":{\"@type\":\"ImageObject\",\"inLanguage\":\"pt-PT\",\"@id\":\"https:\\\/\\\/secure.gravatar.com\\\/avatar\\\/71f2fa71737ad68a84fea94bc708ddac8ea5b0c4788dc2ad202f3ccb2887742f?s=96&d=wp_user_avatar&r=g\",\"url\":\"https:\\\/\\\/secure.gravatar.com\\\/avatar\\\/71f2fa71737ad68a84fea94bc708ddac8ea5b0c4788dc2ad202f3ccb2887742f?s=96&d=wp_user_avatar&r=g\",\"contentUrl\":\"https:\\\/\\\/secure.gravatar.com\\\/avatar\\\/71f2fa71737ad68a84fea94bc708ddac8ea5b0c4788dc2ad202f3ccb2887742f?s=96&d=wp_user_avatar&r=g\",\"caption\":\"Reda\u00e7\u00e3o JO\"},\"url\":\"https:\\\/\\\/jornaldasoficinas.com\\\/pt\\\/author\\\/joredacao\\\/\"}]}<\/script>\n<!-- \/ Yoast SEO plugin. -->","yoast_head_json":{"title":"LIQUI MOLY d\u00e1 nome ao Campeonato de Portugal de Drift - Jornal das Oficinas","description":"A LIQUI MOLY refor\u00e7ou a sua presen\u00e7a no desporto autom\u00f3vel nacional ao tornar-se \u201cnaming partner\u201d do Campeonato de Portugal de Drift","robots":{"index":"index","follow":"follow","max-snippet":"max-snippet:-1","max-image-preview":"max-image-preview:large","max-video-preview":"max-video-preview:-1"},"canonical":"https:\/\/jornaldasoficinas.com\/pt\/liqui-moly-da-nome-ao-campeonato-de-portugal-de-drift\/","og_locale":"pt_PT","og_type":"article","og_title":"LIQUI MOLY d\u00e1 nome ao Campeonato de Portugal de Drift - Jornal das Oficinas","og_description":"A LIQUI MOLY refor\u00e7ou a sua presen\u00e7a no desporto autom\u00f3vel nacional ao tornar-se \u201cnaming partner\u201d do Campeonato de Portugal de Drift","og_url":"https:\/\/jornaldasoficinas.com\/pt\/liqui-moly-da-nome-ao-campeonato-de-portugal-de-drift\/","og_site_name":"Jornal das Oficinas","article_publisher":"https:\/\/www.facebook.com\/jornaloficinas","article_published_time":"2026-03-16T14:00:48+00:00","og_image":[{"width":1024,"height":581,"url":"https:\/\/jornaldasoficinas.com\/pt\/wp-content\/uploads\/2026\/03\/LIQUI-MOLY-da-nome-ao-Campeonato-de-Portugal-de-Drift.jpg","type":"image\/jpeg"}],"author":"Reda\u00e7\u00e3o JO","twitter_card":"summary_large_image","twitter_creator":"@jornaloficinas","twitter_site":"@jornaloficinas","twitter_misc":{"Escrito por":"Reda\u00e7\u00e3o JO","Tempo estimado de leitura":"4 minutos"},"schema":{"@context":"https:\/\/schema.org","@graph":[{"@type":"Article","@id":"https:\/\/jornaldasoficinas.com\/pt\/liqui-moly-da-nome-ao-campeonato-de-portugal-de-drift\/#article","isPartOf":{"@id":"https:\/\/jornaldasoficinas.com\/pt\/liqui-moly-da-nome-ao-campeonato-de-portugal-de-drift\/"},"author":{"name":"Reda\u00e7\u00e3o JO","@id":"https:\/\/jornaldasoficinas.com\/pt\/#\/schema\/person\/a38eef5de2c41d9e7c9ac10141afddf3"},"headline":"LIQUI MOLY d\u00e1 nome ao Campeonato de Portugal de Drift","datePublished":"2026-03-16T14:00:48+00:00","mainEntityOfPage":{"@id":"https:\/\/jornaldasoficinas.com\/pt\/liqui-moly-da-nome-ao-campeonato-de-portugal-de-drift\/"},"wordCount":652,"publisher":{"@id":"https:\/\/jornaldasoficinas.com\/pt\/#organization"},"image":{"@id":"https:\/\/jornaldasoficinas.com\/pt\/liqui-moly-da-nome-ao-campeonato-de-portugal-de-drift\/#primaryimage"},"thumbnailUrl":"https:\/\/jornaldasoficinas.com\/pt\/wp-content\/uploads\/2026\/03\/LIQUI-MOLY-da-nome-ao-Campeonato-de-Portugal-de-Drift.jpg","keywords":["Campeonato de Portugal de Drift","desporto autom\u00f3vel","LIQUI MOLY","naming partner","temporada de 2026"],"articleSection":["Empresas"],"inLanguage":"pt-PT"},{"@type":"WebPage","@id":"https:\/\/jornaldasoficinas.com\/pt\/liqui-moly-da-nome-ao-campeonato-de-portugal-de-drift\/","url":"https:\/\/jornaldasoficinas.com\/pt\/liqui-moly-da-nome-ao-campeonato-de-portugal-de-drift\/","name":"LIQUI MOLY d\u00e1 nome ao Campeonato de Portugal de Drift - Jornal das Oficinas","isPartOf":{"@id":"https:\/\/jornaldasoficinas.com\/pt\/#website"},"primaryImageOfPage":{"@id":"https:\/\/jornaldasoficinas.com\/pt\/liqui-moly-da-nome-ao-campeonato-de-portugal-de-drift\/#primaryimage"},"image":{"@id":"https:\/\/jornaldasoficinas.com\/pt\/liqui-moly-da-nome-ao-campeonato-de-portugal-de-drift\/#primaryimage"},"thumbnailUrl":"https:\/\/jornaldasoficinas.com\/pt\/wp-content\/uploads\/2026\/03\/LIQUI-MOLY-da-nome-ao-Campeonato-de-Portugal-de-Drift.jpg","datePublished":"2026-03-16T14:00:48+00:00","description":"A LIQUI MOLY refor\u00e7ou a sua presen\u00e7a no desporto autom\u00f3vel nacional ao tornar-se \u201cnaming partner\u201d do Campeonato de Portugal de Drift","breadcrumb":{"@id":"https:\/\/jornaldasoficinas.com\/pt\/liqui-moly-da-nome-ao-campeonato-de-portugal-de-drift\/#breadcrumb"},"inLanguage":"pt-PT","potentialAction":[{"@type":"ReadAction","target":["https:\/\/jornaldasoficinas.com\/pt\/liqui-moly-da-nome-ao-campeonato-de-portugal-de-drift\/"]}]},{"@type":"ImageObject","inLanguage":"pt-PT","@id":"https:\/\/jornaldasoficinas.com\/pt\/liqui-moly-da-nome-ao-campeonato-de-portugal-de-drift\/#primaryimage","url":"https:\/\/jornaldasoficinas.com\/pt\/wp-content\/uploads\/2026\/03\/LIQUI-MOLY-da-nome-ao-Campeonato-de-Portugal-de-Drift.jpg","contentUrl":"https:\/\/jornaldasoficinas.com\/pt\/wp-content\/uploads\/2026\/03\/LIQUI-MOLY-da-nome-ao-Campeonato-de-Portugal-de-Drift.jpg","width":1024,"height":581,"caption":"03 - LIQUI MOLY da nome ao Campeonato de Portugal de Drift"},{"@type":"BreadcrumbList","@id":"https:\/\/jornaldasoficinas.com\/pt\/liqui-moly-da-nome-ao-campeonato-de-portugal-de-drift\/#breadcrumb","itemListElement":[{"@type":"ListItem","position":1,"name":"In\u00edcio","item":"https:\/\/jornaldasoficinas.com\/pt\/"},{"@type":"ListItem","position":2,"name":"LIQUI MOLY d\u00e1 nome ao Campeonato de Portugal de Drift"}]},{"@type":"WebSite","@id":"https:\/\/jornaldasoficinas.com\/pt\/#website","url":"https:\/\/jornaldasoficinas.com\/pt\/","name":"Jornal das Oficinas","description":"Jornal independente do Aftermarket Autom\u00f3vel em Portugal","publisher":{"@id":"https:\/\/jornaldasoficinas.com\/pt\/#organization"},"potentialAction":[{"@type":"SearchAction","target":{"@type":"EntryPoint","urlTemplate":"https:\/\/jornaldasoficinas.com\/pt\/?s={search_term_string}"},"query-input":{"@type":"PropertyValueSpecification","valueRequired":true,"valueName":"search_term_string"}}],"inLanguage":"pt-PT"},{"@type":"Organization","@id":"https:\/\/jornaldasoficinas.com\/pt\/#organization","name":"Jornal das Oficinas","url":"https:\/\/jornaldasoficinas.com\/pt\/","logo":{"@type":"ImageObject","inLanguage":"pt-PT","@id":"https:\/\/jornaldasoficinas.com\/pt\/#\/schema\/logo\/image\/","url":"https:\/\/jornaldasoficinas.com\/pt\/wp-content\/uploads\/logoJO-SEO.png","contentUrl":"https:\/\/jornaldasoficinas.com\/pt\/wp-content\/uploads\/logoJO-SEO.png","width":285,"height":450,"caption":"Jornal das Oficinas"},"image":{"@id":"https:\/\/jornaldasoficinas.com\/pt\/#\/schema\/logo\/image\/"},"sameAs":["https:\/\/www.facebook.com\/jornaloficinas","https:\/\/x.com\/jornaloficinas","https:\/\/www.instagram.com\/jornal_oficinas\/","https:\/\/www.linkedin.com\/company\/jornal-das-oficinas\/","https:\/\/www.youtube.com\/channel\/UCbQZBqtcvV-oSQrr7RzINGg"]},{"@type":"Person","@id":"https:\/\/jornaldasoficinas.com\/pt\/#\/schema\/person\/a38eef5de2c41d9e7c9ac10141afddf3","name":"Reda\u00e7\u00e3o JO","image":{"@type":"ImageObject","inLanguage":"pt-PT","@id":"https:\/\/secure.gravatar.com\/avatar\/71f2fa71737ad68a84fea94bc708ddac8ea5b0c4788dc2ad202f3ccb2887742f?s=96&d=wp_user_avatar&r=g","url":"https:\/\/secure.gravatar.com\/avatar\/71f2fa71737ad68a84fea94bc708ddac8ea5b0c4788dc2ad202f3ccb2887742f?s=96&d=wp_user_avatar&r=g","contentUrl":"https:\/\/secure.gravatar.com\/avatar\/71f2fa71737ad68a84fea94bc708ddac8ea5b0c4788dc2ad202f3ccb2887742f?s=96&d=wp_user_avatar&r=g","caption":"Reda\u00e7\u00e3o JO"},"url":"https:\/\/jornaldasoficinas.com\/pt\/author\/joredacao\/"}]}},"_links":{"self":[{"href":"https:\/\/jornaldasoficinas.com\/pt\/wp-json\/wp\/v2\/posts\/114216","targetHints":{"allow":["GET"]}}],"collection":[{"href":"https:\/\/jornaldasoficinas.com\/pt\/wp-json\/wp\/v2\/posts"}],"about":[{"href":"https:\/\/jornaldasoficinas.com\/pt\/wp-json\/wp\/v2\/types\/post"}],"author":[{"embeddable":true,"href":"https:\/\/jornaldasoficinas.com\/pt\/wp-json\/wp\/v2\/users\/15"}],"replies":[{"embeddable":true,"href":"https:\/\/jornaldasoficinas.com\/pt\/wp-json\/wp\/v2\/comments?post=114216"}],"version-history":[{"count":6,"href":"https:\/\/jornaldasoficinas.com\/pt\/wp-json\/wp\/v2\/posts\/114216\/revisions"}],"predecessor-version":[{"id":114232,"href":"https:\/\/jornaldasoficinas.com\/pt\/wp-json\/wp\/v2\/posts\/114216\/revisions\/114232"}],"wp:featuredmedia":[{"embeddable":true,"href":"https:\/\/jornaldasoficinas.com\/pt\/wp-json\/wp\/v2\/media\/114231"}],"wp:attachment":[{"href":"https:\/\/jornaldasoficinas.com\/pt\/wp-json\/wp\/v2\/media?parent=114216"}],"wp:term":[{"taxonomy":"category","embeddable":true,"href":"https:\/\/jornaldasoficinas.com\/pt\/wp-json\/wp\/v2\/categories?post=114216"},{"taxonomy":"post_tag","embeddable":true,"href":"https:\/\/jornaldasoficinas.com\/pt\/wp-json\/wp\/v2\/tags?post=114216"}],"curies":[{"name":"wp","href":"https:\/\/api.w.org\/{rel}","templated":true}]}}