{"id":114222,"date":"2026-03-15T20:30:05","date_gmt":"2026-03-15T20:30:05","guid":{"rendered":"https:\/\/jornaldasoficinas.com\/pt\/?p=114222"},"modified":"2026-03-15T20:05:30","modified_gmt":"2026-03-15T20:05:30","slug":"a-reinvencao-do-pos-venda-automovel","status":"publish","type":"post","link":"https:\/\/jornaldasoficinas.com\/pt\/a-reinvencao-do-pos-venda-automovel\/","title":{"rendered":"A reinven\u00e7\u00e3o do p\u00f3s-venda autom\u00f3vel"},"content":{"rendered":"<p><img loading=\"lazy\" decoding=\"async\" class=\"size-full wp-image-114220\" src=\"https:\/\/jornaldasoficinas.com\/pt\/wp-content\/uploads\/2026\/03\/reinvencao_pos_venda_automovel.jpeg\" alt=\"03 - reinvencao_pos_venda_automovel\" width=\"1024\" height=\"581\" srcset=\"https:\/\/jornaldasoficinas.com\/pt\/wp-content\/uploads\/2026\/03\/reinvencao_pos_venda_automovel.jpeg 1024w, https:\/\/jornaldasoficinas.com\/pt\/wp-content\/uploads\/2026\/03\/reinvencao_pos_venda_automovel-300x170.jpeg 300w, https:\/\/jornaldasoficinas.com\/pt\/wp-content\/uploads\/2026\/03\/reinvencao_pos_venda_automovel-150x85.jpeg 150w, https:\/\/jornaldasoficinas.com\/pt\/wp-content\/uploads\/2026\/03\/reinvencao_pos_venda_automovel-768x436.jpeg 768w\" sizes=\"auto, (max-width: 1024px) 100vw, 1024px\" \/><\/p>\n<p><strong>O p\u00f3s-venda autom\u00f3vel vive um dos per\u00edodos de maior transforma\u00e7\u00e3o da sua hist\u00f3ria. A digitaliza\u00e7\u00e3o, a Intelig\u00eancia Artificial, a eletrifica\u00e7\u00e3o e a sustentabilidade est\u00e3o a redefinir processos, compet\u00eancias e a rela\u00e7\u00e3o com o cliente. Adaptar-se deixou de ser uma op\u00e7\u00e3o e passou a ser um fator cr\u00edtico de competitividade e sucesso<\/strong><\/p>\n<p>A digitaliza\u00e7\u00e3o acelerada, a integra\u00e7\u00e3o de dados em tempo real e a utiliza\u00e7\u00e3o crescente da Intelig\u00eancia Artificial permitem hoje antecipar necessidades de manuten\u00e7\u00e3o, planear interven\u00e7\u00f5es de forma mais eficiente e reduzir tempos de imobiliza\u00e7\u00e3o dos ve\u00edculos, aumentando a produtividade das oficinas e a satisfa\u00e7\u00e3o dos clientes. O ve\u00edculo conectado deixa de ser apenas um meio de transporte e passa a ser uma plataforma geradora de informa\u00e7\u00e3o cont\u00ednua, possibilitando diagn\u00f3sticos mais precisos, manuten\u00e7\u00e3o preditiva e uma comunica\u00e7\u00e3o mais pr\u00f3xima e proativa entre o cliente e o servi\u00e7o p\u00f3s-venda. Em paralelo, a eletrifica\u00e7\u00e3o est\u00e1 a redefinir por completo o ecossistema, deslocando o foco de componentes mec\u00e2nicos tradicionais para \u00e1reas como baterias, software, eletr\u00f3nica e sistemas de alta tens\u00e3o. Esta mudan\u00e7a exige t\u00e9cnicos altamente qualificados, investimento cont\u00ednuo em forma\u00e7\u00e3o e infraestruturas adaptadas, mas tamb\u00e9m cria novas oportunidades de neg\u00f3cio e diferencia\u00e7\u00e3o para os operadores mais preparados.<\/p>\n<p>A sustentabilidade assume igualmente um papel central, com o p\u00f3s-venda a contribuir para a extens\u00e3o da vida \u00fatil dos ve\u00edculos, a redu\u00e7\u00e3o da pegada ambiental e a ado\u00e7\u00e3o de pr\u00e1ticas respons\u00e1veis, como a reutiliza\u00e7\u00e3o de componentes, a reciclagem e a efici\u00eancia energ\u00e9tica das oficinas. A otimiza\u00e7\u00e3o de processos e a redu\u00e7\u00e3o de desperd\u00edcios tornam-se n\u00e3o s\u00f3 uma obriga\u00e7\u00e3o ambiental, mas tamb\u00e9m uma vantagem competitiva. Ao mesmo tempo, o cliente passa a estar no centro da estrat\u00e9gia, com experi\u00eancias mais simples, transparentes e personalizadas, suportadas por canais digitais, comunica\u00e7\u00e3o cont\u00ednua e servi\u00e7os ajustados ao perfil de utiliza\u00e7\u00e3o de cada ve\u00edculo. Assim, a conjuga\u00e7\u00e3o entre tecnologia, sustentabilidade e valoriza\u00e7\u00e3o do capital humano definir\u00e1 os vencedores de um mercado cada vez mais competitivo. Em 2026, mais do que reagir, o setor do p\u00f3s-venda \u00e9 chamado a antecipar tend\u00eancias, transformar desafios em oportunidades e consolidar um modelo de neg\u00f3cio mais resiliente, eficiente e claramente orientado para o futuro.<\/p>\n<p><strong>Os novos consumidores<\/strong><br \/>\nOs novos consumidores s\u00e3o digitais por natureza, est\u00e3o cada vez mais informados e exigentes. Pesquisam mais online, comparam pre\u00e7os e op\u00e7\u00f5es de servi\u00e7os, antes de decidir. Preferem canais de contacto simples, imediatos e dispon\u00edveis, tais como os portais do cliente, chats, aplica\u00e7\u00f5es m\u00f3veis ou assistentes virtuais. Valorizam o autoatendimento e a autonomia, desde que sejam acompanhados com transpar\u00eancia e facilidade de utiliza\u00e7\u00e3o. O contacto humano continua a ter o seu peso, no entanto, passa a estar reservado para situa\u00e7\u00f5es complexas. Outra carater\u00edstica destes consumidores \u00e9 a previsibilidade e a continuidade. Preferem rela\u00e7\u00f5es de longo prazo, contratos de servi\u00e7o e solu\u00e7\u00f5es que garantam disponibilidade, desempenho e redu\u00e7\u00e3o de risco, em vez de interven\u00e7\u00f5es pontuais. Este comportamento tem levado a fideliza\u00e7\u00e3o tradicional com as marcas entrar em decl\u00ednio. Os consumidores comparam mais, exigem mais rapidez e solu\u00e7\u00f5es ajustadas \u00e0s suas necessidades. Para responder a este cen\u00e1rio, em 2026, as marcas do p\u00f3s-venda precisam de adaptar as suas estrat\u00e9gias, alargando portf\u00f3lios, tornando os servi\u00e7os mais acess\u00edveis \u2014 incluindo para ve\u00edculos el\u00e9tricos \u2014 e apostando na personaliza\u00e7\u00e3o e em tecnologias avan\u00e7adas como fatores de diferencia\u00e7\u00e3o.<\/p>\n<p><strong>Digitaliza\u00e7\u00e3o e qualidade de dados<\/strong><br \/>\nA digitaliza\u00e7\u00e3o tornou-se um elemento central no p\u00f3s-venda autom\u00f3vel, assume hoje um papel fulcral na sustentabilidade e rentabilidade dos concession\u00e1rios e marcas. \u00c9 hoje poss\u00edvel fazer agendamentos online, ordens de repara\u00e7\u00e3o digitais, comunica\u00e7\u00e3o automatizada, gest\u00e3o eficiente de stocks e monotoriza\u00e7\u00e3o de indicados de desempenho. No entanto, quando estes dados s\u00e3o incompletos ou desatualizados, estas ferramentas deixam de gerar valor e podem at\u00e9 trazer alguns constrangimentos. Mas se a digitaliza\u00e7\u00e3o se tornou na \u2018aliada perfeita\u2019 a qualidade dos dados continua a ser um dos principais desafios do p\u00f3s-venda autom\u00f3vel. Registos duplicados de clientes, informa\u00e7\u00f5es de contacto incorretas, hist\u00f3ricos de manuten\u00e7\u00e3o fragmentados ou erros na identifica\u00e7\u00e3o do ve\u00edculo comprometem a tomada de decis\u00e3o e a capacidade de personaliza\u00e7\u00e3o do servi\u00e7o. Todos estes erros se traduzem em diagn\u00f3sticos menos eficazes, maior tempo de perman\u00eancia do ve\u00edculo na oficina, campanhas de comunica\u00e7\u00e3o pouco relevantes e perda de confian\u00e7a por parte do cliente. Num mercado cada vez mais orientado para a experi\u00eancia e para a fideliza\u00e7\u00e3o, estes fatores representam uma clara desvantagem competitiva. Assim, mais do que um requisito t\u00e9cnico, a qualidade dos dados deve ser encarada como um ativo estrat\u00e9gico do p\u00f3s-venda autom\u00f3vel.<\/p>\n<p><strong>Intelig\u00eancia Artificial<\/strong><br \/>\nA Intelig\u00eancia Artificial est\u00e1 a provocar uma das maiores disrup\u00e7\u00f5es no p\u00f3s-venda das \u00faltimas d\u00e9cadas. A sua ado\u00e7\u00e3o, inicialmente inesperada, rapidamente se revelou um fator diferenciador para empresas que procuram efici\u00eancia e produtividade. Ferramentas de manuten\u00e7\u00e3o preditiva permitem antecipar falhas e reduzir tempos de imobiliza\u00e7\u00e3o dos ve\u00edculos. A gest\u00e3o inteligente de stocks ajuda a equilibrar disponibilidade e custos, enquanto assistentes virtuais e chatbots melhoram a experi\u00eancia do cliente, oferecendo respostas r\u00e1pidas e personalizadas. A intera\u00e7\u00e3o com consumidores atrav\u00e9s de geradores de voz, controlo de gestos e interfaces cada vez mais realistas aproxima o p\u00f3s-venda de um servi\u00e7o altamente personalizado e cont\u00ednuo. A Intelig\u00eancia Artificial n\u00e3o vem substituir a m\u00e3o humana mas sim potenciar t\u00e9cnicos, melhorar decis\u00f5es e aproximar as marcas dos clientes.<\/p>\n<p><strong>Sustentabilidade e eletrifica\u00e7\u00e3o<\/strong><br \/>\nA sustentabilidade e a eletrifica\u00e7\u00e3o assumem hoje um papel cada vez mais relevante na transforma\u00e7\u00e3o dos modelos de neg\u00f3cio e na resposta aos desafios ambientais e econ\u00f3micos. O p\u00f3s-venda deixou de ser apenas uma \u00e1rea de suporte ao cliente, para se tornar um elemento estrat\u00e9gico na promo\u00e7\u00e3o de pr\u00e1ticas sustent\u00e1veis e na consolida\u00e7\u00e3o da transi\u00e7\u00e3o energ\u00e9tica. Do ponto de vista da sustentabilidade, o p\u00f3s-venda desempenha um papel fundamental na extens\u00e3o da vida \u00fatil dos produtos, na repara\u00e7\u00e3o em detrimento da substitui\u00e7\u00e3o e na correta gest\u00e3o de componentes, baterias e res\u00edduos. Esta transforma\u00e7\u00e3o passa pela valoriza\u00e7\u00e3o da economia circular, pela reutiliza\u00e7\u00e3o de componentes e pela redu\u00e7\u00e3o da pegada ambiental. A eletrifica\u00e7\u00e3o acrescenta tamb\u00e9m uma nova camada de complexidade: embora o volume de ve\u00edculos el\u00e9tricos ainda esteja a crescer de forma gradual, o setor precisa de se preparar desde j\u00e1 para responder \u00e0s futuras necessidades de manuten\u00e7\u00e3o e repara\u00e7\u00e3o, garantindo que os princ\u00edpios da economia circular tamb\u00e9m se aplicam \u00e0s baterias e componentes de alta voltagem. A gest\u00e3o das baterias \u00e9 um dos temas mais cr\u00edticos neste novo contexto. O acompanhamento do estado de sa\u00fade das baterias, a sua reutiliza\u00e7\u00e3o numa segunda vida e o encaminhamento adequado para a reciclagem no final do ciclo s\u00e3o responsabilidades crescentes do ecossistema do p\u00f3s-venda.<\/p>\n<p><strong>Requalifica\u00e7\u00e3o dos profissionais<\/strong><br \/>\nA escassez de profissionais qualificados \u00e9 um dos maiores desafios do p\u00f3s-venda autom\u00f3vel. A evolu\u00e7\u00e3o tecnol\u00f3gica dos ve\u00edculos, aliada \u00e0 digitaliza\u00e7\u00e3o dos processos, exige compet\u00eancias t\u00e9cnicas cada vez mais especializadas. A repara\u00e7\u00e3o de ve\u00edculos modernos, especialmente el\u00e9tricos e conectados, requer conhecimentos aprofundados em eletr\u00f3nica, software e sistemas de seguran\u00e7a. Neste contexto, a forma\u00e7\u00e3o cont\u00ednua torna-se essencial. Os profissionais do p\u00f3s-venda precisam de desenvolver novas compet\u00eancias t\u00e9cnicas, digitais e comportamentais, acompanhando a evolu\u00e7\u00e3o dos produtos, dos sistemas tecnol\u00f3gicos e das expectativas dos clientes. Para al\u00e9m das compet\u00eancias t\u00e9cnicas, a requalifica\u00e7\u00e3o deve refor\u00e7ar a comunica\u00e7\u00e3o eficaz, a empatia, a gest\u00e3o de conflitos e a orienta\u00e7\u00e3o para o cliente. O profissional de p\u00f3s-venda \u00e9 frequentemente o principal ponto de contacto entre o cliente e a empresa ap\u00f3s a compra, sendo determinante na perce\u00e7\u00e3o de qualidade, confian\u00e7a e valor acrescentado. Investir na requalifica\u00e7\u00e3o dos colaboradores n\u00e3o \u00e9 apenas uma resposta \u00e0s necessidades atuais, mas tamb\u00e9m uma estrat\u00e9gia para valorizar as profiss\u00f5es do p\u00f3s-venda e torn\u00e1-las mais atrativas para as novas gera\u00e7\u00f5es.<\/p>\n<p>Poder\u00e1 aceder ao presente artigo na edi\u00e7\u00e3o impressa e online do Jornal das Oficinas n\u00ba227, aceda <a href=\"https:\/\/www.yumpu.com\/pt\/document\/read\/70999432\/jornal-das-oficinas-227\/6\">aqui<\/a>.<\/p>\n<p>&nbsp;<\/p>\n","protected":false},"excerpt":{"rendered":"<p>O p\u00f3s-venda autom\u00f3vel vive um dos&#8230;<\/p>\n","protected":false},"author":15,"featured_media":114220,"comment_status":"closed","ping_status":"closed","sticky":false,"template":"","format":"standard","meta":{"footnotes":""},"categories":[37],"tags":[336,1100,212,1087,14767,3930,14766,14768,14758,1767],"class_list":["post-114222","post","type-post","status-publish","format-standard","has-post-thumbnail","hentry","category-mercado","tag-digitalizacao","tag-eletrificacao","tag-formacao","tag-inteligencia-artificial","tag-novos-consumidores","tag-pos-venda-automovel","tag-qualidade-de-dados","tag-reinvencao","tag-requalificacao","tag-sustentabilidade"],"yoast_head":"<!-- This site is optimized with the Yoast SEO plugin v27.5 - https:\/\/yoast.com\/product\/yoast-seo-wordpress\/ -->\n<title>A reinven\u00e7\u00e3o do p\u00f3s-venda autom\u00f3vel - Jornal das Oficinas<\/title>\n<meta name=\"description\" content=\"O p\u00f3s-venda autom\u00f3vel vive um dos per\u00edodos de maior transforma\u00e7\u00e3o da sua hist\u00f3ria. Digitaliza\u00e7\u00e3o, IA, eletrifica\u00e7\u00e3o e sustentabilidade\" \/>\n<meta name=\"robots\" content=\"index, follow, max-snippet:-1, max-image-preview:large, max-video-preview:-1\" \/>\n<link rel=\"canonical\" href=\"https:\/\/jornaldasoficinas.com\/pt\/a-reinvencao-do-pos-venda-automovel\/\" \/>\n<meta property=\"og:locale\" content=\"pt_PT\" \/>\n<meta property=\"og:type\" content=\"article\" \/>\n<meta property=\"og:title\" content=\"A reinven\u00e7\u00e3o do p\u00f3s-venda autom\u00f3vel - Jornal das Oficinas\" \/>\n<meta property=\"og:description\" content=\"O p\u00f3s-venda autom\u00f3vel vive um dos per\u00edodos de maior transforma\u00e7\u00e3o da sua hist\u00f3ria. Digitaliza\u00e7\u00e3o, IA, eletrifica\u00e7\u00e3o e sustentabilidade\" \/>\n<meta property=\"og:url\" content=\"https:\/\/jornaldasoficinas.com\/pt\/a-reinvencao-do-pos-venda-automovel\/\" \/>\n<meta property=\"og:site_name\" content=\"Jornal das Oficinas\" \/>\n<meta property=\"article:publisher\" content=\"https:\/\/www.facebook.com\/jornaloficinas\" \/>\n<meta property=\"article:published_time\" content=\"2026-03-15T20:30:05+00:00\" \/>\n<meta property=\"og:image\" content=\"https:\/\/jornaldasoficinas.com\/pt\/wp-content\/uploads\/2026\/03\/reinvencao_pos_venda_automovel.jpeg\" \/>\n\t<meta property=\"og:image:width\" content=\"1024\" \/>\n\t<meta property=\"og:image:height\" content=\"581\" \/>\n\t<meta property=\"og:image:type\" content=\"image\/jpeg\" \/>\n<meta name=\"author\" content=\"Reda\u00e7\u00e3o JO\" \/>\n<meta name=\"twitter:card\" content=\"summary_large_image\" \/>\n<meta name=\"twitter:creator\" content=\"@jornaloficinas\" \/>\n<meta name=\"twitter:site\" content=\"@jornaloficinas\" \/>\n<meta name=\"twitter:label1\" content=\"Escrito por\" \/>\n\t<meta name=\"twitter:data1\" content=\"Reda\u00e7\u00e3o JO\" \/>\n\t<meta name=\"twitter:label2\" content=\"Tempo estimado de leitura\" \/>\n\t<meta name=\"twitter:data2\" content=\"8 minutos\" \/>\n<script type=\"application\/ld+json\" class=\"yoast-schema-graph\">{\"@context\":\"https:\\\/\\\/schema.org\",\"@graph\":[{\"@type\":\"Article\",\"@id\":\"https:\\\/\\\/jornaldasoficinas.com\\\/pt\\\/a-reinvencao-do-pos-venda-automovel\\\/#article\",\"isPartOf\":{\"@id\":\"https:\\\/\\\/jornaldasoficinas.com\\\/pt\\\/a-reinvencao-do-pos-venda-automovel\\\/\"},\"author\":{\"name\":\"Reda\u00e7\u00e3o JO\",\"@id\":\"https:\\\/\\\/jornaldasoficinas.com\\\/pt\\\/#\\\/schema\\\/person\\\/a38eef5de2c41d9e7c9ac10141afddf3\"},\"headline\":\"A reinven\u00e7\u00e3o do p\u00f3s-venda autom\u00f3vel\",\"datePublished\":\"2026-03-15T20:30:05+00:00\",\"mainEntityOfPage\":{\"@id\":\"https:\\\/\\\/jornaldasoficinas.com\\\/pt\\\/a-reinvencao-do-pos-venda-automovel\\\/\"},\"wordCount\":1482,\"publisher\":{\"@id\":\"https:\\\/\\\/jornaldasoficinas.com\\\/pt\\\/#organization\"},\"image\":{\"@id\":\"https:\\\/\\\/jornaldasoficinas.com\\\/pt\\\/a-reinvencao-do-pos-venda-automovel\\\/#primaryimage\"},\"thumbnailUrl\":\"https:\\\/\\\/jornaldasoficinas.com\\\/pt\\\/wp-content\\\/uploads\\\/2026\\\/03\\\/reinvencao_pos_venda_automovel.jpeg\",\"keywords\":[\"Digitaliza\u00e7\u00e3o\",\"Eletrifica\u00e7\u00e3o\",\"Forma\u00e7\u00e3o\",\"Intelig\u00eancia artificial\",\"novos consumidores\",\"p\u00f3s-venda autom\u00f3vel\",\"qualidade de dados\",\"reinven\u00e7\u00e3o\",\"Requalifica\u00e7\u00e3o\",\"Sustentabilidade\"],\"articleSection\":[\"Mercado\"],\"inLanguage\":\"pt-PT\"},{\"@type\":\"WebPage\",\"@id\":\"https:\\\/\\\/jornaldasoficinas.com\\\/pt\\\/a-reinvencao-do-pos-venda-automovel\\\/\",\"url\":\"https:\\\/\\\/jornaldasoficinas.com\\\/pt\\\/a-reinvencao-do-pos-venda-automovel\\\/\",\"name\":\"A reinven\u00e7\u00e3o do p\u00f3s-venda autom\u00f3vel - Jornal das Oficinas\",\"isPartOf\":{\"@id\":\"https:\\\/\\\/jornaldasoficinas.com\\\/pt\\\/#website\"},\"primaryImageOfPage\":{\"@id\":\"https:\\\/\\\/jornaldasoficinas.com\\\/pt\\\/a-reinvencao-do-pos-venda-automovel\\\/#primaryimage\"},\"image\":{\"@id\":\"https:\\\/\\\/jornaldasoficinas.com\\\/pt\\\/a-reinvencao-do-pos-venda-automovel\\\/#primaryimage\"},\"thumbnailUrl\":\"https:\\\/\\\/jornaldasoficinas.com\\\/pt\\\/wp-content\\\/uploads\\\/2026\\\/03\\\/reinvencao_pos_venda_automovel.jpeg\",\"datePublished\":\"2026-03-15T20:30:05+00:00\",\"description\":\"O p\u00f3s-venda autom\u00f3vel vive um dos per\u00edodos de maior transforma\u00e7\u00e3o da sua hist\u00f3ria. Digitaliza\u00e7\u00e3o, IA, eletrifica\u00e7\u00e3o e sustentabilidade\",\"breadcrumb\":{\"@id\":\"https:\\\/\\\/jornaldasoficinas.com\\\/pt\\\/a-reinvencao-do-pos-venda-automovel\\\/#breadcrumb\"},\"inLanguage\":\"pt-PT\",\"potentialAction\":[{\"@type\":\"ReadAction\",\"target\":[\"https:\\\/\\\/jornaldasoficinas.com\\\/pt\\\/a-reinvencao-do-pos-venda-automovel\\\/\"]}]},{\"@type\":\"ImageObject\",\"inLanguage\":\"pt-PT\",\"@id\":\"https:\\\/\\\/jornaldasoficinas.com\\\/pt\\\/a-reinvencao-do-pos-venda-automovel\\\/#primaryimage\",\"url\":\"https:\\\/\\\/jornaldasoficinas.com\\\/pt\\\/wp-content\\\/uploads\\\/2026\\\/03\\\/reinvencao_pos_venda_automovel.jpeg\",\"contentUrl\":\"https:\\\/\\\/jornaldasoficinas.com\\\/pt\\\/wp-content\\\/uploads\\\/2026\\\/03\\\/reinvencao_pos_venda_automovel.jpeg\",\"width\":1024,\"height\":581,\"caption\":\"AI supports electric vehicle design by managing power systems, optimizing battery efficiency, enabling smart charging, and integrating renewable energy data Vouch\"},{\"@type\":\"BreadcrumbList\",\"@id\":\"https:\\\/\\\/jornaldasoficinas.com\\\/pt\\\/a-reinvencao-do-pos-venda-automovel\\\/#breadcrumb\",\"itemListElement\":[{\"@type\":\"ListItem\",\"position\":1,\"name\":\"In\u00edcio\",\"item\":\"https:\\\/\\\/jornaldasoficinas.com\\\/pt\\\/\"},{\"@type\":\"ListItem\",\"position\":2,\"name\":\"A reinven\u00e7\u00e3o do p\u00f3s-venda autom\u00f3vel\"}]},{\"@type\":\"WebSite\",\"@id\":\"https:\\\/\\\/jornaldasoficinas.com\\\/pt\\\/#website\",\"url\":\"https:\\\/\\\/jornaldasoficinas.com\\\/pt\\\/\",\"name\":\"Jornal das Oficinas\",\"description\":\"Jornal independente do Aftermarket Autom\u00f3vel em Portugal\",\"publisher\":{\"@id\":\"https:\\\/\\\/jornaldasoficinas.com\\\/pt\\\/#organization\"},\"potentialAction\":[{\"@type\":\"SearchAction\",\"target\":{\"@type\":\"EntryPoint\",\"urlTemplate\":\"https:\\\/\\\/jornaldasoficinas.com\\\/pt\\\/?s={search_term_string}\"},\"query-input\":{\"@type\":\"PropertyValueSpecification\",\"valueRequired\":true,\"valueName\":\"search_term_string\"}}],\"inLanguage\":\"pt-PT\"},{\"@type\":\"Organization\",\"@id\":\"https:\\\/\\\/jornaldasoficinas.com\\\/pt\\\/#organization\",\"name\":\"Jornal das Oficinas\",\"url\":\"https:\\\/\\\/jornaldasoficinas.com\\\/pt\\\/\",\"logo\":{\"@type\":\"ImageObject\",\"inLanguage\":\"pt-PT\",\"@id\":\"https:\\\/\\\/jornaldasoficinas.com\\\/pt\\\/#\\\/schema\\\/logo\\\/image\\\/\",\"url\":\"https:\\\/\\\/jornaldasoficinas.com\\\/pt\\\/wp-content\\\/uploads\\\/logoJO-SEO.png\",\"contentUrl\":\"https:\\\/\\\/jornaldasoficinas.com\\\/pt\\\/wp-content\\\/uploads\\\/logoJO-SEO.png\",\"width\":285,\"height\":450,\"caption\":\"Jornal das Oficinas\"},\"image\":{\"@id\":\"https:\\\/\\\/jornaldasoficinas.com\\\/pt\\\/#\\\/schema\\\/logo\\\/image\\\/\"},\"sameAs\":[\"https:\\\/\\\/www.facebook.com\\\/jornaloficinas\",\"https:\\\/\\\/x.com\\\/jornaloficinas\",\"https:\\\/\\\/www.instagram.com\\\/jornal_oficinas\\\/\",\"https:\\\/\\\/www.linkedin.com\\\/company\\\/jornal-das-oficinas\\\/\",\"https:\\\/\\\/www.youtube.com\\\/channel\\\/UCbQZBqtcvV-oSQrr7RzINGg\"]},{\"@type\":\"Person\",\"@id\":\"https:\\\/\\\/jornaldasoficinas.com\\\/pt\\\/#\\\/schema\\\/person\\\/a38eef5de2c41d9e7c9ac10141afddf3\",\"name\":\"Reda\u00e7\u00e3o JO\",\"image\":{\"@type\":\"ImageObject\",\"inLanguage\":\"pt-PT\",\"@id\":\"https:\\\/\\\/secure.gravatar.com\\\/avatar\\\/71f2fa71737ad68a84fea94bc708ddac8ea5b0c4788dc2ad202f3ccb2887742f?s=96&d=wp_user_avatar&r=g\",\"url\":\"https:\\\/\\\/secure.gravatar.com\\\/avatar\\\/71f2fa71737ad68a84fea94bc708ddac8ea5b0c4788dc2ad202f3ccb2887742f?s=96&d=wp_user_avatar&r=g\",\"contentUrl\":\"https:\\\/\\\/secure.gravatar.com\\\/avatar\\\/71f2fa71737ad68a84fea94bc708ddac8ea5b0c4788dc2ad202f3ccb2887742f?s=96&d=wp_user_avatar&r=g\",\"caption\":\"Reda\u00e7\u00e3o JO\"},\"url\":\"https:\\\/\\\/jornaldasoficinas.com\\\/pt\\\/author\\\/joredacao\\\/\"}]}<\/script>\n<!-- \/ Yoast SEO plugin. -->","yoast_head_json":{"title":"A reinven\u00e7\u00e3o do p\u00f3s-venda autom\u00f3vel - Jornal das Oficinas","description":"O p\u00f3s-venda autom\u00f3vel vive um dos per\u00edodos de maior transforma\u00e7\u00e3o da sua hist\u00f3ria. Digitaliza\u00e7\u00e3o, IA, eletrifica\u00e7\u00e3o e sustentabilidade","robots":{"index":"index","follow":"follow","max-snippet":"max-snippet:-1","max-image-preview":"max-image-preview:large","max-video-preview":"max-video-preview:-1"},"canonical":"https:\/\/jornaldasoficinas.com\/pt\/a-reinvencao-do-pos-venda-automovel\/","og_locale":"pt_PT","og_type":"article","og_title":"A reinven\u00e7\u00e3o do p\u00f3s-venda autom\u00f3vel - Jornal das Oficinas","og_description":"O p\u00f3s-venda autom\u00f3vel vive um dos per\u00edodos de maior transforma\u00e7\u00e3o da sua hist\u00f3ria. Digitaliza\u00e7\u00e3o, IA, eletrifica\u00e7\u00e3o e sustentabilidade","og_url":"https:\/\/jornaldasoficinas.com\/pt\/a-reinvencao-do-pos-venda-automovel\/","og_site_name":"Jornal das Oficinas","article_publisher":"https:\/\/www.facebook.com\/jornaloficinas","article_published_time":"2026-03-15T20:30:05+00:00","og_image":[{"width":1024,"height":581,"url":"https:\/\/jornaldasoficinas.com\/pt\/wp-content\/uploads\/2026\/03\/reinvencao_pos_venda_automovel.jpeg","type":"image\/jpeg"}],"author":"Reda\u00e7\u00e3o JO","twitter_card":"summary_large_image","twitter_creator":"@jornaloficinas","twitter_site":"@jornaloficinas","twitter_misc":{"Escrito por":"Reda\u00e7\u00e3o JO","Tempo estimado de leitura":"8 minutos"},"schema":{"@context":"https:\/\/schema.org","@graph":[{"@type":"Article","@id":"https:\/\/jornaldasoficinas.com\/pt\/a-reinvencao-do-pos-venda-automovel\/#article","isPartOf":{"@id":"https:\/\/jornaldasoficinas.com\/pt\/a-reinvencao-do-pos-venda-automovel\/"},"author":{"name":"Reda\u00e7\u00e3o JO","@id":"https:\/\/jornaldasoficinas.com\/pt\/#\/schema\/person\/a38eef5de2c41d9e7c9ac10141afddf3"},"headline":"A reinven\u00e7\u00e3o do p\u00f3s-venda autom\u00f3vel","datePublished":"2026-03-15T20:30:05+00:00","mainEntityOfPage":{"@id":"https:\/\/jornaldasoficinas.com\/pt\/a-reinvencao-do-pos-venda-automovel\/"},"wordCount":1482,"publisher":{"@id":"https:\/\/jornaldasoficinas.com\/pt\/#organization"},"image":{"@id":"https:\/\/jornaldasoficinas.com\/pt\/a-reinvencao-do-pos-venda-automovel\/#primaryimage"},"thumbnailUrl":"https:\/\/jornaldasoficinas.com\/pt\/wp-content\/uploads\/2026\/03\/reinvencao_pos_venda_automovel.jpeg","keywords":["Digitaliza\u00e7\u00e3o","Eletrifica\u00e7\u00e3o","Forma\u00e7\u00e3o","Intelig\u00eancia artificial","novos consumidores","p\u00f3s-venda autom\u00f3vel","qualidade de dados","reinven\u00e7\u00e3o","Requalifica\u00e7\u00e3o","Sustentabilidade"],"articleSection":["Mercado"],"inLanguage":"pt-PT"},{"@type":"WebPage","@id":"https:\/\/jornaldasoficinas.com\/pt\/a-reinvencao-do-pos-venda-automovel\/","url":"https:\/\/jornaldasoficinas.com\/pt\/a-reinvencao-do-pos-venda-automovel\/","name":"A reinven\u00e7\u00e3o do p\u00f3s-venda autom\u00f3vel - Jornal das Oficinas","isPartOf":{"@id":"https:\/\/jornaldasoficinas.com\/pt\/#website"},"primaryImageOfPage":{"@id":"https:\/\/jornaldasoficinas.com\/pt\/a-reinvencao-do-pos-venda-automovel\/#primaryimage"},"image":{"@id":"https:\/\/jornaldasoficinas.com\/pt\/a-reinvencao-do-pos-venda-automovel\/#primaryimage"},"thumbnailUrl":"https:\/\/jornaldasoficinas.com\/pt\/wp-content\/uploads\/2026\/03\/reinvencao_pos_venda_automovel.jpeg","datePublished":"2026-03-15T20:30:05+00:00","description":"O p\u00f3s-venda autom\u00f3vel vive um dos per\u00edodos de maior transforma\u00e7\u00e3o da sua hist\u00f3ria. Digitaliza\u00e7\u00e3o, IA, eletrifica\u00e7\u00e3o e sustentabilidade","breadcrumb":{"@id":"https:\/\/jornaldasoficinas.com\/pt\/a-reinvencao-do-pos-venda-automovel\/#breadcrumb"},"inLanguage":"pt-PT","potentialAction":[{"@type":"ReadAction","target":["https:\/\/jornaldasoficinas.com\/pt\/a-reinvencao-do-pos-venda-automovel\/"]}]},{"@type":"ImageObject","inLanguage":"pt-PT","@id":"https:\/\/jornaldasoficinas.com\/pt\/a-reinvencao-do-pos-venda-automovel\/#primaryimage","url":"https:\/\/jornaldasoficinas.com\/pt\/wp-content\/uploads\/2026\/03\/reinvencao_pos_venda_automovel.jpeg","contentUrl":"https:\/\/jornaldasoficinas.com\/pt\/wp-content\/uploads\/2026\/03\/reinvencao_pos_venda_automovel.jpeg","width":1024,"height":581,"caption":"AI supports electric vehicle design by managing power systems, optimizing battery efficiency, enabling smart charging, and integrating renewable energy data Vouch"},{"@type":"BreadcrumbList","@id":"https:\/\/jornaldasoficinas.com\/pt\/a-reinvencao-do-pos-venda-automovel\/#breadcrumb","itemListElement":[{"@type":"ListItem","position":1,"name":"In\u00edcio","item":"https:\/\/jornaldasoficinas.com\/pt\/"},{"@type":"ListItem","position":2,"name":"A reinven\u00e7\u00e3o do p\u00f3s-venda autom\u00f3vel"}]},{"@type":"WebSite","@id":"https:\/\/jornaldasoficinas.com\/pt\/#website","url":"https:\/\/jornaldasoficinas.com\/pt\/","name":"Jornal das Oficinas","description":"Jornal independente do Aftermarket Autom\u00f3vel em Portugal","publisher":{"@id":"https:\/\/jornaldasoficinas.com\/pt\/#organization"},"potentialAction":[{"@type":"SearchAction","target":{"@type":"EntryPoint","urlTemplate":"https:\/\/jornaldasoficinas.com\/pt\/?s={search_term_string}"},"query-input":{"@type":"PropertyValueSpecification","valueRequired":true,"valueName":"search_term_string"}}],"inLanguage":"pt-PT"},{"@type":"Organization","@id":"https:\/\/jornaldasoficinas.com\/pt\/#organization","name":"Jornal das Oficinas","url":"https:\/\/jornaldasoficinas.com\/pt\/","logo":{"@type":"ImageObject","inLanguage":"pt-PT","@id":"https:\/\/jornaldasoficinas.com\/pt\/#\/schema\/logo\/image\/","url":"https:\/\/jornaldasoficinas.com\/pt\/wp-content\/uploads\/logoJO-SEO.png","contentUrl":"https:\/\/jornaldasoficinas.com\/pt\/wp-content\/uploads\/logoJO-SEO.png","width":285,"height":450,"caption":"Jornal das Oficinas"},"image":{"@id":"https:\/\/jornaldasoficinas.com\/pt\/#\/schema\/logo\/image\/"},"sameAs":["https:\/\/www.facebook.com\/jornaloficinas","https:\/\/x.com\/jornaloficinas","https:\/\/www.instagram.com\/jornal_oficinas\/","https:\/\/www.linkedin.com\/company\/jornal-das-oficinas\/","https:\/\/www.youtube.com\/channel\/UCbQZBqtcvV-oSQrr7RzINGg"]},{"@type":"Person","@id":"https:\/\/jornaldasoficinas.com\/pt\/#\/schema\/person\/a38eef5de2c41d9e7c9ac10141afddf3","name":"Reda\u00e7\u00e3o JO","image":{"@type":"ImageObject","inLanguage":"pt-PT","@id":"https:\/\/secure.gravatar.com\/avatar\/71f2fa71737ad68a84fea94bc708ddac8ea5b0c4788dc2ad202f3ccb2887742f?s=96&d=wp_user_avatar&r=g","url":"https:\/\/secure.gravatar.com\/avatar\/71f2fa71737ad68a84fea94bc708ddac8ea5b0c4788dc2ad202f3ccb2887742f?s=96&d=wp_user_avatar&r=g","contentUrl":"https:\/\/secure.gravatar.com\/avatar\/71f2fa71737ad68a84fea94bc708ddac8ea5b0c4788dc2ad202f3ccb2887742f?s=96&d=wp_user_avatar&r=g","caption":"Reda\u00e7\u00e3o JO"},"url":"https:\/\/jornaldasoficinas.com\/pt\/author\/joredacao\/"}]}},"_links":{"self":[{"href":"https:\/\/jornaldasoficinas.com\/pt\/wp-json\/wp\/v2\/posts\/114222","targetHints":{"allow":["GET"]}}],"collection":[{"href":"https:\/\/jornaldasoficinas.com\/pt\/wp-json\/wp\/v2\/posts"}],"about":[{"href":"https:\/\/jornaldasoficinas.com\/pt\/wp-json\/wp\/v2\/types\/post"}],"author":[{"embeddable":true,"href":"https:\/\/jornaldasoficinas.com\/pt\/wp-json\/wp\/v2\/users\/15"}],"replies":[{"embeddable":true,"href":"https:\/\/jornaldasoficinas.com\/pt\/wp-json\/wp\/v2\/comments?post=114222"}],"version-history":[{"count":7,"href":"https:\/\/jornaldasoficinas.com\/pt\/wp-json\/wp\/v2\/posts\/114222\/revisions"}],"predecessor-version":[{"id":114341,"href":"https:\/\/jornaldasoficinas.com\/pt\/wp-json\/wp\/v2\/posts\/114222\/revisions\/114341"}],"wp:featuredmedia":[{"embeddable":true,"href":"https:\/\/jornaldasoficinas.com\/pt\/wp-json\/wp\/v2\/media\/114220"}],"wp:attachment":[{"href":"https:\/\/jornaldasoficinas.com\/pt\/wp-json\/wp\/v2\/media?parent=114222"}],"wp:term":[{"taxonomy":"category","embeddable":true,"href":"https:\/\/jornaldasoficinas.com\/pt\/wp-json\/wp\/v2\/categories?post=114222"},{"taxonomy":"post_tag","embeddable":true,"href":"https:\/\/jornaldasoficinas.com\/pt\/wp-json\/wp\/v2\/tags?post=114222"}],"curies":[{"name":"wp","href":"https:\/\/api.w.org\/{rel}","templated":true}]}}