{"id":114353,"date":"2026-03-18T14:00:04","date_gmt":"2026-03-18T14:00:04","guid":{"rendered":"https:\/\/jornaldasoficinas.com\/pt\/?p=114353"},"modified":"2026-03-16T10:35:33","modified_gmt":"2026-03-16T10:35:33","slug":"pcc-apresenta-nova-gama-de-estacoes-de-ar-condicionado","status":"publish","type":"post","link":"https:\/\/jornaldasoficinas.com\/pt\/pcc-apresenta-nova-gama-de-estacoes-de-ar-condicionado\/","title":{"rendered":"PCC apresenta nova gama de esta\u00e7\u00f5es de ar condicionado"},"content":{"rendered":"<p><strong><img loading=\"lazy\" decoding=\"async\" class=\"alignnone size-full wp-image-114362\" src=\"https:\/\/jornaldasoficinas.com\/pt\/wp-content\/uploads\/2026\/03\/PCC-apresenta-nova-gama-de-estacoes-de-ar-condicionado.jpg\" alt=\"03 - PCC apresenta nova gama de estacoes de ar condicionado\" width=\"1024\" height=\"581\" srcset=\"https:\/\/jornaldasoficinas.com\/pt\/wp-content\/uploads\/2026\/03\/PCC-apresenta-nova-gama-de-estacoes-de-ar-condicionado.jpg 1024w, https:\/\/jornaldasoficinas.com\/pt\/wp-content\/uploads\/2026\/03\/PCC-apresenta-nova-gama-de-estacoes-de-ar-condicionado-300x170.jpg 300w, https:\/\/jornaldasoficinas.com\/pt\/wp-content\/uploads\/2026\/03\/PCC-apresenta-nova-gama-de-estacoes-de-ar-condicionado-150x85.jpg 150w, https:\/\/jornaldasoficinas.com\/pt\/wp-content\/uploads\/2026\/03\/PCC-apresenta-nova-gama-de-estacoes-de-ar-condicionado-768x436.jpg 768w\" sizes=\"auto, (max-width: 1024px) 100vw, 1024px\" \/><\/strong><\/p>\n<p><strong>A <a href=\"https:\/\/www.pcc-lda.pt\/\" target=\"_blank\" rel=\"noopener\">PCC<\/a> lan\u00e7ou uma nova gama de esta\u00e7\u00f5es de ar condicionado autom\u00f3vel da marca IWS, desenvolvida para apoiar as oficinas na manuten\u00e7\u00e3o de sistemas de climatiza\u00e7\u00e3o, com equipamentos que permitem opera\u00e7\u00f5es autom\u00e1ticas de recupera\u00e7\u00e3o, v\u00e1cuo e recarga de refrigerante<\/strong><\/p>\n<p>Com a aproxima\u00e7\u00e3o da \u00e9poca de maior procura por servi\u00e7os de climatiza\u00e7\u00e3o autom\u00f3vel, a PCC apresenta ao mercado a sua nova gama de esta\u00e7\u00f5es de ar condicionado autom\u00f3vel da marca IWS, concebida para responder \u00e0s necessidades das oficinas em termos de desempenho, fiabilidade e efici\u00eancia.<\/p>\n<p>Esta nova gera\u00e7\u00e3o de equipamentos permite realizar opera\u00e7\u00f5es de recupera\u00e7\u00e3o, v\u00e1cuo e recarga de refrigerante de forma totalmente autom\u00e1tica, garantindo interven\u00e7\u00f5es r\u00e1pidas, seguras e consistentes na manuten\u00e7\u00e3o dos sistemas de ar condicionado dos ve\u00edculos.<\/p>\n<p>Entre os principais destaques da nova gama encontram-se a opera\u00e7\u00e3o 100% autom\u00e1tica, recupera\u00e7\u00e3o de refrigerante superior a 95%, bombas de v\u00e1cuo de alto rendimento at\u00e9 180 L\/min, sistemas de limpeza interna de elevada efici\u00eancia e uma base de dados com mais de 20.000 ve\u00edculos, que facilita o trabalho di\u00e1rio das oficinas.<\/p>\n<p>A nova linha inclui diferentes modelos, desenvolvidos para responder \u00e0s diversas necessidades do setor:<\/p>\n<p>IWS-3000 \u2013 esta\u00e7\u00e3o para refrigerante R134a<\/p>\n<p>IWS-4000 \u2013 esta\u00e7\u00e3o para refrigerante HFO-1234yf<\/p>\n<p>IWS-Dual \u2013 esta\u00e7\u00e3o compat\u00edvel com R134a e HFO-1234yf<\/p>\n<p>IWS-BusPro \u2013 solu\u00e7\u00e3o desenvolvida para autocarros e ve\u00edculos pesados<\/p>\n<p>Com esta nova gama, a PCC refor\u00e7a a sua oferta de equipamentos para oficinas, disponibilizando solu\u00e7\u00f5es tecnol\u00f3gicas destinadas a melhorar a produtividade e garantir um servi\u00e7o de manuten\u00e7\u00e3o de sistemas de ar condicionado autom\u00f3vel com elevado n\u00edvel de precis\u00e3o e seguran\u00e7a.<\/p>\n<p>A nova gama de esta\u00e7\u00f5es de ar condicionado PCC j\u00e1 se encontra dispon\u00edvel para encomenda, estando associada a condi\u00e7\u00f5es especiais de lan\u00e7amento para profissionais do setor autom\u00f3vel.<\/p>\n","protected":false},"excerpt":{"rendered":"<p>A PCC lan\u00e7ou uma nova gama&#8230;<\/p>\n","protected":false},"author":15,"featured_media":114362,"comment_status":"closed","ping_status":"closed","sticky":false,"template":"","format":"standard","meta":{"footnotes":""},"categories":[6],"tags":[328,14035,34,4831,386,340,8122],"class_list":["post-114353","post","type-post","status-publish","format-standard","has-post-thumbnail","hentry","category-equipamentos","tag-ar-condicionado","tag-iws","tag-manutencao","tag-nova-gama","tag-oficinas","tag-pcc","tag-sistemas-de-climatizacao"],"yoast_head":"<!-- This site is optimized with the Yoast SEO plugin v27.5 - https:\/\/yoast.com\/product\/yoast-seo-wordpress\/ -->\n<title>PCC apresenta nova gama de esta\u00e7\u00f5es de ar condicionado - Jornal das Oficinas<\/title>\n<meta name=\"description\" content=\"A PCC lan\u00e7ou uma nova gama de esta\u00e7\u00f5es de ar condicionado autom\u00f3vel da marca IWS, desenvolvida para apoiar as oficinas na manuten\u00e7\u00e3o\" \/>\n<meta name=\"robots\" content=\"index, follow, max-snippet:-1, max-image-preview:large, max-video-preview:-1\" \/>\n<link rel=\"canonical\" href=\"https:\/\/jornaldasoficinas.com\/pt\/pcc-apresenta-nova-gama-de-estacoes-de-ar-condicionado\/\" \/>\n<meta property=\"og:locale\" content=\"pt_PT\" \/>\n<meta property=\"og:type\" content=\"article\" \/>\n<meta property=\"og:title\" content=\"PCC apresenta nova gama de esta\u00e7\u00f5es de ar condicionado - Jornal das Oficinas\" \/>\n<meta property=\"og:description\" content=\"A PCC lan\u00e7ou uma nova gama de esta\u00e7\u00f5es de ar condicionado autom\u00f3vel da marca IWS, desenvolvida para apoiar as oficinas na manuten\u00e7\u00e3o\" \/>\n<meta property=\"og:url\" content=\"https:\/\/jornaldasoficinas.com\/pt\/pcc-apresenta-nova-gama-de-estacoes-de-ar-condicionado\/\" \/>\n<meta property=\"og:site_name\" content=\"Jornal das Oficinas\" \/>\n<meta property=\"article:publisher\" content=\"https:\/\/www.facebook.com\/jornaloficinas\" \/>\n<meta property=\"article:published_time\" content=\"2026-03-18T14:00:04+00:00\" \/>\n<meta property=\"og:image\" content=\"https:\/\/jornaldasoficinas.com\/pt\/wp-content\/uploads\/2026\/03\/PCC-apresenta-nova-gama-de-estacoes-de-ar-condicionado.jpg\" \/>\n\t<meta property=\"og:image:width\" content=\"1024\" \/>\n\t<meta property=\"og:image:height\" content=\"581\" \/>\n\t<meta property=\"og:image:type\" content=\"image\/jpeg\" \/>\n<meta name=\"author\" content=\"Reda\u00e7\u00e3o JO\" \/>\n<meta name=\"twitter:card\" content=\"summary_large_image\" \/>\n<meta name=\"twitter:creator\" content=\"@jornaloficinas\" \/>\n<meta name=\"twitter:site\" content=\"@jornaloficinas\" \/>\n<meta name=\"twitter:label1\" content=\"Escrito por\" \/>\n\t<meta name=\"twitter:data1\" content=\"Reda\u00e7\u00e3o JO\" \/>\n\t<meta name=\"twitter:label2\" content=\"Tempo estimado de leitura\" \/>\n\t<meta name=\"twitter:data2\" content=\"2 minutos\" \/>\n<script type=\"application\/ld+json\" class=\"yoast-schema-graph\">{\"@context\":\"https:\\\/\\\/schema.org\",\"@graph\":[{\"@type\":\"Article\",\"@id\":\"https:\\\/\\\/jornaldasoficinas.com\\\/pt\\\/pcc-apresenta-nova-gama-de-estacoes-de-ar-condicionado\\\/#article\",\"isPartOf\":{\"@id\":\"https:\\\/\\\/jornaldasoficinas.com\\\/pt\\\/pcc-apresenta-nova-gama-de-estacoes-de-ar-condicionado\\\/\"},\"author\":{\"name\":\"Reda\u00e7\u00e3o JO\",\"@id\":\"https:\\\/\\\/jornaldasoficinas.com\\\/pt\\\/#\\\/schema\\\/person\\\/a38eef5de2c41d9e7c9ac10141afddf3\"},\"headline\":\"PCC apresenta nova gama de esta\u00e7\u00f5es de ar condicionado\",\"datePublished\":\"2026-03-18T14:00:04+00:00\",\"mainEntityOfPage\":{\"@id\":\"https:\\\/\\\/jornaldasoficinas.com\\\/pt\\\/pcc-apresenta-nova-gama-de-estacoes-de-ar-condicionado\\\/\"},\"wordCount\":339,\"publisher\":{\"@id\":\"https:\\\/\\\/jornaldasoficinas.com\\\/pt\\\/#organization\"},\"image\":{\"@id\":\"https:\\\/\\\/jornaldasoficinas.com\\\/pt\\\/pcc-apresenta-nova-gama-de-estacoes-de-ar-condicionado\\\/#primaryimage\"},\"thumbnailUrl\":\"https:\\\/\\\/jornaldasoficinas.com\\\/pt\\\/wp-content\\\/uploads\\\/2026\\\/03\\\/PCC-apresenta-nova-gama-de-estacoes-de-ar-condicionado.jpg\",\"keywords\":[\"Ar condicionado\",\"IWS\",\"Manuten\u00e7\u00e3o\",\"nova gama\",\"Oficinas\",\"PCC\",\"sistemas de climatiza\u00e7\u00e3o\"],\"articleSection\":[\"Equipamentos\"],\"inLanguage\":\"pt-PT\"},{\"@type\":\"WebPage\",\"@id\":\"https:\\\/\\\/jornaldasoficinas.com\\\/pt\\\/pcc-apresenta-nova-gama-de-estacoes-de-ar-condicionado\\\/\",\"url\":\"https:\\\/\\\/jornaldasoficinas.com\\\/pt\\\/pcc-apresenta-nova-gama-de-estacoes-de-ar-condicionado\\\/\",\"name\":\"PCC apresenta nova gama de esta\u00e7\u00f5es de ar condicionado - Jornal das Oficinas\",\"isPartOf\":{\"@id\":\"https:\\\/\\\/jornaldasoficinas.com\\\/pt\\\/#website\"},\"primaryImageOfPage\":{\"@id\":\"https:\\\/\\\/jornaldasoficinas.com\\\/pt\\\/pcc-apresenta-nova-gama-de-estacoes-de-ar-condicionado\\\/#primaryimage\"},\"image\":{\"@id\":\"https:\\\/\\\/jornaldasoficinas.com\\\/pt\\\/pcc-apresenta-nova-gama-de-estacoes-de-ar-condicionado\\\/#primaryimage\"},\"thumbnailUrl\":\"https:\\\/\\\/jornaldasoficinas.com\\\/pt\\\/wp-content\\\/uploads\\\/2026\\\/03\\\/PCC-apresenta-nova-gama-de-estacoes-de-ar-condicionado.jpg\",\"datePublished\":\"2026-03-18T14:00:04+00:00\",\"description\":\"A PCC lan\u00e7ou uma nova gama de esta\u00e7\u00f5es de ar condicionado autom\u00f3vel da marca IWS, desenvolvida para apoiar as oficinas na manuten\u00e7\u00e3o\",\"breadcrumb\":{\"@id\":\"https:\\\/\\\/jornaldasoficinas.com\\\/pt\\\/pcc-apresenta-nova-gama-de-estacoes-de-ar-condicionado\\\/#breadcrumb\"},\"inLanguage\":\"pt-PT\",\"potentialAction\":[{\"@type\":\"ReadAction\",\"target\":[\"https:\\\/\\\/jornaldasoficinas.com\\\/pt\\\/pcc-apresenta-nova-gama-de-estacoes-de-ar-condicionado\\\/\"]}]},{\"@type\":\"ImageObject\",\"inLanguage\":\"pt-PT\",\"@id\":\"https:\\\/\\\/jornaldasoficinas.com\\\/pt\\\/pcc-apresenta-nova-gama-de-estacoes-de-ar-condicionado\\\/#primaryimage\",\"url\":\"https:\\\/\\\/jornaldasoficinas.com\\\/pt\\\/wp-content\\\/uploads\\\/2026\\\/03\\\/PCC-apresenta-nova-gama-de-estacoes-de-ar-condicionado.jpg\",\"contentUrl\":\"https:\\\/\\\/jornaldasoficinas.com\\\/pt\\\/wp-content\\\/uploads\\\/2026\\\/03\\\/PCC-apresenta-nova-gama-de-estacoes-de-ar-condicionado.jpg\",\"width\":1024,\"height\":581,\"caption\":\"03 - PCC apresenta nova gama de estacoes de ar condicionado\"},{\"@type\":\"BreadcrumbList\",\"@id\":\"https:\\\/\\\/jornaldasoficinas.com\\\/pt\\\/pcc-apresenta-nova-gama-de-estacoes-de-ar-condicionado\\\/#breadcrumb\",\"itemListElement\":[{\"@type\":\"ListItem\",\"position\":1,\"name\":\"In\u00edcio\",\"item\":\"https:\\\/\\\/jornaldasoficinas.com\\\/pt\\\/\"},{\"@type\":\"ListItem\",\"position\":2,\"name\":\"PCC apresenta nova gama de esta\u00e7\u00f5es de ar condicionado\"}]},{\"@type\":\"WebSite\",\"@id\":\"https:\\\/\\\/jornaldasoficinas.com\\\/pt\\\/#website\",\"url\":\"https:\\\/\\\/jornaldasoficinas.com\\\/pt\\\/\",\"name\":\"Jornal das Oficinas\",\"description\":\"Jornal independente do Aftermarket Autom\u00f3vel em Portugal\",\"publisher\":{\"@id\":\"https:\\\/\\\/jornaldasoficinas.com\\\/pt\\\/#organization\"},\"potentialAction\":[{\"@type\":\"SearchAction\",\"target\":{\"@type\":\"EntryPoint\",\"urlTemplate\":\"https:\\\/\\\/jornaldasoficinas.com\\\/pt\\\/?s={search_term_string}\"},\"query-input\":{\"@type\":\"PropertyValueSpecification\",\"valueRequired\":true,\"valueName\":\"search_term_string\"}}],\"inLanguage\":\"pt-PT\"},{\"@type\":\"Organization\",\"@id\":\"https:\\\/\\\/jornaldasoficinas.com\\\/pt\\\/#organization\",\"name\":\"Jornal das Oficinas\",\"url\":\"https:\\\/\\\/jornaldasoficinas.com\\\/pt\\\/\",\"logo\":{\"@type\":\"ImageObject\",\"inLanguage\":\"pt-PT\",\"@id\":\"https:\\\/\\\/jornaldasoficinas.com\\\/pt\\\/#\\\/schema\\\/logo\\\/image\\\/\",\"url\":\"https:\\\/\\\/jornaldasoficinas.com\\\/pt\\\/wp-content\\\/uploads\\\/logoJO-SEO.png\",\"contentUrl\":\"https:\\\/\\\/jornaldasoficinas.com\\\/pt\\\/wp-content\\\/uploads\\\/logoJO-SEO.png\",\"width\":285,\"height\":450,\"caption\":\"Jornal das Oficinas\"},\"image\":{\"@id\":\"https:\\\/\\\/jornaldasoficinas.com\\\/pt\\\/#\\\/schema\\\/logo\\\/image\\\/\"},\"sameAs\":[\"https:\\\/\\\/www.facebook.com\\\/jornaloficinas\",\"https:\\\/\\\/x.com\\\/jornaloficinas\",\"https:\\\/\\\/www.instagram.com\\\/jornal_oficinas\\\/\",\"https:\\\/\\\/www.linkedin.com\\\/company\\\/jornal-das-oficinas\\\/\",\"https:\\\/\\\/www.youtube.com\\\/channel\\\/UCbQZBqtcvV-oSQrr7RzINGg\"]},{\"@type\":\"Person\",\"@id\":\"https:\\\/\\\/jornaldasoficinas.com\\\/pt\\\/#\\\/schema\\\/person\\\/a38eef5de2c41d9e7c9ac10141afddf3\",\"name\":\"Reda\u00e7\u00e3o JO\",\"image\":{\"@type\":\"ImageObject\",\"inLanguage\":\"pt-PT\",\"@id\":\"https:\\\/\\\/secure.gravatar.com\\\/avatar\\\/71f2fa71737ad68a84fea94bc708ddac8ea5b0c4788dc2ad202f3ccb2887742f?s=96&d=wp_user_avatar&r=g\",\"url\":\"https:\\\/\\\/secure.gravatar.com\\\/avatar\\\/71f2fa71737ad68a84fea94bc708ddac8ea5b0c4788dc2ad202f3ccb2887742f?s=96&d=wp_user_avatar&r=g\",\"contentUrl\":\"https:\\\/\\\/secure.gravatar.com\\\/avatar\\\/71f2fa71737ad68a84fea94bc708ddac8ea5b0c4788dc2ad202f3ccb2887742f?s=96&d=wp_user_avatar&r=g\",\"caption\":\"Reda\u00e7\u00e3o JO\"},\"url\":\"https:\\\/\\\/jornaldasoficinas.com\\\/pt\\\/author\\\/joredacao\\\/\"}]}<\/script>\n<!-- \/ Yoast SEO plugin. -->","yoast_head_json":{"title":"PCC apresenta nova gama de esta\u00e7\u00f5es de ar condicionado - Jornal das Oficinas","description":"A PCC lan\u00e7ou uma nova gama de esta\u00e7\u00f5es de ar condicionado autom\u00f3vel da marca IWS, desenvolvida para apoiar as oficinas na manuten\u00e7\u00e3o","robots":{"index":"index","follow":"follow","max-snippet":"max-snippet:-1","max-image-preview":"max-image-preview:large","max-video-preview":"max-video-preview:-1"},"canonical":"https:\/\/jornaldasoficinas.com\/pt\/pcc-apresenta-nova-gama-de-estacoes-de-ar-condicionado\/","og_locale":"pt_PT","og_type":"article","og_title":"PCC apresenta nova gama de esta\u00e7\u00f5es de ar condicionado - Jornal das Oficinas","og_description":"A PCC lan\u00e7ou uma nova gama de esta\u00e7\u00f5es de ar condicionado autom\u00f3vel da marca IWS, desenvolvida para apoiar as oficinas na manuten\u00e7\u00e3o","og_url":"https:\/\/jornaldasoficinas.com\/pt\/pcc-apresenta-nova-gama-de-estacoes-de-ar-condicionado\/","og_site_name":"Jornal das Oficinas","article_publisher":"https:\/\/www.facebook.com\/jornaloficinas","article_published_time":"2026-03-18T14:00:04+00:00","og_image":[{"width":1024,"height":581,"url":"https:\/\/jornaldasoficinas.com\/pt\/wp-content\/uploads\/2026\/03\/PCC-apresenta-nova-gama-de-estacoes-de-ar-condicionado.jpg","type":"image\/jpeg"}],"author":"Reda\u00e7\u00e3o JO","twitter_card":"summary_large_image","twitter_creator":"@jornaloficinas","twitter_site":"@jornaloficinas","twitter_misc":{"Escrito por":"Reda\u00e7\u00e3o JO","Tempo estimado de leitura":"2 minutos"},"schema":{"@context":"https:\/\/schema.org","@graph":[{"@type":"Article","@id":"https:\/\/jornaldasoficinas.com\/pt\/pcc-apresenta-nova-gama-de-estacoes-de-ar-condicionado\/#article","isPartOf":{"@id":"https:\/\/jornaldasoficinas.com\/pt\/pcc-apresenta-nova-gama-de-estacoes-de-ar-condicionado\/"},"author":{"name":"Reda\u00e7\u00e3o JO","@id":"https:\/\/jornaldasoficinas.com\/pt\/#\/schema\/person\/a38eef5de2c41d9e7c9ac10141afddf3"},"headline":"PCC apresenta nova gama de esta\u00e7\u00f5es de ar condicionado","datePublished":"2026-03-18T14:00:04+00:00","mainEntityOfPage":{"@id":"https:\/\/jornaldasoficinas.com\/pt\/pcc-apresenta-nova-gama-de-estacoes-de-ar-condicionado\/"},"wordCount":339,"publisher":{"@id":"https:\/\/jornaldasoficinas.com\/pt\/#organization"},"image":{"@id":"https:\/\/jornaldasoficinas.com\/pt\/pcc-apresenta-nova-gama-de-estacoes-de-ar-condicionado\/#primaryimage"},"thumbnailUrl":"https:\/\/jornaldasoficinas.com\/pt\/wp-content\/uploads\/2026\/03\/PCC-apresenta-nova-gama-de-estacoes-de-ar-condicionado.jpg","keywords":["Ar condicionado","IWS","Manuten\u00e7\u00e3o","nova gama","Oficinas","PCC","sistemas de climatiza\u00e7\u00e3o"],"articleSection":["Equipamentos"],"inLanguage":"pt-PT"},{"@type":"WebPage","@id":"https:\/\/jornaldasoficinas.com\/pt\/pcc-apresenta-nova-gama-de-estacoes-de-ar-condicionado\/","url":"https:\/\/jornaldasoficinas.com\/pt\/pcc-apresenta-nova-gama-de-estacoes-de-ar-condicionado\/","name":"PCC apresenta nova gama de esta\u00e7\u00f5es de ar condicionado - Jornal das Oficinas","isPartOf":{"@id":"https:\/\/jornaldasoficinas.com\/pt\/#website"},"primaryImageOfPage":{"@id":"https:\/\/jornaldasoficinas.com\/pt\/pcc-apresenta-nova-gama-de-estacoes-de-ar-condicionado\/#primaryimage"},"image":{"@id":"https:\/\/jornaldasoficinas.com\/pt\/pcc-apresenta-nova-gama-de-estacoes-de-ar-condicionado\/#primaryimage"},"thumbnailUrl":"https:\/\/jornaldasoficinas.com\/pt\/wp-content\/uploads\/2026\/03\/PCC-apresenta-nova-gama-de-estacoes-de-ar-condicionado.jpg","datePublished":"2026-03-18T14:00:04+00:00","description":"A PCC lan\u00e7ou uma nova gama de esta\u00e7\u00f5es de ar condicionado autom\u00f3vel da marca IWS, desenvolvida para apoiar as oficinas na manuten\u00e7\u00e3o","breadcrumb":{"@id":"https:\/\/jornaldasoficinas.com\/pt\/pcc-apresenta-nova-gama-de-estacoes-de-ar-condicionado\/#breadcrumb"},"inLanguage":"pt-PT","potentialAction":[{"@type":"ReadAction","target":["https:\/\/jornaldasoficinas.com\/pt\/pcc-apresenta-nova-gama-de-estacoes-de-ar-condicionado\/"]}]},{"@type":"ImageObject","inLanguage":"pt-PT","@id":"https:\/\/jornaldasoficinas.com\/pt\/pcc-apresenta-nova-gama-de-estacoes-de-ar-condicionado\/#primaryimage","url":"https:\/\/jornaldasoficinas.com\/pt\/wp-content\/uploads\/2026\/03\/PCC-apresenta-nova-gama-de-estacoes-de-ar-condicionado.jpg","contentUrl":"https:\/\/jornaldasoficinas.com\/pt\/wp-content\/uploads\/2026\/03\/PCC-apresenta-nova-gama-de-estacoes-de-ar-condicionado.jpg","width":1024,"height":581,"caption":"03 - PCC apresenta nova gama de estacoes de ar condicionado"},{"@type":"BreadcrumbList","@id":"https:\/\/jornaldasoficinas.com\/pt\/pcc-apresenta-nova-gama-de-estacoes-de-ar-condicionado\/#breadcrumb","itemListElement":[{"@type":"ListItem","position":1,"name":"In\u00edcio","item":"https:\/\/jornaldasoficinas.com\/pt\/"},{"@type":"ListItem","position":2,"name":"PCC apresenta nova gama de esta\u00e7\u00f5es de ar condicionado"}]},{"@type":"WebSite","@id":"https:\/\/jornaldasoficinas.com\/pt\/#website","url":"https:\/\/jornaldasoficinas.com\/pt\/","name":"Jornal das Oficinas","description":"Jornal independente do Aftermarket Autom\u00f3vel em Portugal","publisher":{"@id":"https:\/\/jornaldasoficinas.com\/pt\/#organization"},"potentialAction":[{"@type":"SearchAction","target":{"@type":"EntryPoint","urlTemplate":"https:\/\/jornaldasoficinas.com\/pt\/?s={search_term_string}"},"query-input":{"@type":"PropertyValueSpecification","valueRequired":true,"valueName":"search_term_string"}}],"inLanguage":"pt-PT"},{"@type":"Organization","@id":"https:\/\/jornaldasoficinas.com\/pt\/#organization","name":"Jornal das Oficinas","url":"https:\/\/jornaldasoficinas.com\/pt\/","logo":{"@type":"ImageObject","inLanguage":"pt-PT","@id":"https:\/\/jornaldasoficinas.com\/pt\/#\/schema\/logo\/image\/","url":"https:\/\/jornaldasoficinas.com\/pt\/wp-content\/uploads\/logoJO-SEO.png","contentUrl":"https:\/\/jornaldasoficinas.com\/pt\/wp-content\/uploads\/logoJO-SEO.png","width":285,"height":450,"caption":"Jornal das Oficinas"},"image":{"@id":"https:\/\/jornaldasoficinas.com\/pt\/#\/schema\/logo\/image\/"},"sameAs":["https:\/\/www.facebook.com\/jornaloficinas","https:\/\/x.com\/jornaloficinas","https:\/\/www.instagram.com\/jornal_oficinas\/","https:\/\/www.linkedin.com\/company\/jornal-das-oficinas\/","https:\/\/www.youtube.com\/channel\/UCbQZBqtcvV-oSQrr7RzINGg"]},{"@type":"Person","@id":"https:\/\/jornaldasoficinas.com\/pt\/#\/schema\/person\/a38eef5de2c41d9e7c9ac10141afddf3","name":"Reda\u00e7\u00e3o JO","image":{"@type":"ImageObject","inLanguage":"pt-PT","@id":"https:\/\/secure.gravatar.com\/avatar\/71f2fa71737ad68a84fea94bc708ddac8ea5b0c4788dc2ad202f3ccb2887742f?s=96&d=wp_user_avatar&r=g","url":"https:\/\/secure.gravatar.com\/avatar\/71f2fa71737ad68a84fea94bc708ddac8ea5b0c4788dc2ad202f3ccb2887742f?s=96&d=wp_user_avatar&r=g","contentUrl":"https:\/\/secure.gravatar.com\/avatar\/71f2fa71737ad68a84fea94bc708ddac8ea5b0c4788dc2ad202f3ccb2887742f?s=96&d=wp_user_avatar&r=g","caption":"Reda\u00e7\u00e3o JO"},"url":"https:\/\/jornaldasoficinas.com\/pt\/author\/joredacao\/"}]}},"_links":{"self":[{"href":"https:\/\/jornaldasoficinas.com\/pt\/wp-json\/wp\/v2\/posts\/114353","targetHints":{"allow":["GET"]}}],"collection":[{"href":"https:\/\/jornaldasoficinas.com\/pt\/wp-json\/wp\/v2\/posts"}],"about":[{"href":"https:\/\/jornaldasoficinas.com\/pt\/wp-json\/wp\/v2\/types\/post"}],"author":[{"embeddable":true,"href":"https:\/\/jornaldasoficinas.com\/pt\/wp-json\/wp\/v2\/users\/15"}],"replies":[{"embeddable":true,"href":"https:\/\/jornaldasoficinas.com\/pt\/wp-json\/wp\/v2\/comments?post=114353"}],"version-history":[{"count":7,"href":"https:\/\/jornaldasoficinas.com\/pt\/wp-json\/wp\/v2\/posts\/114353\/revisions"}],"predecessor-version":[{"id":114363,"href":"https:\/\/jornaldasoficinas.com\/pt\/wp-json\/wp\/v2\/posts\/114353\/revisions\/114363"}],"wp:featuredmedia":[{"embeddable":true,"href":"https:\/\/jornaldasoficinas.com\/pt\/wp-json\/wp\/v2\/media\/114362"}],"wp:attachment":[{"href":"https:\/\/jornaldasoficinas.com\/pt\/wp-json\/wp\/v2\/media?parent=114353"}],"wp:term":[{"taxonomy":"category","embeddable":true,"href":"https:\/\/jornaldasoficinas.com\/pt\/wp-json\/wp\/v2\/categories?post=114353"},{"taxonomy":"post_tag","embeddable":true,"href":"https:\/\/jornaldasoficinas.com\/pt\/wp-json\/wp\/v2\/tags?post=114353"}],"curies":[{"name":"wp","href":"https:\/\/api.w.org\/{rel}","templated":true}]}}