{"id":11449,"date":"2020-03-23T18:46:26","date_gmt":"2020-03-23T18:46:26","guid":{"rendered":"https:\/\/jornaldasoficinas.com\/pt\/?p=11449"},"modified":"2020-03-23T18:57:13","modified_gmt":"2020-03-23T18:57:13","slug":"polibaterias-com-carga-contra-o-covid-19","status":"publish","type":"post","link":"https:\/\/jornaldasoficinas.com\/pt\/polibaterias-com-carga-contra-o-covid-19\/","title":{"rendered":"Polibaterias com carga m\u00e1xima contra pandemia de Covid-19"},"content":{"rendered":"<p><img loading=\"lazy\" decoding=\"async\" class=\"alignnone size-full wp-image-11448\" src=\"https:\/\/jornaldasoficinas.com\/pt\/wp-content\/uploads\/2020\/03\/90345629_3056018827782071_1413855078669877248_o.jpg\" alt=\"03 - 90345629_3056018827782071_1413855078669877248_o\" width=\"1024\" height=\"581\" srcset=\"https:\/\/jornaldasoficinas.com\/pt\/wp-content\/uploads\/2020\/03\/90345629_3056018827782071_1413855078669877248_o.jpg 1024w, https:\/\/jornaldasoficinas.com\/pt\/wp-content\/uploads\/2020\/03\/90345629_3056018827782071_1413855078669877248_o-300x170.jpg 300w, https:\/\/jornaldasoficinas.com\/pt\/wp-content\/uploads\/2020\/03\/90345629_3056018827782071_1413855078669877248_o-150x85.jpg 150w, https:\/\/jornaldasoficinas.com\/pt\/wp-content\/uploads\/2020\/03\/90345629_3056018827782071_1413855078669877248_o-768x436.jpg 768w\" sizes=\"auto, (max-width: 1024px) 100vw, 1024px\" \/><\/p>\n<p><strong>Em virtude da comunica\u00e7\u00e3o efetuada pelo Primeiro-Ministro, e do despacho proferido pelo Conselho de Ministros, onde foi determinado que a \u00e1rea de neg\u00f3cio em que est\u00e3o inseridos faz parte das chamadas atividades essenciais e que, por conseguinte, se deve manter em labora\u00e7\u00e3o, a Polibaterias emitiu um comunicado sobre as medidas a aplicar.<\/strong><\/p>\n<p>A Polibaterias manter-se-\u00e1 em funcionamento de acordo com o plano de conting\u00eancia anteriormente delineado. Ir\u00e1 apenas ser disponibilizado um servi\u00e7o m\u00ednimo, por forma a garantir aos clientes e \u00e0s entidades oficiais do pa\u00eds a operacionalidade necess\u00e1ria durante este per\u00edodo cr\u00edtico de emerg\u00eancia.<\/p>\n<p>No que diz respeito ao armaz\u00e9m, a empresa decidiu que este iria operar com apenas um colaborador. Da seguinte forma:<\/p>\n<p>\u2022 Todos os envios ser\u00e3o efetuados via transportadora, sendo que os mesmos poder\u00e3o levar entre 24h a 72h a chegar ao seu destino, dependendo da disponibilidade das empresas de transporte;<\/p>\n<p>\u2022 Poder\u00e3o, tamb\u00e9m, os revendedores ou retalhistas fazer a recolha do material no armaz\u00e9m da empresa, sem entrada f\u00edsica nas instala\u00e7\u00f5es, de acordo com o plano de conting\u00eancia em vigor. As instru\u00e7\u00f5es est\u00e3o afixadas no port\u00e3o exterior, sendo que dever\u00e1 ser enviada sempre a encomenda por <em>email<\/em> ou telefone previamente, por forma a que o colaborador possa preparar a mesma e colocar uma palete no exterior com o material, para que seja feita a sua recolha pelo cliente juntamente com a respetiva documenta\u00e7\u00e3o;<\/p>\n<p>\u2022 Os motoristas das transportadoras devem agir de acordo com as indica\u00e7\u00f5es expressas dos colaboradores e dever\u00e3o colocar os ve\u00edculos junto ao port\u00e3o exterior e abrir a porta traseira, recolhendo-se, se poss\u00edvel, de imediato para a cabine do mesmo.\u00a0 Se for estritamente necess\u00e1rio permanecerem no interior do compartimento de carga para acomoda\u00e7\u00e3o da mesma, devem manter a todo o momento uma dist\u00e2ncia de, pelo menos dois metros de qualquer outra pessoa. Finalizada a introdu\u00e7\u00e3o da mercadoria no cami\u00e3o, pedimos que recolham e assinem as guias disponibilizadas em cima do banco no exterior;<\/p>\n<p>\u2022 O colaborador da <a href=\"https:\/\/www.polibaterias.com\/\" target=\"_blank\" rel=\"noopener noreferrer\">Polibaterias<\/a> ter\u00e1 com ele, a todo o momento, um telefone e\/ou telem\u00f3vel por quest\u00f5es de seguran\u00e7a;<\/p>\n<p>\u2022 Finalizada toda a opera\u00e7\u00e3o, o colaborador da Polibaterias proceder\u00e1 \u00e0 desinfe\u00e7\u00e3o de todos os elementos manuseados durante a mesma (empilhador, telefone, impressora, teclado, portas, empilhador&#8230;), e descartar\u00e1 as luvas utilizadas no lixo lavando e desinfetando a seguir as m\u00e3os, de acordo com as indica\u00e7\u00f5es afixadas em todas as instala\u00e7\u00f5es sanit\u00e1rias da empresa;<\/p>\n<p>\u2022 Neste per\u00edodo, n\u00e3o se preceder\u00e1 \u00e0 recolha de baterias para an\u00e1lise\/garantia nem recolha de sucata.<\/p>\n<p>O atendimento ao p\u00fablico s\u00f3 \u00e9 poss\u00edvel na loja de Almada-Cacilhas, onde tamb\u00e9m s\u00f3 estar\u00e1 presente um colaborador. As condi\u00e7\u00f5es s\u00e3o as seguintes:<\/p>\n<p>\u2022 Nenhum cliente poder\u00e1 entrar no estabelecimento, nem mesmo os profissionais;<\/p>\n<p>\u2022 N\u00e3o se realizam montagens ou desmontagens para garantia de baterias, carga ou instala\u00e7\u00e3o de nova bateria, nem testes a viaturas;<\/p>\n<p>\u2022 Apenas s\u00e3o admitidos pagamentos por multibanco. O mesmo \u00e9, impreterivelmente, desinfetado entre utiliza\u00e7\u00f5es, numa opera\u00e7\u00e3o realizada \u00e0 vista do cliente;<\/p>\n<p>\u2022 Os clientes t\u00eam de manter-se atr\u00e1s da linha de marca\u00e7\u00e3o no pavimento.<\/p>\n<p>Toda a \u00e1rea administrativa, comercial e dire\u00e7\u00e3o da empresa ser\u00e3o asseguradas atrav\u00e9s de teletrabalho.<\/p>\n","protected":false},"excerpt":{"rendered":"<p>Em virtude da comunica\u00e7\u00e3o efetuada pelo&#8230;<\/p>\n","protected":false},"author":15,"featured_media":11448,"comment_status":"closed","ping_status":"closed","sticky":false,"template":"","format":"standard","meta":{"footnotes":""},"categories":[29],"tags":[1790,1789,394],"class_list":["post-11449","post","type-post","status-publish","format-standard","has-post-thumbnail","hentry","category-empresas","tag-coronavirus","tag-covid-19","tag-polibaterias"],"yoast_head":"<!-- This site is optimized with the Yoast SEO plugin v27.5 - https:\/\/yoast.com\/product\/yoast-seo-wordpress\/ -->\n<title>Polibaterias com carga m\u00e1xima contra pandemia de Covid-19 - Jornal das Oficinas<\/title>\n<meta name=\"robots\" content=\"index, follow, max-snippet:-1, max-image-preview:large, max-video-preview:-1\" \/>\n<link rel=\"canonical\" href=\"https:\/\/jornaldasoficinas.com\/pt\/polibaterias-com-carga-contra-o-covid-19\/\" \/>\n<meta property=\"og:locale\" content=\"pt_PT\" \/>\n<meta property=\"og:type\" content=\"article\" \/>\n<meta property=\"og:title\" content=\"Polibaterias com carga m\u00e1xima contra pandemia de Covid-19 - Jornal das Oficinas\" \/>\n<meta property=\"og:description\" content=\"Em virtude da comunica\u00e7\u00e3o efetuada pelo...\" \/>\n<meta property=\"og:url\" content=\"https:\/\/jornaldasoficinas.com\/pt\/polibaterias-com-carga-contra-o-covid-19\/\" \/>\n<meta property=\"og:site_name\" content=\"Jornal das Oficinas\" \/>\n<meta property=\"article:publisher\" content=\"https:\/\/www.facebook.com\/jornaloficinas\" \/>\n<meta property=\"article:published_time\" content=\"2020-03-23T18:46:26+00:00\" \/>\n<meta property=\"article:modified_time\" content=\"2020-03-23T18:57:13+00:00\" \/>\n<meta property=\"og:image\" content=\"https:\/\/jornaldasoficinas.com\/pt\/wp-content\/uploads\/2020\/03\/90345629_3056018827782071_1413855078669877248_o.jpg\" \/>\n\t<meta property=\"og:image:width\" content=\"1024\" \/>\n\t<meta property=\"og:image:height\" content=\"581\" \/>\n\t<meta property=\"og:image:type\" content=\"image\/jpeg\" \/>\n<meta name=\"author\" content=\"Reda\u00e7\u00e3o JO\" \/>\n<meta name=\"twitter:card\" content=\"summary_large_image\" \/>\n<meta name=\"twitter:creator\" content=\"@jornaloficinas\" \/>\n<meta name=\"twitter:site\" content=\"@jornaloficinas\" \/>\n<meta name=\"twitter:label1\" content=\"Escrito por\" \/>\n\t<meta name=\"twitter:data1\" content=\"Reda\u00e7\u00e3o JO\" \/>\n\t<meta name=\"twitter:label2\" content=\"Tempo estimado de leitura\" \/>\n\t<meta name=\"twitter:data2\" content=\"3 minutos\" \/>\n<script type=\"application\/ld+json\" class=\"yoast-schema-graph\">{\"@context\":\"https:\\\/\\\/schema.org\",\"@graph\":[{\"@type\":\"Article\",\"@id\":\"https:\\\/\\\/jornaldasoficinas.com\\\/pt\\\/polibaterias-com-carga-contra-o-covid-19\\\/#article\",\"isPartOf\":{\"@id\":\"https:\\\/\\\/jornaldasoficinas.com\\\/pt\\\/polibaterias-com-carga-contra-o-covid-19\\\/\"},\"author\":{\"name\":\"Reda\u00e7\u00e3o JO\",\"@id\":\"https:\\\/\\\/jornaldasoficinas.com\\\/pt\\\/#\\\/schema\\\/person\\\/a38eef5de2c41d9e7c9ac10141afddf3\"},\"headline\":\"Polibaterias com carga m\u00e1xima contra pandemia de Covid-19\",\"datePublished\":\"2020-03-23T18:46:26+00:00\",\"dateModified\":\"2020-03-23T18:57:13+00:00\",\"mainEntityOfPage\":{\"@id\":\"https:\\\/\\\/jornaldasoficinas.com\\\/pt\\\/polibaterias-com-carga-contra-o-covid-19\\\/\"},\"wordCount\":570,\"publisher\":{\"@id\":\"https:\\\/\\\/jornaldasoficinas.com\\\/pt\\\/#organization\"},\"image\":{\"@id\":\"https:\\\/\\\/jornaldasoficinas.com\\\/pt\\\/polibaterias-com-carga-contra-o-covid-19\\\/#primaryimage\"},\"thumbnailUrl\":\"https:\\\/\\\/jornaldasoficinas.com\\\/pt\\\/wp-content\\\/uploads\\\/2020\\\/03\\\/90345629_3056018827782071_1413855078669877248_o.jpg\",\"keywords\":[\"Coronav\u00edrus\",\"COVID-19\",\"Polibaterias\"],\"articleSection\":[\"Empresas\"],\"inLanguage\":\"pt-PT\"},{\"@type\":\"WebPage\",\"@id\":\"https:\\\/\\\/jornaldasoficinas.com\\\/pt\\\/polibaterias-com-carga-contra-o-covid-19\\\/\",\"url\":\"https:\\\/\\\/jornaldasoficinas.com\\\/pt\\\/polibaterias-com-carga-contra-o-covid-19\\\/\",\"name\":\"Polibaterias com carga m\u00e1xima contra pandemia de Covid-19 - Jornal das Oficinas\",\"isPartOf\":{\"@id\":\"https:\\\/\\\/jornaldasoficinas.com\\\/pt\\\/#website\"},\"primaryImageOfPage\":{\"@id\":\"https:\\\/\\\/jornaldasoficinas.com\\\/pt\\\/polibaterias-com-carga-contra-o-covid-19\\\/#primaryimage\"},\"image\":{\"@id\":\"https:\\\/\\\/jornaldasoficinas.com\\\/pt\\\/polibaterias-com-carga-contra-o-covid-19\\\/#primaryimage\"},\"thumbnailUrl\":\"https:\\\/\\\/jornaldasoficinas.com\\\/pt\\\/wp-content\\\/uploads\\\/2020\\\/03\\\/90345629_3056018827782071_1413855078669877248_o.jpg\",\"datePublished\":\"2020-03-23T18:46:26+00:00\",\"dateModified\":\"2020-03-23T18:57:13+00:00\",\"breadcrumb\":{\"@id\":\"https:\\\/\\\/jornaldasoficinas.com\\\/pt\\\/polibaterias-com-carga-contra-o-covid-19\\\/#breadcrumb\"},\"inLanguage\":\"pt-PT\",\"potentialAction\":[{\"@type\":\"ReadAction\",\"target\":[\"https:\\\/\\\/jornaldasoficinas.com\\\/pt\\\/polibaterias-com-carga-contra-o-covid-19\\\/\"]}]},{\"@type\":\"ImageObject\",\"inLanguage\":\"pt-PT\",\"@id\":\"https:\\\/\\\/jornaldasoficinas.com\\\/pt\\\/polibaterias-com-carga-contra-o-covid-19\\\/#primaryimage\",\"url\":\"https:\\\/\\\/jornaldasoficinas.com\\\/pt\\\/wp-content\\\/uploads\\\/2020\\\/03\\\/90345629_3056018827782071_1413855078669877248_o.jpg\",\"contentUrl\":\"https:\\\/\\\/jornaldasoficinas.com\\\/pt\\\/wp-content\\\/uploads\\\/2020\\\/03\\\/90345629_3056018827782071_1413855078669877248_o.jpg\",\"width\":1024,\"height\":581,\"caption\":\"03 - 90345629_3056018827782071_1413855078669877248_o\"},{\"@type\":\"BreadcrumbList\",\"@id\":\"https:\\\/\\\/jornaldasoficinas.com\\\/pt\\\/polibaterias-com-carga-contra-o-covid-19\\\/#breadcrumb\",\"itemListElement\":[{\"@type\":\"ListItem\",\"position\":1,\"name\":\"In\u00edcio\",\"item\":\"https:\\\/\\\/jornaldasoficinas.com\\\/pt\\\/\"},{\"@type\":\"ListItem\",\"position\":2,\"name\":\"Polibaterias com carga m\u00e1xima contra pandemia de Covid-19\"}]},{\"@type\":\"WebSite\",\"@id\":\"https:\\\/\\\/jornaldasoficinas.com\\\/pt\\\/#website\",\"url\":\"https:\\\/\\\/jornaldasoficinas.com\\\/pt\\\/\",\"name\":\"Jornal das Oficinas\",\"description\":\"Jornal independente do Aftermarket Autom\u00f3vel em Portugal\",\"publisher\":{\"@id\":\"https:\\\/\\\/jornaldasoficinas.com\\\/pt\\\/#organization\"},\"potentialAction\":[{\"@type\":\"SearchAction\",\"target\":{\"@type\":\"EntryPoint\",\"urlTemplate\":\"https:\\\/\\\/jornaldasoficinas.com\\\/pt\\\/?s={search_term_string}\"},\"query-input\":{\"@type\":\"PropertyValueSpecification\",\"valueRequired\":true,\"valueName\":\"search_term_string\"}}],\"inLanguage\":\"pt-PT\"},{\"@type\":\"Organization\",\"@id\":\"https:\\\/\\\/jornaldasoficinas.com\\\/pt\\\/#organization\",\"name\":\"Jornal das Oficinas\",\"url\":\"https:\\\/\\\/jornaldasoficinas.com\\\/pt\\\/\",\"logo\":{\"@type\":\"ImageObject\",\"inLanguage\":\"pt-PT\",\"@id\":\"https:\\\/\\\/jornaldasoficinas.com\\\/pt\\\/#\\\/schema\\\/logo\\\/image\\\/\",\"url\":\"https:\\\/\\\/jornaldasoficinas.com\\\/pt\\\/wp-content\\\/uploads\\\/logoJO-SEO.png\",\"contentUrl\":\"https:\\\/\\\/jornaldasoficinas.com\\\/pt\\\/wp-content\\\/uploads\\\/logoJO-SEO.png\",\"width\":285,\"height\":450,\"caption\":\"Jornal das Oficinas\"},\"image\":{\"@id\":\"https:\\\/\\\/jornaldasoficinas.com\\\/pt\\\/#\\\/schema\\\/logo\\\/image\\\/\"},\"sameAs\":[\"https:\\\/\\\/www.facebook.com\\\/jornaloficinas\",\"https:\\\/\\\/x.com\\\/jornaloficinas\",\"https:\\\/\\\/www.instagram.com\\\/jornal_oficinas\\\/\",\"https:\\\/\\\/www.linkedin.com\\\/company\\\/jornal-das-oficinas\\\/\",\"https:\\\/\\\/www.youtube.com\\\/channel\\\/UCbQZBqtcvV-oSQrr7RzINGg\"]},{\"@type\":\"Person\",\"@id\":\"https:\\\/\\\/jornaldasoficinas.com\\\/pt\\\/#\\\/schema\\\/person\\\/a38eef5de2c41d9e7c9ac10141afddf3\",\"name\":\"Reda\u00e7\u00e3o JO\",\"image\":{\"@type\":\"ImageObject\",\"inLanguage\":\"pt-PT\",\"@id\":\"https:\\\/\\\/secure.gravatar.com\\\/avatar\\\/71f2fa71737ad68a84fea94bc708ddac8ea5b0c4788dc2ad202f3ccb2887742f?s=96&d=wp_user_avatar&r=g\",\"url\":\"https:\\\/\\\/secure.gravatar.com\\\/avatar\\\/71f2fa71737ad68a84fea94bc708ddac8ea5b0c4788dc2ad202f3ccb2887742f?s=96&d=wp_user_avatar&r=g\",\"contentUrl\":\"https:\\\/\\\/secure.gravatar.com\\\/avatar\\\/71f2fa71737ad68a84fea94bc708ddac8ea5b0c4788dc2ad202f3ccb2887742f?s=96&d=wp_user_avatar&r=g\",\"caption\":\"Reda\u00e7\u00e3o JO\"},\"url\":\"https:\\\/\\\/jornaldasoficinas.com\\\/pt\\\/author\\\/joredacao\\\/\"}]}<\/script>\n<!-- \/ Yoast SEO plugin. -->","yoast_head_json":{"title":"Polibaterias com carga m\u00e1xima contra pandemia de Covid-19 - Jornal das Oficinas","robots":{"index":"index","follow":"follow","max-snippet":"max-snippet:-1","max-image-preview":"max-image-preview:large","max-video-preview":"max-video-preview:-1"},"canonical":"https:\/\/jornaldasoficinas.com\/pt\/polibaterias-com-carga-contra-o-covid-19\/","og_locale":"pt_PT","og_type":"article","og_title":"Polibaterias com carga m\u00e1xima contra pandemia de Covid-19 - Jornal das Oficinas","og_description":"Em virtude da comunica\u00e7\u00e3o efetuada pelo...","og_url":"https:\/\/jornaldasoficinas.com\/pt\/polibaterias-com-carga-contra-o-covid-19\/","og_site_name":"Jornal das Oficinas","article_publisher":"https:\/\/www.facebook.com\/jornaloficinas","article_published_time":"2020-03-23T18:46:26+00:00","article_modified_time":"2020-03-23T18:57:13+00:00","og_image":[{"width":1024,"height":581,"url":"https:\/\/jornaldasoficinas.com\/pt\/wp-content\/uploads\/2020\/03\/90345629_3056018827782071_1413855078669877248_o.jpg","type":"image\/jpeg"}],"author":"Reda\u00e7\u00e3o JO","twitter_card":"summary_large_image","twitter_creator":"@jornaloficinas","twitter_site":"@jornaloficinas","twitter_misc":{"Escrito por":"Reda\u00e7\u00e3o JO","Tempo estimado de leitura":"3 minutos"},"schema":{"@context":"https:\/\/schema.org","@graph":[{"@type":"Article","@id":"https:\/\/jornaldasoficinas.com\/pt\/polibaterias-com-carga-contra-o-covid-19\/#article","isPartOf":{"@id":"https:\/\/jornaldasoficinas.com\/pt\/polibaterias-com-carga-contra-o-covid-19\/"},"author":{"name":"Reda\u00e7\u00e3o JO","@id":"https:\/\/jornaldasoficinas.com\/pt\/#\/schema\/person\/a38eef5de2c41d9e7c9ac10141afddf3"},"headline":"Polibaterias com carga m\u00e1xima contra pandemia de Covid-19","datePublished":"2020-03-23T18:46:26+00:00","dateModified":"2020-03-23T18:57:13+00:00","mainEntityOfPage":{"@id":"https:\/\/jornaldasoficinas.com\/pt\/polibaterias-com-carga-contra-o-covid-19\/"},"wordCount":570,"publisher":{"@id":"https:\/\/jornaldasoficinas.com\/pt\/#organization"},"image":{"@id":"https:\/\/jornaldasoficinas.com\/pt\/polibaterias-com-carga-contra-o-covid-19\/#primaryimage"},"thumbnailUrl":"https:\/\/jornaldasoficinas.com\/pt\/wp-content\/uploads\/2020\/03\/90345629_3056018827782071_1413855078669877248_o.jpg","keywords":["Coronav\u00edrus","COVID-19","Polibaterias"],"articleSection":["Empresas"],"inLanguage":"pt-PT"},{"@type":"WebPage","@id":"https:\/\/jornaldasoficinas.com\/pt\/polibaterias-com-carga-contra-o-covid-19\/","url":"https:\/\/jornaldasoficinas.com\/pt\/polibaterias-com-carga-contra-o-covid-19\/","name":"Polibaterias com carga m\u00e1xima contra pandemia de Covid-19 - Jornal das Oficinas","isPartOf":{"@id":"https:\/\/jornaldasoficinas.com\/pt\/#website"},"primaryImageOfPage":{"@id":"https:\/\/jornaldasoficinas.com\/pt\/polibaterias-com-carga-contra-o-covid-19\/#primaryimage"},"image":{"@id":"https:\/\/jornaldasoficinas.com\/pt\/polibaterias-com-carga-contra-o-covid-19\/#primaryimage"},"thumbnailUrl":"https:\/\/jornaldasoficinas.com\/pt\/wp-content\/uploads\/2020\/03\/90345629_3056018827782071_1413855078669877248_o.jpg","datePublished":"2020-03-23T18:46:26+00:00","dateModified":"2020-03-23T18:57:13+00:00","breadcrumb":{"@id":"https:\/\/jornaldasoficinas.com\/pt\/polibaterias-com-carga-contra-o-covid-19\/#breadcrumb"},"inLanguage":"pt-PT","potentialAction":[{"@type":"ReadAction","target":["https:\/\/jornaldasoficinas.com\/pt\/polibaterias-com-carga-contra-o-covid-19\/"]}]},{"@type":"ImageObject","inLanguage":"pt-PT","@id":"https:\/\/jornaldasoficinas.com\/pt\/polibaterias-com-carga-contra-o-covid-19\/#primaryimage","url":"https:\/\/jornaldasoficinas.com\/pt\/wp-content\/uploads\/2020\/03\/90345629_3056018827782071_1413855078669877248_o.jpg","contentUrl":"https:\/\/jornaldasoficinas.com\/pt\/wp-content\/uploads\/2020\/03\/90345629_3056018827782071_1413855078669877248_o.jpg","width":1024,"height":581,"caption":"03 - 90345629_3056018827782071_1413855078669877248_o"},{"@type":"BreadcrumbList","@id":"https:\/\/jornaldasoficinas.com\/pt\/polibaterias-com-carga-contra-o-covid-19\/#breadcrumb","itemListElement":[{"@type":"ListItem","position":1,"name":"In\u00edcio","item":"https:\/\/jornaldasoficinas.com\/pt\/"},{"@type":"ListItem","position":2,"name":"Polibaterias com carga m\u00e1xima contra pandemia de Covid-19"}]},{"@type":"WebSite","@id":"https:\/\/jornaldasoficinas.com\/pt\/#website","url":"https:\/\/jornaldasoficinas.com\/pt\/","name":"Jornal das Oficinas","description":"Jornal independente do Aftermarket Autom\u00f3vel em Portugal","publisher":{"@id":"https:\/\/jornaldasoficinas.com\/pt\/#organization"},"potentialAction":[{"@type":"SearchAction","target":{"@type":"EntryPoint","urlTemplate":"https:\/\/jornaldasoficinas.com\/pt\/?s={search_term_string}"},"query-input":{"@type":"PropertyValueSpecification","valueRequired":true,"valueName":"search_term_string"}}],"inLanguage":"pt-PT"},{"@type":"Organization","@id":"https:\/\/jornaldasoficinas.com\/pt\/#organization","name":"Jornal das Oficinas","url":"https:\/\/jornaldasoficinas.com\/pt\/","logo":{"@type":"ImageObject","inLanguage":"pt-PT","@id":"https:\/\/jornaldasoficinas.com\/pt\/#\/schema\/logo\/image\/","url":"https:\/\/jornaldasoficinas.com\/pt\/wp-content\/uploads\/logoJO-SEO.png","contentUrl":"https:\/\/jornaldasoficinas.com\/pt\/wp-content\/uploads\/logoJO-SEO.png","width":285,"height":450,"caption":"Jornal das Oficinas"},"image":{"@id":"https:\/\/jornaldasoficinas.com\/pt\/#\/schema\/logo\/image\/"},"sameAs":["https:\/\/www.facebook.com\/jornaloficinas","https:\/\/x.com\/jornaloficinas","https:\/\/www.instagram.com\/jornal_oficinas\/","https:\/\/www.linkedin.com\/company\/jornal-das-oficinas\/","https:\/\/www.youtube.com\/channel\/UCbQZBqtcvV-oSQrr7RzINGg"]},{"@type":"Person","@id":"https:\/\/jornaldasoficinas.com\/pt\/#\/schema\/person\/a38eef5de2c41d9e7c9ac10141afddf3","name":"Reda\u00e7\u00e3o JO","image":{"@type":"ImageObject","inLanguage":"pt-PT","@id":"https:\/\/secure.gravatar.com\/avatar\/71f2fa71737ad68a84fea94bc708ddac8ea5b0c4788dc2ad202f3ccb2887742f?s=96&d=wp_user_avatar&r=g","url":"https:\/\/secure.gravatar.com\/avatar\/71f2fa71737ad68a84fea94bc708ddac8ea5b0c4788dc2ad202f3ccb2887742f?s=96&d=wp_user_avatar&r=g","contentUrl":"https:\/\/secure.gravatar.com\/avatar\/71f2fa71737ad68a84fea94bc708ddac8ea5b0c4788dc2ad202f3ccb2887742f?s=96&d=wp_user_avatar&r=g","caption":"Reda\u00e7\u00e3o JO"},"url":"https:\/\/jornaldasoficinas.com\/pt\/author\/joredacao\/"}]}},"_links":{"self":[{"href":"https:\/\/jornaldasoficinas.com\/pt\/wp-json\/wp\/v2\/posts\/11449","targetHints":{"allow":["GET"]}}],"collection":[{"href":"https:\/\/jornaldasoficinas.com\/pt\/wp-json\/wp\/v2\/posts"}],"about":[{"href":"https:\/\/jornaldasoficinas.com\/pt\/wp-json\/wp\/v2\/types\/post"}],"author":[{"embeddable":true,"href":"https:\/\/jornaldasoficinas.com\/pt\/wp-json\/wp\/v2\/users\/15"}],"replies":[{"embeddable":true,"href":"https:\/\/jornaldasoficinas.com\/pt\/wp-json\/wp\/v2\/comments?post=11449"}],"version-history":[{"count":0,"href":"https:\/\/jornaldasoficinas.com\/pt\/wp-json\/wp\/v2\/posts\/11449\/revisions"}],"wp:featuredmedia":[{"embeddable":true,"href":"https:\/\/jornaldasoficinas.com\/pt\/wp-json\/wp\/v2\/media\/11448"}],"wp:attachment":[{"href":"https:\/\/jornaldasoficinas.com\/pt\/wp-json\/wp\/v2\/media?parent=11449"}],"wp:term":[{"taxonomy":"category","embeddable":true,"href":"https:\/\/jornaldasoficinas.com\/pt\/wp-json\/wp\/v2\/categories?post=11449"},{"taxonomy":"post_tag","embeddable":true,"href":"https:\/\/jornaldasoficinas.com\/pt\/wp-json\/wp\/v2\/tags?post=11449"}],"curies":[{"name":"wp","href":"https:\/\/api.w.org\/{rel}","templated":true}]}}