{"id":115033,"date":"2026-04-06T14:00:27","date_gmt":"2026-04-06T13:00:27","guid":{"rendered":"https:\/\/jornaldasoficinas.com\/pt\/?p=115033"},"modified":"2026-04-06T14:04:54","modified_gmt":"2026-04-06T13:04:54","slug":"procura-de-eletricos-usados-cresceu-28-em-fevereiro","status":"publish","type":"post","link":"https:\/\/jornaldasoficinas.com\/pt\/procura-de-eletricos-usados-cresceu-28-em-fevereiro\/","title":{"rendered":"Procura de el\u00e9tricos usados cresceu 28% em fevereiro"},"content":{"rendered":"<p><img loading=\"lazy\" decoding=\"async\" class=\"alignnone size-full wp-image-115243\" src=\"https:\/\/jornaldasoficinas.com\/pt\/wp-content\/uploads\/2026\/03\/Procura-de-eletricos-usados-cresceu-28-em-fevereiro.png\" alt=\"03 - Procura de eletricos usados cresceu 28 em fevereiro\" width=\"1024\" height=\"580\" srcset=\"https:\/\/jornaldasoficinas.com\/pt\/wp-content\/uploads\/2026\/03\/Procura-de-eletricos-usados-cresceu-28-em-fevereiro.png 1024w, https:\/\/jornaldasoficinas.com\/pt\/wp-content\/uploads\/2026\/03\/Procura-de-eletricos-usados-cresceu-28-em-fevereiro-300x170.png 300w, https:\/\/jornaldasoficinas.com\/pt\/wp-content\/uploads\/2026\/03\/Procura-de-eletricos-usados-cresceu-28-em-fevereiro-150x85.png 150w, https:\/\/jornaldasoficinas.com\/pt\/wp-content\/uploads\/2026\/03\/Procura-de-eletricos-usados-cresceu-28-em-fevereiro-768x435.png 768w\" sizes=\"auto, (max-width: 1024px) 100vw, 1024px\" \/><\/p>\n<p><strong>A procura de ve\u00edculos el\u00e9tricos usados aumentou 28% em fevereiro face a 2025, segundo o mais recente panorama mensal do <a href=\"https:\/\/www.standvirtual.com\/\" target=\"_blank\" rel=\"noopener\">Standvirtual<\/a>, que aponta tamb\u00e9m para um crescimento global da procura e uma redu\u00e7\u00e3o da oferta<\/strong><\/p>\n<p>Os ve\u00edculos el\u00e9tricos destacaram-se como a tipologia com maior aumento de procura, com subidas de 28% no segmento volume e 26% no premium. Tamb\u00e9m a oferta acompanhou esta tend\u00eancia, com crescimentos de 27% em ambos os segmentos.<\/p>\n<p>J\u00e1 os ve\u00edculos a gasolina registaram um aumento da procura de 29%, enquanto a oferta caiu 11%. No caso dos diesel, verificou-se uma redu\u00e7\u00e3o da oferta (-18%) e um ligeiro crescimento da procura (+4%).<\/p>\n<p>No conjunto, os ve\u00edculos eletrificados (el\u00e9tricos e h\u00edbridos) representaram cerca de 20% da procura e 23% da oferta em fevereiro, enquanto diesel (47%) e gasolina (30%) continuam a dominar as prefer\u00eancias.<\/p>\n<p><strong>Pre\u00e7o e idade influenciam procura<\/strong><\/p>\n<p>A procura aumentou em todas as gamas de pre\u00e7o, com destaque para os ve\u00edculos at\u00e9 15.000 euros (+21%) e entre 15.000 e 30.000 euros (+9%). Nos autom\u00f3veis acima dos 30.000 euros, o crescimento foi de 5%.<\/p>\n<p>Por outro lado, a oferta diminuiu nos segmentos at\u00e9 30.000 euros, enquanto se manteve est\u00e1vel nos ve\u00edculos de maior valor.<\/p>\n<p>Em termos de idade, a procura cresceu sobretudo nos ve\u00edculos entre 1 e 3 anos (+15%) e entre 3 e 5 anos (+13%), enquanto a oferta diminuiu na maioria dos intervalos, com exce\u00e7\u00e3o dos ve\u00edculos entre 3 e 5 anos, que se mantiveram est\u00e1veis.<\/p>\n<p><strong>SUV e utilit\u00e1rios em destaque<\/strong><\/p>\n<p>Os segmentos mais procurados continuam a ser os SUV (24%), seguidos dos utilit\u00e1rios (18%), citadinos (17%) e carrinhas (15%). Em termos de crescimento, destacam-se os utilit\u00e1rios (+29%), citadinos (+28%) e SUV (+25%).<\/p>\n<p>Ao n\u00edvel das marcas, Mercedes-Benz (11,6%), BMW (10,1%) e Peugeot (9,2%) lideram a procura, mantendo tamb\u00e9m destaque na oferta.<\/p>\n<p>Entre os modelos mais procurados, destacam-se o Renault Clio nos segmentos mais acess\u00edveis, o BMW S\u00e9rie 3 em v\u00e1rias gamas interm\u00e9dias, o Tesla Model 3 nos el\u00e9tricos e o Mercedes-Benz Classe E nos segmentos superiores.<\/p>\n<p>Nos ve\u00edculos eletrificados, a procura foi liderada pelo Tesla Model 3, seguido do Tesla Model Y e do Renault Zoe.<\/p>\n","protected":false},"excerpt":{"rendered":"<p>A procura de ve\u00edculos el\u00e9tricos usados&#8230;<\/p>\n","protected":false},"author":15,"featured_media":115243,"comment_status":"closed","ping_status":"closed","sticky":false,"template":"","format":"standard","meta":{"footnotes":""},"categories":[37],"tags":[2781,4203,13730,2198,89],"class_list":["post-115033","post","type-post","status-publish","format-standard","has-post-thumbnail","hentry","category-mercado","tag-crescimento","tag-fevereiro","tag-mercado-dos-usados","tag-standvirtual","tag-veiculos-eletricos"],"yoast_head":"<!-- This site is optimized with the Yoast SEO plugin v27.5 - https:\/\/yoast.com\/product\/yoast-seo-wordpress\/ -->\n<title>Procura de el\u00e9tricos usados cresceu 28% em fevereiro - Jornal das Oficinas<\/title>\n<meta name=\"description\" content=\"A procura de ve\u00edculos el\u00e9tricos usados aumentou 28% em fevereiro face a 2025, segundo o mais recente panorama mensal do Standvirtual\" \/>\n<meta name=\"robots\" content=\"index, follow, max-snippet:-1, max-image-preview:large, max-video-preview:-1\" \/>\n<link rel=\"canonical\" href=\"https:\/\/jornaldasoficinas.com\/pt\/procura-de-eletricos-usados-cresceu-28-em-fevereiro\/\" \/>\n<meta property=\"og:locale\" content=\"pt_PT\" \/>\n<meta property=\"og:type\" content=\"article\" \/>\n<meta property=\"og:title\" content=\"Procura de el\u00e9tricos usados cresceu 28% em fevereiro - Jornal das Oficinas\" \/>\n<meta property=\"og:description\" content=\"A procura de ve\u00edculos el\u00e9tricos usados aumentou 28% em fevereiro face a 2025, segundo o mais recente panorama mensal do Standvirtual\" \/>\n<meta property=\"og:url\" content=\"https:\/\/jornaldasoficinas.com\/pt\/procura-de-eletricos-usados-cresceu-28-em-fevereiro\/\" \/>\n<meta property=\"og:site_name\" content=\"Jornal das Oficinas\" \/>\n<meta property=\"article:publisher\" content=\"https:\/\/www.facebook.com\/jornaloficinas\" \/>\n<meta property=\"article:published_time\" content=\"2026-04-06T13:00:27+00:00\" \/>\n<meta property=\"article:modified_time\" content=\"2026-04-06T13:04:54+00:00\" \/>\n<meta property=\"og:image\" content=\"https:\/\/jornaldasoficinas.com\/pt\/wp-content\/uploads\/2026\/03\/Procura-de-eletricos-usados-cresceu-28-em-fevereiro.png\" \/>\n\t<meta property=\"og:image:width\" content=\"1024\" \/>\n\t<meta property=\"og:image:height\" content=\"580\" \/>\n\t<meta property=\"og:image:type\" content=\"image\/png\" \/>\n<meta name=\"author\" content=\"Reda\u00e7\u00e3o JO\" \/>\n<meta name=\"twitter:card\" content=\"summary_large_image\" \/>\n<meta name=\"twitter:creator\" content=\"@jornaloficinas\" \/>\n<meta name=\"twitter:site\" content=\"@jornaloficinas\" \/>\n<meta name=\"twitter:label1\" content=\"Escrito por\" \/>\n\t<meta name=\"twitter:data1\" content=\"Reda\u00e7\u00e3o JO\" \/>\n\t<meta name=\"twitter:label2\" content=\"Tempo estimado de leitura\" \/>\n\t<meta name=\"twitter:data2\" content=\"3 minutos\" \/>\n<script type=\"application\/ld+json\" class=\"yoast-schema-graph\">{\"@context\":\"https:\\\/\\\/schema.org\",\"@graph\":[{\"@type\":\"Article\",\"@id\":\"https:\\\/\\\/jornaldasoficinas.com\\\/pt\\\/procura-de-eletricos-usados-cresceu-28-em-fevereiro\\\/#article\",\"isPartOf\":{\"@id\":\"https:\\\/\\\/jornaldasoficinas.com\\\/pt\\\/procura-de-eletricos-usados-cresceu-28-em-fevereiro\\\/\"},\"author\":{\"name\":\"Reda\u00e7\u00e3o JO\",\"@id\":\"https:\\\/\\\/jornaldasoficinas.com\\\/pt\\\/#\\\/schema\\\/person\\\/a38eef5de2c41d9e7c9ac10141afddf3\"},\"headline\":\"Procura de el\u00e9tricos usados cresceu 28% em fevereiro\",\"datePublished\":\"2026-04-06T13:00:27+00:00\",\"dateModified\":\"2026-04-06T13:04:54+00:00\",\"mainEntityOfPage\":{\"@id\":\"https:\\\/\\\/jornaldasoficinas.com\\\/pt\\\/procura-de-eletricos-usados-cresceu-28-em-fevereiro\\\/\"},\"wordCount\":355,\"publisher\":{\"@id\":\"https:\\\/\\\/jornaldasoficinas.com\\\/pt\\\/#organization\"},\"image\":{\"@id\":\"https:\\\/\\\/jornaldasoficinas.com\\\/pt\\\/procura-de-eletricos-usados-cresceu-28-em-fevereiro\\\/#primaryimage\"},\"thumbnailUrl\":\"https:\\\/\\\/jornaldasoficinas.com\\\/pt\\\/wp-content\\\/uploads\\\/2026\\\/03\\\/Procura-de-eletricos-usados-cresceu-28-em-fevereiro.png\",\"keywords\":[\"Crescimento\",\"fevereiro\",\"mercado dos usados\",\"Standvirtual\",\"Ve\u00edculos el\u00e9tricos\"],\"articleSection\":[\"Mercado\"],\"inLanguage\":\"pt-PT\"},{\"@type\":\"WebPage\",\"@id\":\"https:\\\/\\\/jornaldasoficinas.com\\\/pt\\\/procura-de-eletricos-usados-cresceu-28-em-fevereiro\\\/\",\"url\":\"https:\\\/\\\/jornaldasoficinas.com\\\/pt\\\/procura-de-eletricos-usados-cresceu-28-em-fevereiro\\\/\",\"name\":\"Procura de el\u00e9tricos usados cresceu 28% em fevereiro - Jornal das Oficinas\",\"isPartOf\":{\"@id\":\"https:\\\/\\\/jornaldasoficinas.com\\\/pt\\\/#website\"},\"primaryImageOfPage\":{\"@id\":\"https:\\\/\\\/jornaldasoficinas.com\\\/pt\\\/procura-de-eletricos-usados-cresceu-28-em-fevereiro\\\/#primaryimage\"},\"image\":{\"@id\":\"https:\\\/\\\/jornaldasoficinas.com\\\/pt\\\/procura-de-eletricos-usados-cresceu-28-em-fevereiro\\\/#primaryimage\"},\"thumbnailUrl\":\"https:\\\/\\\/jornaldasoficinas.com\\\/pt\\\/wp-content\\\/uploads\\\/2026\\\/03\\\/Procura-de-eletricos-usados-cresceu-28-em-fevereiro.png\",\"datePublished\":\"2026-04-06T13:00:27+00:00\",\"dateModified\":\"2026-04-06T13:04:54+00:00\",\"description\":\"A procura de ve\u00edculos el\u00e9tricos usados aumentou 28% em fevereiro face a 2025, segundo o mais recente panorama mensal do Standvirtual\",\"breadcrumb\":{\"@id\":\"https:\\\/\\\/jornaldasoficinas.com\\\/pt\\\/procura-de-eletricos-usados-cresceu-28-em-fevereiro\\\/#breadcrumb\"},\"inLanguage\":\"pt-PT\",\"potentialAction\":[{\"@type\":\"ReadAction\",\"target\":[\"https:\\\/\\\/jornaldasoficinas.com\\\/pt\\\/procura-de-eletricos-usados-cresceu-28-em-fevereiro\\\/\"]}]},{\"@type\":\"ImageObject\",\"inLanguage\":\"pt-PT\",\"@id\":\"https:\\\/\\\/jornaldasoficinas.com\\\/pt\\\/procura-de-eletricos-usados-cresceu-28-em-fevereiro\\\/#primaryimage\",\"url\":\"https:\\\/\\\/jornaldasoficinas.com\\\/pt\\\/wp-content\\\/uploads\\\/2026\\\/03\\\/Procura-de-eletricos-usados-cresceu-28-em-fevereiro.png\",\"contentUrl\":\"https:\\\/\\\/jornaldasoficinas.com\\\/pt\\\/wp-content\\\/uploads\\\/2026\\\/03\\\/Procura-de-eletricos-usados-cresceu-28-em-fevereiro.png\",\"width\":1024,\"height\":580,\"caption\":\"03 - Procura de eletricos usados cresceu 28 em fevereiro\"},{\"@type\":\"BreadcrumbList\",\"@id\":\"https:\\\/\\\/jornaldasoficinas.com\\\/pt\\\/procura-de-eletricos-usados-cresceu-28-em-fevereiro\\\/#breadcrumb\",\"itemListElement\":[{\"@type\":\"ListItem\",\"position\":1,\"name\":\"In\u00edcio\",\"item\":\"https:\\\/\\\/jornaldasoficinas.com\\\/pt\\\/\"},{\"@type\":\"ListItem\",\"position\":2,\"name\":\"Procura de el\u00e9tricos usados cresceu 28% em fevereiro\"}]},{\"@type\":\"WebSite\",\"@id\":\"https:\\\/\\\/jornaldasoficinas.com\\\/pt\\\/#website\",\"url\":\"https:\\\/\\\/jornaldasoficinas.com\\\/pt\\\/\",\"name\":\"Jornal das Oficinas\",\"description\":\"Jornal independente do Aftermarket Autom\u00f3vel em Portugal\",\"publisher\":{\"@id\":\"https:\\\/\\\/jornaldasoficinas.com\\\/pt\\\/#organization\"},\"potentialAction\":[{\"@type\":\"SearchAction\",\"target\":{\"@type\":\"EntryPoint\",\"urlTemplate\":\"https:\\\/\\\/jornaldasoficinas.com\\\/pt\\\/?s={search_term_string}\"},\"query-input\":{\"@type\":\"PropertyValueSpecification\",\"valueRequired\":true,\"valueName\":\"search_term_string\"}}],\"inLanguage\":\"pt-PT\"},{\"@type\":\"Organization\",\"@id\":\"https:\\\/\\\/jornaldasoficinas.com\\\/pt\\\/#organization\",\"name\":\"Jornal das Oficinas\",\"url\":\"https:\\\/\\\/jornaldasoficinas.com\\\/pt\\\/\",\"logo\":{\"@type\":\"ImageObject\",\"inLanguage\":\"pt-PT\",\"@id\":\"https:\\\/\\\/jornaldasoficinas.com\\\/pt\\\/#\\\/schema\\\/logo\\\/image\\\/\",\"url\":\"https:\\\/\\\/jornaldasoficinas.com\\\/pt\\\/wp-content\\\/uploads\\\/logoJO-SEO.png\",\"contentUrl\":\"https:\\\/\\\/jornaldasoficinas.com\\\/pt\\\/wp-content\\\/uploads\\\/logoJO-SEO.png\",\"width\":285,\"height\":450,\"caption\":\"Jornal das Oficinas\"},\"image\":{\"@id\":\"https:\\\/\\\/jornaldasoficinas.com\\\/pt\\\/#\\\/schema\\\/logo\\\/image\\\/\"},\"sameAs\":[\"https:\\\/\\\/www.facebook.com\\\/jornaloficinas\",\"https:\\\/\\\/x.com\\\/jornaloficinas\",\"https:\\\/\\\/www.instagram.com\\\/jornal_oficinas\\\/\",\"https:\\\/\\\/www.linkedin.com\\\/company\\\/jornal-das-oficinas\\\/\",\"https:\\\/\\\/www.youtube.com\\\/channel\\\/UCbQZBqtcvV-oSQrr7RzINGg\"]},{\"@type\":\"Person\",\"@id\":\"https:\\\/\\\/jornaldasoficinas.com\\\/pt\\\/#\\\/schema\\\/person\\\/a38eef5de2c41d9e7c9ac10141afddf3\",\"name\":\"Reda\u00e7\u00e3o JO\",\"image\":{\"@type\":\"ImageObject\",\"inLanguage\":\"pt-PT\",\"@id\":\"https:\\\/\\\/secure.gravatar.com\\\/avatar\\\/71f2fa71737ad68a84fea94bc708ddac8ea5b0c4788dc2ad202f3ccb2887742f?s=96&d=wp_user_avatar&r=g\",\"url\":\"https:\\\/\\\/secure.gravatar.com\\\/avatar\\\/71f2fa71737ad68a84fea94bc708ddac8ea5b0c4788dc2ad202f3ccb2887742f?s=96&d=wp_user_avatar&r=g\",\"contentUrl\":\"https:\\\/\\\/secure.gravatar.com\\\/avatar\\\/71f2fa71737ad68a84fea94bc708ddac8ea5b0c4788dc2ad202f3ccb2887742f?s=96&d=wp_user_avatar&r=g\",\"caption\":\"Reda\u00e7\u00e3o JO\"},\"url\":\"https:\\\/\\\/jornaldasoficinas.com\\\/pt\\\/author\\\/joredacao\\\/\"}]}<\/script>\n<!-- \/ Yoast SEO plugin. -->","yoast_head_json":{"title":"Procura de el\u00e9tricos usados cresceu 28% em fevereiro - Jornal das Oficinas","description":"A procura de ve\u00edculos el\u00e9tricos usados aumentou 28% em fevereiro face a 2025, segundo o mais recente panorama mensal do Standvirtual","robots":{"index":"index","follow":"follow","max-snippet":"max-snippet:-1","max-image-preview":"max-image-preview:large","max-video-preview":"max-video-preview:-1"},"canonical":"https:\/\/jornaldasoficinas.com\/pt\/procura-de-eletricos-usados-cresceu-28-em-fevereiro\/","og_locale":"pt_PT","og_type":"article","og_title":"Procura de el\u00e9tricos usados cresceu 28% em fevereiro - Jornal das Oficinas","og_description":"A procura de ve\u00edculos el\u00e9tricos usados aumentou 28% em fevereiro face a 2025, segundo o mais recente panorama mensal do Standvirtual","og_url":"https:\/\/jornaldasoficinas.com\/pt\/procura-de-eletricos-usados-cresceu-28-em-fevereiro\/","og_site_name":"Jornal das Oficinas","article_publisher":"https:\/\/www.facebook.com\/jornaloficinas","article_published_time":"2026-04-06T13:00:27+00:00","article_modified_time":"2026-04-06T13:04:54+00:00","og_image":[{"width":1024,"height":580,"url":"https:\/\/jornaldasoficinas.com\/pt\/wp-content\/uploads\/2026\/03\/Procura-de-eletricos-usados-cresceu-28-em-fevereiro.png","type":"image\/png"}],"author":"Reda\u00e7\u00e3o JO","twitter_card":"summary_large_image","twitter_creator":"@jornaloficinas","twitter_site":"@jornaloficinas","twitter_misc":{"Escrito por":"Reda\u00e7\u00e3o JO","Tempo estimado de leitura":"3 minutos"},"schema":{"@context":"https:\/\/schema.org","@graph":[{"@type":"Article","@id":"https:\/\/jornaldasoficinas.com\/pt\/procura-de-eletricos-usados-cresceu-28-em-fevereiro\/#article","isPartOf":{"@id":"https:\/\/jornaldasoficinas.com\/pt\/procura-de-eletricos-usados-cresceu-28-em-fevereiro\/"},"author":{"name":"Reda\u00e7\u00e3o JO","@id":"https:\/\/jornaldasoficinas.com\/pt\/#\/schema\/person\/a38eef5de2c41d9e7c9ac10141afddf3"},"headline":"Procura de el\u00e9tricos usados cresceu 28% em fevereiro","datePublished":"2026-04-06T13:00:27+00:00","dateModified":"2026-04-06T13:04:54+00:00","mainEntityOfPage":{"@id":"https:\/\/jornaldasoficinas.com\/pt\/procura-de-eletricos-usados-cresceu-28-em-fevereiro\/"},"wordCount":355,"publisher":{"@id":"https:\/\/jornaldasoficinas.com\/pt\/#organization"},"image":{"@id":"https:\/\/jornaldasoficinas.com\/pt\/procura-de-eletricos-usados-cresceu-28-em-fevereiro\/#primaryimage"},"thumbnailUrl":"https:\/\/jornaldasoficinas.com\/pt\/wp-content\/uploads\/2026\/03\/Procura-de-eletricos-usados-cresceu-28-em-fevereiro.png","keywords":["Crescimento","fevereiro","mercado dos usados","Standvirtual","Ve\u00edculos el\u00e9tricos"],"articleSection":["Mercado"],"inLanguage":"pt-PT"},{"@type":"WebPage","@id":"https:\/\/jornaldasoficinas.com\/pt\/procura-de-eletricos-usados-cresceu-28-em-fevereiro\/","url":"https:\/\/jornaldasoficinas.com\/pt\/procura-de-eletricos-usados-cresceu-28-em-fevereiro\/","name":"Procura de el\u00e9tricos usados cresceu 28% em fevereiro - Jornal das Oficinas","isPartOf":{"@id":"https:\/\/jornaldasoficinas.com\/pt\/#website"},"primaryImageOfPage":{"@id":"https:\/\/jornaldasoficinas.com\/pt\/procura-de-eletricos-usados-cresceu-28-em-fevereiro\/#primaryimage"},"image":{"@id":"https:\/\/jornaldasoficinas.com\/pt\/procura-de-eletricos-usados-cresceu-28-em-fevereiro\/#primaryimage"},"thumbnailUrl":"https:\/\/jornaldasoficinas.com\/pt\/wp-content\/uploads\/2026\/03\/Procura-de-eletricos-usados-cresceu-28-em-fevereiro.png","datePublished":"2026-04-06T13:00:27+00:00","dateModified":"2026-04-06T13:04:54+00:00","description":"A procura de ve\u00edculos el\u00e9tricos usados aumentou 28% em fevereiro face a 2025, segundo o mais recente panorama mensal do Standvirtual","breadcrumb":{"@id":"https:\/\/jornaldasoficinas.com\/pt\/procura-de-eletricos-usados-cresceu-28-em-fevereiro\/#breadcrumb"},"inLanguage":"pt-PT","potentialAction":[{"@type":"ReadAction","target":["https:\/\/jornaldasoficinas.com\/pt\/procura-de-eletricos-usados-cresceu-28-em-fevereiro\/"]}]},{"@type":"ImageObject","inLanguage":"pt-PT","@id":"https:\/\/jornaldasoficinas.com\/pt\/procura-de-eletricos-usados-cresceu-28-em-fevereiro\/#primaryimage","url":"https:\/\/jornaldasoficinas.com\/pt\/wp-content\/uploads\/2026\/03\/Procura-de-eletricos-usados-cresceu-28-em-fevereiro.png","contentUrl":"https:\/\/jornaldasoficinas.com\/pt\/wp-content\/uploads\/2026\/03\/Procura-de-eletricos-usados-cresceu-28-em-fevereiro.png","width":1024,"height":580,"caption":"03 - Procura de eletricos usados cresceu 28 em fevereiro"},{"@type":"BreadcrumbList","@id":"https:\/\/jornaldasoficinas.com\/pt\/procura-de-eletricos-usados-cresceu-28-em-fevereiro\/#breadcrumb","itemListElement":[{"@type":"ListItem","position":1,"name":"In\u00edcio","item":"https:\/\/jornaldasoficinas.com\/pt\/"},{"@type":"ListItem","position":2,"name":"Procura de el\u00e9tricos usados cresceu 28% em fevereiro"}]},{"@type":"WebSite","@id":"https:\/\/jornaldasoficinas.com\/pt\/#website","url":"https:\/\/jornaldasoficinas.com\/pt\/","name":"Jornal das Oficinas","description":"Jornal independente do Aftermarket Autom\u00f3vel em Portugal","publisher":{"@id":"https:\/\/jornaldasoficinas.com\/pt\/#organization"},"potentialAction":[{"@type":"SearchAction","target":{"@type":"EntryPoint","urlTemplate":"https:\/\/jornaldasoficinas.com\/pt\/?s={search_term_string}"},"query-input":{"@type":"PropertyValueSpecification","valueRequired":true,"valueName":"search_term_string"}}],"inLanguage":"pt-PT"},{"@type":"Organization","@id":"https:\/\/jornaldasoficinas.com\/pt\/#organization","name":"Jornal das Oficinas","url":"https:\/\/jornaldasoficinas.com\/pt\/","logo":{"@type":"ImageObject","inLanguage":"pt-PT","@id":"https:\/\/jornaldasoficinas.com\/pt\/#\/schema\/logo\/image\/","url":"https:\/\/jornaldasoficinas.com\/pt\/wp-content\/uploads\/logoJO-SEO.png","contentUrl":"https:\/\/jornaldasoficinas.com\/pt\/wp-content\/uploads\/logoJO-SEO.png","width":285,"height":450,"caption":"Jornal das Oficinas"},"image":{"@id":"https:\/\/jornaldasoficinas.com\/pt\/#\/schema\/logo\/image\/"},"sameAs":["https:\/\/www.facebook.com\/jornaloficinas","https:\/\/x.com\/jornaloficinas","https:\/\/www.instagram.com\/jornal_oficinas\/","https:\/\/www.linkedin.com\/company\/jornal-das-oficinas\/","https:\/\/www.youtube.com\/channel\/UCbQZBqtcvV-oSQrr7RzINGg"]},{"@type":"Person","@id":"https:\/\/jornaldasoficinas.com\/pt\/#\/schema\/person\/a38eef5de2c41d9e7c9ac10141afddf3","name":"Reda\u00e7\u00e3o JO","image":{"@type":"ImageObject","inLanguage":"pt-PT","@id":"https:\/\/secure.gravatar.com\/avatar\/71f2fa71737ad68a84fea94bc708ddac8ea5b0c4788dc2ad202f3ccb2887742f?s=96&d=wp_user_avatar&r=g","url":"https:\/\/secure.gravatar.com\/avatar\/71f2fa71737ad68a84fea94bc708ddac8ea5b0c4788dc2ad202f3ccb2887742f?s=96&d=wp_user_avatar&r=g","contentUrl":"https:\/\/secure.gravatar.com\/avatar\/71f2fa71737ad68a84fea94bc708ddac8ea5b0c4788dc2ad202f3ccb2887742f?s=96&d=wp_user_avatar&r=g","caption":"Reda\u00e7\u00e3o JO"},"url":"https:\/\/jornaldasoficinas.com\/pt\/author\/joredacao\/"}]}},"_links":{"self":[{"href":"https:\/\/jornaldasoficinas.com\/pt\/wp-json\/wp\/v2\/posts\/115033","targetHints":{"allow":["GET"]}}],"collection":[{"href":"https:\/\/jornaldasoficinas.com\/pt\/wp-json\/wp\/v2\/posts"}],"about":[{"href":"https:\/\/jornaldasoficinas.com\/pt\/wp-json\/wp\/v2\/types\/post"}],"author":[{"embeddable":true,"href":"https:\/\/jornaldasoficinas.com\/pt\/wp-json\/wp\/v2\/users\/15"}],"replies":[{"embeddable":true,"href":"https:\/\/jornaldasoficinas.com\/pt\/wp-json\/wp\/v2\/comments?post=115033"}],"version-history":[{"count":9,"href":"https:\/\/jornaldasoficinas.com\/pt\/wp-json\/wp\/v2\/posts\/115033\/revisions"}],"predecessor-version":[{"id":115245,"href":"https:\/\/jornaldasoficinas.com\/pt\/wp-json\/wp\/v2\/posts\/115033\/revisions\/115245"}],"wp:featuredmedia":[{"embeddable":true,"href":"https:\/\/jornaldasoficinas.com\/pt\/wp-json\/wp\/v2\/media\/115243"}],"wp:attachment":[{"href":"https:\/\/jornaldasoficinas.com\/pt\/wp-json\/wp\/v2\/media?parent=115033"}],"wp:term":[{"taxonomy":"category","embeddable":true,"href":"https:\/\/jornaldasoficinas.com\/pt\/wp-json\/wp\/v2\/categories?post=115033"},{"taxonomy":"post_tag","embeddable":true,"href":"https:\/\/jornaldasoficinas.com\/pt\/wp-json\/wp\/v2\/tags?post=115033"}],"curies":[{"name":"wp","href":"https:\/\/api.w.org\/{rel}","templated":true}]}}