{"id":115267,"date":"2026-04-07T18:00:46","date_gmt":"2026-04-07T17:00:46","guid":{"rendered":"https:\/\/jornaldasoficinas.com\/pt\/?p=115267"},"modified":"2026-04-07T11:21:29","modified_gmt":"2026-04-07T10:21:29","slug":"lkq-europe-adquire-a-actronics","status":"publish","type":"post","link":"https:\/\/jornaldasoficinas.com\/pt\/lkq-europe-adquire-a-actronics\/","title":{"rendered":"LKQ Europe adquire a ACtronics"},"content":{"rendered":"<p><strong><img loading=\"lazy\" decoding=\"async\" class=\"alignnone size-full wp-image-115281\" src=\"https:\/\/jornaldasoficinas.com\/pt\/wp-content\/uploads\/2026\/03\/LKQ-Europe-adquire-a-ACtronics.jpg\" alt=\"03 - LKQ Europe adquire a ACtronics\" width=\"1024\" height=\"580\" srcset=\"https:\/\/jornaldasoficinas.com\/pt\/wp-content\/uploads\/2026\/03\/LKQ-Europe-adquire-a-ACtronics.jpg 1024w, https:\/\/jornaldasoficinas.com\/pt\/wp-content\/uploads\/2026\/03\/LKQ-Europe-adquire-a-ACtronics-300x170.jpg 300w, https:\/\/jornaldasoficinas.com\/pt\/wp-content\/uploads\/2026\/03\/LKQ-Europe-adquire-a-ACtronics-150x85.jpg 150w, https:\/\/jornaldasoficinas.com\/pt\/wp-content\/uploads\/2026\/03\/LKQ-Europe-adquire-a-ACtronics-768x435.jpg 768w\" sizes=\"auto, (max-width: 1024px) 100vw, 1024px\" \/><\/strong><\/p>\n<p><strong>A <a href=\"https:\/\/lkqeurope.com\/\" target=\"_blank\" rel=\"noopener\">LKQ Europe<\/a> anunciou a aquisi\u00e7\u00e3o da <a href=\"https:\/\/www.actronicsgroup.com\/\" target=\"_blank\" rel=\"noopener\">ACtronics<\/a>, numa opera\u00e7\u00e3o estrat\u00e9gica que visa refor\u00e7ar a sua presen\u00e7a no segmento da repara\u00e7\u00e3o e remanufatura de componentes eletr\u00f3nicos autom\u00f3veis<\/strong><\/p>\n<p>Com sede em Almelo, na Holanda, a ACtronics \u00e9 reconhecida pela sua especializa\u00e7\u00e3o na repara\u00e7\u00e3o de sistemas eletr\u00f3nicos complexos, incluindo unidades ABS\/ESP, pain\u00e9is de instrumentos, ecr\u00e3s, unidades de controlo de transmiss\u00e3o (TCU), unidades de controlo do motor (ECU), unidades de controlo da carro\u00e7aria (BCU) e componentes destinados a ve\u00edculos el\u00e9tricos. Fundada em 2005, a empresa atua exclusivamente no mercado p\u00f3s-venda B2B, prestando servi\u00e7os a oficinas, concession\u00e1rios e distribuidores em toda a Europa.<\/p>\n<p>A integra\u00e7\u00e3o da ACtronics permitir\u00e1 \u00e0 LKQ Europe expandir significativamente as suas capacidades de remanufatura, acrescentando ao seu portf\u00f3lio um know-how altamente especializado na \u00e1rea da eletr\u00f3nica autom\u00f3vel. Segundo comunicado da empresa, esta aquisi\u00e7\u00e3o vem refor\u00e7ar a capacidade de oferecer alternativas mais rent\u00e1veis e sustent\u00e1veis \u00e0s pe\u00e7as novas, particularmente num segmento em r\u00e1pido crescimento, impulsionado pela crescente complexidade tecnol\u00f3gica dos ve\u00edculos modernos. A empresa destaca ainda que a opera\u00e7\u00e3o contribuir\u00e1 para melhorar a disponibilidade de componentes e reduzir os prazos de entrega, tirando partido da extensa rede log\u00edstica da LKQ.<\/p>\n<p>Do lado da ACtronics, a aquisi\u00e7\u00e3o \u00e9 encarada como uma oportunidade estrat\u00e9gica para acelerar o crescimento e ampliar a presen\u00e7a no mercado europeu. A combina\u00e7\u00e3o da experi\u00eancia t\u00e9cnica da empresa com a escala e o conhecimento de mercado da LKQ Europe cria uma base s\u00f3lida para o desenvolvimento de novas solu\u00e7\u00f5es e para o refor\u00e7o da oferta existente, especialmente em \u00e1reas emergentes como a eletr\u00f3nica avan\u00e7ada e os sistemas para ve\u00edculos el\u00e9tricos.<\/p>\n<p>Esta opera\u00e7\u00e3o enquadra-se na estrat\u00e9gia mais ampla da LKQ Europe de aposta na economia circular. A empresa j\u00e1 opera v\u00e1rios neg\u00f3cios alinhados com este princ\u00edpio, incluindo a LKQ Synetiq, focada na recupera\u00e7\u00e3o e reciclagem de ve\u00edculos; a LKQ Electriq, dedicada a solu\u00e7\u00f5es para baterias de ve\u00edculos el\u00e9tricos; e a LKQ Atracco, uma das principais empresas de reciclagem nos pa\u00edses n\u00f3rdicos. A estas juntam-se ainda as atividades de remanufatura da LKQ, que incluem componentes para sistemas de propuls\u00e3o de motores de combust\u00e3o interna comercializados sob marcas como Vege e MRT.<\/p>\n<p>De acordo com Iwan Schmitz, diretor-geral de Remanufatura da LKQ Europe, a incorpora\u00e7\u00e3o da ACtronics representa um passo decisivo no refor\u00e7o da oferta sustent\u00e1vel da empresa. O respons\u00e1vel sublinha que, \u00e0 medida que os ve\u00edculos se tornam mais tecnol\u00f3gicos e os custos das pe\u00e7as novas aumentam, a repara\u00e7\u00e3o e o recondicionamento assumem um papel cada vez mais relevante para oficinas e consumidores. Al\u00e9m disso, destaca a converg\u00eancia de valores entre as duas organiza\u00e7\u00f5es, nomeadamente no que diz respeito \u00e0 qualidade, inova\u00e7\u00e3o e sustentabilidade.<\/p>\n<p>Por sua vez, Niek Bragt, diretor-geral da ACtronics, considera que a integra\u00e7\u00e3o na LKQ Europe abre novas perspetivas de crescimento, permitindo \u00e0 empresa expandir-se para novos mercados e intensificar o investimento em investiga\u00e7\u00e3o e desenvolvimento. Segundo o respons\u00e1vel, esta uni\u00e3o permitir\u00e1 levar solu\u00e7\u00f5es inovadoras a um maior n\u00famero de clientes e consolidar a posi\u00e7\u00e3o da ACtronics num mercado em r\u00e1pida transforma\u00e7\u00e3o.<\/p>\n<p>Com esta aquisi\u00e7\u00e3o, a LKQ Europe refor\u00e7a a sua posi\u00e7\u00e3o como um dos principais protagonistas no setor do p\u00f3s-venda autom\u00f3vel europeu, consolidando a aposta em solu\u00e7\u00f5es sustent\u00e1veis e alinhadas com os desafios da mobilidade moderna.<\/p>\n","protected":false},"excerpt":{"rendered":"<p>A LKQ Europe anunciou a aquisi\u00e7\u00e3o&#8230;<\/p>\n","protected":false},"author":15,"featured_media":115281,"comment_status":"closed","ping_status":"closed","sticky":false,"template":"","format":"standard","meta":{"footnotes":""},"categories":[29],"tags":[12154,4024,4832,9271,35,8488],"class_list":["post-115267","post","type-post","status-publish","format-standard","has-post-thumbnail","hentry","category-empresas","tag-actronics","tag-aquisicao","tag-lkq-europe","tag-remanufatura","tag-reparacao","tag-sistemas-eletronicos"],"yoast_head":"<!-- This site is optimized with the Yoast SEO plugin v27.5 - https:\/\/yoast.com\/product\/yoast-seo-wordpress\/ -->\n<title>LKQ Europe adquire a ACtronics - Jornal das Oficinas<\/title>\n<meta name=\"description\" content=\"A LKQ Europe adquiriu a ACtronics, numa opera\u00e7\u00e3o estrat\u00e9gica que visa refor\u00e7ar a sua presen\u00e7a no segmento da repara\u00e7\u00e3o e remanufatura\" \/>\n<meta name=\"robots\" content=\"index, follow, max-snippet:-1, max-image-preview:large, max-video-preview:-1\" \/>\n<link rel=\"canonical\" href=\"https:\/\/jornaldasoficinas.com\/pt\/lkq-europe-adquire-a-actronics\/\" \/>\n<meta property=\"og:locale\" content=\"pt_PT\" \/>\n<meta property=\"og:type\" content=\"article\" \/>\n<meta property=\"og:title\" content=\"LKQ Europe adquire a ACtronics - Jornal das Oficinas\" \/>\n<meta property=\"og:description\" content=\"A LKQ Europe adquiriu a ACtronics, numa opera\u00e7\u00e3o estrat\u00e9gica que visa refor\u00e7ar a sua presen\u00e7a no segmento da repara\u00e7\u00e3o e remanufatura\" \/>\n<meta property=\"og:url\" content=\"https:\/\/jornaldasoficinas.com\/pt\/lkq-europe-adquire-a-actronics\/\" \/>\n<meta property=\"og:site_name\" content=\"Jornal das Oficinas\" \/>\n<meta property=\"article:publisher\" content=\"https:\/\/www.facebook.com\/jornaloficinas\" \/>\n<meta property=\"article:published_time\" content=\"2026-04-07T17:00:46+00:00\" \/>\n<meta property=\"og:image\" content=\"https:\/\/jornaldasoficinas.com\/pt\/wp-content\/uploads\/2026\/03\/LKQ-Europe-adquire-a-ACtronics.jpg\" \/>\n\t<meta property=\"og:image:width\" content=\"1024\" \/>\n\t<meta property=\"og:image:height\" content=\"580\" \/>\n\t<meta property=\"og:image:type\" content=\"image\/jpeg\" \/>\n<meta name=\"author\" content=\"Reda\u00e7\u00e3o JO\" \/>\n<meta name=\"twitter:card\" content=\"summary_large_image\" \/>\n<meta name=\"twitter:creator\" content=\"@jornaloficinas\" \/>\n<meta name=\"twitter:site\" content=\"@jornaloficinas\" \/>\n<meta name=\"twitter:label1\" content=\"Escrito por\" \/>\n\t<meta name=\"twitter:data1\" content=\"Reda\u00e7\u00e3o JO\" \/>\n\t<meta name=\"twitter:label2\" content=\"Tempo estimado de leitura\" \/>\n\t<meta name=\"twitter:data2\" content=\"3 minutos\" \/>\n<script type=\"application\/ld+json\" class=\"yoast-schema-graph\">{\"@context\":\"https:\\\/\\\/schema.org\",\"@graph\":[{\"@type\":\"Article\",\"@id\":\"https:\\\/\\\/jornaldasoficinas.com\\\/pt\\\/lkq-europe-adquire-a-actronics\\\/#article\",\"isPartOf\":{\"@id\":\"https:\\\/\\\/jornaldasoficinas.com\\\/pt\\\/lkq-europe-adquire-a-actronics\\\/\"},\"author\":{\"name\":\"Reda\u00e7\u00e3o JO\",\"@id\":\"https:\\\/\\\/jornaldasoficinas.com\\\/pt\\\/#\\\/schema\\\/person\\\/a38eef5de2c41d9e7c9ac10141afddf3\"},\"headline\":\"LKQ Europe adquire a ACtronics\",\"datePublished\":\"2026-04-07T17:00:46+00:00\",\"mainEntityOfPage\":{\"@id\":\"https:\\\/\\\/jornaldasoficinas.com\\\/pt\\\/lkq-europe-adquire-a-actronics\\\/\"},\"wordCount\":618,\"publisher\":{\"@id\":\"https:\\\/\\\/jornaldasoficinas.com\\\/pt\\\/#organization\"},\"image\":{\"@id\":\"https:\\\/\\\/jornaldasoficinas.com\\\/pt\\\/lkq-europe-adquire-a-actronics\\\/#primaryimage\"},\"thumbnailUrl\":\"https:\\\/\\\/jornaldasoficinas.com\\\/pt\\\/wp-content\\\/uploads\\\/2026\\\/03\\\/LKQ-Europe-adquire-a-ACtronics.jpg\",\"keywords\":[\"ACTRONICS\",\"Aquisi\u00e7\u00e3o\",\"LKQ Europe\",\"remanufatura\",\"Repara\u00e7\u00e3o\",\"sistemas eletr\u00f3nicos\"],\"articleSection\":[\"Empresas\"],\"inLanguage\":\"pt-PT\"},{\"@type\":\"WebPage\",\"@id\":\"https:\\\/\\\/jornaldasoficinas.com\\\/pt\\\/lkq-europe-adquire-a-actronics\\\/\",\"url\":\"https:\\\/\\\/jornaldasoficinas.com\\\/pt\\\/lkq-europe-adquire-a-actronics\\\/\",\"name\":\"LKQ Europe adquire a ACtronics - Jornal das Oficinas\",\"isPartOf\":{\"@id\":\"https:\\\/\\\/jornaldasoficinas.com\\\/pt\\\/#website\"},\"primaryImageOfPage\":{\"@id\":\"https:\\\/\\\/jornaldasoficinas.com\\\/pt\\\/lkq-europe-adquire-a-actronics\\\/#primaryimage\"},\"image\":{\"@id\":\"https:\\\/\\\/jornaldasoficinas.com\\\/pt\\\/lkq-europe-adquire-a-actronics\\\/#primaryimage\"},\"thumbnailUrl\":\"https:\\\/\\\/jornaldasoficinas.com\\\/pt\\\/wp-content\\\/uploads\\\/2026\\\/03\\\/LKQ-Europe-adquire-a-ACtronics.jpg\",\"datePublished\":\"2026-04-07T17:00:46+00:00\",\"description\":\"A LKQ Europe adquiriu a ACtronics, numa opera\u00e7\u00e3o estrat\u00e9gica que visa refor\u00e7ar a sua presen\u00e7a no segmento da repara\u00e7\u00e3o e remanufatura\",\"breadcrumb\":{\"@id\":\"https:\\\/\\\/jornaldasoficinas.com\\\/pt\\\/lkq-europe-adquire-a-actronics\\\/#breadcrumb\"},\"inLanguage\":\"pt-PT\",\"potentialAction\":[{\"@type\":\"ReadAction\",\"target\":[\"https:\\\/\\\/jornaldasoficinas.com\\\/pt\\\/lkq-europe-adquire-a-actronics\\\/\"]}]},{\"@type\":\"ImageObject\",\"inLanguage\":\"pt-PT\",\"@id\":\"https:\\\/\\\/jornaldasoficinas.com\\\/pt\\\/lkq-europe-adquire-a-actronics\\\/#primaryimage\",\"url\":\"https:\\\/\\\/jornaldasoficinas.com\\\/pt\\\/wp-content\\\/uploads\\\/2026\\\/03\\\/LKQ-Europe-adquire-a-ACtronics.jpg\",\"contentUrl\":\"https:\\\/\\\/jornaldasoficinas.com\\\/pt\\\/wp-content\\\/uploads\\\/2026\\\/03\\\/LKQ-Europe-adquire-a-ACtronics.jpg\",\"width\":1024,\"height\":580,\"caption\":\"03 - LKQ Europe adquire a ACtronics\"},{\"@type\":\"BreadcrumbList\",\"@id\":\"https:\\\/\\\/jornaldasoficinas.com\\\/pt\\\/lkq-europe-adquire-a-actronics\\\/#breadcrumb\",\"itemListElement\":[{\"@type\":\"ListItem\",\"position\":1,\"name\":\"In\u00edcio\",\"item\":\"https:\\\/\\\/jornaldasoficinas.com\\\/pt\\\/\"},{\"@type\":\"ListItem\",\"position\":2,\"name\":\"LKQ Europe adquire a ACtronics\"}]},{\"@type\":\"WebSite\",\"@id\":\"https:\\\/\\\/jornaldasoficinas.com\\\/pt\\\/#website\",\"url\":\"https:\\\/\\\/jornaldasoficinas.com\\\/pt\\\/\",\"name\":\"Jornal das Oficinas\",\"description\":\"Jornal independente do Aftermarket Autom\u00f3vel em Portugal\",\"publisher\":{\"@id\":\"https:\\\/\\\/jornaldasoficinas.com\\\/pt\\\/#organization\"},\"potentialAction\":[{\"@type\":\"SearchAction\",\"target\":{\"@type\":\"EntryPoint\",\"urlTemplate\":\"https:\\\/\\\/jornaldasoficinas.com\\\/pt\\\/?s={search_term_string}\"},\"query-input\":{\"@type\":\"PropertyValueSpecification\",\"valueRequired\":true,\"valueName\":\"search_term_string\"}}],\"inLanguage\":\"pt-PT\"},{\"@type\":\"Organization\",\"@id\":\"https:\\\/\\\/jornaldasoficinas.com\\\/pt\\\/#organization\",\"name\":\"Jornal das Oficinas\",\"url\":\"https:\\\/\\\/jornaldasoficinas.com\\\/pt\\\/\",\"logo\":{\"@type\":\"ImageObject\",\"inLanguage\":\"pt-PT\",\"@id\":\"https:\\\/\\\/jornaldasoficinas.com\\\/pt\\\/#\\\/schema\\\/logo\\\/image\\\/\",\"url\":\"https:\\\/\\\/jornaldasoficinas.com\\\/pt\\\/wp-content\\\/uploads\\\/logoJO-SEO.png\",\"contentUrl\":\"https:\\\/\\\/jornaldasoficinas.com\\\/pt\\\/wp-content\\\/uploads\\\/logoJO-SEO.png\",\"width\":285,\"height\":450,\"caption\":\"Jornal das Oficinas\"},\"image\":{\"@id\":\"https:\\\/\\\/jornaldasoficinas.com\\\/pt\\\/#\\\/schema\\\/logo\\\/image\\\/\"},\"sameAs\":[\"https:\\\/\\\/www.facebook.com\\\/jornaloficinas\",\"https:\\\/\\\/x.com\\\/jornaloficinas\",\"https:\\\/\\\/www.instagram.com\\\/jornal_oficinas\\\/\",\"https:\\\/\\\/www.linkedin.com\\\/company\\\/jornal-das-oficinas\\\/\",\"https:\\\/\\\/www.youtube.com\\\/channel\\\/UCbQZBqtcvV-oSQrr7RzINGg\"]},{\"@type\":\"Person\",\"@id\":\"https:\\\/\\\/jornaldasoficinas.com\\\/pt\\\/#\\\/schema\\\/person\\\/a38eef5de2c41d9e7c9ac10141afddf3\",\"name\":\"Reda\u00e7\u00e3o JO\",\"image\":{\"@type\":\"ImageObject\",\"inLanguage\":\"pt-PT\",\"@id\":\"https:\\\/\\\/secure.gravatar.com\\\/avatar\\\/71f2fa71737ad68a84fea94bc708ddac8ea5b0c4788dc2ad202f3ccb2887742f?s=96&d=wp_user_avatar&r=g\",\"url\":\"https:\\\/\\\/secure.gravatar.com\\\/avatar\\\/71f2fa71737ad68a84fea94bc708ddac8ea5b0c4788dc2ad202f3ccb2887742f?s=96&d=wp_user_avatar&r=g\",\"contentUrl\":\"https:\\\/\\\/secure.gravatar.com\\\/avatar\\\/71f2fa71737ad68a84fea94bc708ddac8ea5b0c4788dc2ad202f3ccb2887742f?s=96&d=wp_user_avatar&r=g\",\"caption\":\"Reda\u00e7\u00e3o JO\"},\"url\":\"https:\\\/\\\/jornaldasoficinas.com\\\/pt\\\/author\\\/joredacao\\\/\"}]}<\/script>\n<!-- \/ Yoast SEO plugin. -->","yoast_head_json":{"title":"LKQ Europe adquire a ACtronics - Jornal das Oficinas","description":"A LKQ Europe adquiriu a ACtronics, numa opera\u00e7\u00e3o estrat\u00e9gica que visa refor\u00e7ar a sua presen\u00e7a no segmento da repara\u00e7\u00e3o e remanufatura","robots":{"index":"index","follow":"follow","max-snippet":"max-snippet:-1","max-image-preview":"max-image-preview:large","max-video-preview":"max-video-preview:-1"},"canonical":"https:\/\/jornaldasoficinas.com\/pt\/lkq-europe-adquire-a-actronics\/","og_locale":"pt_PT","og_type":"article","og_title":"LKQ Europe adquire a ACtronics - Jornal das Oficinas","og_description":"A LKQ Europe adquiriu a ACtronics, numa opera\u00e7\u00e3o estrat\u00e9gica que visa refor\u00e7ar a sua presen\u00e7a no segmento da repara\u00e7\u00e3o e remanufatura","og_url":"https:\/\/jornaldasoficinas.com\/pt\/lkq-europe-adquire-a-actronics\/","og_site_name":"Jornal das Oficinas","article_publisher":"https:\/\/www.facebook.com\/jornaloficinas","article_published_time":"2026-04-07T17:00:46+00:00","og_image":[{"width":1024,"height":580,"url":"https:\/\/jornaldasoficinas.com\/pt\/wp-content\/uploads\/2026\/03\/LKQ-Europe-adquire-a-ACtronics.jpg","type":"image\/jpeg"}],"author":"Reda\u00e7\u00e3o JO","twitter_card":"summary_large_image","twitter_creator":"@jornaloficinas","twitter_site":"@jornaloficinas","twitter_misc":{"Escrito por":"Reda\u00e7\u00e3o JO","Tempo estimado de leitura":"3 minutos"},"schema":{"@context":"https:\/\/schema.org","@graph":[{"@type":"Article","@id":"https:\/\/jornaldasoficinas.com\/pt\/lkq-europe-adquire-a-actronics\/#article","isPartOf":{"@id":"https:\/\/jornaldasoficinas.com\/pt\/lkq-europe-adquire-a-actronics\/"},"author":{"name":"Reda\u00e7\u00e3o JO","@id":"https:\/\/jornaldasoficinas.com\/pt\/#\/schema\/person\/a38eef5de2c41d9e7c9ac10141afddf3"},"headline":"LKQ Europe adquire a ACtronics","datePublished":"2026-04-07T17:00:46+00:00","mainEntityOfPage":{"@id":"https:\/\/jornaldasoficinas.com\/pt\/lkq-europe-adquire-a-actronics\/"},"wordCount":618,"publisher":{"@id":"https:\/\/jornaldasoficinas.com\/pt\/#organization"},"image":{"@id":"https:\/\/jornaldasoficinas.com\/pt\/lkq-europe-adquire-a-actronics\/#primaryimage"},"thumbnailUrl":"https:\/\/jornaldasoficinas.com\/pt\/wp-content\/uploads\/2026\/03\/LKQ-Europe-adquire-a-ACtronics.jpg","keywords":["ACTRONICS","Aquisi\u00e7\u00e3o","LKQ Europe","remanufatura","Repara\u00e7\u00e3o","sistemas eletr\u00f3nicos"],"articleSection":["Empresas"],"inLanguage":"pt-PT"},{"@type":"WebPage","@id":"https:\/\/jornaldasoficinas.com\/pt\/lkq-europe-adquire-a-actronics\/","url":"https:\/\/jornaldasoficinas.com\/pt\/lkq-europe-adquire-a-actronics\/","name":"LKQ Europe adquire a ACtronics - Jornal das Oficinas","isPartOf":{"@id":"https:\/\/jornaldasoficinas.com\/pt\/#website"},"primaryImageOfPage":{"@id":"https:\/\/jornaldasoficinas.com\/pt\/lkq-europe-adquire-a-actronics\/#primaryimage"},"image":{"@id":"https:\/\/jornaldasoficinas.com\/pt\/lkq-europe-adquire-a-actronics\/#primaryimage"},"thumbnailUrl":"https:\/\/jornaldasoficinas.com\/pt\/wp-content\/uploads\/2026\/03\/LKQ-Europe-adquire-a-ACtronics.jpg","datePublished":"2026-04-07T17:00:46+00:00","description":"A LKQ Europe adquiriu a ACtronics, numa opera\u00e7\u00e3o estrat\u00e9gica que visa refor\u00e7ar a sua presen\u00e7a no segmento da repara\u00e7\u00e3o e remanufatura","breadcrumb":{"@id":"https:\/\/jornaldasoficinas.com\/pt\/lkq-europe-adquire-a-actronics\/#breadcrumb"},"inLanguage":"pt-PT","potentialAction":[{"@type":"ReadAction","target":["https:\/\/jornaldasoficinas.com\/pt\/lkq-europe-adquire-a-actronics\/"]}]},{"@type":"ImageObject","inLanguage":"pt-PT","@id":"https:\/\/jornaldasoficinas.com\/pt\/lkq-europe-adquire-a-actronics\/#primaryimage","url":"https:\/\/jornaldasoficinas.com\/pt\/wp-content\/uploads\/2026\/03\/LKQ-Europe-adquire-a-ACtronics.jpg","contentUrl":"https:\/\/jornaldasoficinas.com\/pt\/wp-content\/uploads\/2026\/03\/LKQ-Europe-adquire-a-ACtronics.jpg","width":1024,"height":580,"caption":"03 - LKQ Europe adquire a ACtronics"},{"@type":"BreadcrumbList","@id":"https:\/\/jornaldasoficinas.com\/pt\/lkq-europe-adquire-a-actronics\/#breadcrumb","itemListElement":[{"@type":"ListItem","position":1,"name":"In\u00edcio","item":"https:\/\/jornaldasoficinas.com\/pt\/"},{"@type":"ListItem","position":2,"name":"LKQ Europe adquire a ACtronics"}]},{"@type":"WebSite","@id":"https:\/\/jornaldasoficinas.com\/pt\/#website","url":"https:\/\/jornaldasoficinas.com\/pt\/","name":"Jornal das Oficinas","description":"Jornal independente do Aftermarket Autom\u00f3vel em Portugal","publisher":{"@id":"https:\/\/jornaldasoficinas.com\/pt\/#organization"},"potentialAction":[{"@type":"SearchAction","target":{"@type":"EntryPoint","urlTemplate":"https:\/\/jornaldasoficinas.com\/pt\/?s={search_term_string}"},"query-input":{"@type":"PropertyValueSpecification","valueRequired":true,"valueName":"search_term_string"}}],"inLanguage":"pt-PT"},{"@type":"Organization","@id":"https:\/\/jornaldasoficinas.com\/pt\/#organization","name":"Jornal das Oficinas","url":"https:\/\/jornaldasoficinas.com\/pt\/","logo":{"@type":"ImageObject","inLanguage":"pt-PT","@id":"https:\/\/jornaldasoficinas.com\/pt\/#\/schema\/logo\/image\/","url":"https:\/\/jornaldasoficinas.com\/pt\/wp-content\/uploads\/logoJO-SEO.png","contentUrl":"https:\/\/jornaldasoficinas.com\/pt\/wp-content\/uploads\/logoJO-SEO.png","width":285,"height":450,"caption":"Jornal das Oficinas"},"image":{"@id":"https:\/\/jornaldasoficinas.com\/pt\/#\/schema\/logo\/image\/"},"sameAs":["https:\/\/www.facebook.com\/jornaloficinas","https:\/\/x.com\/jornaloficinas","https:\/\/www.instagram.com\/jornal_oficinas\/","https:\/\/www.linkedin.com\/company\/jornal-das-oficinas\/","https:\/\/www.youtube.com\/channel\/UCbQZBqtcvV-oSQrr7RzINGg"]},{"@type":"Person","@id":"https:\/\/jornaldasoficinas.com\/pt\/#\/schema\/person\/a38eef5de2c41d9e7c9ac10141afddf3","name":"Reda\u00e7\u00e3o JO","image":{"@type":"ImageObject","inLanguage":"pt-PT","@id":"https:\/\/secure.gravatar.com\/avatar\/71f2fa71737ad68a84fea94bc708ddac8ea5b0c4788dc2ad202f3ccb2887742f?s=96&d=wp_user_avatar&r=g","url":"https:\/\/secure.gravatar.com\/avatar\/71f2fa71737ad68a84fea94bc708ddac8ea5b0c4788dc2ad202f3ccb2887742f?s=96&d=wp_user_avatar&r=g","contentUrl":"https:\/\/secure.gravatar.com\/avatar\/71f2fa71737ad68a84fea94bc708ddac8ea5b0c4788dc2ad202f3ccb2887742f?s=96&d=wp_user_avatar&r=g","caption":"Reda\u00e7\u00e3o JO"},"url":"https:\/\/jornaldasoficinas.com\/pt\/author\/joredacao\/"}]}},"_links":{"self":[{"href":"https:\/\/jornaldasoficinas.com\/pt\/wp-json\/wp\/v2\/posts\/115267","targetHints":{"allow":["GET"]}}],"collection":[{"href":"https:\/\/jornaldasoficinas.com\/pt\/wp-json\/wp\/v2\/posts"}],"about":[{"href":"https:\/\/jornaldasoficinas.com\/pt\/wp-json\/wp\/v2\/types\/post"}],"author":[{"embeddable":true,"href":"https:\/\/jornaldasoficinas.com\/pt\/wp-json\/wp\/v2\/users\/15"}],"replies":[{"embeddable":true,"href":"https:\/\/jornaldasoficinas.com\/pt\/wp-json\/wp\/v2\/comments?post=115267"}],"version-history":[{"count":4,"href":"https:\/\/jornaldasoficinas.com\/pt\/wp-json\/wp\/v2\/posts\/115267\/revisions"}],"predecessor-version":[{"id":115282,"href":"https:\/\/jornaldasoficinas.com\/pt\/wp-json\/wp\/v2\/posts\/115267\/revisions\/115282"}],"wp:featuredmedia":[{"embeddable":true,"href":"https:\/\/jornaldasoficinas.com\/pt\/wp-json\/wp\/v2\/media\/115281"}],"wp:attachment":[{"href":"https:\/\/jornaldasoficinas.com\/pt\/wp-json\/wp\/v2\/media?parent=115267"}],"wp:term":[{"taxonomy":"category","embeddable":true,"href":"https:\/\/jornaldasoficinas.com\/pt\/wp-json\/wp\/v2\/categories?post=115267"},{"taxonomy":"post_tag","embeddable":true,"href":"https:\/\/jornaldasoficinas.com\/pt\/wp-json\/wp\/v2\/tags?post=115267"}],"curies":[{"name":"wp","href":"https:\/\/api.w.org\/{rel}","templated":true}]}}