{"id":11577,"date":"2020-03-25T16:34:44","date_gmt":"2020-03-25T16:34:44","guid":{"rendered":"https:\/\/jornaldasoficinas.com\/pt\/?p=11577"},"modified":"2023-07-20T16:06:31","modified_gmt":"2023-07-20T15:06:31","slug":"europcar-mobility-group-portugal-adota-medidas-de-contencao-da-pandemia","status":"publish","type":"post","link":"https:\/\/jornaldasoficinas.com\/pt\/europcar-mobility-group-portugal-adota-medidas-de-contencao-da-pandemia\/","title":{"rendered":"Europcar Mobility Group Portugal adota medidas de conten\u00e7\u00e3o da pandemia"},"content":{"rendered":"<p><img loading=\"lazy\" decoding=\"async\" class=\"alignnone size-full wp-image-11576\" src=\"https:\/\/jornaldasoficinas.com\/pt\/wp-content\/uploads\/2020\/03\/image_processing20200114-10824-m1yfkd.jpg\" alt=\"03 - image_processing20200114-10824-m1yfkd\" width=\"1024\" height=\"581\" srcset=\"https:\/\/jornaldasoficinas.com\/pt\/wp-content\/uploads\/2020\/03\/image_processing20200114-10824-m1yfkd.jpg 1024w, https:\/\/jornaldasoficinas.com\/pt\/wp-content\/uploads\/2020\/03\/image_processing20200114-10824-m1yfkd-300x170.jpg 300w, https:\/\/jornaldasoficinas.com\/pt\/wp-content\/uploads\/2020\/03\/image_processing20200114-10824-m1yfkd-150x85.jpg 150w, https:\/\/jornaldasoficinas.com\/pt\/wp-content\/uploads\/2020\/03\/image_processing20200114-10824-m1yfkd-768x436.jpg 768w\" sizes=\"auto, (max-width: 1024px) 100vw, 1024px\" \/><\/p>\n<p><strong>O Europcar Mobility Group Portugal acaba de anunciar que ir\u00e1 manter a sua atividade de aluguer de ve\u00edculos ao servi\u00e7o dos clientes, uma decis\u00e3o tomada em conformidade com as medidas anunciadas pela Secretaria de Estado do Com\u00e9rcio, Servi\u00e7os e Defesa do Consumidor, em despacho publicado em Di\u00e1rio da Rep\u00fablica.<\/strong><\/p>\n<p>De acordo com o documento, os servi\u00e7os de aluguer de ve\u00edculos de passageiros sem condutor (<em>rent-a-car<\/em>) e de aluguer de ve\u00edculos de mercadorias (<em>rent-a-cargo<\/em>) constituem, em determinadas situa\u00e7\u00f5es, servi\u00e7os essenciais para a mobilidade de pessoas e bens no atual contexto de pandemia de Covid-19.<\/p>\n<p>&#8220;A atividade de aluguer de ve\u00edculos de passageiros sem condutor, bem como a atividade de aluguer de ve\u00edculos de mercadorias, ecomummente conhecidas por <em>rent-a-car<\/em> e <em>rent-a-cargo<\/em>, respetivamente, podem, em algumas hip\u00f3teses, constituir servi\u00e7os essenciais na mobilidade de pessoas e mercadorias, fundamentais para a distribui\u00e7\u00e3o de alimentos, medicamentos, profissionais de sa\u00fade e outros profissionais de cuja atividade n\u00e3o se pode prescindir&#8221;, pode ler-se no documento.<\/p>\n<p>Desta forma, o Governo portugu\u00eas autoriza o normal exerc\u00edcio da atividade de aluguer de ve\u00edculos de mercadorias sem condutor, bem como o exerc\u00edcio de aluguer de ve\u00edculos de passageiros, apenas em determinadas situa\u00e7\u00f5es, nomeadamente &#8220;para as desloca\u00e7\u00f5es excecionalmente autorizadas ao abrigo do Decreto n.\u00ba 2 -A\/2020, de 20 de mar\u00e7o, designadamente, as desloca\u00e7\u00f5es para aquisi\u00e7\u00e3o de bens ou servi\u00e7os essenciais, nomeadamente medicamentos, e as desloca\u00e7\u00f5es por motivos de sa\u00fade ou para assist\u00eancia a outras pessoas&#8221;.<\/p>\n<p>&#8220;Para o exerc\u00edcio das atividades de com\u00e9rcio a retalho ou de presta\u00e7\u00e3o de servi\u00e7os autorizadas ao abrigo do Decreto n.\u00ba 2 -A\/2020, de 20 de mar\u00e7o, ou em diploma posterior que autorize aquele exerc\u00edcio&#8221;, e &#8220;para presta\u00e7\u00e3o de assist\u00eancia a condutores e ve\u00edculos avariados, imobilizados ou sinistrados&#8221;, tal como \u00e9 descrito no despacho.<\/p>\n<p>Perante o risco de cont\u00e1gio e propaga\u00e7\u00e3o do coronav\u00edrus aquando da troca de ve\u00edculos entre condutores apontado no despacho da Secretaria de Estado do Com\u00e9rcio, Servi\u00e7os e Defesa do Consumidor, Paulo Moura explica, em comunicado, que &#8220;a seguran\u00e7a dos clientes e colaboradores \u00e9 a principal prioridade do grupo, uma premissa refletida nas medidas de conting\u00eancia j\u00e1 implementadas e que seguem as recomenda\u00e7\u00f5es da Organiza\u00e7\u00e3o Mundial da Sa\u00fade e da Dire\u00e7\u00e3o-Geral de Sa\u00fade&#8221;.<\/p>\n<p>Mais: &#8220;No que respeita aos ve\u00edculos da Europcar, cada viatura \u00e9 alvo de uma limpeza intensiva como medida de preven\u00e7\u00e3o. Durante este processo, todas as superf\u00edcies s\u00e3o limpas com desinfetantes especiais, sendo que, ap\u00f3s a desinfe\u00e7\u00e3o, o ve\u00edculo n\u00e3o \u00e9 aberto de novo. Para al\u00e9m disso, tamb\u00e9m est\u00e3o a ser adotadas medidas extra nas nossas principais esta\u00e7\u00f5es, com a desinfe\u00e7\u00e3o sistem\u00e1tica dos balc\u00f5es ap\u00f3s o atendimento de cada cliente e com uma pol\u00edtica de &#8216;zero contacto&#8217; (chave do ve\u00edculo selada num envelope depois de desinfetada)&#8221;.<\/p>\n<p>Na sua estrat\u00e9gia de conten\u00e7\u00e3o da atual pandemia de Covid-19, o <a href=\"https:\/\/europcar-mobility-group.com\/\" target=\"_blank\" rel=\"noopener noreferrer\">Europcar Mobility Group Portugal<\/a> recomenda ainda aos seus clientes e colaboradores que tomem algumas medidas preventivas, especialmente seguir as orienta\u00e7\u00f5es das autoridades locais e de sa\u00fade, assim como as restri\u00e7\u00f5es de viagem impostas pelo Governo.<\/p>\n","protected":false},"excerpt":{"rendered":"<p>O Europcar Mobility Group Portugal acaba&#8230;<\/p>\n","protected":false},"author":15,"featured_media":11576,"comment_status":"closed","ping_status":"closed","sticky":false,"template":"","format":"standard","meta":{"footnotes":""},"categories":[29],"tags":[1790,1789,1842],"class_list":["post-11577","post","type-post","status-publish","format-standard","has-post-thumbnail","hentry","category-empresas","tag-coronavirus","tag-covid-19","tag-europcar-mobility-group-portugal"],"yoast_head":"<!-- This site is optimized with the Yoast SEO plugin v27.5 - https:\/\/yoast.com\/product\/yoast-seo-wordpress\/ -->\n<title>Europcar Mobility Group Portugal adota medidas de conten\u00e7\u00e3o da pandemia - Jornal das Oficinas<\/title>\n<meta name=\"robots\" content=\"index, follow, max-snippet:-1, max-image-preview:large, max-video-preview:-1\" \/>\n<link rel=\"canonical\" href=\"https:\/\/jornaldasoficinas.com\/pt\/europcar-mobility-group-portugal-adota-medidas-de-contencao-da-pandemia\/\" \/>\n<meta property=\"og:locale\" content=\"pt_PT\" \/>\n<meta property=\"og:type\" content=\"article\" \/>\n<meta property=\"og:title\" content=\"Europcar Mobility Group Portugal adota medidas de conten\u00e7\u00e3o da pandemia - Jornal das Oficinas\" \/>\n<meta property=\"og:description\" content=\"O Europcar Mobility Group Portugal acaba...\" \/>\n<meta property=\"og:url\" content=\"https:\/\/jornaldasoficinas.com\/pt\/europcar-mobility-group-portugal-adota-medidas-de-contencao-da-pandemia\/\" \/>\n<meta property=\"og:site_name\" content=\"Jornal das Oficinas\" \/>\n<meta property=\"article:publisher\" content=\"https:\/\/www.facebook.com\/jornaloficinas\" \/>\n<meta property=\"article:published_time\" content=\"2020-03-25T16:34:44+00:00\" \/>\n<meta property=\"article:modified_time\" content=\"2023-07-20T15:06:31+00:00\" \/>\n<meta property=\"og:image\" content=\"https:\/\/jornaldasoficinas.com\/pt\/wp-content\/uploads\/2020\/03\/image_processing20200114-10824-m1yfkd.jpg\" \/>\n\t<meta property=\"og:image:width\" content=\"1024\" \/>\n\t<meta property=\"og:image:height\" content=\"581\" \/>\n\t<meta property=\"og:image:type\" content=\"image\/jpeg\" \/>\n<meta name=\"author\" content=\"Reda\u00e7\u00e3o JO\" \/>\n<meta name=\"twitter:card\" content=\"summary_large_image\" \/>\n<meta name=\"twitter:creator\" content=\"@jornaloficinas\" \/>\n<meta name=\"twitter:site\" content=\"@jornaloficinas\" \/>\n<meta name=\"twitter:label1\" content=\"Escrito por\" \/>\n\t<meta name=\"twitter:data1\" content=\"Reda\u00e7\u00e3o JO\" \/>\n\t<meta name=\"twitter:label2\" content=\"Tempo estimado de leitura\" \/>\n\t<meta name=\"twitter:data2\" content=\"3 minutos\" \/>\n<script type=\"application\/ld+json\" class=\"yoast-schema-graph\">{\"@context\":\"https:\\\/\\\/schema.org\",\"@graph\":[{\"@type\":\"Article\",\"@id\":\"https:\\\/\\\/jornaldasoficinas.com\\\/pt\\\/europcar-mobility-group-portugal-adota-medidas-de-contencao-da-pandemia\\\/#article\",\"isPartOf\":{\"@id\":\"https:\\\/\\\/jornaldasoficinas.com\\\/pt\\\/europcar-mobility-group-portugal-adota-medidas-de-contencao-da-pandemia\\\/\"},\"author\":{\"name\":\"Reda\u00e7\u00e3o JO\",\"@id\":\"https:\\\/\\\/jornaldasoficinas.com\\\/pt\\\/#\\\/schema\\\/person\\\/a38eef5de2c41d9e7c9ac10141afddf3\"},\"headline\":\"Europcar Mobility Group Portugal adota medidas de conten\u00e7\u00e3o da pandemia\",\"datePublished\":\"2020-03-25T16:34:44+00:00\",\"dateModified\":\"2023-07-20T15:06:31+00:00\",\"mainEntityOfPage\":{\"@id\":\"https:\\\/\\\/jornaldasoficinas.com\\\/pt\\\/europcar-mobility-group-portugal-adota-medidas-de-contencao-da-pandemia\\\/\"},\"wordCount\":569,\"publisher\":{\"@id\":\"https:\\\/\\\/jornaldasoficinas.com\\\/pt\\\/#organization\"},\"image\":{\"@id\":\"https:\\\/\\\/jornaldasoficinas.com\\\/pt\\\/europcar-mobility-group-portugal-adota-medidas-de-contencao-da-pandemia\\\/#primaryimage\"},\"thumbnailUrl\":\"https:\\\/\\\/jornaldasoficinas.com\\\/pt\\\/wp-content\\\/uploads\\\/2020\\\/03\\\/image_processing20200114-10824-m1yfkd.jpg\",\"keywords\":[\"Coronav\u00edrus\",\"COVID-19\",\"Europcar Mobility Group Portugal\"],\"articleSection\":[\"Empresas\"],\"inLanguage\":\"pt-PT\"},{\"@type\":\"WebPage\",\"@id\":\"https:\\\/\\\/jornaldasoficinas.com\\\/pt\\\/europcar-mobility-group-portugal-adota-medidas-de-contencao-da-pandemia\\\/\",\"url\":\"https:\\\/\\\/jornaldasoficinas.com\\\/pt\\\/europcar-mobility-group-portugal-adota-medidas-de-contencao-da-pandemia\\\/\",\"name\":\"Europcar Mobility Group Portugal adota medidas de conten\u00e7\u00e3o da pandemia - Jornal das Oficinas\",\"isPartOf\":{\"@id\":\"https:\\\/\\\/jornaldasoficinas.com\\\/pt\\\/#website\"},\"primaryImageOfPage\":{\"@id\":\"https:\\\/\\\/jornaldasoficinas.com\\\/pt\\\/europcar-mobility-group-portugal-adota-medidas-de-contencao-da-pandemia\\\/#primaryimage\"},\"image\":{\"@id\":\"https:\\\/\\\/jornaldasoficinas.com\\\/pt\\\/europcar-mobility-group-portugal-adota-medidas-de-contencao-da-pandemia\\\/#primaryimage\"},\"thumbnailUrl\":\"https:\\\/\\\/jornaldasoficinas.com\\\/pt\\\/wp-content\\\/uploads\\\/2020\\\/03\\\/image_processing20200114-10824-m1yfkd.jpg\",\"datePublished\":\"2020-03-25T16:34:44+00:00\",\"dateModified\":\"2023-07-20T15:06:31+00:00\",\"breadcrumb\":{\"@id\":\"https:\\\/\\\/jornaldasoficinas.com\\\/pt\\\/europcar-mobility-group-portugal-adota-medidas-de-contencao-da-pandemia\\\/#breadcrumb\"},\"inLanguage\":\"pt-PT\",\"potentialAction\":[{\"@type\":\"ReadAction\",\"target\":[\"https:\\\/\\\/jornaldasoficinas.com\\\/pt\\\/europcar-mobility-group-portugal-adota-medidas-de-contencao-da-pandemia\\\/\"]}]},{\"@type\":\"ImageObject\",\"inLanguage\":\"pt-PT\",\"@id\":\"https:\\\/\\\/jornaldasoficinas.com\\\/pt\\\/europcar-mobility-group-portugal-adota-medidas-de-contencao-da-pandemia\\\/#primaryimage\",\"url\":\"https:\\\/\\\/jornaldasoficinas.com\\\/pt\\\/wp-content\\\/uploads\\\/2020\\\/03\\\/image_processing20200114-10824-m1yfkd.jpg\",\"contentUrl\":\"https:\\\/\\\/jornaldasoficinas.com\\\/pt\\\/wp-content\\\/uploads\\\/2020\\\/03\\\/image_processing20200114-10824-m1yfkd.jpg\",\"width\":1024,\"height\":581,\"caption\":\"03 - image_processing20200114-10824-m1yfkd\"},{\"@type\":\"BreadcrumbList\",\"@id\":\"https:\\\/\\\/jornaldasoficinas.com\\\/pt\\\/europcar-mobility-group-portugal-adota-medidas-de-contencao-da-pandemia\\\/#breadcrumb\",\"itemListElement\":[{\"@type\":\"ListItem\",\"position\":1,\"name\":\"In\u00edcio\",\"item\":\"https:\\\/\\\/jornaldasoficinas.com\\\/pt\\\/\"},{\"@type\":\"ListItem\",\"position\":2,\"name\":\"Europcar Mobility Group Portugal adota medidas de conten\u00e7\u00e3o da pandemia\"}]},{\"@type\":\"WebSite\",\"@id\":\"https:\\\/\\\/jornaldasoficinas.com\\\/pt\\\/#website\",\"url\":\"https:\\\/\\\/jornaldasoficinas.com\\\/pt\\\/\",\"name\":\"Jornal das Oficinas\",\"description\":\"Jornal independente do Aftermarket Autom\u00f3vel em Portugal\",\"publisher\":{\"@id\":\"https:\\\/\\\/jornaldasoficinas.com\\\/pt\\\/#organization\"},\"potentialAction\":[{\"@type\":\"SearchAction\",\"target\":{\"@type\":\"EntryPoint\",\"urlTemplate\":\"https:\\\/\\\/jornaldasoficinas.com\\\/pt\\\/?s={search_term_string}\"},\"query-input\":{\"@type\":\"PropertyValueSpecification\",\"valueRequired\":true,\"valueName\":\"search_term_string\"}}],\"inLanguage\":\"pt-PT\"},{\"@type\":\"Organization\",\"@id\":\"https:\\\/\\\/jornaldasoficinas.com\\\/pt\\\/#organization\",\"name\":\"Jornal das Oficinas\",\"url\":\"https:\\\/\\\/jornaldasoficinas.com\\\/pt\\\/\",\"logo\":{\"@type\":\"ImageObject\",\"inLanguage\":\"pt-PT\",\"@id\":\"https:\\\/\\\/jornaldasoficinas.com\\\/pt\\\/#\\\/schema\\\/logo\\\/image\\\/\",\"url\":\"https:\\\/\\\/jornaldasoficinas.com\\\/pt\\\/wp-content\\\/uploads\\\/logoJO-SEO.png\",\"contentUrl\":\"https:\\\/\\\/jornaldasoficinas.com\\\/pt\\\/wp-content\\\/uploads\\\/logoJO-SEO.png\",\"width\":285,\"height\":450,\"caption\":\"Jornal das Oficinas\"},\"image\":{\"@id\":\"https:\\\/\\\/jornaldasoficinas.com\\\/pt\\\/#\\\/schema\\\/logo\\\/image\\\/\"},\"sameAs\":[\"https:\\\/\\\/www.facebook.com\\\/jornaloficinas\",\"https:\\\/\\\/x.com\\\/jornaloficinas\",\"https:\\\/\\\/www.instagram.com\\\/jornal_oficinas\\\/\",\"https:\\\/\\\/www.linkedin.com\\\/company\\\/jornal-das-oficinas\\\/\",\"https:\\\/\\\/www.youtube.com\\\/channel\\\/UCbQZBqtcvV-oSQrr7RzINGg\"]},{\"@type\":\"Person\",\"@id\":\"https:\\\/\\\/jornaldasoficinas.com\\\/pt\\\/#\\\/schema\\\/person\\\/a38eef5de2c41d9e7c9ac10141afddf3\",\"name\":\"Reda\u00e7\u00e3o JO\",\"image\":{\"@type\":\"ImageObject\",\"inLanguage\":\"pt-PT\",\"@id\":\"https:\\\/\\\/secure.gravatar.com\\\/avatar\\\/71f2fa71737ad68a84fea94bc708ddac8ea5b0c4788dc2ad202f3ccb2887742f?s=96&d=wp_user_avatar&r=g\",\"url\":\"https:\\\/\\\/secure.gravatar.com\\\/avatar\\\/71f2fa71737ad68a84fea94bc708ddac8ea5b0c4788dc2ad202f3ccb2887742f?s=96&d=wp_user_avatar&r=g\",\"contentUrl\":\"https:\\\/\\\/secure.gravatar.com\\\/avatar\\\/71f2fa71737ad68a84fea94bc708ddac8ea5b0c4788dc2ad202f3ccb2887742f?s=96&d=wp_user_avatar&r=g\",\"caption\":\"Reda\u00e7\u00e3o JO\"},\"url\":\"https:\\\/\\\/jornaldasoficinas.com\\\/pt\\\/author\\\/joredacao\\\/\"}]}<\/script>\n<!-- \/ Yoast SEO plugin. -->","yoast_head_json":{"title":"Europcar Mobility Group Portugal adota medidas de conten\u00e7\u00e3o da pandemia - Jornal das Oficinas","robots":{"index":"index","follow":"follow","max-snippet":"max-snippet:-1","max-image-preview":"max-image-preview:large","max-video-preview":"max-video-preview:-1"},"canonical":"https:\/\/jornaldasoficinas.com\/pt\/europcar-mobility-group-portugal-adota-medidas-de-contencao-da-pandemia\/","og_locale":"pt_PT","og_type":"article","og_title":"Europcar Mobility Group Portugal adota medidas de conten\u00e7\u00e3o da pandemia - Jornal das Oficinas","og_description":"O Europcar Mobility Group Portugal acaba...","og_url":"https:\/\/jornaldasoficinas.com\/pt\/europcar-mobility-group-portugal-adota-medidas-de-contencao-da-pandemia\/","og_site_name":"Jornal das Oficinas","article_publisher":"https:\/\/www.facebook.com\/jornaloficinas","article_published_time":"2020-03-25T16:34:44+00:00","article_modified_time":"2023-07-20T15:06:31+00:00","og_image":[{"width":1024,"height":581,"url":"https:\/\/jornaldasoficinas.com\/pt\/wp-content\/uploads\/2020\/03\/image_processing20200114-10824-m1yfkd.jpg","type":"image\/jpeg"}],"author":"Reda\u00e7\u00e3o JO","twitter_card":"summary_large_image","twitter_creator":"@jornaloficinas","twitter_site":"@jornaloficinas","twitter_misc":{"Escrito por":"Reda\u00e7\u00e3o JO","Tempo estimado de leitura":"3 minutos"},"schema":{"@context":"https:\/\/schema.org","@graph":[{"@type":"Article","@id":"https:\/\/jornaldasoficinas.com\/pt\/europcar-mobility-group-portugal-adota-medidas-de-contencao-da-pandemia\/#article","isPartOf":{"@id":"https:\/\/jornaldasoficinas.com\/pt\/europcar-mobility-group-portugal-adota-medidas-de-contencao-da-pandemia\/"},"author":{"name":"Reda\u00e7\u00e3o JO","@id":"https:\/\/jornaldasoficinas.com\/pt\/#\/schema\/person\/a38eef5de2c41d9e7c9ac10141afddf3"},"headline":"Europcar Mobility Group Portugal adota medidas de conten\u00e7\u00e3o da pandemia","datePublished":"2020-03-25T16:34:44+00:00","dateModified":"2023-07-20T15:06:31+00:00","mainEntityOfPage":{"@id":"https:\/\/jornaldasoficinas.com\/pt\/europcar-mobility-group-portugal-adota-medidas-de-contencao-da-pandemia\/"},"wordCount":569,"publisher":{"@id":"https:\/\/jornaldasoficinas.com\/pt\/#organization"},"image":{"@id":"https:\/\/jornaldasoficinas.com\/pt\/europcar-mobility-group-portugal-adota-medidas-de-contencao-da-pandemia\/#primaryimage"},"thumbnailUrl":"https:\/\/jornaldasoficinas.com\/pt\/wp-content\/uploads\/2020\/03\/image_processing20200114-10824-m1yfkd.jpg","keywords":["Coronav\u00edrus","COVID-19","Europcar Mobility Group Portugal"],"articleSection":["Empresas"],"inLanguage":"pt-PT"},{"@type":"WebPage","@id":"https:\/\/jornaldasoficinas.com\/pt\/europcar-mobility-group-portugal-adota-medidas-de-contencao-da-pandemia\/","url":"https:\/\/jornaldasoficinas.com\/pt\/europcar-mobility-group-portugal-adota-medidas-de-contencao-da-pandemia\/","name":"Europcar Mobility Group Portugal adota medidas de conten\u00e7\u00e3o da pandemia - Jornal das Oficinas","isPartOf":{"@id":"https:\/\/jornaldasoficinas.com\/pt\/#website"},"primaryImageOfPage":{"@id":"https:\/\/jornaldasoficinas.com\/pt\/europcar-mobility-group-portugal-adota-medidas-de-contencao-da-pandemia\/#primaryimage"},"image":{"@id":"https:\/\/jornaldasoficinas.com\/pt\/europcar-mobility-group-portugal-adota-medidas-de-contencao-da-pandemia\/#primaryimage"},"thumbnailUrl":"https:\/\/jornaldasoficinas.com\/pt\/wp-content\/uploads\/2020\/03\/image_processing20200114-10824-m1yfkd.jpg","datePublished":"2020-03-25T16:34:44+00:00","dateModified":"2023-07-20T15:06:31+00:00","breadcrumb":{"@id":"https:\/\/jornaldasoficinas.com\/pt\/europcar-mobility-group-portugal-adota-medidas-de-contencao-da-pandemia\/#breadcrumb"},"inLanguage":"pt-PT","potentialAction":[{"@type":"ReadAction","target":["https:\/\/jornaldasoficinas.com\/pt\/europcar-mobility-group-portugal-adota-medidas-de-contencao-da-pandemia\/"]}]},{"@type":"ImageObject","inLanguage":"pt-PT","@id":"https:\/\/jornaldasoficinas.com\/pt\/europcar-mobility-group-portugal-adota-medidas-de-contencao-da-pandemia\/#primaryimage","url":"https:\/\/jornaldasoficinas.com\/pt\/wp-content\/uploads\/2020\/03\/image_processing20200114-10824-m1yfkd.jpg","contentUrl":"https:\/\/jornaldasoficinas.com\/pt\/wp-content\/uploads\/2020\/03\/image_processing20200114-10824-m1yfkd.jpg","width":1024,"height":581,"caption":"03 - image_processing20200114-10824-m1yfkd"},{"@type":"BreadcrumbList","@id":"https:\/\/jornaldasoficinas.com\/pt\/europcar-mobility-group-portugal-adota-medidas-de-contencao-da-pandemia\/#breadcrumb","itemListElement":[{"@type":"ListItem","position":1,"name":"In\u00edcio","item":"https:\/\/jornaldasoficinas.com\/pt\/"},{"@type":"ListItem","position":2,"name":"Europcar Mobility Group Portugal adota medidas de conten\u00e7\u00e3o da pandemia"}]},{"@type":"WebSite","@id":"https:\/\/jornaldasoficinas.com\/pt\/#website","url":"https:\/\/jornaldasoficinas.com\/pt\/","name":"Jornal das Oficinas","description":"Jornal independente do Aftermarket Autom\u00f3vel em Portugal","publisher":{"@id":"https:\/\/jornaldasoficinas.com\/pt\/#organization"},"potentialAction":[{"@type":"SearchAction","target":{"@type":"EntryPoint","urlTemplate":"https:\/\/jornaldasoficinas.com\/pt\/?s={search_term_string}"},"query-input":{"@type":"PropertyValueSpecification","valueRequired":true,"valueName":"search_term_string"}}],"inLanguage":"pt-PT"},{"@type":"Organization","@id":"https:\/\/jornaldasoficinas.com\/pt\/#organization","name":"Jornal das Oficinas","url":"https:\/\/jornaldasoficinas.com\/pt\/","logo":{"@type":"ImageObject","inLanguage":"pt-PT","@id":"https:\/\/jornaldasoficinas.com\/pt\/#\/schema\/logo\/image\/","url":"https:\/\/jornaldasoficinas.com\/pt\/wp-content\/uploads\/logoJO-SEO.png","contentUrl":"https:\/\/jornaldasoficinas.com\/pt\/wp-content\/uploads\/logoJO-SEO.png","width":285,"height":450,"caption":"Jornal das Oficinas"},"image":{"@id":"https:\/\/jornaldasoficinas.com\/pt\/#\/schema\/logo\/image\/"},"sameAs":["https:\/\/www.facebook.com\/jornaloficinas","https:\/\/x.com\/jornaloficinas","https:\/\/www.instagram.com\/jornal_oficinas\/","https:\/\/www.linkedin.com\/company\/jornal-das-oficinas\/","https:\/\/www.youtube.com\/channel\/UCbQZBqtcvV-oSQrr7RzINGg"]},{"@type":"Person","@id":"https:\/\/jornaldasoficinas.com\/pt\/#\/schema\/person\/a38eef5de2c41d9e7c9ac10141afddf3","name":"Reda\u00e7\u00e3o JO","image":{"@type":"ImageObject","inLanguage":"pt-PT","@id":"https:\/\/secure.gravatar.com\/avatar\/71f2fa71737ad68a84fea94bc708ddac8ea5b0c4788dc2ad202f3ccb2887742f?s=96&d=wp_user_avatar&r=g","url":"https:\/\/secure.gravatar.com\/avatar\/71f2fa71737ad68a84fea94bc708ddac8ea5b0c4788dc2ad202f3ccb2887742f?s=96&d=wp_user_avatar&r=g","contentUrl":"https:\/\/secure.gravatar.com\/avatar\/71f2fa71737ad68a84fea94bc708ddac8ea5b0c4788dc2ad202f3ccb2887742f?s=96&d=wp_user_avatar&r=g","caption":"Reda\u00e7\u00e3o JO"},"url":"https:\/\/jornaldasoficinas.com\/pt\/author\/joredacao\/"}]}},"_links":{"self":[{"href":"https:\/\/jornaldasoficinas.com\/pt\/wp-json\/wp\/v2\/posts\/11577","targetHints":{"allow":["GET"]}}],"collection":[{"href":"https:\/\/jornaldasoficinas.com\/pt\/wp-json\/wp\/v2\/posts"}],"about":[{"href":"https:\/\/jornaldasoficinas.com\/pt\/wp-json\/wp\/v2\/types\/post"}],"author":[{"embeddable":true,"href":"https:\/\/jornaldasoficinas.com\/pt\/wp-json\/wp\/v2\/users\/15"}],"replies":[{"embeddable":true,"href":"https:\/\/jornaldasoficinas.com\/pt\/wp-json\/wp\/v2\/comments?post=11577"}],"version-history":[{"count":0,"href":"https:\/\/jornaldasoficinas.com\/pt\/wp-json\/wp\/v2\/posts\/11577\/revisions"}],"wp:featuredmedia":[{"embeddable":true,"href":"https:\/\/jornaldasoficinas.com\/pt\/wp-json\/wp\/v2\/media\/11576"}],"wp:attachment":[{"href":"https:\/\/jornaldasoficinas.com\/pt\/wp-json\/wp\/v2\/media?parent=11577"}],"wp:term":[{"taxonomy":"category","embeddable":true,"href":"https:\/\/jornaldasoficinas.com\/pt\/wp-json\/wp\/v2\/categories?post=11577"},{"taxonomy":"post_tag","embeddable":true,"href":"https:\/\/jornaldasoficinas.com\/pt\/wp-json\/wp\/v2\/tags?post=11577"}],"curies":[{"name":"wp","href":"https:\/\/api.w.org\/{rel}","templated":true}]}}