{"id":115900,"date":"2026-04-26T20:30:53","date_gmt":"2026-04-26T19:30:53","guid":{"rendered":"https:\/\/jornaldasoficinas.com\/pt\/?p=115900"},"modified":"2026-04-26T21:55:59","modified_gmt":"2026-04-26T20:55:59","slug":"falta-de-tecnicos-especializados-ameaca-o-setor","status":"publish","type":"post","link":"https:\/\/jornaldasoficinas.com\/pt\/falta-de-tecnicos-especializados-ameaca-o-setor\/","title":{"rendered":"Falta de t\u00e9cnicos especializados amea\u00e7a o setor!"},"content":{"rendered":"<p><img loading=\"lazy\" decoding=\"async\" class=\"alignnone size-full wp-image-116013\" src=\"https:\/\/jornaldasoficinas.com\/pt\/wp-content\/uploads\/2026\/03\/Mao_obra_especializada_oficinas_auto_site.jpg\" alt=\"03 - Mao_obra_especializada_oficinas_auto_site\" width=\"1024\" height=\"580\" srcset=\"https:\/\/jornaldasoficinas.com\/pt\/wp-content\/uploads\/2026\/03\/Mao_obra_especializada_oficinas_auto_site.jpg 1024w, https:\/\/jornaldasoficinas.com\/pt\/wp-content\/uploads\/2026\/03\/Mao_obra_especializada_oficinas_auto_site-300x170.jpg 300w, https:\/\/jornaldasoficinas.com\/pt\/wp-content\/uploads\/2026\/03\/Mao_obra_especializada_oficinas_auto_site-150x85.jpg 150w, https:\/\/jornaldasoficinas.com\/pt\/wp-content\/uploads\/2026\/03\/Mao_obra_especializada_oficinas_auto_site-768x435.jpg 768w\" sizes=\"auto, (max-width: 1024px) 100vw, 1024px\" \/><\/p>\n<p><strong>A transforma\u00e7\u00e3o tecnol\u00f3gica do autom\u00f3vel est\u00e1 a redefinir profundamente o setor do p\u00f3s-venda. Ve\u00edculos cada vez mais digitais, conectados e eletrificados exigem novas compet\u00eancias, novas ferramentas e uma capacidade de adapta\u00e7\u00e3o sem precedentes. No entanto, enquanto o carro evolui para um verdadeiro \u201ccomputador sobre rodas\u201d, o setor enfrenta um obst\u00e1culo cr\u00edtico: a escassez estrutural de m\u00e3o de obra qualificada<\/strong><\/p>\n<p>De acordo com dados recentes da <a href=\"https:\/\/www.anecra.pt\/\" target=\"_blank\" rel=\"noopener\">ANECRA<\/a>, 74% das empresas identificam a falta de t\u00e9cnicos como o principal constrangimento \u00e0 sua atividade \u2014 um aumento expressivo face aos 45% registados em 2022. Este agravamento revela que o problema n\u00e3o \u00e9 conjuntural, mas sim estrutural, resultado de anos de subinvestimento na valoriza\u00e7\u00e3o das profiss\u00f5es, na forma\u00e7\u00e3o e na liga\u00e7\u00e3o ao sistema educativo.<\/p>\n<p>O paradoxo \u00e9 evidente: h\u00e1 procura, h\u00e1 crescimento e h\u00e1 oficinas com elevada carga de trabalho, mas faltam pessoas para responder. E o impacto j\u00e1 se faz sentir no terreno \u2014 tempos de espera mais longos, press\u00e3o sobre os pre\u00e7os e risco de degrada\u00e7\u00e3o da qualidade do servi\u00e7o.<\/p>\n<p>A escassez de t\u00e9cnicos n\u00e3o \u00e9 exclusiva de Portugal. Trata-se de um fen\u00f3meno transversal \u00e0 Europa. Ainda assim, pa\u00edses como Portugal e Espanha enfrentam uma exposi\u00e7\u00e3o maior, fruto de uma moderniza\u00e7\u00e3o mais tardia do setor e de n\u00edveis historicamente mais baixos de valoriza\u00e7\u00e3o destas carreiras.<\/p>\n<p>O desafio \u00e9 duplo: estrutural, ao exigir uma transforma\u00e7\u00e3o profunda na forma como o setor se posiciona e atrai talento; e imediato, na necessidade de responder \u00e0s car\u00eancias atuais. Neste contexto, a imigra\u00e7\u00e3o qualificada surge como solu\u00e7\u00e3o parcial, embora ainda limitada por processos burocr\u00e1ticos pouco \u00e1geis.<\/p>\n<p>O perfil do \u201cmec\u00e2nico tradicional\u201d est\u00e1 em clara transforma\u00e7\u00e3o. Hoje, o profissional do p\u00f3s-venda \u00e9 cada vez mais um t\u00e9cnico de mobilidade, com compet\u00eancias h\u00edbridas que combinam mec\u00e2nica, eletr\u00f3nica, software e an\u00e1lise de dados.<\/p>\n<p>Fun\u00e7\u00f5es como mecatr\u00f3nicos, t\u00e9cnicos de colis\u00e3o ou pintores autom\u00f3veis continuam cr\u00edticas, mas exigem hoje um n\u00edvel de sofistica\u00e7\u00e3o muito superior. A eletrifica\u00e7\u00e3o trouxe novas exig\u00eancias \u2014 desde o trabalho com sistemas de alta tens\u00e3o at\u00e9 ao uso de ferramentas de diagn\u00f3stico avan\u00e7ado \u2014 enquanto os sistemas ADAS e a conectividade elevam ainda mais a complexidade.<\/p>\n<p>O problema \u00e9 que esta evolu\u00e7\u00e3o n\u00e3o foi acompanhada por uma mudan\u00e7a equivalente na perce\u00e7\u00e3o social da profiss\u00e3o. Muitos jovens continuam a associar estas carreiras a fun\u00e7\u00f5es pouco qualificadas e mal remuneradas, afastando-se de um setor que, na pr\u00e1tica, oferece hoje oportunidades altamente tecnol\u00f3gicas.<\/p>\n<p>Apesar de existirem bons exemplos, como o trabalho desenvolvido pelo CEPRA, o sistema de forma\u00e7\u00e3o ainda n\u00e3o acompanha plenamente a velocidade da transforma\u00e7\u00e3o tecnol\u00f3gica.<\/p>\n<p>Os curr\u00edculos tendem a ser r\u00edgidos, a atualiza\u00e7\u00e3o \u00e9 lenta e a liga\u00e7\u00e3o \u00e0s necessidades reais das oficinas nem sempre \u00e9 eficaz. Al\u00e9m disso, muitos jovens formados acabam por n\u00e3o permanecer no setor, agravando o problema da renova\u00e7\u00e3o geracional.<\/p>\n<p>O desafio n\u00e3o \u00e9 apenas formar mais, mas formar melhor \u2014 com maior componente pr\u00e1tica, maior proximidade \u00e0s empresas e mecanismos de requalifica\u00e7\u00e3o cont\u00ednua mais \u00e1geis.<\/p>\n<p>Outro fator cr\u00edtico \u00e9 a competitividade das condi\u00e7\u00f5es oferecidas. Apesar de uma tend\u00eancia recente de valoriza\u00e7\u00e3o salarial, impulsionada pela escassez de m\u00e3o de obra, os n\u00edveis de remunera\u00e7\u00e3o ainda n\u00e3o refletem plenamente a exig\u00eancia t\u00e9cnica das fun\u00e7\u00f5es.<\/p>\n<p>Sem progress\u00e3o clara, reconhecimento social e condi\u00e7\u00f5es atrativas, o setor ter\u00e1 dificuldade em competir por talento, sobretudo com outras \u00e1reas tecnol\u00f3gicas que captam perfis semelhantes.<\/p>\n<p>A falta de qualifica\u00e7\u00e3o n\u00e3o \u00e9 apenas um problema laboral \u2014 \u00e9 um risco estrat\u00e9gico. A transi\u00e7\u00e3o para ve\u00edculos el\u00e9tricos e mais tecnol\u00f3gicos depende da capacidade instalada para reparar e manter esses ve\u00edculos.<\/p>\n<p>Sem t\u00e9cnicos preparados, a ado\u00e7\u00e3o destas tecnologias pode ser travada na pr\u00e1tica, comprometendo objetivos ambientais e a pr\u00f3pria confian\u00e7a dos consumidores. Importa sublinhar que este desafio n\u00e3o se limita aos el\u00e9tricos: mesmo os ve\u00edculos a combust\u00e3o atuais j\u00e1 incorporam n\u00edveis elevados de complexidade tecnol\u00f3gica.<\/p>\n<p>Os efeitos da escassez de recursos humanos especializados j\u00e1 s\u00e3o vis\u00edveis: atrasos nas repara\u00e7\u00f5es, aumento de pre\u00e7os e maior press\u00e3o sobre as equipas. Em casos extremos, h\u00e1 empresas que enfrentam dificuldades n\u00e3o por falta de clientes, mas por falta de trabalhadores.<\/p>\n<p>Se nada mudar, o setor poder\u00e1 tornar-se mais concentrado e desigual. Grandes operadores, com capacidade de investimento, continuar\u00e3o a adaptar-se, enquanto muitas pequenas e m\u00e9dias oficinas poder\u00e3o desaparecer.<\/p>\n<p>Num cen\u00e1rio limite, o risco vai al\u00e9m do setor: compromete a mobilidade. Sem t\u00e9cnicos, n\u00e3o h\u00e1 repara\u00e7\u00e3o. Sem repara\u00e7\u00e3o, n\u00e3o h\u00e1 circula\u00e7\u00e3o. E sem mobilidade, a economia \u00e9 afetada.<\/p>\n<p>O p\u00f3s-venda autom\u00f3vel tem hoje mercado, tecnologia e procura. O que est\u00e1 em causa \u00e9 garantir que tem tamb\u00e9m pessoas. Isso exige uma resposta coordenada \u2014 entre empresas, sistema educativo e decisores pol\u00edticos \u2014 centrada na valoriza\u00e7\u00e3o das profiss\u00f5es, na moderniza\u00e7\u00e3o da forma\u00e7\u00e3o e na atra\u00e7\u00e3o de talento.<\/p>\n<p>&nbsp;<\/p>\n","protected":false},"excerpt":{"rendered":"<p>A transforma\u00e7\u00e3o tecnol\u00f3gica do autom\u00f3vel est\u00e1&#8230;<\/p>\n","protected":false},"author":15,"featured_media":116013,"comment_status":"closed","ping_status":"closed","sticky":false,"template":"","format":"standard","meta":{"footnotes":""},"categories":[37],"tags":[137,336,14996,212,10936,11503,14331],"class_list":["post-115900","post","type-post","status-publish","format-standard","has-post-thumbnail","hentry","category-mercado","tag-anecra","tag-digitalizacao","tag-escassez-de-tecnicos","tag-formacao","tag-tecnicos-especializados","tag-transformacao-tecnologica","tag-veiculos-electrificados"],"yoast_head":"<!-- This site is optimized with the Yoast SEO plugin v27.4 - https:\/\/yoast.com\/product\/yoast-seo-wordpress\/ -->\n<title>Falta de t\u00e9cnicos especializados amea\u00e7a o setor! - Jornal das Oficinas<\/title>\n<meta name=\"description\" content=\"A transforma\u00e7\u00e3o tecnol\u00f3gica do autom\u00f3vel est\u00e1 a redefinir profundamente o p\u00f3s-venda. Cada vez mais digitais, conectados e eletrificados\" \/>\n<meta name=\"robots\" content=\"index, follow, max-snippet:-1, max-image-preview:large, max-video-preview:-1\" \/>\n<link rel=\"canonical\" href=\"https:\/\/jornaldasoficinas.com\/pt\/falta-de-tecnicos-especializados-ameaca-o-setor\/\" \/>\n<meta property=\"og:locale\" content=\"pt_PT\" \/>\n<meta property=\"og:type\" content=\"article\" \/>\n<meta property=\"og:title\" content=\"Falta de t\u00e9cnicos especializados amea\u00e7a o setor! - Jornal das Oficinas\" \/>\n<meta property=\"og:description\" content=\"A transforma\u00e7\u00e3o tecnol\u00f3gica do autom\u00f3vel est\u00e1 a redefinir profundamente o p\u00f3s-venda. Cada vez mais digitais, conectados e eletrificados\" \/>\n<meta property=\"og:url\" content=\"https:\/\/jornaldasoficinas.com\/pt\/falta-de-tecnicos-especializados-ameaca-o-setor\/\" \/>\n<meta property=\"og:site_name\" content=\"Jornal das Oficinas\" \/>\n<meta property=\"article:publisher\" content=\"https:\/\/www.facebook.com\/jornaloficinas\" \/>\n<meta property=\"article:published_time\" content=\"2026-04-26T19:30:53+00:00\" \/>\n<meta property=\"article:modified_time\" content=\"2026-04-26T20:55:59+00:00\" \/>\n<meta property=\"og:image\" content=\"https:\/\/jornaldasoficinas.com\/pt\/wp-content\/uploads\/2026\/03\/Mao_obra_especializada_oficinas_auto_site.jpg\" \/>\n\t<meta property=\"og:image:width\" content=\"1024\" \/>\n\t<meta property=\"og:image:height\" content=\"580\" \/>\n\t<meta property=\"og:image:type\" content=\"image\/jpeg\" \/>\n<meta name=\"author\" content=\"Reda\u00e7\u00e3o JO\" \/>\n<meta name=\"twitter:card\" content=\"summary_large_image\" \/>\n<meta name=\"twitter:creator\" content=\"@jornaloficinas\" \/>\n<meta name=\"twitter:site\" content=\"@jornaloficinas\" \/>\n<meta name=\"twitter:label1\" content=\"Escrito por\" \/>\n\t<meta name=\"twitter:data1\" content=\"Reda\u00e7\u00e3o JO\" \/>\n\t<meta name=\"twitter:label2\" content=\"Tempo estimado de leitura\" \/>\n\t<meta name=\"twitter:data2\" content=\"5 minutos\" \/>\n<script type=\"application\/ld+json\" class=\"yoast-schema-graph\">{\"@context\":\"https:\\\/\\\/schema.org\",\"@graph\":[{\"@type\":\"Article\",\"@id\":\"https:\\\/\\\/jornaldasoficinas.com\\\/pt\\\/falta-de-tecnicos-especializados-ameaca-o-setor\\\/#article\",\"isPartOf\":{\"@id\":\"https:\\\/\\\/jornaldasoficinas.com\\\/pt\\\/falta-de-tecnicos-especializados-ameaca-o-setor\\\/\"},\"author\":{\"name\":\"Reda\u00e7\u00e3o JO\",\"@id\":\"https:\\\/\\\/jornaldasoficinas.com\\\/pt\\\/#\\\/schema\\\/person\\\/a38eef5de2c41d9e7c9ac10141afddf3\"},\"headline\":\"Falta de t\u00e9cnicos especializados amea\u00e7a o setor!\",\"datePublished\":\"2026-04-26T19:30:53+00:00\",\"dateModified\":\"2026-04-26T20:55:59+00:00\",\"mainEntityOfPage\":{\"@id\":\"https:\\\/\\\/jornaldasoficinas.com\\\/pt\\\/falta-de-tecnicos-especializados-ameaca-o-setor\\\/\"},\"wordCount\":886,\"publisher\":{\"@id\":\"https:\\\/\\\/jornaldasoficinas.com\\\/pt\\\/#organization\"},\"image\":{\"@id\":\"https:\\\/\\\/jornaldasoficinas.com\\\/pt\\\/falta-de-tecnicos-especializados-ameaca-o-setor\\\/#primaryimage\"},\"thumbnailUrl\":\"https:\\\/\\\/jornaldasoficinas.com\\\/pt\\\/wp-content\\\/uploads\\\/2026\\\/03\\\/Mao_obra_especializada_oficinas_auto_site.jpg\",\"keywords\":[\"ANECRA\",\"Digitaliza\u00e7\u00e3o\",\"escassez de t\u00e9cnicos\",\"Forma\u00e7\u00e3o\",\"t\u00e9cnicos especializados\",\"transforma\u00e7\u00e3o tecnol\u00f3gica\",\"Ve\u00edculos electrificados\"],\"articleSection\":[\"Mercado\"],\"inLanguage\":\"pt-PT\"},{\"@type\":\"WebPage\",\"@id\":\"https:\\\/\\\/jornaldasoficinas.com\\\/pt\\\/falta-de-tecnicos-especializados-ameaca-o-setor\\\/\",\"url\":\"https:\\\/\\\/jornaldasoficinas.com\\\/pt\\\/falta-de-tecnicos-especializados-ameaca-o-setor\\\/\",\"name\":\"Falta de t\u00e9cnicos especializados amea\u00e7a o setor! - Jornal das Oficinas\",\"isPartOf\":{\"@id\":\"https:\\\/\\\/jornaldasoficinas.com\\\/pt\\\/#website\"},\"primaryImageOfPage\":{\"@id\":\"https:\\\/\\\/jornaldasoficinas.com\\\/pt\\\/falta-de-tecnicos-especializados-ameaca-o-setor\\\/#primaryimage\"},\"image\":{\"@id\":\"https:\\\/\\\/jornaldasoficinas.com\\\/pt\\\/falta-de-tecnicos-especializados-ameaca-o-setor\\\/#primaryimage\"},\"thumbnailUrl\":\"https:\\\/\\\/jornaldasoficinas.com\\\/pt\\\/wp-content\\\/uploads\\\/2026\\\/03\\\/Mao_obra_especializada_oficinas_auto_site.jpg\",\"datePublished\":\"2026-04-26T19:30:53+00:00\",\"dateModified\":\"2026-04-26T20:55:59+00:00\",\"description\":\"A transforma\u00e7\u00e3o tecnol\u00f3gica do autom\u00f3vel est\u00e1 a redefinir profundamente o p\u00f3s-venda. Cada vez mais digitais, conectados e eletrificados\",\"breadcrumb\":{\"@id\":\"https:\\\/\\\/jornaldasoficinas.com\\\/pt\\\/falta-de-tecnicos-especializados-ameaca-o-setor\\\/#breadcrumb\"},\"inLanguage\":\"pt-PT\",\"potentialAction\":[{\"@type\":\"ReadAction\",\"target\":[\"https:\\\/\\\/jornaldasoficinas.com\\\/pt\\\/falta-de-tecnicos-especializados-ameaca-o-setor\\\/\"]}]},{\"@type\":\"ImageObject\",\"inLanguage\":\"pt-PT\",\"@id\":\"https:\\\/\\\/jornaldasoficinas.com\\\/pt\\\/falta-de-tecnicos-especializados-ameaca-o-setor\\\/#primaryimage\",\"url\":\"https:\\\/\\\/jornaldasoficinas.com\\\/pt\\\/wp-content\\\/uploads\\\/2026\\\/03\\\/Mao_obra_especializada_oficinas_auto_site.jpg\",\"contentUrl\":\"https:\\\/\\\/jornaldasoficinas.com\\\/pt\\\/wp-content\\\/uploads\\\/2026\\\/03\\\/Mao_obra_especializada_oficinas_auto_site.jpg\",\"width\":1024,\"height\":580,\"caption\":\"03 - Mao_obra_especializada_oficinas_auto_site\"},{\"@type\":\"BreadcrumbList\",\"@id\":\"https:\\\/\\\/jornaldasoficinas.com\\\/pt\\\/falta-de-tecnicos-especializados-ameaca-o-setor\\\/#breadcrumb\",\"itemListElement\":[{\"@type\":\"ListItem\",\"position\":1,\"name\":\"In\u00edcio\",\"item\":\"https:\\\/\\\/jornaldasoficinas.com\\\/pt\\\/\"},{\"@type\":\"ListItem\",\"position\":2,\"name\":\"Falta de t\u00e9cnicos especializados amea\u00e7a o setor!\"}]},{\"@type\":\"WebSite\",\"@id\":\"https:\\\/\\\/jornaldasoficinas.com\\\/pt\\\/#website\",\"url\":\"https:\\\/\\\/jornaldasoficinas.com\\\/pt\\\/\",\"name\":\"Jornal das Oficinas\",\"description\":\"Jornal independente do Aftermarket Autom\u00f3vel em Portugal\",\"publisher\":{\"@id\":\"https:\\\/\\\/jornaldasoficinas.com\\\/pt\\\/#organization\"},\"potentialAction\":[{\"@type\":\"SearchAction\",\"target\":{\"@type\":\"EntryPoint\",\"urlTemplate\":\"https:\\\/\\\/jornaldasoficinas.com\\\/pt\\\/?s={search_term_string}\"},\"query-input\":{\"@type\":\"PropertyValueSpecification\",\"valueRequired\":true,\"valueName\":\"search_term_string\"}}],\"inLanguage\":\"pt-PT\"},{\"@type\":\"Organization\",\"@id\":\"https:\\\/\\\/jornaldasoficinas.com\\\/pt\\\/#organization\",\"name\":\"Jornal das Oficinas\",\"url\":\"https:\\\/\\\/jornaldasoficinas.com\\\/pt\\\/\",\"logo\":{\"@type\":\"ImageObject\",\"inLanguage\":\"pt-PT\",\"@id\":\"https:\\\/\\\/jornaldasoficinas.com\\\/pt\\\/#\\\/schema\\\/logo\\\/image\\\/\",\"url\":\"https:\\\/\\\/jornaldasoficinas.com\\\/pt\\\/wp-content\\\/uploads\\\/logoJO-SEO.png\",\"contentUrl\":\"https:\\\/\\\/jornaldasoficinas.com\\\/pt\\\/wp-content\\\/uploads\\\/logoJO-SEO.png\",\"width\":285,\"height\":450,\"caption\":\"Jornal das Oficinas\"},\"image\":{\"@id\":\"https:\\\/\\\/jornaldasoficinas.com\\\/pt\\\/#\\\/schema\\\/logo\\\/image\\\/\"},\"sameAs\":[\"https:\\\/\\\/www.facebook.com\\\/jornaloficinas\",\"https:\\\/\\\/x.com\\\/jornaloficinas\",\"https:\\\/\\\/www.instagram.com\\\/jornal_oficinas\\\/\",\"https:\\\/\\\/www.linkedin.com\\\/company\\\/jornal-das-oficinas\\\/\",\"https:\\\/\\\/www.youtube.com\\\/channel\\\/UCbQZBqtcvV-oSQrr7RzINGg\"]},{\"@type\":\"Person\",\"@id\":\"https:\\\/\\\/jornaldasoficinas.com\\\/pt\\\/#\\\/schema\\\/person\\\/a38eef5de2c41d9e7c9ac10141afddf3\",\"name\":\"Reda\u00e7\u00e3o JO\",\"image\":{\"@type\":\"ImageObject\",\"inLanguage\":\"pt-PT\",\"@id\":\"https:\\\/\\\/secure.gravatar.com\\\/avatar\\\/71f2fa71737ad68a84fea94bc708ddac8ea5b0c4788dc2ad202f3ccb2887742f?s=96&d=wp_user_avatar&r=g\",\"url\":\"https:\\\/\\\/secure.gravatar.com\\\/avatar\\\/71f2fa71737ad68a84fea94bc708ddac8ea5b0c4788dc2ad202f3ccb2887742f?s=96&d=wp_user_avatar&r=g\",\"contentUrl\":\"https:\\\/\\\/secure.gravatar.com\\\/avatar\\\/71f2fa71737ad68a84fea94bc708ddac8ea5b0c4788dc2ad202f3ccb2887742f?s=96&d=wp_user_avatar&r=g\",\"caption\":\"Reda\u00e7\u00e3o JO\"},\"url\":\"https:\\\/\\\/jornaldasoficinas.com\\\/pt\\\/author\\\/joredacao\\\/\"}]}<\/script>\n<!-- \/ Yoast SEO plugin. -->","yoast_head_json":{"title":"Falta de t\u00e9cnicos especializados amea\u00e7a o setor! - Jornal das Oficinas","description":"A transforma\u00e7\u00e3o tecnol\u00f3gica do autom\u00f3vel est\u00e1 a redefinir profundamente o p\u00f3s-venda. Cada vez mais digitais, conectados e eletrificados","robots":{"index":"index","follow":"follow","max-snippet":"max-snippet:-1","max-image-preview":"max-image-preview:large","max-video-preview":"max-video-preview:-1"},"canonical":"https:\/\/jornaldasoficinas.com\/pt\/falta-de-tecnicos-especializados-ameaca-o-setor\/","og_locale":"pt_PT","og_type":"article","og_title":"Falta de t\u00e9cnicos especializados amea\u00e7a o setor! - Jornal das Oficinas","og_description":"A transforma\u00e7\u00e3o tecnol\u00f3gica do autom\u00f3vel est\u00e1 a redefinir profundamente o p\u00f3s-venda. Cada vez mais digitais, conectados e eletrificados","og_url":"https:\/\/jornaldasoficinas.com\/pt\/falta-de-tecnicos-especializados-ameaca-o-setor\/","og_site_name":"Jornal das Oficinas","article_publisher":"https:\/\/www.facebook.com\/jornaloficinas","article_published_time":"2026-04-26T19:30:53+00:00","article_modified_time":"2026-04-26T20:55:59+00:00","og_image":[{"width":1024,"height":580,"url":"https:\/\/jornaldasoficinas.com\/pt\/wp-content\/uploads\/2026\/03\/Mao_obra_especializada_oficinas_auto_site.jpg","type":"image\/jpeg"}],"author":"Reda\u00e7\u00e3o JO","twitter_card":"summary_large_image","twitter_creator":"@jornaloficinas","twitter_site":"@jornaloficinas","twitter_misc":{"Escrito por":"Reda\u00e7\u00e3o JO","Tempo estimado de leitura":"5 minutos"},"schema":{"@context":"https:\/\/schema.org","@graph":[{"@type":"Article","@id":"https:\/\/jornaldasoficinas.com\/pt\/falta-de-tecnicos-especializados-ameaca-o-setor\/#article","isPartOf":{"@id":"https:\/\/jornaldasoficinas.com\/pt\/falta-de-tecnicos-especializados-ameaca-o-setor\/"},"author":{"name":"Reda\u00e7\u00e3o JO","@id":"https:\/\/jornaldasoficinas.com\/pt\/#\/schema\/person\/a38eef5de2c41d9e7c9ac10141afddf3"},"headline":"Falta de t\u00e9cnicos especializados amea\u00e7a o setor!","datePublished":"2026-04-26T19:30:53+00:00","dateModified":"2026-04-26T20:55:59+00:00","mainEntityOfPage":{"@id":"https:\/\/jornaldasoficinas.com\/pt\/falta-de-tecnicos-especializados-ameaca-o-setor\/"},"wordCount":886,"publisher":{"@id":"https:\/\/jornaldasoficinas.com\/pt\/#organization"},"image":{"@id":"https:\/\/jornaldasoficinas.com\/pt\/falta-de-tecnicos-especializados-ameaca-o-setor\/#primaryimage"},"thumbnailUrl":"https:\/\/jornaldasoficinas.com\/pt\/wp-content\/uploads\/2026\/03\/Mao_obra_especializada_oficinas_auto_site.jpg","keywords":["ANECRA","Digitaliza\u00e7\u00e3o","escassez de t\u00e9cnicos","Forma\u00e7\u00e3o","t\u00e9cnicos especializados","transforma\u00e7\u00e3o tecnol\u00f3gica","Ve\u00edculos electrificados"],"articleSection":["Mercado"],"inLanguage":"pt-PT"},{"@type":"WebPage","@id":"https:\/\/jornaldasoficinas.com\/pt\/falta-de-tecnicos-especializados-ameaca-o-setor\/","url":"https:\/\/jornaldasoficinas.com\/pt\/falta-de-tecnicos-especializados-ameaca-o-setor\/","name":"Falta de t\u00e9cnicos especializados amea\u00e7a o setor! - Jornal das Oficinas","isPartOf":{"@id":"https:\/\/jornaldasoficinas.com\/pt\/#website"},"primaryImageOfPage":{"@id":"https:\/\/jornaldasoficinas.com\/pt\/falta-de-tecnicos-especializados-ameaca-o-setor\/#primaryimage"},"image":{"@id":"https:\/\/jornaldasoficinas.com\/pt\/falta-de-tecnicos-especializados-ameaca-o-setor\/#primaryimage"},"thumbnailUrl":"https:\/\/jornaldasoficinas.com\/pt\/wp-content\/uploads\/2026\/03\/Mao_obra_especializada_oficinas_auto_site.jpg","datePublished":"2026-04-26T19:30:53+00:00","dateModified":"2026-04-26T20:55:59+00:00","description":"A transforma\u00e7\u00e3o tecnol\u00f3gica do autom\u00f3vel est\u00e1 a redefinir profundamente o p\u00f3s-venda. Cada vez mais digitais, conectados e eletrificados","breadcrumb":{"@id":"https:\/\/jornaldasoficinas.com\/pt\/falta-de-tecnicos-especializados-ameaca-o-setor\/#breadcrumb"},"inLanguage":"pt-PT","potentialAction":[{"@type":"ReadAction","target":["https:\/\/jornaldasoficinas.com\/pt\/falta-de-tecnicos-especializados-ameaca-o-setor\/"]}]},{"@type":"ImageObject","inLanguage":"pt-PT","@id":"https:\/\/jornaldasoficinas.com\/pt\/falta-de-tecnicos-especializados-ameaca-o-setor\/#primaryimage","url":"https:\/\/jornaldasoficinas.com\/pt\/wp-content\/uploads\/2026\/03\/Mao_obra_especializada_oficinas_auto_site.jpg","contentUrl":"https:\/\/jornaldasoficinas.com\/pt\/wp-content\/uploads\/2026\/03\/Mao_obra_especializada_oficinas_auto_site.jpg","width":1024,"height":580,"caption":"03 - Mao_obra_especializada_oficinas_auto_site"},{"@type":"BreadcrumbList","@id":"https:\/\/jornaldasoficinas.com\/pt\/falta-de-tecnicos-especializados-ameaca-o-setor\/#breadcrumb","itemListElement":[{"@type":"ListItem","position":1,"name":"In\u00edcio","item":"https:\/\/jornaldasoficinas.com\/pt\/"},{"@type":"ListItem","position":2,"name":"Falta de t\u00e9cnicos especializados amea\u00e7a o setor!"}]},{"@type":"WebSite","@id":"https:\/\/jornaldasoficinas.com\/pt\/#website","url":"https:\/\/jornaldasoficinas.com\/pt\/","name":"Jornal das Oficinas","description":"Jornal independente do Aftermarket Autom\u00f3vel em Portugal","publisher":{"@id":"https:\/\/jornaldasoficinas.com\/pt\/#organization"},"potentialAction":[{"@type":"SearchAction","target":{"@type":"EntryPoint","urlTemplate":"https:\/\/jornaldasoficinas.com\/pt\/?s={search_term_string}"},"query-input":{"@type":"PropertyValueSpecification","valueRequired":true,"valueName":"search_term_string"}}],"inLanguage":"pt-PT"},{"@type":"Organization","@id":"https:\/\/jornaldasoficinas.com\/pt\/#organization","name":"Jornal das Oficinas","url":"https:\/\/jornaldasoficinas.com\/pt\/","logo":{"@type":"ImageObject","inLanguage":"pt-PT","@id":"https:\/\/jornaldasoficinas.com\/pt\/#\/schema\/logo\/image\/","url":"https:\/\/jornaldasoficinas.com\/pt\/wp-content\/uploads\/logoJO-SEO.png","contentUrl":"https:\/\/jornaldasoficinas.com\/pt\/wp-content\/uploads\/logoJO-SEO.png","width":285,"height":450,"caption":"Jornal das Oficinas"},"image":{"@id":"https:\/\/jornaldasoficinas.com\/pt\/#\/schema\/logo\/image\/"},"sameAs":["https:\/\/www.facebook.com\/jornaloficinas","https:\/\/x.com\/jornaloficinas","https:\/\/www.instagram.com\/jornal_oficinas\/","https:\/\/www.linkedin.com\/company\/jornal-das-oficinas\/","https:\/\/www.youtube.com\/channel\/UCbQZBqtcvV-oSQrr7RzINGg"]},{"@type":"Person","@id":"https:\/\/jornaldasoficinas.com\/pt\/#\/schema\/person\/a38eef5de2c41d9e7c9ac10141afddf3","name":"Reda\u00e7\u00e3o JO","image":{"@type":"ImageObject","inLanguage":"pt-PT","@id":"https:\/\/secure.gravatar.com\/avatar\/71f2fa71737ad68a84fea94bc708ddac8ea5b0c4788dc2ad202f3ccb2887742f?s=96&d=wp_user_avatar&r=g","url":"https:\/\/secure.gravatar.com\/avatar\/71f2fa71737ad68a84fea94bc708ddac8ea5b0c4788dc2ad202f3ccb2887742f?s=96&d=wp_user_avatar&r=g","contentUrl":"https:\/\/secure.gravatar.com\/avatar\/71f2fa71737ad68a84fea94bc708ddac8ea5b0c4788dc2ad202f3ccb2887742f?s=96&d=wp_user_avatar&r=g","caption":"Reda\u00e7\u00e3o JO"},"url":"https:\/\/jornaldasoficinas.com\/pt\/author\/joredacao\/"}]}},"_links":{"self":[{"href":"https:\/\/jornaldasoficinas.com\/pt\/wp-json\/wp\/v2\/posts\/115900","targetHints":{"allow":["GET"]}}],"collection":[{"href":"https:\/\/jornaldasoficinas.com\/pt\/wp-json\/wp\/v2\/posts"}],"about":[{"href":"https:\/\/jornaldasoficinas.com\/pt\/wp-json\/wp\/v2\/types\/post"}],"author":[{"embeddable":true,"href":"https:\/\/jornaldasoficinas.com\/pt\/wp-json\/wp\/v2\/users\/15"}],"replies":[{"embeddable":true,"href":"https:\/\/jornaldasoficinas.com\/pt\/wp-json\/wp\/v2\/comments?post=115900"}],"version-history":[{"count":10,"href":"https:\/\/jornaldasoficinas.com\/pt\/wp-json\/wp\/v2\/posts\/115900\/revisions"}],"predecessor-version":[{"id":116014,"href":"https:\/\/jornaldasoficinas.com\/pt\/wp-json\/wp\/v2\/posts\/115900\/revisions\/116014"}],"wp:featuredmedia":[{"embeddable":true,"href":"https:\/\/jornaldasoficinas.com\/pt\/wp-json\/wp\/v2\/media\/116013"}],"wp:attachment":[{"href":"https:\/\/jornaldasoficinas.com\/pt\/wp-json\/wp\/v2\/media?parent=115900"}],"wp:term":[{"taxonomy":"category","embeddable":true,"href":"https:\/\/jornaldasoficinas.com\/pt\/wp-json\/wp\/v2\/categories?post=115900"},{"taxonomy":"post_tag","embeddable":true,"href":"https:\/\/jornaldasoficinas.com\/pt\/wp-json\/wp\/v2\/tags?post=115900"}],"curies":[{"name":"wp","href":"https:\/\/api.w.org\/{rel}","templated":true}]}}