{"id":115906,"date":"2026-04-26T21:00:25","date_gmt":"2026-04-26T20:00:25","guid":{"rendered":"https:\/\/jornaldasoficinas.com\/pt\/?p=115906"},"modified":"2026-04-25T23:43:44","modified_gmt":"2026-04-25T22:43:44","slug":"conheca-os-finalistas-que-vao-disputar-o-titulo-melhor-mecatronico-2026","status":"publish","type":"post","link":"https:\/\/jornaldasoficinas.com\/pt\/conheca-os-finalistas-que-vao-disputar-o-titulo-melhor-mecatronico-2026\/","title":{"rendered":"Conhe\u00e7a os finalistas que v\u00e3o disputar o t\u00edtulo Melhor Mecatr\u00f3nico 2026"},"content":{"rendered":"<p><strong><img loading=\"lazy\" decoding=\"async\" class=\"alignnone size-full wp-image-115898\" src=\"https:\/\/jornaldasoficinas.com\/pt\/wp-content\/uploads\/2026\/03\/Melhor_mecatronico_site_.jpg\" alt=\"03 - Melhor_mecatronico_site_\" width=\"1024\" height=\"580\" srcset=\"https:\/\/jornaldasoficinas.com\/pt\/wp-content\/uploads\/2026\/03\/Melhor_mecatronico_site_.jpg 1024w, https:\/\/jornaldasoficinas.com\/pt\/wp-content\/uploads\/2026\/03\/Melhor_mecatronico_site_-300x170.jpg 300w, https:\/\/jornaldasoficinas.com\/pt\/wp-content\/uploads\/2026\/03\/Melhor_mecatronico_site_-150x85.jpg 150w, https:\/\/jornaldasoficinas.com\/pt\/wp-content\/uploads\/2026\/03\/Melhor_mecatronico_site_-768x435.jpg 768w\" sizes=\"auto, (max-width: 1024px) 100vw, 1024px\" \/><\/strong><\/p>\n<p><strong>A Final da Competi\u00e7\u00e3o <a href=\"https:\/\/www.apcomunicacao.com\/melhor-mecatronico\" target=\"_blank\" rel=\"noopener\">Melhor Mecatr\u00f3nico<\/a> 2026 aproxima-se a passos largos e promete, uma vez mais, afirmar-se como um dos momentos mais relevantes do setor autom\u00f3vel em Portugal. O evento re\u00fane os oito melhores profissionais da \u00e1rea, selecionados ao longo de um exigente processo, que agora se preparam para disputar o t\u00edtulo num ambiente de elevada competitividade e rigor t\u00e9cnico<\/strong><\/p>\n<p>Durante tr\u00eas dias \u2014 29, 30 e 31 de maio \u2014 os finalistas ir\u00e3o colocar \u00e0 prova as suas compet\u00eancias pr\u00e1ticas e te\u00f3ricas, enfrentando desafios que refletem as exig\u00eancias reais das oficinas modernas. O objetivo \u00e9 claro: conquistar um lugar no p\u00f3dio e alcan\u00e7ar o reconhecimento como um dos Melhores Mecatr\u00f3nicos de Portugal.<\/p>\n<p>Este ano, a competi\u00e7\u00e3o volta a integrar o sal\u00e3o <a href=\"https:\/\/www.google.com\/url?sa=t&amp;source=web&amp;rct=j&amp;opi=89978449&amp;url=https:\/\/expomecanica.pt\/pt\/&amp;ved=2ahUKEwj9msf5iIqUAxXVUqQEHURmFkkQFnoECA0QAQ&amp;usg=AOvVaw2RT0JAVsE-fQBR8zlOnhhx\">expoMEC\u00c2NICA<\/a>, um dos maiores eventos nacionais dedicados ao aftermarket autom\u00f3vel. Esta integra\u00e7\u00e3o representa uma oportunidade \u00fanica para o p\u00fablico assistir, em direto, ao desempenho dos concorrentes, aproximando-se da realidade da profiss\u00e3o de mecatr\u00f3nico autom\u00f3vel e compreendendo a sua crescente import\u00e2ncia no setor.<\/p>\n<p>As provas, concebidas pela equipa de formadores do <a href=\"https:\/\/www.cepra.pt\/\">CEPRA<\/a> e lideradas por Eduardo Fonseca, foram desenhadas para avaliar de forma rigorosa e objetiva o desempenho individual de cada participante. O foco est\u00e1 na capacidade de diagn\u00f3stico e resolu\u00e7\u00e3o de problemas: ser\u00e3o introduzidas anomalias id\u00eanticas em ve\u00edculos, que os concorrentes ter\u00e3o de identificar e corrigir utilizando equipamentos,\u00a0ferramentas e informa\u00e7\u00e3o t\u00e9cnica disponibilizados no local.<\/p>\n<p>Mais do que uma competi\u00e7\u00e3o, esta iniciativa pretende destacar o papel fundamental do mecatr\u00f3nico autom\u00f3vel no presente e no futuro das oficinas de repara\u00e7\u00e3o. Numa era em que a tecnologia autom\u00f3vel evolui rapidamente, estes profissionais tornam-se pe\u00e7as-chave na efici\u00eancia, inova\u00e7\u00e3o e rentabilidade do neg\u00f3cio.<\/p>\n<p>Ao longo das v\u00e1rias edi\u00e7\u00f5es, a Competi\u00e7\u00e3o Melhor Mecatr\u00f3nico tem vindo a consolidar-se como uma refer\u00eancia no panorama do p\u00f3s-venda autom\u00f3vel em Portugal. O crescente n\u00famero de participantes, visitantes e patrocinadores reflete o reconhecimento e a import\u00e2ncia desta iniciativa no setor.<\/p>\n<p>Para os finalistas, a participa\u00e7\u00e3o vai muito al\u00e9m da possibilidade de conquistar pr\u00e9mios. Trata-se de uma oportunidade de valoriza\u00e7\u00e3o pessoal e profissional, com impacto direto na sua carreira e visibilidade no mercado de trabalho.<\/p>\n<p><strong>Os oito finalistas da edi\u00e7\u00e3o de 2026 s\u00e3o:<\/strong><\/p>\n<p>&#8211; Bruno Gon\u00e7alves, da <a href=\"https:\/\/caetano.pt\/\">Caetano Porto<\/a> (Porto)<br \/>\n&#8211; Carlos Leal, da <a href=\"https:\/\/www.autoreno.pt\/\" target=\"_blank\" rel=\"noopener\">Autoreno<\/a> (Porto)<br \/>\n&#8211; Marco Esteves, da <a href=\"https:\/\/www.facebook.com\/p\/Auto_Esteves-100043398014032\/\">Auto &#8211; Esteves<\/a> (Arcos de Valdevez)<br \/>\n&#8211; Jo\u00e3o Veiga, da <a href=\"https:\/\/www.brincarautomoveis.pt\/\" target=\"_blank\" rel=\"noopener\">Brincar Autom\u00f3veis<\/a> (Vila Real)<br \/>\n&#8211; Nuno Freitas, Independente (Guimar\u00e3es)<br \/>\n&#8211; Andr\u00e9 Silva, da <a href=\"https:\/\/caetanobus.pt\/en\/home-3\/\">CaetanoBus<\/a> (Porto)<br \/>\n&#8211; Paulo Esp\u00edrito Santo, da Auto Esp\u00edrito Santo (Lisboa)<br \/>\n&#8211; Pedro Ribeiro, da <a href=\"https:\/\/automarques.pt\/\" target=\"_blank\" rel=\"noopener\">M. Marques &amp; M. Leite, Lda<\/a> (Porto)<\/p>\n<p>Com talento, dedica\u00e7\u00e3o e esp\u00edrito competitivo, estes profissionais representam o que de melhor se faz na mecatr\u00f3nica autom\u00f3vel em Portugal. Agora, resta aguardar pelo desenrolar da Final para conhecer quem subir\u00e1 ao p\u00f3dio nesta prestigiada competi\u00e7\u00e3o.<\/p>\n<p>Organiza\u00e7\u00e3o: <a href=\"http:\/\/www.jornaldasoficinas.com\/\">Jornal das Oficinas<\/a><\/p>\n<p>Parceiros: <a href=\"http:\/\/www.cepra.pt\/\">Cepra<\/a> | <a href=\"http:\/\/www.expomecanica.pt\/\">ExpoMEC\u00c2NICA<\/a><\/p>\n<p>Apoios: <a href=\"https:\/\/leaseway.pt\/\">Leaseway<\/a> | <a href=\"https:\/\/www.soccsantos.pt\/\">Soc. Com. C. Santos<\/a> | <a href=\"https:\/\/motorportugal.pt\/\">Motorportugal<\/a> | <a href=\"https:\/\/sparkes.pt\/\">Sparkes<\/a><\/p>\n<p>Patrocinadores 2026: <a href=\"https:\/\/www.dayco.com\/emea-pt\/catalog\/\">Dayco<\/a> | <a href=\"https:\/\/www.adparts.com\/pt-pt\/\">AD Parts<\/a> | <a href=\"https:\/\/www.luzdeairbag.com\/\">Autel by Luzdeairbag<\/a> | <a href=\"https:\/\/www.mewa.pt\/\">Mewa<\/a> | <a href=\"https:\/\/www.yuasa.com\/es\/\">Yuasa Battery<\/a> | <a href=\"https:\/\/www.bahco.com\/pt_pt\/\">Bahco<\/a> | <a href=\"https:\/\/www.meyle.com\/pt\/\">Meyle<\/a> | <a href=\"https:\/\/www.skf.com\/pt\">SKF<\/a> | <a href=\"https:\/\/www.repxpert.pt\/pt\">Repxpert<\/a> | <a href=\"https:\/\/www.liqui-moly.com\/pt\/pt\/\">Liqui Moly<\/a><\/p>\n<p>&nbsp;<\/p>\n","protected":false},"excerpt":{"rendered":"<p>A Final da Competi\u00e7\u00e3o Melhor Mecatr\u00f3nico&#8230;<\/p>\n","protected":false},"author":15,"featured_media":115898,"comment_status":"closed","ping_status":"closed","sticky":false,"template":"","format":"standard","meta":{"footnotes":""},"categories":[5868,37],"tags":[447,11172,4816,2508,14998,1016,9007,14997,4491,141,552,78,8861,272,6703,726,669,69,1472,1453,253,8885,5036,5527],"class_list":["post-115906","post","type-post","status-publish","format-standard","has-post-thumbnail","hentry","category-melhor-mecatronico","category-mercado","tag-ad-parts","tag-autel-by-luzdeairbag","tag-auto-espirito-santo","tag-auto-esteves","tag-autoreno","tag-bahco","tag-brincar-automoveis","tag-caetano-porto","tag-caetanobus","tag-cepra","tag-dayco","tag-expomecanica","tag-leaseway","tag-liqui-moly","tag-m-marques-m-leite","tag-melhor-mecatronico","tag-mewa","tag-meyle","tag-motorportugal","tag-repxpert","tag-skf","tag-soc-com-c-santos","tag-sparkes","tag-yuasa-battery"],"yoast_head":"<!-- This site is optimized with the Yoast SEO plugin v27.4 - https:\/\/yoast.com\/product\/yoast-seo-wordpress\/ -->\n<title>Conhe\u00e7a os finalistas que v\u00e3o disputar o t\u00edtulo Melhor Mecatr\u00f3nico 2026 - Jornal das Oficinas<\/title>\n<meta name=\"description\" content=\"A Final da Competi\u00e7\u00e3o Melhor Mecatr\u00f3nico 2026 aproxima-se e promete ser um dos momentos mais relevantes do setor autom\u00f3vel em Portugal\" \/>\n<meta name=\"robots\" content=\"index, follow, max-snippet:-1, max-image-preview:large, max-video-preview:-1\" \/>\n<link rel=\"canonical\" href=\"https:\/\/jornaldasoficinas.com\/pt\/conheca-os-finalistas-que-vao-disputar-o-titulo-melhor-mecatronico-2026\/\" \/>\n<meta property=\"og:locale\" content=\"pt_PT\" \/>\n<meta property=\"og:type\" content=\"article\" \/>\n<meta property=\"og:title\" content=\"Conhe\u00e7a os finalistas que v\u00e3o disputar o t\u00edtulo Melhor Mecatr\u00f3nico 2026 - Jornal das Oficinas\" \/>\n<meta property=\"og:description\" content=\"A Final da Competi\u00e7\u00e3o Melhor Mecatr\u00f3nico 2026 aproxima-se e promete ser um dos momentos mais relevantes do setor autom\u00f3vel em Portugal\" \/>\n<meta property=\"og:url\" content=\"https:\/\/jornaldasoficinas.com\/pt\/conheca-os-finalistas-que-vao-disputar-o-titulo-melhor-mecatronico-2026\/\" \/>\n<meta property=\"og:site_name\" content=\"Jornal das Oficinas\" \/>\n<meta property=\"article:publisher\" content=\"https:\/\/www.facebook.com\/jornaloficinas\" \/>\n<meta property=\"article:published_time\" content=\"2026-04-26T20:00:25+00:00\" \/>\n<meta property=\"og:image\" content=\"https:\/\/jornaldasoficinas.com\/pt\/wp-content\/uploads\/2026\/03\/Melhor_mecatronico_site_.jpg\" \/>\n\t<meta property=\"og:image:width\" content=\"1024\" \/>\n\t<meta property=\"og:image:height\" content=\"580\" \/>\n\t<meta property=\"og:image:type\" content=\"image\/jpeg\" \/>\n<meta name=\"author\" content=\"Reda\u00e7\u00e3o JO\" \/>\n<meta name=\"twitter:card\" content=\"summary_large_image\" \/>\n<meta name=\"twitter:creator\" content=\"@jornaloficinas\" \/>\n<meta name=\"twitter:site\" content=\"@jornaloficinas\" \/>\n<meta name=\"twitter:label1\" content=\"Escrito por\" \/>\n\t<meta name=\"twitter:data1\" content=\"Reda\u00e7\u00e3o JO\" \/>\n\t<meta name=\"twitter:label2\" content=\"Tempo estimado de leitura\" \/>\n\t<meta name=\"twitter:data2\" content=\"4 minutos\" \/>\n<script type=\"application\/ld+json\" class=\"yoast-schema-graph\">{\"@context\":\"https:\\\/\\\/schema.org\",\"@graph\":[{\"@type\":\"Article\",\"@id\":\"https:\\\/\\\/jornaldasoficinas.com\\\/pt\\\/conheca-os-finalistas-que-vao-disputar-o-titulo-melhor-mecatronico-2026\\\/#article\",\"isPartOf\":{\"@id\":\"https:\\\/\\\/jornaldasoficinas.com\\\/pt\\\/conheca-os-finalistas-que-vao-disputar-o-titulo-melhor-mecatronico-2026\\\/\"},\"author\":{\"name\":\"Reda\u00e7\u00e3o JO\",\"@id\":\"https:\\\/\\\/jornaldasoficinas.com\\\/pt\\\/#\\\/schema\\\/person\\\/a38eef5de2c41d9e7c9ac10141afddf3\"},\"headline\":\"Conhe\u00e7a os finalistas que v\u00e3o disputar o t\u00edtulo Melhor Mecatr\u00f3nico 2026\",\"datePublished\":\"2026-04-26T20:00:25+00:00\",\"mainEntityOfPage\":{\"@id\":\"https:\\\/\\\/jornaldasoficinas.com\\\/pt\\\/conheca-os-finalistas-que-vao-disputar-o-titulo-melhor-mecatronico-2026\\\/\"},\"wordCount\":560,\"publisher\":{\"@id\":\"https:\\\/\\\/jornaldasoficinas.com\\\/pt\\\/#organization\"},\"image\":{\"@id\":\"https:\\\/\\\/jornaldasoficinas.com\\\/pt\\\/conheca-os-finalistas-que-vao-disputar-o-titulo-melhor-mecatronico-2026\\\/#primaryimage\"},\"thumbnailUrl\":\"https:\\\/\\\/jornaldasoficinas.com\\\/pt\\\/wp-content\\\/uploads\\\/2026\\\/03\\\/Melhor_mecatronico_site_.jpg\",\"keywords\":[\"AD Parts\",\"autel by luzdeairbag\",\"Auto Esp\u00edrito Santo\",\"Auto Esteves\",\"Autoreno\",\"Bahco\",\"Brincar Autom\u00f3veis\",\"Caetano Porto\",\"CaetanoBus\",\"CEPRA\",\"Dayco\",\"expoMEC\u00c2NICA\",\"Leaseway\",\"LIQUI MOLY\",\"M. Marques &amp; M. Leite\",\"Melhor Mecatr\u00f3nico\",\"MEWA\",\"MEYLE\",\"Motorportugal\",\"Repxpert\",\"SKF\",\"Soc. Com. C. Santos\",\"Sparkes\",\"Yuasa Battery\"],\"articleSection\":[\"Melhor Mecatr\u00f3nico\",\"Mercado\"],\"inLanguage\":\"pt-PT\"},{\"@type\":\"WebPage\",\"@id\":\"https:\\\/\\\/jornaldasoficinas.com\\\/pt\\\/conheca-os-finalistas-que-vao-disputar-o-titulo-melhor-mecatronico-2026\\\/\",\"url\":\"https:\\\/\\\/jornaldasoficinas.com\\\/pt\\\/conheca-os-finalistas-que-vao-disputar-o-titulo-melhor-mecatronico-2026\\\/\",\"name\":\"Conhe\u00e7a os finalistas que v\u00e3o disputar o t\u00edtulo Melhor Mecatr\u00f3nico 2026 - Jornal das Oficinas\",\"isPartOf\":{\"@id\":\"https:\\\/\\\/jornaldasoficinas.com\\\/pt\\\/#website\"},\"primaryImageOfPage\":{\"@id\":\"https:\\\/\\\/jornaldasoficinas.com\\\/pt\\\/conheca-os-finalistas-que-vao-disputar-o-titulo-melhor-mecatronico-2026\\\/#primaryimage\"},\"image\":{\"@id\":\"https:\\\/\\\/jornaldasoficinas.com\\\/pt\\\/conheca-os-finalistas-que-vao-disputar-o-titulo-melhor-mecatronico-2026\\\/#primaryimage\"},\"thumbnailUrl\":\"https:\\\/\\\/jornaldasoficinas.com\\\/pt\\\/wp-content\\\/uploads\\\/2026\\\/03\\\/Melhor_mecatronico_site_.jpg\",\"datePublished\":\"2026-04-26T20:00:25+00:00\",\"description\":\"A Final da Competi\u00e7\u00e3o Melhor Mecatr\u00f3nico 2026 aproxima-se e promete ser um dos momentos mais relevantes do setor autom\u00f3vel em Portugal\",\"breadcrumb\":{\"@id\":\"https:\\\/\\\/jornaldasoficinas.com\\\/pt\\\/conheca-os-finalistas-que-vao-disputar-o-titulo-melhor-mecatronico-2026\\\/#breadcrumb\"},\"inLanguage\":\"pt-PT\",\"potentialAction\":[{\"@type\":\"ReadAction\",\"target\":[\"https:\\\/\\\/jornaldasoficinas.com\\\/pt\\\/conheca-os-finalistas-que-vao-disputar-o-titulo-melhor-mecatronico-2026\\\/\"]}]},{\"@type\":\"ImageObject\",\"inLanguage\":\"pt-PT\",\"@id\":\"https:\\\/\\\/jornaldasoficinas.com\\\/pt\\\/conheca-os-finalistas-que-vao-disputar-o-titulo-melhor-mecatronico-2026\\\/#primaryimage\",\"url\":\"https:\\\/\\\/jornaldasoficinas.com\\\/pt\\\/wp-content\\\/uploads\\\/2026\\\/03\\\/Melhor_mecatronico_site_.jpg\",\"contentUrl\":\"https:\\\/\\\/jornaldasoficinas.com\\\/pt\\\/wp-content\\\/uploads\\\/2026\\\/03\\\/Melhor_mecatronico_site_.jpg\",\"width\":1024,\"height\":580,\"caption\":\"03 - Melhor_mecatronico_site_\"},{\"@type\":\"BreadcrumbList\",\"@id\":\"https:\\\/\\\/jornaldasoficinas.com\\\/pt\\\/conheca-os-finalistas-que-vao-disputar-o-titulo-melhor-mecatronico-2026\\\/#breadcrumb\",\"itemListElement\":[{\"@type\":\"ListItem\",\"position\":1,\"name\":\"In\u00edcio\",\"item\":\"https:\\\/\\\/jornaldasoficinas.com\\\/pt\\\/\"},{\"@type\":\"ListItem\",\"position\":2,\"name\":\"Conhe\u00e7a os finalistas que v\u00e3o disputar o t\u00edtulo Melhor Mecatr\u00f3nico 2026\"}]},{\"@type\":\"WebSite\",\"@id\":\"https:\\\/\\\/jornaldasoficinas.com\\\/pt\\\/#website\",\"url\":\"https:\\\/\\\/jornaldasoficinas.com\\\/pt\\\/\",\"name\":\"Jornal das Oficinas\",\"description\":\"Jornal independente do Aftermarket Autom\u00f3vel em Portugal\",\"publisher\":{\"@id\":\"https:\\\/\\\/jornaldasoficinas.com\\\/pt\\\/#organization\"},\"potentialAction\":[{\"@type\":\"SearchAction\",\"target\":{\"@type\":\"EntryPoint\",\"urlTemplate\":\"https:\\\/\\\/jornaldasoficinas.com\\\/pt\\\/?s={search_term_string}\"},\"query-input\":{\"@type\":\"PropertyValueSpecification\",\"valueRequired\":true,\"valueName\":\"search_term_string\"}}],\"inLanguage\":\"pt-PT\"},{\"@type\":\"Organization\",\"@id\":\"https:\\\/\\\/jornaldasoficinas.com\\\/pt\\\/#organization\",\"name\":\"Jornal das Oficinas\",\"url\":\"https:\\\/\\\/jornaldasoficinas.com\\\/pt\\\/\",\"logo\":{\"@type\":\"ImageObject\",\"inLanguage\":\"pt-PT\",\"@id\":\"https:\\\/\\\/jornaldasoficinas.com\\\/pt\\\/#\\\/schema\\\/logo\\\/image\\\/\",\"url\":\"https:\\\/\\\/jornaldasoficinas.com\\\/pt\\\/wp-content\\\/uploads\\\/logoJO-SEO.png\",\"contentUrl\":\"https:\\\/\\\/jornaldasoficinas.com\\\/pt\\\/wp-content\\\/uploads\\\/logoJO-SEO.png\",\"width\":285,\"height\":450,\"caption\":\"Jornal das Oficinas\"},\"image\":{\"@id\":\"https:\\\/\\\/jornaldasoficinas.com\\\/pt\\\/#\\\/schema\\\/logo\\\/image\\\/\"},\"sameAs\":[\"https:\\\/\\\/www.facebook.com\\\/jornaloficinas\",\"https:\\\/\\\/x.com\\\/jornaloficinas\",\"https:\\\/\\\/www.instagram.com\\\/jornal_oficinas\\\/\",\"https:\\\/\\\/www.linkedin.com\\\/company\\\/jornal-das-oficinas\\\/\",\"https:\\\/\\\/www.youtube.com\\\/channel\\\/UCbQZBqtcvV-oSQrr7RzINGg\"]},{\"@type\":\"Person\",\"@id\":\"https:\\\/\\\/jornaldasoficinas.com\\\/pt\\\/#\\\/schema\\\/person\\\/a38eef5de2c41d9e7c9ac10141afddf3\",\"name\":\"Reda\u00e7\u00e3o JO\",\"image\":{\"@type\":\"ImageObject\",\"inLanguage\":\"pt-PT\",\"@id\":\"https:\\\/\\\/secure.gravatar.com\\\/avatar\\\/71f2fa71737ad68a84fea94bc708ddac8ea5b0c4788dc2ad202f3ccb2887742f?s=96&d=wp_user_avatar&r=g\",\"url\":\"https:\\\/\\\/secure.gravatar.com\\\/avatar\\\/71f2fa71737ad68a84fea94bc708ddac8ea5b0c4788dc2ad202f3ccb2887742f?s=96&d=wp_user_avatar&r=g\",\"contentUrl\":\"https:\\\/\\\/secure.gravatar.com\\\/avatar\\\/71f2fa71737ad68a84fea94bc708ddac8ea5b0c4788dc2ad202f3ccb2887742f?s=96&d=wp_user_avatar&r=g\",\"caption\":\"Reda\u00e7\u00e3o JO\"},\"url\":\"https:\\\/\\\/jornaldasoficinas.com\\\/pt\\\/author\\\/joredacao\\\/\"}]}<\/script>\n<!-- \/ Yoast SEO plugin. -->","yoast_head_json":{"title":"Conhe\u00e7a os finalistas que v\u00e3o disputar o t\u00edtulo Melhor Mecatr\u00f3nico 2026 - Jornal das Oficinas","description":"A Final da Competi\u00e7\u00e3o Melhor Mecatr\u00f3nico 2026 aproxima-se e promete ser um dos momentos mais relevantes do setor autom\u00f3vel em Portugal","robots":{"index":"index","follow":"follow","max-snippet":"max-snippet:-1","max-image-preview":"max-image-preview:large","max-video-preview":"max-video-preview:-1"},"canonical":"https:\/\/jornaldasoficinas.com\/pt\/conheca-os-finalistas-que-vao-disputar-o-titulo-melhor-mecatronico-2026\/","og_locale":"pt_PT","og_type":"article","og_title":"Conhe\u00e7a os finalistas que v\u00e3o disputar o t\u00edtulo Melhor Mecatr\u00f3nico 2026 - Jornal das Oficinas","og_description":"A Final da Competi\u00e7\u00e3o Melhor Mecatr\u00f3nico 2026 aproxima-se e promete ser um dos momentos mais relevantes do setor autom\u00f3vel em Portugal","og_url":"https:\/\/jornaldasoficinas.com\/pt\/conheca-os-finalistas-que-vao-disputar-o-titulo-melhor-mecatronico-2026\/","og_site_name":"Jornal das Oficinas","article_publisher":"https:\/\/www.facebook.com\/jornaloficinas","article_published_time":"2026-04-26T20:00:25+00:00","og_image":[{"width":1024,"height":580,"url":"https:\/\/jornaldasoficinas.com\/pt\/wp-content\/uploads\/2026\/03\/Melhor_mecatronico_site_.jpg","type":"image\/jpeg"}],"author":"Reda\u00e7\u00e3o JO","twitter_card":"summary_large_image","twitter_creator":"@jornaloficinas","twitter_site":"@jornaloficinas","twitter_misc":{"Escrito por":"Reda\u00e7\u00e3o JO","Tempo estimado de leitura":"4 minutos"},"schema":{"@context":"https:\/\/schema.org","@graph":[{"@type":"Article","@id":"https:\/\/jornaldasoficinas.com\/pt\/conheca-os-finalistas-que-vao-disputar-o-titulo-melhor-mecatronico-2026\/#article","isPartOf":{"@id":"https:\/\/jornaldasoficinas.com\/pt\/conheca-os-finalistas-que-vao-disputar-o-titulo-melhor-mecatronico-2026\/"},"author":{"name":"Reda\u00e7\u00e3o JO","@id":"https:\/\/jornaldasoficinas.com\/pt\/#\/schema\/person\/a38eef5de2c41d9e7c9ac10141afddf3"},"headline":"Conhe\u00e7a os finalistas que v\u00e3o disputar o t\u00edtulo Melhor Mecatr\u00f3nico 2026","datePublished":"2026-04-26T20:00:25+00:00","mainEntityOfPage":{"@id":"https:\/\/jornaldasoficinas.com\/pt\/conheca-os-finalistas-que-vao-disputar-o-titulo-melhor-mecatronico-2026\/"},"wordCount":560,"publisher":{"@id":"https:\/\/jornaldasoficinas.com\/pt\/#organization"},"image":{"@id":"https:\/\/jornaldasoficinas.com\/pt\/conheca-os-finalistas-que-vao-disputar-o-titulo-melhor-mecatronico-2026\/#primaryimage"},"thumbnailUrl":"https:\/\/jornaldasoficinas.com\/pt\/wp-content\/uploads\/2026\/03\/Melhor_mecatronico_site_.jpg","keywords":["AD Parts","autel by luzdeairbag","Auto Esp\u00edrito Santo","Auto Esteves","Autoreno","Bahco","Brincar Autom\u00f3veis","Caetano Porto","CaetanoBus","CEPRA","Dayco","expoMEC\u00c2NICA","Leaseway","LIQUI MOLY","M. Marques &amp; M. Leite","Melhor Mecatr\u00f3nico","MEWA","MEYLE","Motorportugal","Repxpert","SKF","Soc. Com. C. Santos","Sparkes","Yuasa Battery"],"articleSection":["Melhor Mecatr\u00f3nico","Mercado"],"inLanguage":"pt-PT"},{"@type":"WebPage","@id":"https:\/\/jornaldasoficinas.com\/pt\/conheca-os-finalistas-que-vao-disputar-o-titulo-melhor-mecatronico-2026\/","url":"https:\/\/jornaldasoficinas.com\/pt\/conheca-os-finalistas-que-vao-disputar-o-titulo-melhor-mecatronico-2026\/","name":"Conhe\u00e7a os finalistas que v\u00e3o disputar o t\u00edtulo Melhor Mecatr\u00f3nico 2026 - Jornal das Oficinas","isPartOf":{"@id":"https:\/\/jornaldasoficinas.com\/pt\/#website"},"primaryImageOfPage":{"@id":"https:\/\/jornaldasoficinas.com\/pt\/conheca-os-finalistas-que-vao-disputar-o-titulo-melhor-mecatronico-2026\/#primaryimage"},"image":{"@id":"https:\/\/jornaldasoficinas.com\/pt\/conheca-os-finalistas-que-vao-disputar-o-titulo-melhor-mecatronico-2026\/#primaryimage"},"thumbnailUrl":"https:\/\/jornaldasoficinas.com\/pt\/wp-content\/uploads\/2026\/03\/Melhor_mecatronico_site_.jpg","datePublished":"2026-04-26T20:00:25+00:00","description":"A Final da Competi\u00e7\u00e3o Melhor Mecatr\u00f3nico 2026 aproxima-se e promete ser um dos momentos mais relevantes do setor autom\u00f3vel em Portugal","breadcrumb":{"@id":"https:\/\/jornaldasoficinas.com\/pt\/conheca-os-finalistas-que-vao-disputar-o-titulo-melhor-mecatronico-2026\/#breadcrumb"},"inLanguage":"pt-PT","potentialAction":[{"@type":"ReadAction","target":["https:\/\/jornaldasoficinas.com\/pt\/conheca-os-finalistas-que-vao-disputar-o-titulo-melhor-mecatronico-2026\/"]}]},{"@type":"ImageObject","inLanguage":"pt-PT","@id":"https:\/\/jornaldasoficinas.com\/pt\/conheca-os-finalistas-que-vao-disputar-o-titulo-melhor-mecatronico-2026\/#primaryimage","url":"https:\/\/jornaldasoficinas.com\/pt\/wp-content\/uploads\/2026\/03\/Melhor_mecatronico_site_.jpg","contentUrl":"https:\/\/jornaldasoficinas.com\/pt\/wp-content\/uploads\/2026\/03\/Melhor_mecatronico_site_.jpg","width":1024,"height":580,"caption":"03 - Melhor_mecatronico_site_"},{"@type":"BreadcrumbList","@id":"https:\/\/jornaldasoficinas.com\/pt\/conheca-os-finalistas-que-vao-disputar-o-titulo-melhor-mecatronico-2026\/#breadcrumb","itemListElement":[{"@type":"ListItem","position":1,"name":"In\u00edcio","item":"https:\/\/jornaldasoficinas.com\/pt\/"},{"@type":"ListItem","position":2,"name":"Conhe\u00e7a os finalistas que v\u00e3o disputar o t\u00edtulo Melhor Mecatr\u00f3nico 2026"}]},{"@type":"WebSite","@id":"https:\/\/jornaldasoficinas.com\/pt\/#website","url":"https:\/\/jornaldasoficinas.com\/pt\/","name":"Jornal das Oficinas","description":"Jornal independente do Aftermarket Autom\u00f3vel em Portugal","publisher":{"@id":"https:\/\/jornaldasoficinas.com\/pt\/#organization"},"potentialAction":[{"@type":"SearchAction","target":{"@type":"EntryPoint","urlTemplate":"https:\/\/jornaldasoficinas.com\/pt\/?s={search_term_string}"},"query-input":{"@type":"PropertyValueSpecification","valueRequired":true,"valueName":"search_term_string"}}],"inLanguage":"pt-PT"},{"@type":"Organization","@id":"https:\/\/jornaldasoficinas.com\/pt\/#organization","name":"Jornal das Oficinas","url":"https:\/\/jornaldasoficinas.com\/pt\/","logo":{"@type":"ImageObject","inLanguage":"pt-PT","@id":"https:\/\/jornaldasoficinas.com\/pt\/#\/schema\/logo\/image\/","url":"https:\/\/jornaldasoficinas.com\/pt\/wp-content\/uploads\/logoJO-SEO.png","contentUrl":"https:\/\/jornaldasoficinas.com\/pt\/wp-content\/uploads\/logoJO-SEO.png","width":285,"height":450,"caption":"Jornal das Oficinas"},"image":{"@id":"https:\/\/jornaldasoficinas.com\/pt\/#\/schema\/logo\/image\/"},"sameAs":["https:\/\/www.facebook.com\/jornaloficinas","https:\/\/x.com\/jornaloficinas","https:\/\/www.instagram.com\/jornal_oficinas\/","https:\/\/www.linkedin.com\/company\/jornal-das-oficinas\/","https:\/\/www.youtube.com\/channel\/UCbQZBqtcvV-oSQrr7RzINGg"]},{"@type":"Person","@id":"https:\/\/jornaldasoficinas.com\/pt\/#\/schema\/person\/a38eef5de2c41d9e7c9ac10141afddf3","name":"Reda\u00e7\u00e3o JO","image":{"@type":"ImageObject","inLanguage":"pt-PT","@id":"https:\/\/secure.gravatar.com\/avatar\/71f2fa71737ad68a84fea94bc708ddac8ea5b0c4788dc2ad202f3ccb2887742f?s=96&d=wp_user_avatar&r=g","url":"https:\/\/secure.gravatar.com\/avatar\/71f2fa71737ad68a84fea94bc708ddac8ea5b0c4788dc2ad202f3ccb2887742f?s=96&d=wp_user_avatar&r=g","contentUrl":"https:\/\/secure.gravatar.com\/avatar\/71f2fa71737ad68a84fea94bc708ddac8ea5b0c4788dc2ad202f3ccb2887742f?s=96&d=wp_user_avatar&r=g","caption":"Reda\u00e7\u00e3o JO"},"url":"https:\/\/jornaldasoficinas.com\/pt\/author\/joredacao\/"}]}},"_links":{"self":[{"href":"https:\/\/jornaldasoficinas.com\/pt\/wp-json\/wp\/v2\/posts\/115906","targetHints":{"allow":["GET"]}}],"collection":[{"href":"https:\/\/jornaldasoficinas.com\/pt\/wp-json\/wp\/v2\/posts"}],"about":[{"href":"https:\/\/jornaldasoficinas.com\/pt\/wp-json\/wp\/v2\/types\/post"}],"author":[{"embeddable":true,"href":"https:\/\/jornaldasoficinas.com\/pt\/wp-json\/wp\/v2\/users\/15"}],"replies":[{"embeddable":true,"href":"https:\/\/jornaldasoficinas.com\/pt\/wp-json\/wp\/v2\/comments?post=115906"}],"version-history":[{"count":8,"href":"https:\/\/jornaldasoficinas.com\/pt\/wp-json\/wp\/v2\/posts\/115906\/revisions"}],"predecessor-version":[{"id":115983,"href":"https:\/\/jornaldasoficinas.com\/pt\/wp-json\/wp\/v2\/posts\/115906\/revisions\/115983"}],"wp:featuredmedia":[{"embeddable":true,"href":"https:\/\/jornaldasoficinas.com\/pt\/wp-json\/wp\/v2\/media\/115898"}],"wp:attachment":[{"href":"https:\/\/jornaldasoficinas.com\/pt\/wp-json\/wp\/v2\/media?parent=115906"}],"wp:term":[{"taxonomy":"category","embeddable":true,"href":"https:\/\/jornaldasoficinas.com\/pt\/wp-json\/wp\/v2\/categories?post=115906"},{"taxonomy":"post_tag","embeddable":true,"href":"https:\/\/jornaldasoficinas.com\/pt\/wp-json\/wp\/v2\/tags?post=115906"}],"curies":[{"name":"wp","href":"https:\/\/api.w.org\/{rel}","templated":true}]}}