{"id":115917,"date":"2026-04-26T22:00:18","date_gmt":"2026-04-26T21:00:18","guid":{"rendered":"https:\/\/jornaldasoficinas.com\/pt\/?p=115917"},"modified":"2026-04-26T22:05:07","modified_gmt":"2026-04-26T21:05:07","slug":"challenge-oficinas-2026-regressa-para-eleger-melhor-oficina-do-ano","status":"publish","type":"post","link":"https:\/\/jornaldasoficinas.com\/pt\/challenge-oficinas-2026-regressa-para-eleger-melhor-oficina-do-ano\/","title":{"rendered":"Challenge Oficinas 2026 regressa para eleger a Melhor Oficina do Ano"},"content":{"rendered":"<p><img loading=\"lazy\" decoding=\"async\" class=\"alignnone size-full wp-image-115896\" src=\"https:\/\/jornaldasoficinas.com\/pt\/wp-content\/uploads\/2026\/03\/challenge_oficinas_site_.jpg\" alt=\"03 - challenge_oficinas_site_\" width=\"1024\" height=\"580\" srcset=\"https:\/\/jornaldasoficinas.com\/pt\/wp-content\/uploads\/2026\/03\/challenge_oficinas_site_.jpg 1024w, https:\/\/jornaldasoficinas.com\/pt\/wp-content\/uploads\/2026\/03\/challenge_oficinas_site_-300x170.jpg 300w, https:\/\/jornaldasoficinas.com\/pt\/wp-content\/uploads\/2026\/03\/challenge_oficinas_site_-150x85.jpg 150w, https:\/\/jornaldasoficinas.com\/pt\/wp-content\/uploads\/2026\/03\/challenge_oficinas_site_-768x435.jpg 768w\" sizes=\"auto, (max-width: 1024px) 100vw, 1024px\" \/><\/p>\n<p><strong>A Competi\u00e7\u00e3o <a href=\"https:\/\/www.apcomunicacao.com\/challenge-oficinas\" target=\"_blank\" rel=\"noopener\">Challenge Oficinas<\/a> 2026 j\u00e1 tem data marcada e promete voltar a afirmar-se como um dos eventos mais relevantes para o setor p\u00f3s-venda em Portugal. Organizada pelo Jornal das Oficinas, em parceria com o <a href=\"https:\/\/grupeina.com\/pt\/\">Grupo Eina<\/a> e a <a href=\"https:\/\/pro4matic.com\/pt\/\" target=\"_blank\" rel=\"noopener\">Pro4matic Car Service,<\/a> a iniciativa realiza-se no pr\u00f3ximo dia 26 de setembro de 2026, em Montemor-o-Velho, e est\u00e1 aberta a oficinas independentes de todo o pa\u00eds<\/strong><\/p>\n<p>\u00c0 semelhan\u00e7a das edi\u00e7\u00f5es anteriores, o Challenge Oficinas prop\u00f5e um ambiente competitivo e colaborativo, onde as equipas t\u00eam a oportunidade de demonstrar o seu valor, ao mesmo tempo que desenvolvem compet\u00eancias t\u00e9cnicas e estrat\u00e9gicas. Mais do que uma competi\u00e7\u00e3o, trata-se de uma experi\u00eancia de aprendizagem e evolu\u00e7\u00e3o profissional.<\/p>\n<p>O evento desafia as oficinas participantes a partilhar conhecimento entre profissionais do setor, refor\u00e7ar compet\u00eancias t\u00e9cnicas e de gest\u00e3o, assim como alargar a vis\u00e3o estrat\u00e9gica sobre os modelos de neg\u00f3cio atuais.<\/p>\n<p>Dirigida tanto a oficinas independentes como a oficinas integradas em redes, esta competi\u00e7\u00e3o destaca-se por promover o esp\u00edrito de equipa, a capacidade de inova\u00e7\u00e3o e a adapta\u00e7\u00e3o \u00e0s exig\u00eancias do mercado autom\u00f3vel moderno.<\/p>\n<p>Participar no Challenge Oficinas \u00e9 uma oportunidade \u00fanica para testar o desempenho da equipa em contexto real e ambicionar o prestigiado t\u00edtulo de Melhor Oficina do Ano. As oficinas inscritas ir\u00e3o disputar um lugar entre as dez finalistas, que marcar\u00e3o presen\u00e7a na grande final em Montemor-o-Velho.<\/p>\n<p>Outro dos pontos fortes do evento \u00e9 a participa\u00e7\u00e3o ativa dos patrocinadores \u2014 <a href=\"https:\/\/store.autel.com\/\" target=\"_blank\" rel=\"noopener\">Autel<\/a>, <a href=\"https:\/\/www.openparts.it\/en\">OpenParts<\/a>, <a href=\"https:\/\/www.bahco.com\/pt_pt\/\" target=\"_blank\" rel=\"noopener\">Bahco<\/a>, <a href=\"https:\/\/www.meyle.com\/pt\/\">Meyle<\/a> e <a href=\"https:\/\/www.dayco.com\/emea-pt\/\" target=\"_blank\" rel=\"noopener\">Dayco<\/a> \u2014 que interagem diretamente com os concorrentes durante os exerc\u00edcios, tornando os desafios mais din\u00e2micos e pr\u00f3ximos da realidade do dia a dia nas oficinas.<\/p>\n<p><strong>Inscri\u00e7\u00f5es abertas e gratuitas<br \/>\n<\/strong>As inscri\u00e7\u00f5es continuam abertas at\u00e9 final de abril 2026 e s\u00e3o <strong>gratuitas<\/strong>, podendo ser efetuadas atrav\u00e9s do site oficial: <a href=\"http:\/\/www.challengeoficinas.pt\">www.challengeoficinas.pt<\/a><\/p>\n<p>Esta \u00e9 a oportunidade ideal para as oficinas que querem destacar-se no setor, ganhar visibilidade e evoluir em termos t\u00e9cnicos e estrat\u00e9gicos.<\/p>\n<p><strong>S\u00f3 os melhores chegam \u00e0 final. A sua oficina est\u00e1 preparada para o desafio?<\/strong><\/p>\n<p><strong>\u00a0<\/strong>Organiza\u00e7\u00e3o: <a href=\"http:\/\/www.jornaldasoficinas.com\/\">Jornal das Oficinas<\/a><\/p>\n<p>Parceiros: <a href=\"https:\/\/grupeina.com\/pt\/\">Group Eina<\/a> | <a href=\"https:\/\/pro4matic.com\/pt\/\">Pro4matic Car Service<\/a><\/p>\n<p>Patrocinadores 2026: <a href=\"https:\/\/www.luzdeairbag.com\/\">Autel by Luzdeairbag<\/a> | <a href=\"https:\/\/www.openparts.it\/es\">Open Parts<\/a> | <a href=\"https:\/\/www.bahco.com\/pt_pt\/\">Bahco<\/a> | <a href=\"https:\/\/www.meyle.com\/pt\/\">Meyle<\/a> | <a href=\"https:\/\/www.dayco.com\/emea-pt\/catalog\/\">Dayco<\/a><\/p>\n<p>&nbsp;<\/p>\n","protected":false},"excerpt":{"rendered":"<p>A Competi\u00e7\u00e3o Challenge Oficinas 2026 j\u00e1&#8230;<\/p>\n","protected":false},"author":15,"featured_media":115896,"comment_status":"closed","ping_status":"closed","sticky":false,"template":"","format":"standard","meta":{"footnotes":""},"categories":[5869,37],"tags":[1643,1196,4058,552,2536,10939,69,5552,5928,1907,4057,4318],"class_list":["post-115917","post","type-post","status-publish","format-standard","has-post-thumbnail","hentry","category-challenge-oficinas","category-mercado","tag-autel","tag-challenge-oficinas","tag-competicao","tag-dayco","tag-grupo-eina","tag-melhor-oficina","tag-meyle","tag-montemor-o-velho","tag-oficinas-independentes","tag-open-parts","tag-pro4matic-car-service","tag-setor-pos-venda"],"yoast_head":"<!-- This site is optimized with the Yoast SEO plugin v27.4 - https:\/\/yoast.com\/product\/yoast-seo-wordpress\/ -->\n<title>Challenge Oficinas 2026 regressa para eleger a Melhor Oficina do Ano - Jornal das Oficinas<\/title>\n<meta name=\"description\" content=\"A Competi\u00e7\u00e3o Challenge Oficinas 2026 realiza-se a 26 de setembro e promete voltar a afirmar-se como um dos eventos mais relevantes do setor\" \/>\n<meta name=\"robots\" content=\"index, follow, max-snippet:-1, max-image-preview:large, max-video-preview:-1\" \/>\n<link rel=\"canonical\" href=\"https:\/\/jornaldasoficinas.com\/pt\/challenge-oficinas-2026-regressa-para-eleger-melhor-oficina-do-ano\/\" \/>\n<meta property=\"og:locale\" content=\"pt_PT\" \/>\n<meta property=\"og:type\" content=\"article\" \/>\n<meta property=\"og:title\" content=\"Challenge Oficinas 2026 regressa para eleger a Melhor Oficina do Ano - Jornal das Oficinas\" \/>\n<meta property=\"og:description\" content=\"A Competi\u00e7\u00e3o Challenge Oficinas 2026 realiza-se a 26 de setembro e promete voltar a afirmar-se como um dos eventos mais relevantes do setor\" \/>\n<meta property=\"og:url\" content=\"https:\/\/jornaldasoficinas.com\/pt\/challenge-oficinas-2026-regressa-para-eleger-melhor-oficina-do-ano\/\" \/>\n<meta property=\"og:site_name\" content=\"Jornal das Oficinas\" \/>\n<meta property=\"article:publisher\" content=\"https:\/\/www.facebook.com\/jornaloficinas\" \/>\n<meta property=\"article:published_time\" content=\"2026-04-26T21:00:18+00:00\" \/>\n<meta property=\"article:modified_time\" content=\"2026-04-26T21:05:07+00:00\" \/>\n<meta property=\"og:image\" content=\"https:\/\/jornaldasoficinas.com\/pt\/wp-content\/uploads\/2026\/03\/challenge_oficinas_site_.jpg\" \/>\n\t<meta property=\"og:image:width\" content=\"1024\" \/>\n\t<meta property=\"og:image:height\" content=\"580\" \/>\n\t<meta property=\"og:image:type\" content=\"image\/jpeg\" \/>\n<meta name=\"author\" content=\"Reda\u00e7\u00e3o JO\" \/>\n<meta name=\"twitter:card\" content=\"summary_large_image\" \/>\n<meta name=\"twitter:creator\" content=\"@jornaloficinas\" \/>\n<meta name=\"twitter:site\" content=\"@jornaloficinas\" \/>\n<meta name=\"twitter:label1\" content=\"Escrito por\" \/>\n\t<meta name=\"twitter:data1\" content=\"Reda\u00e7\u00e3o JO\" \/>\n\t<meta name=\"twitter:label2\" content=\"Tempo estimado de leitura\" \/>\n\t<meta name=\"twitter:data2\" content=\"3 minutos\" \/>\n<script type=\"application\/ld+json\" class=\"yoast-schema-graph\">{\"@context\":\"https:\\\/\\\/schema.org\",\"@graph\":[{\"@type\":\"Article\",\"@id\":\"https:\\\/\\\/jornaldasoficinas.com\\\/pt\\\/challenge-oficinas-2026-regressa-para-eleger-melhor-oficina-do-ano\\\/#article\",\"isPartOf\":{\"@id\":\"https:\\\/\\\/jornaldasoficinas.com\\\/pt\\\/challenge-oficinas-2026-regressa-para-eleger-melhor-oficina-do-ano\\\/\"},\"author\":{\"name\":\"Reda\u00e7\u00e3o JO\",\"@id\":\"https:\\\/\\\/jornaldasoficinas.com\\\/pt\\\/#\\\/schema\\\/person\\\/a38eef5de2c41d9e7c9ac10141afddf3\"},\"headline\":\"Challenge Oficinas 2026 regressa para eleger a Melhor Oficina do Ano\",\"datePublished\":\"2026-04-26T21:00:18+00:00\",\"dateModified\":\"2026-04-26T21:05:07+00:00\",\"mainEntityOfPage\":{\"@id\":\"https:\\\/\\\/jornaldasoficinas.com\\\/pt\\\/challenge-oficinas-2026-regressa-para-eleger-melhor-oficina-do-ano\\\/\"},\"wordCount\":392,\"publisher\":{\"@id\":\"https:\\\/\\\/jornaldasoficinas.com\\\/pt\\\/#organization\"},\"image\":{\"@id\":\"https:\\\/\\\/jornaldasoficinas.com\\\/pt\\\/challenge-oficinas-2026-regressa-para-eleger-melhor-oficina-do-ano\\\/#primaryimage\"},\"thumbnailUrl\":\"https:\\\/\\\/jornaldasoficinas.com\\\/pt\\\/wp-content\\\/uploads\\\/2026\\\/03\\\/challenge_oficinas_site_.jpg\",\"keywords\":[\"Autel\",\"Challenge Oficinas\",\"Competi\u00e7\u00e3o\",\"Dayco\",\"Grupo Eina\",\"melhor oficina\",\"MEYLE\",\"Montemor-o-Velho\",\"oficinas independentes\",\"Open Parts\",\"Pro4matic Car Service\",\"setor p\u00f3s-venda\"],\"articleSection\":[\"Challenge Oficinas\",\"Mercado\"],\"inLanguage\":\"pt-PT\"},{\"@type\":\"WebPage\",\"@id\":\"https:\\\/\\\/jornaldasoficinas.com\\\/pt\\\/challenge-oficinas-2026-regressa-para-eleger-melhor-oficina-do-ano\\\/\",\"url\":\"https:\\\/\\\/jornaldasoficinas.com\\\/pt\\\/challenge-oficinas-2026-regressa-para-eleger-melhor-oficina-do-ano\\\/\",\"name\":\"Challenge Oficinas 2026 regressa para eleger a Melhor Oficina do Ano - Jornal das Oficinas\",\"isPartOf\":{\"@id\":\"https:\\\/\\\/jornaldasoficinas.com\\\/pt\\\/#website\"},\"primaryImageOfPage\":{\"@id\":\"https:\\\/\\\/jornaldasoficinas.com\\\/pt\\\/challenge-oficinas-2026-regressa-para-eleger-melhor-oficina-do-ano\\\/#primaryimage\"},\"image\":{\"@id\":\"https:\\\/\\\/jornaldasoficinas.com\\\/pt\\\/challenge-oficinas-2026-regressa-para-eleger-melhor-oficina-do-ano\\\/#primaryimage\"},\"thumbnailUrl\":\"https:\\\/\\\/jornaldasoficinas.com\\\/pt\\\/wp-content\\\/uploads\\\/2026\\\/03\\\/challenge_oficinas_site_.jpg\",\"datePublished\":\"2026-04-26T21:00:18+00:00\",\"dateModified\":\"2026-04-26T21:05:07+00:00\",\"description\":\"A Competi\u00e7\u00e3o Challenge Oficinas 2026 realiza-se a 26 de setembro e promete voltar a afirmar-se como um dos eventos mais relevantes do setor\",\"breadcrumb\":{\"@id\":\"https:\\\/\\\/jornaldasoficinas.com\\\/pt\\\/challenge-oficinas-2026-regressa-para-eleger-melhor-oficina-do-ano\\\/#breadcrumb\"},\"inLanguage\":\"pt-PT\",\"potentialAction\":[{\"@type\":\"ReadAction\",\"target\":[\"https:\\\/\\\/jornaldasoficinas.com\\\/pt\\\/challenge-oficinas-2026-regressa-para-eleger-melhor-oficina-do-ano\\\/\"]}]},{\"@type\":\"ImageObject\",\"inLanguage\":\"pt-PT\",\"@id\":\"https:\\\/\\\/jornaldasoficinas.com\\\/pt\\\/challenge-oficinas-2026-regressa-para-eleger-melhor-oficina-do-ano\\\/#primaryimage\",\"url\":\"https:\\\/\\\/jornaldasoficinas.com\\\/pt\\\/wp-content\\\/uploads\\\/2026\\\/03\\\/challenge_oficinas_site_.jpg\",\"contentUrl\":\"https:\\\/\\\/jornaldasoficinas.com\\\/pt\\\/wp-content\\\/uploads\\\/2026\\\/03\\\/challenge_oficinas_site_.jpg\",\"width\":1024,\"height\":580,\"caption\":\"03 - challenge_oficinas_site_\"},{\"@type\":\"BreadcrumbList\",\"@id\":\"https:\\\/\\\/jornaldasoficinas.com\\\/pt\\\/challenge-oficinas-2026-regressa-para-eleger-melhor-oficina-do-ano\\\/#breadcrumb\",\"itemListElement\":[{\"@type\":\"ListItem\",\"position\":1,\"name\":\"In\u00edcio\",\"item\":\"https:\\\/\\\/jornaldasoficinas.com\\\/pt\\\/\"},{\"@type\":\"ListItem\",\"position\":2,\"name\":\"Challenge Oficinas 2026 regressa para eleger a Melhor Oficina do Ano\"}]},{\"@type\":\"WebSite\",\"@id\":\"https:\\\/\\\/jornaldasoficinas.com\\\/pt\\\/#website\",\"url\":\"https:\\\/\\\/jornaldasoficinas.com\\\/pt\\\/\",\"name\":\"Jornal das Oficinas\",\"description\":\"Jornal independente do Aftermarket Autom\u00f3vel em Portugal\",\"publisher\":{\"@id\":\"https:\\\/\\\/jornaldasoficinas.com\\\/pt\\\/#organization\"},\"potentialAction\":[{\"@type\":\"SearchAction\",\"target\":{\"@type\":\"EntryPoint\",\"urlTemplate\":\"https:\\\/\\\/jornaldasoficinas.com\\\/pt\\\/?s={search_term_string}\"},\"query-input\":{\"@type\":\"PropertyValueSpecification\",\"valueRequired\":true,\"valueName\":\"search_term_string\"}}],\"inLanguage\":\"pt-PT\"},{\"@type\":\"Organization\",\"@id\":\"https:\\\/\\\/jornaldasoficinas.com\\\/pt\\\/#organization\",\"name\":\"Jornal das Oficinas\",\"url\":\"https:\\\/\\\/jornaldasoficinas.com\\\/pt\\\/\",\"logo\":{\"@type\":\"ImageObject\",\"inLanguage\":\"pt-PT\",\"@id\":\"https:\\\/\\\/jornaldasoficinas.com\\\/pt\\\/#\\\/schema\\\/logo\\\/image\\\/\",\"url\":\"https:\\\/\\\/jornaldasoficinas.com\\\/pt\\\/wp-content\\\/uploads\\\/logoJO-SEO.png\",\"contentUrl\":\"https:\\\/\\\/jornaldasoficinas.com\\\/pt\\\/wp-content\\\/uploads\\\/logoJO-SEO.png\",\"width\":285,\"height\":450,\"caption\":\"Jornal das Oficinas\"},\"image\":{\"@id\":\"https:\\\/\\\/jornaldasoficinas.com\\\/pt\\\/#\\\/schema\\\/logo\\\/image\\\/\"},\"sameAs\":[\"https:\\\/\\\/www.facebook.com\\\/jornaloficinas\",\"https:\\\/\\\/x.com\\\/jornaloficinas\",\"https:\\\/\\\/www.instagram.com\\\/jornal_oficinas\\\/\",\"https:\\\/\\\/www.linkedin.com\\\/company\\\/jornal-das-oficinas\\\/\",\"https:\\\/\\\/www.youtube.com\\\/channel\\\/UCbQZBqtcvV-oSQrr7RzINGg\"]},{\"@type\":\"Person\",\"@id\":\"https:\\\/\\\/jornaldasoficinas.com\\\/pt\\\/#\\\/schema\\\/person\\\/a38eef5de2c41d9e7c9ac10141afddf3\",\"name\":\"Reda\u00e7\u00e3o JO\",\"image\":{\"@type\":\"ImageObject\",\"inLanguage\":\"pt-PT\",\"@id\":\"https:\\\/\\\/secure.gravatar.com\\\/avatar\\\/71f2fa71737ad68a84fea94bc708ddac8ea5b0c4788dc2ad202f3ccb2887742f?s=96&d=wp_user_avatar&r=g\",\"url\":\"https:\\\/\\\/secure.gravatar.com\\\/avatar\\\/71f2fa71737ad68a84fea94bc708ddac8ea5b0c4788dc2ad202f3ccb2887742f?s=96&d=wp_user_avatar&r=g\",\"contentUrl\":\"https:\\\/\\\/secure.gravatar.com\\\/avatar\\\/71f2fa71737ad68a84fea94bc708ddac8ea5b0c4788dc2ad202f3ccb2887742f?s=96&d=wp_user_avatar&r=g\",\"caption\":\"Reda\u00e7\u00e3o JO\"},\"url\":\"https:\\\/\\\/jornaldasoficinas.com\\\/pt\\\/author\\\/joredacao\\\/\"}]}<\/script>\n<!-- \/ Yoast SEO plugin. -->","yoast_head_json":{"title":"Challenge Oficinas 2026 regressa para eleger a Melhor Oficina do Ano - Jornal das Oficinas","description":"A Competi\u00e7\u00e3o Challenge Oficinas 2026 realiza-se a 26 de setembro e promete voltar a afirmar-se como um dos eventos mais relevantes do setor","robots":{"index":"index","follow":"follow","max-snippet":"max-snippet:-1","max-image-preview":"max-image-preview:large","max-video-preview":"max-video-preview:-1"},"canonical":"https:\/\/jornaldasoficinas.com\/pt\/challenge-oficinas-2026-regressa-para-eleger-melhor-oficina-do-ano\/","og_locale":"pt_PT","og_type":"article","og_title":"Challenge Oficinas 2026 regressa para eleger a Melhor Oficina do Ano - Jornal das Oficinas","og_description":"A Competi\u00e7\u00e3o Challenge Oficinas 2026 realiza-se a 26 de setembro e promete voltar a afirmar-se como um dos eventos mais relevantes do setor","og_url":"https:\/\/jornaldasoficinas.com\/pt\/challenge-oficinas-2026-regressa-para-eleger-melhor-oficina-do-ano\/","og_site_name":"Jornal das Oficinas","article_publisher":"https:\/\/www.facebook.com\/jornaloficinas","article_published_time":"2026-04-26T21:00:18+00:00","article_modified_time":"2026-04-26T21:05:07+00:00","og_image":[{"width":1024,"height":580,"url":"https:\/\/jornaldasoficinas.com\/pt\/wp-content\/uploads\/2026\/03\/challenge_oficinas_site_.jpg","type":"image\/jpeg"}],"author":"Reda\u00e7\u00e3o JO","twitter_card":"summary_large_image","twitter_creator":"@jornaloficinas","twitter_site":"@jornaloficinas","twitter_misc":{"Escrito por":"Reda\u00e7\u00e3o JO","Tempo estimado de leitura":"3 minutos"},"schema":{"@context":"https:\/\/schema.org","@graph":[{"@type":"Article","@id":"https:\/\/jornaldasoficinas.com\/pt\/challenge-oficinas-2026-regressa-para-eleger-melhor-oficina-do-ano\/#article","isPartOf":{"@id":"https:\/\/jornaldasoficinas.com\/pt\/challenge-oficinas-2026-regressa-para-eleger-melhor-oficina-do-ano\/"},"author":{"name":"Reda\u00e7\u00e3o JO","@id":"https:\/\/jornaldasoficinas.com\/pt\/#\/schema\/person\/a38eef5de2c41d9e7c9ac10141afddf3"},"headline":"Challenge Oficinas 2026 regressa para eleger a Melhor Oficina do Ano","datePublished":"2026-04-26T21:00:18+00:00","dateModified":"2026-04-26T21:05:07+00:00","mainEntityOfPage":{"@id":"https:\/\/jornaldasoficinas.com\/pt\/challenge-oficinas-2026-regressa-para-eleger-melhor-oficina-do-ano\/"},"wordCount":392,"publisher":{"@id":"https:\/\/jornaldasoficinas.com\/pt\/#organization"},"image":{"@id":"https:\/\/jornaldasoficinas.com\/pt\/challenge-oficinas-2026-regressa-para-eleger-melhor-oficina-do-ano\/#primaryimage"},"thumbnailUrl":"https:\/\/jornaldasoficinas.com\/pt\/wp-content\/uploads\/2026\/03\/challenge_oficinas_site_.jpg","keywords":["Autel","Challenge Oficinas","Competi\u00e7\u00e3o","Dayco","Grupo Eina","melhor oficina","MEYLE","Montemor-o-Velho","oficinas independentes","Open Parts","Pro4matic Car Service","setor p\u00f3s-venda"],"articleSection":["Challenge Oficinas","Mercado"],"inLanguage":"pt-PT"},{"@type":"WebPage","@id":"https:\/\/jornaldasoficinas.com\/pt\/challenge-oficinas-2026-regressa-para-eleger-melhor-oficina-do-ano\/","url":"https:\/\/jornaldasoficinas.com\/pt\/challenge-oficinas-2026-regressa-para-eleger-melhor-oficina-do-ano\/","name":"Challenge Oficinas 2026 regressa para eleger a Melhor Oficina do Ano - Jornal das Oficinas","isPartOf":{"@id":"https:\/\/jornaldasoficinas.com\/pt\/#website"},"primaryImageOfPage":{"@id":"https:\/\/jornaldasoficinas.com\/pt\/challenge-oficinas-2026-regressa-para-eleger-melhor-oficina-do-ano\/#primaryimage"},"image":{"@id":"https:\/\/jornaldasoficinas.com\/pt\/challenge-oficinas-2026-regressa-para-eleger-melhor-oficina-do-ano\/#primaryimage"},"thumbnailUrl":"https:\/\/jornaldasoficinas.com\/pt\/wp-content\/uploads\/2026\/03\/challenge_oficinas_site_.jpg","datePublished":"2026-04-26T21:00:18+00:00","dateModified":"2026-04-26T21:05:07+00:00","description":"A Competi\u00e7\u00e3o Challenge Oficinas 2026 realiza-se a 26 de setembro e promete voltar a afirmar-se como um dos eventos mais relevantes do setor","breadcrumb":{"@id":"https:\/\/jornaldasoficinas.com\/pt\/challenge-oficinas-2026-regressa-para-eleger-melhor-oficina-do-ano\/#breadcrumb"},"inLanguage":"pt-PT","potentialAction":[{"@type":"ReadAction","target":["https:\/\/jornaldasoficinas.com\/pt\/challenge-oficinas-2026-regressa-para-eleger-melhor-oficina-do-ano\/"]}]},{"@type":"ImageObject","inLanguage":"pt-PT","@id":"https:\/\/jornaldasoficinas.com\/pt\/challenge-oficinas-2026-regressa-para-eleger-melhor-oficina-do-ano\/#primaryimage","url":"https:\/\/jornaldasoficinas.com\/pt\/wp-content\/uploads\/2026\/03\/challenge_oficinas_site_.jpg","contentUrl":"https:\/\/jornaldasoficinas.com\/pt\/wp-content\/uploads\/2026\/03\/challenge_oficinas_site_.jpg","width":1024,"height":580,"caption":"03 - challenge_oficinas_site_"},{"@type":"BreadcrumbList","@id":"https:\/\/jornaldasoficinas.com\/pt\/challenge-oficinas-2026-regressa-para-eleger-melhor-oficina-do-ano\/#breadcrumb","itemListElement":[{"@type":"ListItem","position":1,"name":"In\u00edcio","item":"https:\/\/jornaldasoficinas.com\/pt\/"},{"@type":"ListItem","position":2,"name":"Challenge Oficinas 2026 regressa para eleger a Melhor Oficina do Ano"}]},{"@type":"WebSite","@id":"https:\/\/jornaldasoficinas.com\/pt\/#website","url":"https:\/\/jornaldasoficinas.com\/pt\/","name":"Jornal das Oficinas","description":"Jornal independente do Aftermarket Autom\u00f3vel em Portugal","publisher":{"@id":"https:\/\/jornaldasoficinas.com\/pt\/#organization"},"potentialAction":[{"@type":"SearchAction","target":{"@type":"EntryPoint","urlTemplate":"https:\/\/jornaldasoficinas.com\/pt\/?s={search_term_string}"},"query-input":{"@type":"PropertyValueSpecification","valueRequired":true,"valueName":"search_term_string"}}],"inLanguage":"pt-PT"},{"@type":"Organization","@id":"https:\/\/jornaldasoficinas.com\/pt\/#organization","name":"Jornal das Oficinas","url":"https:\/\/jornaldasoficinas.com\/pt\/","logo":{"@type":"ImageObject","inLanguage":"pt-PT","@id":"https:\/\/jornaldasoficinas.com\/pt\/#\/schema\/logo\/image\/","url":"https:\/\/jornaldasoficinas.com\/pt\/wp-content\/uploads\/logoJO-SEO.png","contentUrl":"https:\/\/jornaldasoficinas.com\/pt\/wp-content\/uploads\/logoJO-SEO.png","width":285,"height":450,"caption":"Jornal das Oficinas"},"image":{"@id":"https:\/\/jornaldasoficinas.com\/pt\/#\/schema\/logo\/image\/"},"sameAs":["https:\/\/www.facebook.com\/jornaloficinas","https:\/\/x.com\/jornaloficinas","https:\/\/www.instagram.com\/jornal_oficinas\/","https:\/\/www.linkedin.com\/company\/jornal-das-oficinas\/","https:\/\/www.youtube.com\/channel\/UCbQZBqtcvV-oSQrr7RzINGg"]},{"@type":"Person","@id":"https:\/\/jornaldasoficinas.com\/pt\/#\/schema\/person\/a38eef5de2c41d9e7c9ac10141afddf3","name":"Reda\u00e7\u00e3o JO","image":{"@type":"ImageObject","inLanguage":"pt-PT","@id":"https:\/\/secure.gravatar.com\/avatar\/71f2fa71737ad68a84fea94bc708ddac8ea5b0c4788dc2ad202f3ccb2887742f?s=96&d=wp_user_avatar&r=g","url":"https:\/\/secure.gravatar.com\/avatar\/71f2fa71737ad68a84fea94bc708ddac8ea5b0c4788dc2ad202f3ccb2887742f?s=96&d=wp_user_avatar&r=g","contentUrl":"https:\/\/secure.gravatar.com\/avatar\/71f2fa71737ad68a84fea94bc708ddac8ea5b0c4788dc2ad202f3ccb2887742f?s=96&d=wp_user_avatar&r=g","caption":"Reda\u00e7\u00e3o JO"},"url":"https:\/\/jornaldasoficinas.com\/pt\/author\/joredacao\/"}]}},"_links":{"self":[{"href":"https:\/\/jornaldasoficinas.com\/pt\/wp-json\/wp\/v2\/posts\/115917","targetHints":{"allow":["GET"]}}],"collection":[{"href":"https:\/\/jornaldasoficinas.com\/pt\/wp-json\/wp\/v2\/posts"}],"about":[{"href":"https:\/\/jornaldasoficinas.com\/pt\/wp-json\/wp\/v2\/types\/post"}],"author":[{"embeddable":true,"href":"https:\/\/jornaldasoficinas.com\/pt\/wp-json\/wp\/v2\/users\/15"}],"replies":[{"embeddable":true,"href":"https:\/\/jornaldasoficinas.com\/pt\/wp-json\/wp\/v2\/comments?post=115917"}],"version-history":[{"count":7,"href":"https:\/\/jornaldasoficinas.com\/pt\/wp-json\/wp\/v2\/posts\/115917\/revisions"}],"predecessor-version":[{"id":116019,"href":"https:\/\/jornaldasoficinas.com\/pt\/wp-json\/wp\/v2\/posts\/115917\/revisions\/116019"}],"wp:featuredmedia":[{"embeddable":true,"href":"https:\/\/jornaldasoficinas.com\/pt\/wp-json\/wp\/v2\/media\/115896"}],"wp:attachment":[{"href":"https:\/\/jornaldasoficinas.com\/pt\/wp-json\/wp\/v2\/media?parent=115917"}],"wp:term":[{"taxonomy":"category","embeddable":true,"href":"https:\/\/jornaldasoficinas.com\/pt\/wp-json\/wp\/v2\/categories?post=115917"},{"taxonomy":"post_tag","embeddable":true,"href":"https:\/\/jornaldasoficinas.com\/pt\/wp-json\/wp\/v2\/tags?post=115917"}],"curies":[{"name":"wp","href":"https:\/\/api.w.org\/{rel}","templated":true}]}}