{"id":115971,"date":"2026-04-28T08:00:06","date_gmt":"2026-04-28T07:00:06","guid":{"rendered":"https:\/\/jornaldasoficinas.com\/pt\/?p=115971"},"modified":"2026-04-26T12:53:01","modified_gmt":"2026-04-26T11:53:01","slug":"bilstein-equipa-novo-aston-martin-vanquish","status":"publish","type":"post","link":"https:\/\/jornaldasoficinas.com\/pt\/bilstein-equipa-novo-aston-martin-vanquish\/","title":{"rendered":"BILSTEIN equipa novo Aston Martin Vanquish"},"content":{"rendered":"<p style=\"font-weight: 400;\"><strong><img loading=\"lazy\" decoding=\"async\" class=\"alignnone size-full wp-image-115987\" src=\"https:\/\/jornaldasoficinas.com\/pt\/wp-content\/uploads\/2026\/03\/BILSTEIN-equipa.jpg\" alt=\"03 - BILSTEIN equipa\" width=\"1024\" height=\"580\" srcset=\"https:\/\/jornaldasoficinas.com\/pt\/wp-content\/uploads\/2026\/03\/BILSTEIN-equipa.jpg 1024w, https:\/\/jornaldasoficinas.com\/pt\/wp-content\/uploads\/2026\/03\/BILSTEIN-equipa-300x170.jpg 300w, https:\/\/jornaldasoficinas.com\/pt\/wp-content\/uploads\/2026\/03\/BILSTEIN-equipa-150x85.jpg 150w, https:\/\/jornaldasoficinas.com\/pt\/wp-content\/uploads\/2026\/03\/BILSTEIN-equipa-768x435.jpg 768w\" sizes=\"auto, (max-width: 1024px) 100vw, 1024px\" \/><\/strong><\/p>\n<p style=\"font-weight: 400;\"><strong>A <a href=\"https:\/\/www.google.com\/url?sa=t&amp;source=web&amp;rct=j&amp;opi=89978449&amp;url=https:\/\/www.astonmartin.com\/en&amp;ved=2ahUKEwiftKGZ_4mUAxU1Q6QEHWMsMC0QFnoECBQQAQ&amp;usg=AOvVaw2fB5gu6hrgDZx4ixxgp4rC\">Aston Martin<\/a> incorporou a tecnologia de suspens\u00e3o <a href=\"https:\/\/www.google.com\/url?sa=t&amp;source=web&amp;rct=j&amp;opi=89978449&amp;url=https:\/\/bilstein.com\/en\/&amp;ved=2ahUKEwilnuuR_4mUAxU3TKQEHWeqDb4QFnoECBsQAQ&amp;usg=AOvVaw1luLu8c53_nu8XjeWuLsJb\">BILSTEIN<\/a> DampTronic X no novo Vanquish, o seu modelo emblem\u00e1tico da gama GT. O objetivo \u00e9 refor\u00e7ar o equil\u00edbrio entre conforto de condu\u00e7\u00e3o e desempenho din\u00e2mico num ve\u00edculo equipado com um motor V12 biturbo de 5,2 litros, 835 CV e 1.000 Nm de bin\u00e1rio<\/strong><\/p>\n<p style=\"font-weight: 400;\">Com esta incorpora\u00e7\u00e3o, o fabricante brit\u00e2nico d\u00e1 continuidade \u00e0 sua colabora\u00e7\u00e3o com a BILSTEIN e aposta numa solu\u00e7\u00e3o de amortecimento adaptativo orientada para melhorar a resposta do ve\u00edculo em diferentes condi\u00e7\u00f5es de condu\u00e7\u00e3o.<\/p>\n<p style=\"font-weight: 400;\">O novo Vanquish mant\u00e9m a configura\u00e7\u00e3o V12 caracter\u00edstica do modelo e atinge uma velocidade m\u00e1xima de 344 km\/h. Para acompanhar este n\u00edvel de desempenho, a Aston Martin desenvolveu um conjunto de chassis focado tanto no conforto em viagens longas como na precis\u00e3o din\u00e2mica.<\/p>\n<p style=\"font-weight: 400;\">&#8220;Estamos perante um motor verdadeiramente extraordin\u00e1rio&#8221;, afirma Simon Newton, diretor de desempenho do ve\u00edculo da Aston Martin. &#8220;Essa capacidade de acelera\u00e7\u00e3o tinha de ser acompanhada por um n\u00edvel equivalente de controlo e precis\u00e3o, algo que conseguimos aproveitando o potencial dos amortecedores adaptativos BILSTEIN DampTronic X, do diferencial eletr\u00f3nico e da eletr\u00f3nica de controlo do ve\u00edculo.&#8221;<\/p>\n<p style=\"font-weight: 400;\">A tecnologia BILSTEIN DampTronic X desempenhou um papel relevante no desenvolvimento din\u00e2mico do ve\u00edculo e j\u00e1 tinha demonstrado o seu potencial em testes realizados pela Aston Martin em 2020 no N\u00fcrburgring Nordschleife. Com base nesses resultados, a marca decidiu incorporar esta solu\u00e7\u00e3o em futuros desportivos da sua gama, entre os quais o hiperdesportivo Valhalla e o novo Vanquish.<\/p>\n<p style=\"font-weight: 400;\">A ado\u00e7\u00e3o desta tecnologia insere-se, al\u00e9m disso, numa rela\u00e7\u00e3o de longa data entre ambas as empresas. \u00abExiste uma rela\u00e7\u00e3o excepcionalmente boa entre ambas as empresas, caracterizada pelo respeito m\u00fatuo e pela proximidade\u00bb, salienta Thomas Grassmann, gestor de contas do departamento de vendas OE da BILSTEIN.<\/p>\n<p style=\"font-weight: 400;\">O n\u00facleo do sistema \u00e9 uma v\u00e1lvula de regula\u00e7\u00e3o de press\u00e3o de resposta muito r\u00e1pida, que permite adaptar a for\u00e7a de amortecimento em mil\u00e9simos de segundo, em fun\u00e7\u00e3o das necessidades detetadas pela unidade central de controlo. Para tal, o sistema processa v\u00e1rias centenas de vezes por segundo informa\u00e7\u00f5es provenientes de diferentes sensores, tais como o movimento da roda e da carro\u00e7aria, a velocidade do ve\u00edculo ou a varia\u00e7\u00e3o do \u00e2ngulo de dire\u00e7\u00e3o, e ajusta individualmente a resposta de cada amortecedor.<\/p>\n<p style=\"font-weight: 400;\">Este funcionamento permite conciliar duas exig\u00eancias habitualmente opostas no desenvolvimento de suspens\u00f5es: o conforto de condu\u00e7\u00e3o, associado a for\u00e7as de amortecimento mais baixas, e o controlo din\u00e2mico, que requer uma resposta mais firme.<\/p>\n<p style=\"font-weight: 400;\">Juntamente com o diferencial eletr\u00f3nico, capaz de bloquear em 135 milissegundos, o sistema contribui para uma resposta especialmente r\u00e1pida do conjunto da suspens\u00e3o. No modo de condu\u00e7\u00e3o GT, o ve\u00edculo prioriza o conforto sem abdicar de um comportamento \u00e1gil e preciso. Nos modos Sport e Sport+, a suspens\u00e3o oferece uma resposta mais direta e um maior controlo da carro\u00e7aria.<\/p>\n<p style=\"font-weight: 400;\">\u201cO baixo peso dos amortecedores DampTronic X, alcan\u00e7ado gra\u00e7as a um conceito com v\u00e1lvula interna e tubos de alum\u00ednio, tamb\u00e9m contribui para reduzir as massas n\u00e3o suspensas\u201d, acrescenta Thomas Grassmann.<\/p>\n<p style=\"font-weight: 400;\">Simon Newton resume assim o resultado: \u201cA combina\u00e7\u00e3o de precis\u00e3o din\u00e2mica, desempenho e requinte permite ao novo Vanquish oferecer uma gama de utiliza\u00e7\u00e3o muito ampla e estabelecer uma nova refer\u00eancia dentro da gama\u201d.<\/p>\n<p style=\"font-weight: 400;\">\n","protected":false},"excerpt":{"rendered":"<p>A Aston Martin incorporou a tecnologia&#8230;<\/p>\n","protected":false},"author":15,"featured_media":115987,"comment_status":"closed","ping_status":"closed","sticky":false,"template":"","format":"standard","meta":{"footnotes":""},"categories":[29],"tags":[1014,9679,1012,15018,3831,15019,15017],"class_list":["post-115971","post","type-post","status-publish","format-standard","has-post-thumbnail","hentry","category-empresas","tag-amortecedores","tag-aston-martin","tag-bilstein","tag-damptronic-x","tag-suspensoes","tag-v12-biturbo","tag-vanquish"],"yoast_head":"<!-- This site is optimized with the Yoast SEO plugin v27.4 - https:\/\/yoast.com\/product\/yoast-seo-wordpress\/ -->\n<title>BILSTEIN equipa novo Aston Martin Vanquish - Jornal das Oficinas<\/title>\n<meta name=\"description\" content=\"A Aston Martin incorporou a tecnologia de suspens\u00e3o BILSTEIN DampTronic X no novo Vanquish, o seu modelo emblem\u00e1tico da gama GT\" \/>\n<meta name=\"robots\" content=\"index, follow, max-snippet:-1, max-image-preview:large, max-video-preview:-1\" \/>\n<link rel=\"canonical\" href=\"https:\/\/jornaldasoficinas.com\/pt\/bilstein-equipa-novo-aston-martin-vanquish\/\" \/>\n<meta property=\"og:locale\" content=\"pt_PT\" \/>\n<meta property=\"og:type\" content=\"article\" \/>\n<meta property=\"og:title\" content=\"BILSTEIN equipa novo Aston Martin Vanquish - Jornal das Oficinas\" \/>\n<meta property=\"og:description\" content=\"A Aston Martin incorporou a tecnologia de suspens\u00e3o BILSTEIN DampTronic X no novo Vanquish, o seu modelo emblem\u00e1tico da gama GT\" \/>\n<meta property=\"og:url\" content=\"https:\/\/jornaldasoficinas.com\/pt\/bilstein-equipa-novo-aston-martin-vanquish\/\" \/>\n<meta property=\"og:site_name\" content=\"Jornal das Oficinas\" \/>\n<meta property=\"article:publisher\" content=\"https:\/\/www.facebook.com\/jornaloficinas\" \/>\n<meta property=\"article:published_time\" content=\"2026-04-28T07:00:06+00:00\" \/>\n<meta property=\"og:image\" content=\"https:\/\/jornaldasoficinas.com\/pt\/wp-content\/uploads\/2026\/03\/BILSTEIN-equipa.jpg\" \/>\n\t<meta property=\"og:image:width\" content=\"1024\" \/>\n\t<meta property=\"og:image:height\" content=\"580\" \/>\n\t<meta property=\"og:image:type\" content=\"image\/jpeg\" \/>\n<meta name=\"author\" content=\"Reda\u00e7\u00e3o JO\" \/>\n<meta name=\"twitter:card\" content=\"summary_large_image\" \/>\n<meta name=\"twitter:creator\" content=\"@jornaloficinas\" \/>\n<meta name=\"twitter:site\" content=\"@jornaloficinas\" \/>\n<meta name=\"twitter:label1\" content=\"Escrito por\" \/>\n\t<meta name=\"twitter:data1\" content=\"Reda\u00e7\u00e3o JO\" \/>\n\t<meta name=\"twitter:label2\" content=\"Tempo estimado de leitura\" \/>\n\t<meta name=\"twitter:data2\" content=\"3 minutos\" \/>\n<script type=\"application\/ld+json\" class=\"yoast-schema-graph\">{\"@context\":\"https:\\\/\\\/schema.org\",\"@graph\":[{\"@type\":\"Article\",\"@id\":\"https:\\\/\\\/jornaldasoficinas.com\\\/pt\\\/bilstein-equipa-novo-aston-martin-vanquish\\\/#article\",\"isPartOf\":{\"@id\":\"https:\\\/\\\/jornaldasoficinas.com\\\/pt\\\/bilstein-equipa-novo-aston-martin-vanquish\\\/\"},\"author\":{\"name\":\"Reda\u00e7\u00e3o JO\",\"@id\":\"https:\\\/\\\/jornaldasoficinas.com\\\/pt\\\/#\\\/schema\\\/person\\\/a38eef5de2c41d9e7c9ac10141afddf3\"},\"headline\":\"BILSTEIN equipa novo Aston Martin Vanquish\",\"datePublished\":\"2026-04-28T07:00:06+00:00\",\"mainEntityOfPage\":{\"@id\":\"https:\\\/\\\/jornaldasoficinas.com\\\/pt\\\/bilstein-equipa-novo-aston-martin-vanquish\\\/\"},\"wordCount\":595,\"publisher\":{\"@id\":\"https:\\\/\\\/jornaldasoficinas.com\\\/pt\\\/#organization\"},\"image\":{\"@id\":\"https:\\\/\\\/jornaldasoficinas.com\\\/pt\\\/bilstein-equipa-novo-aston-martin-vanquish\\\/#primaryimage\"},\"thumbnailUrl\":\"https:\\\/\\\/jornaldasoficinas.com\\\/pt\\\/wp-content\\\/uploads\\\/2026\\\/03\\\/BILSTEIN-equipa.jpg\",\"keywords\":[\"amortecedores\",\"Aston Martin\",\"Bilstein\",\"DampTronic X\",\"Suspens\u00f5es\",\"V12 biturbo\",\"Vanquish\"],\"articleSection\":[\"Empresas\"],\"inLanguage\":\"pt-PT\"},{\"@type\":\"WebPage\",\"@id\":\"https:\\\/\\\/jornaldasoficinas.com\\\/pt\\\/bilstein-equipa-novo-aston-martin-vanquish\\\/\",\"url\":\"https:\\\/\\\/jornaldasoficinas.com\\\/pt\\\/bilstein-equipa-novo-aston-martin-vanquish\\\/\",\"name\":\"BILSTEIN equipa novo Aston Martin Vanquish - Jornal das Oficinas\",\"isPartOf\":{\"@id\":\"https:\\\/\\\/jornaldasoficinas.com\\\/pt\\\/#website\"},\"primaryImageOfPage\":{\"@id\":\"https:\\\/\\\/jornaldasoficinas.com\\\/pt\\\/bilstein-equipa-novo-aston-martin-vanquish\\\/#primaryimage\"},\"image\":{\"@id\":\"https:\\\/\\\/jornaldasoficinas.com\\\/pt\\\/bilstein-equipa-novo-aston-martin-vanquish\\\/#primaryimage\"},\"thumbnailUrl\":\"https:\\\/\\\/jornaldasoficinas.com\\\/pt\\\/wp-content\\\/uploads\\\/2026\\\/03\\\/BILSTEIN-equipa.jpg\",\"datePublished\":\"2026-04-28T07:00:06+00:00\",\"description\":\"A Aston Martin incorporou a tecnologia de suspens\u00e3o BILSTEIN DampTronic X no novo Vanquish, o seu modelo emblem\u00e1tico da gama GT\",\"breadcrumb\":{\"@id\":\"https:\\\/\\\/jornaldasoficinas.com\\\/pt\\\/bilstein-equipa-novo-aston-martin-vanquish\\\/#breadcrumb\"},\"inLanguage\":\"pt-PT\",\"potentialAction\":[{\"@type\":\"ReadAction\",\"target\":[\"https:\\\/\\\/jornaldasoficinas.com\\\/pt\\\/bilstein-equipa-novo-aston-martin-vanquish\\\/\"]}]},{\"@type\":\"ImageObject\",\"inLanguage\":\"pt-PT\",\"@id\":\"https:\\\/\\\/jornaldasoficinas.com\\\/pt\\\/bilstein-equipa-novo-aston-martin-vanquish\\\/#primaryimage\",\"url\":\"https:\\\/\\\/jornaldasoficinas.com\\\/pt\\\/wp-content\\\/uploads\\\/2026\\\/03\\\/BILSTEIN-equipa.jpg\",\"contentUrl\":\"https:\\\/\\\/jornaldasoficinas.com\\\/pt\\\/wp-content\\\/uploads\\\/2026\\\/03\\\/BILSTEIN-equipa.jpg\",\"width\":1024,\"height\":580,\"caption\":\"03 - BILSTEIN equipa\"},{\"@type\":\"BreadcrumbList\",\"@id\":\"https:\\\/\\\/jornaldasoficinas.com\\\/pt\\\/bilstein-equipa-novo-aston-martin-vanquish\\\/#breadcrumb\",\"itemListElement\":[{\"@type\":\"ListItem\",\"position\":1,\"name\":\"In\u00edcio\",\"item\":\"https:\\\/\\\/jornaldasoficinas.com\\\/pt\\\/\"},{\"@type\":\"ListItem\",\"position\":2,\"name\":\"BILSTEIN equipa novo Aston Martin Vanquish\"}]},{\"@type\":\"WebSite\",\"@id\":\"https:\\\/\\\/jornaldasoficinas.com\\\/pt\\\/#website\",\"url\":\"https:\\\/\\\/jornaldasoficinas.com\\\/pt\\\/\",\"name\":\"Jornal das Oficinas\",\"description\":\"Jornal independente do Aftermarket Autom\u00f3vel em Portugal\",\"publisher\":{\"@id\":\"https:\\\/\\\/jornaldasoficinas.com\\\/pt\\\/#organization\"},\"potentialAction\":[{\"@type\":\"SearchAction\",\"target\":{\"@type\":\"EntryPoint\",\"urlTemplate\":\"https:\\\/\\\/jornaldasoficinas.com\\\/pt\\\/?s={search_term_string}\"},\"query-input\":{\"@type\":\"PropertyValueSpecification\",\"valueRequired\":true,\"valueName\":\"search_term_string\"}}],\"inLanguage\":\"pt-PT\"},{\"@type\":\"Organization\",\"@id\":\"https:\\\/\\\/jornaldasoficinas.com\\\/pt\\\/#organization\",\"name\":\"Jornal das Oficinas\",\"url\":\"https:\\\/\\\/jornaldasoficinas.com\\\/pt\\\/\",\"logo\":{\"@type\":\"ImageObject\",\"inLanguage\":\"pt-PT\",\"@id\":\"https:\\\/\\\/jornaldasoficinas.com\\\/pt\\\/#\\\/schema\\\/logo\\\/image\\\/\",\"url\":\"https:\\\/\\\/jornaldasoficinas.com\\\/pt\\\/wp-content\\\/uploads\\\/logoJO-SEO.png\",\"contentUrl\":\"https:\\\/\\\/jornaldasoficinas.com\\\/pt\\\/wp-content\\\/uploads\\\/logoJO-SEO.png\",\"width\":285,\"height\":450,\"caption\":\"Jornal das Oficinas\"},\"image\":{\"@id\":\"https:\\\/\\\/jornaldasoficinas.com\\\/pt\\\/#\\\/schema\\\/logo\\\/image\\\/\"},\"sameAs\":[\"https:\\\/\\\/www.facebook.com\\\/jornaloficinas\",\"https:\\\/\\\/x.com\\\/jornaloficinas\",\"https:\\\/\\\/www.instagram.com\\\/jornal_oficinas\\\/\",\"https:\\\/\\\/www.linkedin.com\\\/company\\\/jornal-das-oficinas\\\/\",\"https:\\\/\\\/www.youtube.com\\\/channel\\\/UCbQZBqtcvV-oSQrr7RzINGg\"]},{\"@type\":\"Person\",\"@id\":\"https:\\\/\\\/jornaldasoficinas.com\\\/pt\\\/#\\\/schema\\\/person\\\/a38eef5de2c41d9e7c9ac10141afddf3\",\"name\":\"Reda\u00e7\u00e3o JO\",\"image\":{\"@type\":\"ImageObject\",\"inLanguage\":\"pt-PT\",\"@id\":\"https:\\\/\\\/secure.gravatar.com\\\/avatar\\\/71f2fa71737ad68a84fea94bc708ddac8ea5b0c4788dc2ad202f3ccb2887742f?s=96&d=wp_user_avatar&r=g\",\"url\":\"https:\\\/\\\/secure.gravatar.com\\\/avatar\\\/71f2fa71737ad68a84fea94bc708ddac8ea5b0c4788dc2ad202f3ccb2887742f?s=96&d=wp_user_avatar&r=g\",\"contentUrl\":\"https:\\\/\\\/secure.gravatar.com\\\/avatar\\\/71f2fa71737ad68a84fea94bc708ddac8ea5b0c4788dc2ad202f3ccb2887742f?s=96&d=wp_user_avatar&r=g\",\"caption\":\"Reda\u00e7\u00e3o JO\"},\"url\":\"https:\\\/\\\/jornaldasoficinas.com\\\/pt\\\/author\\\/joredacao\\\/\"}]}<\/script>\n<!-- \/ Yoast SEO plugin. -->","yoast_head_json":{"title":"BILSTEIN equipa novo Aston Martin Vanquish - Jornal das Oficinas","description":"A Aston Martin incorporou a tecnologia de suspens\u00e3o BILSTEIN DampTronic X no novo Vanquish, o seu modelo emblem\u00e1tico da gama GT","robots":{"index":"index","follow":"follow","max-snippet":"max-snippet:-1","max-image-preview":"max-image-preview:large","max-video-preview":"max-video-preview:-1"},"canonical":"https:\/\/jornaldasoficinas.com\/pt\/bilstein-equipa-novo-aston-martin-vanquish\/","og_locale":"pt_PT","og_type":"article","og_title":"BILSTEIN equipa novo Aston Martin Vanquish - Jornal das Oficinas","og_description":"A Aston Martin incorporou a tecnologia de suspens\u00e3o BILSTEIN DampTronic X no novo Vanquish, o seu modelo emblem\u00e1tico da gama GT","og_url":"https:\/\/jornaldasoficinas.com\/pt\/bilstein-equipa-novo-aston-martin-vanquish\/","og_site_name":"Jornal das Oficinas","article_publisher":"https:\/\/www.facebook.com\/jornaloficinas","article_published_time":"2026-04-28T07:00:06+00:00","og_image":[{"width":1024,"height":580,"url":"https:\/\/jornaldasoficinas.com\/pt\/wp-content\/uploads\/2026\/03\/BILSTEIN-equipa.jpg","type":"image\/jpeg"}],"author":"Reda\u00e7\u00e3o JO","twitter_card":"summary_large_image","twitter_creator":"@jornaloficinas","twitter_site":"@jornaloficinas","twitter_misc":{"Escrito por":"Reda\u00e7\u00e3o JO","Tempo estimado de leitura":"3 minutos"},"schema":{"@context":"https:\/\/schema.org","@graph":[{"@type":"Article","@id":"https:\/\/jornaldasoficinas.com\/pt\/bilstein-equipa-novo-aston-martin-vanquish\/#article","isPartOf":{"@id":"https:\/\/jornaldasoficinas.com\/pt\/bilstein-equipa-novo-aston-martin-vanquish\/"},"author":{"name":"Reda\u00e7\u00e3o JO","@id":"https:\/\/jornaldasoficinas.com\/pt\/#\/schema\/person\/a38eef5de2c41d9e7c9ac10141afddf3"},"headline":"BILSTEIN equipa novo Aston Martin Vanquish","datePublished":"2026-04-28T07:00:06+00:00","mainEntityOfPage":{"@id":"https:\/\/jornaldasoficinas.com\/pt\/bilstein-equipa-novo-aston-martin-vanquish\/"},"wordCount":595,"publisher":{"@id":"https:\/\/jornaldasoficinas.com\/pt\/#organization"},"image":{"@id":"https:\/\/jornaldasoficinas.com\/pt\/bilstein-equipa-novo-aston-martin-vanquish\/#primaryimage"},"thumbnailUrl":"https:\/\/jornaldasoficinas.com\/pt\/wp-content\/uploads\/2026\/03\/BILSTEIN-equipa.jpg","keywords":["amortecedores","Aston Martin","Bilstein","DampTronic X","Suspens\u00f5es","V12 biturbo","Vanquish"],"articleSection":["Empresas"],"inLanguage":"pt-PT"},{"@type":"WebPage","@id":"https:\/\/jornaldasoficinas.com\/pt\/bilstein-equipa-novo-aston-martin-vanquish\/","url":"https:\/\/jornaldasoficinas.com\/pt\/bilstein-equipa-novo-aston-martin-vanquish\/","name":"BILSTEIN equipa novo Aston Martin Vanquish - Jornal das Oficinas","isPartOf":{"@id":"https:\/\/jornaldasoficinas.com\/pt\/#website"},"primaryImageOfPage":{"@id":"https:\/\/jornaldasoficinas.com\/pt\/bilstein-equipa-novo-aston-martin-vanquish\/#primaryimage"},"image":{"@id":"https:\/\/jornaldasoficinas.com\/pt\/bilstein-equipa-novo-aston-martin-vanquish\/#primaryimage"},"thumbnailUrl":"https:\/\/jornaldasoficinas.com\/pt\/wp-content\/uploads\/2026\/03\/BILSTEIN-equipa.jpg","datePublished":"2026-04-28T07:00:06+00:00","description":"A Aston Martin incorporou a tecnologia de suspens\u00e3o BILSTEIN DampTronic X no novo Vanquish, o seu modelo emblem\u00e1tico da gama GT","breadcrumb":{"@id":"https:\/\/jornaldasoficinas.com\/pt\/bilstein-equipa-novo-aston-martin-vanquish\/#breadcrumb"},"inLanguage":"pt-PT","potentialAction":[{"@type":"ReadAction","target":["https:\/\/jornaldasoficinas.com\/pt\/bilstein-equipa-novo-aston-martin-vanquish\/"]}]},{"@type":"ImageObject","inLanguage":"pt-PT","@id":"https:\/\/jornaldasoficinas.com\/pt\/bilstein-equipa-novo-aston-martin-vanquish\/#primaryimage","url":"https:\/\/jornaldasoficinas.com\/pt\/wp-content\/uploads\/2026\/03\/BILSTEIN-equipa.jpg","contentUrl":"https:\/\/jornaldasoficinas.com\/pt\/wp-content\/uploads\/2026\/03\/BILSTEIN-equipa.jpg","width":1024,"height":580,"caption":"03 - BILSTEIN equipa"},{"@type":"BreadcrumbList","@id":"https:\/\/jornaldasoficinas.com\/pt\/bilstein-equipa-novo-aston-martin-vanquish\/#breadcrumb","itemListElement":[{"@type":"ListItem","position":1,"name":"In\u00edcio","item":"https:\/\/jornaldasoficinas.com\/pt\/"},{"@type":"ListItem","position":2,"name":"BILSTEIN equipa novo Aston Martin Vanquish"}]},{"@type":"WebSite","@id":"https:\/\/jornaldasoficinas.com\/pt\/#website","url":"https:\/\/jornaldasoficinas.com\/pt\/","name":"Jornal das Oficinas","description":"Jornal independente do Aftermarket Autom\u00f3vel em Portugal","publisher":{"@id":"https:\/\/jornaldasoficinas.com\/pt\/#organization"},"potentialAction":[{"@type":"SearchAction","target":{"@type":"EntryPoint","urlTemplate":"https:\/\/jornaldasoficinas.com\/pt\/?s={search_term_string}"},"query-input":{"@type":"PropertyValueSpecification","valueRequired":true,"valueName":"search_term_string"}}],"inLanguage":"pt-PT"},{"@type":"Organization","@id":"https:\/\/jornaldasoficinas.com\/pt\/#organization","name":"Jornal das Oficinas","url":"https:\/\/jornaldasoficinas.com\/pt\/","logo":{"@type":"ImageObject","inLanguage":"pt-PT","@id":"https:\/\/jornaldasoficinas.com\/pt\/#\/schema\/logo\/image\/","url":"https:\/\/jornaldasoficinas.com\/pt\/wp-content\/uploads\/logoJO-SEO.png","contentUrl":"https:\/\/jornaldasoficinas.com\/pt\/wp-content\/uploads\/logoJO-SEO.png","width":285,"height":450,"caption":"Jornal das Oficinas"},"image":{"@id":"https:\/\/jornaldasoficinas.com\/pt\/#\/schema\/logo\/image\/"},"sameAs":["https:\/\/www.facebook.com\/jornaloficinas","https:\/\/x.com\/jornaloficinas","https:\/\/www.instagram.com\/jornal_oficinas\/","https:\/\/www.linkedin.com\/company\/jornal-das-oficinas\/","https:\/\/www.youtube.com\/channel\/UCbQZBqtcvV-oSQrr7RzINGg"]},{"@type":"Person","@id":"https:\/\/jornaldasoficinas.com\/pt\/#\/schema\/person\/a38eef5de2c41d9e7c9ac10141afddf3","name":"Reda\u00e7\u00e3o JO","image":{"@type":"ImageObject","inLanguage":"pt-PT","@id":"https:\/\/secure.gravatar.com\/avatar\/71f2fa71737ad68a84fea94bc708ddac8ea5b0c4788dc2ad202f3ccb2887742f?s=96&d=wp_user_avatar&r=g","url":"https:\/\/secure.gravatar.com\/avatar\/71f2fa71737ad68a84fea94bc708ddac8ea5b0c4788dc2ad202f3ccb2887742f?s=96&d=wp_user_avatar&r=g","contentUrl":"https:\/\/secure.gravatar.com\/avatar\/71f2fa71737ad68a84fea94bc708ddac8ea5b0c4788dc2ad202f3ccb2887742f?s=96&d=wp_user_avatar&r=g","caption":"Reda\u00e7\u00e3o JO"},"url":"https:\/\/jornaldasoficinas.com\/pt\/author\/joredacao\/"}]}},"_links":{"self":[{"href":"https:\/\/jornaldasoficinas.com\/pt\/wp-json\/wp\/v2\/posts\/115971","targetHints":{"allow":["GET"]}}],"collection":[{"href":"https:\/\/jornaldasoficinas.com\/pt\/wp-json\/wp\/v2\/posts"}],"about":[{"href":"https:\/\/jornaldasoficinas.com\/pt\/wp-json\/wp\/v2\/types\/post"}],"author":[{"embeddable":true,"href":"https:\/\/jornaldasoficinas.com\/pt\/wp-json\/wp\/v2\/users\/15"}],"replies":[{"embeddable":true,"href":"https:\/\/jornaldasoficinas.com\/pt\/wp-json\/wp\/v2\/comments?post=115971"}],"version-history":[{"count":2,"href":"https:\/\/jornaldasoficinas.com\/pt\/wp-json\/wp\/v2\/posts\/115971\/revisions"}],"predecessor-version":[{"id":115993,"href":"https:\/\/jornaldasoficinas.com\/pt\/wp-json\/wp\/v2\/posts\/115971\/revisions\/115993"}],"wp:featuredmedia":[{"embeddable":true,"href":"https:\/\/jornaldasoficinas.com\/pt\/wp-json\/wp\/v2\/media\/115987"}],"wp:attachment":[{"href":"https:\/\/jornaldasoficinas.com\/pt\/wp-json\/wp\/v2\/media?parent=115971"}],"wp:term":[{"taxonomy":"category","embeddable":true,"href":"https:\/\/jornaldasoficinas.com\/pt\/wp-json\/wp\/v2\/categories?post=115971"},{"taxonomy":"post_tag","embeddable":true,"href":"https:\/\/jornaldasoficinas.com\/pt\/wp-json\/wp\/v2\/tags?post=115971"}],"curies":[{"name":"wp","href":"https:\/\/api.w.org\/{rel}","templated":true}]}}