{"id":115973,"date":"2026-04-28T12:30:09","date_gmt":"2026-04-28T11:30:09","guid":{"rendered":"https:\/\/jornaldasoficinas.com\/pt\/?p=115973"},"modified":"2026-04-28T13:38:35","modified_gmt":"2026-04-28T12:38:35","slug":"hc-pecas-a-audacia-de-crescer-com-logistica-inteligente","status":"publish","type":"post","link":"https:\/\/jornaldasoficinas.com\/pt\/hc-pecas-a-audacia-de-crescer-com-logistica-inteligente\/","title":{"rendered":"HC PE\u00c7AS: A Aud\u00e1cia de Crescer com Log\u00edstica Inteligente"},"content":{"rendered":"<p style=\"font-weight: 400;\"><strong><img loading=\"lazy\" decoding=\"async\" class=\"alignnone size-full wp-image-116060\" src=\"https:\/\/jornaldasoficinas.com\/pt\/wp-content\/uploads\/2026\/04\/HC-PECA.png\" alt=\"04 - HC PECA\" width=\"1024\" height=\"580\" srcset=\"https:\/\/jornaldasoficinas.com\/pt\/wp-content\/uploads\/2026\/04\/HC-PECA.png 1024w, https:\/\/jornaldasoficinas.com\/pt\/wp-content\/uploads\/2026\/04\/HC-PECA-300x170.png 300w, https:\/\/jornaldasoficinas.com\/pt\/wp-content\/uploads\/2026\/04\/HC-PECA-150x85.png 150w, https:\/\/jornaldasoficinas.com\/pt\/wp-content\/uploads\/2026\/04\/HC-PECA-768x435.png 768w\" sizes=\"auto, (max-width: 1024px) 100vw, 1024px\" \/><\/strong><\/p>\n<p style=\"font-weight: 400;\"><strong>Como Hugo Costa, da <a href=\"https:\/\/www.google.com\/url?sa=t&amp;source=web&amp;rct=j&amp;opi=89978449&amp;url=https:\/\/www.facebook.com\/p\/HC-Pe%25C3%25A7as-Auto-100054256611502\/%3Flocale%3Dpt_PT&amp;ved=2ahUKEwiA-fDPgIqUAxVkRf4FHVqkLZwQFnoECBUQAQ&amp;usg=AOvVaw1tgL16ZS82SPGaKO1FqIGd\">HC Pe\u00e7as<\/a>, transformou a vis\u00e3o de 2018 numa estrutura de vanguarda na Batalha: um modelo onde o stock real e a efici\u00eancia digital ditam as regras do novo retalho<\/strong><\/p>\n<p style=\"font-weight: 400;\">Aos 39 anos, Hugo Costa personifica a nova gera\u00e7\u00e3o de empres\u00e1rios que est\u00e1 a reescrever o ADN do p\u00f3s-venda em Portugal. Em 2018, decidiu que era tempo de colocar a sua experi\u00eancia ao servi\u00e7o de um projeto pr\u00f3prio e fundou a HC Pe\u00e7as. O que come\u00e7ou como uma aposta pessoal na Batalha rapidamente se revelou um sucesso de gest\u00e3o. Hugo n\u00e3o procurou apenas ser &#8220;mais um&#8221; no mercado; procurou ser o mais eficiente. Hoje, olhando para a estrutura que montou, \u00e9 claro que a sua aud\u00e1cia foi acompanhada por uma leitura cir\u00fargica das necessidades do setor.<\/p>\n<p style=\"font-weight: 400;\"><strong>Log\u00edstica de Precis\u00e3o: O Fato \u00e0 Medida<\/strong><\/p>\n<p style=\"font-weight: 400;\">Na HC Pe\u00e7as, a log\u00edstica n\u00e3o \u00e9 uma rotina fixa, \u00e9 uma ferramenta estrat\u00e9gica. Fugindo ao modelo tradicional de rotas massificadas, Hugo Costa implementou um sistema de proximidade e personaliza\u00e7\u00e3o. &#8220;O servi\u00e7o \u00e9 moldado \u00e0 necessidade real de cada parceiro&#8221;, explica. \u00c9 uma log\u00edstica de conveni\u00eancia, onde a entrega \u00e9 um compromisso de efic\u00e1cia e n\u00e3o apenas um h\u00e1bito, permitindo que a empresa mantenha uma agilidade rara num mercado em constante muta\u00e7\u00e3o.<\/p>\n<p style=\"font-weight: 400;\"><strong>Duplicar a Confian\u00e7a: A Estrat\u00e9gia do Espa\u00e7o<\/strong><\/p>\n<p style=\"font-weight: 400;\">A expans\u00e3o recente \u00e9 a prova f\u00edsica da ambi\u00e7\u00e3o do Hugo. Depois de se mudar para um novo armaz\u00e9m em 2025, o passo seguinte foi a aquisi\u00e7\u00e3o do pavilh\u00e3o cont\u00edguo. N\u00e3o se trata apenas de ganhar metros quadrados, mas de maximizar a capacidade de resposta. Ao investir em quantidade para garantir rentabilidade e ao estender a gama para cobrir todas as necessidades, Hugo transformou a HC Pe\u00e7as num pulm\u00e3o de disponibilidade. Para ele, o stock n\u00e3o \u00e9 um custo imobilizado, \u00e9 o argumento mais forte de um balc\u00e3o que privilegia a solu\u00e7\u00e3o imediata.<\/p>\n<p style=\"font-weight: 400;\"><strong>O Salto Digital com a Nexus Shop<\/strong><\/p>\n<p style=\"font-weight: 400;\">Se os pavilh\u00f5es s\u00e3o o corpo da empresa, a tecnologia \u00e9 o seu sistema nervoso. Com um controlo de invent\u00e1rio rigoroso j\u00e1 implementado, a HC Pe\u00e7as prepara agora o lan\u00e7amento da sua plataforma Sertec. Este avan\u00e7o tecnol\u00f3gico foi impulsionado pela entrada na rede <a href=\"https:\/\/www.google.com\/url?sa=t&amp;source=web&amp;rct=j&amp;opi=89978449&amp;url=http:\/\/www.krautli.pt\/index.php%3Froute%3Dbase\/pt\/servico\/9\/nexus-shop&amp;ved=2ahUKEwi11sH5gIqUAxUixQIHHYocGVgQFnoECBYQAQ&amp;usg=AOvVaw14al0dFpLPgTzXAZh0u8Qn\">Nexus Shop<\/a>, que permitiu o acesso a esta ferramenta de vanguarda. Atualmente em fase de desenvolvimento, a Webshop ser\u00e1 o espelho digital da efici\u00eancia que se vive na Batalha, integrando o stock em tempo real para oferecer ao cliente uma experi\u00eancia de compra moderna, transparente e sem atritos.<\/p>\n<p style=\"font-weight: 400;\"><strong>ADN HC: Efici\u00eancia com Identidade<\/strong><\/p>\n<p style=\"font-weight: 400;\">Para sustentar este crescimento, o refor\u00e7o da equipa foi feito com base na cultura da casa. Hugo procura profissionais que partilhem a g\u00e9nese da HC Pe\u00e7as: pessoas din\u00e2micas, eficientes e trabalhadoras, que mant\u00eam a serenidade necess\u00e1ria para gerir uma opera\u00e7\u00e3o de grande volume. \u00c9 esta harmonia humana que permite \u00e0 empresa crescer depressa, mantendo a qualidade e o esp\u00edrito de proximidade.<\/p>\n<p style=\"font-weight: 400;\"><strong>Conclus\u00e3o: A Log\u00edstica Inteligente como \u00danico Caminho<\/strong><\/p>\n<p style=\"font-weight: 400;\">O percurso da HC Pe\u00e7as, desde a sua funda\u00e7\u00e3o em 2018 at\u00e9 \u00e0 expans\u00e3o atual, deixa uma mensagem clara ao mercado: na atualidade, a sobreviv\u00eancia e o sucesso do retalho n\u00e3o se medem pela quantidade de quil\u00f3metros percorridos, mas pela intelig\u00eancia da gest\u00e3o.<\/p>\n<p style=\"font-weight: 400;\">Num mundo onde os custos operacionais disparam e o tempo \u00e9 o recurso mais escasso, a log\u00edstica inteligente \u2014 focada na disponibilidade real e na efic\u00e1cia digital \u2014 n\u00e3o \u00e9 apenas uma alternativa, \u00e9 o futuro inevit\u00e1vel. Hugo Costa prova que a aud\u00e1cia de investir em stock e tecnologia, em vez de frotas, \u00e9 o que separa os neg\u00f3cios que apenas acompanham o mercado daqueles que o lideram. Na Batalha, o futuro j\u00e1 est\u00e1 em stock.<\/p>\n","protected":false},"excerpt":{"rendered":"<p>Como Hugo Costa, da HC Pe\u00e7as,&#8230;<\/p>\n","protected":false},"author":15,"featured_media":116060,"comment_status":"closed","ping_status":"closed","sticky":false,"template":"","format":"standard","meta":{"footnotes":""},"categories":[29],"tags":[15022,15020,15021,2926,15023,1912],"class_list":["post-115973","post","type-post","status-publish","format-standard","has-post-thumbnail","hentry","category-empresas","tag-batalha","tag-hc-pecas","tag-hugo-costa","tag-nexus-shop","tag-plataforma-sertec","tag-pos-venda"],"yoast_head":"<!-- This site is optimized with the Yoast SEO plugin v27.4 - https:\/\/yoast.com\/product\/yoast-seo-wordpress\/ -->\n<title>HC PE\u00c7AS: A Aud\u00e1cia de Crescer com Log\u00edstica Inteligente - Jornal das Oficinas<\/title>\n<meta name=\"description\" content=\"Aos 39 anos, Hugo Costa, da HC Pe\u00e7as, personifica a nova gera\u00e7\u00e3o de empres\u00e1rios que est\u00e1 a reescrever o ADN do p\u00f3s-venda em Portugal\" \/>\n<meta name=\"robots\" content=\"index, follow, max-snippet:-1, max-image-preview:large, max-video-preview:-1\" \/>\n<link rel=\"canonical\" href=\"https:\/\/jornaldasoficinas.com\/pt\/hc-pecas-a-audacia-de-crescer-com-logistica-inteligente\/\" \/>\n<meta property=\"og:locale\" content=\"pt_PT\" \/>\n<meta property=\"og:type\" content=\"article\" \/>\n<meta property=\"og:title\" content=\"HC PE\u00c7AS: A Aud\u00e1cia de Crescer com Log\u00edstica Inteligente - Jornal das Oficinas\" \/>\n<meta property=\"og:description\" content=\"Aos 39 anos, Hugo Costa, da HC Pe\u00e7as, personifica a nova gera\u00e7\u00e3o de empres\u00e1rios que est\u00e1 a reescrever o ADN do p\u00f3s-venda em Portugal\" \/>\n<meta property=\"og:url\" content=\"https:\/\/jornaldasoficinas.com\/pt\/hc-pecas-a-audacia-de-crescer-com-logistica-inteligente\/\" \/>\n<meta property=\"og:site_name\" content=\"Jornal das Oficinas\" \/>\n<meta property=\"article:publisher\" content=\"https:\/\/www.facebook.com\/jornaloficinas\" \/>\n<meta property=\"article:published_time\" content=\"2026-04-28T11:30:09+00:00\" \/>\n<meta property=\"article:modified_time\" content=\"2026-04-28T12:38:35+00:00\" \/>\n<meta property=\"og:image\" content=\"https:\/\/jornaldasoficinas.com\/pt\/wp-content\/uploads\/2026\/04\/HC-PECA.png\" \/>\n\t<meta property=\"og:image:width\" content=\"1024\" \/>\n\t<meta property=\"og:image:height\" content=\"580\" \/>\n\t<meta property=\"og:image:type\" content=\"image\/png\" \/>\n<meta name=\"author\" content=\"Reda\u00e7\u00e3o JO\" \/>\n<meta name=\"twitter:card\" content=\"summary_large_image\" \/>\n<meta name=\"twitter:creator\" content=\"@jornaloficinas\" \/>\n<meta name=\"twitter:site\" content=\"@jornaloficinas\" \/>\n<meta name=\"twitter:label1\" content=\"Escrito por\" \/>\n\t<meta name=\"twitter:data1\" content=\"Reda\u00e7\u00e3o JO\" \/>\n\t<meta name=\"twitter:label2\" content=\"Tempo estimado de leitura\" \/>\n\t<meta name=\"twitter:data2\" content=\"4 minutos\" \/>\n<script type=\"application\/ld+json\" class=\"yoast-schema-graph\">{\"@context\":\"https:\\\/\\\/schema.org\",\"@graph\":[{\"@type\":\"Article\",\"@id\":\"https:\\\/\\\/jornaldasoficinas.com\\\/pt\\\/hc-pecas-a-audacia-de-crescer-com-logistica-inteligente\\\/#article\",\"isPartOf\":{\"@id\":\"https:\\\/\\\/jornaldasoficinas.com\\\/pt\\\/hc-pecas-a-audacia-de-crescer-com-logistica-inteligente\\\/\"},\"author\":{\"name\":\"Reda\u00e7\u00e3o JO\",\"@id\":\"https:\\\/\\\/jornaldasoficinas.com\\\/pt\\\/#\\\/schema\\\/person\\\/a38eef5de2c41d9e7c9ac10141afddf3\"},\"headline\":\"HC PE\u00c7AS: A Aud\u00e1cia de Crescer com Log\u00edstica Inteligente\",\"datePublished\":\"2026-04-28T11:30:09+00:00\",\"dateModified\":\"2026-04-28T12:38:35+00:00\",\"mainEntityOfPage\":{\"@id\":\"https:\\\/\\\/jornaldasoficinas.com\\\/pt\\\/hc-pecas-a-audacia-de-crescer-com-logistica-inteligente\\\/\"},\"wordCount\":663,\"publisher\":{\"@id\":\"https:\\\/\\\/jornaldasoficinas.com\\\/pt\\\/#organization\"},\"image\":{\"@id\":\"https:\\\/\\\/jornaldasoficinas.com\\\/pt\\\/hc-pecas-a-audacia-de-crescer-com-logistica-inteligente\\\/#primaryimage\"},\"thumbnailUrl\":\"https:\\\/\\\/jornaldasoficinas.com\\\/pt\\\/wp-content\\\/uploads\\\/2026\\\/04\\\/HC-PECA.png\",\"keywords\":[\"Batalha\",\"HC Pe\u00e7as\",\"Hugo Costa\",\"Nexus Shop\",\"plataforma Sertec\",\"P\u00f3s-venda\"],\"articleSection\":[\"Empresas\"],\"inLanguage\":\"pt-PT\"},{\"@type\":\"WebPage\",\"@id\":\"https:\\\/\\\/jornaldasoficinas.com\\\/pt\\\/hc-pecas-a-audacia-de-crescer-com-logistica-inteligente\\\/\",\"url\":\"https:\\\/\\\/jornaldasoficinas.com\\\/pt\\\/hc-pecas-a-audacia-de-crescer-com-logistica-inteligente\\\/\",\"name\":\"HC PE\u00c7AS: A Aud\u00e1cia de Crescer com Log\u00edstica Inteligente - Jornal das Oficinas\",\"isPartOf\":{\"@id\":\"https:\\\/\\\/jornaldasoficinas.com\\\/pt\\\/#website\"},\"primaryImageOfPage\":{\"@id\":\"https:\\\/\\\/jornaldasoficinas.com\\\/pt\\\/hc-pecas-a-audacia-de-crescer-com-logistica-inteligente\\\/#primaryimage\"},\"image\":{\"@id\":\"https:\\\/\\\/jornaldasoficinas.com\\\/pt\\\/hc-pecas-a-audacia-de-crescer-com-logistica-inteligente\\\/#primaryimage\"},\"thumbnailUrl\":\"https:\\\/\\\/jornaldasoficinas.com\\\/pt\\\/wp-content\\\/uploads\\\/2026\\\/04\\\/HC-PECA.png\",\"datePublished\":\"2026-04-28T11:30:09+00:00\",\"dateModified\":\"2026-04-28T12:38:35+00:00\",\"description\":\"Aos 39 anos, Hugo Costa, da HC Pe\u00e7as, personifica a nova gera\u00e7\u00e3o de empres\u00e1rios que est\u00e1 a reescrever o ADN do p\u00f3s-venda em Portugal\",\"breadcrumb\":{\"@id\":\"https:\\\/\\\/jornaldasoficinas.com\\\/pt\\\/hc-pecas-a-audacia-de-crescer-com-logistica-inteligente\\\/#breadcrumb\"},\"inLanguage\":\"pt-PT\",\"potentialAction\":[{\"@type\":\"ReadAction\",\"target\":[\"https:\\\/\\\/jornaldasoficinas.com\\\/pt\\\/hc-pecas-a-audacia-de-crescer-com-logistica-inteligente\\\/\"]}]},{\"@type\":\"ImageObject\",\"inLanguage\":\"pt-PT\",\"@id\":\"https:\\\/\\\/jornaldasoficinas.com\\\/pt\\\/hc-pecas-a-audacia-de-crescer-com-logistica-inteligente\\\/#primaryimage\",\"url\":\"https:\\\/\\\/jornaldasoficinas.com\\\/pt\\\/wp-content\\\/uploads\\\/2026\\\/04\\\/HC-PECA.png\",\"contentUrl\":\"https:\\\/\\\/jornaldasoficinas.com\\\/pt\\\/wp-content\\\/uploads\\\/2026\\\/04\\\/HC-PECA.png\",\"width\":1024,\"height\":580,\"caption\":\"04 - HC PECA\"},{\"@type\":\"BreadcrumbList\",\"@id\":\"https:\\\/\\\/jornaldasoficinas.com\\\/pt\\\/hc-pecas-a-audacia-de-crescer-com-logistica-inteligente\\\/#breadcrumb\",\"itemListElement\":[{\"@type\":\"ListItem\",\"position\":1,\"name\":\"In\u00edcio\",\"item\":\"https:\\\/\\\/jornaldasoficinas.com\\\/pt\\\/\"},{\"@type\":\"ListItem\",\"position\":2,\"name\":\"HC PE\u00c7AS: A Aud\u00e1cia de Crescer com Log\u00edstica Inteligente\"}]},{\"@type\":\"WebSite\",\"@id\":\"https:\\\/\\\/jornaldasoficinas.com\\\/pt\\\/#website\",\"url\":\"https:\\\/\\\/jornaldasoficinas.com\\\/pt\\\/\",\"name\":\"Jornal das Oficinas\",\"description\":\"Jornal independente do Aftermarket Autom\u00f3vel em Portugal\",\"publisher\":{\"@id\":\"https:\\\/\\\/jornaldasoficinas.com\\\/pt\\\/#organization\"},\"potentialAction\":[{\"@type\":\"SearchAction\",\"target\":{\"@type\":\"EntryPoint\",\"urlTemplate\":\"https:\\\/\\\/jornaldasoficinas.com\\\/pt\\\/?s={search_term_string}\"},\"query-input\":{\"@type\":\"PropertyValueSpecification\",\"valueRequired\":true,\"valueName\":\"search_term_string\"}}],\"inLanguage\":\"pt-PT\"},{\"@type\":\"Organization\",\"@id\":\"https:\\\/\\\/jornaldasoficinas.com\\\/pt\\\/#organization\",\"name\":\"Jornal das Oficinas\",\"url\":\"https:\\\/\\\/jornaldasoficinas.com\\\/pt\\\/\",\"logo\":{\"@type\":\"ImageObject\",\"inLanguage\":\"pt-PT\",\"@id\":\"https:\\\/\\\/jornaldasoficinas.com\\\/pt\\\/#\\\/schema\\\/logo\\\/image\\\/\",\"url\":\"https:\\\/\\\/jornaldasoficinas.com\\\/pt\\\/wp-content\\\/uploads\\\/logoJO-SEO.png\",\"contentUrl\":\"https:\\\/\\\/jornaldasoficinas.com\\\/pt\\\/wp-content\\\/uploads\\\/logoJO-SEO.png\",\"width\":285,\"height\":450,\"caption\":\"Jornal das Oficinas\"},\"image\":{\"@id\":\"https:\\\/\\\/jornaldasoficinas.com\\\/pt\\\/#\\\/schema\\\/logo\\\/image\\\/\"},\"sameAs\":[\"https:\\\/\\\/www.facebook.com\\\/jornaloficinas\",\"https:\\\/\\\/x.com\\\/jornaloficinas\",\"https:\\\/\\\/www.instagram.com\\\/jornal_oficinas\\\/\",\"https:\\\/\\\/www.linkedin.com\\\/company\\\/jornal-das-oficinas\\\/\",\"https:\\\/\\\/www.youtube.com\\\/channel\\\/UCbQZBqtcvV-oSQrr7RzINGg\"]},{\"@type\":\"Person\",\"@id\":\"https:\\\/\\\/jornaldasoficinas.com\\\/pt\\\/#\\\/schema\\\/person\\\/a38eef5de2c41d9e7c9ac10141afddf3\",\"name\":\"Reda\u00e7\u00e3o JO\",\"image\":{\"@type\":\"ImageObject\",\"inLanguage\":\"pt-PT\",\"@id\":\"https:\\\/\\\/secure.gravatar.com\\\/avatar\\\/71f2fa71737ad68a84fea94bc708ddac8ea5b0c4788dc2ad202f3ccb2887742f?s=96&d=wp_user_avatar&r=g\",\"url\":\"https:\\\/\\\/secure.gravatar.com\\\/avatar\\\/71f2fa71737ad68a84fea94bc708ddac8ea5b0c4788dc2ad202f3ccb2887742f?s=96&d=wp_user_avatar&r=g\",\"contentUrl\":\"https:\\\/\\\/secure.gravatar.com\\\/avatar\\\/71f2fa71737ad68a84fea94bc708ddac8ea5b0c4788dc2ad202f3ccb2887742f?s=96&d=wp_user_avatar&r=g\",\"caption\":\"Reda\u00e7\u00e3o JO\"},\"url\":\"https:\\\/\\\/jornaldasoficinas.com\\\/pt\\\/author\\\/joredacao\\\/\"}]}<\/script>\n<!-- \/ Yoast SEO plugin. -->","yoast_head_json":{"title":"HC PE\u00c7AS: A Aud\u00e1cia de Crescer com Log\u00edstica Inteligente - Jornal das Oficinas","description":"Aos 39 anos, Hugo Costa, da HC Pe\u00e7as, personifica a nova gera\u00e7\u00e3o de empres\u00e1rios que est\u00e1 a reescrever o ADN do p\u00f3s-venda em Portugal","robots":{"index":"index","follow":"follow","max-snippet":"max-snippet:-1","max-image-preview":"max-image-preview:large","max-video-preview":"max-video-preview:-1"},"canonical":"https:\/\/jornaldasoficinas.com\/pt\/hc-pecas-a-audacia-de-crescer-com-logistica-inteligente\/","og_locale":"pt_PT","og_type":"article","og_title":"HC PE\u00c7AS: A Aud\u00e1cia de Crescer com Log\u00edstica Inteligente - Jornal das Oficinas","og_description":"Aos 39 anos, Hugo Costa, da HC Pe\u00e7as, personifica a nova gera\u00e7\u00e3o de empres\u00e1rios que est\u00e1 a reescrever o ADN do p\u00f3s-venda em Portugal","og_url":"https:\/\/jornaldasoficinas.com\/pt\/hc-pecas-a-audacia-de-crescer-com-logistica-inteligente\/","og_site_name":"Jornal das Oficinas","article_publisher":"https:\/\/www.facebook.com\/jornaloficinas","article_published_time":"2026-04-28T11:30:09+00:00","article_modified_time":"2026-04-28T12:38:35+00:00","og_image":[{"width":1024,"height":580,"url":"https:\/\/jornaldasoficinas.com\/pt\/wp-content\/uploads\/2026\/04\/HC-PECA.png","type":"image\/png"}],"author":"Reda\u00e7\u00e3o JO","twitter_card":"summary_large_image","twitter_creator":"@jornaloficinas","twitter_site":"@jornaloficinas","twitter_misc":{"Escrito por":"Reda\u00e7\u00e3o JO","Tempo estimado de leitura":"4 minutos"},"schema":{"@context":"https:\/\/schema.org","@graph":[{"@type":"Article","@id":"https:\/\/jornaldasoficinas.com\/pt\/hc-pecas-a-audacia-de-crescer-com-logistica-inteligente\/#article","isPartOf":{"@id":"https:\/\/jornaldasoficinas.com\/pt\/hc-pecas-a-audacia-de-crescer-com-logistica-inteligente\/"},"author":{"name":"Reda\u00e7\u00e3o JO","@id":"https:\/\/jornaldasoficinas.com\/pt\/#\/schema\/person\/a38eef5de2c41d9e7c9ac10141afddf3"},"headline":"HC PE\u00c7AS: A Aud\u00e1cia de Crescer com Log\u00edstica Inteligente","datePublished":"2026-04-28T11:30:09+00:00","dateModified":"2026-04-28T12:38:35+00:00","mainEntityOfPage":{"@id":"https:\/\/jornaldasoficinas.com\/pt\/hc-pecas-a-audacia-de-crescer-com-logistica-inteligente\/"},"wordCount":663,"publisher":{"@id":"https:\/\/jornaldasoficinas.com\/pt\/#organization"},"image":{"@id":"https:\/\/jornaldasoficinas.com\/pt\/hc-pecas-a-audacia-de-crescer-com-logistica-inteligente\/#primaryimage"},"thumbnailUrl":"https:\/\/jornaldasoficinas.com\/pt\/wp-content\/uploads\/2026\/04\/HC-PECA.png","keywords":["Batalha","HC Pe\u00e7as","Hugo Costa","Nexus Shop","plataforma Sertec","P\u00f3s-venda"],"articleSection":["Empresas"],"inLanguage":"pt-PT"},{"@type":"WebPage","@id":"https:\/\/jornaldasoficinas.com\/pt\/hc-pecas-a-audacia-de-crescer-com-logistica-inteligente\/","url":"https:\/\/jornaldasoficinas.com\/pt\/hc-pecas-a-audacia-de-crescer-com-logistica-inteligente\/","name":"HC PE\u00c7AS: A Aud\u00e1cia de Crescer com Log\u00edstica Inteligente - Jornal das Oficinas","isPartOf":{"@id":"https:\/\/jornaldasoficinas.com\/pt\/#website"},"primaryImageOfPage":{"@id":"https:\/\/jornaldasoficinas.com\/pt\/hc-pecas-a-audacia-de-crescer-com-logistica-inteligente\/#primaryimage"},"image":{"@id":"https:\/\/jornaldasoficinas.com\/pt\/hc-pecas-a-audacia-de-crescer-com-logistica-inteligente\/#primaryimage"},"thumbnailUrl":"https:\/\/jornaldasoficinas.com\/pt\/wp-content\/uploads\/2026\/04\/HC-PECA.png","datePublished":"2026-04-28T11:30:09+00:00","dateModified":"2026-04-28T12:38:35+00:00","description":"Aos 39 anos, Hugo Costa, da HC Pe\u00e7as, personifica a nova gera\u00e7\u00e3o de empres\u00e1rios que est\u00e1 a reescrever o ADN do p\u00f3s-venda em Portugal","breadcrumb":{"@id":"https:\/\/jornaldasoficinas.com\/pt\/hc-pecas-a-audacia-de-crescer-com-logistica-inteligente\/#breadcrumb"},"inLanguage":"pt-PT","potentialAction":[{"@type":"ReadAction","target":["https:\/\/jornaldasoficinas.com\/pt\/hc-pecas-a-audacia-de-crescer-com-logistica-inteligente\/"]}]},{"@type":"ImageObject","inLanguage":"pt-PT","@id":"https:\/\/jornaldasoficinas.com\/pt\/hc-pecas-a-audacia-de-crescer-com-logistica-inteligente\/#primaryimage","url":"https:\/\/jornaldasoficinas.com\/pt\/wp-content\/uploads\/2026\/04\/HC-PECA.png","contentUrl":"https:\/\/jornaldasoficinas.com\/pt\/wp-content\/uploads\/2026\/04\/HC-PECA.png","width":1024,"height":580,"caption":"04 - HC PECA"},{"@type":"BreadcrumbList","@id":"https:\/\/jornaldasoficinas.com\/pt\/hc-pecas-a-audacia-de-crescer-com-logistica-inteligente\/#breadcrumb","itemListElement":[{"@type":"ListItem","position":1,"name":"In\u00edcio","item":"https:\/\/jornaldasoficinas.com\/pt\/"},{"@type":"ListItem","position":2,"name":"HC PE\u00c7AS: A Aud\u00e1cia de Crescer com Log\u00edstica Inteligente"}]},{"@type":"WebSite","@id":"https:\/\/jornaldasoficinas.com\/pt\/#website","url":"https:\/\/jornaldasoficinas.com\/pt\/","name":"Jornal das Oficinas","description":"Jornal independente do Aftermarket Autom\u00f3vel em Portugal","publisher":{"@id":"https:\/\/jornaldasoficinas.com\/pt\/#organization"},"potentialAction":[{"@type":"SearchAction","target":{"@type":"EntryPoint","urlTemplate":"https:\/\/jornaldasoficinas.com\/pt\/?s={search_term_string}"},"query-input":{"@type":"PropertyValueSpecification","valueRequired":true,"valueName":"search_term_string"}}],"inLanguage":"pt-PT"},{"@type":"Organization","@id":"https:\/\/jornaldasoficinas.com\/pt\/#organization","name":"Jornal das Oficinas","url":"https:\/\/jornaldasoficinas.com\/pt\/","logo":{"@type":"ImageObject","inLanguage":"pt-PT","@id":"https:\/\/jornaldasoficinas.com\/pt\/#\/schema\/logo\/image\/","url":"https:\/\/jornaldasoficinas.com\/pt\/wp-content\/uploads\/logoJO-SEO.png","contentUrl":"https:\/\/jornaldasoficinas.com\/pt\/wp-content\/uploads\/logoJO-SEO.png","width":285,"height":450,"caption":"Jornal das Oficinas"},"image":{"@id":"https:\/\/jornaldasoficinas.com\/pt\/#\/schema\/logo\/image\/"},"sameAs":["https:\/\/www.facebook.com\/jornaloficinas","https:\/\/x.com\/jornaloficinas","https:\/\/www.instagram.com\/jornal_oficinas\/","https:\/\/www.linkedin.com\/company\/jornal-das-oficinas\/","https:\/\/www.youtube.com\/channel\/UCbQZBqtcvV-oSQrr7RzINGg"]},{"@type":"Person","@id":"https:\/\/jornaldasoficinas.com\/pt\/#\/schema\/person\/a38eef5de2c41d9e7c9ac10141afddf3","name":"Reda\u00e7\u00e3o JO","image":{"@type":"ImageObject","inLanguage":"pt-PT","@id":"https:\/\/secure.gravatar.com\/avatar\/71f2fa71737ad68a84fea94bc708ddac8ea5b0c4788dc2ad202f3ccb2887742f?s=96&d=wp_user_avatar&r=g","url":"https:\/\/secure.gravatar.com\/avatar\/71f2fa71737ad68a84fea94bc708ddac8ea5b0c4788dc2ad202f3ccb2887742f?s=96&d=wp_user_avatar&r=g","contentUrl":"https:\/\/secure.gravatar.com\/avatar\/71f2fa71737ad68a84fea94bc708ddac8ea5b0c4788dc2ad202f3ccb2887742f?s=96&d=wp_user_avatar&r=g","caption":"Reda\u00e7\u00e3o JO"},"url":"https:\/\/jornaldasoficinas.com\/pt\/author\/joredacao\/"}]}},"_links":{"self":[{"href":"https:\/\/jornaldasoficinas.com\/pt\/wp-json\/wp\/v2\/posts\/115973","targetHints":{"allow":["GET"]}}],"collection":[{"href":"https:\/\/jornaldasoficinas.com\/pt\/wp-json\/wp\/v2\/posts"}],"about":[{"href":"https:\/\/jornaldasoficinas.com\/pt\/wp-json\/wp\/v2\/types\/post"}],"author":[{"embeddable":true,"href":"https:\/\/jornaldasoficinas.com\/pt\/wp-json\/wp\/v2\/users\/15"}],"replies":[{"embeddable":true,"href":"https:\/\/jornaldasoficinas.com\/pt\/wp-json\/wp\/v2\/comments?post=115973"}],"version-history":[{"count":3,"href":"https:\/\/jornaldasoficinas.com\/pt\/wp-json\/wp\/v2\/posts\/115973\/revisions"}],"predecessor-version":[{"id":116061,"href":"https:\/\/jornaldasoficinas.com\/pt\/wp-json\/wp\/v2\/posts\/115973\/revisions\/116061"}],"wp:featuredmedia":[{"embeddable":true,"href":"https:\/\/jornaldasoficinas.com\/pt\/wp-json\/wp\/v2\/media\/116060"}],"wp:attachment":[{"href":"https:\/\/jornaldasoficinas.com\/pt\/wp-json\/wp\/v2\/media?parent=115973"}],"wp:term":[{"taxonomy":"category","embeddable":true,"href":"https:\/\/jornaldasoficinas.com\/pt\/wp-json\/wp\/v2\/categories?post=115973"},{"taxonomy":"post_tag","embeddable":true,"href":"https:\/\/jornaldasoficinas.com\/pt\/wp-json\/wp\/v2\/tags?post=115973"}],"curies":[{"name":"wp","href":"https:\/\/api.w.org\/{rel}","templated":true}]}}