{"id":115975,"date":"2026-04-28T14:00:12","date_gmt":"2026-04-28T13:00:12","guid":{"rendered":"https:\/\/jornaldasoficinas.com\/pt\/?p=115975"},"modified":"2026-04-26T12:51:04","modified_gmt":"2026-04-26T11:51:04","slug":"oficinas-dp-da-o-salto-para-a-televisao","status":"publish","type":"post","link":"https:\/\/jornaldasoficinas.com\/pt\/oficinas-dp-da-o-salto-para-a-televisao\/","title":{"rendered":"Oficinas DP d\u00e1 o salto para a televis\u00e3o"},"content":{"rendered":"<p><img loading=\"lazy\" decoding=\"async\" class=\"alignnone size-full wp-image-115988\" src=\"https:\/\/jornaldasoficinas.com\/pt\/wp-content\/uploads\/2026\/03\/Oficinas-DP-da-o-salto-para-a-televisao.png\" alt=\"03 - Oficinas DP da o salto para a televisao\" width=\"1024\" height=\"580\" srcset=\"https:\/\/jornaldasoficinas.com\/pt\/wp-content\/uploads\/2026\/03\/Oficinas-DP-da-o-salto-para-a-televisao.png 1024w, https:\/\/jornaldasoficinas.com\/pt\/wp-content\/uploads\/2026\/03\/Oficinas-DP-da-o-salto-para-a-televisao-300x170.png 300w, https:\/\/jornaldasoficinas.com\/pt\/wp-content\/uploads\/2026\/03\/Oficinas-DP-da-o-salto-para-a-televisao-150x85.png 150w, https:\/\/jornaldasoficinas.com\/pt\/wp-content\/uploads\/2026\/03\/Oficinas-DP-da-o-salto-para-a-televisao-768x435.png 768w\" sizes=\"auto, (max-width: 1024px) 100vw, 1024px\" \/><\/p>\n<p style=\"font-weight: 400;\"><strong>A <a href=\"https:\/\/www.google.com\/url?sa=t&amp;source=web&amp;rct=j&amp;opi=89978449&amp;url=https:\/\/talleresdp.es\/%3Flang%3Dpt-pt&amp;ved=2ahUKEwjE5fiLgoqUAxXp_gIHHVlmOLUQFnoECA0QAQ&amp;usg=AOvVaw1G15O00EgPmFe6VstrFGhh\">Oficinas DP<\/a>, a rede de oficinas impulsionada pela <a href=\"https:\/\/www.google.com\/url?sa=t&amp;source=web&amp;rct=j&amp;opi=89978449&amp;url=https:\/\/dipart.es\/%3Flang%3Dpt-pt&amp;ved=2ahUKEwiVy8WdgoqUAxW99wIHHaElIxMQFnoECA0QAQ&amp;usg=AOvVaw3JGvI578D1qxByNn_GWFPs\">Dipart<\/a>, lan\u00e7ou a sua nova campanha televisiva em Espanha, uma iniciativa estrat\u00e9gica que representa um passo decisivo na consolida\u00e7\u00e3o da marca e na sua aposta na visibilidade, na confian\u00e7a do cliente final e no fortalecimento da oficina profissional<\/strong><\/p>\n<p style=\"font-weight: 400;\">A campanha, que \u00e9 transmitida na televis\u00e3o e apoia-se num ecossistema de comunica\u00e7\u00e3o multicanal. Nasce com um objetivo claro: valorizar o papel da oficina como especialista de confian\u00e7a, destacando a proximidade, o conhecimento t\u00e9cnico e a profissionaliza\u00e7\u00e3o que definem as Oficinas DP.<\/p>\n<p style=\"font-weight: 400;\">&#8220;A campanha \u00e9 transmitida na Antena 3 no notici\u00e1rio da manh\u00e3, o que garante um elevado impacto e afinidade com o p\u00fablico-alvo&#8221;, refere a empresa em comunicado.<\/p>\n<p style=\"font-weight: 400;\"><strong>Visibilidade da marca com impacto direto na oficina<\/strong><\/p>\n<p style=\"font-weight: 400;\">A campanha refor\u00e7a valores como a confian\u00e7a, o profissionalismo, a proximidade e a qualidade do servi\u00e7o, transmitindo ao condutor a mensagem de que na Oficinas DP encontrar\u00e1 um servi\u00e7o profissional apoiado por uma rede s\u00f3lida e reconhec\u00edvel, com a garantia adicional das pe\u00e7as fornecidas por fornecedores de primeira linha.<\/p>\n<p style=\"font-weight: 400;\">Para as oficinas associadas, esta a\u00e7\u00e3o representa um aumento da notoriedade, credibilidade e capacidade de capta\u00e7\u00e3o, apoiado por uma imagem homog\u00e9nea e uma proposta clara, tanto ao n\u00edvel da marca como da experi\u00eancia do cliente.<\/p>\n<p style=\"font-weight: 400;\"><strong>Integra\u00e7\u00e3o com a\u00e7\u00f5es digitais e ponto de venda<\/strong><\/p>\n<p style=\"font-weight: 400;\">A campanha televisiva \u00e9 complementada com a\u00e7\u00f5es digitais, presen\u00e7a nas redes sociais, comunica\u00e7\u00e3o no ponto de venda e materiais espec\u00edficos para as oficinas, garantindo a coer\u00eancia e a continuidade da mensagem em todos os pontos de contacto com o cliente, facilitando o acesso \u00e0 promo\u00e7\u00e3o tamb\u00e9m por vias digitais.<\/p>\n<p style=\"font-weight: 400;\">Desta forma, a Oficinas DP consolida uma estrat\u00e9gia de 360\u00ba que combina alcance massivo com proximidade local, ajudando cada oficina a capitalizar o investimento realizado em meios de comunica\u00e7\u00e3o.<\/p>\n<p style=\"font-weight: 400;\"><strong>Compromisso com o futuro do setor<\/strong><\/p>\n<p style=\"font-weight: 400;\">Com esta iniciativa, a Oficinas DP reafirma o seu compromisso com a moderniza\u00e7\u00e3o do setor, apostando em ferramentas e a\u00e7\u00f5es tradicionalmente reservadas \u00e0s grandes marcas, mas ao servi\u00e7o da oficina independente.<\/p>\n<p style=\"font-weight: 400;\">A campanha televisiva transmite tamb\u00e9m uma mensagem: a oficina tem voz, tem valor e tem futuro quando comunica de forma profissional e coordenada.<\/p>\n<p style=\"font-weight: 400;\">A Dipart \u00e9 uma empresa de servi\u00e7os, composta por s\u00f3cios distribuidores de pe\u00e7as de autom\u00f3vel, que conta atualmente com mais de 110 pontos de venda em toda a pen\u00ednsula ib\u00e9rica, com um volume conjunto de fatura\u00e7\u00e3o superior a 180 milh\u00f5es de euros.<\/p>\n<p style=\"font-weight: 400;\">A Dipart centra-se na inova\u00e7\u00e3o constante para cobrir todas as necessidades dos seus clientes, em busca de uma maior profissionaliza\u00e7\u00e3o, e \u00e9 desde 2017, s\u00f3cia acionista do grupo internacional Global One.<\/p>\n<p style=\"font-weight: 400;\">\n","protected":false},"excerpt":{"rendered":"<p>A Oficinas DP, a rede de&#8230;<\/p>\n","protected":false},"author":15,"featured_media":115988,"comment_status":"closed","ping_status":"closed","sticky":false,"template":"","format":"standard","meta":{"footnotes":""},"categories":[29],"tags":[15024,15026,15025,1484,4014,2530,15027,14194],"class_list":["post-115975","post","type-post","status-publish","format-standard","has-post-thumbnail","hentry","category-empresas","tag-campanha-televisiva","tag-comunicacao-multicanal","tag-consolidacao-marca","tag-dipart","tag-espanha","tag-oficinas-dp","tag-valorizacao-oficinal","tag-visibilidade"],"yoast_head":"<!-- This site is optimized with the Yoast SEO plugin v27.4 - https:\/\/yoast.com\/product\/yoast-seo-wordpress\/ -->\n<title>Oficinas DP d\u00e1 o salto para a televis\u00e3o - Jornal das Oficinas<\/title>\n<meta name=\"description\" content=\"A Oficinas DP lan\u00e7ou a sua nova campanha televisiva em Espanha, uma iniciativa estrat\u00e9gica que representa a consolida\u00e7\u00e3o da marca\" \/>\n<meta name=\"robots\" content=\"index, follow, max-snippet:-1, max-image-preview:large, max-video-preview:-1\" \/>\n<link rel=\"canonical\" href=\"https:\/\/jornaldasoficinas.com\/pt\/oficinas-dp-da-o-salto-para-a-televisao\/\" \/>\n<meta property=\"og:locale\" content=\"pt_PT\" \/>\n<meta property=\"og:type\" content=\"article\" \/>\n<meta property=\"og:title\" content=\"Oficinas DP d\u00e1 o salto para a televis\u00e3o - Jornal das Oficinas\" \/>\n<meta property=\"og:description\" content=\"A Oficinas DP lan\u00e7ou a sua nova campanha televisiva em Espanha, uma iniciativa estrat\u00e9gica que representa a consolida\u00e7\u00e3o da marca\" \/>\n<meta property=\"og:url\" content=\"https:\/\/jornaldasoficinas.com\/pt\/oficinas-dp-da-o-salto-para-a-televisao\/\" \/>\n<meta property=\"og:site_name\" content=\"Jornal das Oficinas\" \/>\n<meta property=\"article:publisher\" content=\"https:\/\/www.facebook.com\/jornaloficinas\" \/>\n<meta property=\"article:published_time\" content=\"2026-04-28T13:00:12+00:00\" \/>\n<meta property=\"og:image\" content=\"https:\/\/jornaldasoficinas.com\/pt\/wp-content\/uploads\/2026\/03\/Oficinas-DP-da-o-salto-para-a-televisao.png\" \/>\n\t<meta property=\"og:image:width\" content=\"1024\" \/>\n\t<meta property=\"og:image:height\" content=\"580\" \/>\n\t<meta property=\"og:image:type\" content=\"image\/png\" \/>\n<meta name=\"author\" content=\"Reda\u00e7\u00e3o JO\" \/>\n<meta name=\"twitter:card\" content=\"summary_large_image\" \/>\n<meta name=\"twitter:creator\" content=\"@jornaloficinas\" \/>\n<meta name=\"twitter:site\" content=\"@jornaloficinas\" \/>\n<meta name=\"twitter:label1\" content=\"Escrito por\" \/>\n\t<meta name=\"twitter:data1\" content=\"Reda\u00e7\u00e3o JO\" \/>\n\t<meta name=\"twitter:label2\" content=\"Tempo estimado de leitura\" \/>\n\t<meta name=\"twitter:data2\" content=\"3 minutos\" \/>\n<script type=\"application\/ld+json\" class=\"yoast-schema-graph\">{\"@context\":\"https:\\\/\\\/schema.org\",\"@graph\":[{\"@type\":\"Article\",\"@id\":\"https:\\\/\\\/jornaldasoficinas.com\\\/pt\\\/oficinas-dp-da-o-salto-para-a-televisao\\\/#article\",\"isPartOf\":{\"@id\":\"https:\\\/\\\/jornaldasoficinas.com\\\/pt\\\/oficinas-dp-da-o-salto-para-a-televisao\\\/\"},\"author\":{\"name\":\"Reda\u00e7\u00e3o JO\",\"@id\":\"https:\\\/\\\/jornaldasoficinas.com\\\/pt\\\/#\\\/schema\\\/person\\\/a38eef5de2c41d9e7c9ac10141afddf3\"},\"headline\":\"Oficinas DP d\u00e1 o salto para a televis\u00e3o\",\"datePublished\":\"2026-04-28T13:00:12+00:00\",\"mainEntityOfPage\":{\"@id\":\"https:\\\/\\\/jornaldasoficinas.com\\\/pt\\\/oficinas-dp-da-o-salto-para-a-televisao\\\/\"},\"wordCount\":474,\"publisher\":{\"@id\":\"https:\\\/\\\/jornaldasoficinas.com\\\/pt\\\/#organization\"},\"image\":{\"@id\":\"https:\\\/\\\/jornaldasoficinas.com\\\/pt\\\/oficinas-dp-da-o-salto-para-a-televisao\\\/#primaryimage\"},\"thumbnailUrl\":\"https:\\\/\\\/jornaldasoficinas.com\\\/pt\\\/wp-content\\\/uploads\\\/2026\\\/03\\\/Oficinas-DP-da-o-salto-para-a-televisao.png\",\"keywords\":[\"campanha televisiva\",\"comunica\u00e7\u00e3o multicanal\",\"consolida\u00e7\u00e3o marca\",\"Dipart\",\"Espanha\",\"Oficinas DP\",\"valoriza\u00e7\u00e3o oficinal\",\"visibilidade\"],\"articleSection\":[\"Empresas\"],\"inLanguage\":\"pt-PT\"},{\"@type\":\"WebPage\",\"@id\":\"https:\\\/\\\/jornaldasoficinas.com\\\/pt\\\/oficinas-dp-da-o-salto-para-a-televisao\\\/\",\"url\":\"https:\\\/\\\/jornaldasoficinas.com\\\/pt\\\/oficinas-dp-da-o-salto-para-a-televisao\\\/\",\"name\":\"Oficinas DP d\u00e1 o salto para a televis\u00e3o - Jornal das Oficinas\",\"isPartOf\":{\"@id\":\"https:\\\/\\\/jornaldasoficinas.com\\\/pt\\\/#website\"},\"primaryImageOfPage\":{\"@id\":\"https:\\\/\\\/jornaldasoficinas.com\\\/pt\\\/oficinas-dp-da-o-salto-para-a-televisao\\\/#primaryimage\"},\"image\":{\"@id\":\"https:\\\/\\\/jornaldasoficinas.com\\\/pt\\\/oficinas-dp-da-o-salto-para-a-televisao\\\/#primaryimage\"},\"thumbnailUrl\":\"https:\\\/\\\/jornaldasoficinas.com\\\/pt\\\/wp-content\\\/uploads\\\/2026\\\/03\\\/Oficinas-DP-da-o-salto-para-a-televisao.png\",\"datePublished\":\"2026-04-28T13:00:12+00:00\",\"description\":\"A Oficinas DP lan\u00e7ou a sua nova campanha televisiva em Espanha, uma iniciativa estrat\u00e9gica que representa a consolida\u00e7\u00e3o da marca\",\"breadcrumb\":{\"@id\":\"https:\\\/\\\/jornaldasoficinas.com\\\/pt\\\/oficinas-dp-da-o-salto-para-a-televisao\\\/#breadcrumb\"},\"inLanguage\":\"pt-PT\",\"potentialAction\":[{\"@type\":\"ReadAction\",\"target\":[\"https:\\\/\\\/jornaldasoficinas.com\\\/pt\\\/oficinas-dp-da-o-salto-para-a-televisao\\\/\"]}]},{\"@type\":\"ImageObject\",\"inLanguage\":\"pt-PT\",\"@id\":\"https:\\\/\\\/jornaldasoficinas.com\\\/pt\\\/oficinas-dp-da-o-salto-para-a-televisao\\\/#primaryimage\",\"url\":\"https:\\\/\\\/jornaldasoficinas.com\\\/pt\\\/wp-content\\\/uploads\\\/2026\\\/03\\\/Oficinas-DP-da-o-salto-para-a-televisao.png\",\"contentUrl\":\"https:\\\/\\\/jornaldasoficinas.com\\\/pt\\\/wp-content\\\/uploads\\\/2026\\\/03\\\/Oficinas-DP-da-o-salto-para-a-televisao.png\",\"width\":1024,\"height\":580,\"caption\":\"03 - Oficinas DP da o salto para a televisao\"},{\"@type\":\"BreadcrumbList\",\"@id\":\"https:\\\/\\\/jornaldasoficinas.com\\\/pt\\\/oficinas-dp-da-o-salto-para-a-televisao\\\/#breadcrumb\",\"itemListElement\":[{\"@type\":\"ListItem\",\"position\":1,\"name\":\"In\u00edcio\",\"item\":\"https:\\\/\\\/jornaldasoficinas.com\\\/pt\\\/\"},{\"@type\":\"ListItem\",\"position\":2,\"name\":\"Oficinas DP d\u00e1 o salto para a televis\u00e3o\"}]},{\"@type\":\"WebSite\",\"@id\":\"https:\\\/\\\/jornaldasoficinas.com\\\/pt\\\/#website\",\"url\":\"https:\\\/\\\/jornaldasoficinas.com\\\/pt\\\/\",\"name\":\"Jornal das Oficinas\",\"description\":\"Jornal independente do Aftermarket Autom\u00f3vel em Portugal\",\"publisher\":{\"@id\":\"https:\\\/\\\/jornaldasoficinas.com\\\/pt\\\/#organization\"},\"potentialAction\":[{\"@type\":\"SearchAction\",\"target\":{\"@type\":\"EntryPoint\",\"urlTemplate\":\"https:\\\/\\\/jornaldasoficinas.com\\\/pt\\\/?s={search_term_string}\"},\"query-input\":{\"@type\":\"PropertyValueSpecification\",\"valueRequired\":true,\"valueName\":\"search_term_string\"}}],\"inLanguage\":\"pt-PT\"},{\"@type\":\"Organization\",\"@id\":\"https:\\\/\\\/jornaldasoficinas.com\\\/pt\\\/#organization\",\"name\":\"Jornal das Oficinas\",\"url\":\"https:\\\/\\\/jornaldasoficinas.com\\\/pt\\\/\",\"logo\":{\"@type\":\"ImageObject\",\"inLanguage\":\"pt-PT\",\"@id\":\"https:\\\/\\\/jornaldasoficinas.com\\\/pt\\\/#\\\/schema\\\/logo\\\/image\\\/\",\"url\":\"https:\\\/\\\/jornaldasoficinas.com\\\/pt\\\/wp-content\\\/uploads\\\/logoJO-SEO.png\",\"contentUrl\":\"https:\\\/\\\/jornaldasoficinas.com\\\/pt\\\/wp-content\\\/uploads\\\/logoJO-SEO.png\",\"width\":285,\"height\":450,\"caption\":\"Jornal das Oficinas\"},\"image\":{\"@id\":\"https:\\\/\\\/jornaldasoficinas.com\\\/pt\\\/#\\\/schema\\\/logo\\\/image\\\/\"},\"sameAs\":[\"https:\\\/\\\/www.facebook.com\\\/jornaloficinas\",\"https:\\\/\\\/x.com\\\/jornaloficinas\",\"https:\\\/\\\/www.instagram.com\\\/jornal_oficinas\\\/\",\"https:\\\/\\\/www.linkedin.com\\\/company\\\/jornal-das-oficinas\\\/\",\"https:\\\/\\\/www.youtube.com\\\/channel\\\/UCbQZBqtcvV-oSQrr7RzINGg\"]},{\"@type\":\"Person\",\"@id\":\"https:\\\/\\\/jornaldasoficinas.com\\\/pt\\\/#\\\/schema\\\/person\\\/a38eef5de2c41d9e7c9ac10141afddf3\",\"name\":\"Reda\u00e7\u00e3o JO\",\"image\":{\"@type\":\"ImageObject\",\"inLanguage\":\"pt-PT\",\"@id\":\"https:\\\/\\\/secure.gravatar.com\\\/avatar\\\/71f2fa71737ad68a84fea94bc708ddac8ea5b0c4788dc2ad202f3ccb2887742f?s=96&d=wp_user_avatar&r=g\",\"url\":\"https:\\\/\\\/secure.gravatar.com\\\/avatar\\\/71f2fa71737ad68a84fea94bc708ddac8ea5b0c4788dc2ad202f3ccb2887742f?s=96&d=wp_user_avatar&r=g\",\"contentUrl\":\"https:\\\/\\\/secure.gravatar.com\\\/avatar\\\/71f2fa71737ad68a84fea94bc708ddac8ea5b0c4788dc2ad202f3ccb2887742f?s=96&d=wp_user_avatar&r=g\",\"caption\":\"Reda\u00e7\u00e3o JO\"},\"url\":\"https:\\\/\\\/jornaldasoficinas.com\\\/pt\\\/author\\\/joredacao\\\/\"}]}<\/script>\n<!-- \/ Yoast SEO plugin. -->","yoast_head_json":{"title":"Oficinas DP d\u00e1 o salto para a televis\u00e3o - Jornal das Oficinas","description":"A Oficinas DP lan\u00e7ou a sua nova campanha televisiva em Espanha, uma iniciativa estrat\u00e9gica que representa a consolida\u00e7\u00e3o da marca","robots":{"index":"index","follow":"follow","max-snippet":"max-snippet:-1","max-image-preview":"max-image-preview:large","max-video-preview":"max-video-preview:-1"},"canonical":"https:\/\/jornaldasoficinas.com\/pt\/oficinas-dp-da-o-salto-para-a-televisao\/","og_locale":"pt_PT","og_type":"article","og_title":"Oficinas DP d\u00e1 o salto para a televis\u00e3o - Jornal das Oficinas","og_description":"A Oficinas DP lan\u00e7ou a sua nova campanha televisiva em Espanha, uma iniciativa estrat\u00e9gica que representa a consolida\u00e7\u00e3o da marca","og_url":"https:\/\/jornaldasoficinas.com\/pt\/oficinas-dp-da-o-salto-para-a-televisao\/","og_site_name":"Jornal das Oficinas","article_publisher":"https:\/\/www.facebook.com\/jornaloficinas","article_published_time":"2026-04-28T13:00:12+00:00","og_image":[{"width":1024,"height":580,"url":"https:\/\/jornaldasoficinas.com\/pt\/wp-content\/uploads\/2026\/03\/Oficinas-DP-da-o-salto-para-a-televisao.png","type":"image\/png"}],"author":"Reda\u00e7\u00e3o JO","twitter_card":"summary_large_image","twitter_creator":"@jornaloficinas","twitter_site":"@jornaloficinas","twitter_misc":{"Escrito por":"Reda\u00e7\u00e3o JO","Tempo estimado de leitura":"3 minutos"},"schema":{"@context":"https:\/\/schema.org","@graph":[{"@type":"Article","@id":"https:\/\/jornaldasoficinas.com\/pt\/oficinas-dp-da-o-salto-para-a-televisao\/#article","isPartOf":{"@id":"https:\/\/jornaldasoficinas.com\/pt\/oficinas-dp-da-o-salto-para-a-televisao\/"},"author":{"name":"Reda\u00e7\u00e3o JO","@id":"https:\/\/jornaldasoficinas.com\/pt\/#\/schema\/person\/a38eef5de2c41d9e7c9ac10141afddf3"},"headline":"Oficinas DP d\u00e1 o salto para a televis\u00e3o","datePublished":"2026-04-28T13:00:12+00:00","mainEntityOfPage":{"@id":"https:\/\/jornaldasoficinas.com\/pt\/oficinas-dp-da-o-salto-para-a-televisao\/"},"wordCount":474,"publisher":{"@id":"https:\/\/jornaldasoficinas.com\/pt\/#organization"},"image":{"@id":"https:\/\/jornaldasoficinas.com\/pt\/oficinas-dp-da-o-salto-para-a-televisao\/#primaryimage"},"thumbnailUrl":"https:\/\/jornaldasoficinas.com\/pt\/wp-content\/uploads\/2026\/03\/Oficinas-DP-da-o-salto-para-a-televisao.png","keywords":["campanha televisiva","comunica\u00e7\u00e3o multicanal","consolida\u00e7\u00e3o marca","Dipart","Espanha","Oficinas DP","valoriza\u00e7\u00e3o oficinal","visibilidade"],"articleSection":["Empresas"],"inLanguage":"pt-PT"},{"@type":"WebPage","@id":"https:\/\/jornaldasoficinas.com\/pt\/oficinas-dp-da-o-salto-para-a-televisao\/","url":"https:\/\/jornaldasoficinas.com\/pt\/oficinas-dp-da-o-salto-para-a-televisao\/","name":"Oficinas DP d\u00e1 o salto para a televis\u00e3o - Jornal das Oficinas","isPartOf":{"@id":"https:\/\/jornaldasoficinas.com\/pt\/#website"},"primaryImageOfPage":{"@id":"https:\/\/jornaldasoficinas.com\/pt\/oficinas-dp-da-o-salto-para-a-televisao\/#primaryimage"},"image":{"@id":"https:\/\/jornaldasoficinas.com\/pt\/oficinas-dp-da-o-salto-para-a-televisao\/#primaryimage"},"thumbnailUrl":"https:\/\/jornaldasoficinas.com\/pt\/wp-content\/uploads\/2026\/03\/Oficinas-DP-da-o-salto-para-a-televisao.png","datePublished":"2026-04-28T13:00:12+00:00","description":"A Oficinas DP lan\u00e7ou a sua nova campanha televisiva em Espanha, uma iniciativa estrat\u00e9gica que representa a consolida\u00e7\u00e3o da marca","breadcrumb":{"@id":"https:\/\/jornaldasoficinas.com\/pt\/oficinas-dp-da-o-salto-para-a-televisao\/#breadcrumb"},"inLanguage":"pt-PT","potentialAction":[{"@type":"ReadAction","target":["https:\/\/jornaldasoficinas.com\/pt\/oficinas-dp-da-o-salto-para-a-televisao\/"]}]},{"@type":"ImageObject","inLanguage":"pt-PT","@id":"https:\/\/jornaldasoficinas.com\/pt\/oficinas-dp-da-o-salto-para-a-televisao\/#primaryimage","url":"https:\/\/jornaldasoficinas.com\/pt\/wp-content\/uploads\/2026\/03\/Oficinas-DP-da-o-salto-para-a-televisao.png","contentUrl":"https:\/\/jornaldasoficinas.com\/pt\/wp-content\/uploads\/2026\/03\/Oficinas-DP-da-o-salto-para-a-televisao.png","width":1024,"height":580,"caption":"03 - Oficinas DP da o salto para a televisao"},{"@type":"BreadcrumbList","@id":"https:\/\/jornaldasoficinas.com\/pt\/oficinas-dp-da-o-salto-para-a-televisao\/#breadcrumb","itemListElement":[{"@type":"ListItem","position":1,"name":"In\u00edcio","item":"https:\/\/jornaldasoficinas.com\/pt\/"},{"@type":"ListItem","position":2,"name":"Oficinas DP d\u00e1 o salto para a televis\u00e3o"}]},{"@type":"WebSite","@id":"https:\/\/jornaldasoficinas.com\/pt\/#website","url":"https:\/\/jornaldasoficinas.com\/pt\/","name":"Jornal das Oficinas","description":"Jornal independente do Aftermarket Autom\u00f3vel em Portugal","publisher":{"@id":"https:\/\/jornaldasoficinas.com\/pt\/#organization"},"potentialAction":[{"@type":"SearchAction","target":{"@type":"EntryPoint","urlTemplate":"https:\/\/jornaldasoficinas.com\/pt\/?s={search_term_string}"},"query-input":{"@type":"PropertyValueSpecification","valueRequired":true,"valueName":"search_term_string"}}],"inLanguage":"pt-PT"},{"@type":"Organization","@id":"https:\/\/jornaldasoficinas.com\/pt\/#organization","name":"Jornal das Oficinas","url":"https:\/\/jornaldasoficinas.com\/pt\/","logo":{"@type":"ImageObject","inLanguage":"pt-PT","@id":"https:\/\/jornaldasoficinas.com\/pt\/#\/schema\/logo\/image\/","url":"https:\/\/jornaldasoficinas.com\/pt\/wp-content\/uploads\/logoJO-SEO.png","contentUrl":"https:\/\/jornaldasoficinas.com\/pt\/wp-content\/uploads\/logoJO-SEO.png","width":285,"height":450,"caption":"Jornal das Oficinas"},"image":{"@id":"https:\/\/jornaldasoficinas.com\/pt\/#\/schema\/logo\/image\/"},"sameAs":["https:\/\/www.facebook.com\/jornaloficinas","https:\/\/x.com\/jornaloficinas","https:\/\/www.instagram.com\/jornal_oficinas\/","https:\/\/www.linkedin.com\/company\/jornal-das-oficinas\/","https:\/\/www.youtube.com\/channel\/UCbQZBqtcvV-oSQrr7RzINGg"]},{"@type":"Person","@id":"https:\/\/jornaldasoficinas.com\/pt\/#\/schema\/person\/a38eef5de2c41d9e7c9ac10141afddf3","name":"Reda\u00e7\u00e3o JO","image":{"@type":"ImageObject","inLanguage":"pt-PT","@id":"https:\/\/secure.gravatar.com\/avatar\/71f2fa71737ad68a84fea94bc708ddac8ea5b0c4788dc2ad202f3ccb2887742f?s=96&d=wp_user_avatar&r=g","url":"https:\/\/secure.gravatar.com\/avatar\/71f2fa71737ad68a84fea94bc708ddac8ea5b0c4788dc2ad202f3ccb2887742f?s=96&d=wp_user_avatar&r=g","contentUrl":"https:\/\/secure.gravatar.com\/avatar\/71f2fa71737ad68a84fea94bc708ddac8ea5b0c4788dc2ad202f3ccb2887742f?s=96&d=wp_user_avatar&r=g","caption":"Reda\u00e7\u00e3o JO"},"url":"https:\/\/jornaldasoficinas.com\/pt\/author\/joredacao\/"}]}},"_links":{"self":[{"href":"https:\/\/jornaldasoficinas.com\/pt\/wp-json\/wp\/v2\/posts\/115975","targetHints":{"allow":["GET"]}}],"collection":[{"href":"https:\/\/jornaldasoficinas.com\/pt\/wp-json\/wp\/v2\/posts"}],"about":[{"href":"https:\/\/jornaldasoficinas.com\/pt\/wp-json\/wp\/v2\/types\/post"}],"author":[{"embeddable":true,"href":"https:\/\/jornaldasoficinas.com\/pt\/wp-json\/wp\/v2\/users\/15"}],"replies":[{"embeddable":true,"href":"https:\/\/jornaldasoficinas.com\/pt\/wp-json\/wp\/v2\/comments?post=115975"}],"version-history":[{"count":2,"href":"https:\/\/jornaldasoficinas.com\/pt\/wp-json\/wp\/v2\/posts\/115975\/revisions"}],"predecessor-version":[{"id":115990,"href":"https:\/\/jornaldasoficinas.com\/pt\/wp-json\/wp\/v2\/posts\/115975\/revisions\/115990"}],"wp:featuredmedia":[{"embeddable":true,"href":"https:\/\/jornaldasoficinas.com\/pt\/wp-json\/wp\/v2\/media\/115988"}],"wp:attachment":[{"href":"https:\/\/jornaldasoficinas.com\/pt\/wp-json\/wp\/v2\/media?parent=115975"}],"wp:term":[{"taxonomy":"category","embeddable":true,"href":"https:\/\/jornaldasoficinas.com\/pt\/wp-json\/wp\/v2\/categories?post=115975"},{"taxonomy":"post_tag","embeddable":true,"href":"https:\/\/jornaldasoficinas.com\/pt\/wp-json\/wp\/v2\/tags?post=115975"}],"curies":[{"name":"wp","href":"https:\/\/api.w.org\/{rel}","templated":true}]}}