{"id":116026,"date":"2026-05-01T08:00:16","date_gmt":"2026-05-01T07:00:16","guid":{"rendered":"https:\/\/jornaldasoficinas.com\/pt\/?p=116026"},"modified":"2026-04-28T16:37:26","modified_gmt":"2026-04-28T15:37:26","slug":"jornal-das-oficinas-de-maio-2026-disponivel-online","status":"publish","type":"post","link":"https:\/\/jornaldasoficinas.com\/pt\/jornal-das-oficinas-de-maio-2026-disponivel-online\/","title":{"rendered":"Jornal das Oficinas de maio 2026 dispon\u00edvel online"},"content":{"rendered":"<p><img loading=\"lazy\" decoding=\"async\" class=\"alignnone size-full wp-image-116028\" src=\"https:\/\/jornaldasoficinas.com\/pt\/wp-content\/uploads\/2026\/04\/Jornal-das-Oficinas-de-maio-2026-disponivel-online.jpg\" alt=\"04 - Jornal das Oficinas de maio 2026 disponivel online\" width=\"1024\" height=\"581\" srcset=\"https:\/\/jornaldasoficinas.com\/pt\/wp-content\/uploads\/2026\/04\/Jornal-das-Oficinas-de-maio-2026-disponivel-online.jpg 1024w, https:\/\/jornaldasoficinas.com\/pt\/wp-content\/uploads\/2026\/04\/Jornal-das-Oficinas-de-maio-2026-disponivel-online-300x170.jpg 300w, https:\/\/jornaldasoficinas.com\/pt\/wp-content\/uploads\/2026\/04\/Jornal-das-Oficinas-de-maio-2026-disponivel-online-150x85.jpg 150w, https:\/\/jornaldasoficinas.com\/pt\/wp-content\/uploads\/2026\/04\/Jornal-das-Oficinas-de-maio-2026-disponivel-online-768x436.jpg 768w\" sizes=\"auto, (max-width: 1024px) 100vw, 1024px\" \/><\/p>\n<p><strong>O artigo de destaque da edi\u00e7\u00e3o de maio 2026, do Jornal das Oficinas, \u00e9 sobre os\u00a0 Ve\u00edculos El\u00e9tricos no p\u00f3s-venda. Neste artigo fazemos o ponto de situa\u00e7\u00e3o do p\u00f3s-venda autom\u00f3vel perante a nova gera\u00e7\u00e3o de ve\u00edculos. Esta transi\u00e7\u00e3o exige novas compet\u00eancias e outro modo de atuar. Em que ponto est\u00e1 hoje o p\u00f3s-venda autom\u00f3vel face a esta mudan\u00e7a?<\/strong><\/p>\n<p>Especial Baterias autom\u00f3vel. O mercado portugu\u00eas de baterias autom\u00f3veis vive uma fase de transi\u00e7\u00e3o, marcada pelo envelhecimento do parque circulante e pela crescente exig\u00eancia tecnol\u00f3gica. Entre inova\u00e7\u00e3o, eletrifica\u00e7\u00e3o e press\u00e3o competitiva, o setor enfrenta novos desafios e oportunidades, onde qualidade, especializa\u00e7\u00e3o e adapta\u00e7\u00e3o s\u00e3o cada vez mais decisivas.<\/p>\n<p>Rececionista de oficina. A mais importante conquista de quem presta um servi\u00e7o n\u00e3o \u00e9 vender uma repara\u00e7\u00e3o, mas gerar empatia e confian\u00e7a genu\u00ednas. \u00c9 aqui que o papel do rececionista se torna absolutamente decisivo.<\/p>\n<p>Oficina do m\u00eas: <a href=\"https:\/\/hydraplan.com\/\" target=\"_blank\" rel=\"noopener\">Hydraplan<\/a>. Parceira de servi\u00e7o de assist\u00eancia da <a href=\"https:\/\/www.man.eu\/pt\/pt\/pagina-inicial.html\">MAN Truck &amp; Bus<\/a>, a Hydraplan fez recentemente 20 anos e h\u00e1 dois que recebe o trof\u00e9u TOP 100 de Melhor Oficina de Pesados. Hoje faz parte da <a href=\"https:\/\/nextsgps.com\/\" target=\"_blank\" rel=\"noopener\">NEXT SGPS, SA<\/a> e tem instala\u00e7\u00f5es em Alverca, Loul\u00e9 e M\u00e9rida (Espanha).<\/p>\n<p>Podcast <a href=\"https:\/\/open.spotify.com\/show\/13DNyQwlwV6DDew6tQy4YH?si=9a9ff58dd5ec4d10&amp;nd=1&amp;dlsi=190e5e5e3d5240b2\">Dar Voz ao Aftermarket<\/a>. Ainda s\u00e3o poucas, mas j\u00e1 n\u00e3o passam despercebidas. No Especial Dia da Mulher, assinalado no m\u00eas de mar\u00e7o, o podcast \u201cDar Voz ao Aftermarket\u201d, do Jornal das Oficinas, deu voz a profissionais que desafiam estere\u00f3tipos e provam, todos os dias, que talento e compet\u00eancia n\u00e3o t\u00eam g\u00e9nero.<\/p>\n<p><a href=\"https:\/\/www.axalta.com\/pt\/pt_PT.html\" target=\"_blank\" rel=\"noopener\">Axalta<\/a> instala Irus Mix na Caetano Colis\u00e3o V. N. Gaia. A Axalta Coating Systems refor\u00e7ou a sua presen\u00e7a tecnol\u00f3gica em Portugal com a instala\u00e7\u00e3o da m\u00e1quina de mistura Irus Mix nas instala\u00e7\u00f5es da Caetano Colis\u00e3o, em Vila Nova de Gaia, um passo que simboliza a evolu\u00e7\u00e3o digital dos processos de pintura autom\u00f3vel e o compromisso crescente da empresa com efici\u00eancia, qualidade e sustentabilidade.<\/p>\n<p>Jos\u00e9 Pneus assinala 60 anos atividade. Da recauchutagem \u00e0 distribui\u00e7\u00e3o de pneus, a <a href=\"https:\/\/sjosepneus.com\/pt\/\">S. Jos\u00e9 Pneus<\/a> ganhou dimens\u00e3o ib\u00e9rica e hoje \u00e9 capaz de dar resposta a todas as necessidades do mercado. A comemorar 60 anos de exist\u00eancia, a empresa \u00e9 parceira das marcas premium, tem v\u00e1rias representa\u00e7\u00f5es exclusivas e continua a crescer, preparando atualmente a constru\u00e7\u00e3o de um novo armaz\u00e9m de 13.000 m2.<\/p>\n<p>Nesta edi\u00e7\u00e3o pode ler as seguintes entrevistas:<\/p>\n<p>\u00c1lvaro Magalh\u00e3es, gerente e Agostinho Matos, diretor comercial da <a href=\"https:\/\/centrocor.pt\/\" target=\"_blank\" rel=\"noopener\">Centrocor<\/a><\/p>\n<p>Jorge Z\u00f3zimo, diretor geral da <a href=\"https:\/\/www.tacademy.pt\/\" target=\"_blank\" rel=\"noopener\">T.Academy<\/a><\/p>\n<p>Jos\u00e9 B\u00e1rbara, diretor-geral <a href=\"https:\/\/www.kroftools.com\/pt\/\" target=\"_blank\" rel=\"noopener\">KROFtools<\/a><\/p>\n<p>Jos\u00e9 Costa, diretor da <a href=\"https:\/\/expomecanica.pt\/pt\/\">expoMEC\u00c2NICA<\/a><\/p>\n<p>Paulo Rua, diretor de vendas da <a href=\"https:\/\/www.bahco.com\/int_en\/sna-europe\" target=\"_blank\" rel=\"noopener\">SNA Europe Portugal<\/a><\/p>\n<p>Rui Pinto, diretor-geral da PLR \u2013 <a href=\"https:\/\/www.pecaslandrover.com\/\">Pe\u00e7as Land Rover<\/a><\/p>\n<p>Tomasz Galazka, Head of Remanufacturing Strategy and Business Development da<a href=\"https:\/\/aftermarket.zf.com\/pt\/portal-da-zf-aftermarket\/\"> ZF Aftermarket<\/a><\/p>\n<p>As 10 fun\u00e7\u00f5es do para-brisas. O para-brisas \u00e9 muito mais do que um simples vidro que protege os ocupantes do vento, da chuva ou dos insetos. Trata-se de um componente fundamental para a seguran\u00e7a, o conforto, a efici\u00eancia e a tecnologia dos autom\u00f3veis modernos.<\/p>\n<p>Avalia\u00e7\u00e3o de danos na oficina de colis\u00e3o. Qualquer empres\u00e1rio ou profissional de oficina de colis\u00e3o tem de considerar a identifica\u00e7\u00e3o e avalia\u00e7\u00e3o de danos como uma ferramenta de melhoria que contribui para o aumento do rendimento econ\u00f3mico e da qualidade do servi\u00e7o.<\/p>\n<p>Correspond\u00eancia de cores no processo de repintura. Numa repara\u00e7\u00e3o de carro\u00e7aria em que foram substitu\u00eddas e\/ou reparadas diferentes pe\u00e7as, um bom ind\u00edcio para que o processo de repintura possa qualificar-se como correto \u00e9 n\u00e3o ser poss\u00edvel distinguir as pe\u00e7as pintadas das que n\u00e3o o foram.<\/p>\n<p><iframe loading=\"lazy\" src=\"https:\/\/www.yumpu.com\/pt\/embed\/view\/LJ2W71sbUXpDEyk9\" width=\"620px\" height=\"538px\" frameborder=\"0\" allowfullscreen=\"allowfullscreen\"><\/iframe><\/p>\n","protected":false},"excerpt":{"rendered":"<p>O artigo de destaque da edi\u00e7\u00e3o&#8230;<\/p>\n","protected":false},"author":15,"featured_media":116028,"comment_status":"closed","ping_status":"closed","sticky":false,"template":"","format":"standard","meta":{"footnotes":""},"categories":[411],"tags":[67,512,870,3161,78,15030,42,430,10939,15032,7644,15034,15033,2764,15031,89,181],"class_list":["post-116026","post","type-post","status-publish","format-standard","has-post-thumbnail","hentry","category-edicoes-jo","tag-axalta","tag-baterias","tag-centrocor","tag-dar-voz-ao-aftermarket","tag-expomecanica","tag-hydraplan","tag-kroftools","tag-man-truck-bus","tag-melhor-oficina","tag-next-sgps-sa","tag-oficina-de-colisao","tag-pecas-land-rover","tag-sna-europe-portugal","tag-t-academy","tag-trofeu-top-100","tag-veiculos-eletricos","tag-zf-aftermarket"],"yoast_head":"<!-- This site is optimized with the Yoast SEO plugin v27.5 - https:\/\/yoast.com\/product\/yoast-seo-wordpress\/ -->\n<title>Jornal das Oficinas de maio 2026 dispon\u00edvel online - Jornal das Oficinas<\/title>\n<meta name=\"description\" content=\"O artigo de destaque da edi\u00e7\u00e3o de maio 2026, do Jornal das Oficinas, \u00e9 sobre os\u00a0 Ve\u00edculos El\u00e9tricos no p\u00f3s-venda\" \/>\n<meta name=\"robots\" content=\"index, follow, max-snippet:-1, max-image-preview:large, max-video-preview:-1\" \/>\n<link rel=\"canonical\" href=\"https:\/\/jornaldasoficinas.com\/pt\/jornal-das-oficinas-de-maio-2026-disponivel-online\/\" \/>\n<meta property=\"og:locale\" content=\"pt_PT\" \/>\n<meta property=\"og:type\" content=\"article\" \/>\n<meta property=\"og:title\" content=\"Jornal das Oficinas de maio 2026 dispon\u00edvel online - Jornal das Oficinas\" \/>\n<meta property=\"og:description\" content=\"O artigo de destaque da edi\u00e7\u00e3o de maio 2026, do Jornal das Oficinas, \u00e9 sobre os\u00a0 Ve\u00edculos El\u00e9tricos no p\u00f3s-venda\" \/>\n<meta property=\"og:url\" content=\"https:\/\/jornaldasoficinas.com\/pt\/jornal-das-oficinas-de-maio-2026-disponivel-online\/\" \/>\n<meta property=\"og:site_name\" content=\"Jornal das Oficinas\" \/>\n<meta property=\"article:publisher\" content=\"https:\/\/www.facebook.com\/jornaloficinas\" \/>\n<meta property=\"article:published_time\" content=\"2026-05-01T07:00:16+00:00\" \/>\n<meta property=\"og:image\" content=\"https:\/\/jornaldasoficinas.com\/pt\/wp-content\/uploads\/2026\/04\/Jornal-das-Oficinas-de-maio-2026-disponivel-online.jpg\" \/>\n\t<meta property=\"og:image:width\" content=\"1024\" \/>\n\t<meta property=\"og:image:height\" content=\"581\" \/>\n\t<meta property=\"og:image:type\" content=\"image\/jpeg\" \/>\n<meta name=\"author\" content=\"Reda\u00e7\u00e3o JO\" \/>\n<meta name=\"twitter:card\" content=\"summary_large_image\" \/>\n<meta name=\"twitter:creator\" content=\"@jornaloficinas\" \/>\n<meta name=\"twitter:site\" content=\"@jornaloficinas\" \/>\n<meta name=\"twitter:label1\" content=\"Escrito por\" \/>\n\t<meta name=\"twitter:data1\" content=\"Reda\u00e7\u00e3o JO\" \/>\n\t<meta name=\"twitter:label2\" content=\"Tempo estimado de leitura\" \/>\n\t<meta name=\"twitter:data2\" content=\"4 minutos\" \/>\n<script type=\"application\/ld+json\" class=\"yoast-schema-graph\">{\"@context\":\"https:\\\/\\\/schema.org\",\"@graph\":[{\"@type\":\"Article\",\"@id\":\"https:\\\/\\\/jornaldasoficinas.com\\\/pt\\\/jornal-das-oficinas-de-maio-2026-disponivel-online\\\/#article\",\"isPartOf\":{\"@id\":\"https:\\\/\\\/jornaldasoficinas.com\\\/pt\\\/jornal-das-oficinas-de-maio-2026-disponivel-online\\\/\"},\"author\":{\"name\":\"Reda\u00e7\u00e3o JO\",\"@id\":\"https:\\\/\\\/jornaldasoficinas.com\\\/pt\\\/#\\\/schema\\\/person\\\/a38eef5de2c41d9e7c9ac10141afddf3\"},\"headline\":\"Jornal das Oficinas de maio 2026 dispon\u00edvel online\",\"datePublished\":\"2026-05-01T07:00:16+00:00\",\"mainEntityOfPage\":{\"@id\":\"https:\\\/\\\/jornaldasoficinas.com\\\/pt\\\/jornal-das-oficinas-de-maio-2026-disponivel-online\\\/\"},\"wordCount\":649,\"publisher\":{\"@id\":\"https:\\\/\\\/jornaldasoficinas.com\\\/pt\\\/#organization\"},\"image\":{\"@id\":\"https:\\\/\\\/jornaldasoficinas.com\\\/pt\\\/jornal-das-oficinas-de-maio-2026-disponivel-online\\\/#primaryimage\"},\"thumbnailUrl\":\"https:\\\/\\\/jornaldasoficinas.com\\\/pt\\\/wp-content\\\/uploads\\\/2026\\\/04\\\/Jornal-das-Oficinas-de-maio-2026-disponivel-online.jpg\",\"keywords\":[\"Axalta\",\"Baterias\",\"Centrocor\",\"Dar Voz ao Aftermarket\",\"expoMEC\u00c2NICA\",\"Hydraplan\",\"KROFtools\",\"MAN Truck &amp; Bus\",\"melhor oficina\",\"NEXT SGPS SA\",\"oficina de colis\u00e3o\",\"Pe\u00e7as Land Rover\",\"SNA Europe Portugal\",\"T Academy\",\"trof\u00e9u TOP 100\",\"Ve\u00edculos el\u00e9tricos\",\"ZF Aftermarket\"],\"articleSection\":[\"Edi\u00e7\u00f5es JO\"],\"inLanguage\":\"pt-PT\"},{\"@type\":\"WebPage\",\"@id\":\"https:\\\/\\\/jornaldasoficinas.com\\\/pt\\\/jornal-das-oficinas-de-maio-2026-disponivel-online\\\/\",\"url\":\"https:\\\/\\\/jornaldasoficinas.com\\\/pt\\\/jornal-das-oficinas-de-maio-2026-disponivel-online\\\/\",\"name\":\"Jornal das Oficinas de maio 2026 dispon\u00edvel online - Jornal das Oficinas\",\"isPartOf\":{\"@id\":\"https:\\\/\\\/jornaldasoficinas.com\\\/pt\\\/#website\"},\"primaryImageOfPage\":{\"@id\":\"https:\\\/\\\/jornaldasoficinas.com\\\/pt\\\/jornal-das-oficinas-de-maio-2026-disponivel-online\\\/#primaryimage\"},\"image\":{\"@id\":\"https:\\\/\\\/jornaldasoficinas.com\\\/pt\\\/jornal-das-oficinas-de-maio-2026-disponivel-online\\\/#primaryimage\"},\"thumbnailUrl\":\"https:\\\/\\\/jornaldasoficinas.com\\\/pt\\\/wp-content\\\/uploads\\\/2026\\\/04\\\/Jornal-das-Oficinas-de-maio-2026-disponivel-online.jpg\",\"datePublished\":\"2026-05-01T07:00:16+00:00\",\"description\":\"O artigo de destaque da edi\u00e7\u00e3o de maio 2026, do Jornal das Oficinas, \u00e9 sobre os\u00a0 Ve\u00edculos El\u00e9tricos no p\u00f3s-venda\",\"breadcrumb\":{\"@id\":\"https:\\\/\\\/jornaldasoficinas.com\\\/pt\\\/jornal-das-oficinas-de-maio-2026-disponivel-online\\\/#breadcrumb\"},\"inLanguage\":\"pt-PT\",\"potentialAction\":[{\"@type\":\"ReadAction\",\"target\":[\"https:\\\/\\\/jornaldasoficinas.com\\\/pt\\\/jornal-das-oficinas-de-maio-2026-disponivel-online\\\/\"]}]},{\"@type\":\"ImageObject\",\"inLanguage\":\"pt-PT\",\"@id\":\"https:\\\/\\\/jornaldasoficinas.com\\\/pt\\\/jornal-das-oficinas-de-maio-2026-disponivel-online\\\/#primaryimage\",\"url\":\"https:\\\/\\\/jornaldasoficinas.com\\\/pt\\\/wp-content\\\/uploads\\\/2026\\\/04\\\/Jornal-das-Oficinas-de-maio-2026-disponivel-online.jpg\",\"contentUrl\":\"https:\\\/\\\/jornaldasoficinas.com\\\/pt\\\/wp-content\\\/uploads\\\/2026\\\/04\\\/Jornal-das-Oficinas-de-maio-2026-disponivel-online.jpg\",\"width\":1024,\"height\":581,\"caption\":\"04 - Jornal das Oficinas de maio 2026 disponivel online\"},{\"@type\":\"BreadcrumbList\",\"@id\":\"https:\\\/\\\/jornaldasoficinas.com\\\/pt\\\/jornal-das-oficinas-de-maio-2026-disponivel-online\\\/#breadcrumb\",\"itemListElement\":[{\"@type\":\"ListItem\",\"position\":1,\"name\":\"In\u00edcio\",\"item\":\"https:\\\/\\\/jornaldasoficinas.com\\\/pt\\\/\"},{\"@type\":\"ListItem\",\"position\":2,\"name\":\"Jornal das Oficinas de maio 2026 dispon\u00edvel online\"}]},{\"@type\":\"WebSite\",\"@id\":\"https:\\\/\\\/jornaldasoficinas.com\\\/pt\\\/#website\",\"url\":\"https:\\\/\\\/jornaldasoficinas.com\\\/pt\\\/\",\"name\":\"Jornal das Oficinas\",\"description\":\"Jornal independente do Aftermarket Autom\u00f3vel em Portugal\",\"publisher\":{\"@id\":\"https:\\\/\\\/jornaldasoficinas.com\\\/pt\\\/#organization\"},\"potentialAction\":[{\"@type\":\"SearchAction\",\"target\":{\"@type\":\"EntryPoint\",\"urlTemplate\":\"https:\\\/\\\/jornaldasoficinas.com\\\/pt\\\/?s={search_term_string}\"},\"query-input\":{\"@type\":\"PropertyValueSpecification\",\"valueRequired\":true,\"valueName\":\"search_term_string\"}}],\"inLanguage\":\"pt-PT\"},{\"@type\":\"Organization\",\"@id\":\"https:\\\/\\\/jornaldasoficinas.com\\\/pt\\\/#organization\",\"name\":\"Jornal das Oficinas\",\"url\":\"https:\\\/\\\/jornaldasoficinas.com\\\/pt\\\/\",\"logo\":{\"@type\":\"ImageObject\",\"inLanguage\":\"pt-PT\",\"@id\":\"https:\\\/\\\/jornaldasoficinas.com\\\/pt\\\/#\\\/schema\\\/logo\\\/image\\\/\",\"url\":\"https:\\\/\\\/jornaldasoficinas.com\\\/pt\\\/wp-content\\\/uploads\\\/logoJO-SEO.png\",\"contentUrl\":\"https:\\\/\\\/jornaldasoficinas.com\\\/pt\\\/wp-content\\\/uploads\\\/logoJO-SEO.png\",\"width\":285,\"height\":450,\"caption\":\"Jornal das Oficinas\"},\"image\":{\"@id\":\"https:\\\/\\\/jornaldasoficinas.com\\\/pt\\\/#\\\/schema\\\/logo\\\/image\\\/\"},\"sameAs\":[\"https:\\\/\\\/www.facebook.com\\\/jornaloficinas\",\"https:\\\/\\\/x.com\\\/jornaloficinas\",\"https:\\\/\\\/www.instagram.com\\\/jornal_oficinas\\\/\",\"https:\\\/\\\/www.linkedin.com\\\/company\\\/jornal-das-oficinas\\\/\",\"https:\\\/\\\/www.youtube.com\\\/channel\\\/UCbQZBqtcvV-oSQrr7RzINGg\"]},{\"@type\":\"Person\",\"@id\":\"https:\\\/\\\/jornaldasoficinas.com\\\/pt\\\/#\\\/schema\\\/person\\\/a38eef5de2c41d9e7c9ac10141afddf3\",\"name\":\"Reda\u00e7\u00e3o JO\",\"image\":{\"@type\":\"ImageObject\",\"inLanguage\":\"pt-PT\",\"@id\":\"https:\\\/\\\/secure.gravatar.com\\\/avatar\\\/71f2fa71737ad68a84fea94bc708ddac8ea5b0c4788dc2ad202f3ccb2887742f?s=96&d=wp_user_avatar&r=g\",\"url\":\"https:\\\/\\\/secure.gravatar.com\\\/avatar\\\/71f2fa71737ad68a84fea94bc708ddac8ea5b0c4788dc2ad202f3ccb2887742f?s=96&d=wp_user_avatar&r=g\",\"contentUrl\":\"https:\\\/\\\/secure.gravatar.com\\\/avatar\\\/71f2fa71737ad68a84fea94bc708ddac8ea5b0c4788dc2ad202f3ccb2887742f?s=96&d=wp_user_avatar&r=g\",\"caption\":\"Reda\u00e7\u00e3o JO\"},\"url\":\"https:\\\/\\\/jornaldasoficinas.com\\\/pt\\\/author\\\/joredacao\\\/\"}]}<\/script>\n<!-- \/ Yoast SEO plugin. -->","yoast_head_json":{"title":"Jornal das Oficinas de maio 2026 dispon\u00edvel online - Jornal das Oficinas","description":"O artigo de destaque da edi\u00e7\u00e3o de maio 2026, do Jornal das Oficinas, \u00e9 sobre os\u00a0 Ve\u00edculos El\u00e9tricos no p\u00f3s-venda","robots":{"index":"index","follow":"follow","max-snippet":"max-snippet:-1","max-image-preview":"max-image-preview:large","max-video-preview":"max-video-preview:-1"},"canonical":"https:\/\/jornaldasoficinas.com\/pt\/jornal-das-oficinas-de-maio-2026-disponivel-online\/","og_locale":"pt_PT","og_type":"article","og_title":"Jornal das Oficinas de maio 2026 dispon\u00edvel online - Jornal das Oficinas","og_description":"O artigo de destaque da edi\u00e7\u00e3o de maio 2026, do Jornal das Oficinas, \u00e9 sobre os\u00a0 Ve\u00edculos El\u00e9tricos no p\u00f3s-venda","og_url":"https:\/\/jornaldasoficinas.com\/pt\/jornal-das-oficinas-de-maio-2026-disponivel-online\/","og_site_name":"Jornal das Oficinas","article_publisher":"https:\/\/www.facebook.com\/jornaloficinas","article_published_time":"2026-05-01T07:00:16+00:00","og_image":[{"width":1024,"height":581,"url":"https:\/\/jornaldasoficinas.com\/pt\/wp-content\/uploads\/2026\/04\/Jornal-das-Oficinas-de-maio-2026-disponivel-online.jpg","type":"image\/jpeg"}],"author":"Reda\u00e7\u00e3o JO","twitter_card":"summary_large_image","twitter_creator":"@jornaloficinas","twitter_site":"@jornaloficinas","twitter_misc":{"Escrito por":"Reda\u00e7\u00e3o JO","Tempo estimado de leitura":"4 minutos"},"schema":{"@context":"https:\/\/schema.org","@graph":[{"@type":"Article","@id":"https:\/\/jornaldasoficinas.com\/pt\/jornal-das-oficinas-de-maio-2026-disponivel-online\/#article","isPartOf":{"@id":"https:\/\/jornaldasoficinas.com\/pt\/jornal-das-oficinas-de-maio-2026-disponivel-online\/"},"author":{"name":"Reda\u00e7\u00e3o JO","@id":"https:\/\/jornaldasoficinas.com\/pt\/#\/schema\/person\/a38eef5de2c41d9e7c9ac10141afddf3"},"headline":"Jornal das Oficinas de maio 2026 dispon\u00edvel online","datePublished":"2026-05-01T07:00:16+00:00","mainEntityOfPage":{"@id":"https:\/\/jornaldasoficinas.com\/pt\/jornal-das-oficinas-de-maio-2026-disponivel-online\/"},"wordCount":649,"publisher":{"@id":"https:\/\/jornaldasoficinas.com\/pt\/#organization"},"image":{"@id":"https:\/\/jornaldasoficinas.com\/pt\/jornal-das-oficinas-de-maio-2026-disponivel-online\/#primaryimage"},"thumbnailUrl":"https:\/\/jornaldasoficinas.com\/pt\/wp-content\/uploads\/2026\/04\/Jornal-das-Oficinas-de-maio-2026-disponivel-online.jpg","keywords":["Axalta","Baterias","Centrocor","Dar Voz ao Aftermarket","expoMEC\u00c2NICA","Hydraplan","KROFtools","MAN Truck &amp; Bus","melhor oficina","NEXT SGPS SA","oficina de colis\u00e3o","Pe\u00e7as Land Rover","SNA Europe Portugal","T Academy","trof\u00e9u TOP 100","Ve\u00edculos el\u00e9tricos","ZF Aftermarket"],"articleSection":["Edi\u00e7\u00f5es JO"],"inLanguage":"pt-PT"},{"@type":"WebPage","@id":"https:\/\/jornaldasoficinas.com\/pt\/jornal-das-oficinas-de-maio-2026-disponivel-online\/","url":"https:\/\/jornaldasoficinas.com\/pt\/jornal-das-oficinas-de-maio-2026-disponivel-online\/","name":"Jornal das Oficinas de maio 2026 dispon\u00edvel online - Jornal das Oficinas","isPartOf":{"@id":"https:\/\/jornaldasoficinas.com\/pt\/#website"},"primaryImageOfPage":{"@id":"https:\/\/jornaldasoficinas.com\/pt\/jornal-das-oficinas-de-maio-2026-disponivel-online\/#primaryimage"},"image":{"@id":"https:\/\/jornaldasoficinas.com\/pt\/jornal-das-oficinas-de-maio-2026-disponivel-online\/#primaryimage"},"thumbnailUrl":"https:\/\/jornaldasoficinas.com\/pt\/wp-content\/uploads\/2026\/04\/Jornal-das-Oficinas-de-maio-2026-disponivel-online.jpg","datePublished":"2026-05-01T07:00:16+00:00","description":"O artigo de destaque da edi\u00e7\u00e3o de maio 2026, do Jornal das Oficinas, \u00e9 sobre os\u00a0 Ve\u00edculos El\u00e9tricos no p\u00f3s-venda","breadcrumb":{"@id":"https:\/\/jornaldasoficinas.com\/pt\/jornal-das-oficinas-de-maio-2026-disponivel-online\/#breadcrumb"},"inLanguage":"pt-PT","potentialAction":[{"@type":"ReadAction","target":["https:\/\/jornaldasoficinas.com\/pt\/jornal-das-oficinas-de-maio-2026-disponivel-online\/"]}]},{"@type":"ImageObject","inLanguage":"pt-PT","@id":"https:\/\/jornaldasoficinas.com\/pt\/jornal-das-oficinas-de-maio-2026-disponivel-online\/#primaryimage","url":"https:\/\/jornaldasoficinas.com\/pt\/wp-content\/uploads\/2026\/04\/Jornal-das-Oficinas-de-maio-2026-disponivel-online.jpg","contentUrl":"https:\/\/jornaldasoficinas.com\/pt\/wp-content\/uploads\/2026\/04\/Jornal-das-Oficinas-de-maio-2026-disponivel-online.jpg","width":1024,"height":581,"caption":"04 - Jornal das Oficinas de maio 2026 disponivel online"},{"@type":"BreadcrumbList","@id":"https:\/\/jornaldasoficinas.com\/pt\/jornal-das-oficinas-de-maio-2026-disponivel-online\/#breadcrumb","itemListElement":[{"@type":"ListItem","position":1,"name":"In\u00edcio","item":"https:\/\/jornaldasoficinas.com\/pt\/"},{"@type":"ListItem","position":2,"name":"Jornal das Oficinas de maio 2026 dispon\u00edvel online"}]},{"@type":"WebSite","@id":"https:\/\/jornaldasoficinas.com\/pt\/#website","url":"https:\/\/jornaldasoficinas.com\/pt\/","name":"Jornal das Oficinas","description":"Jornal independente do Aftermarket Autom\u00f3vel em Portugal","publisher":{"@id":"https:\/\/jornaldasoficinas.com\/pt\/#organization"},"potentialAction":[{"@type":"SearchAction","target":{"@type":"EntryPoint","urlTemplate":"https:\/\/jornaldasoficinas.com\/pt\/?s={search_term_string}"},"query-input":{"@type":"PropertyValueSpecification","valueRequired":true,"valueName":"search_term_string"}}],"inLanguage":"pt-PT"},{"@type":"Organization","@id":"https:\/\/jornaldasoficinas.com\/pt\/#organization","name":"Jornal das Oficinas","url":"https:\/\/jornaldasoficinas.com\/pt\/","logo":{"@type":"ImageObject","inLanguage":"pt-PT","@id":"https:\/\/jornaldasoficinas.com\/pt\/#\/schema\/logo\/image\/","url":"https:\/\/jornaldasoficinas.com\/pt\/wp-content\/uploads\/logoJO-SEO.png","contentUrl":"https:\/\/jornaldasoficinas.com\/pt\/wp-content\/uploads\/logoJO-SEO.png","width":285,"height":450,"caption":"Jornal das Oficinas"},"image":{"@id":"https:\/\/jornaldasoficinas.com\/pt\/#\/schema\/logo\/image\/"},"sameAs":["https:\/\/www.facebook.com\/jornaloficinas","https:\/\/x.com\/jornaloficinas","https:\/\/www.instagram.com\/jornal_oficinas\/","https:\/\/www.linkedin.com\/company\/jornal-das-oficinas\/","https:\/\/www.youtube.com\/channel\/UCbQZBqtcvV-oSQrr7RzINGg"]},{"@type":"Person","@id":"https:\/\/jornaldasoficinas.com\/pt\/#\/schema\/person\/a38eef5de2c41d9e7c9ac10141afddf3","name":"Reda\u00e7\u00e3o JO","image":{"@type":"ImageObject","inLanguage":"pt-PT","@id":"https:\/\/secure.gravatar.com\/avatar\/71f2fa71737ad68a84fea94bc708ddac8ea5b0c4788dc2ad202f3ccb2887742f?s=96&d=wp_user_avatar&r=g","url":"https:\/\/secure.gravatar.com\/avatar\/71f2fa71737ad68a84fea94bc708ddac8ea5b0c4788dc2ad202f3ccb2887742f?s=96&d=wp_user_avatar&r=g","contentUrl":"https:\/\/secure.gravatar.com\/avatar\/71f2fa71737ad68a84fea94bc708ddac8ea5b0c4788dc2ad202f3ccb2887742f?s=96&d=wp_user_avatar&r=g","caption":"Reda\u00e7\u00e3o JO"},"url":"https:\/\/jornaldasoficinas.com\/pt\/author\/joredacao\/"}]}},"_links":{"self":[{"href":"https:\/\/jornaldasoficinas.com\/pt\/wp-json\/wp\/v2\/posts\/116026","targetHints":{"allow":["GET"]}}],"collection":[{"href":"https:\/\/jornaldasoficinas.com\/pt\/wp-json\/wp\/v2\/posts"}],"about":[{"href":"https:\/\/jornaldasoficinas.com\/pt\/wp-json\/wp\/v2\/types\/post"}],"author":[{"embeddable":true,"href":"https:\/\/jornaldasoficinas.com\/pt\/wp-json\/wp\/v2\/users\/15"}],"replies":[{"embeddable":true,"href":"https:\/\/jornaldasoficinas.com\/pt\/wp-json\/wp\/v2\/comments?post=116026"}],"version-history":[{"count":6,"href":"https:\/\/jornaldasoficinas.com\/pt\/wp-json\/wp\/v2\/posts\/116026\/revisions"}],"predecessor-version":[{"id":116071,"href":"https:\/\/jornaldasoficinas.com\/pt\/wp-json\/wp\/v2\/posts\/116026\/revisions\/116071"}],"wp:featuredmedia":[{"embeddable":true,"href":"https:\/\/jornaldasoficinas.com\/pt\/wp-json\/wp\/v2\/media\/116028"}],"wp:attachment":[{"href":"https:\/\/jornaldasoficinas.com\/pt\/wp-json\/wp\/v2\/media?parent=116026"}],"wp:term":[{"taxonomy":"category","embeddable":true,"href":"https:\/\/jornaldasoficinas.com\/pt\/wp-json\/wp\/v2\/categories?post=116026"},{"taxonomy":"post_tag","embeddable":true,"href":"https:\/\/jornaldasoficinas.com\/pt\/wp-json\/wp\/v2\/tags?post=116026"}],"curies":[{"name":"wp","href":"https:\/\/api.w.org\/{rel}","templated":true}]}}