{"id":116069,"date":"2026-04-29T12:30:16","date_gmt":"2026-04-29T11:30:16","guid":{"rendered":"https:\/\/jornaldasoficinas.com\/pt\/?p=116069"},"modified":"2026-04-28T18:40:47","modified_gmt":"2026-04-28T17:40:47","slug":"sendys-group-fatura-109-milhoes-de-euros-em-2025","status":"publish","type":"post","link":"https:\/\/jornaldasoficinas.com\/pt\/sendys-group-fatura-109-milhoes-de-euros-em-2025\/","title":{"rendered":"Sendys Group fatura 10,9 milh\u00f5es de euros em 2025"},"content":{"rendered":"<p style=\"font-weight: 400;\"><strong><img loading=\"lazy\" decoding=\"async\" class=\"alignnone size-full wp-image-116106\" src=\"https:\/\/jornaldasoficinas.com\/pt\/wp-content\/uploads\/2026\/04\/Sendys-Group.jpeg\" alt=\"04 - Sendys Group\" width=\"1024\" height=\"580\" srcset=\"https:\/\/jornaldasoficinas.com\/pt\/wp-content\/uploads\/2026\/04\/Sendys-Group.jpeg 1024w, https:\/\/jornaldasoficinas.com\/pt\/wp-content\/uploads\/2026\/04\/Sendys-Group-300x170.jpeg 300w, https:\/\/jornaldasoficinas.com\/pt\/wp-content\/uploads\/2026\/04\/Sendys-Group-150x85.jpeg 150w, https:\/\/jornaldasoficinas.com\/pt\/wp-content\/uploads\/2026\/04\/Sendys-Group-768x435.jpeg 768w\" sizes=\"auto, (max-width: 1024px) 100vw, 1024px\" \/><\/strong><\/p>\n<p style=\"font-weight: 400;\"><strong>O <a href=\"https:\/\/www.google.com\/url?sa=t&amp;source=web&amp;rct=j&amp;opi=89978449&amp;url=https:\/\/www.sendysgroup.com\/&amp;ved=2ahUKEwi-n-ux75CUAxWhdqQEHbqWGEwQFnoECBkQAQ&amp;usg=AOvVaw24yvq9jRGqvaVaiN5Xs35H\">Sendys Group<\/a>, que integra as tecnol\u00f3gicas <a href=\"https:\/\/www.google.com\/url?sa=t&amp;source=web&amp;rct=j&amp;opi=89978449&amp;url=https:\/\/www.sendys.pt\/&amp;ved=2ahUKEwjsttq_75CUAxXZTaQEHXtZMFEQFnoECD0QAQ&amp;usg=AOvVaw3spEwD_tCKFH7D4cIQ6bY6\">Sendys<\/a>, <a href=\"https:\/\/www.google.com\/url?sa=t&amp;source=web&amp;rct=j&amp;opi=89978449&amp;url=https:\/\/www.alidata.pt\/&amp;ved=2ahUKEwjKxPXH75CUAxXbRaQEHaJfPWkQFnoECDsQAQ&amp;usg=AOvVaw3Q9npiaJ4E0Pu2pTABMoEb\">Alidata<\/a> e <a href=\"https:\/\/www.google.com\/url?sa=t&amp;source=web&amp;rct=j&amp;opi=89978449&amp;url=https:\/\/masterway.net\/&amp;ved=2ahUKEwjzwZzP75CUAxXROPsDHQQPLrYQFnoECBwQAQ&amp;usg=AOvVaw2XeSnV1usYreeyjACo4GSc\">Masterway<\/a>, encerrou o exerc\u00edcio de 2025 com resultados positivos, consolidando a sua posi\u00e7\u00e3o nos mercados onde opera e refor\u00e7ando a aposta na inova\u00e7\u00e3o digital<\/strong><\/p>\n<p style=\"font-weight: 400;\">O grupo registou um volume global de neg\u00f3cios de 10,9 milh\u00f5es de euros, o que representa um crescimento superior a 3% face ao ano anterior, desempenho sustentado pelo comportamento positivo em todos os mercados onde opera.<\/p>\n<p style=\"font-weight: 400;\">Em Portugal, a fatura\u00e7\u00e3o atingiu os 6,1 milh\u00f5es de euros, enquanto nos mercados internacionais se destaca o crescimento de 11% em Mo\u00e7ambique, que alcan\u00e7ou um volume de neg\u00f3cios de 1,9 milh\u00f5es de euros. Seguiu-se Angola, que registou uma fatura\u00e7\u00e3o de 2,3 milh\u00f5es de euros. Os restantes mercados internacionais totalizaram 700 mil euros de volume de neg\u00f3cios.<\/p>\n<p style=\"font-weight: 400;\">O grupo que este ano celebra os 42 anos das suas principais software houses, Sendys e Alidata, fechou o ano de 2025 com uma equipa de 162 colaboradores, continuando a investir na capta\u00e7\u00e3o e reten\u00e7\u00e3o de talento estrat\u00e9gico, para suportar o desenvolvimento de novas solu\u00e7\u00f5es tecnol\u00f3gicas.<\/p>\n<p style=\"font-weight: 400;\">Durante o ano de 2025, o Sendys Group manteve um foco intenso na inova\u00e7\u00e3o, com a consolida\u00e7\u00e3o de solu\u00e7\u00f5es com base em intelig\u00eancia artificial (IA) em plataformas como as de recrutamento, gest\u00e3o de obriga\u00e7\u00f5es fiscais ou arquivo digital. O ano passado ficou ainda marcado pelo lan\u00e7amento de plataformas web para controlo de produ\u00e7\u00e3o, gest\u00e3o de oficinas e desenvolvimento cont\u00ednuo na implementa\u00e7\u00e3o da solu\u00e7\u00e3o gest\u00e3o de Obriga\u00e7\u00f5es fiscais e financeiras (GOFF). Esta ferramenta, orientada para a gest\u00e3o de obriga\u00e7\u00f5es fiscais, financeiras e de fundos, teve um impacto transversal e profundo na forma como as organiza\u00e7\u00f5es gerem a sua rela\u00e7\u00e3o com o Estado.<\/p>\n<p style=\"font-weight: 400;\">A efici\u00eancia operacional foi igualmente refor\u00e7ada com a implementa\u00e7\u00e3o de sistemas de CRM com fluxos de aprova\u00e7\u00e3o automatizados e um controlo mais rigoroso de projetos, atrav\u00e9s da integra\u00e7\u00e3o de timesheets com as \u00e1reas de recursos humanos e contabilidade.<\/p>\n<p style=\"font-weight: 400;\">Com os olhos postos em 2026, o Sendys Group definiu prioridades estrat\u00e9gicas claras que visam um crescimento previsto de 11%. Entre os principais objetivos para este ano, destaca-se a moderniza\u00e7\u00e3o do ERP para uma arquitetura web nativa e a cria\u00e7\u00e3o de uma vers\u00e3o web das suas principais funcionalidades, garantindo uma maior agilidade no acesso \u00e0 informa\u00e7\u00e3o.<\/p>\n<p style=\"font-weight: 400;\">O compromisso com a seguran\u00e7a de dados ser\u00e1 refor\u00e7ado, atrav\u00e9s do processo de obten\u00e7\u00e3o da certifica\u00e7\u00e3o ISO 27001, enquanto a expans\u00e3o geogr\u00e1fica continuar\u00e1 focada na consolida\u00e7\u00e3o do mercado de Cabo Verde e no refor\u00e7o da fatura\u00e7\u00e3o eletr\u00f3nica nos PALOP. A empresa manter\u00e1 a aposta na simplifica\u00e7\u00e3o de processos atrav\u00e9s de IA e no aperfei\u00e7oamento de plataformas de BPM e gest\u00e3o documental, para garantir um suporte robusto \u00e0 sua base de clientes.<\/p>\n<p style=\"font-weight: 400;\">Fernando Amaral, Chairman do Sendys Group, sublinha que \u201cem 2025 o grupo consolidou a sua posi\u00e7\u00e3o como refer\u00eancia tecnol\u00f3gica, focando-se na inova\u00e7\u00e3o e na transforma\u00e7\u00e3o digital, atrav\u00e9s de investimentos significativos em investiga\u00e7\u00e3o e desenvolvimento\u201d. O respons\u00e1vel afirma ainda que \u201ca empresa trabalha em solu\u00e7\u00f5es que v\u00e3o ao encontro das necessidades crescentes dos clientes e que, atrav\u00e9s de parcerias estrat\u00e9gicas, o grupo continuar\u00e1 a promover pr\u00e1ticas sustent\u00e1veis para um futuro mais eficiente e respons\u00e1vel, mantendo sempre o foco na excel\u00eancia e na cria\u00e7\u00e3o de valor\u201d.<\/p>\n<p style=\"font-weight: 400;\">Especializado no desenvolvimento de solu\u00e7\u00f5es de software de gest\u00e3o empresarial, o Sendys Group continua a refor\u00e7ar a estrat\u00e9gia de crescimento sustentada na inova\u00e7\u00e3o, na proximidade com os clientes e na capacidade de adapta\u00e7\u00e3o tecnol\u00f3gica aos diferentes mercados onde opera. As previs\u00f5es apontam para um\u00a0crescimento de 11% nos pr\u00f3ximos anos, suportado pelo investimento cont\u00ednuo nas pessoas, em tecnologia e na expans\u00e3o da base de clientes em v\u00e1rios mercados internacionais.<\/p>\n<p style=\"font-weight: 400;\">\n","protected":false},"excerpt":{"rendered":"<p>O Sendys Group, que integra as&#8230;<\/p>\n","protected":false},"author":15,"featured_media":116106,"comment_status":"closed","ping_status":"closed","sticky":false,"template":"","format":"standard","meta":{"footnotes":""},"categories":[29],"tags":[122,13150,11674,3095,9114,4025,330],"class_list":["post-116069","post","type-post","status-publish","format-standard","has-post-thumbnail","hentry","category-empresas","tag-alidata","tag-faturacao","tag-inovacao-digital","tag-masterway","tag-resultados-positivos","tag-sendys","tag-sendys-group"],"yoast_head":"<!-- This site is optimized with the Yoast SEO plugin v27.5 - https:\/\/yoast.com\/product\/yoast-seo-wordpress\/ -->\n<title>Sendys Group fatura 10,9 milh\u00f5es de euros em 2025 - Jornal das Oficinas<\/title>\n<meta name=\"description\" content=\"O Sendys Group, encerrou o exerc\u00edcio de 2025 com resultados positivos, consolidando a sua posi\u00e7\u00e3o nos mercados onde opera\" \/>\n<meta name=\"robots\" content=\"index, follow, max-snippet:-1, max-image-preview:large, max-video-preview:-1\" \/>\n<link rel=\"canonical\" href=\"https:\/\/jornaldasoficinas.com\/pt\/sendys-group-fatura-109-milhoes-de-euros-em-2025\/\" \/>\n<meta property=\"og:locale\" content=\"pt_PT\" \/>\n<meta property=\"og:type\" content=\"article\" \/>\n<meta property=\"og:title\" content=\"Sendys Group fatura 10,9 milh\u00f5es de euros em 2025 - Jornal das Oficinas\" \/>\n<meta property=\"og:description\" content=\"O Sendys Group, encerrou o exerc\u00edcio de 2025 com resultados positivos, consolidando a sua posi\u00e7\u00e3o nos mercados onde opera\" \/>\n<meta property=\"og:url\" content=\"https:\/\/jornaldasoficinas.com\/pt\/sendys-group-fatura-109-milhoes-de-euros-em-2025\/\" \/>\n<meta property=\"og:site_name\" content=\"Jornal das Oficinas\" \/>\n<meta property=\"article:publisher\" content=\"https:\/\/www.facebook.com\/jornaloficinas\" \/>\n<meta property=\"article:published_time\" content=\"2026-04-29T11:30:16+00:00\" \/>\n<meta property=\"og:image\" content=\"https:\/\/jornaldasoficinas.com\/pt\/wp-content\/uploads\/2026\/04\/Sendys-Group.jpeg\" \/>\n\t<meta property=\"og:image:width\" content=\"1024\" \/>\n\t<meta property=\"og:image:height\" content=\"580\" \/>\n\t<meta property=\"og:image:type\" content=\"image\/jpeg\" \/>\n<meta name=\"author\" content=\"Reda\u00e7\u00e3o JO\" \/>\n<meta name=\"twitter:card\" content=\"summary_large_image\" \/>\n<meta name=\"twitter:creator\" content=\"@jornaloficinas\" \/>\n<meta name=\"twitter:site\" content=\"@jornaloficinas\" \/>\n<meta name=\"twitter:label1\" content=\"Escrito por\" \/>\n\t<meta name=\"twitter:data1\" content=\"Reda\u00e7\u00e3o JO\" \/>\n\t<meta name=\"twitter:label2\" content=\"Tempo estimado de leitura\" \/>\n\t<meta name=\"twitter:data2\" content=\"4 minutos\" \/>\n<script type=\"application\/ld+json\" class=\"yoast-schema-graph\">{\"@context\":\"https:\\\/\\\/schema.org\",\"@graph\":[{\"@type\":\"Article\",\"@id\":\"https:\\\/\\\/jornaldasoficinas.com\\\/pt\\\/sendys-group-fatura-109-milhoes-de-euros-em-2025\\\/#article\",\"isPartOf\":{\"@id\":\"https:\\\/\\\/jornaldasoficinas.com\\\/pt\\\/sendys-group-fatura-109-milhoes-de-euros-em-2025\\\/\"},\"author\":{\"name\":\"Reda\u00e7\u00e3o JO\",\"@id\":\"https:\\\/\\\/jornaldasoficinas.com\\\/pt\\\/#\\\/schema\\\/person\\\/a38eef5de2c41d9e7c9ac10141afddf3\"},\"headline\":\"Sendys Group fatura 10,9 milh\u00f5es de euros em 2025\",\"datePublished\":\"2026-04-29T11:30:16+00:00\",\"mainEntityOfPage\":{\"@id\":\"https:\\\/\\\/jornaldasoficinas.com\\\/pt\\\/sendys-group-fatura-109-milhoes-de-euros-em-2025\\\/\"},\"wordCount\":674,\"publisher\":{\"@id\":\"https:\\\/\\\/jornaldasoficinas.com\\\/pt\\\/#organization\"},\"image\":{\"@id\":\"https:\\\/\\\/jornaldasoficinas.com\\\/pt\\\/sendys-group-fatura-109-milhoes-de-euros-em-2025\\\/#primaryimage\"},\"thumbnailUrl\":\"https:\\\/\\\/jornaldasoficinas.com\\\/pt\\\/wp-content\\\/uploads\\\/2026\\\/04\\\/Sendys-Group.jpeg\",\"keywords\":[\"Alidata\",\"fatura\u00e7\u00e3o\",\"inova\u00e7\u00e3o digital\",\"Masterway\",\"resultados positivos\",\"Sendys\",\"Sendys Group\"],\"articleSection\":[\"Empresas\"],\"inLanguage\":\"pt-PT\"},{\"@type\":\"WebPage\",\"@id\":\"https:\\\/\\\/jornaldasoficinas.com\\\/pt\\\/sendys-group-fatura-109-milhoes-de-euros-em-2025\\\/\",\"url\":\"https:\\\/\\\/jornaldasoficinas.com\\\/pt\\\/sendys-group-fatura-109-milhoes-de-euros-em-2025\\\/\",\"name\":\"Sendys Group fatura 10,9 milh\u00f5es de euros em 2025 - Jornal das Oficinas\",\"isPartOf\":{\"@id\":\"https:\\\/\\\/jornaldasoficinas.com\\\/pt\\\/#website\"},\"primaryImageOfPage\":{\"@id\":\"https:\\\/\\\/jornaldasoficinas.com\\\/pt\\\/sendys-group-fatura-109-milhoes-de-euros-em-2025\\\/#primaryimage\"},\"image\":{\"@id\":\"https:\\\/\\\/jornaldasoficinas.com\\\/pt\\\/sendys-group-fatura-109-milhoes-de-euros-em-2025\\\/#primaryimage\"},\"thumbnailUrl\":\"https:\\\/\\\/jornaldasoficinas.com\\\/pt\\\/wp-content\\\/uploads\\\/2026\\\/04\\\/Sendys-Group.jpeg\",\"datePublished\":\"2026-04-29T11:30:16+00:00\",\"description\":\"O Sendys Group, encerrou o exerc\u00edcio de 2025 com resultados positivos, consolidando a sua posi\u00e7\u00e3o nos mercados onde opera\",\"breadcrumb\":{\"@id\":\"https:\\\/\\\/jornaldasoficinas.com\\\/pt\\\/sendys-group-fatura-109-milhoes-de-euros-em-2025\\\/#breadcrumb\"},\"inLanguage\":\"pt-PT\",\"potentialAction\":[{\"@type\":\"ReadAction\",\"target\":[\"https:\\\/\\\/jornaldasoficinas.com\\\/pt\\\/sendys-group-fatura-109-milhoes-de-euros-em-2025\\\/\"]}]},{\"@type\":\"ImageObject\",\"inLanguage\":\"pt-PT\",\"@id\":\"https:\\\/\\\/jornaldasoficinas.com\\\/pt\\\/sendys-group-fatura-109-milhoes-de-euros-em-2025\\\/#primaryimage\",\"url\":\"https:\\\/\\\/jornaldasoficinas.com\\\/pt\\\/wp-content\\\/uploads\\\/2026\\\/04\\\/Sendys-Group.jpeg\",\"contentUrl\":\"https:\\\/\\\/jornaldasoficinas.com\\\/pt\\\/wp-content\\\/uploads\\\/2026\\\/04\\\/Sendys-Group.jpeg\",\"width\":1024,\"height\":580,\"caption\":\"04 - Sendys Group\"},{\"@type\":\"BreadcrumbList\",\"@id\":\"https:\\\/\\\/jornaldasoficinas.com\\\/pt\\\/sendys-group-fatura-109-milhoes-de-euros-em-2025\\\/#breadcrumb\",\"itemListElement\":[{\"@type\":\"ListItem\",\"position\":1,\"name\":\"In\u00edcio\",\"item\":\"https:\\\/\\\/jornaldasoficinas.com\\\/pt\\\/\"},{\"@type\":\"ListItem\",\"position\":2,\"name\":\"Sendys Group fatura 10,9 milh\u00f5es de euros em 2025\"}]},{\"@type\":\"WebSite\",\"@id\":\"https:\\\/\\\/jornaldasoficinas.com\\\/pt\\\/#website\",\"url\":\"https:\\\/\\\/jornaldasoficinas.com\\\/pt\\\/\",\"name\":\"Jornal das Oficinas\",\"description\":\"Jornal independente do Aftermarket Autom\u00f3vel em Portugal\",\"publisher\":{\"@id\":\"https:\\\/\\\/jornaldasoficinas.com\\\/pt\\\/#organization\"},\"potentialAction\":[{\"@type\":\"SearchAction\",\"target\":{\"@type\":\"EntryPoint\",\"urlTemplate\":\"https:\\\/\\\/jornaldasoficinas.com\\\/pt\\\/?s={search_term_string}\"},\"query-input\":{\"@type\":\"PropertyValueSpecification\",\"valueRequired\":true,\"valueName\":\"search_term_string\"}}],\"inLanguage\":\"pt-PT\"},{\"@type\":\"Organization\",\"@id\":\"https:\\\/\\\/jornaldasoficinas.com\\\/pt\\\/#organization\",\"name\":\"Jornal das Oficinas\",\"url\":\"https:\\\/\\\/jornaldasoficinas.com\\\/pt\\\/\",\"logo\":{\"@type\":\"ImageObject\",\"inLanguage\":\"pt-PT\",\"@id\":\"https:\\\/\\\/jornaldasoficinas.com\\\/pt\\\/#\\\/schema\\\/logo\\\/image\\\/\",\"url\":\"https:\\\/\\\/jornaldasoficinas.com\\\/pt\\\/wp-content\\\/uploads\\\/logoJO-SEO.png\",\"contentUrl\":\"https:\\\/\\\/jornaldasoficinas.com\\\/pt\\\/wp-content\\\/uploads\\\/logoJO-SEO.png\",\"width\":285,\"height\":450,\"caption\":\"Jornal das Oficinas\"},\"image\":{\"@id\":\"https:\\\/\\\/jornaldasoficinas.com\\\/pt\\\/#\\\/schema\\\/logo\\\/image\\\/\"},\"sameAs\":[\"https:\\\/\\\/www.facebook.com\\\/jornaloficinas\",\"https:\\\/\\\/x.com\\\/jornaloficinas\",\"https:\\\/\\\/www.instagram.com\\\/jornal_oficinas\\\/\",\"https:\\\/\\\/www.linkedin.com\\\/company\\\/jornal-das-oficinas\\\/\",\"https:\\\/\\\/www.youtube.com\\\/channel\\\/UCbQZBqtcvV-oSQrr7RzINGg\"]},{\"@type\":\"Person\",\"@id\":\"https:\\\/\\\/jornaldasoficinas.com\\\/pt\\\/#\\\/schema\\\/person\\\/a38eef5de2c41d9e7c9ac10141afddf3\",\"name\":\"Reda\u00e7\u00e3o JO\",\"image\":{\"@type\":\"ImageObject\",\"inLanguage\":\"pt-PT\",\"@id\":\"https:\\\/\\\/secure.gravatar.com\\\/avatar\\\/71f2fa71737ad68a84fea94bc708ddac8ea5b0c4788dc2ad202f3ccb2887742f?s=96&d=wp_user_avatar&r=g\",\"url\":\"https:\\\/\\\/secure.gravatar.com\\\/avatar\\\/71f2fa71737ad68a84fea94bc708ddac8ea5b0c4788dc2ad202f3ccb2887742f?s=96&d=wp_user_avatar&r=g\",\"contentUrl\":\"https:\\\/\\\/secure.gravatar.com\\\/avatar\\\/71f2fa71737ad68a84fea94bc708ddac8ea5b0c4788dc2ad202f3ccb2887742f?s=96&d=wp_user_avatar&r=g\",\"caption\":\"Reda\u00e7\u00e3o JO\"},\"url\":\"https:\\\/\\\/jornaldasoficinas.com\\\/pt\\\/author\\\/joredacao\\\/\"}]}<\/script>\n<!-- \/ Yoast SEO plugin. -->","yoast_head_json":{"title":"Sendys Group fatura 10,9 milh\u00f5es de euros em 2025 - Jornal das Oficinas","description":"O Sendys Group, encerrou o exerc\u00edcio de 2025 com resultados positivos, consolidando a sua posi\u00e7\u00e3o nos mercados onde opera","robots":{"index":"index","follow":"follow","max-snippet":"max-snippet:-1","max-image-preview":"max-image-preview:large","max-video-preview":"max-video-preview:-1"},"canonical":"https:\/\/jornaldasoficinas.com\/pt\/sendys-group-fatura-109-milhoes-de-euros-em-2025\/","og_locale":"pt_PT","og_type":"article","og_title":"Sendys Group fatura 10,9 milh\u00f5es de euros em 2025 - Jornal das Oficinas","og_description":"O Sendys Group, encerrou o exerc\u00edcio de 2025 com resultados positivos, consolidando a sua posi\u00e7\u00e3o nos mercados onde opera","og_url":"https:\/\/jornaldasoficinas.com\/pt\/sendys-group-fatura-109-milhoes-de-euros-em-2025\/","og_site_name":"Jornal das Oficinas","article_publisher":"https:\/\/www.facebook.com\/jornaloficinas","article_published_time":"2026-04-29T11:30:16+00:00","og_image":[{"width":1024,"height":580,"url":"https:\/\/jornaldasoficinas.com\/pt\/wp-content\/uploads\/2026\/04\/Sendys-Group.jpeg","type":"image\/jpeg"}],"author":"Reda\u00e7\u00e3o JO","twitter_card":"summary_large_image","twitter_creator":"@jornaloficinas","twitter_site":"@jornaloficinas","twitter_misc":{"Escrito por":"Reda\u00e7\u00e3o JO","Tempo estimado de leitura":"4 minutos"},"schema":{"@context":"https:\/\/schema.org","@graph":[{"@type":"Article","@id":"https:\/\/jornaldasoficinas.com\/pt\/sendys-group-fatura-109-milhoes-de-euros-em-2025\/#article","isPartOf":{"@id":"https:\/\/jornaldasoficinas.com\/pt\/sendys-group-fatura-109-milhoes-de-euros-em-2025\/"},"author":{"name":"Reda\u00e7\u00e3o JO","@id":"https:\/\/jornaldasoficinas.com\/pt\/#\/schema\/person\/a38eef5de2c41d9e7c9ac10141afddf3"},"headline":"Sendys Group fatura 10,9 milh\u00f5es de euros em 2025","datePublished":"2026-04-29T11:30:16+00:00","mainEntityOfPage":{"@id":"https:\/\/jornaldasoficinas.com\/pt\/sendys-group-fatura-109-milhoes-de-euros-em-2025\/"},"wordCount":674,"publisher":{"@id":"https:\/\/jornaldasoficinas.com\/pt\/#organization"},"image":{"@id":"https:\/\/jornaldasoficinas.com\/pt\/sendys-group-fatura-109-milhoes-de-euros-em-2025\/#primaryimage"},"thumbnailUrl":"https:\/\/jornaldasoficinas.com\/pt\/wp-content\/uploads\/2026\/04\/Sendys-Group.jpeg","keywords":["Alidata","fatura\u00e7\u00e3o","inova\u00e7\u00e3o digital","Masterway","resultados positivos","Sendys","Sendys Group"],"articleSection":["Empresas"],"inLanguage":"pt-PT"},{"@type":"WebPage","@id":"https:\/\/jornaldasoficinas.com\/pt\/sendys-group-fatura-109-milhoes-de-euros-em-2025\/","url":"https:\/\/jornaldasoficinas.com\/pt\/sendys-group-fatura-109-milhoes-de-euros-em-2025\/","name":"Sendys Group fatura 10,9 milh\u00f5es de euros em 2025 - Jornal das Oficinas","isPartOf":{"@id":"https:\/\/jornaldasoficinas.com\/pt\/#website"},"primaryImageOfPage":{"@id":"https:\/\/jornaldasoficinas.com\/pt\/sendys-group-fatura-109-milhoes-de-euros-em-2025\/#primaryimage"},"image":{"@id":"https:\/\/jornaldasoficinas.com\/pt\/sendys-group-fatura-109-milhoes-de-euros-em-2025\/#primaryimage"},"thumbnailUrl":"https:\/\/jornaldasoficinas.com\/pt\/wp-content\/uploads\/2026\/04\/Sendys-Group.jpeg","datePublished":"2026-04-29T11:30:16+00:00","description":"O Sendys Group, encerrou o exerc\u00edcio de 2025 com resultados positivos, consolidando a sua posi\u00e7\u00e3o nos mercados onde opera","breadcrumb":{"@id":"https:\/\/jornaldasoficinas.com\/pt\/sendys-group-fatura-109-milhoes-de-euros-em-2025\/#breadcrumb"},"inLanguage":"pt-PT","potentialAction":[{"@type":"ReadAction","target":["https:\/\/jornaldasoficinas.com\/pt\/sendys-group-fatura-109-milhoes-de-euros-em-2025\/"]}]},{"@type":"ImageObject","inLanguage":"pt-PT","@id":"https:\/\/jornaldasoficinas.com\/pt\/sendys-group-fatura-109-milhoes-de-euros-em-2025\/#primaryimage","url":"https:\/\/jornaldasoficinas.com\/pt\/wp-content\/uploads\/2026\/04\/Sendys-Group.jpeg","contentUrl":"https:\/\/jornaldasoficinas.com\/pt\/wp-content\/uploads\/2026\/04\/Sendys-Group.jpeg","width":1024,"height":580,"caption":"04 - Sendys Group"},{"@type":"BreadcrumbList","@id":"https:\/\/jornaldasoficinas.com\/pt\/sendys-group-fatura-109-milhoes-de-euros-em-2025\/#breadcrumb","itemListElement":[{"@type":"ListItem","position":1,"name":"In\u00edcio","item":"https:\/\/jornaldasoficinas.com\/pt\/"},{"@type":"ListItem","position":2,"name":"Sendys Group fatura 10,9 milh\u00f5es de euros em 2025"}]},{"@type":"WebSite","@id":"https:\/\/jornaldasoficinas.com\/pt\/#website","url":"https:\/\/jornaldasoficinas.com\/pt\/","name":"Jornal das Oficinas","description":"Jornal independente do Aftermarket Autom\u00f3vel em Portugal","publisher":{"@id":"https:\/\/jornaldasoficinas.com\/pt\/#organization"},"potentialAction":[{"@type":"SearchAction","target":{"@type":"EntryPoint","urlTemplate":"https:\/\/jornaldasoficinas.com\/pt\/?s={search_term_string}"},"query-input":{"@type":"PropertyValueSpecification","valueRequired":true,"valueName":"search_term_string"}}],"inLanguage":"pt-PT"},{"@type":"Organization","@id":"https:\/\/jornaldasoficinas.com\/pt\/#organization","name":"Jornal das Oficinas","url":"https:\/\/jornaldasoficinas.com\/pt\/","logo":{"@type":"ImageObject","inLanguage":"pt-PT","@id":"https:\/\/jornaldasoficinas.com\/pt\/#\/schema\/logo\/image\/","url":"https:\/\/jornaldasoficinas.com\/pt\/wp-content\/uploads\/logoJO-SEO.png","contentUrl":"https:\/\/jornaldasoficinas.com\/pt\/wp-content\/uploads\/logoJO-SEO.png","width":285,"height":450,"caption":"Jornal das Oficinas"},"image":{"@id":"https:\/\/jornaldasoficinas.com\/pt\/#\/schema\/logo\/image\/"},"sameAs":["https:\/\/www.facebook.com\/jornaloficinas","https:\/\/x.com\/jornaloficinas","https:\/\/www.instagram.com\/jornal_oficinas\/","https:\/\/www.linkedin.com\/company\/jornal-das-oficinas\/","https:\/\/www.youtube.com\/channel\/UCbQZBqtcvV-oSQrr7RzINGg"]},{"@type":"Person","@id":"https:\/\/jornaldasoficinas.com\/pt\/#\/schema\/person\/a38eef5de2c41d9e7c9ac10141afddf3","name":"Reda\u00e7\u00e3o JO","image":{"@type":"ImageObject","inLanguage":"pt-PT","@id":"https:\/\/secure.gravatar.com\/avatar\/71f2fa71737ad68a84fea94bc708ddac8ea5b0c4788dc2ad202f3ccb2887742f?s=96&d=wp_user_avatar&r=g","url":"https:\/\/secure.gravatar.com\/avatar\/71f2fa71737ad68a84fea94bc708ddac8ea5b0c4788dc2ad202f3ccb2887742f?s=96&d=wp_user_avatar&r=g","contentUrl":"https:\/\/secure.gravatar.com\/avatar\/71f2fa71737ad68a84fea94bc708ddac8ea5b0c4788dc2ad202f3ccb2887742f?s=96&d=wp_user_avatar&r=g","caption":"Reda\u00e7\u00e3o JO"},"url":"https:\/\/jornaldasoficinas.com\/pt\/author\/joredacao\/"}]}},"_links":{"self":[{"href":"https:\/\/jornaldasoficinas.com\/pt\/wp-json\/wp\/v2\/posts\/116069","targetHints":{"allow":["GET"]}}],"collection":[{"href":"https:\/\/jornaldasoficinas.com\/pt\/wp-json\/wp\/v2\/posts"}],"about":[{"href":"https:\/\/jornaldasoficinas.com\/pt\/wp-json\/wp\/v2\/types\/post"}],"author":[{"embeddable":true,"href":"https:\/\/jornaldasoficinas.com\/pt\/wp-json\/wp\/v2\/users\/15"}],"replies":[{"embeddable":true,"href":"https:\/\/jornaldasoficinas.com\/pt\/wp-json\/wp\/v2\/comments?post=116069"}],"version-history":[{"count":2,"href":"https:\/\/jornaldasoficinas.com\/pt\/wp-json\/wp\/v2\/posts\/116069\/revisions"}],"predecessor-version":[{"id":116107,"href":"https:\/\/jornaldasoficinas.com\/pt\/wp-json\/wp\/v2\/posts\/116069\/revisions\/116107"}],"wp:featuredmedia":[{"embeddable":true,"href":"https:\/\/jornaldasoficinas.com\/pt\/wp-json\/wp\/v2\/media\/116106"}],"wp:attachment":[{"href":"https:\/\/jornaldasoficinas.com\/pt\/wp-json\/wp\/v2\/media?parent=116069"}],"wp:term":[{"taxonomy":"category","embeddable":true,"href":"https:\/\/jornaldasoficinas.com\/pt\/wp-json\/wp\/v2\/categories?post=116069"},{"taxonomy":"post_tag","embeddable":true,"href":"https:\/\/jornaldasoficinas.com\/pt\/wp-json\/wp\/v2\/tags?post=116069"}],"curies":[{"name":"wp","href":"https:\/\/api.w.org\/{rel}","templated":true}]}}