{"id":116073,"date":"2026-04-29T14:00:32","date_gmt":"2026-04-29T13:00:32","guid":{"rendered":"https:\/\/jornaldasoficinas.com\/pt\/?p=116073"},"modified":"2026-04-29T14:08:38","modified_gmt":"2026-04-29T13:08:38","slug":"nissan-da-nova-vida-a-baterias-ve","status":"publish","type":"post","link":"https:\/\/jornaldasoficinas.com\/pt\/nissan-da-nova-vida-a-baterias-ve\/","title":{"rendered":"Nissan d\u00e1 nova vida a baterias VE"},"content":{"rendered":"<p><img loading=\"lazy\" decoding=\"async\" class=\"alignnone size-full wp-image-116140\" src=\"https:\/\/jornaldasoficinas.com\/pt\/wp-content\/uploads\/2026\/04\/Nissan-da.png\" alt=\"04 - Nissan da\" width=\"1024\" height=\"580\" srcset=\"https:\/\/jornaldasoficinas.com\/pt\/wp-content\/uploads\/2026\/04\/Nissan-da.png 1024w, https:\/\/jornaldasoficinas.com\/pt\/wp-content\/uploads\/2026\/04\/Nissan-da-300x170.png 300w, https:\/\/jornaldasoficinas.com\/pt\/wp-content\/uploads\/2026\/04\/Nissan-da-150x85.png 150w, https:\/\/jornaldasoficinas.com\/pt\/wp-content\/uploads\/2026\/04\/Nissan-da-768x435.png 768w\" sizes=\"auto, (max-width: 1024px) 100vw, 1024px\" \/><\/p>\n<p style=\"font-weight: 400;\"><strong>A<a href=\"https:\/\/www.google.com\/url?sa=t&amp;source=web&amp;rct=j&amp;opi=89978449&amp;url=https:\/\/www.nissan.pt\/&amp;ved=2ahUKEwiH5Kzh8JCUAxWDOfsDHTAKMiUQFnoECA0QAQ&amp;usg=AOvVaw1bVV-IwNblR4pRe3M46dYb\"> Nissan<\/a> est\u00e1 a promover um ciclo de vida circular para as baterias dos seus ve\u00edculos el\u00e9tricos, apoiando o lan\u00e7amento de uma solu\u00e7\u00e3o de carregamento ultrarr\u00e1pido para EV no porto de Vigo, em Espanha<\/strong><\/p>\n<p style=\"font-weight: 400;\">Desenvolvido pela <a href=\"https:\/\/www.google.com\/url?sa=t&amp;source=web&amp;rct=j&amp;opi=89978449&amp;url=https:\/\/little-energy.com\/&amp;ved=2ahUKEwjR8KPP95CUAxUvTaQEHcctMPgQFnoECAwQAQ&amp;usg=AOvVaw0mZmO_PcrCNyrL-RGyD8-w\">Little Electric Energy<\/a>, especialista espanhola em armazenamento de energia e carregamento de ve\u00edculos el\u00e9tricos, o Green Charge Flex \u00e9 uma solu\u00e7\u00e3o modular \u201cplug-and-play\u201d que reutiliza doze conjuntos de baterias de 30 kWh do Nissan LEAF (baterias utilizadas na primeira gera\u00e7\u00e3o \u2013 fase 2) para criar um Sistema de Armazenamento de Energia (ESS) de 300 kWh.<\/p>\n<p style=\"font-weight: 400;\">As baterias do Nissan LEAF ir\u00e3o alimentar quatro carregadores no porto de Vigo para fornecer carregamento CC ultrarr\u00e1pido de at\u00e9 240 kW, a par de carregamento CA de 22 kW, com o objetivo de aumentar a capacidade da rede.<\/p>\n<p style=\"font-weight: 400;\">Soufiane El Khomri, Diretor de Energia da Nissan para a regi\u00e3o de \u00c1frica, M\u00e9dio Oriente, \u00cdndia, Europa e Oce\u00e2nia (AMIEO), afirmou: \u201cEm conjunto com a Little Electric Energy, estamos a juntar inova\u00e7\u00e3o e circularidade para dar \u00e0s baterias do Nissan LEAF uma segunda vida para al\u00e9m da estrada\u201d, acrescentando que \u201cao integrar tecnologia de baterias reutilizadas em sistemas modulares de armazenamento de energia, estamos a possibilitar o carregamento ultrarr\u00e1pido em portos, instala\u00e7\u00f5es industriais e outros locais onde a capacidade da rede \u00e9 limitada, aliviando a press\u00e3o sobre as redes locais e prolongando o valor das nossas baterias al\u00e9m da sua primeira utiliza\u00e7\u00e3o. \u00c9 desta forma que estamos a apoiar o crescimento cont\u00ednuo da mobilidade el\u00e9trica, ao mesmo tempo que constru\u00edmos um futuro energ\u00e9tico mais resiliente e com baixas emiss\u00f5es de carbono.\u201d<\/p>\n<p style=\"font-weight: 400;\">O sistema \u00e9 cofinanciado pela Uni\u00e3o Europeia e pela Ag\u00eancia Nacional de Energia de Espanha, o Instituto para a Diversifica\u00e7\u00e3o e Poupan\u00e7a de Energia (IDAE), e ir\u00e1 suportar as normas de liga\u00e7\u00e3o CCS-1, CCS-2 e CHAdeMO.<\/p>\n<p style=\"font-weight: 400;\">A instala\u00e7\u00e3o-piloto funcionar\u00e1 durante pelo menos um ano, em colabora\u00e7\u00e3o com um operador de pontos de carregamento (CPO) e as autoridades do porto de Vigo.<\/p>\n<p style=\"font-weight: 400;\">Ruben Blanco, CEO da Little Electric Energy, afirmou: \u201cA Nissan tem sido pioneira na mobilidade el\u00e9trica com o LEAF e, juntos, estamos agora a alargar essa lideran\u00e7a \u00e0s solu\u00e7\u00f5es de energia circular. Com o Green Charge Flex, estamos a demonstrar como as baterias do LEAF reutilizadas podem proporcionar um carregamento r\u00e1pido, sustent\u00e1vel e comercialmente atrativo onde quer que seja necess\u00e1rio.\u201d<\/p>\n<p style=\"font-weight: 400;\">Esta parceria \u00e9 uma demonstra\u00e7\u00e3o do compromisso da Nissan no recondicionamento, reutiliza\u00e7\u00e3o, reaproveitamento e reciclagem baterias de ve\u00edculos el\u00e9tricos, revelando o potencial infinito de um ve\u00edculo el\u00e9trico para al\u00e9m do seu tempo de vida \u00fatil na estrada.<\/p>\n","protected":false},"excerpt":{"rendered":"<p>A Nissan est\u00e1 a promover um&#8230;<\/p>\n","protected":false},"author":15,"featured_media":116104,"comment_status":"closed","ping_status":"closed","sticky":false,"template":"","format":"standard","meta":{"footnotes":""},"categories":[29],"tags":[15039,4010,15040,312,89,15038],"class_list":["post-116073","post","type-post","status-publish","format-standard","has-post-thumbnail","hentry","category-empresas","tag-baterias-ve","tag-carregamento-ultrarrapido","tag-green-charge-flex","tag-nissan","tag-veiculos-eletricos","tag-vigo"],"yoast_head":"<!-- This site is optimized with the Yoast SEO plugin v27.5 - https:\/\/yoast.com\/product\/yoast-seo-wordpress\/ -->\n<title>Nissan d\u00e1 nova vida a baterias VE - Jornal das Oficinas<\/title>\n<meta name=\"description\" content=\"A Nissan est\u00e1 a promover um ciclo de vida circular para as baterias dos VE, lan\u00e7ando uma solu\u00e7\u00e3o de carregamento ultrarr\u00e1pido em Vigo\" \/>\n<meta name=\"robots\" content=\"index, follow, max-snippet:-1, max-image-preview:large, max-video-preview:-1\" \/>\n<link rel=\"canonical\" href=\"https:\/\/jornaldasoficinas.com\/pt\/nissan-da-nova-vida-a-baterias-ve\/\" \/>\n<meta property=\"og:locale\" content=\"pt_PT\" \/>\n<meta property=\"og:type\" content=\"article\" \/>\n<meta property=\"og:title\" content=\"Nissan d\u00e1 nova vida a baterias VE - Jornal das Oficinas\" \/>\n<meta property=\"og:description\" content=\"A Nissan est\u00e1 a promover um ciclo de vida circular para as baterias dos VE, lan\u00e7ando uma solu\u00e7\u00e3o de carregamento ultrarr\u00e1pido em Vigo\" \/>\n<meta property=\"og:url\" content=\"https:\/\/jornaldasoficinas.com\/pt\/nissan-da-nova-vida-a-baterias-ve\/\" \/>\n<meta property=\"og:site_name\" content=\"Jornal das Oficinas\" \/>\n<meta property=\"article:publisher\" content=\"https:\/\/www.facebook.com\/jornaloficinas\" \/>\n<meta property=\"article:published_time\" content=\"2026-04-29T13:00:32+00:00\" \/>\n<meta property=\"article:modified_time\" content=\"2026-04-29T13:08:38+00:00\" \/>\n<meta property=\"og:image\" content=\"https:\/\/jornaldasoficinas.com\/pt\/wp-content\/uploads\/2026\/04\/Nissan-da.jpg\" \/>\n\t<meta property=\"og:image:width\" content=\"1024\" \/>\n\t<meta property=\"og:image:height\" content=\"580\" \/>\n\t<meta property=\"og:image:type\" content=\"image\/jpeg\" \/>\n<meta name=\"author\" content=\"Reda\u00e7\u00e3o JO\" \/>\n<meta name=\"twitter:card\" content=\"summary_large_image\" \/>\n<meta name=\"twitter:creator\" content=\"@jornaloficinas\" \/>\n<meta name=\"twitter:site\" content=\"@jornaloficinas\" \/>\n<meta name=\"twitter:label1\" content=\"Escrito por\" \/>\n\t<meta name=\"twitter:data1\" content=\"Reda\u00e7\u00e3o JO\" \/>\n\t<meta name=\"twitter:label2\" content=\"Tempo estimado de leitura\" \/>\n\t<meta name=\"twitter:data2\" content=\"3 minutos\" \/>\n<script type=\"application\/ld+json\" class=\"yoast-schema-graph\">{\"@context\":\"https:\\\/\\\/schema.org\",\"@graph\":[{\"@type\":\"Article\",\"@id\":\"https:\\\/\\\/jornaldasoficinas.com\\\/pt\\\/nissan-da-nova-vida-a-baterias-ve\\\/#article\",\"isPartOf\":{\"@id\":\"https:\\\/\\\/jornaldasoficinas.com\\\/pt\\\/nissan-da-nova-vida-a-baterias-ve\\\/\"},\"author\":{\"name\":\"Reda\u00e7\u00e3o JO\",\"@id\":\"https:\\\/\\\/jornaldasoficinas.com\\\/pt\\\/#\\\/schema\\\/person\\\/a38eef5de2c41d9e7c9ac10141afddf3\"},\"headline\":\"Nissan d\u00e1 nova vida a baterias VE\",\"datePublished\":\"2026-04-29T13:00:32+00:00\",\"dateModified\":\"2026-04-29T13:08:38+00:00\",\"mainEntityOfPage\":{\"@id\":\"https:\\\/\\\/jornaldasoficinas.com\\\/pt\\\/nissan-da-nova-vida-a-baterias-ve\\\/\"},\"wordCount\":461,\"publisher\":{\"@id\":\"https:\\\/\\\/jornaldasoficinas.com\\\/pt\\\/#organization\"},\"image\":{\"@id\":\"https:\\\/\\\/jornaldasoficinas.com\\\/pt\\\/nissan-da-nova-vida-a-baterias-ve\\\/#primaryimage\"},\"thumbnailUrl\":\"https:\\\/\\\/jornaldasoficinas.com\\\/pt\\\/wp-content\\\/uploads\\\/2026\\\/04\\\/Nissan-da.jpg\",\"keywords\":[\"baterias VE\",\"carregamento ultrarr\u00e1pido\",\"Green Charge Flex\",\"Nissan\",\"Ve\u00edculos el\u00e9tricos\",\"Vigo\"],\"articleSection\":[\"Empresas\"],\"inLanguage\":\"pt-PT\"},{\"@type\":\"WebPage\",\"@id\":\"https:\\\/\\\/jornaldasoficinas.com\\\/pt\\\/nissan-da-nova-vida-a-baterias-ve\\\/\",\"url\":\"https:\\\/\\\/jornaldasoficinas.com\\\/pt\\\/nissan-da-nova-vida-a-baterias-ve\\\/\",\"name\":\"Nissan d\u00e1 nova vida a baterias VE - Jornal das Oficinas\",\"isPartOf\":{\"@id\":\"https:\\\/\\\/jornaldasoficinas.com\\\/pt\\\/#website\"},\"primaryImageOfPage\":{\"@id\":\"https:\\\/\\\/jornaldasoficinas.com\\\/pt\\\/nissan-da-nova-vida-a-baterias-ve\\\/#primaryimage\"},\"image\":{\"@id\":\"https:\\\/\\\/jornaldasoficinas.com\\\/pt\\\/nissan-da-nova-vida-a-baterias-ve\\\/#primaryimage\"},\"thumbnailUrl\":\"https:\\\/\\\/jornaldasoficinas.com\\\/pt\\\/wp-content\\\/uploads\\\/2026\\\/04\\\/Nissan-da.jpg\",\"datePublished\":\"2026-04-29T13:00:32+00:00\",\"dateModified\":\"2026-04-29T13:08:38+00:00\",\"description\":\"A Nissan est\u00e1 a promover um ciclo de vida circular para as baterias dos VE, lan\u00e7ando uma solu\u00e7\u00e3o de carregamento ultrarr\u00e1pido em Vigo\",\"breadcrumb\":{\"@id\":\"https:\\\/\\\/jornaldasoficinas.com\\\/pt\\\/nissan-da-nova-vida-a-baterias-ve\\\/#breadcrumb\"},\"inLanguage\":\"pt-PT\",\"potentialAction\":[{\"@type\":\"ReadAction\",\"target\":[\"https:\\\/\\\/jornaldasoficinas.com\\\/pt\\\/nissan-da-nova-vida-a-baterias-ve\\\/\"]}]},{\"@type\":\"ImageObject\",\"inLanguage\":\"pt-PT\",\"@id\":\"https:\\\/\\\/jornaldasoficinas.com\\\/pt\\\/nissan-da-nova-vida-a-baterias-ve\\\/#primaryimage\",\"url\":\"https:\\\/\\\/jornaldasoficinas.com\\\/pt\\\/wp-content\\\/uploads\\\/2026\\\/04\\\/Nissan-da.jpg\",\"contentUrl\":\"https:\\\/\\\/jornaldasoficinas.com\\\/pt\\\/wp-content\\\/uploads\\\/2026\\\/04\\\/Nissan-da.jpg\",\"width\":1024,\"height\":580,\"caption\":\"Doze baterias do Nissan LEAF foram reutilizadas para permitir um carregamento r\u00e1pido de at\u00e9 240 kW\"},{\"@type\":\"BreadcrumbList\",\"@id\":\"https:\\\/\\\/jornaldasoficinas.com\\\/pt\\\/nissan-da-nova-vida-a-baterias-ve\\\/#breadcrumb\",\"itemListElement\":[{\"@type\":\"ListItem\",\"position\":1,\"name\":\"In\u00edcio\",\"item\":\"https:\\\/\\\/jornaldasoficinas.com\\\/pt\\\/\"},{\"@type\":\"ListItem\",\"position\":2,\"name\":\"Nissan d\u00e1 nova vida a baterias VE\"}]},{\"@type\":\"WebSite\",\"@id\":\"https:\\\/\\\/jornaldasoficinas.com\\\/pt\\\/#website\",\"url\":\"https:\\\/\\\/jornaldasoficinas.com\\\/pt\\\/\",\"name\":\"Jornal das Oficinas\",\"description\":\"Jornal independente do Aftermarket Autom\u00f3vel em Portugal\",\"publisher\":{\"@id\":\"https:\\\/\\\/jornaldasoficinas.com\\\/pt\\\/#organization\"},\"potentialAction\":[{\"@type\":\"SearchAction\",\"target\":{\"@type\":\"EntryPoint\",\"urlTemplate\":\"https:\\\/\\\/jornaldasoficinas.com\\\/pt\\\/?s={search_term_string}\"},\"query-input\":{\"@type\":\"PropertyValueSpecification\",\"valueRequired\":true,\"valueName\":\"search_term_string\"}}],\"inLanguage\":\"pt-PT\"},{\"@type\":\"Organization\",\"@id\":\"https:\\\/\\\/jornaldasoficinas.com\\\/pt\\\/#organization\",\"name\":\"Jornal das Oficinas\",\"url\":\"https:\\\/\\\/jornaldasoficinas.com\\\/pt\\\/\",\"logo\":{\"@type\":\"ImageObject\",\"inLanguage\":\"pt-PT\",\"@id\":\"https:\\\/\\\/jornaldasoficinas.com\\\/pt\\\/#\\\/schema\\\/logo\\\/image\\\/\",\"url\":\"https:\\\/\\\/jornaldasoficinas.com\\\/pt\\\/wp-content\\\/uploads\\\/logoJO-SEO.png\",\"contentUrl\":\"https:\\\/\\\/jornaldasoficinas.com\\\/pt\\\/wp-content\\\/uploads\\\/logoJO-SEO.png\",\"width\":285,\"height\":450,\"caption\":\"Jornal das Oficinas\"},\"image\":{\"@id\":\"https:\\\/\\\/jornaldasoficinas.com\\\/pt\\\/#\\\/schema\\\/logo\\\/image\\\/\"},\"sameAs\":[\"https:\\\/\\\/www.facebook.com\\\/jornaloficinas\",\"https:\\\/\\\/x.com\\\/jornaloficinas\",\"https:\\\/\\\/www.instagram.com\\\/jornal_oficinas\\\/\",\"https:\\\/\\\/www.linkedin.com\\\/company\\\/jornal-das-oficinas\\\/\",\"https:\\\/\\\/www.youtube.com\\\/channel\\\/UCbQZBqtcvV-oSQrr7RzINGg\"]},{\"@type\":\"Person\",\"@id\":\"https:\\\/\\\/jornaldasoficinas.com\\\/pt\\\/#\\\/schema\\\/person\\\/a38eef5de2c41d9e7c9ac10141afddf3\",\"name\":\"Reda\u00e7\u00e3o JO\",\"image\":{\"@type\":\"ImageObject\",\"inLanguage\":\"pt-PT\",\"@id\":\"https:\\\/\\\/secure.gravatar.com\\\/avatar\\\/71f2fa71737ad68a84fea94bc708ddac8ea5b0c4788dc2ad202f3ccb2887742f?s=96&d=wp_user_avatar&r=g\",\"url\":\"https:\\\/\\\/secure.gravatar.com\\\/avatar\\\/71f2fa71737ad68a84fea94bc708ddac8ea5b0c4788dc2ad202f3ccb2887742f?s=96&d=wp_user_avatar&r=g\",\"contentUrl\":\"https:\\\/\\\/secure.gravatar.com\\\/avatar\\\/71f2fa71737ad68a84fea94bc708ddac8ea5b0c4788dc2ad202f3ccb2887742f?s=96&d=wp_user_avatar&r=g\",\"caption\":\"Reda\u00e7\u00e3o JO\"},\"url\":\"https:\\\/\\\/jornaldasoficinas.com\\\/pt\\\/author\\\/joredacao\\\/\"}]}<\/script>\n<!-- \/ Yoast SEO plugin. -->","yoast_head_json":{"title":"Nissan d\u00e1 nova vida a baterias VE - Jornal das Oficinas","description":"A Nissan est\u00e1 a promover um ciclo de vida circular para as baterias dos VE, lan\u00e7ando uma solu\u00e7\u00e3o de carregamento ultrarr\u00e1pido em Vigo","robots":{"index":"index","follow":"follow","max-snippet":"max-snippet:-1","max-image-preview":"max-image-preview:large","max-video-preview":"max-video-preview:-1"},"canonical":"https:\/\/jornaldasoficinas.com\/pt\/nissan-da-nova-vida-a-baterias-ve\/","og_locale":"pt_PT","og_type":"article","og_title":"Nissan d\u00e1 nova vida a baterias VE - Jornal das Oficinas","og_description":"A Nissan est\u00e1 a promover um ciclo de vida circular para as baterias dos VE, lan\u00e7ando uma solu\u00e7\u00e3o de carregamento ultrarr\u00e1pido em Vigo","og_url":"https:\/\/jornaldasoficinas.com\/pt\/nissan-da-nova-vida-a-baterias-ve\/","og_site_name":"Jornal das Oficinas","article_publisher":"https:\/\/www.facebook.com\/jornaloficinas","article_published_time":"2026-04-29T13:00:32+00:00","article_modified_time":"2026-04-29T13:08:38+00:00","og_image":[{"width":1024,"height":580,"url":"https:\/\/jornaldasoficinas.com\/pt\/wp-content\/uploads\/2026\/04\/Nissan-da.jpg","type":"image\/jpeg"}],"author":"Reda\u00e7\u00e3o JO","twitter_card":"summary_large_image","twitter_creator":"@jornaloficinas","twitter_site":"@jornaloficinas","twitter_misc":{"Escrito por":"Reda\u00e7\u00e3o JO","Tempo estimado de leitura":"3 minutos"},"schema":{"@context":"https:\/\/schema.org","@graph":[{"@type":"Article","@id":"https:\/\/jornaldasoficinas.com\/pt\/nissan-da-nova-vida-a-baterias-ve\/#article","isPartOf":{"@id":"https:\/\/jornaldasoficinas.com\/pt\/nissan-da-nova-vida-a-baterias-ve\/"},"author":{"name":"Reda\u00e7\u00e3o JO","@id":"https:\/\/jornaldasoficinas.com\/pt\/#\/schema\/person\/a38eef5de2c41d9e7c9ac10141afddf3"},"headline":"Nissan d\u00e1 nova vida a baterias VE","datePublished":"2026-04-29T13:00:32+00:00","dateModified":"2026-04-29T13:08:38+00:00","mainEntityOfPage":{"@id":"https:\/\/jornaldasoficinas.com\/pt\/nissan-da-nova-vida-a-baterias-ve\/"},"wordCount":461,"publisher":{"@id":"https:\/\/jornaldasoficinas.com\/pt\/#organization"},"image":{"@id":"https:\/\/jornaldasoficinas.com\/pt\/nissan-da-nova-vida-a-baterias-ve\/#primaryimage"},"thumbnailUrl":"https:\/\/jornaldasoficinas.com\/pt\/wp-content\/uploads\/2026\/04\/Nissan-da.jpg","keywords":["baterias VE","carregamento ultrarr\u00e1pido","Green Charge Flex","Nissan","Ve\u00edculos el\u00e9tricos","Vigo"],"articleSection":["Empresas"],"inLanguage":"pt-PT"},{"@type":"WebPage","@id":"https:\/\/jornaldasoficinas.com\/pt\/nissan-da-nova-vida-a-baterias-ve\/","url":"https:\/\/jornaldasoficinas.com\/pt\/nissan-da-nova-vida-a-baterias-ve\/","name":"Nissan d\u00e1 nova vida a baterias VE - Jornal das Oficinas","isPartOf":{"@id":"https:\/\/jornaldasoficinas.com\/pt\/#website"},"primaryImageOfPage":{"@id":"https:\/\/jornaldasoficinas.com\/pt\/nissan-da-nova-vida-a-baterias-ve\/#primaryimage"},"image":{"@id":"https:\/\/jornaldasoficinas.com\/pt\/nissan-da-nova-vida-a-baterias-ve\/#primaryimage"},"thumbnailUrl":"https:\/\/jornaldasoficinas.com\/pt\/wp-content\/uploads\/2026\/04\/Nissan-da.jpg","datePublished":"2026-04-29T13:00:32+00:00","dateModified":"2026-04-29T13:08:38+00:00","description":"A Nissan est\u00e1 a promover um ciclo de vida circular para as baterias dos VE, lan\u00e7ando uma solu\u00e7\u00e3o de carregamento ultrarr\u00e1pido em Vigo","breadcrumb":{"@id":"https:\/\/jornaldasoficinas.com\/pt\/nissan-da-nova-vida-a-baterias-ve\/#breadcrumb"},"inLanguage":"pt-PT","potentialAction":[{"@type":"ReadAction","target":["https:\/\/jornaldasoficinas.com\/pt\/nissan-da-nova-vida-a-baterias-ve\/"]}]},{"@type":"ImageObject","inLanguage":"pt-PT","@id":"https:\/\/jornaldasoficinas.com\/pt\/nissan-da-nova-vida-a-baterias-ve\/#primaryimage","url":"https:\/\/jornaldasoficinas.com\/pt\/wp-content\/uploads\/2026\/04\/Nissan-da.jpg","contentUrl":"https:\/\/jornaldasoficinas.com\/pt\/wp-content\/uploads\/2026\/04\/Nissan-da.jpg","width":1024,"height":580,"caption":"Doze baterias do Nissan LEAF foram reutilizadas para permitir um carregamento r\u00e1pido de at\u00e9 240 kW"},{"@type":"BreadcrumbList","@id":"https:\/\/jornaldasoficinas.com\/pt\/nissan-da-nova-vida-a-baterias-ve\/#breadcrumb","itemListElement":[{"@type":"ListItem","position":1,"name":"In\u00edcio","item":"https:\/\/jornaldasoficinas.com\/pt\/"},{"@type":"ListItem","position":2,"name":"Nissan d\u00e1 nova vida a baterias VE"}]},{"@type":"WebSite","@id":"https:\/\/jornaldasoficinas.com\/pt\/#website","url":"https:\/\/jornaldasoficinas.com\/pt\/","name":"Jornal das Oficinas","description":"Jornal independente do Aftermarket Autom\u00f3vel em Portugal","publisher":{"@id":"https:\/\/jornaldasoficinas.com\/pt\/#organization"},"potentialAction":[{"@type":"SearchAction","target":{"@type":"EntryPoint","urlTemplate":"https:\/\/jornaldasoficinas.com\/pt\/?s={search_term_string}"},"query-input":{"@type":"PropertyValueSpecification","valueRequired":true,"valueName":"search_term_string"}}],"inLanguage":"pt-PT"},{"@type":"Organization","@id":"https:\/\/jornaldasoficinas.com\/pt\/#organization","name":"Jornal das Oficinas","url":"https:\/\/jornaldasoficinas.com\/pt\/","logo":{"@type":"ImageObject","inLanguage":"pt-PT","@id":"https:\/\/jornaldasoficinas.com\/pt\/#\/schema\/logo\/image\/","url":"https:\/\/jornaldasoficinas.com\/pt\/wp-content\/uploads\/logoJO-SEO.png","contentUrl":"https:\/\/jornaldasoficinas.com\/pt\/wp-content\/uploads\/logoJO-SEO.png","width":285,"height":450,"caption":"Jornal das Oficinas"},"image":{"@id":"https:\/\/jornaldasoficinas.com\/pt\/#\/schema\/logo\/image\/"},"sameAs":["https:\/\/www.facebook.com\/jornaloficinas","https:\/\/x.com\/jornaloficinas","https:\/\/www.instagram.com\/jornal_oficinas\/","https:\/\/www.linkedin.com\/company\/jornal-das-oficinas\/","https:\/\/www.youtube.com\/channel\/UCbQZBqtcvV-oSQrr7RzINGg"]},{"@type":"Person","@id":"https:\/\/jornaldasoficinas.com\/pt\/#\/schema\/person\/a38eef5de2c41d9e7c9ac10141afddf3","name":"Reda\u00e7\u00e3o JO","image":{"@type":"ImageObject","inLanguage":"pt-PT","@id":"https:\/\/secure.gravatar.com\/avatar\/71f2fa71737ad68a84fea94bc708ddac8ea5b0c4788dc2ad202f3ccb2887742f?s=96&d=wp_user_avatar&r=g","url":"https:\/\/secure.gravatar.com\/avatar\/71f2fa71737ad68a84fea94bc708ddac8ea5b0c4788dc2ad202f3ccb2887742f?s=96&d=wp_user_avatar&r=g","contentUrl":"https:\/\/secure.gravatar.com\/avatar\/71f2fa71737ad68a84fea94bc708ddac8ea5b0c4788dc2ad202f3ccb2887742f?s=96&d=wp_user_avatar&r=g","caption":"Reda\u00e7\u00e3o JO"},"url":"https:\/\/jornaldasoficinas.com\/pt\/author\/joredacao\/"}]}},"_links":{"self":[{"href":"https:\/\/jornaldasoficinas.com\/pt\/wp-json\/wp\/v2\/posts\/116073","targetHints":{"allow":["GET"]}}],"collection":[{"href":"https:\/\/jornaldasoficinas.com\/pt\/wp-json\/wp\/v2\/posts"}],"about":[{"href":"https:\/\/jornaldasoficinas.com\/pt\/wp-json\/wp\/v2\/types\/post"}],"author":[{"embeddable":true,"href":"https:\/\/jornaldasoficinas.com\/pt\/wp-json\/wp\/v2\/users\/15"}],"replies":[{"embeddable":true,"href":"https:\/\/jornaldasoficinas.com\/pt\/wp-json\/wp\/v2\/comments?post=116073"}],"version-history":[{"count":3,"href":"https:\/\/jornaldasoficinas.com\/pt\/wp-json\/wp\/v2\/posts\/116073\/revisions"}],"predecessor-version":[{"id":116141,"href":"https:\/\/jornaldasoficinas.com\/pt\/wp-json\/wp\/v2\/posts\/116073\/revisions\/116141"}],"wp:featuredmedia":[{"embeddable":true,"href":"https:\/\/jornaldasoficinas.com\/pt\/wp-json\/wp\/v2\/media\/116104"}],"wp:attachment":[{"href":"https:\/\/jornaldasoficinas.com\/pt\/wp-json\/wp\/v2\/media?parent=116073"}],"wp:term":[{"taxonomy":"category","embeddable":true,"href":"https:\/\/jornaldasoficinas.com\/pt\/wp-json\/wp\/v2\/categories?post=116073"},{"taxonomy":"post_tag","embeddable":true,"href":"https:\/\/jornaldasoficinas.com\/pt\/wp-json\/wp\/v2\/tags?post=116073"}],"curies":[{"name":"wp","href":"https:\/\/api.w.org\/{rel}","templated":true}]}}