{"id":116088,"date":"2026-04-30T08:00:00","date_gmt":"2026-04-30T07:00:00","guid":{"rendered":"https:\/\/jornaldasoficinas.com\/pt\/?p=116088"},"modified":"2026-04-28T18:55:36","modified_gmt":"2026-04-28T17:55:36","slug":"sera-um-evento-que-valoriza-competencias-e-talento-tecnico-cepra","status":"publish","type":"post","link":"https:\/\/jornaldasoficinas.com\/pt\/sera-um-evento-que-valoriza-competencias-e-talento-tecnico-cepra\/","title":{"rendered":"\u201cSer\u00e1 um evento que valoriza compet\u00eancias e talento t\u00e9cnico\u201d, CEPRA"},"content":{"rendered":"<p style=\"font-weight: 400;\"><strong><img loading=\"lazy\" decoding=\"async\" class=\"alignnone size-full wp-image-116113\" src=\"https:\/\/jornaldasoficinas.com\/pt\/wp-content\/uploads\/2026\/04\/Sera-um-evento-que-valoriza-competencias-e-talento-tecnico.jpg\" alt=\"04 - Sera um evento que valoriza competencias e talento tecnico\" width=\"1024\" height=\"577\" srcset=\"https:\/\/jornaldasoficinas.com\/pt\/wp-content\/uploads\/2026\/04\/Sera-um-evento-que-valoriza-competencias-e-talento-tecnico.jpg 1024w, https:\/\/jornaldasoficinas.com\/pt\/wp-content\/uploads\/2026\/04\/Sera-um-evento-que-valoriza-competencias-e-talento-tecnico-300x169.jpg 300w, https:\/\/jornaldasoficinas.com\/pt\/wp-content\/uploads\/2026\/04\/Sera-um-evento-que-valoriza-competencias-e-talento-tecnico-150x85.jpg 150w, https:\/\/jornaldasoficinas.com\/pt\/wp-content\/uploads\/2026\/04\/Sera-um-evento-que-valoriza-competencias-e-talento-tecnico-768x433.jpg 768w\" sizes=\"auto, (max-width: 1024px) 100vw, 1024px\" \/><\/strong><\/p>\n<p style=\"font-weight: 400;\"><strong>\u00c0s v\u00e9speras da 7\u00aa edi\u00e7\u00e3o da Competi\u00e7\u00e3o Melhor Mecatr\u00f3nico, organizada pelo Jornal das Oficinas em parceria com o <a href=\"https:\/\/www.google.com\/url?sa=t&amp;source=web&amp;rct=j&amp;opi=89978449&amp;url=https:\/\/www.cepra.pt\/&amp;ved=2ahUKEwiBleqM-pCUAxWJ5QIHHRbkArUQFnoECD8QAQ&amp;usg=AOvVaw2ZsdmK99Bz1Eawewny8lRY\">CEPRA<\/a>, Eduardo Fonseca, presidente do J\u00fari, partilha as expectativas, desafios e impacto deste evento que destaca o talento e a evolu\u00e7\u00e3o da mecatr\u00f3nica autom\u00f3vel<\/strong><\/p>\n<p style=\"font-weight: 400;\">Ao longo da entrevista, Eduardo Fonseca destaca o rigor do processo de sele\u00e7\u00e3o dos finalistas, realizado atrav\u00e9s de provas em ambiente digital, bem como a exig\u00eancia t\u00e9cnica dos m\u00f3dulos pr\u00e1ticos que ir\u00e3o testar compet\u00eancias nas \u00e1reas da mec\u00e2nica, eletricidade e eletr\u00f3nica autom\u00f3vel.<\/p>\n<p style=\"font-weight: 400;\">Sublinha ainda a import\u00e2ncia deste formato aberto ao p\u00fablico, que permite dar visibilidade \u00e0s compet\u00eancias dos profissionais do p\u00f3s-venda e refor\u00e7ar o reconhecimento de uma profiss\u00e3o cada vez mais marcada pela inova\u00e7\u00e3o tecnol\u00f3gica, digitaliza\u00e7\u00e3o e integra\u00e7\u00e3o de sistemas avan\u00e7ados nos ve\u00edculos modernos.<\/p>\n<p style=\"font-weight: 400;\"><strong>O CEPRA \u00e9 parceiro do Jornal das Oficinas na organiza\u00e7\u00e3o da 7\u00aa edi\u00e7\u00e3o da Competi\u00e7\u00e3o Melhor Mecatr\u00f3nico.\u00a0Que perspetivas tra\u00e7a<\/strong> <strong>para esta edi\u00e7\u00e3o?<\/strong><\/p>\n<p style=\"font-weight: 400;\">Como n\u00e3o poderia deixar de ser, as melhores. \u00c9 nossa convic\u00e7\u00e3o que o que apresentaremos nos dias da competi\u00e7\u00e3o, entre 29 e 31 de maio, \u00e9 um evento em que a \u00e1rea da mecatr\u00f3nica autom\u00f3vel sair\u00e1 com uma imagem refor\u00e7ada, tanto pela dedica\u00e7\u00e3o dos elementos respons\u00e1veis pela organiza\u00e7\u00e3o como pela entrega dos concorrentes.<\/p>\n<p style=\"font-weight: 400;\"><strong>A sele\u00e7\u00e3o dos candidatos que ir\u00e3o estar na Final da Competi\u00e7\u00e3o Melhor Mecatr\u00f3nico 2026 foi feita atrav\u00e9s de duas provas numa plataforma online. Em que consistiram estas provas e como foi o desempenho dos candidatos?<\/strong><\/p>\n<p style=\"font-weight: 400;\">Sim, a fase de sele\u00e7\u00e3o foi composta por duas provas, uma de escolha m\u00faltipla, em que os participantes tiveram de responder a um conjunto de quest\u00f5es que abordaram a \u00e1rea da eletricidade, eletr\u00f3nica, e sistemas de ve\u00edculos h\u00edbridos e el\u00e9tricos. A outra, consistiu na resolu\u00e7\u00e3o de uma avaria em simulador, virtual, de sistemas de gest\u00e3o eletr\u00f3nica de motor. As duas provas tinham tempo de resolu\u00e7\u00e3o, sendo que na primeira s\u00f3 contavam as quest\u00f5es respondidas dentro do tempo, e na segunda o tempo que excedia o estipulado refletia-se numa diminui\u00e7\u00e3o da nota atribu\u00edda.<\/p>\n<p style=\"font-weight: 400;\">Esta abordagem, de disponibiliza\u00e7\u00e3o e execu\u00e7\u00e3o das provas em ambiente virtual, est\u00e1 imbu\u00edda do esp\u00edrito de familiariza\u00e7\u00e3o, natural, com os sistemas digitais que, cada vez mais, fazem parte do nosso dia-a-dia.<\/p>\n<p style=\"font-weight: 400;\"><strong>Este ano a final da Competi\u00e7\u00e3o ser\u00e1 realizada no decorrer do sal\u00e3o expoMEC\u00c2NICA de 29 a 31 de maio.\u00a0 Todos os visitantes do sal\u00e3o poder\u00e3o acompanhar ao vivo o decorrer das provas dos concorrentes. Que mais valias traz este formato para a Competi\u00e7\u00e3o? <\/strong><\/p>\n<p style=\"font-weight: 400;\">A competi\u00e7\u00e3o tem de estar concebida para ser mais do que um momento em que os t\u00e9cnicos finalistas p\u00f5em \u00e0 prova as suas habilidades t\u00e9cnicas na \u00e1rea da repara\u00e7\u00e3o autom\u00f3vel. Ou seja, tendo em conta a import\u00e2ncia do ve\u00edculo autom\u00f3vel na nossa sociedade, o formato da competi\u00e7\u00e3o visa, tamb\u00e9m, dar a conhecer as compet\u00eancias que os t\u00e9cnicos que mant\u00e9m esses ve\u00edculos tem de possuir para garantir a sua operacionalidade no p\u00f3s-venda.<\/p>\n<p style=\"font-weight: 400;\">A profiss\u00e3o de mecatr\u00f3nico autom\u00f3vel tem vindo a assumir grande relev\u00e2ncia devido ao desenvolvimento tecnol\u00f3gico que a ind\u00fastria autom\u00f3vel tem incorporado, seja pela obrigatoriedade de cumprir com legisla\u00e7\u00e3o antipolui\u00e7\u00e3o, cada vez mais apertada, seja pelo advento da digitaliza\u00e7\u00e3o, como por exemplo, a r\u00e1pida implementa\u00e7\u00e3o de sistemas com IA.<\/p>\n<p style=\"font-weight: 400;\"><strong>Quantos membros comp\u00f5em o J\u00fari e qual vai ser a sua fun\u00e7\u00e3o durante a competi\u00e7\u00e3o?<\/strong><\/p>\n<p style=\"font-weight: 400;\">O j\u00fari \u00e9 composto por 7 elementos, sendo 6 do CEPRA e 1 de um dos patrocinadores das viaturas. Cada jurado \u00e9 respons\u00e1vel pelo desenvolvimento e apresenta\u00e7\u00e3o da prova final do seu m\u00f3dulo, pelo que o seu trabalho come\u00e7a muito antes dos dias de competi\u00e7\u00e3o, e, durante esta fase \u2013 final &#8211; \u00a0s\u00f3 tem de garantir que o que preparou est\u00e1 capaz de ser implementado no equipamento disponibilizado pela organiza\u00e7\u00e3o.<\/p>\n<p style=\"font-weight: 400;\">Para al\u00e9m desta vertente t\u00e9cnica, o jurado \u00e9 o garante da correta an\u00e1lise das compet\u00eancias de cada concorrente, obedecendo a uma conduta de total neutralidade enquanto est\u00e1 a exercer essa an\u00e1lise.<\/p>\n<p style=\"font-weight: 400;\">Embora este tipo de evento envolva bastantes pessoas, h\u00e1 dois elementos que s\u00e3o fundamentais para que a competi\u00e7\u00e3o se desenvolva num ambiente saud\u00e1vel e transparente, apesar do elemento competitivo, s\u00e3o os jurados e os concorrentes, uns porque avaliam e os outros porque s\u00e3o avaliados, sendo que os segundos percebem, pela atua\u00e7\u00e3o dos primeiros, que a confian\u00e7a est\u00e1 assegurada.<\/p>\n<p style=\"font-weight: 400;\"><strong>Que tipo de provas v\u00e3o ser realizadas pelos concorrentes?<\/strong><\/p>\n<p style=\"font-weight: 400;\">Os concorrentes t\u00eam de executar 4 provas, ou m\u00f3dulos, que foram concebidos para cobrir a \u00e1rea da mec\u00e2nica da eletricidade e eletr\u00f3nica autom\u00f3vel. Os m\u00f3dulos s\u00e3o: Caixas de velocidades, repara\u00e7\u00e3o de motor, diagn\u00f3stico de sistemas de gest\u00e3o eletr\u00f3nica, e sistemas el\u00e9tricos.<\/p>\n<p style=\"font-weight: 400;\">Todas as provas est\u00e3o estruturadas para avaliar as compet\u00eancias pr\u00e1ticas de cada concorrente, sendo desenvolvidas com base nas orienta\u00e7\u00f5es e dados t\u00e9cnicos dos fabricantes de cada equipamento.<\/p>\n<p style=\"font-weight: 400;\"><strong>O que podem esperar os concorrentes desta Competi\u00e7\u00e3o?<\/strong><\/p>\n<p style=\"font-weight: 400;\">Os concorrentes podem esperar desta competi\u00e7\u00e3o um momento \u00fanico, pois certamente, n\u00e3o participar\u00e3o em outro desta natureza, n\u00e3o s\u00f3 porque n\u00e3o abundam, mas, porque s\u00e3o tr\u00eas dias de conv\u00edvio e experi\u00eancia de sensa\u00e7\u00f5es que s\u00f3 este tipo de intera\u00e7\u00e3o pode proporcionar.<\/p>\n<p style=\"font-weight: 400;\">Embora todos os concorrentes estejam focados no resultado que conseguir\u00e3o obter, especialmente, nos tr\u00eas primeiros lugares, o que \u00e9 certo \u00e9 que, entretanto, v\u00e3o tendo de demonstrar uma s\u00e9rie de qualidades que nas suas tarefas di\u00e1rias n\u00e3o h\u00e1 oportunidade para as revelarem e, por vezes, nem sequer se tinham apercebido que as possu\u00edam, e este processo, porque n\u00e3o \u00e9 f\u00e1cil, torna-os vencedores, s\u00f3 por participarem.<\/p>\n<p style=\"font-weight: 400;\">Para al\u00e9m deste aspeto, mais pessoal, o conv\u00edvio, a intera\u00e7\u00e3o com outros t\u00e9cnicos e os seus pontos de vista, a forma como cada um entende a repara\u00e7\u00e3o autom\u00f3vel, e a visibilidade que podem dar \u00e0 profiss\u00e3o, s\u00e3o elementos que o evento, pela sua natureza, propicia e potencia.<\/p>\n","protected":false},"excerpt":{"rendered":"<p>\u00c0s v\u00e9speras da 7\u00aa edi\u00e7\u00e3o da&#8230;<\/p>\n","protected":false},"author":15,"featured_media":116113,"comment_status":"closed","ping_status":"closed","sticky":false,"template":"","format":"standard","meta":{"footnotes":""},"categories":[38,5868],"tags":[5427,141,4058,15042,15044,78,1870,726,15043],"class_list":["post-116088","post","type-post","status-publish","format-standard","has-post-thumbnail","hentry","category-entrevistas","category-melhor-mecatronico","tag-7a-edicao","tag-cepra","tag-competicao","tag-eduardo-fonseca","tag-expectativas","tag-expomecanica","tag-mecatronica-automovel","tag-melhor-mecatronico","tag-presidente-juri"],"yoast_head":"<!-- This site is optimized with the Yoast SEO plugin v27.5 - https:\/\/yoast.com\/product\/yoast-seo-wordpress\/ -->\n<title>\u201cSer\u00e1 um evento que valoriza compet\u00eancias e talento t\u00e9cnico\u201d, CEPRA - Jornal das Oficinas<\/title>\n<meta name=\"description\" content=\"Eduardo Fonseca, do CEPRA, partilha as expectativas, desafios e impacto da competi\u00e7\u00e3o Melhor Mecatr\u00f3nico na evolu\u00e7\u00e3o da mecatr\u00f3nica autom\u00f3vel\" \/>\n<meta name=\"robots\" content=\"index, follow, max-snippet:-1, max-image-preview:large, max-video-preview:-1\" \/>\n<link rel=\"canonical\" href=\"https:\/\/jornaldasoficinas.com\/pt\/sera-um-evento-que-valoriza-competencias-e-talento-tecnico-cepra\/\" \/>\n<meta property=\"og:locale\" content=\"pt_PT\" \/>\n<meta property=\"og:type\" content=\"article\" \/>\n<meta property=\"og:title\" content=\"\u201cSer\u00e1 um evento que valoriza compet\u00eancias e talento t\u00e9cnico\u201d, CEPRA - Jornal das Oficinas\" \/>\n<meta property=\"og:description\" content=\"Eduardo Fonseca, do CEPRA, partilha as expectativas, desafios e impacto da competi\u00e7\u00e3o Melhor Mecatr\u00f3nico na evolu\u00e7\u00e3o da mecatr\u00f3nica autom\u00f3vel\" \/>\n<meta property=\"og:url\" content=\"https:\/\/jornaldasoficinas.com\/pt\/sera-um-evento-que-valoriza-competencias-e-talento-tecnico-cepra\/\" \/>\n<meta property=\"og:site_name\" content=\"Jornal das Oficinas\" \/>\n<meta property=\"article:publisher\" content=\"https:\/\/www.facebook.com\/jornaloficinas\" \/>\n<meta property=\"article:published_time\" content=\"2026-04-30T07:00:00+00:00\" \/>\n<meta property=\"og:image\" content=\"https:\/\/jornaldasoficinas.com\/pt\/wp-content\/uploads\/2026\/04\/Sera-um-evento-que-valoriza-competencias-e-talento-tecnico.jpg\" \/>\n\t<meta property=\"og:image:width\" content=\"1024\" \/>\n\t<meta property=\"og:image:height\" content=\"577\" \/>\n\t<meta property=\"og:image:type\" content=\"image\/jpeg\" \/>\n<meta name=\"author\" content=\"Reda\u00e7\u00e3o JO\" \/>\n<meta name=\"twitter:card\" content=\"summary_large_image\" \/>\n<meta name=\"twitter:creator\" content=\"@jornaloficinas\" \/>\n<meta name=\"twitter:site\" content=\"@jornaloficinas\" \/>\n<meta name=\"twitter:label1\" content=\"Escrito por\" \/>\n\t<meta name=\"twitter:data1\" content=\"Reda\u00e7\u00e3o JO\" \/>\n\t<meta name=\"twitter:label2\" content=\"Tempo estimado de leitura\" \/>\n\t<meta name=\"twitter:data2\" content=\"6 minutos\" \/>\n<script type=\"application\/ld+json\" class=\"yoast-schema-graph\">{\"@context\":\"https:\\\/\\\/schema.org\",\"@graph\":[{\"@type\":\"Article\",\"@id\":\"https:\\\/\\\/jornaldasoficinas.com\\\/pt\\\/sera-um-evento-que-valoriza-competencias-e-talento-tecnico-cepra\\\/#article\",\"isPartOf\":{\"@id\":\"https:\\\/\\\/jornaldasoficinas.com\\\/pt\\\/sera-um-evento-que-valoriza-competencias-e-talento-tecnico-cepra\\\/\"},\"author\":{\"name\":\"Reda\u00e7\u00e3o JO\",\"@id\":\"https:\\\/\\\/jornaldasoficinas.com\\\/pt\\\/#\\\/schema\\\/person\\\/a38eef5de2c41d9e7c9ac10141afddf3\"},\"headline\":\"\u201cSer\u00e1 um evento que valoriza compet\u00eancias e talento t\u00e9cnico\u201d, CEPRA\",\"datePublished\":\"2026-04-30T07:00:00+00:00\",\"mainEntityOfPage\":{\"@id\":\"https:\\\/\\\/jornaldasoficinas.com\\\/pt\\\/sera-um-evento-que-valoriza-competencias-e-talento-tecnico-cepra\\\/\"},\"wordCount\":1097,\"publisher\":{\"@id\":\"https:\\\/\\\/jornaldasoficinas.com\\\/pt\\\/#organization\"},\"image\":{\"@id\":\"https:\\\/\\\/jornaldasoficinas.com\\\/pt\\\/sera-um-evento-que-valoriza-competencias-e-talento-tecnico-cepra\\\/#primaryimage\"},\"thumbnailUrl\":\"https:\\\/\\\/jornaldasoficinas.com\\\/pt\\\/wp-content\\\/uploads\\\/2026\\\/04\\\/Sera-um-evento-que-valoriza-competencias-e-talento-tecnico.jpg\",\"keywords\":[\"7\u00aa edi\u00e7\u00e3o\",\"CEPRA\",\"Competi\u00e7\u00e3o\",\"Eduardo Fonseca\",\"expectativas\",\"expoMEC\u00c2NICA\",\"Mecatr\u00f3nica Autom\u00f3vel\",\"Melhor Mecatr\u00f3nico\",\"presidente j\u00fari\"],\"articleSection\":[\"Entrevistas\",\"Melhor Mecatr\u00f3nico\"],\"inLanguage\":\"pt-PT\"},{\"@type\":\"WebPage\",\"@id\":\"https:\\\/\\\/jornaldasoficinas.com\\\/pt\\\/sera-um-evento-que-valoriza-competencias-e-talento-tecnico-cepra\\\/\",\"url\":\"https:\\\/\\\/jornaldasoficinas.com\\\/pt\\\/sera-um-evento-que-valoriza-competencias-e-talento-tecnico-cepra\\\/\",\"name\":\"\u201cSer\u00e1 um evento que valoriza compet\u00eancias e talento t\u00e9cnico\u201d, CEPRA - Jornal das Oficinas\",\"isPartOf\":{\"@id\":\"https:\\\/\\\/jornaldasoficinas.com\\\/pt\\\/#website\"},\"primaryImageOfPage\":{\"@id\":\"https:\\\/\\\/jornaldasoficinas.com\\\/pt\\\/sera-um-evento-que-valoriza-competencias-e-talento-tecnico-cepra\\\/#primaryimage\"},\"image\":{\"@id\":\"https:\\\/\\\/jornaldasoficinas.com\\\/pt\\\/sera-um-evento-que-valoriza-competencias-e-talento-tecnico-cepra\\\/#primaryimage\"},\"thumbnailUrl\":\"https:\\\/\\\/jornaldasoficinas.com\\\/pt\\\/wp-content\\\/uploads\\\/2026\\\/04\\\/Sera-um-evento-que-valoriza-competencias-e-talento-tecnico.jpg\",\"datePublished\":\"2026-04-30T07:00:00+00:00\",\"description\":\"Eduardo Fonseca, do CEPRA, partilha as expectativas, desafios e impacto da competi\u00e7\u00e3o Melhor Mecatr\u00f3nico na evolu\u00e7\u00e3o da mecatr\u00f3nica autom\u00f3vel\",\"breadcrumb\":{\"@id\":\"https:\\\/\\\/jornaldasoficinas.com\\\/pt\\\/sera-um-evento-que-valoriza-competencias-e-talento-tecnico-cepra\\\/#breadcrumb\"},\"inLanguage\":\"pt-PT\",\"potentialAction\":[{\"@type\":\"ReadAction\",\"target\":[\"https:\\\/\\\/jornaldasoficinas.com\\\/pt\\\/sera-um-evento-que-valoriza-competencias-e-talento-tecnico-cepra\\\/\"]}]},{\"@type\":\"ImageObject\",\"inLanguage\":\"pt-PT\",\"@id\":\"https:\\\/\\\/jornaldasoficinas.com\\\/pt\\\/sera-um-evento-que-valoriza-competencias-e-talento-tecnico-cepra\\\/#primaryimage\",\"url\":\"https:\\\/\\\/jornaldasoficinas.com\\\/pt\\\/wp-content\\\/uploads\\\/2026\\\/04\\\/Sera-um-evento-que-valoriza-competencias-e-talento-tecnico.jpg\",\"contentUrl\":\"https:\\\/\\\/jornaldasoficinas.com\\\/pt\\\/wp-content\\\/uploads\\\/2026\\\/04\\\/Sera-um-evento-que-valoriza-competencias-e-talento-tecnico.jpg\",\"width\":1024,\"height\":577,\"caption\":\"04 - Sera um evento que valoriza competencias e talento tecnico\"},{\"@type\":\"BreadcrumbList\",\"@id\":\"https:\\\/\\\/jornaldasoficinas.com\\\/pt\\\/sera-um-evento-que-valoriza-competencias-e-talento-tecnico-cepra\\\/#breadcrumb\",\"itemListElement\":[{\"@type\":\"ListItem\",\"position\":1,\"name\":\"In\u00edcio\",\"item\":\"https:\\\/\\\/jornaldasoficinas.com\\\/pt\\\/\"},{\"@type\":\"ListItem\",\"position\":2,\"name\":\"\u201cSer\u00e1 um evento que valoriza compet\u00eancias e talento t\u00e9cnico\u201d, CEPRA\"}]},{\"@type\":\"WebSite\",\"@id\":\"https:\\\/\\\/jornaldasoficinas.com\\\/pt\\\/#website\",\"url\":\"https:\\\/\\\/jornaldasoficinas.com\\\/pt\\\/\",\"name\":\"Jornal das Oficinas\",\"description\":\"Jornal independente do Aftermarket Autom\u00f3vel em Portugal\",\"publisher\":{\"@id\":\"https:\\\/\\\/jornaldasoficinas.com\\\/pt\\\/#organization\"},\"potentialAction\":[{\"@type\":\"SearchAction\",\"target\":{\"@type\":\"EntryPoint\",\"urlTemplate\":\"https:\\\/\\\/jornaldasoficinas.com\\\/pt\\\/?s={search_term_string}\"},\"query-input\":{\"@type\":\"PropertyValueSpecification\",\"valueRequired\":true,\"valueName\":\"search_term_string\"}}],\"inLanguage\":\"pt-PT\"},{\"@type\":\"Organization\",\"@id\":\"https:\\\/\\\/jornaldasoficinas.com\\\/pt\\\/#organization\",\"name\":\"Jornal das Oficinas\",\"url\":\"https:\\\/\\\/jornaldasoficinas.com\\\/pt\\\/\",\"logo\":{\"@type\":\"ImageObject\",\"inLanguage\":\"pt-PT\",\"@id\":\"https:\\\/\\\/jornaldasoficinas.com\\\/pt\\\/#\\\/schema\\\/logo\\\/image\\\/\",\"url\":\"https:\\\/\\\/jornaldasoficinas.com\\\/pt\\\/wp-content\\\/uploads\\\/logoJO-SEO.png\",\"contentUrl\":\"https:\\\/\\\/jornaldasoficinas.com\\\/pt\\\/wp-content\\\/uploads\\\/logoJO-SEO.png\",\"width\":285,\"height\":450,\"caption\":\"Jornal das Oficinas\"},\"image\":{\"@id\":\"https:\\\/\\\/jornaldasoficinas.com\\\/pt\\\/#\\\/schema\\\/logo\\\/image\\\/\"},\"sameAs\":[\"https:\\\/\\\/www.facebook.com\\\/jornaloficinas\",\"https:\\\/\\\/x.com\\\/jornaloficinas\",\"https:\\\/\\\/www.instagram.com\\\/jornal_oficinas\\\/\",\"https:\\\/\\\/www.linkedin.com\\\/company\\\/jornal-das-oficinas\\\/\",\"https:\\\/\\\/www.youtube.com\\\/channel\\\/UCbQZBqtcvV-oSQrr7RzINGg\"]},{\"@type\":\"Person\",\"@id\":\"https:\\\/\\\/jornaldasoficinas.com\\\/pt\\\/#\\\/schema\\\/person\\\/a38eef5de2c41d9e7c9ac10141afddf3\",\"name\":\"Reda\u00e7\u00e3o JO\",\"image\":{\"@type\":\"ImageObject\",\"inLanguage\":\"pt-PT\",\"@id\":\"https:\\\/\\\/secure.gravatar.com\\\/avatar\\\/71f2fa71737ad68a84fea94bc708ddac8ea5b0c4788dc2ad202f3ccb2887742f?s=96&d=wp_user_avatar&r=g\",\"url\":\"https:\\\/\\\/secure.gravatar.com\\\/avatar\\\/71f2fa71737ad68a84fea94bc708ddac8ea5b0c4788dc2ad202f3ccb2887742f?s=96&d=wp_user_avatar&r=g\",\"contentUrl\":\"https:\\\/\\\/secure.gravatar.com\\\/avatar\\\/71f2fa71737ad68a84fea94bc708ddac8ea5b0c4788dc2ad202f3ccb2887742f?s=96&d=wp_user_avatar&r=g\",\"caption\":\"Reda\u00e7\u00e3o JO\"},\"url\":\"https:\\\/\\\/jornaldasoficinas.com\\\/pt\\\/author\\\/joredacao\\\/\"}]}<\/script>\n<!-- \/ Yoast SEO plugin. -->","yoast_head_json":{"title":"\u201cSer\u00e1 um evento que valoriza compet\u00eancias e talento t\u00e9cnico\u201d, CEPRA - Jornal das Oficinas","description":"Eduardo Fonseca, do CEPRA, partilha as expectativas, desafios e impacto da competi\u00e7\u00e3o Melhor Mecatr\u00f3nico na evolu\u00e7\u00e3o da mecatr\u00f3nica autom\u00f3vel","robots":{"index":"index","follow":"follow","max-snippet":"max-snippet:-1","max-image-preview":"max-image-preview:large","max-video-preview":"max-video-preview:-1"},"canonical":"https:\/\/jornaldasoficinas.com\/pt\/sera-um-evento-que-valoriza-competencias-e-talento-tecnico-cepra\/","og_locale":"pt_PT","og_type":"article","og_title":"\u201cSer\u00e1 um evento que valoriza compet\u00eancias e talento t\u00e9cnico\u201d, CEPRA - Jornal das Oficinas","og_description":"Eduardo Fonseca, do CEPRA, partilha as expectativas, desafios e impacto da competi\u00e7\u00e3o Melhor Mecatr\u00f3nico na evolu\u00e7\u00e3o da mecatr\u00f3nica autom\u00f3vel","og_url":"https:\/\/jornaldasoficinas.com\/pt\/sera-um-evento-que-valoriza-competencias-e-talento-tecnico-cepra\/","og_site_name":"Jornal das Oficinas","article_publisher":"https:\/\/www.facebook.com\/jornaloficinas","article_published_time":"2026-04-30T07:00:00+00:00","og_image":[{"width":1024,"height":577,"url":"https:\/\/jornaldasoficinas.com\/pt\/wp-content\/uploads\/2026\/04\/Sera-um-evento-que-valoriza-competencias-e-talento-tecnico.jpg","type":"image\/jpeg"}],"author":"Reda\u00e7\u00e3o JO","twitter_card":"summary_large_image","twitter_creator":"@jornaloficinas","twitter_site":"@jornaloficinas","twitter_misc":{"Escrito por":"Reda\u00e7\u00e3o JO","Tempo estimado de leitura":"6 minutos"},"schema":{"@context":"https:\/\/schema.org","@graph":[{"@type":"Article","@id":"https:\/\/jornaldasoficinas.com\/pt\/sera-um-evento-que-valoriza-competencias-e-talento-tecnico-cepra\/#article","isPartOf":{"@id":"https:\/\/jornaldasoficinas.com\/pt\/sera-um-evento-que-valoriza-competencias-e-talento-tecnico-cepra\/"},"author":{"name":"Reda\u00e7\u00e3o JO","@id":"https:\/\/jornaldasoficinas.com\/pt\/#\/schema\/person\/a38eef5de2c41d9e7c9ac10141afddf3"},"headline":"\u201cSer\u00e1 um evento que valoriza compet\u00eancias e talento t\u00e9cnico\u201d, CEPRA","datePublished":"2026-04-30T07:00:00+00:00","mainEntityOfPage":{"@id":"https:\/\/jornaldasoficinas.com\/pt\/sera-um-evento-que-valoriza-competencias-e-talento-tecnico-cepra\/"},"wordCount":1097,"publisher":{"@id":"https:\/\/jornaldasoficinas.com\/pt\/#organization"},"image":{"@id":"https:\/\/jornaldasoficinas.com\/pt\/sera-um-evento-que-valoriza-competencias-e-talento-tecnico-cepra\/#primaryimage"},"thumbnailUrl":"https:\/\/jornaldasoficinas.com\/pt\/wp-content\/uploads\/2026\/04\/Sera-um-evento-que-valoriza-competencias-e-talento-tecnico.jpg","keywords":["7\u00aa edi\u00e7\u00e3o","CEPRA","Competi\u00e7\u00e3o","Eduardo Fonseca","expectativas","expoMEC\u00c2NICA","Mecatr\u00f3nica Autom\u00f3vel","Melhor Mecatr\u00f3nico","presidente j\u00fari"],"articleSection":["Entrevistas","Melhor Mecatr\u00f3nico"],"inLanguage":"pt-PT"},{"@type":"WebPage","@id":"https:\/\/jornaldasoficinas.com\/pt\/sera-um-evento-que-valoriza-competencias-e-talento-tecnico-cepra\/","url":"https:\/\/jornaldasoficinas.com\/pt\/sera-um-evento-que-valoriza-competencias-e-talento-tecnico-cepra\/","name":"\u201cSer\u00e1 um evento que valoriza compet\u00eancias e talento t\u00e9cnico\u201d, CEPRA - Jornal das Oficinas","isPartOf":{"@id":"https:\/\/jornaldasoficinas.com\/pt\/#website"},"primaryImageOfPage":{"@id":"https:\/\/jornaldasoficinas.com\/pt\/sera-um-evento-que-valoriza-competencias-e-talento-tecnico-cepra\/#primaryimage"},"image":{"@id":"https:\/\/jornaldasoficinas.com\/pt\/sera-um-evento-que-valoriza-competencias-e-talento-tecnico-cepra\/#primaryimage"},"thumbnailUrl":"https:\/\/jornaldasoficinas.com\/pt\/wp-content\/uploads\/2026\/04\/Sera-um-evento-que-valoriza-competencias-e-talento-tecnico.jpg","datePublished":"2026-04-30T07:00:00+00:00","description":"Eduardo Fonseca, do CEPRA, partilha as expectativas, desafios e impacto da competi\u00e7\u00e3o Melhor Mecatr\u00f3nico na evolu\u00e7\u00e3o da mecatr\u00f3nica autom\u00f3vel","breadcrumb":{"@id":"https:\/\/jornaldasoficinas.com\/pt\/sera-um-evento-que-valoriza-competencias-e-talento-tecnico-cepra\/#breadcrumb"},"inLanguage":"pt-PT","potentialAction":[{"@type":"ReadAction","target":["https:\/\/jornaldasoficinas.com\/pt\/sera-um-evento-que-valoriza-competencias-e-talento-tecnico-cepra\/"]}]},{"@type":"ImageObject","inLanguage":"pt-PT","@id":"https:\/\/jornaldasoficinas.com\/pt\/sera-um-evento-que-valoriza-competencias-e-talento-tecnico-cepra\/#primaryimage","url":"https:\/\/jornaldasoficinas.com\/pt\/wp-content\/uploads\/2026\/04\/Sera-um-evento-que-valoriza-competencias-e-talento-tecnico.jpg","contentUrl":"https:\/\/jornaldasoficinas.com\/pt\/wp-content\/uploads\/2026\/04\/Sera-um-evento-que-valoriza-competencias-e-talento-tecnico.jpg","width":1024,"height":577,"caption":"04 - Sera um evento que valoriza competencias e talento tecnico"},{"@type":"BreadcrumbList","@id":"https:\/\/jornaldasoficinas.com\/pt\/sera-um-evento-que-valoriza-competencias-e-talento-tecnico-cepra\/#breadcrumb","itemListElement":[{"@type":"ListItem","position":1,"name":"In\u00edcio","item":"https:\/\/jornaldasoficinas.com\/pt\/"},{"@type":"ListItem","position":2,"name":"\u201cSer\u00e1 um evento que valoriza compet\u00eancias e talento t\u00e9cnico\u201d, CEPRA"}]},{"@type":"WebSite","@id":"https:\/\/jornaldasoficinas.com\/pt\/#website","url":"https:\/\/jornaldasoficinas.com\/pt\/","name":"Jornal das Oficinas","description":"Jornal independente do Aftermarket Autom\u00f3vel em Portugal","publisher":{"@id":"https:\/\/jornaldasoficinas.com\/pt\/#organization"},"potentialAction":[{"@type":"SearchAction","target":{"@type":"EntryPoint","urlTemplate":"https:\/\/jornaldasoficinas.com\/pt\/?s={search_term_string}"},"query-input":{"@type":"PropertyValueSpecification","valueRequired":true,"valueName":"search_term_string"}}],"inLanguage":"pt-PT"},{"@type":"Organization","@id":"https:\/\/jornaldasoficinas.com\/pt\/#organization","name":"Jornal das Oficinas","url":"https:\/\/jornaldasoficinas.com\/pt\/","logo":{"@type":"ImageObject","inLanguage":"pt-PT","@id":"https:\/\/jornaldasoficinas.com\/pt\/#\/schema\/logo\/image\/","url":"https:\/\/jornaldasoficinas.com\/pt\/wp-content\/uploads\/logoJO-SEO.png","contentUrl":"https:\/\/jornaldasoficinas.com\/pt\/wp-content\/uploads\/logoJO-SEO.png","width":285,"height":450,"caption":"Jornal das Oficinas"},"image":{"@id":"https:\/\/jornaldasoficinas.com\/pt\/#\/schema\/logo\/image\/"},"sameAs":["https:\/\/www.facebook.com\/jornaloficinas","https:\/\/x.com\/jornaloficinas","https:\/\/www.instagram.com\/jornal_oficinas\/","https:\/\/www.linkedin.com\/company\/jornal-das-oficinas\/","https:\/\/www.youtube.com\/channel\/UCbQZBqtcvV-oSQrr7RzINGg"]},{"@type":"Person","@id":"https:\/\/jornaldasoficinas.com\/pt\/#\/schema\/person\/a38eef5de2c41d9e7c9ac10141afddf3","name":"Reda\u00e7\u00e3o JO","image":{"@type":"ImageObject","inLanguage":"pt-PT","@id":"https:\/\/secure.gravatar.com\/avatar\/71f2fa71737ad68a84fea94bc708ddac8ea5b0c4788dc2ad202f3ccb2887742f?s=96&d=wp_user_avatar&r=g","url":"https:\/\/secure.gravatar.com\/avatar\/71f2fa71737ad68a84fea94bc708ddac8ea5b0c4788dc2ad202f3ccb2887742f?s=96&d=wp_user_avatar&r=g","contentUrl":"https:\/\/secure.gravatar.com\/avatar\/71f2fa71737ad68a84fea94bc708ddac8ea5b0c4788dc2ad202f3ccb2887742f?s=96&d=wp_user_avatar&r=g","caption":"Reda\u00e7\u00e3o JO"},"url":"https:\/\/jornaldasoficinas.com\/pt\/author\/joredacao\/"}]}},"_links":{"self":[{"href":"https:\/\/jornaldasoficinas.com\/pt\/wp-json\/wp\/v2\/posts\/116088","targetHints":{"allow":["GET"]}}],"collection":[{"href":"https:\/\/jornaldasoficinas.com\/pt\/wp-json\/wp\/v2\/posts"}],"about":[{"href":"https:\/\/jornaldasoficinas.com\/pt\/wp-json\/wp\/v2\/types\/post"}],"author":[{"embeddable":true,"href":"https:\/\/jornaldasoficinas.com\/pt\/wp-json\/wp\/v2\/users\/15"}],"replies":[{"embeddable":true,"href":"https:\/\/jornaldasoficinas.com\/pt\/wp-json\/wp\/v2\/comments?post=116088"}],"version-history":[{"count":3,"href":"https:\/\/jornaldasoficinas.com\/pt\/wp-json\/wp\/v2\/posts\/116088\/revisions"}],"predecessor-version":[{"id":116114,"href":"https:\/\/jornaldasoficinas.com\/pt\/wp-json\/wp\/v2\/posts\/116088\/revisions\/116114"}],"wp:featuredmedia":[{"embeddable":true,"href":"https:\/\/jornaldasoficinas.com\/pt\/wp-json\/wp\/v2\/media\/116113"}],"wp:attachment":[{"href":"https:\/\/jornaldasoficinas.com\/pt\/wp-json\/wp\/v2\/media?parent=116088"}],"wp:term":[{"taxonomy":"category","embeddable":true,"href":"https:\/\/jornaldasoficinas.com\/pt\/wp-json\/wp\/v2\/categories?post=116088"},{"taxonomy":"post_tag","embeddable":true,"href":"https:\/\/jornaldasoficinas.com\/pt\/wp-json\/wp\/v2\/tags?post=116088"}],"curies":[{"name":"wp","href":"https:\/\/api.w.org\/{rel}","templated":true}]}}