{"id":116154,"date":"2026-04-30T16:00:30","date_gmt":"2026-04-30T15:00:30","guid":{"rendered":"https:\/\/jornaldasoficinas.com\/pt\/?p=116154"},"modified":"2026-04-30T15:24:53","modified_gmt":"2026-04-30T14:24:53","slug":"nissens-coloca-a-prova-bobinas-de-ignicao-em-bialystok","status":"publish","type":"post","link":"https:\/\/jornaldasoficinas.com\/pt\/nissens-coloca-a-prova-bobinas-de-ignicao-em-bialystok\/","title":{"rendered":"Nissens coloca \u00e0 prova bobinas de igni\u00e7\u00e3o em Bia\u0142ystok"},"content":{"rendered":"<p><strong><img loading=\"lazy\" decoding=\"async\" class=\"alignnone size-full wp-image-116185\" src=\"https:\/\/jornaldasoficinas.com\/pt\/wp-content\/uploads\/2026\/04\/Nissens-coloca-a-prova-bobinas-de-ignicao-em-Bialystok3.jpg\" alt=\"04 - Nissens coloca a prova bobinas de ignicao em Bialystok3\" width=\"1024\" height=\"580\" srcset=\"https:\/\/jornaldasoficinas.com\/pt\/wp-content\/uploads\/2026\/04\/Nissens-coloca-a-prova-bobinas-de-ignicao-em-Bialystok3.jpg 1024w, https:\/\/jornaldasoficinas.com\/pt\/wp-content\/uploads\/2026\/04\/Nissens-coloca-a-prova-bobinas-de-ignicao-em-Bialystok3-300x170.jpg 300w, https:\/\/jornaldasoficinas.com\/pt\/wp-content\/uploads\/2026\/04\/Nissens-coloca-a-prova-bobinas-de-ignicao-em-Bialystok3-150x85.jpg 150w, https:\/\/jornaldasoficinas.com\/pt\/wp-content\/uploads\/2026\/04\/Nissens-coloca-a-prova-bobinas-de-ignicao-em-Bialystok3-768x435.jpg 768w\" sizes=\"auto, (max-width: 1024px) 100vw, 1024px\" \/><\/strong><\/p>\n<p><strong>O JO esteve em Bia\u0142ystok, na Pol\u00f3nia, para acompanhar de perto a apresenta\u00e7\u00e3o da linha de bobinas de igni\u00e7\u00e3o premium da <a href=\"https:\/\/nissens.com\/\" target=\"_blank\" rel=\"noopener\">Nissens<\/a>, num evento que reuniu jornalistas e representantes internacionais de quase 20 pa\u00edses e levou a gama da f\u00e1brica \u00e0 pista, para demonstrar a sua performance no terreno<\/strong><\/p>\n<p>Mais do que uma apresenta\u00e7\u00e3o, o encontro foi pensado para mostrar o que est\u00e1 por detr\u00e1s desta nova aposta da Nissens no aftermarket. A linha, lan\u00e7ada em dezembro de 2025, entra agora numa nova fase com a marca a procurar aproximar a imprensa especializada, os parceiros e os profissionais do setor.<\/p>\n<p>Ao longo do evento, houve espa\u00e7o para apresenta\u00e7\u00f5es com os respons\u00e1veis da Nissens e da <a href=\"https:\/\/www.smpcorp.com\/\" target=\"_blank\" rel=\"noopener\">SMP &#8211; Standard Motor Products<\/a>, contacto com a unidade de produ\u00e7\u00e3o, momentos de networking, experi\u00eancias din\u00e2micas e muita adrenalina em circuitos de pista.<\/p>\n<p><strong>Uma linha com escala<\/strong><\/p>\n<p>A nova linha de bobinas de igni\u00e7\u00e3o arranca com mais de 230 refer\u00eancias, cobre mais de 1.000 refer\u00eancias OE e anuncia uma cobertura superior a 65% do parque autom\u00f3vel europeu. Inclui os principais tipos de bobina, nas vers\u00f5es standard, pencil, coil-on-plug, rail e block, e foi apresentada como uma resposta concreta \u00e0s necessidades de distribuidores, oficinas e profissionais da repara\u00e7\u00e3o.<\/p>\n<p>Em entrevista ao JO, Steffen Bjerg Jensen, Senior Director of Category Management e Strategy da Nissens, explicou a aposta da marca: &#8220;Estamos a preencher uma lacuna no mercado. Vemos que est\u00e1 bastante dominado por marcas OE, e a Nissens consegue oferecer uma alternativa premium e competitiva em termos de custo face ao OE, algo que hoje n\u00e3o existe verdadeiramente.&#8221;<\/p>\n<p>O respons\u00e1vel recordou ainda que: &#8220;Embora os ve\u00edculos el\u00e9tricos representem j\u00e1 cerca de 20% das vendas de autom\u00f3veis novos na Europa, mais de 90% do parque autom\u00f3vel continua a ser de combust\u00e3o interna. Para a n\u00f3s, esse \u00e9 precisamente o ponto\u2026 garantir que as oficinas e os clientes continuam a ter resposta para um mercado que permanecer\u00e1 relevante durante d\u00e9cadas.&#8221;<\/p>\n<p><strong>Mais de 6 milh\u00f5es de bobinas de igni\u00e7\u00e3o por ano<\/strong><\/p>\n<p>Ap\u00f3s a apresenta\u00e7\u00e3o, o programa levou-nos at\u00e9 \u00e0 f\u00e1brica da SMP em Bia\u0142ystok. A visita permitiu conhecer de perto parte do processo industrial que est\u00e1 por detr\u00e1s desta nova linha. Nesta unidade, a Standard Motor Products produz mais de 6 milh\u00f5es de bobinas de igni\u00e7\u00e3o por ano, segundo as normas IATF 16949, ISO 9001 e ISO 14001.<\/p>\n<p><strong>Testar no terreno<\/strong><\/p>\n<p>O dia terminou num circuito de pistas, o momento mais aguardado. Entre as atividades preparadas estiveram demonstra\u00e7\u00f5es, experi\u00eancias em pista com muita adrenalina em carros de drift conduzidos por profissionais, bem como experi\u00eancias off-road. A estes momentos juntaram-se provas em equipa e outras atividades pensadas para entrar no esp\u00edrito Nissens com uma vis\u00e3o 360\u00ba no que requer ao conhecimento do produto.<\/p>\n<p>Saiba mais sobre esta experi\u00eancia em Bia\u0142ystok na pr\u00f3xima edi\u00e7\u00e3o do Jornal das Oficinas, com a entrevista a Juan Domingo Mu\u00f1oz Estepa sobre a import\u00e2ncia deste lan\u00e7amento para o mercado ib\u00e9rico.<\/p>\n<p>At\u00e9 l\u00e1, veja <a href=\"https:\/\/www.facebook.com\/reel\/1483874386560816?locale=pt_PT\" target=\"_blank\" rel=\"noopener\">aqui<\/a> a entrevista completa a Steffen Bjerg Jensen, Senior Director of Category Management &amp; Strategy da Nissens, e consulte <a href=\"https:\/\/www.facebook.com\/jornaloficinas\/posts\/pfbid0NjwCo61rGEaou9LE3w8ZyYSCgcq26GtKoTiQcFHPpfNKiNUXM83415t9yUNuppMpl?locale=pt_PT\" target=\"_blank\" rel=\"noopener\">aqui<\/a> a galeria de fotos do evento.<\/p>\n<p>Direitos de Imagem: Nissens Automotive<\/p>\n","protected":false},"excerpt":{"rendered":"<p>O JO esteve em Bia\u0142ystok, na&#8230;<\/p>\n","protected":false},"author":15,"featured_media":116185,"comment_status":"closed","ping_status":"closed","sticky":false,"template":"","format":"standard","meta":{"footnotes":""},"categories":[29],"tags":[15057,5611,4716,856,4831,15058,15059],"class_list":["post-116154","post","type-post","status-publish","format-standard","has-post-thumbnail","hentry","category-empresas","tag-bialystok","tag-bobinas-de-ignicao","tag-evento","tag-nissens","tag-nova-gama","tag-smp-standard-motor-products","tag-steffen-bjerg-jensen"],"yoast_head":"<!-- This site is optimized with the Yoast SEO plugin v27.5 - https:\/\/yoast.com\/product\/yoast-seo-wordpress\/ -->\n<title>Nissens coloca \u00e0 prova bobinas de igni\u00e7\u00e3o em Bia\u0142ystok - Jornal das Oficinas<\/title>\n<meta name=\"description\" content=\"O JO esteve em Bia\u0142ystok, na Pol\u00f3nia, para acompanhar de perto a apresenta\u00e7\u00e3o da linha de bobinas de igni\u00e7\u00e3o premium da Nissens\" \/>\n<meta name=\"robots\" content=\"index, follow, max-snippet:-1, max-image-preview:large, max-video-preview:-1\" \/>\n<link rel=\"canonical\" href=\"https:\/\/jornaldasoficinas.com\/pt\/nissens-coloca-a-prova-bobinas-de-ignicao-em-bialystok\/\" \/>\n<meta property=\"og:locale\" content=\"pt_PT\" \/>\n<meta property=\"og:type\" content=\"article\" \/>\n<meta property=\"og:title\" content=\"Nissens coloca \u00e0 prova bobinas de igni\u00e7\u00e3o em Bia\u0142ystok - Jornal das Oficinas\" \/>\n<meta property=\"og:description\" content=\"O JO esteve em Bia\u0142ystok, na Pol\u00f3nia, para acompanhar de perto a apresenta\u00e7\u00e3o da linha de bobinas de igni\u00e7\u00e3o premium da Nissens\" \/>\n<meta property=\"og:url\" content=\"https:\/\/jornaldasoficinas.com\/pt\/nissens-coloca-a-prova-bobinas-de-ignicao-em-bialystok\/\" \/>\n<meta property=\"og:site_name\" content=\"Jornal das Oficinas\" \/>\n<meta property=\"article:publisher\" content=\"https:\/\/www.facebook.com\/jornaloficinas\" \/>\n<meta property=\"article:published_time\" content=\"2026-04-30T15:00:30+00:00\" \/>\n<meta property=\"og:image\" content=\"https:\/\/jornaldasoficinas.com\/pt\/wp-content\/uploads\/2026\/04\/Nissens-coloca-a-prova-bobinas-de-ignicao-em-Bialystok3.jpg\" \/>\n\t<meta property=\"og:image:width\" content=\"1024\" \/>\n\t<meta property=\"og:image:height\" content=\"580\" \/>\n\t<meta property=\"og:image:type\" content=\"image\/jpeg\" \/>\n<meta name=\"author\" content=\"Reda\u00e7\u00e3o JO\" \/>\n<meta name=\"twitter:card\" content=\"summary_large_image\" \/>\n<meta name=\"twitter:creator\" content=\"@jornaloficinas\" \/>\n<meta name=\"twitter:site\" content=\"@jornaloficinas\" \/>\n<meta name=\"twitter:label1\" content=\"Escrito por\" \/>\n\t<meta name=\"twitter:data1\" content=\"Reda\u00e7\u00e3o JO\" \/>\n\t<meta name=\"twitter:label2\" content=\"Tempo estimado de leitura\" \/>\n\t<meta name=\"twitter:data2\" content=\"4 minutos\" \/>\n<script type=\"application\/ld+json\" class=\"yoast-schema-graph\">{\"@context\":\"https:\\\/\\\/schema.org\",\"@graph\":[{\"@type\":\"Article\",\"@id\":\"https:\\\/\\\/jornaldasoficinas.com\\\/pt\\\/nissens-coloca-a-prova-bobinas-de-ignicao-em-bialystok\\\/#article\",\"isPartOf\":{\"@id\":\"https:\\\/\\\/jornaldasoficinas.com\\\/pt\\\/nissens-coloca-a-prova-bobinas-de-ignicao-em-bialystok\\\/\"},\"author\":{\"name\":\"Reda\u00e7\u00e3o JO\",\"@id\":\"https:\\\/\\\/jornaldasoficinas.com\\\/pt\\\/#\\\/schema\\\/person\\\/a38eef5de2c41d9e7c9ac10141afddf3\"},\"headline\":\"Nissens coloca \u00e0 prova bobinas de igni\u00e7\u00e3o em Bia\u0142ystok\",\"datePublished\":\"2026-04-30T15:00:30+00:00\",\"mainEntityOfPage\":{\"@id\":\"https:\\\/\\\/jornaldasoficinas.com\\\/pt\\\/nissens-coloca-a-prova-bobinas-de-ignicao-em-bialystok\\\/\"},\"wordCount\":563,\"publisher\":{\"@id\":\"https:\\\/\\\/jornaldasoficinas.com\\\/pt\\\/#organization\"},\"image\":{\"@id\":\"https:\\\/\\\/jornaldasoficinas.com\\\/pt\\\/nissens-coloca-a-prova-bobinas-de-ignicao-em-bialystok\\\/#primaryimage\"},\"thumbnailUrl\":\"https:\\\/\\\/jornaldasoficinas.com\\\/pt\\\/wp-content\\\/uploads\\\/2026\\\/04\\\/Nissens-coloca-a-prova-bobinas-de-ignicao-em-Bialystok3.jpg\",\"keywords\":[\"Bia\u0142ystok\",\"bobinas de igni\u00e7\u00e3o\",\"Evento\",\"Nissens\",\"nova gama\",\"SMP - Standard Motor Products\",\"Steffen Bjerg Jensen\"],\"articleSection\":[\"Empresas\"],\"inLanguage\":\"pt-PT\"},{\"@type\":\"WebPage\",\"@id\":\"https:\\\/\\\/jornaldasoficinas.com\\\/pt\\\/nissens-coloca-a-prova-bobinas-de-ignicao-em-bialystok\\\/\",\"url\":\"https:\\\/\\\/jornaldasoficinas.com\\\/pt\\\/nissens-coloca-a-prova-bobinas-de-ignicao-em-bialystok\\\/\",\"name\":\"Nissens coloca \u00e0 prova bobinas de igni\u00e7\u00e3o em Bia\u0142ystok - Jornal das Oficinas\",\"isPartOf\":{\"@id\":\"https:\\\/\\\/jornaldasoficinas.com\\\/pt\\\/#website\"},\"primaryImageOfPage\":{\"@id\":\"https:\\\/\\\/jornaldasoficinas.com\\\/pt\\\/nissens-coloca-a-prova-bobinas-de-ignicao-em-bialystok\\\/#primaryimage\"},\"image\":{\"@id\":\"https:\\\/\\\/jornaldasoficinas.com\\\/pt\\\/nissens-coloca-a-prova-bobinas-de-ignicao-em-bialystok\\\/#primaryimage\"},\"thumbnailUrl\":\"https:\\\/\\\/jornaldasoficinas.com\\\/pt\\\/wp-content\\\/uploads\\\/2026\\\/04\\\/Nissens-coloca-a-prova-bobinas-de-ignicao-em-Bialystok3.jpg\",\"datePublished\":\"2026-04-30T15:00:30+00:00\",\"description\":\"O JO esteve em Bia\u0142ystok, na Pol\u00f3nia, para acompanhar de perto a apresenta\u00e7\u00e3o da linha de bobinas de igni\u00e7\u00e3o premium da Nissens\",\"breadcrumb\":{\"@id\":\"https:\\\/\\\/jornaldasoficinas.com\\\/pt\\\/nissens-coloca-a-prova-bobinas-de-ignicao-em-bialystok\\\/#breadcrumb\"},\"inLanguage\":\"pt-PT\",\"potentialAction\":[{\"@type\":\"ReadAction\",\"target\":[\"https:\\\/\\\/jornaldasoficinas.com\\\/pt\\\/nissens-coloca-a-prova-bobinas-de-ignicao-em-bialystok\\\/\"]}]},{\"@type\":\"ImageObject\",\"inLanguage\":\"pt-PT\",\"@id\":\"https:\\\/\\\/jornaldasoficinas.com\\\/pt\\\/nissens-coloca-a-prova-bobinas-de-ignicao-em-bialystok\\\/#primaryimage\",\"url\":\"https:\\\/\\\/jornaldasoficinas.com\\\/pt\\\/wp-content\\\/uploads\\\/2026\\\/04\\\/Nissens-coloca-a-prova-bobinas-de-ignicao-em-Bialystok3.jpg\",\"contentUrl\":\"https:\\\/\\\/jornaldasoficinas.com\\\/pt\\\/wp-content\\\/uploads\\\/2026\\\/04\\\/Nissens-coloca-a-prova-bobinas-de-ignicao-em-Bialystok3.jpg\",\"width\":1024,\"height\":580,\"caption\":\"04 - Nissens coloca a prova bobinas de ignicao em Bialystok3\"},{\"@type\":\"BreadcrumbList\",\"@id\":\"https:\\\/\\\/jornaldasoficinas.com\\\/pt\\\/nissens-coloca-a-prova-bobinas-de-ignicao-em-bialystok\\\/#breadcrumb\",\"itemListElement\":[{\"@type\":\"ListItem\",\"position\":1,\"name\":\"In\u00edcio\",\"item\":\"https:\\\/\\\/jornaldasoficinas.com\\\/pt\\\/\"},{\"@type\":\"ListItem\",\"position\":2,\"name\":\"Nissens coloca \u00e0 prova bobinas de igni\u00e7\u00e3o em Bia\u0142ystok\"}]},{\"@type\":\"WebSite\",\"@id\":\"https:\\\/\\\/jornaldasoficinas.com\\\/pt\\\/#website\",\"url\":\"https:\\\/\\\/jornaldasoficinas.com\\\/pt\\\/\",\"name\":\"Jornal das Oficinas\",\"description\":\"Jornal independente do Aftermarket Autom\u00f3vel em Portugal\",\"publisher\":{\"@id\":\"https:\\\/\\\/jornaldasoficinas.com\\\/pt\\\/#organization\"},\"potentialAction\":[{\"@type\":\"SearchAction\",\"target\":{\"@type\":\"EntryPoint\",\"urlTemplate\":\"https:\\\/\\\/jornaldasoficinas.com\\\/pt\\\/?s={search_term_string}\"},\"query-input\":{\"@type\":\"PropertyValueSpecification\",\"valueRequired\":true,\"valueName\":\"search_term_string\"}}],\"inLanguage\":\"pt-PT\"},{\"@type\":\"Organization\",\"@id\":\"https:\\\/\\\/jornaldasoficinas.com\\\/pt\\\/#organization\",\"name\":\"Jornal das Oficinas\",\"url\":\"https:\\\/\\\/jornaldasoficinas.com\\\/pt\\\/\",\"logo\":{\"@type\":\"ImageObject\",\"inLanguage\":\"pt-PT\",\"@id\":\"https:\\\/\\\/jornaldasoficinas.com\\\/pt\\\/#\\\/schema\\\/logo\\\/image\\\/\",\"url\":\"https:\\\/\\\/jornaldasoficinas.com\\\/pt\\\/wp-content\\\/uploads\\\/logoJO-SEO.png\",\"contentUrl\":\"https:\\\/\\\/jornaldasoficinas.com\\\/pt\\\/wp-content\\\/uploads\\\/logoJO-SEO.png\",\"width\":285,\"height\":450,\"caption\":\"Jornal das Oficinas\"},\"image\":{\"@id\":\"https:\\\/\\\/jornaldasoficinas.com\\\/pt\\\/#\\\/schema\\\/logo\\\/image\\\/\"},\"sameAs\":[\"https:\\\/\\\/www.facebook.com\\\/jornaloficinas\",\"https:\\\/\\\/x.com\\\/jornaloficinas\",\"https:\\\/\\\/www.instagram.com\\\/jornal_oficinas\\\/\",\"https:\\\/\\\/www.linkedin.com\\\/company\\\/jornal-das-oficinas\\\/\",\"https:\\\/\\\/www.youtube.com\\\/channel\\\/UCbQZBqtcvV-oSQrr7RzINGg\"]},{\"@type\":\"Person\",\"@id\":\"https:\\\/\\\/jornaldasoficinas.com\\\/pt\\\/#\\\/schema\\\/person\\\/a38eef5de2c41d9e7c9ac10141afddf3\",\"name\":\"Reda\u00e7\u00e3o JO\",\"image\":{\"@type\":\"ImageObject\",\"inLanguage\":\"pt-PT\",\"@id\":\"https:\\\/\\\/secure.gravatar.com\\\/avatar\\\/71f2fa71737ad68a84fea94bc708ddac8ea5b0c4788dc2ad202f3ccb2887742f?s=96&d=wp_user_avatar&r=g\",\"url\":\"https:\\\/\\\/secure.gravatar.com\\\/avatar\\\/71f2fa71737ad68a84fea94bc708ddac8ea5b0c4788dc2ad202f3ccb2887742f?s=96&d=wp_user_avatar&r=g\",\"contentUrl\":\"https:\\\/\\\/secure.gravatar.com\\\/avatar\\\/71f2fa71737ad68a84fea94bc708ddac8ea5b0c4788dc2ad202f3ccb2887742f?s=96&d=wp_user_avatar&r=g\",\"caption\":\"Reda\u00e7\u00e3o JO\"},\"url\":\"https:\\\/\\\/jornaldasoficinas.com\\\/pt\\\/author\\\/joredacao\\\/\"}]}<\/script>\n<!-- \/ Yoast SEO plugin. -->","yoast_head_json":{"title":"Nissens coloca \u00e0 prova bobinas de igni\u00e7\u00e3o em Bia\u0142ystok - Jornal das Oficinas","description":"O JO esteve em Bia\u0142ystok, na Pol\u00f3nia, para acompanhar de perto a apresenta\u00e7\u00e3o da linha de bobinas de igni\u00e7\u00e3o premium da Nissens","robots":{"index":"index","follow":"follow","max-snippet":"max-snippet:-1","max-image-preview":"max-image-preview:large","max-video-preview":"max-video-preview:-1"},"canonical":"https:\/\/jornaldasoficinas.com\/pt\/nissens-coloca-a-prova-bobinas-de-ignicao-em-bialystok\/","og_locale":"pt_PT","og_type":"article","og_title":"Nissens coloca \u00e0 prova bobinas de igni\u00e7\u00e3o em Bia\u0142ystok - Jornal das Oficinas","og_description":"O JO esteve em Bia\u0142ystok, na Pol\u00f3nia, para acompanhar de perto a apresenta\u00e7\u00e3o da linha de bobinas de igni\u00e7\u00e3o premium da Nissens","og_url":"https:\/\/jornaldasoficinas.com\/pt\/nissens-coloca-a-prova-bobinas-de-ignicao-em-bialystok\/","og_site_name":"Jornal das Oficinas","article_publisher":"https:\/\/www.facebook.com\/jornaloficinas","article_published_time":"2026-04-30T15:00:30+00:00","og_image":[{"width":1024,"height":580,"url":"https:\/\/jornaldasoficinas.com\/pt\/wp-content\/uploads\/2026\/04\/Nissens-coloca-a-prova-bobinas-de-ignicao-em-Bialystok3.jpg","type":"image\/jpeg"}],"author":"Reda\u00e7\u00e3o JO","twitter_card":"summary_large_image","twitter_creator":"@jornaloficinas","twitter_site":"@jornaloficinas","twitter_misc":{"Escrito por":"Reda\u00e7\u00e3o JO","Tempo estimado de leitura":"4 minutos"},"schema":{"@context":"https:\/\/schema.org","@graph":[{"@type":"Article","@id":"https:\/\/jornaldasoficinas.com\/pt\/nissens-coloca-a-prova-bobinas-de-ignicao-em-bialystok\/#article","isPartOf":{"@id":"https:\/\/jornaldasoficinas.com\/pt\/nissens-coloca-a-prova-bobinas-de-ignicao-em-bialystok\/"},"author":{"name":"Reda\u00e7\u00e3o JO","@id":"https:\/\/jornaldasoficinas.com\/pt\/#\/schema\/person\/a38eef5de2c41d9e7c9ac10141afddf3"},"headline":"Nissens coloca \u00e0 prova bobinas de igni\u00e7\u00e3o em Bia\u0142ystok","datePublished":"2026-04-30T15:00:30+00:00","mainEntityOfPage":{"@id":"https:\/\/jornaldasoficinas.com\/pt\/nissens-coloca-a-prova-bobinas-de-ignicao-em-bialystok\/"},"wordCount":563,"publisher":{"@id":"https:\/\/jornaldasoficinas.com\/pt\/#organization"},"image":{"@id":"https:\/\/jornaldasoficinas.com\/pt\/nissens-coloca-a-prova-bobinas-de-ignicao-em-bialystok\/#primaryimage"},"thumbnailUrl":"https:\/\/jornaldasoficinas.com\/pt\/wp-content\/uploads\/2026\/04\/Nissens-coloca-a-prova-bobinas-de-ignicao-em-Bialystok3.jpg","keywords":["Bia\u0142ystok","bobinas de igni\u00e7\u00e3o","Evento","Nissens","nova gama","SMP - Standard Motor Products","Steffen Bjerg Jensen"],"articleSection":["Empresas"],"inLanguage":"pt-PT"},{"@type":"WebPage","@id":"https:\/\/jornaldasoficinas.com\/pt\/nissens-coloca-a-prova-bobinas-de-ignicao-em-bialystok\/","url":"https:\/\/jornaldasoficinas.com\/pt\/nissens-coloca-a-prova-bobinas-de-ignicao-em-bialystok\/","name":"Nissens coloca \u00e0 prova bobinas de igni\u00e7\u00e3o em Bia\u0142ystok - Jornal das Oficinas","isPartOf":{"@id":"https:\/\/jornaldasoficinas.com\/pt\/#website"},"primaryImageOfPage":{"@id":"https:\/\/jornaldasoficinas.com\/pt\/nissens-coloca-a-prova-bobinas-de-ignicao-em-bialystok\/#primaryimage"},"image":{"@id":"https:\/\/jornaldasoficinas.com\/pt\/nissens-coloca-a-prova-bobinas-de-ignicao-em-bialystok\/#primaryimage"},"thumbnailUrl":"https:\/\/jornaldasoficinas.com\/pt\/wp-content\/uploads\/2026\/04\/Nissens-coloca-a-prova-bobinas-de-ignicao-em-Bialystok3.jpg","datePublished":"2026-04-30T15:00:30+00:00","description":"O JO esteve em Bia\u0142ystok, na Pol\u00f3nia, para acompanhar de perto a apresenta\u00e7\u00e3o da linha de bobinas de igni\u00e7\u00e3o premium da Nissens","breadcrumb":{"@id":"https:\/\/jornaldasoficinas.com\/pt\/nissens-coloca-a-prova-bobinas-de-ignicao-em-bialystok\/#breadcrumb"},"inLanguage":"pt-PT","potentialAction":[{"@type":"ReadAction","target":["https:\/\/jornaldasoficinas.com\/pt\/nissens-coloca-a-prova-bobinas-de-ignicao-em-bialystok\/"]}]},{"@type":"ImageObject","inLanguage":"pt-PT","@id":"https:\/\/jornaldasoficinas.com\/pt\/nissens-coloca-a-prova-bobinas-de-ignicao-em-bialystok\/#primaryimage","url":"https:\/\/jornaldasoficinas.com\/pt\/wp-content\/uploads\/2026\/04\/Nissens-coloca-a-prova-bobinas-de-ignicao-em-Bialystok3.jpg","contentUrl":"https:\/\/jornaldasoficinas.com\/pt\/wp-content\/uploads\/2026\/04\/Nissens-coloca-a-prova-bobinas-de-ignicao-em-Bialystok3.jpg","width":1024,"height":580,"caption":"04 - Nissens coloca a prova bobinas de ignicao em Bialystok3"},{"@type":"BreadcrumbList","@id":"https:\/\/jornaldasoficinas.com\/pt\/nissens-coloca-a-prova-bobinas-de-ignicao-em-bialystok\/#breadcrumb","itemListElement":[{"@type":"ListItem","position":1,"name":"In\u00edcio","item":"https:\/\/jornaldasoficinas.com\/pt\/"},{"@type":"ListItem","position":2,"name":"Nissens coloca \u00e0 prova bobinas de igni\u00e7\u00e3o em Bia\u0142ystok"}]},{"@type":"WebSite","@id":"https:\/\/jornaldasoficinas.com\/pt\/#website","url":"https:\/\/jornaldasoficinas.com\/pt\/","name":"Jornal das Oficinas","description":"Jornal independente do Aftermarket Autom\u00f3vel em Portugal","publisher":{"@id":"https:\/\/jornaldasoficinas.com\/pt\/#organization"},"potentialAction":[{"@type":"SearchAction","target":{"@type":"EntryPoint","urlTemplate":"https:\/\/jornaldasoficinas.com\/pt\/?s={search_term_string}"},"query-input":{"@type":"PropertyValueSpecification","valueRequired":true,"valueName":"search_term_string"}}],"inLanguage":"pt-PT"},{"@type":"Organization","@id":"https:\/\/jornaldasoficinas.com\/pt\/#organization","name":"Jornal das Oficinas","url":"https:\/\/jornaldasoficinas.com\/pt\/","logo":{"@type":"ImageObject","inLanguage":"pt-PT","@id":"https:\/\/jornaldasoficinas.com\/pt\/#\/schema\/logo\/image\/","url":"https:\/\/jornaldasoficinas.com\/pt\/wp-content\/uploads\/logoJO-SEO.png","contentUrl":"https:\/\/jornaldasoficinas.com\/pt\/wp-content\/uploads\/logoJO-SEO.png","width":285,"height":450,"caption":"Jornal das Oficinas"},"image":{"@id":"https:\/\/jornaldasoficinas.com\/pt\/#\/schema\/logo\/image\/"},"sameAs":["https:\/\/www.facebook.com\/jornaloficinas","https:\/\/x.com\/jornaloficinas","https:\/\/www.instagram.com\/jornal_oficinas\/","https:\/\/www.linkedin.com\/company\/jornal-das-oficinas\/","https:\/\/www.youtube.com\/channel\/UCbQZBqtcvV-oSQrr7RzINGg"]},{"@type":"Person","@id":"https:\/\/jornaldasoficinas.com\/pt\/#\/schema\/person\/a38eef5de2c41d9e7c9ac10141afddf3","name":"Reda\u00e7\u00e3o JO","image":{"@type":"ImageObject","inLanguage":"pt-PT","@id":"https:\/\/secure.gravatar.com\/avatar\/71f2fa71737ad68a84fea94bc708ddac8ea5b0c4788dc2ad202f3ccb2887742f?s=96&d=wp_user_avatar&r=g","url":"https:\/\/secure.gravatar.com\/avatar\/71f2fa71737ad68a84fea94bc708ddac8ea5b0c4788dc2ad202f3ccb2887742f?s=96&d=wp_user_avatar&r=g","contentUrl":"https:\/\/secure.gravatar.com\/avatar\/71f2fa71737ad68a84fea94bc708ddac8ea5b0c4788dc2ad202f3ccb2887742f?s=96&d=wp_user_avatar&r=g","caption":"Reda\u00e7\u00e3o JO"},"url":"https:\/\/jornaldasoficinas.com\/pt\/author\/joredacao\/"}]}},"_links":{"self":[{"href":"https:\/\/jornaldasoficinas.com\/pt\/wp-json\/wp\/v2\/posts\/116154","targetHints":{"allow":["GET"]}}],"collection":[{"href":"https:\/\/jornaldasoficinas.com\/pt\/wp-json\/wp\/v2\/posts"}],"about":[{"href":"https:\/\/jornaldasoficinas.com\/pt\/wp-json\/wp\/v2\/types\/post"}],"author":[{"embeddable":true,"href":"https:\/\/jornaldasoficinas.com\/pt\/wp-json\/wp\/v2\/users\/15"}],"replies":[{"embeddable":true,"href":"https:\/\/jornaldasoficinas.com\/pt\/wp-json\/wp\/v2\/comments?post=116154"}],"version-history":[{"count":8,"href":"https:\/\/jornaldasoficinas.com\/pt\/wp-json\/wp\/v2\/posts\/116154\/revisions"}],"predecessor-version":[{"id":116189,"href":"https:\/\/jornaldasoficinas.com\/pt\/wp-json\/wp\/v2\/posts\/116154\/revisions\/116189"}],"wp:featuredmedia":[{"embeddable":true,"href":"https:\/\/jornaldasoficinas.com\/pt\/wp-json\/wp\/v2\/media\/116185"}],"wp:attachment":[{"href":"https:\/\/jornaldasoficinas.com\/pt\/wp-json\/wp\/v2\/media?parent=116154"}],"wp:term":[{"taxonomy":"category","embeddable":true,"href":"https:\/\/jornaldasoficinas.com\/pt\/wp-json\/wp\/v2\/categories?post=116154"},{"taxonomy":"post_tag","embeddable":true,"href":"https:\/\/jornaldasoficinas.com\/pt\/wp-json\/wp\/v2\/tags?post=116154"}],"curies":[{"name":"wp","href":"https:\/\/api.w.org\/{rel}","templated":true}]}}