{"id":116160,"date":"2026-04-30T14:00:17","date_gmt":"2026-04-30T13:00:17","guid":{"rendered":"https:\/\/jornaldasoficinas.com\/pt\/?p=116160"},"modified":"2026-04-30T13:01:25","modified_gmt":"2026-04-30T12:01:25","slug":"atena-leva-arena-prime-a-expomecanica","status":"publish","type":"post","link":"https:\/\/jornaldasoficinas.com\/pt\/atena-leva-arena-prime-a-expomecanica\/","title":{"rendered":"Atena leva \u201cArena Prime\u201d \u00e0 expoMEC\u00c2NICA"},"content":{"rendered":"<p style=\"font-weight: 400;\"><strong><img loading=\"lazy\" decoding=\"async\" class=\"alignnone size-full wp-image-116166\" src=\"https:\/\/jornaldasoficinas.com\/pt\/wp-content\/uploads\/2026\/04\/Atena-leva-Arena-Prime-a-expoMECANICA.png\" alt=\"04 - Atena leva Arena Prime a expoMECANICA\" width=\"1024\" height=\"580\" srcset=\"https:\/\/jornaldasoficinas.com\/pt\/wp-content\/uploads\/2026\/04\/Atena-leva-Arena-Prime-a-expoMECANICA.png 1024w, https:\/\/jornaldasoficinas.com\/pt\/wp-content\/uploads\/2026\/04\/Atena-leva-Arena-Prime-a-expoMECANICA-300x170.png 300w, https:\/\/jornaldasoficinas.com\/pt\/wp-content\/uploads\/2026\/04\/Atena-leva-Arena-Prime-a-expoMECANICA-150x85.png 150w, https:\/\/jornaldasoficinas.com\/pt\/wp-content\/uploads\/2026\/04\/Atena-leva-Arena-Prime-a-expoMECANICA-768x435.png 768w\" sizes=\"auto, (max-width: 1024px) 100vw, 1024px\" \/><\/strong><\/p>\n<p style=\"font-weight: 400;\"><strong>A <a href=\"https:\/\/www.google.com\/url?sa=t&amp;source=web&amp;rct=j&amp;opi=89978449&amp;url=https:\/\/www.atena-ai.pt\/&amp;ved=2ahUKEwjFhKmkwJWUAxWah_0HHVWULsMQFnoECBkQAQ&amp;usg=AOvVaw1l9PHQeUjowXcX08Er9tNE\">Atena<\/a> leva \u201cArena Prime\u201d \u00e0 <a href=\"https:\/\/www.google.com\/url?sa=t&amp;source=web&amp;rct=j&amp;opi=89978449&amp;url=https:\/\/expomecanica.pt\/pt\/&amp;ved=2ahUKEwiw5fyuwJWUAxU0h_0HHSjTMFsQFnoECA0QAQ&amp;usg=AOvVaw2RT0JAVsE-fQBR8zlOnhhx\">expoMEC\u00c2NICA<\/a>, um desafio que vai colocar os Centros de Abate \u00e0 prova. Tr\u00eas equipas preparam-se para demonstrar a uni\u00e3o, a for\u00e7a e a t\u00e9cnica do setor em direto, num desafio in\u00e9dito que vai premiar a efici\u00eancia e o esp\u00edrito de equipa<\/strong><\/p>\n<p style=\"font-weight: 400;\">No pr\u00f3ximo dia 30 de maio, a expoMEC\u00c2NICA ser\u00e1 o palco da primeira edi\u00e7\u00e3o do Arena Prime. Esta competi\u00e7\u00e3o, criada pela Atena, vai colocar tr\u00eas centros de abate certificados (<a href=\"https:\/\/www.google.com\/aclk?sa=L&amp;ai=DChsSEwikru7ywJWUAxWgjYMHHZPMNR8YACICCAEQARoCZWY&amp;co=1&amp;gclid=EAIaIQobChMIpK7u8sCVlAMVoI2DBx2TzDUfEAAYASAAEgLYpvD_BwE&amp;sig=AOD64_1p2P4qm3emXNrtdj7_Vi1oObB7fw&amp;q&amp;adurl&amp;ved=2ahUKEwiwsejywJWUAxXMg_0HHS6vFloQ0Qx6BAgOEAQ\">LMeJ<\/a>, <a href=\"https:\/\/www.google.com\/url?sa=t&amp;source=web&amp;rct=j&amp;opi=89978449&amp;url=https:\/\/www.recife.com.pt\/pt&amp;ved=2ahUKEwjwi9v6wJWUAxXsgf0HHeIuI3QQFnoECBoQAQ&amp;usg=AOvVaw33ZI52ir3St7qEbCHDGCPm\">Recife<\/a> e <a href=\"https:\/\/www.google.com\/aclk?sa=L&amp;ai=DChsSEwjkg_eBwZWUAxWXkYMHHR68My0YACICCAEQAhoCZWY&amp;co=1&amp;gclid=EAIaIQobChMI5IP3gcGVlAMVl5GDBx0evDMtEAAYASAAEgKqTvD_BwE&amp;sig=AOD64_3EnyLXy-VzVTbmrvSabZN-XMjmGA&amp;q&amp;adurl&amp;ved=2ahUKEwjStPCBwZWUAxW18LsIHVbnJqYQ0Qx6BAgfEAE\">Servcarros<\/a>) frente a frente num desafio t\u00e9cnico ao vivo, pensado para mostrar ao p\u00fablico a realidade de um setor cada vez mais organizado, tecnol\u00f3gico e ambientalmente respons\u00e1vel.<\/p>\n<p style=\"font-weight: 400;\">Mais do que uma competi\u00e7\u00e3o, o Arena Prime nasce com um prop\u00f3sito claro: desmistificar o mercado das pe\u00e7as usadas e refor\u00e7ar a confian\u00e7a dos consumidores num ramo que trabalha diariamente com elevados padr\u00f5es de qualidade e sustentabilidade, assumindo um papel cada vez mais relevante na economia circular do setor auto.<\/p>\n<p style=\"font-weight: 400;\"><strong>Tr\u00eas horas de adrenalina, t\u00e9cnica e rigor<\/strong><\/p>\n<p style=\"font-weight: 400;\">Durante aproximadamente tr\u00eas horas, as equipas participantes ser\u00e3o desafiadas a desmantelar pe\u00e7as de um autom\u00f3vel e catalog\u00e1-las corretamente, colocando \u00e0 prova a sua rapidez, t\u00e9cnica e capacidade de organiza\u00e7\u00e3o.<\/p>\n<p style=\"font-weight: 400;\">Em pleno recinto da Exponor, o p\u00fablico poder\u00e1 acompanhar de perto o trabalho desenvolvido diariamente nos centros de abate certificados, percebendo o n\u00edvel de especializa\u00e7\u00e3o, cuidado, conhecimento t\u00e9cnico e efici\u00eancia que existe por detr\u00e1s de cada pe\u00e7a reutilizada.<\/p>\n<p style=\"font-weight: 400;\">Os centros concorrentes ir\u00e3o operar sob rigorosos crit\u00e9rios ambientais. O evento contar\u00e1, inclusive, com um espa\u00e7o de demonstra\u00e7\u00e3o dedicado ao processo de despolui\u00e7\u00e3o, onde estar\u00e3o identificados e expostos os diferentes l\u00edquidos e res\u00edduos retirados da viatura em prova.<\/p>\n<p style=\"font-weight: 400;\">Como incentivo adicional, todas as pe\u00e7as desmanteladas e catalogadas corretamente durante o desafio ser\u00e3o entregues aos pr\u00f3prios centros participantes, valorizando o seu desempenho pr\u00e1tico.<\/p>\n<p style=\"font-weight: 400;\">Com o apoio de parceiros ligados ao setor autom\u00f3vel, o Arena Prime promete ser um dos momentos de maior destaque da pr\u00f3xima edi\u00e7\u00e3o da expoMEC\u00c2NICA, dando visibilidade a um setor essencial para a sustentabilidade e para a economia circular.<\/p>\n<p style=\"font-weight: 400;\">\n","protected":false},"excerpt":{"rendered":"<p>A Atena leva \u201cArena Prime\u201d \u00e0&#8230;<\/p>\n","protected":false},"author":15,"featured_media":116166,"comment_status":"closed","ping_status":"closed","sticky":false,"template":"","format":"standard","meta":{"footnotes":""},"categories":[29],"tags":[15051,15050,3926,4058,78],"class_list":["post-116160","post","type-post","status-publish","format-standard","has-post-thumbnail","hentry","category-empresas","tag-arena-prime","tag-atena","tag-centros-de-abate","tag-competicao","tag-expomecanica"],"yoast_head":"<!-- This site is optimized with the Yoast SEO plugin v27.5 - https:\/\/yoast.com\/product\/yoast-seo-wordpress\/ -->\n<title>Atena leva \u201cArena Prime\u201d \u00e0 expoMEC\u00c2NICA - Jornal das Oficinas<\/title>\n<meta name=\"description\" content=\"A Atena leva \u201cArena Prime\u201d \u00e0 expoMEC\u00c2NICA, um desafio que vai colocar, tr\u00eas equipas, dos Centros de Abate \u00e0 prova\" \/>\n<meta name=\"robots\" content=\"index, follow, max-snippet:-1, max-image-preview:large, max-video-preview:-1\" \/>\n<link rel=\"canonical\" href=\"https:\/\/jornaldasoficinas.com\/pt\/atena-leva-arena-prime-a-expomecanica\/\" \/>\n<meta property=\"og:locale\" content=\"pt_PT\" \/>\n<meta property=\"og:type\" content=\"article\" \/>\n<meta property=\"og:title\" content=\"Atena leva \u201cArena Prime\u201d \u00e0 expoMEC\u00c2NICA - Jornal das Oficinas\" \/>\n<meta property=\"og:description\" content=\"A Atena leva \u201cArena Prime\u201d \u00e0 expoMEC\u00c2NICA, um desafio que vai colocar, tr\u00eas equipas, dos Centros de Abate \u00e0 prova\" \/>\n<meta property=\"og:url\" content=\"https:\/\/jornaldasoficinas.com\/pt\/atena-leva-arena-prime-a-expomecanica\/\" \/>\n<meta property=\"og:site_name\" content=\"Jornal das Oficinas\" \/>\n<meta property=\"article:publisher\" content=\"https:\/\/www.facebook.com\/jornaloficinas\" \/>\n<meta property=\"article:published_time\" content=\"2026-04-30T13:00:17+00:00\" \/>\n<meta property=\"og:image\" content=\"https:\/\/jornaldasoficinas.com\/pt\/wp-content\/uploads\/2026\/04\/Atena-leva-Arena-Prime-a-expoMECANICA.png\" \/>\n\t<meta property=\"og:image:width\" content=\"1024\" \/>\n\t<meta property=\"og:image:height\" content=\"580\" \/>\n\t<meta property=\"og:image:type\" content=\"image\/png\" \/>\n<meta name=\"author\" content=\"Reda\u00e7\u00e3o JO\" \/>\n<meta name=\"twitter:card\" content=\"summary_large_image\" \/>\n<meta name=\"twitter:creator\" content=\"@jornaloficinas\" \/>\n<meta name=\"twitter:site\" content=\"@jornaloficinas\" \/>\n<meta name=\"twitter:label1\" content=\"Escrito por\" \/>\n\t<meta name=\"twitter:data1\" content=\"Reda\u00e7\u00e3o JO\" \/>\n\t<meta name=\"twitter:label2\" content=\"Tempo estimado de leitura\" \/>\n\t<meta name=\"twitter:data2\" content=\"3 minutos\" \/>\n<script type=\"application\/ld+json\" class=\"yoast-schema-graph\">{\"@context\":\"https:\\\/\\\/schema.org\",\"@graph\":[{\"@type\":\"Article\",\"@id\":\"https:\\\/\\\/jornaldasoficinas.com\\\/pt\\\/atena-leva-arena-prime-a-expomecanica\\\/#article\",\"isPartOf\":{\"@id\":\"https:\\\/\\\/jornaldasoficinas.com\\\/pt\\\/atena-leva-arena-prime-a-expomecanica\\\/\"},\"author\":{\"name\":\"Reda\u00e7\u00e3o JO\",\"@id\":\"https:\\\/\\\/jornaldasoficinas.com\\\/pt\\\/#\\\/schema\\\/person\\\/a38eef5de2c41d9e7c9ac10141afddf3\"},\"headline\":\"Atena leva \u201cArena Prime\u201d \u00e0 expoMEC\u00c2NICA\",\"datePublished\":\"2026-04-30T13:00:17+00:00\",\"mainEntityOfPage\":{\"@id\":\"https:\\\/\\\/jornaldasoficinas.com\\\/pt\\\/atena-leva-arena-prime-a-expomecanica\\\/\"},\"wordCount\":388,\"publisher\":{\"@id\":\"https:\\\/\\\/jornaldasoficinas.com\\\/pt\\\/#organization\"},\"image\":{\"@id\":\"https:\\\/\\\/jornaldasoficinas.com\\\/pt\\\/atena-leva-arena-prime-a-expomecanica\\\/#primaryimage\"},\"thumbnailUrl\":\"https:\\\/\\\/jornaldasoficinas.com\\\/pt\\\/wp-content\\\/uploads\\\/2026\\\/04\\\/Atena-leva-Arena-Prime-a-expoMECANICA.png\",\"keywords\":[\"Arena Prime\",\"Atena\",\"Centros de abate\",\"Competi\u00e7\u00e3o\",\"expoMEC\u00c2NICA\"],\"articleSection\":[\"Empresas\"],\"inLanguage\":\"pt-PT\"},{\"@type\":\"WebPage\",\"@id\":\"https:\\\/\\\/jornaldasoficinas.com\\\/pt\\\/atena-leva-arena-prime-a-expomecanica\\\/\",\"url\":\"https:\\\/\\\/jornaldasoficinas.com\\\/pt\\\/atena-leva-arena-prime-a-expomecanica\\\/\",\"name\":\"Atena leva \u201cArena Prime\u201d \u00e0 expoMEC\u00c2NICA - Jornal das Oficinas\",\"isPartOf\":{\"@id\":\"https:\\\/\\\/jornaldasoficinas.com\\\/pt\\\/#website\"},\"primaryImageOfPage\":{\"@id\":\"https:\\\/\\\/jornaldasoficinas.com\\\/pt\\\/atena-leva-arena-prime-a-expomecanica\\\/#primaryimage\"},\"image\":{\"@id\":\"https:\\\/\\\/jornaldasoficinas.com\\\/pt\\\/atena-leva-arena-prime-a-expomecanica\\\/#primaryimage\"},\"thumbnailUrl\":\"https:\\\/\\\/jornaldasoficinas.com\\\/pt\\\/wp-content\\\/uploads\\\/2026\\\/04\\\/Atena-leva-Arena-Prime-a-expoMECANICA.png\",\"datePublished\":\"2026-04-30T13:00:17+00:00\",\"description\":\"A Atena leva \u201cArena Prime\u201d \u00e0 expoMEC\u00c2NICA, um desafio que vai colocar, tr\u00eas equipas, dos Centros de Abate \u00e0 prova\",\"breadcrumb\":{\"@id\":\"https:\\\/\\\/jornaldasoficinas.com\\\/pt\\\/atena-leva-arena-prime-a-expomecanica\\\/#breadcrumb\"},\"inLanguage\":\"pt-PT\",\"potentialAction\":[{\"@type\":\"ReadAction\",\"target\":[\"https:\\\/\\\/jornaldasoficinas.com\\\/pt\\\/atena-leva-arena-prime-a-expomecanica\\\/\"]}]},{\"@type\":\"ImageObject\",\"inLanguage\":\"pt-PT\",\"@id\":\"https:\\\/\\\/jornaldasoficinas.com\\\/pt\\\/atena-leva-arena-prime-a-expomecanica\\\/#primaryimage\",\"url\":\"https:\\\/\\\/jornaldasoficinas.com\\\/pt\\\/wp-content\\\/uploads\\\/2026\\\/04\\\/Atena-leva-Arena-Prime-a-expoMECANICA.png\",\"contentUrl\":\"https:\\\/\\\/jornaldasoficinas.com\\\/pt\\\/wp-content\\\/uploads\\\/2026\\\/04\\\/Atena-leva-Arena-Prime-a-expoMECANICA.png\",\"width\":1024,\"height\":580,\"caption\":\"04 - Atena leva Arena Prime a expoMECANICA\"},{\"@type\":\"BreadcrumbList\",\"@id\":\"https:\\\/\\\/jornaldasoficinas.com\\\/pt\\\/atena-leva-arena-prime-a-expomecanica\\\/#breadcrumb\",\"itemListElement\":[{\"@type\":\"ListItem\",\"position\":1,\"name\":\"In\u00edcio\",\"item\":\"https:\\\/\\\/jornaldasoficinas.com\\\/pt\\\/\"},{\"@type\":\"ListItem\",\"position\":2,\"name\":\"Atena leva \u201cArena Prime\u201d \u00e0 expoMEC\u00c2NICA\"}]},{\"@type\":\"WebSite\",\"@id\":\"https:\\\/\\\/jornaldasoficinas.com\\\/pt\\\/#website\",\"url\":\"https:\\\/\\\/jornaldasoficinas.com\\\/pt\\\/\",\"name\":\"Jornal das Oficinas\",\"description\":\"Jornal independente do Aftermarket Autom\u00f3vel em Portugal\",\"publisher\":{\"@id\":\"https:\\\/\\\/jornaldasoficinas.com\\\/pt\\\/#organization\"},\"potentialAction\":[{\"@type\":\"SearchAction\",\"target\":{\"@type\":\"EntryPoint\",\"urlTemplate\":\"https:\\\/\\\/jornaldasoficinas.com\\\/pt\\\/?s={search_term_string}\"},\"query-input\":{\"@type\":\"PropertyValueSpecification\",\"valueRequired\":true,\"valueName\":\"search_term_string\"}}],\"inLanguage\":\"pt-PT\"},{\"@type\":\"Organization\",\"@id\":\"https:\\\/\\\/jornaldasoficinas.com\\\/pt\\\/#organization\",\"name\":\"Jornal das Oficinas\",\"url\":\"https:\\\/\\\/jornaldasoficinas.com\\\/pt\\\/\",\"logo\":{\"@type\":\"ImageObject\",\"inLanguage\":\"pt-PT\",\"@id\":\"https:\\\/\\\/jornaldasoficinas.com\\\/pt\\\/#\\\/schema\\\/logo\\\/image\\\/\",\"url\":\"https:\\\/\\\/jornaldasoficinas.com\\\/pt\\\/wp-content\\\/uploads\\\/logoJO-SEO.png\",\"contentUrl\":\"https:\\\/\\\/jornaldasoficinas.com\\\/pt\\\/wp-content\\\/uploads\\\/logoJO-SEO.png\",\"width\":285,\"height\":450,\"caption\":\"Jornal das Oficinas\"},\"image\":{\"@id\":\"https:\\\/\\\/jornaldasoficinas.com\\\/pt\\\/#\\\/schema\\\/logo\\\/image\\\/\"},\"sameAs\":[\"https:\\\/\\\/www.facebook.com\\\/jornaloficinas\",\"https:\\\/\\\/x.com\\\/jornaloficinas\",\"https:\\\/\\\/www.instagram.com\\\/jornal_oficinas\\\/\",\"https:\\\/\\\/www.linkedin.com\\\/company\\\/jornal-das-oficinas\\\/\",\"https:\\\/\\\/www.youtube.com\\\/channel\\\/UCbQZBqtcvV-oSQrr7RzINGg\"]},{\"@type\":\"Person\",\"@id\":\"https:\\\/\\\/jornaldasoficinas.com\\\/pt\\\/#\\\/schema\\\/person\\\/a38eef5de2c41d9e7c9ac10141afddf3\",\"name\":\"Reda\u00e7\u00e3o JO\",\"image\":{\"@type\":\"ImageObject\",\"inLanguage\":\"pt-PT\",\"@id\":\"https:\\\/\\\/secure.gravatar.com\\\/avatar\\\/71f2fa71737ad68a84fea94bc708ddac8ea5b0c4788dc2ad202f3ccb2887742f?s=96&d=wp_user_avatar&r=g\",\"url\":\"https:\\\/\\\/secure.gravatar.com\\\/avatar\\\/71f2fa71737ad68a84fea94bc708ddac8ea5b0c4788dc2ad202f3ccb2887742f?s=96&d=wp_user_avatar&r=g\",\"contentUrl\":\"https:\\\/\\\/secure.gravatar.com\\\/avatar\\\/71f2fa71737ad68a84fea94bc708ddac8ea5b0c4788dc2ad202f3ccb2887742f?s=96&d=wp_user_avatar&r=g\",\"caption\":\"Reda\u00e7\u00e3o JO\"},\"url\":\"https:\\\/\\\/jornaldasoficinas.com\\\/pt\\\/author\\\/joredacao\\\/\"}]}<\/script>\n<!-- \/ Yoast SEO plugin. -->","yoast_head_json":{"title":"Atena leva \u201cArena Prime\u201d \u00e0 expoMEC\u00c2NICA - Jornal das Oficinas","description":"A Atena leva \u201cArena Prime\u201d \u00e0 expoMEC\u00c2NICA, um desafio que vai colocar, tr\u00eas equipas, dos Centros de Abate \u00e0 prova","robots":{"index":"index","follow":"follow","max-snippet":"max-snippet:-1","max-image-preview":"max-image-preview:large","max-video-preview":"max-video-preview:-1"},"canonical":"https:\/\/jornaldasoficinas.com\/pt\/atena-leva-arena-prime-a-expomecanica\/","og_locale":"pt_PT","og_type":"article","og_title":"Atena leva \u201cArena Prime\u201d \u00e0 expoMEC\u00c2NICA - Jornal das Oficinas","og_description":"A Atena leva \u201cArena Prime\u201d \u00e0 expoMEC\u00c2NICA, um desafio que vai colocar, tr\u00eas equipas, dos Centros de Abate \u00e0 prova","og_url":"https:\/\/jornaldasoficinas.com\/pt\/atena-leva-arena-prime-a-expomecanica\/","og_site_name":"Jornal das Oficinas","article_publisher":"https:\/\/www.facebook.com\/jornaloficinas","article_published_time":"2026-04-30T13:00:17+00:00","og_image":[{"width":1024,"height":580,"url":"https:\/\/jornaldasoficinas.com\/pt\/wp-content\/uploads\/2026\/04\/Atena-leva-Arena-Prime-a-expoMECANICA.png","type":"image\/png"}],"author":"Reda\u00e7\u00e3o JO","twitter_card":"summary_large_image","twitter_creator":"@jornaloficinas","twitter_site":"@jornaloficinas","twitter_misc":{"Escrito por":"Reda\u00e7\u00e3o JO","Tempo estimado de leitura":"3 minutos"},"schema":{"@context":"https:\/\/schema.org","@graph":[{"@type":"Article","@id":"https:\/\/jornaldasoficinas.com\/pt\/atena-leva-arena-prime-a-expomecanica\/#article","isPartOf":{"@id":"https:\/\/jornaldasoficinas.com\/pt\/atena-leva-arena-prime-a-expomecanica\/"},"author":{"name":"Reda\u00e7\u00e3o JO","@id":"https:\/\/jornaldasoficinas.com\/pt\/#\/schema\/person\/a38eef5de2c41d9e7c9ac10141afddf3"},"headline":"Atena leva \u201cArena Prime\u201d \u00e0 expoMEC\u00c2NICA","datePublished":"2026-04-30T13:00:17+00:00","mainEntityOfPage":{"@id":"https:\/\/jornaldasoficinas.com\/pt\/atena-leva-arena-prime-a-expomecanica\/"},"wordCount":388,"publisher":{"@id":"https:\/\/jornaldasoficinas.com\/pt\/#organization"},"image":{"@id":"https:\/\/jornaldasoficinas.com\/pt\/atena-leva-arena-prime-a-expomecanica\/#primaryimage"},"thumbnailUrl":"https:\/\/jornaldasoficinas.com\/pt\/wp-content\/uploads\/2026\/04\/Atena-leva-Arena-Prime-a-expoMECANICA.png","keywords":["Arena Prime","Atena","Centros de abate","Competi\u00e7\u00e3o","expoMEC\u00c2NICA"],"articleSection":["Empresas"],"inLanguage":"pt-PT"},{"@type":"WebPage","@id":"https:\/\/jornaldasoficinas.com\/pt\/atena-leva-arena-prime-a-expomecanica\/","url":"https:\/\/jornaldasoficinas.com\/pt\/atena-leva-arena-prime-a-expomecanica\/","name":"Atena leva \u201cArena Prime\u201d \u00e0 expoMEC\u00c2NICA - Jornal das Oficinas","isPartOf":{"@id":"https:\/\/jornaldasoficinas.com\/pt\/#website"},"primaryImageOfPage":{"@id":"https:\/\/jornaldasoficinas.com\/pt\/atena-leva-arena-prime-a-expomecanica\/#primaryimage"},"image":{"@id":"https:\/\/jornaldasoficinas.com\/pt\/atena-leva-arena-prime-a-expomecanica\/#primaryimage"},"thumbnailUrl":"https:\/\/jornaldasoficinas.com\/pt\/wp-content\/uploads\/2026\/04\/Atena-leva-Arena-Prime-a-expoMECANICA.png","datePublished":"2026-04-30T13:00:17+00:00","description":"A Atena leva \u201cArena Prime\u201d \u00e0 expoMEC\u00c2NICA, um desafio que vai colocar, tr\u00eas equipas, dos Centros de Abate \u00e0 prova","breadcrumb":{"@id":"https:\/\/jornaldasoficinas.com\/pt\/atena-leva-arena-prime-a-expomecanica\/#breadcrumb"},"inLanguage":"pt-PT","potentialAction":[{"@type":"ReadAction","target":["https:\/\/jornaldasoficinas.com\/pt\/atena-leva-arena-prime-a-expomecanica\/"]}]},{"@type":"ImageObject","inLanguage":"pt-PT","@id":"https:\/\/jornaldasoficinas.com\/pt\/atena-leva-arena-prime-a-expomecanica\/#primaryimage","url":"https:\/\/jornaldasoficinas.com\/pt\/wp-content\/uploads\/2026\/04\/Atena-leva-Arena-Prime-a-expoMECANICA.png","contentUrl":"https:\/\/jornaldasoficinas.com\/pt\/wp-content\/uploads\/2026\/04\/Atena-leva-Arena-Prime-a-expoMECANICA.png","width":1024,"height":580,"caption":"04 - Atena leva Arena Prime a expoMECANICA"},{"@type":"BreadcrumbList","@id":"https:\/\/jornaldasoficinas.com\/pt\/atena-leva-arena-prime-a-expomecanica\/#breadcrumb","itemListElement":[{"@type":"ListItem","position":1,"name":"In\u00edcio","item":"https:\/\/jornaldasoficinas.com\/pt\/"},{"@type":"ListItem","position":2,"name":"Atena leva \u201cArena Prime\u201d \u00e0 expoMEC\u00c2NICA"}]},{"@type":"WebSite","@id":"https:\/\/jornaldasoficinas.com\/pt\/#website","url":"https:\/\/jornaldasoficinas.com\/pt\/","name":"Jornal das Oficinas","description":"Jornal independente do Aftermarket Autom\u00f3vel em Portugal","publisher":{"@id":"https:\/\/jornaldasoficinas.com\/pt\/#organization"},"potentialAction":[{"@type":"SearchAction","target":{"@type":"EntryPoint","urlTemplate":"https:\/\/jornaldasoficinas.com\/pt\/?s={search_term_string}"},"query-input":{"@type":"PropertyValueSpecification","valueRequired":true,"valueName":"search_term_string"}}],"inLanguage":"pt-PT"},{"@type":"Organization","@id":"https:\/\/jornaldasoficinas.com\/pt\/#organization","name":"Jornal das Oficinas","url":"https:\/\/jornaldasoficinas.com\/pt\/","logo":{"@type":"ImageObject","inLanguage":"pt-PT","@id":"https:\/\/jornaldasoficinas.com\/pt\/#\/schema\/logo\/image\/","url":"https:\/\/jornaldasoficinas.com\/pt\/wp-content\/uploads\/logoJO-SEO.png","contentUrl":"https:\/\/jornaldasoficinas.com\/pt\/wp-content\/uploads\/logoJO-SEO.png","width":285,"height":450,"caption":"Jornal das Oficinas"},"image":{"@id":"https:\/\/jornaldasoficinas.com\/pt\/#\/schema\/logo\/image\/"},"sameAs":["https:\/\/www.facebook.com\/jornaloficinas","https:\/\/x.com\/jornaloficinas","https:\/\/www.instagram.com\/jornal_oficinas\/","https:\/\/www.linkedin.com\/company\/jornal-das-oficinas\/","https:\/\/www.youtube.com\/channel\/UCbQZBqtcvV-oSQrr7RzINGg"]},{"@type":"Person","@id":"https:\/\/jornaldasoficinas.com\/pt\/#\/schema\/person\/a38eef5de2c41d9e7c9ac10141afddf3","name":"Reda\u00e7\u00e3o JO","image":{"@type":"ImageObject","inLanguage":"pt-PT","@id":"https:\/\/secure.gravatar.com\/avatar\/71f2fa71737ad68a84fea94bc708ddac8ea5b0c4788dc2ad202f3ccb2887742f?s=96&d=wp_user_avatar&r=g","url":"https:\/\/secure.gravatar.com\/avatar\/71f2fa71737ad68a84fea94bc708ddac8ea5b0c4788dc2ad202f3ccb2887742f?s=96&d=wp_user_avatar&r=g","contentUrl":"https:\/\/secure.gravatar.com\/avatar\/71f2fa71737ad68a84fea94bc708ddac8ea5b0c4788dc2ad202f3ccb2887742f?s=96&d=wp_user_avatar&r=g","caption":"Reda\u00e7\u00e3o JO"},"url":"https:\/\/jornaldasoficinas.com\/pt\/author\/joredacao\/"}]}},"_links":{"self":[{"href":"https:\/\/jornaldasoficinas.com\/pt\/wp-json\/wp\/v2\/posts\/116160","targetHints":{"allow":["GET"]}}],"collection":[{"href":"https:\/\/jornaldasoficinas.com\/pt\/wp-json\/wp\/v2\/posts"}],"about":[{"href":"https:\/\/jornaldasoficinas.com\/pt\/wp-json\/wp\/v2\/types\/post"}],"author":[{"embeddable":true,"href":"https:\/\/jornaldasoficinas.com\/pt\/wp-json\/wp\/v2\/users\/15"}],"replies":[{"embeddable":true,"href":"https:\/\/jornaldasoficinas.com\/pt\/wp-json\/wp\/v2\/comments?post=116160"}],"version-history":[{"count":2,"href":"https:\/\/jornaldasoficinas.com\/pt\/wp-json\/wp\/v2\/posts\/116160\/revisions"}],"predecessor-version":[{"id":116169,"href":"https:\/\/jornaldasoficinas.com\/pt\/wp-json\/wp\/v2\/posts\/116160\/revisions\/116169"}],"wp:featuredmedia":[{"embeddable":true,"href":"https:\/\/jornaldasoficinas.com\/pt\/wp-json\/wp\/v2\/media\/116166"}],"wp:attachment":[{"href":"https:\/\/jornaldasoficinas.com\/pt\/wp-json\/wp\/v2\/media?parent=116160"}],"wp:term":[{"taxonomy":"category","embeddable":true,"href":"https:\/\/jornaldasoficinas.com\/pt\/wp-json\/wp\/v2\/categories?post=116160"},{"taxonomy":"post_tag","embeddable":true,"href":"https:\/\/jornaldasoficinas.com\/pt\/wp-json\/wp\/v2\/tags?post=116160"}],"curies":[{"name":"wp","href":"https:\/\/api.w.org\/{rel}","templated":true}]}}