{"id":116162,"date":"2026-04-30T18:00:28","date_gmt":"2026-04-30T17:00:28","guid":{"rendered":"https:\/\/jornaldasoficinas.com\/pt\/?p=116162"},"modified":"2026-04-30T13:00:32","modified_gmt":"2026-04-30T12:00:32","slug":"fuchs-apresenta-nova-estrategia-fuchs100","status":"publish","type":"post","link":"https:\/\/jornaldasoficinas.com\/pt\/fuchs-apresenta-nova-estrategia-fuchs100\/","title":{"rendered":"FUCHS apresenta nova estrat\u00e9gia FUCHS100"},"content":{"rendered":"<p style=\"font-weight: 400;\"><strong><img loading=\"lazy\" decoding=\"async\" class=\"alignnone size-full wp-image-116167\" src=\"https:\/\/jornaldasoficinas.com\/pt\/wp-content\/uploads\/2026\/04\/FUCHS-apresenta-nova-estrategia-FUCHS100.jpg\" alt=\"04 - FUCHS apresenta nova estrategia FUCHS100\" width=\"1024\" height=\"580\" srcset=\"https:\/\/jornaldasoficinas.com\/pt\/wp-content\/uploads\/2026\/04\/FUCHS-apresenta-nova-estrategia-FUCHS100.jpg 1024w, https:\/\/jornaldasoficinas.com\/pt\/wp-content\/uploads\/2026\/04\/FUCHS-apresenta-nova-estrategia-FUCHS100-300x170.jpg 300w, https:\/\/jornaldasoficinas.com\/pt\/wp-content\/uploads\/2026\/04\/FUCHS-apresenta-nova-estrategia-FUCHS100-150x85.jpg 150w, https:\/\/jornaldasoficinas.com\/pt\/wp-content\/uploads\/2026\/04\/FUCHS-apresenta-nova-estrategia-FUCHS100-768x435.jpg 768w\" sizes=\"auto, (max-width: 1024px) 100vw, 1024px\" \/><\/strong><\/p>\n<p style=\"font-weight: 400;\"><strong>Com a m\u00e1xima \u201cFOCUS TO WIN\u201d, a nova estrat\u00e9gia do Grupo <a href=\"https:\/\/www.google.com\/url?sa=t&amp;source=web&amp;rct=j&amp;opi=89978449&amp;url=https:\/\/www.fuchs.com\/pt\/pt\/&amp;ved=2ahUKEwidl87awZWUAxVSh_0HHX1tEVwQFnoECB0QAQ&amp;usg=AOvVaw2njU-6ybUWo56X5idjdZLJ\">FUCHS<\/a> centra-se em tr\u00eas \u00e1reas de atua\u00e7\u00e3o: Crescimento, Sustentabilidade e Pessoas. Apresentada em abril na sede em Mannheim\/ Alemanha, FUCHS100 faz refer\u00eancia ao 100.\u00ba anivers\u00e1rio, em 2031, do maior fabricante independente de lubrificantes do mundo<\/strong><\/p>\n<p style=\"font-weight: 400;\">A estrat\u00e9gia FUCHS100 d\u00e1 continuidade \u00e0 estrat\u00e9gia FUCHS2025, de forma evolutiva, e foca as \u00e1reas com maior potencial de crescimento, como definido na miss\u00e3o \u201cFOCUS TO WIN\u201d. Desta forma, quer refor\u00e7ar a posi\u00e7\u00e3o como empresa tecnol\u00f3gica com solu\u00e7\u00f5es de lubrifica\u00e7\u00e3o sustent\u00e1veis e personalizadas para as mais diversas aplica\u00e7\u00f5es.<\/p>\n<p style=\"font-weight: 400;\">Ao mesmo tempo, a FUCHS continua a promover a integra\u00e7\u00e3o de estruturas globais, regionais e locais. O objetivo \u00e9 fortalecer a proximidade com o cliente local, combin\u00e1-la com um alcance global e criar assim o fundamento para um crescimento rent\u00e1vel.<\/p>\n<p style=\"font-weight: 400;\"><strong>O Grupo definiu as seguintes metas financeiras at\u00e9 2031:<\/strong><\/p>\n<p style=\"font-weight: 400;\">&#8211; Volume de neg\u00f3cios na ordem dos 4,0 &#8211; 4,5 mil milh\u00f5es de euros<\/p>\n<p style=\"font-weight: 400;\">&#8211; EBIT na ordem dos 550-600 milh\u00f5es de euros<\/p>\n<p style=\"font-weight: 400;\">&#8211; Margem EBIT na ordem dos 13-15%<\/p>\n<p style=\"font-weight: 400;\">&#8211; Os objetivos de um aumento anual dos dividendos e de uma cash conversion rate of 0,8 j\u00e1 foram alcan\u00e7ados no ciclo estrat\u00e9gico FUCHS2025 e continuam v\u00e1lidos no \u00e2mbito da estrat\u00e9gia FUCHS100.<\/p>\n<p style=\"font-weight: 400;\">As metas est\u00e3o sujeitas \u00e0s condi\u00e7\u00f5es normais do mercado. Os objetivos a m\u00e9dio prazo baseiam-se nas taxas de c\u00e2mbio previstas para o final de 2025, bem como na expectativa de uma evolu\u00e7\u00e3o est\u00e1vel dos custos e pre\u00e7os das mat\u00e9rias-primas. As premissas e os progressos devem ser revistos anualmente para avalia\u00e7\u00e3o do impacto no alcance dos objetivos.<\/p>\n<p style=\"font-weight: 400;\"><strong>Din\u00e2mica do mercado e megatend\u00eancias abrem oportunidades de crescimento<\/strong><\/p>\n<p style=\"font-weight: 400;\">As solu\u00e7\u00f5es lubrificantes da FUCHS ajudam clientes em todo o mundo a tornar os seus processos mais eficientes e sustent\u00e1veis ao preservar os recursos e a alcan\u00e7ar \u201cmais com menos\u201d. Num contexto de crescimento da popula\u00e7\u00e3o mundial, megatend\u00eancias globais e tecnologias em r\u00e1pida evolu\u00e7\u00e3o, \u00e9 uma abordagem cada vez mais importante.<\/p>\n<p style=\"font-weight: 400;\">O mercado dos lubrificantes mant\u00e9m-se est\u00e1vel, ainda que em processo de diversifica\u00e7\u00e3o. Os requisitos t\u00e9cnicos e regulamentares est\u00e3o a aumentar tanto em segmentos de grande volume como em aplica\u00e7\u00f5es especializadas. Os clientes esperam solu\u00e7\u00f5es harmonizadas a n\u00edvel global com capacidade de adapta\u00e7\u00e3o local.<\/p>\n<p style=\"font-weight: 400;\">\u201cA din\u00e2mica do mercado e as megatend\u00eancias abrem-nos novas oportunidades de crescimento, precisamente nas \u00e1reas em que a FUCHS se destaca. Com a nossa vasta experi\u00eancia tecnol\u00f3gica em lubrificantes, um portef\u00f3lio amplamente diversificado e uma infraestrutura global com uma forte proximidade aos clientes locais, estamos excelentemente posicionados para atender, com sucesso, tanto mercados de grande volume como segmentos altamente especializados\u201d, afirma Timo Reister, diretor executivo adjunto da FUCHS SE e respons\u00e1vel pelo ciclo estrat\u00e9gico FUCHS100.<\/p>\n<p style=\"font-weight: 400;\">\n","protected":false},"excerpt":{"rendered":"<p>Com a m\u00e1xima \u201cFOCUS TO WIN\u201d,&#8230;<\/p>\n","protected":false},"author":15,"featured_media":116167,"comment_status":"closed","ping_status":"closed","sticky":false,"template":"","format":"standard","meta":{"footnotes":""},"categories":[29],"tags":[2781,277,15052,155,3123,15053,1767],"class_list":["post-116162","post","type-post","status-publish","format-standard","has-post-thumbnail","hentry","category-empresas","tag-crescimento","tag-fuchs","tag-fuchs100","tag-lubrificantes","tag-nova-estrategia","tag-pessoas","tag-sustentabilidade"],"yoast_head":"<!-- This site is optimized with the Yoast SEO plugin v27.5 - https:\/\/yoast.com\/product\/yoast-seo-wordpress\/ -->\n<title>FUCHS apresenta nova estrat\u00e9gia FUCHS100 - Jornal das Oficinas<\/title>\n<meta name=\"description\" content=\"Com a m\u00e1xima \u201cFOCUS TO WIN\u201d, a nova estrat\u00e9gia do Grupo FUCHS centra-se em tr\u00eas \u00e1reas de atua\u00e7\u00e3o: Crescimento, Sustentabilidade e Pessoas\" \/>\n<meta name=\"robots\" content=\"index, follow, max-snippet:-1, max-image-preview:large, max-video-preview:-1\" \/>\n<link rel=\"canonical\" href=\"https:\/\/jornaldasoficinas.com\/pt\/fuchs-apresenta-nova-estrategia-fuchs100\/\" \/>\n<meta property=\"og:locale\" content=\"pt_PT\" \/>\n<meta property=\"og:type\" content=\"article\" \/>\n<meta property=\"og:title\" content=\"FUCHS apresenta nova estrat\u00e9gia FUCHS100 - Jornal das Oficinas\" \/>\n<meta property=\"og:description\" content=\"Com a m\u00e1xima \u201cFOCUS TO WIN\u201d, a nova estrat\u00e9gia do Grupo FUCHS centra-se em tr\u00eas \u00e1reas de atua\u00e7\u00e3o: Crescimento, Sustentabilidade e Pessoas\" \/>\n<meta property=\"og:url\" content=\"https:\/\/jornaldasoficinas.com\/pt\/fuchs-apresenta-nova-estrategia-fuchs100\/\" \/>\n<meta property=\"og:site_name\" content=\"Jornal das Oficinas\" \/>\n<meta property=\"article:publisher\" content=\"https:\/\/www.facebook.com\/jornaloficinas\" \/>\n<meta property=\"article:published_time\" content=\"2026-04-30T17:00:28+00:00\" \/>\n<meta property=\"og:image\" content=\"https:\/\/jornaldasoficinas.com\/pt\/wp-content\/uploads\/2026\/04\/FUCHS-apresenta-nova-estrategia-FUCHS100.jpg\" \/>\n\t<meta property=\"og:image:width\" content=\"1024\" \/>\n\t<meta property=\"og:image:height\" content=\"580\" \/>\n\t<meta property=\"og:image:type\" content=\"image\/jpeg\" \/>\n<meta name=\"author\" content=\"Reda\u00e7\u00e3o JO\" \/>\n<meta name=\"twitter:card\" content=\"summary_large_image\" \/>\n<meta name=\"twitter:creator\" content=\"@jornaloficinas\" \/>\n<meta name=\"twitter:site\" content=\"@jornaloficinas\" \/>\n<meta name=\"twitter:label1\" content=\"Escrito por\" \/>\n\t<meta name=\"twitter:data1\" content=\"Reda\u00e7\u00e3o JO\" \/>\n\t<meta name=\"twitter:label2\" content=\"Tempo estimado de leitura\" \/>\n\t<meta name=\"twitter:data2\" content=\"3 minutos\" \/>\n<script type=\"application\/ld+json\" class=\"yoast-schema-graph\">{\"@context\":\"https:\\\/\\\/schema.org\",\"@graph\":[{\"@type\":\"Article\",\"@id\":\"https:\\\/\\\/jornaldasoficinas.com\\\/pt\\\/fuchs-apresenta-nova-estrategia-fuchs100\\\/#article\",\"isPartOf\":{\"@id\":\"https:\\\/\\\/jornaldasoficinas.com\\\/pt\\\/fuchs-apresenta-nova-estrategia-fuchs100\\\/\"},\"author\":{\"name\":\"Reda\u00e7\u00e3o JO\",\"@id\":\"https:\\\/\\\/jornaldasoficinas.com\\\/pt\\\/#\\\/schema\\\/person\\\/a38eef5de2c41d9e7c9ac10141afddf3\"},\"headline\":\"FUCHS apresenta nova estrat\u00e9gia FUCHS100\",\"datePublished\":\"2026-04-30T17:00:28+00:00\",\"mainEntityOfPage\":{\"@id\":\"https:\\\/\\\/jornaldasoficinas.com\\\/pt\\\/fuchs-apresenta-nova-estrategia-fuchs100\\\/\"},\"wordCount\":495,\"publisher\":{\"@id\":\"https:\\\/\\\/jornaldasoficinas.com\\\/pt\\\/#organization\"},\"image\":{\"@id\":\"https:\\\/\\\/jornaldasoficinas.com\\\/pt\\\/fuchs-apresenta-nova-estrategia-fuchs100\\\/#primaryimage\"},\"thumbnailUrl\":\"https:\\\/\\\/jornaldasoficinas.com\\\/pt\\\/wp-content\\\/uploads\\\/2026\\\/04\\\/FUCHS-apresenta-nova-estrategia-FUCHS100.jpg\",\"keywords\":[\"Crescimento\",\"Fuchs\",\"FUCHS100\",\"Lubrificantes\",\"nova estrat\u00e9gia\",\"pessoas\",\"Sustentabilidade\"],\"articleSection\":[\"Empresas\"],\"inLanguage\":\"pt-PT\"},{\"@type\":\"WebPage\",\"@id\":\"https:\\\/\\\/jornaldasoficinas.com\\\/pt\\\/fuchs-apresenta-nova-estrategia-fuchs100\\\/\",\"url\":\"https:\\\/\\\/jornaldasoficinas.com\\\/pt\\\/fuchs-apresenta-nova-estrategia-fuchs100\\\/\",\"name\":\"FUCHS apresenta nova estrat\u00e9gia FUCHS100 - Jornal das Oficinas\",\"isPartOf\":{\"@id\":\"https:\\\/\\\/jornaldasoficinas.com\\\/pt\\\/#website\"},\"primaryImageOfPage\":{\"@id\":\"https:\\\/\\\/jornaldasoficinas.com\\\/pt\\\/fuchs-apresenta-nova-estrategia-fuchs100\\\/#primaryimage\"},\"image\":{\"@id\":\"https:\\\/\\\/jornaldasoficinas.com\\\/pt\\\/fuchs-apresenta-nova-estrategia-fuchs100\\\/#primaryimage\"},\"thumbnailUrl\":\"https:\\\/\\\/jornaldasoficinas.com\\\/pt\\\/wp-content\\\/uploads\\\/2026\\\/04\\\/FUCHS-apresenta-nova-estrategia-FUCHS100.jpg\",\"datePublished\":\"2026-04-30T17:00:28+00:00\",\"description\":\"Com a m\u00e1xima \u201cFOCUS TO WIN\u201d, a nova estrat\u00e9gia do Grupo FUCHS centra-se em tr\u00eas \u00e1reas de atua\u00e7\u00e3o: Crescimento, Sustentabilidade e Pessoas\",\"breadcrumb\":{\"@id\":\"https:\\\/\\\/jornaldasoficinas.com\\\/pt\\\/fuchs-apresenta-nova-estrategia-fuchs100\\\/#breadcrumb\"},\"inLanguage\":\"pt-PT\",\"potentialAction\":[{\"@type\":\"ReadAction\",\"target\":[\"https:\\\/\\\/jornaldasoficinas.com\\\/pt\\\/fuchs-apresenta-nova-estrategia-fuchs100\\\/\"]}]},{\"@type\":\"ImageObject\",\"inLanguage\":\"pt-PT\",\"@id\":\"https:\\\/\\\/jornaldasoficinas.com\\\/pt\\\/fuchs-apresenta-nova-estrategia-fuchs100\\\/#primaryimage\",\"url\":\"https:\\\/\\\/jornaldasoficinas.com\\\/pt\\\/wp-content\\\/uploads\\\/2026\\\/04\\\/FUCHS-apresenta-nova-estrategia-FUCHS100.jpg\",\"contentUrl\":\"https:\\\/\\\/jornaldasoficinas.com\\\/pt\\\/wp-content\\\/uploads\\\/2026\\\/04\\\/FUCHS-apresenta-nova-estrategia-FUCHS100.jpg\",\"width\":1024,\"height\":580,\"caption\":\"04 - FUCHS apresenta nova estrategia FUCHS100\"},{\"@type\":\"BreadcrumbList\",\"@id\":\"https:\\\/\\\/jornaldasoficinas.com\\\/pt\\\/fuchs-apresenta-nova-estrategia-fuchs100\\\/#breadcrumb\",\"itemListElement\":[{\"@type\":\"ListItem\",\"position\":1,\"name\":\"In\u00edcio\",\"item\":\"https:\\\/\\\/jornaldasoficinas.com\\\/pt\\\/\"},{\"@type\":\"ListItem\",\"position\":2,\"name\":\"FUCHS apresenta nova estrat\u00e9gia FUCHS100\"}]},{\"@type\":\"WebSite\",\"@id\":\"https:\\\/\\\/jornaldasoficinas.com\\\/pt\\\/#website\",\"url\":\"https:\\\/\\\/jornaldasoficinas.com\\\/pt\\\/\",\"name\":\"Jornal das Oficinas\",\"description\":\"Jornal independente do Aftermarket Autom\u00f3vel em Portugal\",\"publisher\":{\"@id\":\"https:\\\/\\\/jornaldasoficinas.com\\\/pt\\\/#organization\"},\"potentialAction\":[{\"@type\":\"SearchAction\",\"target\":{\"@type\":\"EntryPoint\",\"urlTemplate\":\"https:\\\/\\\/jornaldasoficinas.com\\\/pt\\\/?s={search_term_string}\"},\"query-input\":{\"@type\":\"PropertyValueSpecification\",\"valueRequired\":true,\"valueName\":\"search_term_string\"}}],\"inLanguage\":\"pt-PT\"},{\"@type\":\"Organization\",\"@id\":\"https:\\\/\\\/jornaldasoficinas.com\\\/pt\\\/#organization\",\"name\":\"Jornal das Oficinas\",\"url\":\"https:\\\/\\\/jornaldasoficinas.com\\\/pt\\\/\",\"logo\":{\"@type\":\"ImageObject\",\"inLanguage\":\"pt-PT\",\"@id\":\"https:\\\/\\\/jornaldasoficinas.com\\\/pt\\\/#\\\/schema\\\/logo\\\/image\\\/\",\"url\":\"https:\\\/\\\/jornaldasoficinas.com\\\/pt\\\/wp-content\\\/uploads\\\/logoJO-SEO.png\",\"contentUrl\":\"https:\\\/\\\/jornaldasoficinas.com\\\/pt\\\/wp-content\\\/uploads\\\/logoJO-SEO.png\",\"width\":285,\"height\":450,\"caption\":\"Jornal das Oficinas\"},\"image\":{\"@id\":\"https:\\\/\\\/jornaldasoficinas.com\\\/pt\\\/#\\\/schema\\\/logo\\\/image\\\/\"},\"sameAs\":[\"https:\\\/\\\/www.facebook.com\\\/jornaloficinas\",\"https:\\\/\\\/x.com\\\/jornaloficinas\",\"https:\\\/\\\/www.instagram.com\\\/jornal_oficinas\\\/\",\"https:\\\/\\\/www.linkedin.com\\\/company\\\/jornal-das-oficinas\\\/\",\"https:\\\/\\\/www.youtube.com\\\/channel\\\/UCbQZBqtcvV-oSQrr7RzINGg\"]},{\"@type\":\"Person\",\"@id\":\"https:\\\/\\\/jornaldasoficinas.com\\\/pt\\\/#\\\/schema\\\/person\\\/a38eef5de2c41d9e7c9ac10141afddf3\",\"name\":\"Reda\u00e7\u00e3o JO\",\"image\":{\"@type\":\"ImageObject\",\"inLanguage\":\"pt-PT\",\"@id\":\"https:\\\/\\\/secure.gravatar.com\\\/avatar\\\/71f2fa71737ad68a84fea94bc708ddac8ea5b0c4788dc2ad202f3ccb2887742f?s=96&d=wp_user_avatar&r=g\",\"url\":\"https:\\\/\\\/secure.gravatar.com\\\/avatar\\\/71f2fa71737ad68a84fea94bc708ddac8ea5b0c4788dc2ad202f3ccb2887742f?s=96&d=wp_user_avatar&r=g\",\"contentUrl\":\"https:\\\/\\\/secure.gravatar.com\\\/avatar\\\/71f2fa71737ad68a84fea94bc708ddac8ea5b0c4788dc2ad202f3ccb2887742f?s=96&d=wp_user_avatar&r=g\",\"caption\":\"Reda\u00e7\u00e3o JO\"},\"url\":\"https:\\\/\\\/jornaldasoficinas.com\\\/pt\\\/author\\\/joredacao\\\/\"}]}<\/script>\n<!-- \/ Yoast SEO plugin. -->","yoast_head_json":{"title":"FUCHS apresenta nova estrat\u00e9gia FUCHS100 - Jornal das Oficinas","description":"Com a m\u00e1xima \u201cFOCUS TO WIN\u201d, a nova estrat\u00e9gia do Grupo FUCHS centra-se em tr\u00eas \u00e1reas de atua\u00e7\u00e3o: Crescimento, Sustentabilidade e Pessoas","robots":{"index":"index","follow":"follow","max-snippet":"max-snippet:-1","max-image-preview":"max-image-preview:large","max-video-preview":"max-video-preview:-1"},"canonical":"https:\/\/jornaldasoficinas.com\/pt\/fuchs-apresenta-nova-estrategia-fuchs100\/","og_locale":"pt_PT","og_type":"article","og_title":"FUCHS apresenta nova estrat\u00e9gia FUCHS100 - Jornal das Oficinas","og_description":"Com a m\u00e1xima \u201cFOCUS TO WIN\u201d, a nova estrat\u00e9gia do Grupo FUCHS centra-se em tr\u00eas \u00e1reas de atua\u00e7\u00e3o: Crescimento, Sustentabilidade e Pessoas","og_url":"https:\/\/jornaldasoficinas.com\/pt\/fuchs-apresenta-nova-estrategia-fuchs100\/","og_site_name":"Jornal das Oficinas","article_publisher":"https:\/\/www.facebook.com\/jornaloficinas","article_published_time":"2026-04-30T17:00:28+00:00","og_image":[{"width":1024,"height":580,"url":"https:\/\/jornaldasoficinas.com\/pt\/wp-content\/uploads\/2026\/04\/FUCHS-apresenta-nova-estrategia-FUCHS100.jpg","type":"image\/jpeg"}],"author":"Reda\u00e7\u00e3o JO","twitter_card":"summary_large_image","twitter_creator":"@jornaloficinas","twitter_site":"@jornaloficinas","twitter_misc":{"Escrito por":"Reda\u00e7\u00e3o JO","Tempo estimado de leitura":"3 minutos"},"schema":{"@context":"https:\/\/schema.org","@graph":[{"@type":"Article","@id":"https:\/\/jornaldasoficinas.com\/pt\/fuchs-apresenta-nova-estrategia-fuchs100\/#article","isPartOf":{"@id":"https:\/\/jornaldasoficinas.com\/pt\/fuchs-apresenta-nova-estrategia-fuchs100\/"},"author":{"name":"Reda\u00e7\u00e3o JO","@id":"https:\/\/jornaldasoficinas.com\/pt\/#\/schema\/person\/a38eef5de2c41d9e7c9ac10141afddf3"},"headline":"FUCHS apresenta nova estrat\u00e9gia FUCHS100","datePublished":"2026-04-30T17:00:28+00:00","mainEntityOfPage":{"@id":"https:\/\/jornaldasoficinas.com\/pt\/fuchs-apresenta-nova-estrategia-fuchs100\/"},"wordCount":495,"publisher":{"@id":"https:\/\/jornaldasoficinas.com\/pt\/#organization"},"image":{"@id":"https:\/\/jornaldasoficinas.com\/pt\/fuchs-apresenta-nova-estrategia-fuchs100\/#primaryimage"},"thumbnailUrl":"https:\/\/jornaldasoficinas.com\/pt\/wp-content\/uploads\/2026\/04\/FUCHS-apresenta-nova-estrategia-FUCHS100.jpg","keywords":["Crescimento","Fuchs","FUCHS100","Lubrificantes","nova estrat\u00e9gia","pessoas","Sustentabilidade"],"articleSection":["Empresas"],"inLanguage":"pt-PT"},{"@type":"WebPage","@id":"https:\/\/jornaldasoficinas.com\/pt\/fuchs-apresenta-nova-estrategia-fuchs100\/","url":"https:\/\/jornaldasoficinas.com\/pt\/fuchs-apresenta-nova-estrategia-fuchs100\/","name":"FUCHS apresenta nova estrat\u00e9gia FUCHS100 - Jornal das Oficinas","isPartOf":{"@id":"https:\/\/jornaldasoficinas.com\/pt\/#website"},"primaryImageOfPage":{"@id":"https:\/\/jornaldasoficinas.com\/pt\/fuchs-apresenta-nova-estrategia-fuchs100\/#primaryimage"},"image":{"@id":"https:\/\/jornaldasoficinas.com\/pt\/fuchs-apresenta-nova-estrategia-fuchs100\/#primaryimage"},"thumbnailUrl":"https:\/\/jornaldasoficinas.com\/pt\/wp-content\/uploads\/2026\/04\/FUCHS-apresenta-nova-estrategia-FUCHS100.jpg","datePublished":"2026-04-30T17:00:28+00:00","description":"Com a m\u00e1xima \u201cFOCUS TO WIN\u201d, a nova estrat\u00e9gia do Grupo FUCHS centra-se em tr\u00eas \u00e1reas de atua\u00e7\u00e3o: Crescimento, Sustentabilidade e Pessoas","breadcrumb":{"@id":"https:\/\/jornaldasoficinas.com\/pt\/fuchs-apresenta-nova-estrategia-fuchs100\/#breadcrumb"},"inLanguage":"pt-PT","potentialAction":[{"@type":"ReadAction","target":["https:\/\/jornaldasoficinas.com\/pt\/fuchs-apresenta-nova-estrategia-fuchs100\/"]}]},{"@type":"ImageObject","inLanguage":"pt-PT","@id":"https:\/\/jornaldasoficinas.com\/pt\/fuchs-apresenta-nova-estrategia-fuchs100\/#primaryimage","url":"https:\/\/jornaldasoficinas.com\/pt\/wp-content\/uploads\/2026\/04\/FUCHS-apresenta-nova-estrategia-FUCHS100.jpg","contentUrl":"https:\/\/jornaldasoficinas.com\/pt\/wp-content\/uploads\/2026\/04\/FUCHS-apresenta-nova-estrategia-FUCHS100.jpg","width":1024,"height":580,"caption":"04 - FUCHS apresenta nova estrategia FUCHS100"},{"@type":"BreadcrumbList","@id":"https:\/\/jornaldasoficinas.com\/pt\/fuchs-apresenta-nova-estrategia-fuchs100\/#breadcrumb","itemListElement":[{"@type":"ListItem","position":1,"name":"In\u00edcio","item":"https:\/\/jornaldasoficinas.com\/pt\/"},{"@type":"ListItem","position":2,"name":"FUCHS apresenta nova estrat\u00e9gia FUCHS100"}]},{"@type":"WebSite","@id":"https:\/\/jornaldasoficinas.com\/pt\/#website","url":"https:\/\/jornaldasoficinas.com\/pt\/","name":"Jornal das Oficinas","description":"Jornal independente do Aftermarket Autom\u00f3vel em Portugal","publisher":{"@id":"https:\/\/jornaldasoficinas.com\/pt\/#organization"},"potentialAction":[{"@type":"SearchAction","target":{"@type":"EntryPoint","urlTemplate":"https:\/\/jornaldasoficinas.com\/pt\/?s={search_term_string}"},"query-input":{"@type":"PropertyValueSpecification","valueRequired":true,"valueName":"search_term_string"}}],"inLanguage":"pt-PT"},{"@type":"Organization","@id":"https:\/\/jornaldasoficinas.com\/pt\/#organization","name":"Jornal das Oficinas","url":"https:\/\/jornaldasoficinas.com\/pt\/","logo":{"@type":"ImageObject","inLanguage":"pt-PT","@id":"https:\/\/jornaldasoficinas.com\/pt\/#\/schema\/logo\/image\/","url":"https:\/\/jornaldasoficinas.com\/pt\/wp-content\/uploads\/logoJO-SEO.png","contentUrl":"https:\/\/jornaldasoficinas.com\/pt\/wp-content\/uploads\/logoJO-SEO.png","width":285,"height":450,"caption":"Jornal das Oficinas"},"image":{"@id":"https:\/\/jornaldasoficinas.com\/pt\/#\/schema\/logo\/image\/"},"sameAs":["https:\/\/www.facebook.com\/jornaloficinas","https:\/\/x.com\/jornaloficinas","https:\/\/www.instagram.com\/jornal_oficinas\/","https:\/\/www.linkedin.com\/company\/jornal-das-oficinas\/","https:\/\/www.youtube.com\/channel\/UCbQZBqtcvV-oSQrr7RzINGg"]},{"@type":"Person","@id":"https:\/\/jornaldasoficinas.com\/pt\/#\/schema\/person\/a38eef5de2c41d9e7c9ac10141afddf3","name":"Reda\u00e7\u00e3o JO","image":{"@type":"ImageObject","inLanguage":"pt-PT","@id":"https:\/\/secure.gravatar.com\/avatar\/71f2fa71737ad68a84fea94bc708ddac8ea5b0c4788dc2ad202f3ccb2887742f?s=96&d=wp_user_avatar&r=g","url":"https:\/\/secure.gravatar.com\/avatar\/71f2fa71737ad68a84fea94bc708ddac8ea5b0c4788dc2ad202f3ccb2887742f?s=96&d=wp_user_avatar&r=g","contentUrl":"https:\/\/secure.gravatar.com\/avatar\/71f2fa71737ad68a84fea94bc708ddac8ea5b0c4788dc2ad202f3ccb2887742f?s=96&d=wp_user_avatar&r=g","caption":"Reda\u00e7\u00e3o JO"},"url":"https:\/\/jornaldasoficinas.com\/pt\/author\/joredacao\/"}]}},"_links":{"self":[{"href":"https:\/\/jornaldasoficinas.com\/pt\/wp-json\/wp\/v2\/posts\/116162","targetHints":{"allow":["GET"]}}],"collection":[{"href":"https:\/\/jornaldasoficinas.com\/pt\/wp-json\/wp\/v2\/posts"}],"about":[{"href":"https:\/\/jornaldasoficinas.com\/pt\/wp-json\/wp\/v2\/types\/post"}],"author":[{"embeddable":true,"href":"https:\/\/jornaldasoficinas.com\/pt\/wp-json\/wp\/v2\/users\/15"}],"replies":[{"embeddable":true,"href":"https:\/\/jornaldasoficinas.com\/pt\/wp-json\/wp\/v2\/comments?post=116162"}],"version-history":[{"count":2,"href":"https:\/\/jornaldasoficinas.com\/pt\/wp-json\/wp\/v2\/posts\/116162\/revisions"}],"predecessor-version":[{"id":116168,"href":"https:\/\/jornaldasoficinas.com\/pt\/wp-json\/wp\/v2\/posts\/116162\/revisions\/116168"}],"wp:featuredmedia":[{"embeddable":true,"href":"https:\/\/jornaldasoficinas.com\/pt\/wp-json\/wp\/v2\/media\/116167"}],"wp:attachment":[{"href":"https:\/\/jornaldasoficinas.com\/pt\/wp-json\/wp\/v2\/media?parent=116162"}],"wp:term":[{"taxonomy":"category","embeddable":true,"href":"https:\/\/jornaldasoficinas.com\/pt\/wp-json\/wp\/v2\/categories?post=116162"},{"taxonomy":"post_tag","embeddable":true,"href":"https:\/\/jornaldasoficinas.com\/pt\/wp-json\/wp\/v2\/tags?post=116162"}],"curies":[{"name":"wp","href":"https:\/\/api.w.org\/{rel}","templated":true}]}}