{"id":11743,"date":"2020-03-28T15:30:28","date_gmt":"2020-03-28T15:30:28","guid":{"rendered":"https:\/\/jornaldasoficinas.com\/pt\/?p=11743"},"modified":"2020-03-28T15:30:28","modified_gmt":"2020-03-28T15:30:28","slug":"linha-tecnica-da-bosch-automotive-aftermarket-apoia-oficinas-em-espanha","status":"publish","type":"post","link":"https:\/\/jornaldasoficinas.com\/pt\/linha-tecnica-da-bosch-automotive-aftermarket-apoia-oficinas-em-espanha\/","title":{"rendered":"Linha t\u00e9cnica da Bosch Automotive Aftermarket apoia oficinas em Espanha"},"content":{"rendered":"<p><img loading=\"lazy\" decoding=\"async\" class=\"alignnone wp-image-11744 size-full\" src=\"https:\/\/jornaldasoficinas.com\/pt\/wp-content\/uploads\/2020\/03\/boschcovidespanha.png\" alt=\"03 - boschcovidespanha\" width=\"1024\" height=\"581\" srcset=\"https:\/\/jornaldasoficinas.com\/pt\/wp-content\/uploads\/2020\/03\/boschcovidespanha.png 1024w, https:\/\/jornaldasoficinas.com\/pt\/wp-content\/uploads\/2020\/03\/boschcovidespanha-300x170.png 300w, https:\/\/jornaldasoficinas.com\/pt\/wp-content\/uploads\/2020\/03\/boschcovidespanha-150x85.png 150w, https:\/\/jornaldasoficinas.com\/pt\/wp-content\/uploads\/2020\/03\/boschcovidespanha-768x436.png 768w\" sizes=\"auto, (max-width: 1024px) 100vw, 1024px\" \/><\/p>\n<p><strong>Ciente do papel fundamental das transportadoras durante o Estado de Emerg\u00eancia causado pelo Covid-19, a Bosch est\u00e1 a disponibilizar a sua linha t\u00e9cnica para as oficinas espanholas, a fim de resolver qualquer repara\u00e7\u00e3o complicada com a m\u00e1xima urg\u00eancia.<\/strong><\/p>\n<p>A Bosch adota esta medida social durante este per\u00edodo para garantir que, sempre que poss\u00edvel, n\u00e3o existam cami\u00f5es ou comerciais de entrega que fiquem imobilizados, numa altura em que \u00e9 essencial que os abastecimentos cheguem a tempo aos seus destinos.<\/p>\n<p>N\u00e3o menos importante, \u00e9 garantir que todos os ve\u00edculos essenciais de frotas, como ambul\u00e2ncias, ve\u00edculos oficiais e for\u00e7as de seguran\u00e7a, circulem normalmente nas estradas.<\/p>\n<p>As oficinas em Espanha que estiverem interessadas em usufruir deste servi\u00e7o de assist\u00eancia t\u00e9cnica da Bosch, apenas t\u00eam de enviar um <em>email<\/em> para <a href=\"mailto:hotline.industrial@es.bosch.com\" target=\"_blank\" rel=\"noopener noreferrer\">hotline.industrial@es.bosch.com<\/a>, onde ser\u00e3o informadas acerca dos n\u00fameros de telefone a utilizar e a quem se devem dirigir para realizar uma consulta.<\/p>\n<p>O servi\u00e7o de suporte t\u00e9cnico da <a href=\"http:\/\/es.bosch-automotive.com\/es\/internet\/parts\/equipos_y_diagnosis\/basic_type_12_4_4_18.html\" target=\"_blank\" rel=\"noopener noreferrer\">Bosch Automotive Aftermarket<\/a> est\u00e1 totalmente operacional em Espanha nos seguintes horas: segunda a sexta das 8h \u00e0s 20h; s\u00e1bados das 9h \u00e0s 13h.<\/p>\n<p>Ao mesmo tempo, a equipa de atendimento ao cliente da Bosch Automotive Aftermarket trabalha com total normalidade para atender pedidos e fornecer pe\u00e7as de reposi\u00e7\u00e3o e equipamentos necess\u00e1rios para oficinas atrav\u00e9s da distribui\u00e7\u00e3o.<\/p>\n","protected":false},"excerpt":{"rendered":"<p>Ciente do papel fundamental das transportadoras&#8230;<\/p>\n","protected":false},"author":15,"featured_media":11744,"comment_status":"closed","ping_status":"closed","sticky":false,"template":"","format":"standard","meta":{"footnotes":""},"categories":[29],"tags":[123,243,1790,1789],"class_list":["post-11743","post","type-post","status-publish","format-standard","has-post-thumbnail","hentry","category-empresas","tag-bosch","tag-bosch-automotive-aftermarket","tag-coronavirus","tag-covid-19"],"yoast_head":"<!-- This site is optimized with the Yoast SEO plugin v27.4 - https:\/\/yoast.com\/product\/yoast-seo-wordpress\/ -->\n<title>Linha t\u00e9cnica da Bosch Automotive Aftermarket apoia oficinas em Espanha - Jornal das Oficinas<\/title>\n<meta name=\"robots\" content=\"index, follow, max-snippet:-1, max-image-preview:large, max-video-preview:-1\" \/>\n<link rel=\"canonical\" href=\"https:\/\/jornaldasoficinas.com\/pt\/linha-tecnica-da-bosch-automotive-aftermarket-apoia-oficinas-em-espanha\/\" \/>\n<meta property=\"og:locale\" content=\"pt_PT\" \/>\n<meta property=\"og:type\" content=\"article\" \/>\n<meta property=\"og:title\" content=\"Linha t\u00e9cnica da Bosch Automotive Aftermarket apoia oficinas em Espanha - Jornal das Oficinas\" \/>\n<meta property=\"og:description\" content=\"Ciente do papel fundamental das transportadoras...\" \/>\n<meta property=\"og:url\" content=\"https:\/\/jornaldasoficinas.com\/pt\/linha-tecnica-da-bosch-automotive-aftermarket-apoia-oficinas-em-espanha\/\" \/>\n<meta property=\"og:site_name\" content=\"Jornal das Oficinas\" \/>\n<meta property=\"article:publisher\" content=\"https:\/\/www.facebook.com\/jornaloficinas\" \/>\n<meta property=\"article:published_time\" content=\"2020-03-28T15:30:28+00:00\" \/>\n<meta property=\"og:image\" content=\"https:\/\/jornaldasoficinas.com\/pt\/wp-content\/uploads\/2020\/03\/boschcovidespanha.png\" \/>\n\t<meta property=\"og:image:width\" content=\"1024\" \/>\n\t<meta property=\"og:image:height\" content=\"581\" \/>\n\t<meta property=\"og:image:type\" content=\"image\/png\" \/>\n<meta name=\"author\" content=\"Reda\u00e7\u00e3o JO\" \/>\n<meta name=\"twitter:card\" content=\"summary_large_image\" \/>\n<meta name=\"twitter:creator\" content=\"@jornaloficinas\" \/>\n<meta name=\"twitter:site\" content=\"@jornaloficinas\" \/>\n<meta name=\"twitter:label1\" content=\"Escrito por\" \/>\n\t<meta name=\"twitter:data1\" content=\"Reda\u00e7\u00e3o JO\" \/>\n\t<meta name=\"twitter:label2\" content=\"Tempo estimado de leitura\" \/>\n\t<meta name=\"twitter:data2\" content=\"1 minuto\" \/>\n<script type=\"application\/ld+json\" class=\"yoast-schema-graph\">{\"@context\":\"https:\\\/\\\/schema.org\",\"@graph\":[{\"@type\":\"Article\",\"@id\":\"https:\\\/\\\/jornaldasoficinas.com\\\/pt\\\/linha-tecnica-da-bosch-automotive-aftermarket-apoia-oficinas-em-espanha\\\/#article\",\"isPartOf\":{\"@id\":\"https:\\\/\\\/jornaldasoficinas.com\\\/pt\\\/linha-tecnica-da-bosch-automotive-aftermarket-apoia-oficinas-em-espanha\\\/\"},\"author\":{\"name\":\"Reda\u00e7\u00e3o JO\",\"@id\":\"https:\\\/\\\/jornaldasoficinas.com\\\/pt\\\/#\\\/schema\\\/person\\\/a38eef5de2c41d9e7c9ac10141afddf3\"},\"headline\":\"Linha t\u00e9cnica da Bosch Automotive Aftermarket apoia oficinas em Espanha\",\"datePublished\":\"2020-03-28T15:30:28+00:00\",\"mainEntityOfPage\":{\"@id\":\"https:\\\/\\\/jornaldasoficinas.com\\\/pt\\\/linha-tecnica-da-bosch-automotive-aftermarket-apoia-oficinas-em-espanha\\\/\"},\"wordCount\":250,\"publisher\":{\"@id\":\"https:\\\/\\\/jornaldasoficinas.com\\\/pt\\\/#organization\"},\"image\":{\"@id\":\"https:\\\/\\\/jornaldasoficinas.com\\\/pt\\\/linha-tecnica-da-bosch-automotive-aftermarket-apoia-oficinas-em-espanha\\\/#primaryimage\"},\"thumbnailUrl\":\"https:\\\/\\\/jornaldasoficinas.com\\\/pt\\\/wp-content\\\/uploads\\\/2020\\\/03\\\/boschcovidespanha.png\",\"keywords\":[\"Bosch\",\"Bosch Automotive Aftermarket\",\"Coronav\u00edrus\",\"COVID-19\"],\"articleSection\":[\"Empresas\"],\"inLanguage\":\"pt-PT\"},{\"@type\":\"WebPage\",\"@id\":\"https:\\\/\\\/jornaldasoficinas.com\\\/pt\\\/linha-tecnica-da-bosch-automotive-aftermarket-apoia-oficinas-em-espanha\\\/\",\"url\":\"https:\\\/\\\/jornaldasoficinas.com\\\/pt\\\/linha-tecnica-da-bosch-automotive-aftermarket-apoia-oficinas-em-espanha\\\/\",\"name\":\"Linha t\u00e9cnica da Bosch Automotive Aftermarket apoia oficinas em Espanha - Jornal das Oficinas\",\"isPartOf\":{\"@id\":\"https:\\\/\\\/jornaldasoficinas.com\\\/pt\\\/#website\"},\"primaryImageOfPage\":{\"@id\":\"https:\\\/\\\/jornaldasoficinas.com\\\/pt\\\/linha-tecnica-da-bosch-automotive-aftermarket-apoia-oficinas-em-espanha\\\/#primaryimage\"},\"image\":{\"@id\":\"https:\\\/\\\/jornaldasoficinas.com\\\/pt\\\/linha-tecnica-da-bosch-automotive-aftermarket-apoia-oficinas-em-espanha\\\/#primaryimage\"},\"thumbnailUrl\":\"https:\\\/\\\/jornaldasoficinas.com\\\/pt\\\/wp-content\\\/uploads\\\/2020\\\/03\\\/boschcovidespanha.png\",\"datePublished\":\"2020-03-28T15:30:28+00:00\",\"breadcrumb\":{\"@id\":\"https:\\\/\\\/jornaldasoficinas.com\\\/pt\\\/linha-tecnica-da-bosch-automotive-aftermarket-apoia-oficinas-em-espanha\\\/#breadcrumb\"},\"inLanguage\":\"pt-PT\",\"potentialAction\":[{\"@type\":\"ReadAction\",\"target\":[\"https:\\\/\\\/jornaldasoficinas.com\\\/pt\\\/linha-tecnica-da-bosch-automotive-aftermarket-apoia-oficinas-em-espanha\\\/\"]}]},{\"@type\":\"ImageObject\",\"inLanguage\":\"pt-PT\",\"@id\":\"https:\\\/\\\/jornaldasoficinas.com\\\/pt\\\/linha-tecnica-da-bosch-automotive-aftermarket-apoia-oficinas-em-espanha\\\/#primaryimage\",\"url\":\"https:\\\/\\\/jornaldasoficinas.com\\\/pt\\\/wp-content\\\/uploads\\\/2020\\\/03\\\/boschcovidespanha.png\",\"contentUrl\":\"https:\\\/\\\/jornaldasoficinas.com\\\/pt\\\/wp-content\\\/uploads\\\/2020\\\/03\\\/boschcovidespanha.png\",\"width\":1024,\"height\":581,\"caption\":\"03 - boschcovidespanha\"},{\"@type\":\"BreadcrumbList\",\"@id\":\"https:\\\/\\\/jornaldasoficinas.com\\\/pt\\\/linha-tecnica-da-bosch-automotive-aftermarket-apoia-oficinas-em-espanha\\\/#breadcrumb\",\"itemListElement\":[{\"@type\":\"ListItem\",\"position\":1,\"name\":\"In\u00edcio\",\"item\":\"https:\\\/\\\/jornaldasoficinas.com\\\/pt\\\/\"},{\"@type\":\"ListItem\",\"position\":2,\"name\":\"Linha t\u00e9cnica da Bosch Automotive Aftermarket apoia oficinas em Espanha\"}]},{\"@type\":\"WebSite\",\"@id\":\"https:\\\/\\\/jornaldasoficinas.com\\\/pt\\\/#website\",\"url\":\"https:\\\/\\\/jornaldasoficinas.com\\\/pt\\\/\",\"name\":\"Jornal das Oficinas\",\"description\":\"Jornal independente do Aftermarket Autom\u00f3vel em Portugal\",\"publisher\":{\"@id\":\"https:\\\/\\\/jornaldasoficinas.com\\\/pt\\\/#organization\"},\"potentialAction\":[{\"@type\":\"SearchAction\",\"target\":{\"@type\":\"EntryPoint\",\"urlTemplate\":\"https:\\\/\\\/jornaldasoficinas.com\\\/pt\\\/?s={search_term_string}\"},\"query-input\":{\"@type\":\"PropertyValueSpecification\",\"valueRequired\":true,\"valueName\":\"search_term_string\"}}],\"inLanguage\":\"pt-PT\"},{\"@type\":\"Organization\",\"@id\":\"https:\\\/\\\/jornaldasoficinas.com\\\/pt\\\/#organization\",\"name\":\"Jornal das Oficinas\",\"url\":\"https:\\\/\\\/jornaldasoficinas.com\\\/pt\\\/\",\"logo\":{\"@type\":\"ImageObject\",\"inLanguage\":\"pt-PT\",\"@id\":\"https:\\\/\\\/jornaldasoficinas.com\\\/pt\\\/#\\\/schema\\\/logo\\\/image\\\/\",\"url\":\"https:\\\/\\\/jornaldasoficinas.com\\\/pt\\\/wp-content\\\/uploads\\\/logoJO-SEO.png\",\"contentUrl\":\"https:\\\/\\\/jornaldasoficinas.com\\\/pt\\\/wp-content\\\/uploads\\\/logoJO-SEO.png\",\"width\":285,\"height\":450,\"caption\":\"Jornal das Oficinas\"},\"image\":{\"@id\":\"https:\\\/\\\/jornaldasoficinas.com\\\/pt\\\/#\\\/schema\\\/logo\\\/image\\\/\"},\"sameAs\":[\"https:\\\/\\\/www.facebook.com\\\/jornaloficinas\",\"https:\\\/\\\/x.com\\\/jornaloficinas\",\"https:\\\/\\\/www.instagram.com\\\/jornal_oficinas\\\/\",\"https:\\\/\\\/www.linkedin.com\\\/company\\\/jornal-das-oficinas\\\/\",\"https:\\\/\\\/www.youtube.com\\\/channel\\\/UCbQZBqtcvV-oSQrr7RzINGg\"]},{\"@type\":\"Person\",\"@id\":\"https:\\\/\\\/jornaldasoficinas.com\\\/pt\\\/#\\\/schema\\\/person\\\/a38eef5de2c41d9e7c9ac10141afddf3\",\"name\":\"Reda\u00e7\u00e3o JO\",\"image\":{\"@type\":\"ImageObject\",\"inLanguage\":\"pt-PT\",\"@id\":\"https:\\\/\\\/secure.gravatar.com\\\/avatar\\\/71f2fa71737ad68a84fea94bc708ddac8ea5b0c4788dc2ad202f3ccb2887742f?s=96&d=wp_user_avatar&r=g\",\"url\":\"https:\\\/\\\/secure.gravatar.com\\\/avatar\\\/71f2fa71737ad68a84fea94bc708ddac8ea5b0c4788dc2ad202f3ccb2887742f?s=96&d=wp_user_avatar&r=g\",\"contentUrl\":\"https:\\\/\\\/secure.gravatar.com\\\/avatar\\\/71f2fa71737ad68a84fea94bc708ddac8ea5b0c4788dc2ad202f3ccb2887742f?s=96&d=wp_user_avatar&r=g\",\"caption\":\"Reda\u00e7\u00e3o JO\"},\"url\":\"https:\\\/\\\/jornaldasoficinas.com\\\/pt\\\/author\\\/joredacao\\\/\"}]}<\/script>\n<!-- \/ Yoast SEO plugin. -->","yoast_head_json":{"title":"Linha t\u00e9cnica da Bosch Automotive Aftermarket apoia oficinas em Espanha - Jornal das Oficinas","robots":{"index":"index","follow":"follow","max-snippet":"max-snippet:-1","max-image-preview":"max-image-preview:large","max-video-preview":"max-video-preview:-1"},"canonical":"https:\/\/jornaldasoficinas.com\/pt\/linha-tecnica-da-bosch-automotive-aftermarket-apoia-oficinas-em-espanha\/","og_locale":"pt_PT","og_type":"article","og_title":"Linha t\u00e9cnica da Bosch Automotive Aftermarket apoia oficinas em Espanha - Jornal das Oficinas","og_description":"Ciente do papel fundamental das transportadoras...","og_url":"https:\/\/jornaldasoficinas.com\/pt\/linha-tecnica-da-bosch-automotive-aftermarket-apoia-oficinas-em-espanha\/","og_site_name":"Jornal das Oficinas","article_publisher":"https:\/\/www.facebook.com\/jornaloficinas","article_published_time":"2020-03-28T15:30:28+00:00","og_image":[{"width":1024,"height":581,"url":"https:\/\/jornaldasoficinas.com\/pt\/wp-content\/uploads\/2020\/03\/boschcovidespanha.png","type":"image\/png"}],"author":"Reda\u00e7\u00e3o JO","twitter_card":"summary_large_image","twitter_creator":"@jornaloficinas","twitter_site":"@jornaloficinas","twitter_misc":{"Escrito por":"Reda\u00e7\u00e3o JO","Tempo estimado de leitura":"1 minuto"},"schema":{"@context":"https:\/\/schema.org","@graph":[{"@type":"Article","@id":"https:\/\/jornaldasoficinas.com\/pt\/linha-tecnica-da-bosch-automotive-aftermarket-apoia-oficinas-em-espanha\/#article","isPartOf":{"@id":"https:\/\/jornaldasoficinas.com\/pt\/linha-tecnica-da-bosch-automotive-aftermarket-apoia-oficinas-em-espanha\/"},"author":{"name":"Reda\u00e7\u00e3o JO","@id":"https:\/\/jornaldasoficinas.com\/pt\/#\/schema\/person\/a38eef5de2c41d9e7c9ac10141afddf3"},"headline":"Linha t\u00e9cnica da Bosch Automotive Aftermarket apoia oficinas em Espanha","datePublished":"2020-03-28T15:30:28+00:00","mainEntityOfPage":{"@id":"https:\/\/jornaldasoficinas.com\/pt\/linha-tecnica-da-bosch-automotive-aftermarket-apoia-oficinas-em-espanha\/"},"wordCount":250,"publisher":{"@id":"https:\/\/jornaldasoficinas.com\/pt\/#organization"},"image":{"@id":"https:\/\/jornaldasoficinas.com\/pt\/linha-tecnica-da-bosch-automotive-aftermarket-apoia-oficinas-em-espanha\/#primaryimage"},"thumbnailUrl":"https:\/\/jornaldasoficinas.com\/pt\/wp-content\/uploads\/2020\/03\/boschcovidespanha.png","keywords":["Bosch","Bosch Automotive Aftermarket","Coronav\u00edrus","COVID-19"],"articleSection":["Empresas"],"inLanguage":"pt-PT"},{"@type":"WebPage","@id":"https:\/\/jornaldasoficinas.com\/pt\/linha-tecnica-da-bosch-automotive-aftermarket-apoia-oficinas-em-espanha\/","url":"https:\/\/jornaldasoficinas.com\/pt\/linha-tecnica-da-bosch-automotive-aftermarket-apoia-oficinas-em-espanha\/","name":"Linha t\u00e9cnica da Bosch Automotive Aftermarket apoia oficinas em Espanha - Jornal das Oficinas","isPartOf":{"@id":"https:\/\/jornaldasoficinas.com\/pt\/#website"},"primaryImageOfPage":{"@id":"https:\/\/jornaldasoficinas.com\/pt\/linha-tecnica-da-bosch-automotive-aftermarket-apoia-oficinas-em-espanha\/#primaryimage"},"image":{"@id":"https:\/\/jornaldasoficinas.com\/pt\/linha-tecnica-da-bosch-automotive-aftermarket-apoia-oficinas-em-espanha\/#primaryimage"},"thumbnailUrl":"https:\/\/jornaldasoficinas.com\/pt\/wp-content\/uploads\/2020\/03\/boschcovidespanha.png","datePublished":"2020-03-28T15:30:28+00:00","breadcrumb":{"@id":"https:\/\/jornaldasoficinas.com\/pt\/linha-tecnica-da-bosch-automotive-aftermarket-apoia-oficinas-em-espanha\/#breadcrumb"},"inLanguage":"pt-PT","potentialAction":[{"@type":"ReadAction","target":["https:\/\/jornaldasoficinas.com\/pt\/linha-tecnica-da-bosch-automotive-aftermarket-apoia-oficinas-em-espanha\/"]}]},{"@type":"ImageObject","inLanguage":"pt-PT","@id":"https:\/\/jornaldasoficinas.com\/pt\/linha-tecnica-da-bosch-automotive-aftermarket-apoia-oficinas-em-espanha\/#primaryimage","url":"https:\/\/jornaldasoficinas.com\/pt\/wp-content\/uploads\/2020\/03\/boschcovidespanha.png","contentUrl":"https:\/\/jornaldasoficinas.com\/pt\/wp-content\/uploads\/2020\/03\/boschcovidespanha.png","width":1024,"height":581,"caption":"03 - boschcovidespanha"},{"@type":"BreadcrumbList","@id":"https:\/\/jornaldasoficinas.com\/pt\/linha-tecnica-da-bosch-automotive-aftermarket-apoia-oficinas-em-espanha\/#breadcrumb","itemListElement":[{"@type":"ListItem","position":1,"name":"In\u00edcio","item":"https:\/\/jornaldasoficinas.com\/pt\/"},{"@type":"ListItem","position":2,"name":"Linha t\u00e9cnica da Bosch Automotive Aftermarket apoia oficinas em Espanha"}]},{"@type":"WebSite","@id":"https:\/\/jornaldasoficinas.com\/pt\/#website","url":"https:\/\/jornaldasoficinas.com\/pt\/","name":"Jornal das Oficinas","description":"Jornal independente do Aftermarket Autom\u00f3vel em Portugal","publisher":{"@id":"https:\/\/jornaldasoficinas.com\/pt\/#organization"},"potentialAction":[{"@type":"SearchAction","target":{"@type":"EntryPoint","urlTemplate":"https:\/\/jornaldasoficinas.com\/pt\/?s={search_term_string}"},"query-input":{"@type":"PropertyValueSpecification","valueRequired":true,"valueName":"search_term_string"}}],"inLanguage":"pt-PT"},{"@type":"Organization","@id":"https:\/\/jornaldasoficinas.com\/pt\/#organization","name":"Jornal das Oficinas","url":"https:\/\/jornaldasoficinas.com\/pt\/","logo":{"@type":"ImageObject","inLanguage":"pt-PT","@id":"https:\/\/jornaldasoficinas.com\/pt\/#\/schema\/logo\/image\/","url":"https:\/\/jornaldasoficinas.com\/pt\/wp-content\/uploads\/logoJO-SEO.png","contentUrl":"https:\/\/jornaldasoficinas.com\/pt\/wp-content\/uploads\/logoJO-SEO.png","width":285,"height":450,"caption":"Jornal das Oficinas"},"image":{"@id":"https:\/\/jornaldasoficinas.com\/pt\/#\/schema\/logo\/image\/"},"sameAs":["https:\/\/www.facebook.com\/jornaloficinas","https:\/\/x.com\/jornaloficinas","https:\/\/www.instagram.com\/jornal_oficinas\/","https:\/\/www.linkedin.com\/company\/jornal-das-oficinas\/","https:\/\/www.youtube.com\/channel\/UCbQZBqtcvV-oSQrr7RzINGg"]},{"@type":"Person","@id":"https:\/\/jornaldasoficinas.com\/pt\/#\/schema\/person\/a38eef5de2c41d9e7c9ac10141afddf3","name":"Reda\u00e7\u00e3o JO","image":{"@type":"ImageObject","inLanguage":"pt-PT","@id":"https:\/\/secure.gravatar.com\/avatar\/71f2fa71737ad68a84fea94bc708ddac8ea5b0c4788dc2ad202f3ccb2887742f?s=96&d=wp_user_avatar&r=g","url":"https:\/\/secure.gravatar.com\/avatar\/71f2fa71737ad68a84fea94bc708ddac8ea5b0c4788dc2ad202f3ccb2887742f?s=96&d=wp_user_avatar&r=g","contentUrl":"https:\/\/secure.gravatar.com\/avatar\/71f2fa71737ad68a84fea94bc708ddac8ea5b0c4788dc2ad202f3ccb2887742f?s=96&d=wp_user_avatar&r=g","caption":"Reda\u00e7\u00e3o JO"},"url":"https:\/\/jornaldasoficinas.com\/pt\/author\/joredacao\/"}]}},"_links":{"self":[{"href":"https:\/\/jornaldasoficinas.com\/pt\/wp-json\/wp\/v2\/posts\/11743","targetHints":{"allow":["GET"]}}],"collection":[{"href":"https:\/\/jornaldasoficinas.com\/pt\/wp-json\/wp\/v2\/posts"}],"about":[{"href":"https:\/\/jornaldasoficinas.com\/pt\/wp-json\/wp\/v2\/types\/post"}],"author":[{"embeddable":true,"href":"https:\/\/jornaldasoficinas.com\/pt\/wp-json\/wp\/v2\/users\/15"}],"replies":[{"embeddable":true,"href":"https:\/\/jornaldasoficinas.com\/pt\/wp-json\/wp\/v2\/comments?post=11743"}],"version-history":[{"count":0,"href":"https:\/\/jornaldasoficinas.com\/pt\/wp-json\/wp\/v2\/posts\/11743\/revisions"}],"wp:featuredmedia":[{"embeddable":true,"href":"https:\/\/jornaldasoficinas.com\/pt\/wp-json\/wp\/v2\/media\/11744"}],"wp:attachment":[{"href":"https:\/\/jornaldasoficinas.com\/pt\/wp-json\/wp\/v2\/media?parent=11743"}],"wp:term":[{"taxonomy":"category","embeddable":true,"href":"https:\/\/jornaldasoficinas.com\/pt\/wp-json\/wp\/v2\/categories?post=11743"},{"taxonomy":"post_tag","embeddable":true,"href":"https:\/\/jornaldasoficinas.com\/pt\/wp-json\/wp\/v2\/tags?post=11743"}],"curies":[{"name":"wp","href":"https:\/\/api.w.org\/{rel}","templated":true}]}}