{"id":11747,"date":"2020-03-28T20:15:57","date_gmt":"2020-03-28T20:15:57","guid":{"rendered":"https:\/\/jornaldasoficinas.com\/pt\/?p=11747"},"modified":"2020-03-28T20:17:19","modified_gmt":"2020-03-28T20:17:19","slug":"estamos-a-investir-na-formacao-da-nossa-equipa-tecnica-manuel-guedes-martins","status":"publish","type":"post","link":"https:\/\/jornaldasoficinas.com\/pt\/estamos-a-investir-na-formacao-da-nossa-equipa-tecnica-manuel-guedes-martins\/","title":{"rendered":"\u201cEstamos a investir na forma\u00e7\u00e3o da nossa equipa t\u00e9cnica\u201d, Manuel Guedes Martins"},"content":{"rendered":"<p><img loading=\"lazy\" decoding=\"async\" class=\"alignnone wp-image-11746 size-full\" src=\"https:\/\/jornaldasoficinas.com\/pt\/wp-content\/uploads\/2020\/03\/entrevistamgmsitejo.png\" alt=\"03 - entrevistamgmsitejo\" width=\"1024\" height=\"581\" srcset=\"https:\/\/jornaldasoficinas.com\/pt\/wp-content\/uploads\/2020\/03\/entrevistamgmsitejo.png 1024w, https:\/\/jornaldasoficinas.com\/pt\/wp-content\/uploads\/2020\/03\/entrevistamgmsitejo-300x170.png 300w, https:\/\/jornaldasoficinas.com\/pt\/wp-content\/uploads\/2020\/03\/entrevistamgmsitejo-150x85.png 150w, https:\/\/jornaldasoficinas.com\/pt\/wp-content\/uploads\/2020\/03\/entrevistamgmsitejo-768x436.png 768w\" sizes=\"auto, (max-width: 1024px) 100vw, 1024px\" \/><\/p>\n<p><strong>A miss\u00e3o da MGM \u00e9 garantir sempre os melhores servi\u00e7os de assist\u00eancia t\u00e9cnica baseada num relacionamento de confian\u00e7a, indo ao encontro dos interesses de clientes, colaboradores e comunidade.<\/strong><\/p>\n<p>Como valores, a empresa sediada em Serzedo defende o profissionalismo, a transpar\u00eancia, a excel\u00eancia e a proatividade. Que s\u00e3o, de resto, caracter\u00edsticas inerentes \u00e0 sua cultura organizacional. O que acaba por refletir-se, de acordo com Manuel Guedes Martins, gerente da <a href=\"https:\/\/www.mgm.com.pt\/\" target=\"_blank\" rel=\"noopener noreferrer\">MGM<\/a>, na aten\u00e7\u00e3o ao cliente, na qualidade dos servi\u00e7os prestados e na comercializa\u00e7\u00e3o de produtos.<\/p>\n<p><strong>Recentemente, a MGM recebeu uma nova certifica\u00e7\u00e3o para sistemas de refrigera\u00e7\u00e3o. Qual a sua import\u00e2ncia para a evolu\u00e7\u00e3o da empresa?<\/strong><\/p>\n<p>A MGM labora, diariamente, com esta\u00e7\u00f5es de ar comprimido, da qual fazem parte os secadores por refrigera\u00e7\u00e3o, os quais est\u00e3o presentes em 80% das oficinas. Proteger o ambiente \u00e9 uma das nossas preocupa\u00e7\u00f5es. Como tal, entendemos que era importante estarmos certificados para manusear este tipo de equipamentos. Esta certifica\u00e7\u00e3o imp\u00f5e condi\u00e7\u00f5es que visam reduzir a emiss\u00e3o de gases fluorados com efeito de estufa para a atmosfera.<\/p>\n<p><strong>A MGM tem promovido v\u00e1rias a\u00e7\u00f5es de forma\u00e7\u00e3o, nomeadamente em ve\u00edculos h\u00edbridos e manuseamento de gases fluorados. A quem se destinam estas forma\u00e7\u00f5es e quais os objetivos que pretendem alcan\u00e7ar?<\/strong><\/p>\n<p>Com a ideia de estar pr\u00f3xima dos seus clientes a MGM promoveu, nas suas instala\u00e7\u00f5es, uma forma\u00e7\u00e3o em tecnologia e manuten\u00e7\u00e3o de ve\u00edculos h\u00edbridos. Esta forma\u00e7\u00e3o vem ajudar os mec\u00e2nicos \u201ctradicionais\u201d a adquirirem conhecimentos para intervencionar esta tipologia de ve\u00edculos. As forma\u00e7\u00f5es destinam-se aos profissionais das \u00e1reas da eletr\u00f3nica e mec\u00e2nica autom\u00f3vel, que s\u00e3o, no fundo, os nossos clientes.<strong>\u00a0<\/strong><\/p>\n<p>Uma das grandes apostas da MGM foi o investimento na forma\u00e7\u00e3o de tr\u00eas dos seus colaboradores para manuseamento de\u00a0gases\u00a0fluorados\u00a0em equipamentos de refrigera\u00e7\u00e3o. \u00a0A MGM conta, atualmente, com tr\u00eas t\u00e9cnicos certificados na Categoria I para executar manobras de assist\u00eancia e repara\u00e7\u00e3o nestes equipamentos.<\/p>\n<p>As empresas e t\u00e9cnicos que trabalham com equipamentos fixos de refrigera\u00e7\u00e3o, ar condicionado e bombas de calor que contenham determinados\u00a0gases\u00a0fluorados\u00a0com efeito de estufa, dever\u00e3o ser certificados, nos termos do Regulamento (CE) n.\u00b0 303\/2008, transposto para o quadro nacional atrav\u00e9s do DL n.\u00b0 56\/2011, de 21 de abril. Cada vez mais, os compressores de parafuso v\u00eam integrados com secadores por refrigera\u00e7\u00e3o. Estas unidades cont\u00eam\u00a0gases\u00a0fluorados\u00a0com efeito de estufa.<\/p>\n<p><strong>Como \u00e9 constitu\u00edda, atualmente, a equipa t\u00e9cnica da MGM?<\/strong><\/p>\n<p>Somos 22 colaboradores, 13 dos quais na assist\u00eancia t\u00e9cnica, oito no exterior e cinco nas nossas instala\u00e7\u00f5es.<\/p>\n<p><strong>Como caracteriza o mercado dos equipamentos oficinais na atualidade?<\/strong><\/p>\n<p>Verificamos que, no nosso pa\u00eds, as oficinas encontram-se apetrechadas com os equipamentos estritamente indispens\u00e1veis e que s\u00f3 procedem \u00e0 respetiva renova\u00e7\u00e3o quando necess\u00e1rio.<\/p>\n<p><strong>Considera que est\u00e1 a haver uma retoma na aquisi\u00e7\u00e3o de equipamentos oficinais?<\/strong><\/p>\n<p>O cliente s\u00f3 investe no equipamento novo quando o que disp\u00f5e j\u00e1 n\u00e3o \u00e9 pass\u00edvel de ser reparado.<\/p>\n<p><strong>Algumas marcas s\u00e3o vendidas sem a respetiva homologa\u00e7\u00e3o e certifica\u00e7\u00e3o CE. O que deve e pode ser feito para evitar a venda destes equipamentos?<\/strong><\/p>\n<p>Cabe ao fabricante verificar se o produto satisfaz todos os requisitos previstos na legisla\u00e7\u00e3o europeia. A marca\u00e7\u00e3o CE nos equipamentos certifica que os mesmos foram avaliados e cumprem os requisitos da EU em mat\u00e9ria de seguran\u00e7a, sa\u00fade e prote\u00e7\u00e3o do ambiente.<\/p>\n<p>Compete aos \u00f3rg\u00e3os de comunica\u00e7\u00e3o social e \u00e0s associa\u00e7\u00f5es do setor alertarem para que, ao adquirirem equipamento, n\u00e3o valorizem s\u00f3 a quest\u00e3o do pre\u00e7o, mas a qualidade do produto. Existem no mercado equipamentos a pre\u00e7os muito baixos, mas que n\u00e3o cumprem os requisitos.<\/p>\n<p><strong>Que fatores as oficinas valorizam mais num fornecedor de equipamentos? Um bom servi\u00e7o de assist\u00eancia t\u00e9cnica tem influ\u00eancia na escolha do fornecedor de equipamentos?<\/strong><\/p>\n<p>Valorizam um fornecedor honesto, s\u00e9rio e profissional, capaz de aconselhar o tipo equipamento de acordo com as necessidades do cliente.<\/p>\n<p>O p\u00f3s-venda \u00e9 um ponto a considerar na compra de um equipamento. \u00c9 importante contar com um fornecedor que disponha de um servi\u00e7o de assist\u00eancia t\u00e9cnica e de um <em>stock <\/em>de pe\u00e7as alargado, capaz de responder, de forma r\u00e1pida, sempre que necess\u00e1rio.<\/p>\n<p>N\u00e3o se trata apenas de vender os equipamentos. Temos de estar dispon\u00edveis quando o cliente mais necessita do nosso apoio profissional. A prontid\u00e3o ao n\u00edvel da assist\u00eancia t\u00e9cnica, bem como a garantia dos servi\u00e7os que prestamos, s\u00e3o a mais-valia da MGM.<\/p>\n<p><strong>A eletr\u00f3nica est\u00e1, cada vez mais, presente nos equipamentos oficinais. Como est\u00e1 a reagir o mercado a esta evolu\u00e7\u00e3o? Est\u00e3o a conseguir adaptar-se ao desenvolvimento tecnol\u00f3gico dos modernos equipamentos?<\/strong><\/p>\n<p>Encontramo-nos em fase de adapta\u00e7\u00e3o. Queremos acompanhar a evolu\u00e7\u00e3o e, por isso, estamos a investir na forma\u00e7\u00e3o da nossa equipa t\u00e9cnica.<\/p>\n<p><strong>Quais as expectativas de volume de neg\u00f3cios para 2020? Considera que vai ser um ano positivo para a MGM?<\/strong><\/p>\n<p>Pretendemos manter ou aumentar ligeiramente o volume de neg\u00f3cios. A MGM, conhecida e caracterizada pela assist\u00eancia t\u00e9cnica que presta, tem vindo, aos poucos, a aumentar o valor de vendas de equipamentos das marcas representadas: OMCN, Ravaglioli, Balma.<\/p>\n<p>Apesar da dificuldade de liquidez que sentimos junto dos clientes, contamos que v\u00e1 ser um ano positivo, com um aumento a rondar os 10% no volume de fatura\u00e7\u00e3o. N\u00e3o temos como objetivo crescer abruptamente. O nosso lema \u00e9 crescer de forma sustentada.<\/p>\n<p><strong>E quais s\u00e3o as tend\u00eancias futuras no neg\u00f3cio da assist\u00eancia a equipamentos oficinais, onde a MGM exerce a sua atividade?<\/strong><\/p>\n<p>Existem, atualmente, muitas empresas a laborar nesta \u00e1rea. Mas poucas s\u00e3o certificadas e cred\u00edveis. Acreditamos que as que o s\u00e3o t\u00eam potencial para crescer.<\/p>\n","protected":false},"excerpt":{"rendered":"<p>A miss\u00e3o da MGM \u00e9 garantir&#8230;<\/p>\n","protected":false},"author":15,"featured_media":11746,"comment_status":"closed","ping_status":"closed","sticky":false,"template":"","format":"standard","meta":{"footnotes":""},"categories":[38],"tags":[1927,1926,809,167,808,807,1925,341],"class_list":["post-11747","post","type-post","status-publish","format-standard","has-post-thumbnail","hentry","category-entrevistas","tag-assistencia-tecnica","tag-balma","tag-certificacao","tag-equipamentos","tag-manuel-guedes-martins","tag-mgm","tag-omcn","tag-ravaglioli"],"yoast_head":"<!-- This site is optimized with the Yoast SEO plugin v27.4 - https:\/\/yoast.com\/product\/yoast-seo-wordpress\/ -->\n<title>\u201cEstamos a investir na forma\u00e7\u00e3o da nossa equipa t\u00e9cnica\u201d, Manuel Guedes Martins - Jornal das Oficinas<\/title>\n<meta name=\"robots\" content=\"index, follow, max-snippet:-1, max-image-preview:large, max-video-preview:-1\" \/>\n<link rel=\"canonical\" href=\"https:\/\/jornaldasoficinas.com\/pt\/estamos-a-investir-na-formacao-da-nossa-equipa-tecnica-manuel-guedes-martins\/\" \/>\n<meta property=\"og:locale\" content=\"pt_PT\" \/>\n<meta property=\"og:type\" content=\"article\" \/>\n<meta property=\"og:title\" content=\"\u201cEstamos a investir na forma\u00e7\u00e3o da nossa equipa t\u00e9cnica\u201d, Manuel Guedes Martins - Jornal das Oficinas\" \/>\n<meta property=\"og:description\" content=\"A miss\u00e3o da MGM \u00e9 garantir...\" \/>\n<meta property=\"og:url\" content=\"https:\/\/jornaldasoficinas.com\/pt\/estamos-a-investir-na-formacao-da-nossa-equipa-tecnica-manuel-guedes-martins\/\" \/>\n<meta property=\"og:site_name\" content=\"Jornal das Oficinas\" \/>\n<meta property=\"article:publisher\" content=\"https:\/\/www.facebook.com\/jornaloficinas\" \/>\n<meta property=\"article:published_time\" content=\"2020-03-28T20:15:57+00:00\" \/>\n<meta property=\"article:modified_time\" content=\"2020-03-28T20:17:19+00:00\" \/>\n<meta property=\"og:image\" content=\"https:\/\/jornaldasoficinas.com\/pt\/wp-content\/uploads\/2020\/03\/entrevistamgmsitejo.png\" \/>\n\t<meta property=\"og:image:width\" content=\"1024\" \/>\n\t<meta property=\"og:image:height\" content=\"581\" \/>\n\t<meta property=\"og:image:type\" content=\"image\/png\" \/>\n<meta name=\"author\" content=\"Reda\u00e7\u00e3o JO\" \/>\n<meta name=\"twitter:card\" content=\"summary_large_image\" \/>\n<meta name=\"twitter:creator\" content=\"@jornaloficinas\" \/>\n<meta name=\"twitter:site\" content=\"@jornaloficinas\" \/>\n<meta name=\"twitter:label1\" content=\"Escrito por\" \/>\n\t<meta name=\"twitter:data1\" content=\"Reda\u00e7\u00e3o JO\" \/>\n\t<meta name=\"twitter:label2\" content=\"Tempo estimado de leitura\" \/>\n\t<meta name=\"twitter:data2\" content=\"5 minutos\" \/>\n<script type=\"application\/ld+json\" class=\"yoast-schema-graph\">{\"@context\":\"https:\\\/\\\/schema.org\",\"@graph\":[{\"@type\":\"Article\",\"@id\":\"https:\\\/\\\/jornaldasoficinas.com\\\/pt\\\/estamos-a-investir-na-formacao-da-nossa-equipa-tecnica-manuel-guedes-martins\\\/#article\",\"isPartOf\":{\"@id\":\"https:\\\/\\\/jornaldasoficinas.com\\\/pt\\\/estamos-a-investir-na-formacao-da-nossa-equipa-tecnica-manuel-guedes-martins\\\/\"},\"author\":{\"name\":\"Reda\u00e7\u00e3o JO\",\"@id\":\"https:\\\/\\\/jornaldasoficinas.com\\\/pt\\\/#\\\/schema\\\/person\\\/a38eef5de2c41d9e7c9ac10141afddf3\"},\"headline\":\"\u201cEstamos a investir na forma\u00e7\u00e3o da nossa equipa t\u00e9cnica\u201d, Manuel Guedes Martins\",\"datePublished\":\"2020-03-28T20:15:57+00:00\",\"dateModified\":\"2020-03-28T20:17:19+00:00\",\"mainEntityOfPage\":{\"@id\":\"https:\\\/\\\/jornaldasoficinas.com\\\/pt\\\/estamos-a-investir-na-formacao-da-nossa-equipa-tecnica-manuel-guedes-martins\\\/\"},\"wordCount\":1018,\"publisher\":{\"@id\":\"https:\\\/\\\/jornaldasoficinas.com\\\/pt\\\/#organization\"},\"image\":{\"@id\":\"https:\\\/\\\/jornaldasoficinas.com\\\/pt\\\/estamos-a-investir-na-formacao-da-nossa-equipa-tecnica-manuel-guedes-martins\\\/#primaryimage\"},\"thumbnailUrl\":\"https:\\\/\\\/jornaldasoficinas.com\\\/pt\\\/wp-content\\\/uploads\\\/2020\\\/03\\\/entrevistamgmsitejo.png\",\"keywords\":[\"Assist\u00eancia t\u00e9cnica\",\"Balma\",\"certifica\u00e7\u00e3o\",\"Equipamentos\",\"Manuel Guedes Martins\",\"MGM\",\"OMCN\",\"Ravaglioli\"],\"articleSection\":[\"Entrevistas\"],\"inLanguage\":\"pt-PT\"},{\"@type\":\"WebPage\",\"@id\":\"https:\\\/\\\/jornaldasoficinas.com\\\/pt\\\/estamos-a-investir-na-formacao-da-nossa-equipa-tecnica-manuel-guedes-martins\\\/\",\"url\":\"https:\\\/\\\/jornaldasoficinas.com\\\/pt\\\/estamos-a-investir-na-formacao-da-nossa-equipa-tecnica-manuel-guedes-martins\\\/\",\"name\":\"\u201cEstamos a investir na forma\u00e7\u00e3o da nossa equipa t\u00e9cnica\u201d, Manuel Guedes Martins - Jornal das Oficinas\",\"isPartOf\":{\"@id\":\"https:\\\/\\\/jornaldasoficinas.com\\\/pt\\\/#website\"},\"primaryImageOfPage\":{\"@id\":\"https:\\\/\\\/jornaldasoficinas.com\\\/pt\\\/estamos-a-investir-na-formacao-da-nossa-equipa-tecnica-manuel-guedes-martins\\\/#primaryimage\"},\"image\":{\"@id\":\"https:\\\/\\\/jornaldasoficinas.com\\\/pt\\\/estamos-a-investir-na-formacao-da-nossa-equipa-tecnica-manuel-guedes-martins\\\/#primaryimage\"},\"thumbnailUrl\":\"https:\\\/\\\/jornaldasoficinas.com\\\/pt\\\/wp-content\\\/uploads\\\/2020\\\/03\\\/entrevistamgmsitejo.png\",\"datePublished\":\"2020-03-28T20:15:57+00:00\",\"dateModified\":\"2020-03-28T20:17:19+00:00\",\"breadcrumb\":{\"@id\":\"https:\\\/\\\/jornaldasoficinas.com\\\/pt\\\/estamos-a-investir-na-formacao-da-nossa-equipa-tecnica-manuel-guedes-martins\\\/#breadcrumb\"},\"inLanguage\":\"pt-PT\",\"potentialAction\":[{\"@type\":\"ReadAction\",\"target\":[\"https:\\\/\\\/jornaldasoficinas.com\\\/pt\\\/estamos-a-investir-na-formacao-da-nossa-equipa-tecnica-manuel-guedes-martins\\\/\"]}]},{\"@type\":\"ImageObject\",\"inLanguage\":\"pt-PT\",\"@id\":\"https:\\\/\\\/jornaldasoficinas.com\\\/pt\\\/estamos-a-investir-na-formacao-da-nossa-equipa-tecnica-manuel-guedes-martins\\\/#primaryimage\",\"url\":\"https:\\\/\\\/jornaldasoficinas.com\\\/pt\\\/wp-content\\\/uploads\\\/2020\\\/03\\\/entrevistamgmsitejo.png\",\"contentUrl\":\"https:\\\/\\\/jornaldasoficinas.com\\\/pt\\\/wp-content\\\/uploads\\\/2020\\\/03\\\/entrevistamgmsitejo.png\",\"width\":1024,\"height\":581,\"caption\":\"03 - entrevistamgmsitejo\"},{\"@type\":\"BreadcrumbList\",\"@id\":\"https:\\\/\\\/jornaldasoficinas.com\\\/pt\\\/estamos-a-investir-na-formacao-da-nossa-equipa-tecnica-manuel-guedes-martins\\\/#breadcrumb\",\"itemListElement\":[{\"@type\":\"ListItem\",\"position\":1,\"name\":\"In\u00edcio\",\"item\":\"https:\\\/\\\/jornaldasoficinas.com\\\/pt\\\/\"},{\"@type\":\"ListItem\",\"position\":2,\"name\":\"\u201cEstamos a investir na forma\u00e7\u00e3o da nossa equipa t\u00e9cnica\u201d, Manuel Guedes Martins\"}]},{\"@type\":\"WebSite\",\"@id\":\"https:\\\/\\\/jornaldasoficinas.com\\\/pt\\\/#website\",\"url\":\"https:\\\/\\\/jornaldasoficinas.com\\\/pt\\\/\",\"name\":\"Jornal das Oficinas\",\"description\":\"Jornal independente do Aftermarket Autom\u00f3vel em Portugal\",\"publisher\":{\"@id\":\"https:\\\/\\\/jornaldasoficinas.com\\\/pt\\\/#organization\"},\"potentialAction\":[{\"@type\":\"SearchAction\",\"target\":{\"@type\":\"EntryPoint\",\"urlTemplate\":\"https:\\\/\\\/jornaldasoficinas.com\\\/pt\\\/?s={search_term_string}\"},\"query-input\":{\"@type\":\"PropertyValueSpecification\",\"valueRequired\":true,\"valueName\":\"search_term_string\"}}],\"inLanguage\":\"pt-PT\"},{\"@type\":\"Organization\",\"@id\":\"https:\\\/\\\/jornaldasoficinas.com\\\/pt\\\/#organization\",\"name\":\"Jornal das Oficinas\",\"url\":\"https:\\\/\\\/jornaldasoficinas.com\\\/pt\\\/\",\"logo\":{\"@type\":\"ImageObject\",\"inLanguage\":\"pt-PT\",\"@id\":\"https:\\\/\\\/jornaldasoficinas.com\\\/pt\\\/#\\\/schema\\\/logo\\\/image\\\/\",\"url\":\"https:\\\/\\\/jornaldasoficinas.com\\\/pt\\\/wp-content\\\/uploads\\\/logoJO-SEO.png\",\"contentUrl\":\"https:\\\/\\\/jornaldasoficinas.com\\\/pt\\\/wp-content\\\/uploads\\\/logoJO-SEO.png\",\"width\":285,\"height\":450,\"caption\":\"Jornal das Oficinas\"},\"image\":{\"@id\":\"https:\\\/\\\/jornaldasoficinas.com\\\/pt\\\/#\\\/schema\\\/logo\\\/image\\\/\"},\"sameAs\":[\"https:\\\/\\\/www.facebook.com\\\/jornaloficinas\",\"https:\\\/\\\/x.com\\\/jornaloficinas\",\"https:\\\/\\\/www.instagram.com\\\/jornal_oficinas\\\/\",\"https:\\\/\\\/www.linkedin.com\\\/company\\\/jornal-das-oficinas\\\/\",\"https:\\\/\\\/www.youtube.com\\\/channel\\\/UCbQZBqtcvV-oSQrr7RzINGg\"]},{\"@type\":\"Person\",\"@id\":\"https:\\\/\\\/jornaldasoficinas.com\\\/pt\\\/#\\\/schema\\\/person\\\/a38eef5de2c41d9e7c9ac10141afddf3\",\"name\":\"Reda\u00e7\u00e3o JO\",\"image\":{\"@type\":\"ImageObject\",\"inLanguage\":\"pt-PT\",\"@id\":\"https:\\\/\\\/secure.gravatar.com\\\/avatar\\\/71f2fa71737ad68a84fea94bc708ddac8ea5b0c4788dc2ad202f3ccb2887742f?s=96&d=wp_user_avatar&r=g\",\"url\":\"https:\\\/\\\/secure.gravatar.com\\\/avatar\\\/71f2fa71737ad68a84fea94bc708ddac8ea5b0c4788dc2ad202f3ccb2887742f?s=96&d=wp_user_avatar&r=g\",\"contentUrl\":\"https:\\\/\\\/secure.gravatar.com\\\/avatar\\\/71f2fa71737ad68a84fea94bc708ddac8ea5b0c4788dc2ad202f3ccb2887742f?s=96&d=wp_user_avatar&r=g\",\"caption\":\"Reda\u00e7\u00e3o JO\"},\"url\":\"https:\\\/\\\/jornaldasoficinas.com\\\/pt\\\/author\\\/joredacao\\\/\"}]}<\/script>\n<!-- \/ Yoast SEO plugin. -->","yoast_head_json":{"title":"\u201cEstamos a investir na forma\u00e7\u00e3o da nossa equipa t\u00e9cnica\u201d, Manuel Guedes Martins - Jornal das Oficinas","robots":{"index":"index","follow":"follow","max-snippet":"max-snippet:-1","max-image-preview":"max-image-preview:large","max-video-preview":"max-video-preview:-1"},"canonical":"https:\/\/jornaldasoficinas.com\/pt\/estamos-a-investir-na-formacao-da-nossa-equipa-tecnica-manuel-guedes-martins\/","og_locale":"pt_PT","og_type":"article","og_title":"\u201cEstamos a investir na forma\u00e7\u00e3o da nossa equipa t\u00e9cnica\u201d, Manuel Guedes Martins - Jornal das Oficinas","og_description":"A miss\u00e3o da MGM \u00e9 garantir...","og_url":"https:\/\/jornaldasoficinas.com\/pt\/estamos-a-investir-na-formacao-da-nossa-equipa-tecnica-manuel-guedes-martins\/","og_site_name":"Jornal das Oficinas","article_publisher":"https:\/\/www.facebook.com\/jornaloficinas","article_published_time":"2020-03-28T20:15:57+00:00","article_modified_time":"2020-03-28T20:17:19+00:00","og_image":[{"width":1024,"height":581,"url":"https:\/\/jornaldasoficinas.com\/pt\/wp-content\/uploads\/2020\/03\/entrevistamgmsitejo.png","type":"image\/png"}],"author":"Reda\u00e7\u00e3o JO","twitter_card":"summary_large_image","twitter_creator":"@jornaloficinas","twitter_site":"@jornaloficinas","twitter_misc":{"Escrito por":"Reda\u00e7\u00e3o JO","Tempo estimado de leitura":"5 minutos"},"schema":{"@context":"https:\/\/schema.org","@graph":[{"@type":"Article","@id":"https:\/\/jornaldasoficinas.com\/pt\/estamos-a-investir-na-formacao-da-nossa-equipa-tecnica-manuel-guedes-martins\/#article","isPartOf":{"@id":"https:\/\/jornaldasoficinas.com\/pt\/estamos-a-investir-na-formacao-da-nossa-equipa-tecnica-manuel-guedes-martins\/"},"author":{"name":"Reda\u00e7\u00e3o JO","@id":"https:\/\/jornaldasoficinas.com\/pt\/#\/schema\/person\/a38eef5de2c41d9e7c9ac10141afddf3"},"headline":"\u201cEstamos a investir na forma\u00e7\u00e3o da nossa equipa t\u00e9cnica\u201d, Manuel Guedes Martins","datePublished":"2020-03-28T20:15:57+00:00","dateModified":"2020-03-28T20:17:19+00:00","mainEntityOfPage":{"@id":"https:\/\/jornaldasoficinas.com\/pt\/estamos-a-investir-na-formacao-da-nossa-equipa-tecnica-manuel-guedes-martins\/"},"wordCount":1018,"publisher":{"@id":"https:\/\/jornaldasoficinas.com\/pt\/#organization"},"image":{"@id":"https:\/\/jornaldasoficinas.com\/pt\/estamos-a-investir-na-formacao-da-nossa-equipa-tecnica-manuel-guedes-martins\/#primaryimage"},"thumbnailUrl":"https:\/\/jornaldasoficinas.com\/pt\/wp-content\/uploads\/2020\/03\/entrevistamgmsitejo.png","keywords":["Assist\u00eancia t\u00e9cnica","Balma","certifica\u00e7\u00e3o","Equipamentos","Manuel Guedes Martins","MGM","OMCN","Ravaglioli"],"articleSection":["Entrevistas"],"inLanguage":"pt-PT"},{"@type":"WebPage","@id":"https:\/\/jornaldasoficinas.com\/pt\/estamos-a-investir-na-formacao-da-nossa-equipa-tecnica-manuel-guedes-martins\/","url":"https:\/\/jornaldasoficinas.com\/pt\/estamos-a-investir-na-formacao-da-nossa-equipa-tecnica-manuel-guedes-martins\/","name":"\u201cEstamos a investir na forma\u00e7\u00e3o da nossa equipa t\u00e9cnica\u201d, Manuel Guedes Martins - Jornal das Oficinas","isPartOf":{"@id":"https:\/\/jornaldasoficinas.com\/pt\/#website"},"primaryImageOfPage":{"@id":"https:\/\/jornaldasoficinas.com\/pt\/estamos-a-investir-na-formacao-da-nossa-equipa-tecnica-manuel-guedes-martins\/#primaryimage"},"image":{"@id":"https:\/\/jornaldasoficinas.com\/pt\/estamos-a-investir-na-formacao-da-nossa-equipa-tecnica-manuel-guedes-martins\/#primaryimage"},"thumbnailUrl":"https:\/\/jornaldasoficinas.com\/pt\/wp-content\/uploads\/2020\/03\/entrevistamgmsitejo.png","datePublished":"2020-03-28T20:15:57+00:00","dateModified":"2020-03-28T20:17:19+00:00","breadcrumb":{"@id":"https:\/\/jornaldasoficinas.com\/pt\/estamos-a-investir-na-formacao-da-nossa-equipa-tecnica-manuel-guedes-martins\/#breadcrumb"},"inLanguage":"pt-PT","potentialAction":[{"@type":"ReadAction","target":["https:\/\/jornaldasoficinas.com\/pt\/estamos-a-investir-na-formacao-da-nossa-equipa-tecnica-manuel-guedes-martins\/"]}]},{"@type":"ImageObject","inLanguage":"pt-PT","@id":"https:\/\/jornaldasoficinas.com\/pt\/estamos-a-investir-na-formacao-da-nossa-equipa-tecnica-manuel-guedes-martins\/#primaryimage","url":"https:\/\/jornaldasoficinas.com\/pt\/wp-content\/uploads\/2020\/03\/entrevistamgmsitejo.png","contentUrl":"https:\/\/jornaldasoficinas.com\/pt\/wp-content\/uploads\/2020\/03\/entrevistamgmsitejo.png","width":1024,"height":581,"caption":"03 - entrevistamgmsitejo"},{"@type":"BreadcrumbList","@id":"https:\/\/jornaldasoficinas.com\/pt\/estamos-a-investir-na-formacao-da-nossa-equipa-tecnica-manuel-guedes-martins\/#breadcrumb","itemListElement":[{"@type":"ListItem","position":1,"name":"In\u00edcio","item":"https:\/\/jornaldasoficinas.com\/pt\/"},{"@type":"ListItem","position":2,"name":"\u201cEstamos a investir na forma\u00e7\u00e3o da nossa equipa t\u00e9cnica\u201d, Manuel Guedes Martins"}]},{"@type":"WebSite","@id":"https:\/\/jornaldasoficinas.com\/pt\/#website","url":"https:\/\/jornaldasoficinas.com\/pt\/","name":"Jornal das Oficinas","description":"Jornal independente do Aftermarket Autom\u00f3vel em Portugal","publisher":{"@id":"https:\/\/jornaldasoficinas.com\/pt\/#organization"},"potentialAction":[{"@type":"SearchAction","target":{"@type":"EntryPoint","urlTemplate":"https:\/\/jornaldasoficinas.com\/pt\/?s={search_term_string}"},"query-input":{"@type":"PropertyValueSpecification","valueRequired":true,"valueName":"search_term_string"}}],"inLanguage":"pt-PT"},{"@type":"Organization","@id":"https:\/\/jornaldasoficinas.com\/pt\/#organization","name":"Jornal das Oficinas","url":"https:\/\/jornaldasoficinas.com\/pt\/","logo":{"@type":"ImageObject","inLanguage":"pt-PT","@id":"https:\/\/jornaldasoficinas.com\/pt\/#\/schema\/logo\/image\/","url":"https:\/\/jornaldasoficinas.com\/pt\/wp-content\/uploads\/logoJO-SEO.png","contentUrl":"https:\/\/jornaldasoficinas.com\/pt\/wp-content\/uploads\/logoJO-SEO.png","width":285,"height":450,"caption":"Jornal das Oficinas"},"image":{"@id":"https:\/\/jornaldasoficinas.com\/pt\/#\/schema\/logo\/image\/"},"sameAs":["https:\/\/www.facebook.com\/jornaloficinas","https:\/\/x.com\/jornaloficinas","https:\/\/www.instagram.com\/jornal_oficinas\/","https:\/\/www.linkedin.com\/company\/jornal-das-oficinas\/","https:\/\/www.youtube.com\/channel\/UCbQZBqtcvV-oSQrr7RzINGg"]},{"@type":"Person","@id":"https:\/\/jornaldasoficinas.com\/pt\/#\/schema\/person\/a38eef5de2c41d9e7c9ac10141afddf3","name":"Reda\u00e7\u00e3o JO","image":{"@type":"ImageObject","inLanguage":"pt-PT","@id":"https:\/\/secure.gravatar.com\/avatar\/71f2fa71737ad68a84fea94bc708ddac8ea5b0c4788dc2ad202f3ccb2887742f?s=96&d=wp_user_avatar&r=g","url":"https:\/\/secure.gravatar.com\/avatar\/71f2fa71737ad68a84fea94bc708ddac8ea5b0c4788dc2ad202f3ccb2887742f?s=96&d=wp_user_avatar&r=g","contentUrl":"https:\/\/secure.gravatar.com\/avatar\/71f2fa71737ad68a84fea94bc708ddac8ea5b0c4788dc2ad202f3ccb2887742f?s=96&d=wp_user_avatar&r=g","caption":"Reda\u00e7\u00e3o JO"},"url":"https:\/\/jornaldasoficinas.com\/pt\/author\/joredacao\/"}]}},"_links":{"self":[{"href":"https:\/\/jornaldasoficinas.com\/pt\/wp-json\/wp\/v2\/posts\/11747","targetHints":{"allow":["GET"]}}],"collection":[{"href":"https:\/\/jornaldasoficinas.com\/pt\/wp-json\/wp\/v2\/posts"}],"about":[{"href":"https:\/\/jornaldasoficinas.com\/pt\/wp-json\/wp\/v2\/types\/post"}],"author":[{"embeddable":true,"href":"https:\/\/jornaldasoficinas.com\/pt\/wp-json\/wp\/v2\/users\/15"}],"replies":[{"embeddable":true,"href":"https:\/\/jornaldasoficinas.com\/pt\/wp-json\/wp\/v2\/comments?post=11747"}],"version-history":[{"count":0,"href":"https:\/\/jornaldasoficinas.com\/pt\/wp-json\/wp\/v2\/posts\/11747\/revisions"}],"wp:featuredmedia":[{"embeddable":true,"href":"https:\/\/jornaldasoficinas.com\/pt\/wp-json\/wp\/v2\/media\/11746"}],"wp:attachment":[{"href":"https:\/\/jornaldasoficinas.com\/pt\/wp-json\/wp\/v2\/media?parent=11747"}],"wp:term":[{"taxonomy":"category","embeddable":true,"href":"https:\/\/jornaldasoficinas.com\/pt\/wp-json\/wp\/v2\/categories?post=11747"},{"taxonomy":"post_tag","embeddable":true,"href":"https:\/\/jornaldasoficinas.com\/pt\/wp-json\/wp\/v2\/tags?post=11747"}],"curies":[{"name":"wp","href":"https:\/\/api.w.org\/{rel}","templated":true}]}}