{"id":11823,"date":"2020-03-31T15:53:17","date_gmt":"2020-03-31T14:53:17","guid":{"rendered":"https:\/\/jornaldasoficinas.com\/pt\/?p=11823"},"modified":"2020-03-31T16:47:07","modified_gmt":"2020-03-31T15:47:07","slug":"bilstein-nomeada-golden-top-brand-2020","status":"publish","type":"post","link":"https:\/\/jornaldasoficinas.com\/pt\/bilstein-nomeada-golden-top-brand-2020\/","title":{"rendered":"Bilstein nomeada &#8220;Golden Top Brand 2020&#8221;"},"content":{"rendered":"<p><img loading=\"lazy\" decoding=\"async\" class=\"alignnone size-full wp-image-11822\" src=\"https:\/\/jornaldasoficinas.com\/pt\/wp-content\/uploads\/2020\/03\/TOPMARKE-2020-GOLD-KFZ-Sportfahrwerke_310330.jpg\" alt=\"03 - TOPMARKE-2020-GOLD-KFZ-Sportfahrwerke_310330\" width=\"1024\" height=\"582\" srcset=\"https:\/\/jornaldasoficinas.com\/pt\/wp-content\/uploads\/2020\/03\/TOPMARKE-2020-GOLD-KFZ-Sportfahrwerke_310330.jpg 1024w, https:\/\/jornaldasoficinas.com\/pt\/wp-content\/uploads\/2020\/03\/TOPMARKE-2020-GOLD-KFZ-Sportfahrwerke_310330-300x171.jpg 300w, https:\/\/jornaldasoficinas.com\/pt\/wp-content\/uploads\/2020\/03\/TOPMARKE-2020-GOLD-KFZ-Sportfahrwerke_310330-150x85.jpg 150w, https:\/\/jornaldasoficinas.com\/pt\/wp-content\/uploads\/2020\/03\/TOPMARKE-2020-GOLD-KFZ-Sportfahrwerke_310330-768x437.jpg 768w\" sizes=\"auto, (max-width: 1024px) 100vw, 1024px\" \/><\/p>\n<p><strong>Este ano, os leitores da revista Auto Zeitung voltaram a votar na &#8220;Top Brand&#8221;. A vota\u00e7\u00e3o de 2020 foi feita para um total de 11 categorias.<\/strong><\/p>\n<p>Pela 12.\u00aa vez consecutiva, a Bilstein garantiu o primeiro lugar na categoria &#8220;Suspens\u00f5es desportivas&#8221; e, portanto, tamb\u00e9m o selo &#8220;Golden Top Brands 2020&#8221;.<\/p>\n<p>28,2% de um total de 15.631 participantes escolheu o especialista em suspens\u00e3o da Ennepetal e, mais uma vez, colocaram a sua marca favorita no topo. Comparado com o ano anterior, a Bilstein conseguiu melhorar sua pr\u00f3pria pontua\u00e7\u00e3o em 2%.<\/p>\n","protected":false},"excerpt":{"rendered":"<p>Este ano, os leitores da revista&#8230;<\/p>\n","protected":false},"author":15,"featured_media":11822,"comment_status":"closed","ping_status":"closed","sticky":false,"template":"","format":"standard","meta":{"footnotes":""},"categories":[29],"tags":[1901,1012,1933],"class_list":["post-11823","post","type-post","status-publish","format-standard","has-post-thumbnail","hentry","category-empresas","tag-auto-zeitung","tag-bilstein","tag-golden-top-brands"],"yoast_head":"<!-- This site is optimized with the Yoast SEO plugin v27.4 - https:\/\/yoast.com\/product\/yoast-seo-wordpress\/ -->\n<title>Bilstein nomeada &quot;Golden Top Brand 2020&quot; - Jornal das Oficinas<\/title>\n<meta name=\"robots\" content=\"index, follow, max-snippet:-1, max-image-preview:large, max-video-preview:-1\" \/>\n<link rel=\"canonical\" href=\"https:\/\/jornaldasoficinas.com\/pt\/bilstein-nomeada-golden-top-brand-2020\/\" \/>\n<meta property=\"og:locale\" content=\"pt_PT\" \/>\n<meta property=\"og:type\" content=\"article\" \/>\n<meta property=\"og:title\" content=\"Bilstein nomeada &quot;Golden Top Brand 2020&quot; - Jornal das Oficinas\" \/>\n<meta property=\"og:description\" content=\"Este ano, os leitores da revista...\" \/>\n<meta property=\"og:url\" content=\"https:\/\/jornaldasoficinas.com\/pt\/bilstein-nomeada-golden-top-brand-2020\/\" \/>\n<meta property=\"og:site_name\" content=\"Jornal das Oficinas\" \/>\n<meta property=\"article:publisher\" content=\"https:\/\/www.facebook.com\/jornaloficinas\" \/>\n<meta property=\"article:published_time\" content=\"2020-03-31T14:53:17+00:00\" \/>\n<meta property=\"article:modified_time\" content=\"2020-03-31T15:47:07+00:00\" \/>\n<meta property=\"og:image\" content=\"https:\/\/jornaldasoficinas.com\/pt\/wp-content\/uploads\/2020\/03\/TOPMARKE-2020-GOLD-KFZ-Sportfahrwerke_310330.jpg\" \/>\n\t<meta property=\"og:image:width\" content=\"1024\" \/>\n\t<meta property=\"og:image:height\" content=\"582\" \/>\n\t<meta property=\"og:image:type\" content=\"image\/jpeg\" \/>\n<meta name=\"author\" content=\"Reda\u00e7\u00e3o JO\" \/>\n<meta name=\"twitter:card\" content=\"summary_large_image\" \/>\n<meta name=\"twitter:creator\" content=\"@jornaloficinas\" \/>\n<meta name=\"twitter:site\" content=\"@jornaloficinas\" \/>\n<meta name=\"twitter:label1\" content=\"Escrito por\" \/>\n\t<meta name=\"twitter:data1\" content=\"Reda\u00e7\u00e3o JO\" \/>\n<script type=\"application\/ld+json\" class=\"yoast-schema-graph\">{\"@context\":\"https:\\\/\\\/schema.org\",\"@graph\":[{\"@type\":\"Article\",\"@id\":\"https:\\\/\\\/jornaldasoficinas.com\\\/pt\\\/bilstein-nomeada-golden-top-brand-2020\\\/#article\",\"isPartOf\":{\"@id\":\"https:\\\/\\\/jornaldasoficinas.com\\\/pt\\\/bilstein-nomeada-golden-top-brand-2020\\\/\"},\"author\":{\"name\":\"Reda\u00e7\u00e3o JO\",\"@id\":\"https:\\\/\\\/jornaldasoficinas.com\\\/pt\\\/#\\\/schema\\\/person\\\/a38eef5de2c41d9e7c9ac10141afddf3\"},\"headline\":\"Bilstein nomeada &#8220;Golden Top Brand 2020&#8221;\",\"datePublished\":\"2020-03-31T14:53:17+00:00\",\"dateModified\":\"2020-03-31T15:47:07+00:00\",\"mainEntityOfPage\":{\"@id\":\"https:\\\/\\\/jornaldasoficinas.com\\\/pt\\\/bilstein-nomeada-golden-top-brand-2020\\\/\"},\"wordCount\":92,\"publisher\":{\"@id\":\"https:\\\/\\\/jornaldasoficinas.com\\\/pt\\\/#organization\"},\"image\":{\"@id\":\"https:\\\/\\\/jornaldasoficinas.com\\\/pt\\\/bilstein-nomeada-golden-top-brand-2020\\\/#primaryimage\"},\"thumbnailUrl\":\"https:\\\/\\\/jornaldasoficinas.com\\\/pt\\\/wp-content\\\/uploads\\\/2020\\\/03\\\/TOPMARKE-2020-GOLD-KFZ-Sportfahrwerke_310330.jpg\",\"keywords\":[\"Auto Zeitung\",\"Bilstein\",\"Golden Top Brands\"],\"articleSection\":[\"Empresas\"],\"inLanguage\":\"pt-PT\"},{\"@type\":\"WebPage\",\"@id\":\"https:\\\/\\\/jornaldasoficinas.com\\\/pt\\\/bilstein-nomeada-golden-top-brand-2020\\\/\",\"url\":\"https:\\\/\\\/jornaldasoficinas.com\\\/pt\\\/bilstein-nomeada-golden-top-brand-2020\\\/\",\"name\":\"Bilstein nomeada \\\"Golden Top Brand 2020\\\" - Jornal das Oficinas\",\"isPartOf\":{\"@id\":\"https:\\\/\\\/jornaldasoficinas.com\\\/pt\\\/#website\"},\"primaryImageOfPage\":{\"@id\":\"https:\\\/\\\/jornaldasoficinas.com\\\/pt\\\/bilstein-nomeada-golden-top-brand-2020\\\/#primaryimage\"},\"image\":{\"@id\":\"https:\\\/\\\/jornaldasoficinas.com\\\/pt\\\/bilstein-nomeada-golden-top-brand-2020\\\/#primaryimage\"},\"thumbnailUrl\":\"https:\\\/\\\/jornaldasoficinas.com\\\/pt\\\/wp-content\\\/uploads\\\/2020\\\/03\\\/TOPMARKE-2020-GOLD-KFZ-Sportfahrwerke_310330.jpg\",\"datePublished\":\"2020-03-31T14:53:17+00:00\",\"dateModified\":\"2020-03-31T15:47:07+00:00\",\"breadcrumb\":{\"@id\":\"https:\\\/\\\/jornaldasoficinas.com\\\/pt\\\/bilstein-nomeada-golden-top-brand-2020\\\/#breadcrumb\"},\"inLanguage\":\"pt-PT\",\"potentialAction\":[{\"@type\":\"ReadAction\",\"target\":[\"https:\\\/\\\/jornaldasoficinas.com\\\/pt\\\/bilstein-nomeada-golden-top-brand-2020\\\/\"]}]},{\"@type\":\"ImageObject\",\"inLanguage\":\"pt-PT\",\"@id\":\"https:\\\/\\\/jornaldasoficinas.com\\\/pt\\\/bilstein-nomeada-golden-top-brand-2020\\\/#primaryimage\",\"url\":\"https:\\\/\\\/jornaldasoficinas.com\\\/pt\\\/wp-content\\\/uploads\\\/2020\\\/03\\\/TOPMARKE-2020-GOLD-KFZ-Sportfahrwerke_310330.jpg\",\"contentUrl\":\"https:\\\/\\\/jornaldasoficinas.com\\\/pt\\\/wp-content\\\/uploads\\\/2020\\\/03\\\/TOPMARKE-2020-GOLD-KFZ-Sportfahrwerke_310330.jpg\",\"width\":1024,\"height\":582,\"caption\":\"03 - TOPMARKE-2020-GOLD-KFZ-Sportfahrwerke_310330\"},{\"@type\":\"BreadcrumbList\",\"@id\":\"https:\\\/\\\/jornaldasoficinas.com\\\/pt\\\/bilstein-nomeada-golden-top-brand-2020\\\/#breadcrumb\",\"itemListElement\":[{\"@type\":\"ListItem\",\"position\":1,\"name\":\"In\u00edcio\",\"item\":\"https:\\\/\\\/jornaldasoficinas.com\\\/pt\\\/\"},{\"@type\":\"ListItem\",\"position\":2,\"name\":\"Bilstein nomeada &#8220;Golden Top Brand 2020&#8221;\"}]},{\"@type\":\"WebSite\",\"@id\":\"https:\\\/\\\/jornaldasoficinas.com\\\/pt\\\/#website\",\"url\":\"https:\\\/\\\/jornaldasoficinas.com\\\/pt\\\/\",\"name\":\"Jornal das Oficinas\",\"description\":\"Jornal independente do Aftermarket Autom\u00f3vel em Portugal\",\"publisher\":{\"@id\":\"https:\\\/\\\/jornaldasoficinas.com\\\/pt\\\/#organization\"},\"potentialAction\":[{\"@type\":\"SearchAction\",\"target\":{\"@type\":\"EntryPoint\",\"urlTemplate\":\"https:\\\/\\\/jornaldasoficinas.com\\\/pt\\\/?s={search_term_string}\"},\"query-input\":{\"@type\":\"PropertyValueSpecification\",\"valueRequired\":true,\"valueName\":\"search_term_string\"}}],\"inLanguage\":\"pt-PT\"},{\"@type\":\"Organization\",\"@id\":\"https:\\\/\\\/jornaldasoficinas.com\\\/pt\\\/#organization\",\"name\":\"Jornal das Oficinas\",\"url\":\"https:\\\/\\\/jornaldasoficinas.com\\\/pt\\\/\",\"logo\":{\"@type\":\"ImageObject\",\"inLanguage\":\"pt-PT\",\"@id\":\"https:\\\/\\\/jornaldasoficinas.com\\\/pt\\\/#\\\/schema\\\/logo\\\/image\\\/\",\"url\":\"https:\\\/\\\/jornaldasoficinas.com\\\/pt\\\/wp-content\\\/uploads\\\/logoJO-SEO.png\",\"contentUrl\":\"https:\\\/\\\/jornaldasoficinas.com\\\/pt\\\/wp-content\\\/uploads\\\/logoJO-SEO.png\",\"width\":285,\"height\":450,\"caption\":\"Jornal das Oficinas\"},\"image\":{\"@id\":\"https:\\\/\\\/jornaldasoficinas.com\\\/pt\\\/#\\\/schema\\\/logo\\\/image\\\/\"},\"sameAs\":[\"https:\\\/\\\/www.facebook.com\\\/jornaloficinas\",\"https:\\\/\\\/x.com\\\/jornaloficinas\",\"https:\\\/\\\/www.instagram.com\\\/jornal_oficinas\\\/\",\"https:\\\/\\\/www.linkedin.com\\\/company\\\/jornal-das-oficinas\\\/\",\"https:\\\/\\\/www.youtube.com\\\/channel\\\/UCbQZBqtcvV-oSQrr7RzINGg\"]},{\"@type\":\"Person\",\"@id\":\"https:\\\/\\\/jornaldasoficinas.com\\\/pt\\\/#\\\/schema\\\/person\\\/a38eef5de2c41d9e7c9ac10141afddf3\",\"name\":\"Reda\u00e7\u00e3o JO\",\"image\":{\"@type\":\"ImageObject\",\"inLanguage\":\"pt-PT\",\"@id\":\"https:\\\/\\\/secure.gravatar.com\\\/avatar\\\/71f2fa71737ad68a84fea94bc708ddac8ea5b0c4788dc2ad202f3ccb2887742f?s=96&d=wp_user_avatar&r=g\",\"url\":\"https:\\\/\\\/secure.gravatar.com\\\/avatar\\\/71f2fa71737ad68a84fea94bc708ddac8ea5b0c4788dc2ad202f3ccb2887742f?s=96&d=wp_user_avatar&r=g\",\"contentUrl\":\"https:\\\/\\\/secure.gravatar.com\\\/avatar\\\/71f2fa71737ad68a84fea94bc708ddac8ea5b0c4788dc2ad202f3ccb2887742f?s=96&d=wp_user_avatar&r=g\",\"caption\":\"Reda\u00e7\u00e3o JO\"},\"url\":\"https:\\\/\\\/jornaldasoficinas.com\\\/pt\\\/author\\\/joredacao\\\/\"}]}<\/script>\n<!-- \/ Yoast SEO plugin. -->","yoast_head_json":{"title":"Bilstein nomeada \"Golden Top Brand 2020\" - Jornal das Oficinas","robots":{"index":"index","follow":"follow","max-snippet":"max-snippet:-1","max-image-preview":"max-image-preview:large","max-video-preview":"max-video-preview:-1"},"canonical":"https:\/\/jornaldasoficinas.com\/pt\/bilstein-nomeada-golden-top-brand-2020\/","og_locale":"pt_PT","og_type":"article","og_title":"Bilstein nomeada \"Golden Top Brand 2020\" - Jornal das Oficinas","og_description":"Este ano, os leitores da revista...","og_url":"https:\/\/jornaldasoficinas.com\/pt\/bilstein-nomeada-golden-top-brand-2020\/","og_site_name":"Jornal das Oficinas","article_publisher":"https:\/\/www.facebook.com\/jornaloficinas","article_published_time":"2020-03-31T14:53:17+00:00","article_modified_time":"2020-03-31T15:47:07+00:00","og_image":[{"width":1024,"height":582,"url":"https:\/\/jornaldasoficinas.com\/pt\/wp-content\/uploads\/2020\/03\/TOPMARKE-2020-GOLD-KFZ-Sportfahrwerke_310330.jpg","type":"image\/jpeg"}],"author":"Reda\u00e7\u00e3o JO","twitter_card":"summary_large_image","twitter_creator":"@jornaloficinas","twitter_site":"@jornaloficinas","twitter_misc":{"Escrito por":"Reda\u00e7\u00e3o JO"},"schema":{"@context":"https:\/\/schema.org","@graph":[{"@type":"Article","@id":"https:\/\/jornaldasoficinas.com\/pt\/bilstein-nomeada-golden-top-brand-2020\/#article","isPartOf":{"@id":"https:\/\/jornaldasoficinas.com\/pt\/bilstein-nomeada-golden-top-brand-2020\/"},"author":{"name":"Reda\u00e7\u00e3o JO","@id":"https:\/\/jornaldasoficinas.com\/pt\/#\/schema\/person\/a38eef5de2c41d9e7c9ac10141afddf3"},"headline":"Bilstein nomeada &#8220;Golden Top Brand 2020&#8221;","datePublished":"2020-03-31T14:53:17+00:00","dateModified":"2020-03-31T15:47:07+00:00","mainEntityOfPage":{"@id":"https:\/\/jornaldasoficinas.com\/pt\/bilstein-nomeada-golden-top-brand-2020\/"},"wordCount":92,"publisher":{"@id":"https:\/\/jornaldasoficinas.com\/pt\/#organization"},"image":{"@id":"https:\/\/jornaldasoficinas.com\/pt\/bilstein-nomeada-golden-top-brand-2020\/#primaryimage"},"thumbnailUrl":"https:\/\/jornaldasoficinas.com\/pt\/wp-content\/uploads\/2020\/03\/TOPMARKE-2020-GOLD-KFZ-Sportfahrwerke_310330.jpg","keywords":["Auto Zeitung","Bilstein","Golden Top Brands"],"articleSection":["Empresas"],"inLanguage":"pt-PT"},{"@type":"WebPage","@id":"https:\/\/jornaldasoficinas.com\/pt\/bilstein-nomeada-golden-top-brand-2020\/","url":"https:\/\/jornaldasoficinas.com\/pt\/bilstein-nomeada-golden-top-brand-2020\/","name":"Bilstein nomeada \"Golden Top Brand 2020\" - Jornal das Oficinas","isPartOf":{"@id":"https:\/\/jornaldasoficinas.com\/pt\/#website"},"primaryImageOfPage":{"@id":"https:\/\/jornaldasoficinas.com\/pt\/bilstein-nomeada-golden-top-brand-2020\/#primaryimage"},"image":{"@id":"https:\/\/jornaldasoficinas.com\/pt\/bilstein-nomeada-golden-top-brand-2020\/#primaryimage"},"thumbnailUrl":"https:\/\/jornaldasoficinas.com\/pt\/wp-content\/uploads\/2020\/03\/TOPMARKE-2020-GOLD-KFZ-Sportfahrwerke_310330.jpg","datePublished":"2020-03-31T14:53:17+00:00","dateModified":"2020-03-31T15:47:07+00:00","breadcrumb":{"@id":"https:\/\/jornaldasoficinas.com\/pt\/bilstein-nomeada-golden-top-brand-2020\/#breadcrumb"},"inLanguage":"pt-PT","potentialAction":[{"@type":"ReadAction","target":["https:\/\/jornaldasoficinas.com\/pt\/bilstein-nomeada-golden-top-brand-2020\/"]}]},{"@type":"ImageObject","inLanguage":"pt-PT","@id":"https:\/\/jornaldasoficinas.com\/pt\/bilstein-nomeada-golden-top-brand-2020\/#primaryimage","url":"https:\/\/jornaldasoficinas.com\/pt\/wp-content\/uploads\/2020\/03\/TOPMARKE-2020-GOLD-KFZ-Sportfahrwerke_310330.jpg","contentUrl":"https:\/\/jornaldasoficinas.com\/pt\/wp-content\/uploads\/2020\/03\/TOPMARKE-2020-GOLD-KFZ-Sportfahrwerke_310330.jpg","width":1024,"height":582,"caption":"03 - TOPMARKE-2020-GOLD-KFZ-Sportfahrwerke_310330"},{"@type":"BreadcrumbList","@id":"https:\/\/jornaldasoficinas.com\/pt\/bilstein-nomeada-golden-top-brand-2020\/#breadcrumb","itemListElement":[{"@type":"ListItem","position":1,"name":"In\u00edcio","item":"https:\/\/jornaldasoficinas.com\/pt\/"},{"@type":"ListItem","position":2,"name":"Bilstein nomeada &#8220;Golden Top Brand 2020&#8221;"}]},{"@type":"WebSite","@id":"https:\/\/jornaldasoficinas.com\/pt\/#website","url":"https:\/\/jornaldasoficinas.com\/pt\/","name":"Jornal das Oficinas","description":"Jornal independente do Aftermarket Autom\u00f3vel em Portugal","publisher":{"@id":"https:\/\/jornaldasoficinas.com\/pt\/#organization"},"potentialAction":[{"@type":"SearchAction","target":{"@type":"EntryPoint","urlTemplate":"https:\/\/jornaldasoficinas.com\/pt\/?s={search_term_string}"},"query-input":{"@type":"PropertyValueSpecification","valueRequired":true,"valueName":"search_term_string"}}],"inLanguage":"pt-PT"},{"@type":"Organization","@id":"https:\/\/jornaldasoficinas.com\/pt\/#organization","name":"Jornal das Oficinas","url":"https:\/\/jornaldasoficinas.com\/pt\/","logo":{"@type":"ImageObject","inLanguage":"pt-PT","@id":"https:\/\/jornaldasoficinas.com\/pt\/#\/schema\/logo\/image\/","url":"https:\/\/jornaldasoficinas.com\/pt\/wp-content\/uploads\/logoJO-SEO.png","contentUrl":"https:\/\/jornaldasoficinas.com\/pt\/wp-content\/uploads\/logoJO-SEO.png","width":285,"height":450,"caption":"Jornal das Oficinas"},"image":{"@id":"https:\/\/jornaldasoficinas.com\/pt\/#\/schema\/logo\/image\/"},"sameAs":["https:\/\/www.facebook.com\/jornaloficinas","https:\/\/x.com\/jornaloficinas","https:\/\/www.instagram.com\/jornal_oficinas\/","https:\/\/www.linkedin.com\/company\/jornal-das-oficinas\/","https:\/\/www.youtube.com\/channel\/UCbQZBqtcvV-oSQrr7RzINGg"]},{"@type":"Person","@id":"https:\/\/jornaldasoficinas.com\/pt\/#\/schema\/person\/a38eef5de2c41d9e7c9ac10141afddf3","name":"Reda\u00e7\u00e3o JO","image":{"@type":"ImageObject","inLanguage":"pt-PT","@id":"https:\/\/secure.gravatar.com\/avatar\/71f2fa71737ad68a84fea94bc708ddac8ea5b0c4788dc2ad202f3ccb2887742f?s=96&d=wp_user_avatar&r=g","url":"https:\/\/secure.gravatar.com\/avatar\/71f2fa71737ad68a84fea94bc708ddac8ea5b0c4788dc2ad202f3ccb2887742f?s=96&d=wp_user_avatar&r=g","contentUrl":"https:\/\/secure.gravatar.com\/avatar\/71f2fa71737ad68a84fea94bc708ddac8ea5b0c4788dc2ad202f3ccb2887742f?s=96&d=wp_user_avatar&r=g","caption":"Reda\u00e7\u00e3o JO"},"url":"https:\/\/jornaldasoficinas.com\/pt\/author\/joredacao\/"}]}},"_links":{"self":[{"href":"https:\/\/jornaldasoficinas.com\/pt\/wp-json\/wp\/v2\/posts\/11823","targetHints":{"allow":["GET"]}}],"collection":[{"href":"https:\/\/jornaldasoficinas.com\/pt\/wp-json\/wp\/v2\/posts"}],"about":[{"href":"https:\/\/jornaldasoficinas.com\/pt\/wp-json\/wp\/v2\/types\/post"}],"author":[{"embeddable":true,"href":"https:\/\/jornaldasoficinas.com\/pt\/wp-json\/wp\/v2\/users\/15"}],"replies":[{"embeddable":true,"href":"https:\/\/jornaldasoficinas.com\/pt\/wp-json\/wp\/v2\/comments?post=11823"}],"version-history":[{"count":0,"href":"https:\/\/jornaldasoficinas.com\/pt\/wp-json\/wp\/v2\/posts\/11823\/revisions"}],"wp:featuredmedia":[{"embeddable":true,"href":"https:\/\/jornaldasoficinas.com\/pt\/wp-json\/wp\/v2\/media\/11822"}],"wp:attachment":[{"href":"https:\/\/jornaldasoficinas.com\/pt\/wp-json\/wp\/v2\/media?parent=11823"}],"wp:term":[{"taxonomy":"category","embeddable":true,"href":"https:\/\/jornaldasoficinas.com\/pt\/wp-json\/wp\/v2\/categories?post=11823"},{"taxonomy":"post_tag","embeddable":true,"href":"https:\/\/jornaldasoficinas.com\/pt\/wp-json\/wp\/v2\/tags?post=11823"}],"curies":[{"name":"wp","href":"https:\/\/api.w.org\/{rel}","templated":true}]}}