{"id":120429,"date":"2026-08-31T08:00:40","date_gmt":"2026-08-31T07:00:40","guid":{"rendered":"https:\/\/jornaldasoficinas.com\/pt\/?p=120429"},"modified":"2026-08-27T23:41:30","modified_gmt":"2026-08-27T22:41:30","slug":"jornal-das-oficinas-de-setembro-2026-disponivel-online","status":"publish","type":"post","link":"https:\/\/jornaldasoficinas.com\/pt\/jornal-das-oficinas-de-setembro-2026-disponivel-online\/","title":{"rendered":"Jornal das Oficinas de setembro 2026 dispon\u00edvel online"},"content":{"rendered":"<p><img loading=\"lazy\" decoding=\"async\" class=\"alignnone size-full wp-image-120446\" src=\"https:\/\/jornaldasoficinas.com\/pt\/wp-content\/uploads\/JO230_site.png\" alt=\"\" width=\"1024\" height=\"581\" srcset=\"https:\/\/jornaldasoficinas.com\/pt\/wp-content\/uploads\/JO230_site.png 1024w, https:\/\/jornaldasoficinas.com\/pt\/wp-content\/uploads\/JO230_site-300x170.png 300w, https:\/\/jornaldasoficinas.com\/pt\/wp-content\/uploads\/JO230_site-150x85.png 150w, https:\/\/jornaldasoficinas.com\/pt\/wp-content\/uploads\/JO230_site-768x436.png 768w\" sizes=\"auto, (max-width: 1024px) 100vw, 1024px\" \/><\/p>\n<p><strong>O artigo de destaque da edi\u00e7\u00e3o de setembro de 2026, do Jornal das Oficinas, \u00e9 sobre as Redes de Oficinas. Num mercado cada vez mais exigente e competitivo, as redes oferecem recursos, imagem, orienta\u00e7\u00e3o e efici\u00eancia, permitindo que oficinas de diferentes dimens\u00f5es consigam competir em condi\u00e7\u00f5es mais equilibradas<\/strong><br \/>\n<strong>\u00a0<\/strong><br \/>\nSal\u00e3o <a href=\"https:\/\/automechanika.messefrankfurt.com\/frankfurt\/en.html\" target=\"_blank\" rel=\"noopener\">Automechanika Frankfurt 2026<\/a>. A Automechanika Frankfurt regressa entre os dias 8 e 12 de setembro de 2026 para refor\u00e7ar a sua posi\u00e7\u00e3o como o maior e mais influente encontro mundial dedicado ao mercado de p\u00f3s-venda autom\u00f3vel. O recinto da Messe Frankfurt volta a receber milhares de profissionais, fabricantes, distribuidores, oficinas, fornecedores de tecnologia e especialistas de toda a cadeia de valor do setor, numa edi\u00e7\u00e3o que confirma o dinamismo da ind\u00fastria.<\/p>\n<p>Competi\u00e7\u00e3o <a href=\"https:\/\/www.apcomunicacao.com\/challenge-oficinas\" target=\"_blank\" rel=\"noopener\">Challenge Oficinas 2026<\/a>. Est\u00e1 tudo preparado para a grande final da IX edi\u00e7\u00e3o da Competi\u00e7\u00e3o Challenge Oficinas, que ter\u00e1 lugar no pr\u00f3ximo dia 26 de setembro de 2026, nas instala\u00e7\u00f5es da <a href=\"https:\/\/www.pro4matic.com\/\" target=\"_blank\" rel=\"noopener\">Pro4matic Car Service<\/a>, em Montemor-o-Velho. Organizado pelo Jornal das Oficinas, em parceria com o <a href=\"https:\/\/grupeina.com\/\" target=\"_blank\" rel=\"noopener\">Grup EINA<\/a>, o evento desafia os participantes a demonstrar compet\u00eancias t\u00e9cnicas, organizacionais e estrat\u00e9gicas, privilegiando a aprendizagem, a inova\u00e7\u00e3o e a partilha de conhecimento.<\/p>\n<p><a href=\"https:\/\/caetano.pt\/caetano-parts\/\" target=\"_blank\" rel=\"noopener\">Caetano Parts<\/a> abre novas instala\u00e7\u00f5es no Montijo e refor\u00e7a cobertura nacional. A Caetano Parts acaba de refor\u00e7ar a sua opera\u00e7\u00e3o em Portugal com a abertura de uma nova central de pe\u00e7as no Montijo. O investimento amplia a capacidade log\u00edstica da empresa e consolida uma rede assente em dois polos estrat\u00e9gicos: Vila Nova de Gaia e Montijo.<\/p>\n<p>Entrevistas \u2013 Nesta edi\u00e7\u00e3o, pode ler as seguintes entrevistas:<\/p>\n<p>Alcino Sousa e Paulo Rodrigues, gerentes <a href=\"https:\/\/www.autorecto.com\/\" target=\"_blank\" rel=\"noopener\">Auto Recto<\/a><br \/>\nAnt\u00f3nio Martins, gerente da <a href=\"https:\/\/zoomtyre.pt\/\" target=\"_blank\" rel=\"noopener\">Zoomtyre<\/a> e Maria Martins, diretora de marketing da Zoomtyre<br \/>\nAnt\u00f3nio Cardoso, respons\u00e1vel t\u00e9cnico da <a href=\"https:\/\/www.rupes.com\/\" target=\"_blank\" rel=\"noopener\">RUPES Portugal<\/a><br \/>\nEnno Straten, diretor-geral aftermarket da <a href=\"https:\/\/www.aumovio.com\/\" target=\"_blank\" rel=\"noopener\">Aumovio<\/a><br \/>\nFilipe Bandeira, diretor-geral da <a href=\"https:\/\/www.abtyres.pt\/\" target=\"_blank\" rel=\"noopener\">AB Tyres<\/a><br \/>\nGennaro Chianese, diretor geral da <a href=\"https:\/\/birth.it\/\" target=\"_blank\" rel=\"noopener\">Original Birth<\/a><br \/>\nJorge Carvalho, diretor-geral da <a href=\"https:\/\/www.interescape.com\/\" target=\"_blank\" rel=\"noopener\">Interescape<\/a><br \/>\nJos\u00e9 Pedro, diretor-geral <a href=\"https:\/\/caracademy.pt\/\" target=\"_blank\" rel=\"noopener\">Car Academy<\/a><br \/>\nLars Peters, gestor de contas para Portugal e Espanha da <a href=\"https:\/\/www.meyle.com\/\" target=\"_blank\" rel=\"noopener\">MEYLE<\/a><br \/>\nPierre Thibaudat, Diretor-Geral da <a href=\"https:\/\/www.adpa.eu\/\" target=\"_blank\" rel=\"noopener\">ADPA<\/a> &#8211; Associa\u00e7\u00e3o Europeia de Editores de Dados Autom\u00f3veis<br \/>\nS\u00e9rgio Gomes, Sales Manager da <a href=\"https:\/\/tmdfriction.com\/\" target=\"_blank\" rel=\"noopener\">TMD Friction Portugal<\/a><\/p>\n<p>Sustentabilidade na oficina. Durante muitos anos, as oficinas de repara\u00e7\u00e3o autom\u00f3vel desempenharam um papel silencioso,<br \/>\npor\u00e9m decisivo, na sustentabilidade e na economia circular. No entanto, nem sempre o setor teve consci\u00eancia plena do valor<br \/>\nestrat\u00e9gico \u2014 econ\u00f3mico, social e ambiental \u2014 que esse trabalho representa para os neg\u00f3cios e para a sociedade.<\/p>\n<p>Oficina do M\u00eas \u2013 <a href=\"https:\/\/benecar.pt\/\" target=\"_blank\" rel=\"noopener\">Benecar<\/a>. Atrav\u00e9s de uma estrutura p\u00f3s-venda com resposta pr\u00f3pria e de uma rela\u00e7\u00e3o de proximidade com os clientes, a Benecar consolidou um modelo de neg\u00f3cio onde o acompanhamento ap\u00f3s a compra assume um papel t\u00e3o importante como a venda da viatura.<\/p>\n<p>Produto &#8211; ASTOOLS e DIXA refor\u00e7am portef\u00f3lio da <a href=\"https:\/\/www.meganor.com\/\" target=\"_blank\" rel=\"noopener\">Meganor<\/a>. Com uma oferta que cruza equipamentos oficinais, solu\u00e7\u00f5es de eleva\u00e7\u00e3o, organiza\u00e7\u00e3o do espa\u00e7o de trabalho e consum\u00edveis para o p\u00f3s-venda, a Meganor refor\u00e7a a sua presen\u00e7a no mercado atrav\u00e9s das marcas ASTOOLS e DIXA.<\/p>\n<p>Produto \u2013 Gama de suspens\u00e3o <a href=\"https:\/\/snr-garage.com\/\" target=\"_blank\" rel=\"noopener\">SNR<\/a>. A gama de suspens\u00e3o SNR \u00e9 composta por mais de 1 300 refer\u00eancias, distribu\u00eddas pelas<br \/>\ngamas de amortecedores, kits de suspens\u00e3o dianteiros, traseiros e superkits, onde combina a sua experi\u00eancia nas duas gamas anteriores (amortecedor + kit de suspens\u00e3o).<\/p>\n<p>Boas leituras e at\u00e9 \u00e0 pr\u00f3xima edi\u00e7\u00e3o!<\/p>\n<p><iframe loading=\"lazy\" src=\"https:\/\/www.yumpu.com\/pt\/embed\/view\/b9Gt52SWjyqf1VFw\" width=\"512px\" height=\"384px\" frameborder=\"0\" allowfullscreen=\"allowfullscreen\"><\/iframe><\/p>\n","protected":false},"excerpt":{"rendered":"<p>O artigo de destaque da edi\u00e7\u00e3o&#8230;<\/p>\n","protected":false},"author":15,"featured_media":120446,"comment_status":"closed","ping_status":"closed","sticky":false,"template":"","format":"standard","meta":{"footnotes":""},"categories":[411],"tags":[7011,2879,13335,2060,15704,711,1006,2529,69,2073,868,3079,6292,15703,15412],"class_list":["post-120429","post","type-post","status-publish","format-standard","has-post-thumbnail","hentry","category-edicoes-jo","tag-ab-tyres","tag-adpa","tag-aumovio","tag-auto-recto","tag-benecar","tag-car-academy","tag-interescape","tag-meganor","tag-meyle","tag-original-birth","tag-rupes","tag-setembro","tag-snr","tag-tmd-friction-portugal","tag-zoomtyre"],"yoast_head":"<!-- This site is optimized with the Yoast SEO plugin v27.8 - https:\/\/yoast.com\/product\/yoast-seo-wordpress\/ -->\n<title>Jornal das Oficinas de setembro 2026 dispon\u00edvel online - Jornal das Oficinas<\/title>\n<meta name=\"description\" content=\"O artigo de destaque da edi\u00e7\u00e3o de setembro de 2026, do Jornal das Oficinas, \u00e9 dedicado \u00e0s Redes de Oficinas\" \/>\n<meta name=\"robots\" content=\"noindex, follow, max-snippet:-1, max-image-preview:large, max-video-preview:-1\" \/>\n<meta property=\"og:locale\" content=\"pt_PT\" \/>\n<meta property=\"og:type\" content=\"article\" \/>\n<meta property=\"og:title\" content=\"Jornal das Oficinas de setembro 2026 dispon\u00edvel online - Jornal das Oficinas\" \/>\n<meta property=\"og:description\" content=\"O artigo de destaque da edi\u00e7\u00e3o de setembro de 2026, do Jornal das Oficinas, \u00e9 dedicado \u00e0s Redes de Oficinas\" \/>\n<meta property=\"og:url\" content=\"https:\/\/jornaldasoficinas.com\/pt\/jornal-das-oficinas-de-setembro-2026-disponivel-online\/\" \/>\n<meta property=\"og:site_name\" content=\"Jornal das Oficinas\" \/>\n<meta property=\"article:publisher\" content=\"https:\/\/www.facebook.com\/jornaloficinas\" \/>\n<meta property=\"article:published_time\" content=\"2026-08-31T07:00:40+00:00\" \/>\n<meta property=\"og:image\" content=\"https:\/\/jornaldasoficinas.com\/pt\/wp-content\/uploads\/JO230_site.png\" \/>\n\t<meta property=\"og:image:width\" content=\"1024\" \/>\n\t<meta property=\"og:image:height\" content=\"581\" \/>\n\t<meta property=\"og:image:type\" content=\"image\/png\" \/>\n<meta name=\"author\" content=\"Reda\u00e7\u00e3o JO\" \/>\n<meta name=\"twitter:card\" content=\"summary_large_image\" \/>\n<meta name=\"twitter:creator\" content=\"@jornaloficinas\" \/>\n<meta name=\"twitter:site\" content=\"@jornaloficinas\" \/>\n<meta name=\"twitter:label1\" content=\"Escrito por\" \/>\n\t<meta name=\"twitter:data1\" content=\"Reda\u00e7\u00e3o JO\" \/>\n\t<meta name=\"twitter:label2\" content=\"Tempo estimado de leitura\" \/>\n\t<meta name=\"twitter:data2\" content=\"4 minutos\" \/>\n<script type=\"application\/ld+json\" class=\"yoast-schema-graph\">{\"@context\":\"https:\\\/\\\/schema.org\",\"@graph\":[{\"@type\":\"Article\",\"@id\":\"https:\\\/\\\/jornaldasoficinas.com\\\/pt\\\/jornal-das-oficinas-de-setembro-2026-disponivel-online\\\/#article\",\"isPartOf\":{\"@id\":\"https:\\\/\\\/jornaldasoficinas.com\\\/pt\\\/jornal-das-oficinas-de-setembro-2026-disponivel-online\\\/\"},\"author\":{\"name\":\"Reda\u00e7\u00e3o JO\",\"@id\":\"https:\\\/\\\/jornaldasoficinas.com\\\/pt\\\/#\\\/schema\\\/person\\\/a38eef5de2c41d9e7c9ac10141afddf3\"},\"headline\":\"Jornal das Oficinas de setembro 2026 dispon\u00edvel online\",\"datePublished\":\"2026-08-31T07:00:40+00:00\",\"mainEntityOfPage\":{\"@id\":\"https:\\\/\\\/jornaldasoficinas.com\\\/pt\\\/jornal-das-oficinas-de-setembro-2026-disponivel-online\\\/\"},\"wordCount\":597,\"publisher\":{\"@id\":\"https:\\\/\\\/jornaldasoficinas.com\\\/pt\\\/#organization\"},\"image\":{\"@id\":\"https:\\\/\\\/jornaldasoficinas.com\\\/pt\\\/jornal-das-oficinas-de-setembro-2026-disponivel-online\\\/#primaryimage\"},\"thumbnailUrl\":\"https:\\\/\\\/jornaldasoficinas.com\\\/pt\\\/wp-content\\\/uploads\\\/JO230_site.png\",\"keywords\":[\"AB Tyres\",\"ADPA\",\"AUMOVIO\",\"Auto Recto\",\"Benecar\",\"Car Academy\",\"Interescape\",\"Meganor\",\"MEYLE\",\"Original Birth\",\"Rupes\",\"setembro\",\"SNR\",\"TMD Friction Portugal\",\"Zoomtyre\"],\"articleSection\":[\"Edi\u00e7\u00f5es JO\"],\"inLanguage\":\"pt-PT\"},{\"@type\":\"WebPage\",\"@id\":\"https:\\\/\\\/jornaldasoficinas.com\\\/pt\\\/jornal-das-oficinas-de-setembro-2026-disponivel-online\\\/\",\"url\":\"https:\\\/\\\/jornaldasoficinas.com\\\/pt\\\/jornal-das-oficinas-de-setembro-2026-disponivel-online\\\/\",\"name\":\"Jornal das Oficinas de setembro 2026 dispon\u00edvel online - Jornal das Oficinas\",\"isPartOf\":{\"@id\":\"https:\\\/\\\/jornaldasoficinas.com\\\/pt\\\/#website\"},\"primaryImageOfPage\":{\"@id\":\"https:\\\/\\\/jornaldasoficinas.com\\\/pt\\\/jornal-das-oficinas-de-setembro-2026-disponivel-online\\\/#primaryimage\"},\"image\":{\"@id\":\"https:\\\/\\\/jornaldasoficinas.com\\\/pt\\\/jornal-das-oficinas-de-setembro-2026-disponivel-online\\\/#primaryimage\"},\"thumbnailUrl\":\"https:\\\/\\\/jornaldasoficinas.com\\\/pt\\\/wp-content\\\/uploads\\\/JO230_site.png\",\"datePublished\":\"2026-08-31T07:00:40+00:00\",\"description\":\"O artigo de destaque da edi\u00e7\u00e3o de setembro de 2026, do Jornal das Oficinas, \u00e9 dedicado \u00e0s Redes de Oficinas\",\"breadcrumb\":{\"@id\":\"https:\\\/\\\/jornaldasoficinas.com\\\/pt\\\/jornal-das-oficinas-de-setembro-2026-disponivel-online\\\/#breadcrumb\"},\"inLanguage\":\"pt-PT\",\"potentialAction\":[{\"@type\":\"ReadAction\",\"target\":[\"https:\\\/\\\/jornaldasoficinas.com\\\/pt\\\/jornal-das-oficinas-de-setembro-2026-disponivel-online\\\/\"]}]},{\"@type\":\"ImageObject\",\"inLanguage\":\"pt-PT\",\"@id\":\"https:\\\/\\\/jornaldasoficinas.com\\\/pt\\\/jornal-das-oficinas-de-setembro-2026-disponivel-online\\\/#primaryimage\",\"url\":\"https:\\\/\\\/jornaldasoficinas.com\\\/pt\\\/wp-content\\\/uploads\\\/JO230_site.png\",\"contentUrl\":\"https:\\\/\\\/jornaldasoficinas.com\\\/pt\\\/wp-content\\\/uploads\\\/JO230_site.png\",\"width\":1024,\"height\":581},{\"@type\":\"BreadcrumbList\",\"@id\":\"https:\\\/\\\/jornaldasoficinas.com\\\/pt\\\/jornal-das-oficinas-de-setembro-2026-disponivel-online\\\/#breadcrumb\",\"itemListElement\":[{\"@type\":\"ListItem\",\"position\":1,\"name\":\"In\u00edcio\",\"item\":\"https:\\\/\\\/jornaldasoficinas.com\\\/pt\\\/\"},{\"@type\":\"ListItem\",\"position\":2,\"name\":\"Jornal das Oficinas de setembro 2026 dispon\u00edvel online\"}]},{\"@type\":\"WebSite\",\"@id\":\"https:\\\/\\\/jornaldasoficinas.com\\\/pt\\\/#website\",\"url\":\"https:\\\/\\\/jornaldasoficinas.com\\\/pt\\\/\",\"name\":\"Jornal das Oficinas\",\"description\":\"Jornal independente do Aftermarket Autom\u00f3vel em Portugal\",\"publisher\":{\"@id\":\"https:\\\/\\\/jornaldasoficinas.com\\\/pt\\\/#organization\"},\"potentialAction\":[{\"@type\":\"SearchAction\",\"target\":{\"@type\":\"EntryPoint\",\"urlTemplate\":\"https:\\\/\\\/jornaldasoficinas.com\\\/pt\\\/?s={search_term_string}\"},\"query-input\":{\"@type\":\"PropertyValueSpecification\",\"valueRequired\":true,\"valueName\":\"search_term_string\"}}],\"inLanguage\":\"pt-PT\"},{\"@type\":\"Organization\",\"@id\":\"https:\\\/\\\/jornaldasoficinas.com\\\/pt\\\/#organization\",\"name\":\"Jornal das Oficinas\",\"url\":\"https:\\\/\\\/jornaldasoficinas.com\\\/pt\\\/\",\"logo\":{\"@type\":\"ImageObject\",\"inLanguage\":\"pt-PT\",\"@id\":\"https:\\\/\\\/jornaldasoficinas.com\\\/pt\\\/#\\\/schema\\\/logo\\\/image\\\/\",\"url\":\"https:\\\/\\\/jornaldasoficinas.com\\\/pt\\\/wp-content\\\/uploads\\\/logoJO-SEO.png\",\"contentUrl\":\"https:\\\/\\\/jornaldasoficinas.com\\\/pt\\\/wp-content\\\/uploads\\\/logoJO-SEO.png\",\"width\":285,\"height\":450,\"caption\":\"Jornal das Oficinas\"},\"image\":{\"@id\":\"https:\\\/\\\/jornaldasoficinas.com\\\/pt\\\/#\\\/schema\\\/logo\\\/image\\\/\"},\"sameAs\":[\"https:\\\/\\\/www.facebook.com\\\/jornaloficinas\",\"https:\\\/\\\/x.com\\\/jornaloficinas\",\"https:\\\/\\\/www.instagram.com\\\/jornal_oficinas\\\/\",\"https:\\\/\\\/www.linkedin.com\\\/company\\\/jornal-das-oficinas\\\/\",\"https:\\\/\\\/www.youtube.com\\\/channel\\\/UCbQZBqtcvV-oSQrr7RzINGg\"]},{\"@type\":\"Person\",\"@id\":\"https:\\\/\\\/jornaldasoficinas.com\\\/pt\\\/#\\\/schema\\\/person\\\/a38eef5de2c41d9e7c9ac10141afddf3\",\"name\":\"Reda\u00e7\u00e3o JO\",\"image\":{\"@type\":\"ImageObject\",\"inLanguage\":\"pt-PT\",\"@id\":\"https:\\\/\\\/secure.gravatar.com\\\/avatar\\\/71f2fa71737ad68a84fea94bc708ddac8ea5b0c4788dc2ad202f3ccb2887742f?s=96&d=wp_user_avatar&r=g\",\"url\":\"https:\\\/\\\/secure.gravatar.com\\\/avatar\\\/71f2fa71737ad68a84fea94bc708ddac8ea5b0c4788dc2ad202f3ccb2887742f?s=96&d=wp_user_avatar&r=g\",\"contentUrl\":\"https:\\\/\\\/secure.gravatar.com\\\/avatar\\\/71f2fa71737ad68a84fea94bc708ddac8ea5b0c4788dc2ad202f3ccb2887742f?s=96&d=wp_user_avatar&r=g\",\"caption\":\"Reda\u00e7\u00e3o JO\"},\"url\":\"https:\\\/\\\/jornaldasoficinas.com\\\/pt\\\/author\\\/joredacao\\\/\"}]}<\/script>\n<!-- \/ Yoast SEO plugin. -->","yoast_head_json":{"title":"Jornal das Oficinas de setembro 2026 dispon\u00edvel online - Jornal das Oficinas","description":"O artigo de destaque da edi\u00e7\u00e3o de setembro de 2026, do Jornal das Oficinas, \u00e9 dedicado \u00e0s Redes de Oficinas","robots":{"index":"noindex","follow":"follow","max-snippet":"max-snippet:-1","max-image-preview":"max-image-preview:large","max-video-preview":"max-video-preview:-1"},"og_locale":"pt_PT","og_type":"article","og_title":"Jornal das Oficinas de setembro 2026 dispon\u00edvel online - Jornal das Oficinas","og_description":"O artigo de destaque da edi\u00e7\u00e3o de setembro de 2026, do Jornal das Oficinas, \u00e9 dedicado \u00e0s Redes de Oficinas","og_url":"https:\/\/jornaldasoficinas.com\/pt\/jornal-das-oficinas-de-setembro-2026-disponivel-online\/","og_site_name":"Jornal das Oficinas","article_publisher":"https:\/\/www.facebook.com\/jornaloficinas","article_published_time":"2026-08-31T07:00:40+00:00","og_image":[{"width":1024,"height":581,"url":"https:\/\/jornaldasoficinas.com\/pt\/wp-content\/uploads\/JO230_site.png","type":"image\/png"}],"author":"Reda\u00e7\u00e3o JO","twitter_card":"summary_large_image","twitter_creator":"@jornaloficinas","twitter_site":"@jornaloficinas","twitter_misc":{"Escrito por":"Reda\u00e7\u00e3o JO","Tempo estimado de leitura":"4 minutos"},"schema":{"@context":"https:\/\/schema.org","@graph":[{"@type":"Article","@id":"https:\/\/jornaldasoficinas.com\/pt\/jornal-das-oficinas-de-setembro-2026-disponivel-online\/#article","isPartOf":{"@id":"https:\/\/jornaldasoficinas.com\/pt\/jornal-das-oficinas-de-setembro-2026-disponivel-online\/"},"author":{"name":"Reda\u00e7\u00e3o JO","@id":"https:\/\/jornaldasoficinas.com\/pt\/#\/schema\/person\/a38eef5de2c41d9e7c9ac10141afddf3"},"headline":"Jornal das Oficinas de setembro 2026 dispon\u00edvel online","datePublished":"2026-08-31T07:00:40+00:00","mainEntityOfPage":{"@id":"https:\/\/jornaldasoficinas.com\/pt\/jornal-das-oficinas-de-setembro-2026-disponivel-online\/"},"wordCount":597,"publisher":{"@id":"https:\/\/jornaldasoficinas.com\/pt\/#organization"},"image":{"@id":"https:\/\/jornaldasoficinas.com\/pt\/jornal-das-oficinas-de-setembro-2026-disponivel-online\/#primaryimage"},"thumbnailUrl":"https:\/\/jornaldasoficinas.com\/pt\/wp-content\/uploads\/JO230_site.png","keywords":["AB Tyres","ADPA","AUMOVIO","Auto Recto","Benecar","Car Academy","Interescape","Meganor","MEYLE","Original Birth","Rupes","setembro","SNR","TMD Friction Portugal","Zoomtyre"],"articleSection":["Edi\u00e7\u00f5es JO"],"inLanguage":"pt-PT"},{"@type":"WebPage","@id":"https:\/\/jornaldasoficinas.com\/pt\/jornal-das-oficinas-de-setembro-2026-disponivel-online\/","url":"https:\/\/jornaldasoficinas.com\/pt\/jornal-das-oficinas-de-setembro-2026-disponivel-online\/","name":"Jornal das Oficinas de setembro 2026 dispon\u00edvel online - Jornal das Oficinas","isPartOf":{"@id":"https:\/\/jornaldasoficinas.com\/pt\/#website"},"primaryImageOfPage":{"@id":"https:\/\/jornaldasoficinas.com\/pt\/jornal-das-oficinas-de-setembro-2026-disponivel-online\/#primaryimage"},"image":{"@id":"https:\/\/jornaldasoficinas.com\/pt\/jornal-das-oficinas-de-setembro-2026-disponivel-online\/#primaryimage"},"thumbnailUrl":"https:\/\/jornaldasoficinas.com\/pt\/wp-content\/uploads\/JO230_site.png","datePublished":"2026-08-31T07:00:40+00:00","description":"O artigo de destaque da edi\u00e7\u00e3o de setembro de 2026, do Jornal das Oficinas, \u00e9 dedicado \u00e0s Redes de Oficinas","breadcrumb":{"@id":"https:\/\/jornaldasoficinas.com\/pt\/jornal-das-oficinas-de-setembro-2026-disponivel-online\/#breadcrumb"},"inLanguage":"pt-PT","potentialAction":[{"@type":"ReadAction","target":["https:\/\/jornaldasoficinas.com\/pt\/jornal-das-oficinas-de-setembro-2026-disponivel-online\/"]}]},{"@type":"ImageObject","inLanguage":"pt-PT","@id":"https:\/\/jornaldasoficinas.com\/pt\/jornal-das-oficinas-de-setembro-2026-disponivel-online\/#primaryimage","url":"https:\/\/jornaldasoficinas.com\/pt\/wp-content\/uploads\/JO230_site.png","contentUrl":"https:\/\/jornaldasoficinas.com\/pt\/wp-content\/uploads\/JO230_site.png","width":1024,"height":581},{"@type":"BreadcrumbList","@id":"https:\/\/jornaldasoficinas.com\/pt\/jornal-das-oficinas-de-setembro-2026-disponivel-online\/#breadcrumb","itemListElement":[{"@type":"ListItem","position":1,"name":"In\u00edcio","item":"https:\/\/jornaldasoficinas.com\/pt\/"},{"@type":"ListItem","position":2,"name":"Jornal das Oficinas de setembro 2026 dispon\u00edvel online"}]},{"@type":"WebSite","@id":"https:\/\/jornaldasoficinas.com\/pt\/#website","url":"https:\/\/jornaldasoficinas.com\/pt\/","name":"Jornal das Oficinas","description":"Jornal independente do Aftermarket Autom\u00f3vel em Portugal","publisher":{"@id":"https:\/\/jornaldasoficinas.com\/pt\/#organization"},"potentialAction":[{"@type":"SearchAction","target":{"@type":"EntryPoint","urlTemplate":"https:\/\/jornaldasoficinas.com\/pt\/?s={search_term_string}"},"query-input":{"@type":"PropertyValueSpecification","valueRequired":true,"valueName":"search_term_string"}}],"inLanguage":"pt-PT"},{"@type":"Organization","@id":"https:\/\/jornaldasoficinas.com\/pt\/#organization","name":"Jornal das Oficinas","url":"https:\/\/jornaldasoficinas.com\/pt\/","logo":{"@type":"ImageObject","inLanguage":"pt-PT","@id":"https:\/\/jornaldasoficinas.com\/pt\/#\/schema\/logo\/image\/","url":"https:\/\/jornaldasoficinas.com\/pt\/wp-content\/uploads\/logoJO-SEO.png","contentUrl":"https:\/\/jornaldasoficinas.com\/pt\/wp-content\/uploads\/logoJO-SEO.png","width":285,"height":450,"caption":"Jornal das Oficinas"},"image":{"@id":"https:\/\/jornaldasoficinas.com\/pt\/#\/schema\/logo\/image\/"},"sameAs":["https:\/\/www.facebook.com\/jornaloficinas","https:\/\/x.com\/jornaloficinas","https:\/\/www.instagram.com\/jornal_oficinas\/","https:\/\/www.linkedin.com\/company\/jornal-das-oficinas\/","https:\/\/www.youtube.com\/channel\/UCbQZBqtcvV-oSQrr7RzINGg"]},{"@type":"Person","@id":"https:\/\/jornaldasoficinas.com\/pt\/#\/schema\/person\/a38eef5de2c41d9e7c9ac10141afddf3","name":"Reda\u00e7\u00e3o JO","image":{"@type":"ImageObject","inLanguage":"pt-PT","@id":"https:\/\/secure.gravatar.com\/avatar\/71f2fa71737ad68a84fea94bc708ddac8ea5b0c4788dc2ad202f3ccb2887742f?s=96&d=wp_user_avatar&r=g","url":"https:\/\/secure.gravatar.com\/avatar\/71f2fa71737ad68a84fea94bc708ddac8ea5b0c4788dc2ad202f3ccb2887742f?s=96&d=wp_user_avatar&r=g","contentUrl":"https:\/\/secure.gravatar.com\/avatar\/71f2fa71737ad68a84fea94bc708ddac8ea5b0c4788dc2ad202f3ccb2887742f?s=96&d=wp_user_avatar&r=g","caption":"Reda\u00e7\u00e3o JO"},"url":"https:\/\/jornaldasoficinas.com\/pt\/author\/joredacao\/"}]}},"_links":{"self":[{"href":"https:\/\/jornaldasoficinas.com\/pt\/wp-json\/wp\/v2\/posts\/120429","targetHints":{"allow":["GET"]}}],"collection":[{"href":"https:\/\/jornaldasoficinas.com\/pt\/wp-json\/wp\/v2\/posts"}],"about":[{"href":"https:\/\/jornaldasoficinas.com\/pt\/wp-json\/wp\/v2\/types\/post"}],"author":[{"embeddable":true,"href":"https:\/\/jornaldasoficinas.com\/pt\/wp-json\/wp\/v2\/users\/15"}],"replies":[{"embeddable":true,"href":"https:\/\/jornaldasoficinas.com\/pt\/wp-json\/wp\/v2\/comments?post=120429"}],"version-history":[{"count":7,"href":"https:\/\/jornaldasoficinas.com\/pt\/wp-json\/wp\/v2\/posts\/120429\/revisions"}],"predecessor-version":[{"id":120447,"href":"https:\/\/jornaldasoficinas.com\/pt\/wp-json\/wp\/v2\/posts\/120429\/revisions\/120447"}],"wp:featuredmedia":[{"embeddable":true,"href":"https:\/\/jornaldasoficinas.com\/pt\/wp-json\/wp\/v2\/media\/120446"}],"wp:attachment":[{"href":"https:\/\/jornaldasoficinas.com\/pt\/wp-json\/wp\/v2\/media?parent=120429"}],"wp:term":[{"taxonomy":"category","embeddable":true,"href":"https:\/\/jornaldasoficinas.com\/pt\/wp-json\/wp\/v2\/categories?post=120429"},{"taxonomy":"post_tag","embeddable":true,"href":"https:\/\/jornaldasoficinas.com\/pt\/wp-json\/wp\/v2\/tags?post=120429"}],"curies":[{"name":"wp","href":"https:\/\/api.w.org\/{rel}","templated":true}]}}