{"id":12055,"date":"2020-04-06T03:40:41","date_gmt":"2020-04-06T02:40:41","guid":{"rendered":"https:\/\/jornaldasoficinas.com\/pt\/?p=12055"},"modified":"2020-04-06T03:40:41","modified_gmt":"2020-04-06T02:40:41","slug":"rheinmetall-automotive-atinge-margem-operacional-de-67","status":"publish","type":"post","link":"https:\/\/jornaldasoficinas.com\/pt\/rheinmetall-automotive-atinge-margem-operacional-de-67\/","title":{"rendered":"Rheinmetall Automotive atinge margem operacional de 6,7%"},"content":{"rendered":"<p><img loading=\"lazy\" decoding=\"async\" class=\"alignnone wp-image-12054 size-full\" src=\"https:\/\/jornaldasoficinas.com\/pt\/wp-content\/uploads\/2020\/04\/rheinmetallresults.png\" alt=\"04 - rheinmetallresults\" width=\"1024\" height=\"581\" srcset=\"https:\/\/jornaldasoficinas.com\/pt\/wp-content\/uploads\/2020\/04\/rheinmetallresults.png 1024w, https:\/\/jornaldasoficinas.com\/pt\/wp-content\/uploads\/2020\/04\/rheinmetallresults-300x170.png 300w, https:\/\/jornaldasoficinas.com\/pt\/wp-content\/uploads\/2020\/04\/rheinmetallresults-150x85.png 150w, https:\/\/jornaldasoficinas.com\/pt\/wp-content\/uploads\/2020\/04\/rheinmetallresults-768x436.png 768w\" sizes=\"auto, (max-width: 1024px) 100vw, 1024px\" \/><\/p>\n<p><strong>O desempenho da Rheinmetall Automotive foi influenciado pelos neg\u00f3cios mais fracos na ind\u00fastria autom\u00f3vel internacional novamente em 2019.<\/strong><\/p>\n<p>As vendas ca\u00edram de 2,930 milh\u00f5es de euros em 2018 para 2,736 milh\u00f5es em 2019, o que correspondeu a uma redu\u00e7\u00e3o de 6,6%. Segundo os dados mais recentes do mercado, a produ\u00e7\u00e3o autom\u00f3vel global retraiu quase 6% no mesmo per\u00edodo.<\/p>\n<p>Como resultado da queda nas vendas, o lucro operacional (EBIT antes de itens especiais) totalizou 184 milh\u00f5es de euros no \u00faltimo ano fiscal, ap\u00f3s um recorde de 262 milh\u00f5es de euros obtido no exerc\u00edcio anterior. A margem operacional caiu para 6,7%, ap\u00f3s 8,9% no ano anterior.<\/p>\n<p>As tr\u00eas divis\u00f5es setoriais da <a href=\"https:\/\/www.rheinmetall-automotive.com\/\" target=\"_blank\" rel=\"noopener noreferrer\">Rheinmetall Automotive<\/a> sofreram, todas elas, uma descida nas vendas por compara\u00e7\u00e3o com o ano anterior. Devido ao fraco desempenho da ind\u00fastria autom\u00f3vel internacional, a queda cont\u00ednua da procura de produtos Diesel no mercado de autom\u00f3veis de passageiros n\u00e3o foi compensada, como no ano anterior, por outros grupos de produtos, como aplica\u00e7\u00f5es para cami\u00f5es e motores a gasolina. Como resultado, os lan\u00e7amentos de novos produtos foram adiados ou ocorreram em menor escala face ao previsto.<\/p>\n<p>Na divis\u00e3o de mecatr\u00f3nica, as vendas ca\u00edram no que disse respeito aos sistemas de emiss\u00e3o autom\u00f3vel e \u00e0s v\u00e1lvulas solen\u00f3ides, em particular. Na divis\u00e3o <em>h<\/em><em>ardparts<\/em>, as vendas de pist\u00f5es de pequeno di\u00e2metro ca\u00edram nos mercados da Am\u00e9rica do Norte e do Brasil, enquanto o mercado europeu de vendas se mostrou fraco no que toca a rolamentos planos. Por outro lado, a divis\u00e3o de p\u00f3s-venda teve um bom desempenho nos mercados globais em geral, com apenas uma ligeira queda nas vendas.<\/p>\n<p>As <em>joint ventures<\/em> na China reuniaram um total de vendas de 1.010 milh\u00f5es de euros no ano fiscal de 2019. Comparado com o ano anterior, representou um crescimento de 16%. Uma vez mais, as empresas, que n\u00e3o est\u00e3o inclu\u00eddas nas vendas consolidadas do grupo, superaram significativamente o mercado chin\u00eas de autom\u00f3veis de passageiros, que registou uma queda de 4% na produ\u00e7\u00e3o em 2019.<\/p>\n<p>Com a recess\u00e3o do mercado autom\u00f3vel pelo terceiro ano consecutivo e com base nas estimativas mais recentes de especialistas para o desenvolvimento da produ\u00e7\u00e3o autom\u00f3vel global, s\u00e3o esperadas vendas baixas no setor em 2020.<\/p>\n<p>Al\u00e9m dos riscos de um desenvolvimento macroecon\u00f3mico mais fraco nos pa\u00edses da zona euro, os resultados de regulamenta\u00e7\u00f5es mais r\u00edgidas de CO2 na Uni\u00e3o Europeia e os efeitos do Brexit, que n\u00e3o podem ser totalmente avaliados, a atual situa\u00e7\u00e3o na ind\u00fastria autom\u00f3vel \u00e9 caracterizada por riscos vol\u00e1teis devido a conflitos comerciais pendentes. Associados a isto, est\u00e3o os riscos causados \u200b\u200bpelas consequ\u00eancias econ\u00f3micas atualmente imprevis\u00edveis devido \u00e0 crise do coronav\u00edrus.<\/p>\n<p>Devido \u00e0 falta de clareza em rela\u00e7\u00e3o ao desenvolvimento da produ\u00e7\u00e3o autom\u00f3vel global para os pr\u00f3ximos meses, que est\u00e1, atualmente, em decl\u00ednio devido aos riscos econ\u00f3micos globais associados \u00e0 dissemina\u00e7\u00e3o do coronav\u00edrus, o Grupo Rheinmetall tamb\u00e9m est\u00e1 sujeito a maior incerteza nas previs\u00f5es em rela\u00e7\u00e3o a desempenho de vendas e ganhos. Devido \u00e0s incertezas que prevalecem, os poss\u00edveis efeitos da pandemia do Covid-19 n\u00e3o foram tidos em conta nas previs\u00f5es para o exerc\u00edcio financeiro de 2020.<\/p>\n<p>Com base nas atuais expectativas do mercado, a Rheinmetall antecipa que as vendas no setor autom\u00f3vel &#8211; em compara\u00e7\u00e3o com os n\u00fameros do ano anterior e antes dos efeitos cambiais &#8211; caiam entre 2 e 3% no ano fiscal em curso. Para o setor autom\u00f3vel, a Rheinmetall prev\u00ea uma margem operacional de cerca de 5% no ano fiscal de 2020, com base na recess\u00e3o esperada na produ\u00e7\u00e3o autom\u00f3vel global e na previs\u00e3o de vendas do setor.<\/p>\n<p>A dissemina\u00e7\u00e3o global do coronav\u00edrus significa que, como as coisas est\u00e3o, os riscos econ\u00f3micos para o ano fiscal de 2020 est\u00e3o a crescer. A Rheinmetall monitorizar\u00e1 o potencial impacto e ajustar\u00e1 as previs\u00f5es anuais quando e caso seja necess\u00e1rio.<\/p>\n","protected":false},"excerpt":{"rendered":"<p>O desempenho da Rheinmetall Automotive foi&#8230;<\/p>\n","protected":false},"author":15,"featured_media":12054,"comment_status":"closed","ping_status":"closed","sticky":false,"template":"","format":"standard","meta":{"footnotes":""},"categories":[29],"tags":[704,216,217],"class_list":["post-12055","post","type-post","status-publish","format-standard","has-post-thumbnail","hentry","category-empresas","tag-kolbenschmidt","tag-pierburg","tag-rheinmetall-automotive"],"yoast_head":"<!-- This site is optimized with the Yoast SEO plugin v27.5 - https:\/\/yoast.com\/product\/yoast-seo-wordpress\/ -->\n<title>Rheinmetall Automotive atinge margem operacional de 6,7% - Jornal das Oficinas<\/title>\n<meta name=\"robots\" content=\"index, follow, max-snippet:-1, max-image-preview:large, max-video-preview:-1\" \/>\n<link rel=\"canonical\" href=\"https:\/\/jornaldasoficinas.com\/pt\/rheinmetall-automotive-atinge-margem-operacional-de-67\/\" \/>\n<meta property=\"og:locale\" content=\"pt_PT\" \/>\n<meta property=\"og:type\" content=\"article\" \/>\n<meta property=\"og:title\" content=\"Rheinmetall Automotive atinge margem operacional de 6,7% - Jornal das Oficinas\" \/>\n<meta property=\"og:description\" content=\"O desempenho da Rheinmetall Automotive foi...\" \/>\n<meta property=\"og:url\" content=\"https:\/\/jornaldasoficinas.com\/pt\/rheinmetall-automotive-atinge-margem-operacional-de-67\/\" \/>\n<meta property=\"og:site_name\" content=\"Jornal das Oficinas\" \/>\n<meta property=\"article:publisher\" content=\"https:\/\/www.facebook.com\/jornaloficinas\" \/>\n<meta property=\"article:published_time\" content=\"2020-04-06T02:40:41+00:00\" \/>\n<meta property=\"og:image\" content=\"https:\/\/jornaldasoficinas.com\/pt\/wp-content\/uploads\/2020\/04\/rheinmetallresults.png\" \/>\n\t<meta property=\"og:image:width\" content=\"1024\" \/>\n\t<meta property=\"og:image:height\" content=\"581\" \/>\n\t<meta property=\"og:image:type\" content=\"image\/png\" \/>\n<meta name=\"author\" content=\"Reda\u00e7\u00e3o JO\" \/>\n<meta name=\"twitter:card\" content=\"summary_large_image\" \/>\n<meta name=\"twitter:creator\" content=\"@jornaloficinas\" \/>\n<meta name=\"twitter:site\" content=\"@jornaloficinas\" \/>\n<meta name=\"twitter:label1\" content=\"Escrito por\" \/>\n\t<meta name=\"twitter:data1\" content=\"Reda\u00e7\u00e3o JO\" \/>\n\t<meta name=\"twitter:label2\" content=\"Tempo estimado de leitura\" \/>\n\t<meta name=\"twitter:data2\" content=\"3 minutos\" \/>\n<script type=\"application\/ld+json\" class=\"yoast-schema-graph\">{\"@context\":\"https:\\\/\\\/schema.org\",\"@graph\":[{\"@type\":\"Article\",\"@id\":\"https:\\\/\\\/jornaldasoficinas.com\\\/pt\\\/rheinmetall-automotive-atinge-margem-operacional-de-67\\\/#article\",\"isPartOf\":{\"@id\":\"https:\\\/\\\/jornaldasoficinas.com\\\/pt\\\/rheinmetall-automotive-atinge-margem-operacional-de-67\\\/\"},\"author\":{\"name\":\"Reda\u00e7\u00e3o JO\",\"@id\":\"https:\\\/\\\/jornaldasoficinas.com\\\/pt\\\/#\\\/schema\\\/person\\\/a38eef5de2c41d9e7c9ac10141afddf3\"},\"headline\":\"Rheinmetall Automotive atinge margem operacional de 6,7%\",\"datePublished\":\"2020-04-06T02:40:41+00:00\",\"mainEntityOfPage\":{\"@id\":\"https:\\\/\\\/jornaldasoficinas.com\\\/pt\\\/rheinmetall-automotive-atinge-margem-operacional-de-67\\\/\"},\"wordCount\":698,\"publisher\":{\"@id\":\"https:\\\/\\\/jornaldasoficinas.com\\\/pt\\\/#organization\"},\"image\":{\"@id\":\"https:\\\/\\\/jornaldasoficinas.com\\\/pt\\\/rheinmetall-automotive-atinge-margem-operacional-de-67\\\/#primaryimage\"},\"thumbnailUrl\":\"https:\\\/\\\/jornaldasoficinas.com\\\/pt\\\/wp-content\\\/uploads\\\/2020\\\/04\\\/rheinmetallresults.png\",\"keywords\":[\"Kolbenschmidt\",\"Pierburg\",\"Rheinmetall Automotive\"],\"articleSection\":[\"Empresas\"],\"inLanguage\":\"pt-PT\"},{\"@type\":\"WebPage\",\"@id\":\"https:\\\/\\\/jornaldasoficinas.com\\\/pt\\\/rheinmetall-automotive-atinge-margem-operacional-de-67\\\/\",\"url\":\"https:\\\/\\\/jornaldasoficinas.com\\\/pt\\\/rheinmetall-automotive-atinge-margem-operacional-de-67\\\/\",\"name\":\"Rheinmetall Automotive atinge margem operacional de 6,7% - Jornal das Oficinas\",\"isPartOf\":{\"@id\":\"https:\\\/\\\/jornaldasoficinas.com\\\/pt\\\/#website\"},\"primaryImageOfPage\":{\"@id\":\"https:\\\/\\\/jornaldasoficinas.com\\\/pt\\\/rheinmetall-automotive-atinge-margem-operacional-de-67\\\/#primaryimage\"},\"image\":{\"@id\":\"https:\\\/\\\/jornaldasoficinas.com\\\/pt\\\/rheinmetall-automotive-atinge-margem-operacional-de-67\\\/#primaryimage\"},\"thumbnailUrl\":\"https:\\\/\\\/jornaldasoficinas.com\\\/pt\\\/wp-content\\\/uploads\\\/2020\\\/04\\\/rheinmetallresults.png\",\"datePublished\":\"2020-04-06T02:40:41+00:00\",\"breadcrumb\":{\"@id\":\"https:\\\/\\\/jornaldasoficinas.com\\\/pt\\\/rheinmetall-automotive-atinge-margem-operacional-de-67\\\/#breadcrumb\"},\"inLanguage\":\"pt-PT\",\"potentialAction\":[{\"@type\":\"ReadAction\",\"target\":[\"https:\\\/\\\/jornaldasoficinas.com\\\/pt\\\/rheinmetall-automotive-atinge-margem-operacional-de-67\\\/\"]}]},{\"@type\":\"ImageObject\",\"inLanguage\":\"pt-PT\",\"@id\":\"https:\\\/\\\/jornaldasoficinas.com\\\/pt\\\/rheinmetall-automotive-atinge-margem-operacional-de-67\\\/#primaryimage\",\"url\":\"https:\\\/\\\/jornaldasoficinas.com\\\/pt\\\/wp-content\\\/uploads\\\/2020\\\/04\\\/rheinmetallresults.png\",\"contentUrl\":\"https:\\\/\\\/jornaldasoficinas.com\\\/pt\\\/wp-content\\\/uploads\\\/2020\\\/04\\\/rheinmetallresults.png\",\"width\":1024,\"height\":581,\"caption\":\"04 - rheinmetallresults\"},{\"@type\":\"BreadcrumbList\",\"@id\":\"https:\\\/\\\/jornaldasoficinas.com\\\/pt\\\/rheinmetall-automotive-atinge-margem-operacional-de-67\\\/#breadcrumb\",\"itemListElement\":[{\"@type\":\"ListItem\",\"position\":1,\"name\":\"In\u00edcio\",\"item\":\"https:\\\/\\\/jornaldasoficinas.com\\\/pt\\\/\"},{\"@type\":\"ListItem\",\"position\":2,\"name\":\"Rheinmetall Automotive atinge margem operacional de 6,7%\"}]},{\"@type\":\"WebSite\",\"@id\":\"https:\\\/\\\/jornaldasoficinas.com\\\/pt\\\/#website\",\"url\":\"https:\\\/\\\/jornaldasoficinas.com\\\/pt\\\/\",\"name\":\"Jornal das Oficinas\",\"description\":\"Jornal independente do Aftermarket Autom\u00f3vel em Portugal\",\"publisher\":{\"@id\":\"https:\\\/\\\/jornaldasoficinas.com\\\/pt\\\/#organization\"},\"potentialAction\":[{\"@type\":\"SearchAction\",\"target\":{\"@type\":\"EntryPoint\",\"urlTemplate\":\"https:\\\/\\\/jornaldasoficinas.com\\\/pt\\\/?s={search_term_string}\"},\"query-input\":{\"@type\":\"PropertyValueSpecification\",\"valueRequired\":true,\"valueName\":\"search_term_string\"}}],\"inLanguage\":\"pt-PT\"},{\"@type\":\"Organization\",\"@id\":\"https:\\\/\\\/jornaldasoficinas.com\\\/pt\\\/#organization\",\"name\":\"Jornal das Oficinas\",\"url\":\"https:\\\/\\\/jornaldasoficinas.com\\\/pt\\\/\",\"logo\":{\"@type\":\"ImageObject\",\"inLanguage\":\"pt-PT\",\"@id\":\"https:\\\/\\\/jornaldasoficinas.com\\\/pt\\\/#\\\/schema\\\/logo\\\/image\\\/\",\"url\":\"https:\\\/\\\/jornaldasoficinas.com\\\/pt\\\/wp-content\\\/uploads\\\/logoJO-SEO.png\",\"contentUrl\":\"https:\\\/\\\/jornaldasoficinas.com\\\/pt\\\/wp-content\\\/uploads\\\/logoJO-SEO.png\",\"width\":285,\"height\":450,\"caption\":\"Jornal das Oficinas\"},\"image\":{\"@id\":\"https:\\\/\\\/jornaldasoficinas.com\\\/pt\\\/#\\\/schema\\\/logo\\\/image\\\/\"},\"sameAs\":[\"https:\\\/\\\/www.facebook.com\\\/jornaloficinas\",\"https:\\\/\\\/x.com\\\/jornaloficinas\",\"https:\\\/\\\/www.instagram.com\\\/jornal_oficinas\\\/\",\"https:\\\/\\\/www.linkedin.com\\\/company\\\/jornal-das-oficinas\\\/\",\"https:\\\/\\\/www.youtube.com\\\/channel\\\/UCbQZBqtcvV-oSQrr7RzINGg\"]},{\"@type\":\"Person\",\"@id\":\"https:\\\/\\\/jornaldasoficinas.com\\\/pt\\\/#\\\/schema\\\/person\\\/a38eef5de2c41d9e7c9ac10141afddf3\",\"name\":\"Reda\u00e7\u00e3o JO\",\"image\":{\"@type\":\"ImageObject\",\"inLanguage\":\"pt-PT\",\"@id\":\"https:\\\/\\\/secure.gravatar.com\\\/avatar\\\/71f2fa71737ad68a84fea94bc708ddac8ea5b0c4788dc2ad202f3ccb2887742f?s=96&d=wp_user_avatar&r=g\",\"url\":\"https:\\\/\\\/secure.gravatar.com\\\/avatar\\\/71f2fa71737ad68a84fea94bc708ddac8ea5b0c4788dc2ad202f3ccb2887742f?s=96&d=wp_user_avatar&r=g\",\"contentUrl\":\"https:\\\/\\\/secure.gravatar.com\\\/avatar\\\/71f2fa71737ad68a84fea94bc708ddac8ea5b0c4788dc2ad202f3ccb2887742f?s=96&d=wp_user_avatar&r=g\",\"caption\":\"Reda\u00e7\u00e3o JO\"},\"url\":\"https:\\\/\\\/jornaldasoficinas.com\\\/pt\\\/author\\\/joredacao\\\/\"}]}<\/script>\n<!-- \/ Yoast SEO plugin. -->","yoast_head_json":{"title":"Rheinmetall Automotive atinge margem operacional de 6,7% - Jornal das Oficinas","robots":{"index":"index","follow":"follow","max-snippet":"max-snippet:-1","max-image-preview":"max-image-preview:large","max-video-preview":"max-video-preview:-1"},"canonical":"https:\/\/jornaldasoficinas.com\/pt\/rheinmetall-automotive-atinge-margem-operacional-de-67\/","og_locale":"pt_PT","og_type":"article","og_title":"Rheinmetall Automotive atinge margem operacional de 6,7% - Jornal das Oficinas","og_description":"O desempenho da Rheinmetall Automotive foi...","og_url":"https:\/\/jornaldasoficinas.com\/pt\/rheinmetall-automotive-atinge-margem-operacional-de-67\/","og_site_name":"Jornal das Oficinas","article_publisher":"https:\/\/www.facebook.com\/jornaloficinas","article_published_time":"2020-04-06T02:40:41+00:00","og_image":[{"width":1024,"height":581,"url":"https:\/\/jornaldasoficinas.com\/pt\/wp-content\/uploads\/2020\/04\/rheinmetallresults.png","type":"image\/png"}],"author":"Reda\u00e7\u00e3o JO","twitter_card":"summary_large_image","twitter_creator":"@jornaloficinas","twitter_site":"@jornaloficinas","twitter_misc":{"Escrito por":"Reda\u00e7\u00e3o JO","Tempo estimado de leitura":"3 minutos"},"schema":{"@context":"https:\/\/schema.org","@graph":[{"@type":"Article","@id":"https:\/\/jornaldasoficinas.com\/pt\/rheinmetall-automotive-atinge-margem-operacional-de-67\/#article","isPartOf":{"@id":"https:\/\/jornaldasoficinas.com\/pt\/rheinmetall-automotive-atinge-margem-operacional-de-67\/"},"author":{"name":"Reda\u00e7\u00e3o JO","@id":"https:\/\/jornaldasoficinas.com\/pt\/#\/schema\/person\/a38eef5de2c41d9e7c9ac10141afddf3"},"headline":"Rheinmetall Automotive atinge margem operacional de 6,7%","datePublished":"2020-04-06T02:40:41+00:00","mainEntityOfPage":{"@id":"https:\/\/jornaldasoficinas.com\/pt\/rheinmetall-automotive-atinge-margem-operacional-de-67\/"},"wordCount":698,"publisher":{"@id":"https:\/\/jornaldasoficinas.com\/pt\/#organization"},"image":{"@id":"https:\/\/jornaldasoficinas.com\/pt\/rheinmetall-automotive-atinge-margem-operacional-de-67\/#primaryimage"},"thumbnailUrl":"https:\/\/jornaldasoficinas.com\/pt\/wp-content\/uploads\/2020\/04\/rheinmetallresults.png","keywords":["Kolbenschmidt","Pierburg","Rheinmetall Automotive"],"articleSection":["Empresas"],"inLanguage":"pt-PT"},{"@type":"WebPage","@id":"https:\/\/jornaldasoficinas.com\/pt\/rheinmetall-automotive-atinge-margem-operacional-de-67\/","url":"https:\/\/jornaldasoficinas.com\/pt\/rheinmetall-automotive-atinge-margem-operacional-de-67\/","name":"Rheinmetall Automotive atinge margem operacional de 6,7% - Jornal das Oficinas","isPartOf":{"@id":"https:\/\/jornaldasoficinas.com\/pt\/#website"},"primaryImageOfPage":{"@id":"https:\/\/jornaldasoficinas.com\/pt\/rheinmetall-automotive-atinge-margem-operacional-de-67\/#primaryimage"},"image":{"@id":"https:\/\/jornaldasoficinas.com\/pt\/rheinmetall-automotive-atinge-margem-operacional-de-67\/#primaryimage"},"thumbnailUrl":"https:\/\/jornaldasoficinas.com\/pt\/wp-content\/uploads\/2020\/04\/rheinmetallresults.png","datePublished":"2020-04-06T02:40:41+00:00","breadcrumb":{"@id":"https:\/\/jornaldasoficinas.com\/pt\/rheinmetall-automotive-atinge-margem-operacional-de-67\/#breadcrumb"},"inLanguage":"pt-PT","potentialAction":[{"@type":"ReadAction","target":["https:\/\/jornaldasoficinas.com\/pt\/rheinmetall-automotive-atinge-margem-operacional-de-67\/"]}]},{"@type":"ImageObject","inLanguage":"pt-PT","@id":"https:\/\/jornaldasoficinas.com\/pt\/rheinmetall-automotive-atinge-margem-operacional-de-67\/#primaryimage","url":"https:\/\/jornaldasoficinas.com\/pt\/wp-content\/uploads\/2020\/04\/rheinmetallresults.png","contentUrl":"https:\/\/jornaldasoficinas.com\/pt\/wp-content\/uploads\/2020\/04\/rheinmetallresults.png","width":1024,"height":581,"caption":"04 - rheinmetallresults"},{"@type":"BreadcrumbList","@id":"https:\/\/jornaldasoficinas.com\/pt\/rheinmetall-automotive-atinge-margem-operacional-de-67\/#breadcrumb","itemListElement":[{"@type":"ListItem","position":1,"name":"In\u00edcio","item":"https:\/\/jornaldasoficinas.com\/pt\/"},{"@type":"ListItem","position":2,"name":"Rheinmetall Automotive atinge margem operacional de 6,7%"}]},{"@type":"WebSite","@id":"https:\/\/jornaldasoficinas.com\/pt\/#website","url":"https:\/\/jornaldasoficinas.com\/pt\/","name":"Jornal das Oficinas","description":"Jornal independente do Aftermarket Autom\u00f3vel em Portugal","publisher":{"@id":"https:\/\/jornaldasoficinas.com\/pt\/#organization"},"potentialAction":[{"@type":"SearchAction","target":{"@type":"EntryPoint","urlTemplate":"https:\/\/jornaldasoficinas.com\/pt\/?s={search_term_string}"},"query-input":{"@type":"PropertyValueSpecification","valueRequired":true,"valueName":"search_term_string"}}],"inLanguage":"pt-PT"},{"@type":"Organization","@id":"https:\/\/jornaldasoficinas.com\/pt\/#organization","name":"Jornal das Oficinas","url":"https:\/\/jornaldasoficinas.com\/pt\/","logo":{"@type":"ImageObject","inLanguage":"pt-PT","@id":"https:\/\/jornaldasoficinas.com\/pt\/#\/schema\/logo\/image\/","url":"https:\/\/jornaldasoficinas.com\/pt\/wp-content\/uploads\/logoJO-SEO.png","contentUrl":"https:\/\/jornaldasoficinas.com\/pt\/wp-content\/uploads\/logoJO-SEO.png","width":285,"height":450,"caption":"Jornal das Oficinas"},"image":{"@id":"https:\/\/jornaldasoficinas.com\/pt\/#\/schema\/logo\/image\/"},"sameAs":["https:\/\/www.facebook.com\/jornaloficinas","https:\/\/x.com\/jornaloficinas","https:\/\/www.instagram.com\/jornal_oficinas\/","https:\/\/www.linkedin.com\/company\/jornal-das-oficinas\/","https:\/\/www.youtube.com\/channel\/UCbQZBqtcvV-oSQrr7RzINGg"]},{"@type":"Person","@id":"https:\/\/jornaldasoficinas.com\/pt\/#\/schema\/person\/a38eef5de2c41d9e7c9ac10141afddf3","name":"Reda\u00e7\u00e3o JO","image":{"@type":"ImageObject","inLanguage":"pt-PT","@id":"https:\/\/secure.gravatar.com\/avatar\/71f2fa71737ad68a84fea94bc708ddac8ea5b0c4788dc2ad202f3ccb2887742f?s=96&d=wp_user_avatar&r=g","url":"https:\/\/secure.gravatar.com\/avatar\/71f2fa71737ad68a84fea94bc708ddac8ea5b0c4788dc2ad202f3ccb2887742f?s=96&d=wp_user_avatar&r=g","contentUrl":"https:\/\/secure.gravatar.com\/avatar\/71f2fa71737ad68a84fea94bc708ddac8ea5b0c4788dc2ad202f3ccb2887742f?s=96&d=wp_user_avatar&r=g","caption":"Reda\u00e7\u00e3o JO"},"url":"https:\/\/jornaldasoficinas.com\/pt\/author\/joredacao\/"}]}},"_links":{"self":[{"href":"https:\/\/jornaldasoficinas.com\/pt\/wp-json\/wp\/v2\/posts\/12055","targetHints":{"allow":["GET"]}}],"collection":[{"href":"https:\/\/jornaldasoficinas.com\/pt\/wp-json\/wp\/v2\/posts"}],"about":[{"href":"https:\/\/jornaldasoficinas.com\/pt\/wp-json\/wp\/v2\/types\/post"}],"author":[{"embeddable":true,"href":"https:\/\/jornaldasoficinas.com\/pt\/wp-json\/wp\/v2\/users\/15"}],"replies":[{"embeddable":true,"href":"https:\/\/jornaldasoficinas.com\/pt\/wp-json\/wp\/v2\/comments?post=12055"}],"version-history":[{"count":0,"href":"https:\/\/jornaldasoficinas.com\/pt\/wp-json\/wp\/v2\/posts\/12055\/revisions"}],"wp:featuredmedia":[{"embeddable":true,"href":"https:\/\/jornaldasoficinas.com\/pt\/wp-json\/wp\/v2\/media\/12054"}],"wp:attachment":[{"href":"https:\/\/jornaldasoficinas.com\/pt\/wp-json\/wp\/v2\/media?parent=12055"}],"wp:term":[{"taxonomy":"category","embeddable":true,"href":"https:\/\/jornaldasoficinas.com\/pt\/wp-json\/wp\/v2\/categories?post=12055"},{"taxonomy":"post_tag","embeddable":true,"href":"https:\/\/jornaldasoficinas.com\/pt\/wp-json\/wp\/v2\/tags?post=12055"}],"curies":[{"name":"wp","href":"https:\/\/api.w.org\/{rel}","templated":true}]}}