{"id":12148,"date":"2020-04-09T04:34:45","date_gmt":"2020-04-09T03:34:45","guid":{"rendered":"https:\/\/jornaldasoficinas.com\/pt\/?p=12148"},"modified":"2020-04-09T04:34:45","modified_gmt":"2020-04-09T03:34:45","slug":"setor-automovel-em-espanha-pede-medidas-urgentes-ao-governo","status":"publish","type":"post","link":"https:\/\/jornaldasoficinas.com\/pt\/setor-automovel-em-espanha-pede-medidas-urgentes-ao-governo\/","title":{"rendered":"Setor autom\u00f3vel em Espanha pede medidas urgentes ao Governo"},"content":{"rendered":"<p><img loading=\"lazy\" decoding=\"async\" class=\"alignnone wp-image-12149 size-full\" src=\"https:\/\/jornaldasoficinas.com\/pt\/wp-content\/uploads\/2020\/04\/setorautomovelespanha.png\" alt=\"04 - setorautomovelespanha\" width=\"1024\" height=\"581\" srcset=\"https:\/\/jornaldasoficinas.com\/pt\/wp-content\/uploads\/2020\/04\/setorautomovelespanha.png 1024w, https:\/\/jornaldasoficinas.com\/pt\/wp-content\/uploads\/2020\/04\/setorautomovelespanha-300x170.png 300w, https:\/\/jornaldasoficinas.com\/pt\/wp-content\/uploads\/2020\/04\/setorautomovelespanha-150x85.png 150w, https:\/\/jornaldasoficinas.com\/pt\/wp-content\/uploads\/2020\/04\/setorautomovelespanha-768x436.png 768w\" sizes=\"auto, (max-width: 1024px) 100vw, 1024px\" \/><\/p>\n<p><strong>O setor autom\u00f3vel em Espanha mostra-se coeso como nunca e pede, em un\u00edssono, ao Governo que aprove um conjunto de medidas urgentes de apoio \u00e0 recupera\u00e7\u00e3o econ\u00f3mica e sanit\u00e1ria causada pela pandemia de Covid-19.<\/strong><\/p>\n<p>Fabricantes de ve\u00edculos, fornecedores, concession\u00e1rios, oficinas, operadores de <em>renting<\/em>, locadoras e atividades de reciclagem e sucata que comp\u00f5em toda a cadeia de valor, bem como outras associa\u00e7\u00f5es de ve\u00edculos a motor. Nunca, como agora, o setor autom\u00f3vel em Espanha esteve t\u00e3o unido em prol de uma causa.<\/p>\n<p>A uma s\u00f3 voz, 16 associa\u00e7\u00f5es espanholas (onde se incluem autom\u00f3veis e outros ve\u00edculos, como industriais, autocarros, motociclos e ciclomotores) solicitam ao Governo que aprove um conjunto de medidas urgentes de apoio \u00e0 recupera\u00e7\u00e3o econ\u00f3mica e sanit\u00e1ria causada pela pandemia de Covid-19.<\/p>\n<p>Todas t\u00eam plena consci\u00eancia do drama humanit\u00e1rio e sanit\u00e1rio causado pela crise do novo coronav\u00edrus. E, tal como toda a sociedade espanhola, d\u00e3o total prioridade no combate \u00e0 Covid-19 e \u00e0 recupera\u00e7\u00e3o de todos os infetados. \u201cCada um, dentro das suas possibilidades, contribui com o seu esfor\u00e7o de modo a reduzir o custo humano e social\u201d, pode ler-se no comunicado conjunto.<\/p>\n<p>\u201cInfelizmente, o nosso setor foi (e \u00e9) um dos mais afetados do ponto de vista econ\u00f3mico por esta pandemia. A necessidade de proteger os nossos trabalhadores, juntamente com as restri\u00e7\u00f5es impostas pelo Estado de Emerg\u00eancia, levaram a uma cessa\u00e7\u00e3o total da atividade produtiva e comercial, o que nos coloca numa situa\u00e7\u00e3o bastante dif\u00edcil, n\u00e3o apenas a curto prazo, mas, tamb\u00e9m, depois de as medidas serem, gradualmente, levantadas\u201d, acrescenta o mesmo documento.<\/p>\n<p>Por um lado, a limita\u00e7\u00e3o de servi\u00e7os essenciais m\u00ednimos prestados por oficinas e atividades com elas relacionadas provocou uma queda de 95% na fatura\u00e7\u00e3o e levou ao encerramento total da atividade dos concession\u00e1rios, conduzindo a uma descida de 69% nos pedidos de matr\u00edculas em mar\u00e7o, situa\u00e7\u00e3o que se agudizar\u00e1 em abril, onde se registam quebras di\u00e1rias de 90%.<\/p>\n<p>E mesmo que a atividade comercial recupere no pr\u00f3ximo m\u00eas de maio, a crise econ\u00f3mica gerar\u00e1 um cen\u00e1rio de grande incerteza junto de consumidores e empresas derivado da sua pr\u00f3pria instabilidade financeira e emprego.<\/p>\n<p>A cadeia de valor industrial est\u00e1 paralisada em toda a sua extens\u00e3o desde o dia 16 de mar\u00e7o devido \u00e0 grave crise sanit\u00e1ria que se abateu sobre Espanha e a Europa, onde f\u00e1bricas e atividades comerciais tamb\u00e9m pararam. E mesmo que as f\u00e1bricas espanholas comecem gradualmente a laborar a partir de abril, demorar\u00e3o meses at\u00e9 regressar aos n\u00edveis de produ\u00e7\u00e3o necess\u00e1rios.<\/p>\n<p>Esta situa\u00e7\u00e3o teve um impacto significativo no emprego. Estima-se que, pelo menos, 350 mil funcion\u00e1rios do setor (incluindo fabricantes, componentes e distribui\u00e7\u00e3o) tenham recorrido \u00e0 suspens\u00e3o tempor\u00e1ria para aliviar o impacto negativo da interrup\u00e7\u00e3o da atividade.<\/p>\n<p>E essa recupera\u00e7\u00e3o tamb\u00e9m ser\u00e1 gradual e estar\u00e1 fortemente condicionada pela cria\u00e7\u00e3o de medidas de revitaliza\u00e7\u00e3o da economia. No entanto, esta reativa\u00e7\u00e3o requer apoios fortes e \u00e1geis, focados na dinamiza\u00e7\u00e3o do mercado e da produ\u00e7\u00e3o, que permitam ao setor recuperar o efeito impulsionador que t\u00eam na economia.<\/p>\n<p>Perante tudo isto, as 16 associa\u00e7\u00f5es do setor autom\u00f3vel em Espanha que assinaram a peti\u00e7\u00e3o representam, em conjunto, 10% do PIB e 9% do emprego. \u00c9 dos setores industriais com maior peso espec\u00edfico, investimento e emprego no pa\u00eds, al\u00e9m de ser fundamental nas exporta\u00e7\u00f5es e no equil\u00edbrio da balan\u00e7a comercial. Finalmente, \u00e9 um setor considerado fundamental para a recupera\u00e7\u00e3o econ\u00f3mica, devido ao seu grande efeito impulsionador sobre muitas outras atividades industriais e de transporte.<\/p>\n","protected":false},"excerpt":{"rendered":"<p>O setor autom\u00f3vel em Espanha mostra-se&#8230;<\/p>\n","protected":false},"author":15,"featured_media":12149,"comment_status":"closed","ping_status":"closed","sticky":false,"template":"","format":"standard","meta":{"footnotes":""},"categories":[37],"tags":[1790,1789],"class_list":["post-12148","post","type-post","status-publish","format-standard","has-post-thumbnail","hentry","category-mercado","tag-coronavirus","tag-covid-19"],"yoast_head":"<!-- This site is optimized with the Yoast SEO plugin v27.4 - https:\/\/yoast.com\/product\/yoast-seo-wordpress\/ -->\n<title>Setor autom\u00f3vel em Espanha pede medidas urgentes ao Governo - Jornal das Oficinas<\/title>\n<meta name=\"robots\" content=\"index, follow, max-snippet:-1, max-image-preview:large, max-video-preview:-1\" \/>\n<link rel=\"canonical\" href=\"https:\/\/jornaldasoficinas.com\/pt\/setor-automovel-em-espanha-pede-medidas-urgentes-ao-governo\/\" \/>\n<meta property=\"og:locale\" content=\"pt_PT\" \/>\n<meta property=\"og:type\" content=\"article\" \/>\n<meta property=\"og:title\" content=\"Setor autom\u00f3vel em Espanha pede medidas urgentes ao Governo - Jornal das Oficinas\" \/>\n<meta property=\"og:description\" content=\"O setor autom\u00f3vel em Espanha mostra-se...\" \/>\n<meta property=\"og:url\" content=\"https:\/\/jornaldasoficinas.com\/pt\/setor-automovel-em-espanha-pede-medidas-urgentes-ao-governo\/\" \/>\n<meta property=\"og:site_name\" content=\"Jornal das Oficinas\" \/>\n<meta property=\"article:publisher\" content=\"https:\/\/www.facebook.com\/jornaloficinas\" \/>\n<meta property=\"article:published_time\" content=\"2020-04-09T03:34:45+00:00\" \/>\n<meta property=\"og:image\" content=\"https:\/\/jornaldasoficinas.com\/pt\/wp-content\/uploads\/2020\/04\/setorautomovelespanha.png\" \/>\n\t<meta property=\"og:image:width\" content=\"1024\" \/>\n\t<meta property=\"og:image:height\" content=\"581\" \/>\n\t<meta property=\"og:image:type\" content=\"image\/png\" \/>\n<meta name=\"author\" content=\"Reda\u00e7\u00e3o JO\" \/>\n<meta name=\"twitter:card\" content=\"summary_large_image\" \/>\n<meta name=\"twitter:creator\" content=\"@jornaloficinas\" \/>\n<meta name=\"twitter:site\" content=\"@jornaloficinas\" \/>\n<meta name=\"twitter:label1\" content=\"Escrito por\" \/>\n\t<meta name=\"twitter:data1\" content=\"Reda\u00e7\u00e3o JO\" \/>\n\t<meta name=\"twitter:label2\" content=\"Tempo estimado de leitura\" \/>\n\t<meta name=\"twitter:data2\" content=\"3 minutos\" \/>\n<script type=\"application\/ld+json\" class=\"yoast-schema-graph\">{\"@context\":\"https:\\\/\\\/schema.org\",\"@graph\":[{\"@type\":\"Article\",\"@id\":\"https:\\\/\\\/jornaldasoficinas.com\\\/pt\\\/setor-automovel-em-espanha-pede-medidas-urgentes-ao-governo\\\/#article\",\"isPartOf\":{\"@id\":\"https:\\\/\\\/jornaldasoficinas.com\\\/pt\\\/setor-automovel-em-espanha-pede-medidas-urgentes-ao-governo\\\/\"},\"author\":{\"name\":\"Reda\u00e7\u00e3o JO\",\"@id\":\"https:\\\/\\\/jornaldasoficinas.com\\\/pt\\\/#\\\/schema\\\/person\\\/a38eef5de2c41d9e7c9ac10141afddf3\"},\"headline\":\"Setor autom\u00f3vel em Espanha pede medidas urgentes ao Governo\",\"datePublished\":\"2020-04-09T03:34:45+00:00\",\"mainEntityOfPage\":{\"@id\":\"https:\\\/\\\/jornaldasoficinas.com\\\/pt\\\/setor-automovel-em-espanha-pede-medidas-urgentes-ao-governo\\\/\"},\"wordCount\":640,\"publisher\":{\"@id\":\"https:\\\/\\\/jornaldasoficinas.com\\\/pt\\\/#organization\"},\"image\":{\"@id\":\"https:\\\/\\\/jornaldasoficinas.com\\\/pt\\\/setor-automovel-em-espanha-pede-medidas-urgentes-ao-governo\\\/#primaryimage\"},\"thumbnailUrl\":\"https:\\\/\\\/jornaldasoficinas.com\\\/pt\\\/wp-content\\\/uploads\\\/2020\\\/04\\\/setorautomovelespanha.png\",\"keywords\":[\"Coronav\u00edrus\",\"COVID-19\"],\"articleSection\":[\"Mercado\"],\"inLanguage\":\"pt-PT\"},{\"@type\":\"WebPage\",\"@id\":\"https:\\\/\\\/jornaldasoficinas.com\\\/pt\\\/setor-automovel-em-espanha-pede-medidas-urgentes-ao-governo\\\/\",\"url\":\"https:\\\/\\\/jornaldasoficinas.com\\\/pt\\\/setor-automovel-em-espanha-pede-medidas-urgentes-ao-governo\\\/\",\"name\":\"Setor autom\u00f3vel em Espanha pede medidas urgentes ao Governo - Jornal das Oficinas\",\"isPartOf\":{\"@id\":\"https:\\\/\\\/jornaldasoficinas.com\\\/pt\\\/#website\"},\"primaryImageOfPage\":{\"@id\":\"https:\\\/\\\/jornaldasoficinas.com\\\/pt\\\/setor-automovel-em-espanha-pede-medidas-urgentes-ao-governo\\\/#primaryimage\"},\"image\":{\"@id\":\"https:\\\/\\\/jornaldasoficinas.com\\\/pt\\\/setor-automovel-em-espanha-pede-medidas-urgentes-ao-governo\\\/#primaryimage\"},\"thumbnailUrl\":\"https:\\\/\\\/jornaldasoficinas.com\\\/pt\\\/wp-content\\\/uploads\\\/2020\\\/04\\\/setorautomovelespanha.png\",\"datePublished\":\"2020-04-09T03:34:45+00:00\",\"breadcrumb\":{\"@id\":\"https:\\\/\\\/jornaldasoficinas.com\\\/pt\\\/setor-automovel-em-espanha-pede-medidas-urgentes-ao-governo\\\/#breadcrumb\"},\"inLanguage\":\"pt-PT\",\"potentialAction\":[{\"@type\":\"ReadAction\",\"target\":[\"https:\\\/\\\/jornaldasoficinas.com\\\/pt\\\/setor-automovel-em-espanha-pede-medidas-urgentes-ao-governo\\\/\"]}]},{\"@type\":\"ImageObject\",\"inLanguage\":\"pt-PT\",\"@id\":\"https:\\\/\\\/jornaldasoficinas.com\\\/pt\\\/setor-automovel-em-espanha-pede-medidas-urgentes-ao-governo\\\/#primaryimage\",\"url\":\"https:\\\/\\\/jornaldasoficinas.com\\\/pt\\\/wp-content\\\/uploads\\\/2020\\\/04\\\/setorautomovelespanha.png\",\"contentUrl\":\"https:\\\/\\\/jornaldasoficinas.com\\\/pt\\\/wp-content\\\/uploads\\\/2020\\\/04\\\/setorautomovelespanha.png\",\"width\":1024,\"height\":581,\"caption\":\"04 - setorautomovelespanha\"},{\"@type\":\"BreadcrumbList\",\"@id\":\"https:\\\/\\\/jornaldasoficinas.com\\\/pt\\\/setor-automovel-em-espanha-pede-medidas-urgentes-ao-governo\\\/#breadcrumb\",\"itemListElement\":[{\"@type\":\"ListItem\",\"position\":1,\"name\":\"In\u00edcio\",\"item\":\"https:\\\/\\\/jornaldasoficinas.com\\\/pt\\\/\"},{\"@type\":\"ListItem\",\"position\":2,\"name\":\"Setor autom\u00f3vel em Espanha pede medidas urgentes ao Governo\"}]},{\"@type\":\"WebSite\",\"@id\":\"https:\\\/\\\/jornaldasoficinas.com\\\/pt\\\/#website\",\"url\":\"https:\\\/\\\/jornaldasoficinas.com\\\/pt\\\/\",\"name\":\"Jornal das Oficinas\",\"description\":\"Jornal independente do Aftermarket Autom\u00f3vel em Portugal\",\"publisher\":{\"@id\":\"https:\\\/\\\/jornaldasoficinas.com\\\/pt\\\/#organization\"},\"potentialAction\":[{\"@type\":\"SearchAction\",\"target\":{\"@type\":\"EntryPoint\",\"urlTemplate\":\"https:\\\/\\\/jornaldasoficinas.com\\\/pt\\\/?s={search_term_string}\"},\"query-input\":{\"@type\":\"PropertyValueSpecification\",\"valueRequired\":true,\"valueName\":\"search_term_string\"}}],\"inLanguage\":\"pt-PT\"},{\"@type\":\"Organization\",\"@id\":\"https:\\\/\\\/jornaldasoficinas.com\\\/pt\\\/#organization\",\"name\":\"Jornal das Oficinas\",\"url\":\"https:\\\/\\\/jornaldasoficinas.com\\\/pt\\\/\",\"logo\":{\"@type\":\"ImageObject\",\"inLanguage\":\"pt-PT\",\"@id\":\"https:\\\/\\\/jornaldasoficinas.com\\\/pt\\\/#\\\/schema\\\/logo\\\/image\\\/\",\"url\":\"https:\\\/\\\/jornaldasoficinas.com\\\/pt\\\/wp-content\\\/uploads\\\/logoJO-SEO.png\",\"contentUrl\":\"https:\\\/\\\/jornaldasoficinas.com\\\/pt\\\/wp-content\\\/uploads\\\/logoJO-SEO.png\",\"width\":285,\"height\":450,\"caption\":\"Jornal das Oficinas\"},\"image\":{\"@id\":\"https:\\\/\\\/jornaldasoficinas.com\\\/pt\\\/#\\\/schema\\\/logo\\\/image\\\/\"},\"sameAs\":[\"https:\\\/\\\/www.facebook.com\\\/jornaloficinas\",\"https:\\\/\\\/x.com\\\/jornaloficinas\",\"https:\\\/\\\/www.instagram.com\\\/jornal_oficinas\\\/\",\"https:\\\/\\\/www.linkedin.com\\\/company\\\/jornal-das-oficinas\\\/\",\"https:\\\/\\\/www.youtube.com\\\/channel\\\/UCbQZBqtcvV-oSQrr7RzINGg\"]},{\"@type\":\"Person\",\"@id\":\"https:\\\/\\\/jornaldasoficinas.com\\\/pt\\\/#\\\/schema\\\/person\\\/a38eef5de2c41d9e7c9ac10141afddf3\",\"name\":\"Reda\u00e7\u00e3o JO\",\"image\":{\"@type\":\"ImageObject\",\"inLanguage\":\"pt-PT\",\"@id\":\"https:\\\/\\\/secure.gravatar.com\\\/avatar\\\/71f2fa71737ad68a84fea94bc708ddac8ea5b0c4788dc2ad202f3ccb2887742f?s=96&d=wp_user_avatar&r=g\",\"url\":\"https:\\\/\\\/secure.gravatar.com\\\/avatar\\\/71f2fa71737ad68a84fea94bc708ddac8ea5b0c4788dc2ad202f3ccb2887742f?s=96&d=wp_user_avatar&r=g\",\"contentUrl\":\"https:\\\/\\\/secure.gravatar.com\\\/avatar\\\/71f2fa71737ad68a84fea94bc708ddac8ea5b0c4788dc2ad202f3ccb2887742f?s=96&d=wp_user_avatar&r=g\",\"caption\":\"Reda\u00e7\u00e3o JO\"},\"url\":\"https:\\\/\\\/jornaldasoficinas.com\\\/pt\\\/author\\\/joredacao\\\/\"}]}<\/script>\n<!-- \/ Yoast SEO plugin. -->","yoast_head_json":{"title":"Setor autom\u00f3vel em Espanha pede medidas urgentes ao Governo - Jornal das Oficinas","robots":{"index":"index","follow":"follow","max-snippet":"max-snippet:-1","max-image-preview":"max-image-preview:large","max-video-preview":"max-video-preview:-1"},"canonical":"https:\/\/jornaldasoficinas.com\/pt\/setor-automovel-em-espanha-pede-medidas-urgentes-ao-governo\/","og_locale":"pt_PT","og_type":"article","og_title":"Setor autom\u00f3vel em Espanha pede medidas urgentes ao Governo - Jornal das Oficinas","og_description":"O setor autom\u00f3vel em Espanha mostra-se...","og_url":"https:\/\/jornaldasoficinas.com\/pt\/setor-automovel-em-espanha-pede-medidas-urgentes-ao-governo\/","og_site_name":"Jornal das Oficinas","article_publisher":"https:\/\/www.facebook.com\/jornaloficinas","article_published_time":"2020-04-09T03:34:45+00:00","og_image":[{"width":1024,"height":581,"url":"https:\/\/jornaldasoficinas.com\/pt\/wp-content\/uploads\/2020\/04\/setorautomovelespanha.png","type":"image\/png"}],"author":"Reda\u00e7\u00e3o JO","twitter_card":"summary_large_image","twitter_creator":"@jornaloficinas","twitter_site":"@jornaloficinas","twitter_misc":{"Escrito por":"Reda\u00e7\u00e3o JO","Tempo estimado de leitura":"3 minutos"},"schema":{"@context":"https:\/\/schema.org","@graph":[{"@type":"Article","@id":"https:\/\/jornaldasoficinas.com\/pt\/setor-automovel-em-espanha-pede-medidas-urgentes-ao-governo\/#article","isPartOf":{"@id":"https:\/\/jornaldasoficinas.com\/pt\/setor-automovel-em-espanha-pede-medidas-urgentes-ao-governo\/"},"author":{"name":"Reda\u00e7\u00e3o JO","@id":"https:\/\/jornaldasoficinas.com\/pt\/#\/schema\/person\/a38eef5de2c41d9e7c9ac10141afddf3"},"headline":"Setor autom\u00f3vel em Espanha pede medidas urgentes ao Governo","datePublished":"2020-04-09T03:34:45+00:00","mainEntityOfPage":{"@id":"https:\/\/jornaldasoficinas.com\/pt\/setor-automovel-em-espanha-pede-medidas-urgentes-ao-governo\/"},"wordCount":640,"publisher":{"@id":"https:\/\/jornaldasoficinas.com\/pt\/#organization"},"image":{"@id":"https:\/\/jornaldasoficinas.com\/pt\/setor-automovel-em-espanha-pede-medidas-urgentes-ao-governo\/#primaryimage"},"thumbnailUrl":"https:\/\/jornaldasoficinas.com\/pt\/wp-content\/uploads\/2020\/04\/setorautomovelespanha.png","keywords":["Coronav\u00edrus","COVID-19"],"articleSection":["Mercado"],"inLanguage":"pt-PT"},{"@type":"WebPage","@id":"https:\/\/jornaldasoficinas.com\/pt\/setor-automovel-em-espanha-pede-medidas-urgentes-ao-governo\/","url":"https:\/\/jornaldasoficinas.com\/pt\/setor-automovel-em-espanha-pede-medidas-urgentes-ao-governo\/","name":"Setor autom\u00f3vel em Espanha pede medidas urgentes ao Governo - Jornal das Oficinas","isPartOf":{"@id":"https:\/\/jornaldasoficinas.com\/pt\/#website"},"primaryImageOfPage":{"@id":"https:\/\/jornaldasoficinas.com\/pt\/setor-automovel-em-espanha-pede-medidas-urgentes-ao-governo\/#primaryimage"},"image":{"@id":"https:\/\/jornaldasoficinas.com\/pt\/setor-automovel-em-espanha-pede-medidas-urgentes-ao-governo\/#primaryimage"},"thumbnailUrl":"https:\/\/jornaldasoficinas.com\/pt\/wp-content\/uploads\/2020\/04\/setorautomovelespanha.png","datePublished":"2020-04-09T03:34:45+00:00","breadcrumb":{"@id":"https:\/\/jornaldasoficinas.com\/pt\/setor-automovel-em-espanha-pede-medidas-urgentes-ao-governo\/#breadcrumb"},"inLanguage":"pt-PT","potentialAction":[{"@type":"ReadAction","target":["https:\/\/jornaldasoficinas.com\/pt\/setor-automovel-em-espanha-pede-medidas-urgentes-ao-governo\/"]}]},{"@type":"ImageObject","inLanguage":"pt-PT","@id":"https:\/\/jornaldasoficinas.com\/pt\/setor-automovel-em-espanha-pede-medidas-urgentes-ao-governo\/#primaryimage","url":"https:\/\/jornaldasoficinas.com\/pt\/wp-content\/uploads\/2020\/04\/setorautomovelespanha.png","contentUrl":"https:\/\/jornaldasoficinas.com\/pt\/wp-content\/uploads\/2020\/04\/setorautomovelespanha.png","width":1024,"height":581,"caption":"04 - setorautomovelespanha"},{"@type":"BreadcrumbList","@id":"https:\/\/jornaldasoficinas.com\/pt\/setor-automovel-em-espanha-pede-medidas-urgentes-ao-governo\/#breadcrumb","itemListElement":[{"@type":"ListItem","position":1,"name":"In\u00edcio","item":"https:\/\/jornaldasoficinas.com\/pt\/"},{"@type":"ListItem","position":2,"name":"Setor autom\u00f3vel em Espanha pede medidas urgentes ao Governo"}]},{"@type":"WebSite","@id":"https:\/\/jornaldasoficinas.com\/pt\/#website","url":"https:\/\/jornaldasoficinas.com\/pt\/","name":"Jornal das Oficinas","description":"Jornal independente do Aftermarket Autom\u00f3vel em Portugal","publisher":{"@id":"https:\/\/jornaldasoficinas.com\/pt\/#organization"},"potentialAction":[{"@type":"SearchAction","target":{"@type":"EntryPoint","urlTemplate":"https:\/\/jornaldasoficinas.com\/pt\/?s={search_term_string}"},"query-input":{"@type":"PropertyValueSpecification","valueRequired":true,"valueName":"search_term_string"}}],"inLanguage":"pt-PT"},{"@type":"Organization","@id":"https:\/\/jornaldasoficinas.com\/pt\/#organization","name":"Jornal das Oficinas","url":"https:\/\/jornaldasoficinas.com\/pt\/","logo":{"@type":"ImageObject","inLanguage":"pt-PT","@id":"https:\/\/jornaldasoficinas.com\/pt\/#\/schema\/logo\/image\/","url":"https:\/\/jornaldasoficinas.com\/pt\/wp-content\/uploads\/logoJO-SEO.png","contentUrl":"https:\/\/jornaldasoficinas.com\/pt\/wp-content\/uploads\/logoJO-SEO.png","width":285,"height":450,"caption":"Jornal das Oficinas"},"image":{"@id":"https:\/\/jornaldasoficinas.com\/pt\/#\/schema\/logo\/image\/"},"sameAs":["https:\/\/www.facebook.com\/jornaloficinas","https:\/\/x.com\/jornaloficinas","https:\/\/www.instagram.com\/jornal_oficinas\/","https:\/\/www.linkedin.com\/company\/jornal-das-oficinas\/","https:\/\/www.youtube.com\/channel\/UCbQZBqtcvV-oSQrr7RzINGg"]},{"@type":"Person","@id":"https:\/\/jornaldasoficinas.com\/pt\/#\/schema\/person\/a38eef5de2c41d9e7c9ac10141afddf3","name":"Reda\u00e7\u00e3o JO","image":{"@type":"ImageObject","inLanguage":"pt-PT","@id":"https:\/\/secure.gravatar.com\/avatar\/71f2fa71737ad68a84fea94bc708ddac8ea5b0c4788dc2ad202f3ccb2887742f?s=96&d=wp_user_avatar&r=g","url":"https:\/\/secure.gravatar.com\/avatar\/71f2fa71737ad68a84fea94bc708ddac8ea5b0c4788dc2ad202f3ccb2887742f?s=96&d=wp_user_avatar&r=g","contentUrl":"https:\/\/secure.gravatar.com\/avatar\/71f2fa71737ad68a84fea94bc708ddac8ea5b0c4788dc2ad202f3ccb2887742f?s=96&d=wp_user_avatar&r=g","caption":"Reda\u00e7\u00e3o JO"},"url":"https:\/\/jornaldasoficinas.com\/pt\/author\/joredacao\/"}]}},"_links":{"self":[{"href":"https:\/\/jornaldasoficinas.com\/pt\/wp-json\/wp\/v2\/posts\/12148","targetHints":{"allow":["GET"]}}],"collection":[{"href":"https:\/\/jornaldasoficinas.com\/pt\/wp-json\/wp\/v2\/posts"}],"about":[{"href":"https:\/\/jornaldasoficinas.com\/pt\/wp-json\/wp\/v2\/types\/post"}],"author":[{"embeddable":true,"href":"https:\/\/jornaldasoficinas.com\/pt\/wp-json\/wp\/v2\/users\/15"}],"replies":[{"embeddable":true,"href":"https:\/\/jornaldasoficinas.com\/pt\/wp-json\/wp\/v2\/comments?post=12148"}],"version-history":[{"count":0,"href":"https:\/\/jornaldasoficinas.com\/pt\/wp-json\/wp\/v2\/posts\/12148\/revisions"}],"wp:featuredmedia":[{"embeddable":true,"href":"https:\/\/jornaldasoficinas.com\/pt\/wp-json\/wp\/v2\/media\/12149"}],"wp:attachment":[{"href":"https:\/\/jornaldasoficinas.com\/pt\/wp-json\/wp\/v2\/media?parent=12148"}],"wp:term":[{"taxonomy":"category","embeddable":true,"href":"https:\/\/jornaldasoficinas.com\/pt\/wp-json\/wp\/v2\/categories?post=12148"},{"taxonomy":"post_tag","embeddable":true,"href":"https:\/\/jornaldasoficinas.com\/pt\/wp-json\/wp\/v2\/tags?post=12148"}],"curies":[{"name":"wp","href":"https:\/\/api.w.org\/{rel}","templated":true}]}}