{"id":12154,"date":"2020-04-09T13:15:05","date_gmt":"2020-04-09T12:15:05","guid":{"rendered":"https:\/\/jornaldasoficinas.com\/pt\/?p=12154"},"modified":"2023-07-20T16:06:27","modified_gmt":"2023-07-20T15:06:27","slug":"guerin-lanc%cc%a7a-campanha-com-25-de-desconto-e-entrega-a-porta-incluida","status":"publish","type":"post","link":"https:\/\/jornaldasoficinas.com\/pt\/guerin-lanc%cc%a7a-campanha-com-25-de-desconto-e-entrega-a-porta-incluida\/","title":{"rendered":"Guerin lanc\u0327a campanha com 25% de desconto e entrega a\u0300 porta inclui\u0301da"},"content":{"rendered":"<p><img loading=\"lazy\" decoding=\"async\" class=\"alignnone wp-image-12155 size-full\" src=\"https:\/\/jornaldasoficinas.com\/pt\/wp-content\/uploads\/2020\/04\/guerincampanha.png\" alt=\"04 - guerincampanha\" width=\"1024\" height=\"581\" srcset=\"https:\/\/jornaldasoficinas.com\/pt\/wp-content\/uploads\/2020\/04\/guerincampanha.png 1024w, https:\/\/jornaldasoficinas.com\/pt\/wp-content\/uploads\/2020\/04\/guerincampanha-300x170.png 300w, https:\/\/jornaldasoficinas.com\/pt\/wp-content\/uploads\/2020\/04\/guerincampanha-150x85.png 150w, https:\/\/jornaldasoficinas.com\/pt\/wp-content\/uploads\/2020\/04\/guerincampanha-768x436.png 768w\" sizes=\"auto, (max-width: 1024px) 100vw, 1024px\" \/><\/p>\n<p><strong>A Guerin, empresa de aluguer de viaturas do Grupo Salvador Caetano, adapta-se a\u0300 situac\u0327a\u0303o ati\u0301pica que o pa\u00eds est\u00e1 a viver devido a\u0300 pandemia de Covid-19 atrave\u0301s do lanc\u0327amento de uma campanha especial de 25% de desconto e possibilidade de entrega da viatura na morada a indicar pelo cliente, substituindo a recolha na estac\u0327a\u0303o selecionada.<\/strong><\/p>\n<p>Com este servic\u0327o, a Guerin pretende responder, ativamente, a\u0300s necessidades dos clientes e minimizar o contacto social e a circulac\u0327a\u0303o de pessoas, evitando deslocac\u0327o\u0303es desnecessa\u0301rias a\u0300s estac\u0327o\u0303es.<\/p>\n<p>Este servic\u0327o consiste na entrega da viatura alugada na morada a indicar pelo cliente ate\u0301 um raio de 15 km da estac\u0327a\u0303o mais pro\u0301xima, permitindo que os clientes consigam alugar um vei\u0301culo sem necessitarem de sair de casa.<\/p>\n<p>O servic\u0327o, que inclui a entrega e a posterior recolha da viatura no final do peri\u0301odo contratado, tem um custo de \u20ac30, que acresce ao valor do aluguer. A campanha e\u0301 va\u0301lida para alugueres com data de recolha ate\u0301 31 de maio de 2020 e pode ser acumulada com a campanha de desconto de 25% sobre todos os alugueres, que se encontra igualmente em vigor.<\/p>\n<p>Os colaboradores da <a href=\"https:\/\/www.guerin.pt\/pt\/\" target=\"_blank\" rel=\"noopener noreferrer\">Guerin<\/a> esta\u0303o a cumprir, escrupulosamente, as normas recomendadas pela DGS (Dire\u00e7\u00e3o-Geral de Sa\u00fade), respeitando o distanciamento social, o uso de ma\u0301scaras e luvas, a limitac\u0327a\u0303o do nu\u0301mero de pessoas presentes em cada estac\u0327a\u0303o e a pro\u0301pria desinfec\u0327a\u0303o profunda das viaturas, de forma a assegurar a total seguranc\u0327a dos clientes.<\/p>\n<p>Mais informa\u00e7\u00f5es sobre a campanha, podem ser conhecidas <a href=\"https:\/\/www.guerin.pt\/pt\/campanhas\/campanha-entrega-recolha\/\" target=\"_blank\" rel=\"noopener noreferrer\">aqui<\/a>.<\/p>\n","protected":false},"excerpt":{"rendered":"<p>A Guerin, empresa de aluguer de&#8230;<\/p>\n","protected":false},"author":15,"featured_media":12155,"comment_status":"closed","ping_status":"closed","sticky":false,"template":"","format":"standard","meta":{"footnotes":""},"categories":[29],"tags":[1844,1173,1992],"class_list":["post-12154","post","type-post","status-publish","format-standard","has-post-thumbnail","hentry","category-empresas","tag-aluguer-de-viaturas","tag-grupo-salvador-caetano","tag-guerin"],"yoast_head":"<!-- This site is optimized with the Yoast SEO plugin v27.5 - https:\/\/yoast.com\/product\/yoast-seo-wordpress\/ -->\n<title>Guerin lanc\u0327a campanha com 25% de desconto e entrega a\u0300 porta inclui\u0301da - Jornal das Oficinas<\/title>\n<meta name=\"robots\" content=\"index, follow, max-snippet:-1, max-image-preview:large, max-video-preview:-1\" \/>\n<link rel=\"canonical\" href=\"https:\/\/jornaldasoficinas.com\/pt\/guerin-lanc\u0327a-campanha-com-25-de-desconto-e-entrega-a-porta-incluida\/\" \/>\n<meta property=\"og:locale\" content=\"pt_PT\" \/>\n<meta property=\"og:type\" content=\"article\" \/>\n<meta property=\"og:title\" content=\"Guerin lanc\u0327a campanha com 25% de desconto e entrega a\u0300 porta inclui\u0301da - Jornal das Oficinas\" \/>\n<meta property=\"og:description\" content=\"A Guerin, empresa de aluguer de...\" \/>\n<meta property=\"og:url\" content=\"https:\/\/jornaldasoficinas.com\/pt\/guerin-lanc\u0327a-campanha-com-25-de-desconto-e-entrega-a-porta-incluida\/\" \/>\n<meta property=\"og:site_name\" content=\"Jornal das Oficinas\" \/>\n<meta property=\"article:publisher\" content=\"https:\/\/www.facebook.com\/jornaloficinas\" \/>\n<meta property=\"article:published_time\" content=\"2020-04-09T12:15:05+00:00\" \/>\n<meta property=\"article:modified_time\" content=\"2023-07-20T15:06:27+00:00\" \/>\n<meta property=\"og:image\" content=\"https:\/\/jornaldasoficinas.com\/pt\/wp-content\/uploads\/2020\/04\/guerincampanha.png\" \/>\n\t<meta property=\"og:image:width\" content=\"1024\" \/>\n\t<meta property=\"og:image:height\" content=\"581\" \/>\n\t<meta property=\"og:image:type\" content=\"image\/png\" \/>\n<meta name=\"author\" content=\"Reda\u00e7\u00e3o JO\" \/>\n<meta name=\"twitter:card\" content=\"summary_large_image\" \/>\n<meta name=\"twitter:creator\" content=\"@jornaloficinas\" \/>\n<meta name=\"twitter:site\" content=\"@jornaloficinas\" \/>\n<meta name=\"twitter:label1\" content=\"Escrito por\" \/>\n\t<meta name=\"twitter:data1\" content=\"Reda\u00e7\u00e3o JO\" \/>\n\t<meta name=\"twitter:label2\" content=\"Tempo estimado de leitura\" \/>\n\t<meta name=\"twitter:data2\" content=\"1 minuto\" \/>\n<script type=\"application\/ld+json\" class=\"yoast-schema-graph\">{\"@context\":\"https:\\\/\\\/schema.org\",\"@graph\":[{\"@type\":\"Article\",\"@id\":\"https:\\\/\\\/jornaldasoficinas.com\\\/pt\\\/guerin-lanc%cc%a7a-campanha-com-25-de-desconto-e-entrega-a-porta-incluida\\\/#article\",\"isPartOf\":{\"@id\":\"https:\\\/\\\/jornaldasoficinas.com\\\/pt\\\/guerin-lanc%cc%a7a-campanha-com-25-de-desconto-e-entrega-a-porta-incluida\\\/\"},\"author\":{\"name\":\"Reda\u00e7\u00e3o JO\",\"@id\":\"https:\\\/\\\/jornaldasoficinas.com\\\/pt\\\/#\\\/schema\\\/person\\\/a38eef5de2c41d9e7c9ac10141afddf3\"},\"headline\":\"Guerin lanc\u0327a campanha com 25% de desconto e entrega a\u0300 porta inclui\u0301da\",\"datePublished\":\"2020-04-09T12:15:05+00:00\",\"dateModified\":\"2023-07-20T15:06:27+00:00\",\"mainEntityOfPage\":{\"@id\":\"https:\\\/\\\/jornaldasoficinas.com\\\/pt\\\/guerin-lanc%cc%a7a-campanha-com-25-de-desconto-e-entrega-a-porta-incluida\\\/\"},\"wordCount\":293,\"publisher\":{\"@id\":\"https:\\\/\\\/jornaldasoficinas.com\\\/pt\\\/#organization\"},\"image\":{\"@id\":\"https:\\\/\\\/jornaldasoficinas.com\\\/pt\\\/guerin-lanc%cc%a7a-campanha-com-25-de-desconto-e-entrega-a-porta-incluida\\\/#primaryimage\"},\"thumbnailUrl\":\"https:\\\/\\\/jornaldasoficinas.com\\\/pt\\\/wp-content\\\/uploads\\\/2020\\\/04\\\/guerincampanha.png\",\"keywords\":[\"Aluguer de viaturas\",\"Grupo Salvador Caetano\",\"Guerin\"],\"articleSection\":[\"Empresas\"],\"inLanguage\":\"pt-PT\"},{\"@type\":\"WebPage\",\"@id\":\"https:\\\/\\\/jornaldasoficinas.com\\\/pt\\\/guerin-lanc%cc%a7a-campanha-com-25-de-desconto-e-entrega-a-porta-incluida\\\/\",\"url\":\"https:\\\/\\\/jornaldasoficinas.com\\\/pt\\\/guerin-lanc%cc%a7a-campanha-com-25-de-desconto-e-entrega-a-porta-incluida\\\/\",\"name\":\"Guerin lanc\u0327a campanha com 25% de desconto e entrega a\u0300 porta inclui\u0301da - Jornal das Oficinas\",\"isPartOf\":{\"@id\":\"https:\\\/\\\/jornaldasoficinas.com\\\/pt\\\/#website\"},\"primaryImageOfPage\":{\"@id\":\"https:\\\/\\\/jornaldasoficinas.com\\\/pt\\\/guerin-lanc%cc%a7a-campanha-com-25-de-desconto-e-entrega-a-porta-incluida\\\/#primaryimage\"},\"image\":{\"@id\":\"https:\\\/\\\/jornaldasoficinas.com\\\/pt\\\/guerin-lanc%cc%a7a-campanha-com-25-de-desconto-e-entrega-a-porta-incluida\\\/#primaryimage\"},\"thumbnailUrl\":\"https:\\\/\\\/jornaldasoficinas.com\\\/pt\\\/wp-content\\\/uploads\\\/2020\\\/04\\\/guerincampanha.png\",\"datePublished\":\"2020-04-09T12:15:05+00:00\",\"dateModified\":\"2023-07-20T15:06:27+00:00\",\"breadcrumb\":{\"@id\":\"https:\\\/\\\/jornaldasoficinas.com\\\/pt\\\/guerin-lanc%cc%a7a-campanha-com-25-de-desconto-e-entrega-a-porta-incluida\\\/#breadcrumb\"},\"inLanguage\":\"pt-PT\",\"potentialAction\":[{\"@type\":\"ReadAction\",\"target\":[\"https:\\\/\\\/jornaldasoficinas.com\\\/pt\\\/guerin-lanc%cc%a7a-campanha-com-25-de-desconto-e-entrega-a-porta-incluida\\\/\"]}]},{\"@type\":\"ImageObject\",\"inLanguage\":\"pt-PT\",\"@id\":\"https:\\\/\\\/jornaldasoficinas.com\\\/pt\\\/guerin-lanc%cc%a7a-campanha-com-25-de-desconto-e-entrega-a-porta-incluida\\\/#primaryimage\",\"url\":\"https:\\\/\\\/jornaldasoficinas.com\\\/pt\\\/wp-content\\\/uploads\\\/2020\\\/04\\\/guerincampanha.png\",\"contentUrl\":\"https:\\\/\\\/jornaldasoficinas.com\\\/pt\\\/wp-content\\\/uploads\\\/2020\\\/04\\\/guerincampanha.png\",\"width\":1024,\"height\":581,\"caption\":\"04 - guerincampanha\"},{\"@type\":\"BreadcrumbList\",\"@id\":\"https:\\\/\\\/jornaldasoficinas.com\\\/pt\\\/guerin-lanc%cc%a7a-campanha-com-25-de-desconto-e-entrega-a-porta-incluida\\\/#breadcrumb\",\"itemListElement\":[{\"@type\":\"ListItem\",\"position\":1,\"name\":\"In\u00edcio\",\"item\":\"https:\\\/\\\/jornaldasoficinas.com\\\/pt\\\/\"},{\"@type\":\"ListItem\",\"position\":2,\"name\":\"Guerin lanc\u0327a campanha com 25% de desconto e entrega a\u0300 porta inclui\u0301da\"}]},{\"@type\":\"WebSite\",\"@id\":\"https:\\\/\\\/jornaldasoficinas.com\\\/pt\\\/#website\",\"url\":\"https:\\\/\\\/jornaldasoficinas.com\\\/pt\\\/\",\"name\":\"Jornal das Oficinas\",\"description\":\"Jornal independente do Aftermarket Autom\u00f3vel em Portugal\",\"publisher\":{\"@id\":\"https:\\\/\\\/jornaldasoficinas.com\\\/pt\\\/#organization\"},\"potentialAction\":[{\"@type\":\"SearchAction\",\"target\":{\"@type\":\"EntryPoint\",\"urlTemplate\":\"https:\\\/\\\/jornaldasoficinas.com\\\/pt\\\/?s={search_term_string}\"},\"query-input\":{\"@type\":\"PropertyValueSpecification\",\"valueRequired\":true,\"valueName\":\"search_term_string\"}}],\"inLanguage\":\"pt-PT\"},{\"@type\":\"Organization\",\"@id\":\"https:\\\/\\\/jornaldasoficinas.com\\\/pt\\\/#organization\",\"name\":\"Jornal das Oficinas\",\"url\":\"https:\\\/\\\/jornaldasoficinas.com\\\/pt\\\/\",\"logo\":{\"@type\":\"ImageObject\",\"inLanguage\":\"pt-PT\",\"@id\":\"https:\\\/\\\/jornaldasoficinas.com\\\/pt\\\/#\\\/schema\\\/logo\\\/image\\\/\",\"url\":\"https:\\\/\\\/jornaldasoficinas.com\\\/pt\\\/wp-content\\\/uploads\\\/logoJO-SEO.png\",\"contentUrl\":\"https:\\\/\\\/jornaldasoficinas.com\\\/pt\\\/wp-content\\\/uploads\\\/logoJO-SEO.png\",\"width\":285,\"height\":450,\"caption\":\"Jornal das Oficinas\"},\"image\":{\"@id\":\"https:\\\/\\\/jornaldasoficinas.com\\\/pt\\\/#\\\/schema\\\/logo\\\/image\\\/\"},\"sameAs\":[\"https:\\\/\\\/www.facebook.com\\\/jornaloficinas\",\"https:\\\/\\\/x.com\\\/jornaloficinas\",\"https:\\\/\\\/www.instagram.com\\\/jornal_oficinas\\\/\",\"https:\\\/\\\/www.linkedin.com\\\/company\\\/jornal-das-oficinas\\\/\",\"https:\\\/\\\/www.youtube.com\\\/channel\\\/UCbQZBqtcvV-oSQrr7RzINGg\"]},{\"@type\":\"Person\",\"@id\":\"https:\\\/\\\/jornaldasoficinas.com\\\/pt\\\/#\\\/schema\\\/person\\\/a38eef5de2c41d9e7c9ac10141afddf3\",\"name\":\"Reda\u00e7\u00e3o JO\",\"image\":{\"@type\":\"ImageObject\",\"inLanguage\":\"pt-PT\",\"@id\":\"https:\\\/\\\/secure.gravatar.com\\\/avatar\\\/71f2fa71737ad68a84fea94bc708ddac8ea5b0c4788dc2ad202f3ccb2887742f?s=96&d=wp_user_avatar&r=g\",\"url\":\"https:\\\/\\\/secure.gravatar.com\\\/avatar\\\/71f2fa71737ad68a84fea94bc708ddac8ea5b0c4788dc2ad202f3ccb2887742f?s=96&d=wp_user_avatar&r=g\",\"contentUrl\":\"https:\\\/\\\/secure.gravatar.com\\\/avatar\\\/71f2fa71737ad68a84fea94bc708ddac8ea5b0c4788dc2ad202f3ccb2887742f?s=96&d=wp_user_avatar&r=g\",\"caption\":\"Reda\u00e7\u00e3o JO\"},\"url\":\"https:\\\/\\\/jornaldasoficinas.com\\\/pt\\\/author\\\/joredacao\\\/\"}]}<\/script>\n<!-- \/ Yoast SEO plugin. -->","yoast_head_json":{"title":"Guerin lanc\u0327a campanha com 25% de desconto e entrega a\u0300 porta inclui\u0301da - Jornal das Oficinas","robots":{"index":"index","follow":"follow","max-snippet":"max-snippet:-1","max-image-preview":"max-image-preview:large","max-video-preview":"max-video-preview:-1"},"canonical":"https:\/\/jornaldasoficinas.com\/pt\/guerin-lanc\u0327a-campanha-com-25-de-desconto-e-entrega-a-porta-incluida\/","og_locale":"pt_PT","og_type":"article","og_title":"Guerin lanc\u0327a campanha com 25% de desconto e entrega a\u0300 porta inclui\u0301da - Jornal das Oficinas","og_description":"A Guerin, empresa de aluguer de...","og_url":"https:\/\/jornaldasoficinas.com\/pt\/guerin-lanc\u0327a-campanha-com-25-de-desconto-e-entrega-a-porta-incluida\/","og_site_name":"Jornal das Oficinas","article_publisher":"https:\/\/www.facebook.com\/jornaloficinas","article_published_time":"2020-04-09T12:15:05+00:00","article_modified_time":"2023-07-20T15:06:27+00:00","og_image":[{"width":1024,"height":581,"url":"https:\/\/jornaldasoficinas.com\/pt\/wp-content\/uploads\/2020\/04\/guerincampanha.png","type":"image\/png"}],"author":"Reda\u00e7\u00e3o JO","twitter_card":"summary_large_image","twitter_creator":"@jornaloficinas","twitter_site":"@jornaloficinas","twitter_misc":{"Escrito por":"Reda\u00e7\u00e3o JO","Tempo estimado de leitura":"1 minuto"},"schema":{"@context":"https:\/\/schema.org","@graph":[{"@type":"Article","@id":"https:\/\/jornaldasoficinas.com\/pt\/guerin-lanc%cc%a7a-campanha-com-25-de-desconto-e-entrega-a-porta-incluida\/#article","isPartOf":{"@id":"https:\/\/jornaldasoficinas.com\/pt\/guerin-lanc%cc%a7a-campanha-com-25-de-desconto-e-entrega-a-porta-incluida\/"},"author":{"name":"Reda\u00e7\u00e3o JO","@id":"https:\/\/jornaldasoficinas.com\/pt\/#\/schema\/person\/a38eef5de2c41d9e7c9ac10141afddf3"},"headline":"Guerin lanc\u0327a campanha com 25% de desconto e entrega a\u0300 porta inclui\u0301da","datePublished":"2020-04-09T12:15:05+00:00","dateModified":"2023-07-20T15:06:27+00:00","mainEntityOfPage":{"@id":"https:\/\/jornaldasoficinas.com\/pt\/guerin-lanc%cc%a7a-campanha-com-25-de-desconto-e-entrega-a-porta-incluida\/"},"wordCount":293,"publisher":{"@id":"https:\/\/jornaldasoficinas.com\/pt\/#organization"},"image":{"@id":"https:\/\/jornaldasoficinas.com\/pt\/guerin-lanc%cc%a7a-campanha-com-25-de-desconto-e-entrega-a-porta-incluida\/#primaryimage"},"thumbnailUrl":"https:\/\/jornaldasoficinas.com\/pt\/wp-content\/uploads\/2020\/04\/guerincampanha.png","keywords":["Aluguer de viaturas","Grupo Salvador Caetano","Guerin"],"articleSection":["Empresas"],"inLanguage":"pt-PT"},{"@type":"WebPage","@id":"https:\/\/jornaldasoficinas.com\/pt\/guerin-lanc%cc%a7a-campanha-com-25-de-desconto-e-entrega-a-porta-incluida\/","url":"https:\/\/jornaldasoficinas.com\/pt\/guerin-lanc%cc%a7a-campanha-com-25-de-desconto-e-entrega-a-porta-incluida\/","name":"Guerin lanc\u0327a campanha com 25% de desconto e entrega a\u0300 porta inclui\u0301da - Jornal das Oficinas","isPartOf":{"@id":"https:\/\/jornaldasoficinas.com\/pt\/#website"},"primaryImageOfPage":{"@id":"https:\/\/jornaldasoficinas.com\/pt\/guerin-lanc%cc%a7a-campanha-com-25-de-desconto-e-entrega-a-porta-incluida\/#primaryimage"},"image":{"@id":"https:\/\/jornaldasoficinas.com\/pt\/guerin-lanc%cc%a7a-campanha-com-25-de-desconto-e-entrega-a-porta-incluida\/#primaryimage"},"thumbnailUrl":"https:\/\/jornaldasoficinas.com\/pt\/wp-content\/uploads\/2020\/04\/guerincampanha.png","datePublished":"2020-04-09T12:15:05+00:00","dateModified":"2023-07-20T15:06:27+00:00","breadcrumb":{"@id":"https:\/\/jornaldasoficinas.com\/pt\/guerin-lanc%cc%a7a-campanha-com-25-de-desconto-e-entrega-a-porta-incluida\/#breadcrumb"},"inLanguage":"pt-PT","potentialAction":[{"@type":"ReadAction","target":["https:\/\/jornaldasoficinas.com\/pt\/guerin-lanc%cc%a7a-campanha-com-25-de-desconto-e-entrega-a-porta-incluida\/"]}]},{"@type":"ImageObject","inLanguage":"pt-PT","@id":"https:\/\/jornaldasoficinas.com\/pt\/guerin-lanc%cc%a7a-campanha-com-25-de-desconto-e-entrega-a-porta-incluida\/#primaryimage","url":"https:\/\/jornaldasoficinas.com\/pt\/wp-content\/uploads\/2020\/04\/guerincampanha.png","contentUrl":"https:\/\/jornaldasoficinas.com\/pt\/wp-content\/uploads\/2020\/04\/guerincampanha.png","width":1024,"height":581,"caption":"04 - guerincampanha"},{"@type":"BreadcrumbList","@id":"https:\/\/jornaldasoficinas.com\/pt\/guerin-lanc%cc%a7a-campanha-com-25-de-desconto-e-entrega-a-porta-incluida\/#breadcrumb","itemListElement":[{"@type":"ListItem","position":1,"name":"In\u00edcio","item":"https:\/\/jornaldasoficinas.com\/pt\/"},{"@type":"ListItem","position":2,"name":"Guerin lanc\u0327a campanha com 25% de desconto e entrega a\u0300 porta inclui\u0301da"}]},{"@type":"WebSite","@id":"https:\/\/jornaldasoficinas.com\/pt\/#website","url":"https:\/\/jornaldasoficinas.com\/pt\/","name":"Jornal das Oficinas","description":"Jornal independente do Aftermarket Autom\u00f3vel em Portugal","publisher":{"@id":"https:\/\/jornaldasoficinas.com\/pt\/#organization"},"potentialAction":[{"@type":"SearchAction","target":{"@type":"EntryPoint","urlTemplate":"https:\/\/jornaldasoficinas.com\/pt\/?s={search_term_string}"},"query-input":{"@type":"PropertyValueSpecification","valueRequired":true,"valueName":"search_term_string"}}],"inLanguage":"pt-PT"},{"@type":"Organization","@id":"https:\/\/jornaldasoficinas.com\/pt\/#organization","name":"Jornal das Oficinas","url":"https:\/\/jornaldasoficinas.com\/pt\/","logo":{"@type":"ImageObject","inLanguage":"pt-PT","@id":"https:\/\/jornaldasoficinas.com\/pt\/#\/schema\/logo\/image\/","url":"https:\/\/jornaldasoficinas.com\/pt\/wp-content\/uploads\/logoJO-SEO.png","contentUrl":"https:\/\/jornaldasoficinas.com\/pt\/wp-content\/uploads\/logoJO-SEO.png","width":285,"height":450,"caption":"Jornal das Oficinas"},"image":{"@id":"https:\/\/jornaldasoficinas.com\/pt\/#\/schema\/logo\/image\/"},"sameAs":["https:\/\/www.facebook.com\/jornaloficinas","https:\/\/x.com\/jornaloficinas","https:\/\/www.instagram.com\/jornal_oficinas\/","https:\/\/www.linkedin.com\/company\/jornal-das-oficinas\/","https:\/\/www.youtube.com\/channel\/UCbQZBqtcvV-oSQrr7RzINGg"]},{"@type":"Person","@id":"https:\/\/jornaldasoficinas.com\/pt\/#\/schema\/person\/a38eef5de2c41d9e7c9ac10141afddf3","name":"Reda\u00e7\u00e3o JO","image":{"@type":"ImageObject","inLanguage":"pt-PT","@id":"https:\/\/secure.gravatar.com\/avatar\/71f2fa71737ad68a84fea94bc708ddac8ea5b0c4788dc2ad202f3ccb2887742f?s=96&d=wp_user_avatar&r=g","url":"https:\/\/secure.gravatar.com\/avatar\/71f2fa71737ad68a84fea94bc708ddac8ea5b0c4788dc2ad202f3ccb2887742f?s=96&d=wp_user_avatar&r=g","contentUrl":"https:\/\/secure.gravatar.com\/avatar\/71f2fa71737ad68a84fea94bc708ddac8ea5b0c4788dc2ad202f3ccb2887742f?s=96&d=wp_user_avatar&r=g","caption":"Reda\u00e7\u00e3o JO"},"url":"https:\/\/jornaldasoficinas.com\/pt\/author\/joredacao\/"}]}},"_links":{"self":[{"href":"https:\/\/jornaldasoficinas.com\/pt\/wp-json\/wp\/v2\/posts\/12154","targetHints":{"allow":["GET"]}}],"collection":[{"href":"https:\/\/jornaldasoficinas.com\/pt\/wp-json\/wp\/v2\/posts"}],"about":[{"href":"https:\/\/jornaldasoficinas.com\/pt\/wp-json\/wp\/v2\/types\/post"}],"author":[{"embeddable":true,"href":"https:\/\/jornaldasoficinas.com\/pt\/wp-json\/wp\/v2\/users\/15"}],"replies":[{"embeddable":true,"href":"https:\/\/jornaldasoficinas.com\/pt\/wp-json\/wp\/v2\/comments?post=12154"}],"version-history":[{"count":0,"href":"https:\/\/jornaldasoficinas.com\/pt\/wp-json\/wp\/v2\/posts\/12154\/revisions"}],"wp:featuredmedia":[{"embeddable":true,"href":"https:\/\/jornaldasoficinas.com\/pt\/wp-json\/wp\/v2\/media\/12155"}],"wp:attachment":[{"href":"https:\/\/jornaldasoficinas.com\/pt\/wp-json\/wp\/v2\/media?parent=12154"}],"wp:term":[{"taxonomy":"category","embeddable":true,"href":"https:\/\/jornaldasoficinas.com\/pt\/wp-json\/wp\/v2\/categories?post=12154"},{"taxonomy":"post_tag","embeddable":true,"href":"https:\/\/jornaldasoficinas.com\/pt\/wp-json\/wp\/v2\/tags?post=12154"}],"curies":[{"name":"wp","href":"https:\/\/api.w.org\/{rel}","templated":true}]}}